{"id":101517,"date":"2022-02-26T17:50:06","date_gmt":"2022-02-26T16:50:06","guid":{"rendered":"https:\/\/mv-sport.de\/?p=101517"},"modified":"2022-03-02T10:14:09","modified_gmt":"2022-03-02T09:14:09","slug":"42-winterlauf-in-waren-war-start-in-die-laufsaison","status":"publish","type":"post","link":"https:\/\/mv-sport.de\/c\/42-winterlauf-in-waren-war-start-in-die-laufsaison\/","title":{"rendered":"42.Winterlauf in Waren war Start in die Laufsaison"},"content":{"rendered":"<p>Bei hervorragenden fast schon fr\u00fchlingshaften Bedingungen und sehr guter Stimmung starteten circa 170 Ausdauersportler, am letzten Samstag im Februar, in die Wettkampfsaison durch den wundersch\u00f6nen M\u00fcritz-Nationalpark. Der Sportclub Laage hatte 40 L\u00e4uferinnen und L\u00e4ufer an den Start gebracht und alle \u00fcberzeugten mit ansprechenden Leistungen. \u00a0Neben den angebotenen Pendelstrecken \u00fcber 5 km, 10 und 15 km, dem Halbmarathon und der 25 Kilometer Distanz durften sich die J\u00fcngsten \u00fcber 500 Meter und 1500 Meter pr\u00e4sentieren. Alle Distanzen wurden auf einem asphaltierten Waldweg, auf sehr gut vermessenen Strecken, ausgetragen. Trotzdem verlangte der Kurs von den Ausdauersportlern alles ab. Gerade der erste Abschnitt in der Specker Stra\u00dfe wurde von vielen sehr z\u00fcgig angelaufen, so dass sich das Feld der Aktiven sehr schnell weit auseinanderzog. Aber f\u00fcr die weniger Ambitionierten hatte die Strecke auch einiges zu bieten. Denn nach gut zwei Kilometern konnte man einen Blick auf den Feisnecksee erhaschen.<\/p>\n<figure id=\"attachment_101518\" aria-describedby=\"caption-attachment-101518\" style=\"width: 1024px\" class=\"wp-caption alignnone\"><img loading=\"lazy\" decoding=\"async\" class=\"wp-image-101518 size-large\" src=\"https:\/\/mv-sport.de\/wp-content\/uploads\/2022\/02\/waren-winterlf.-22-2-1024x768.jpg\" alt=\"\" width=\"1024\" height=\"768\" \/><figcaption id=\"caption-attachment-101518\" class=\"wp-caption-text\">Das Foto zeigt die Abordnung des SC Laage.<span style=\"color: #999999;\"> Foto: Christine Boldt<\/span><\/figcaption><\/figure>\n<p>Schlie\u00dflich hatten alle die M\u00f6glichkeit, sich auszupowern, und so die Marschrute f\u00fcr die kommenden Wochen zu bestimmen. Aus sportlicher Sicht konnte wieder einmal Kathleen Maag einen Achtungserfolg f\u00fcr sich und ihren Verein erringen. Als Gesamtsiegerin des Halbmarathons erreichte die 42-j\u00e4hrige das Ziel nach 1;44,47 Stunde. Zuvor hatte ihr 16-j\u00e4hriger Sohn Johann f\u00fcr eine \u00dcberraschung im 10 Kilometer Lauf gesorgt. Unter der F\u00fchrung seines 35-j\u00e4hrigen Vereinskameraden, Steffen Schirmer, erreichte \u00a0der Sch\u00fcler das Ziel nach 41,26 Minuten als Sieger seiner Altersklasse. Bei den M\u00e4dchen gelang das der 16-j\u00e4hrigen Juliane G\u00f6llnitz nach 44,54 Minuten. Im 5 Kilometer Lauf sind aus Sicht des SC Laage die beiden 18-j\u00e4hrigen Joelina Raith (22,20 min) und Ricardo Wendt (18,24 min) als Schnellste zu erw\u00e4hnen. Im 15 Kilometer Lauf war Familie Grobbecker vereinsintern nicht zu schlagen. w\u00e4hrend Vater Stefan in der Klasse der \u00fcber 55-j\u00e4hrigen nach 1;11,11 Stunde ins Ziel lief, folgte ihm Tochter Stella genau 12 Minuten sp\u00e4ter. Insgesamt\u00a0 erk\u00e4mpften sich die Clubl\u00e4uferinnen und L\u00e4ufer aus der Recknitzstadt 18 Altersklassensiege und 16 weitere Podestpl\u00e4tze. \u00a0Das Team des M\u00fcritzer Laufsportvereins hatte sich bei der Organisation gro\u00dfe M\u00fche gegeben und die Aktiven bedankten sich auf ihre Weise mit zum Teil sehr gutem Laufsport.<\/p>\n<p><span style=\"color: #999999;\">ast<\/span><\/p>\n","protected":false},"excerpt":{"rendered":"<p>Bei hervorragenden fast schon fr\u00fchlingshaften Bedingungen und sehr guter Stimmung starteten circa 170 Ausdauersportler, am letzten Samstag im Februar, in die Wettkampfsaison durch den wundersch\u00f6nen M\u00fcritz-Nationalpark. Der Sportclub Laage hatte 40 L\u00e4uferinnen und L\u00e4ufer an den Start gebracht und alle \u00fcberzeugten mit ansprechenden Leistungen. \u00a0Neben den angebotenen Pendelstrecken \u00fcber 5 km, 10 und 15 km, [&hellip;]<\/p>\n","protected":false},"author":7,"featured_media":101518,"comment_status":"open","ping_status":"open","sticky":false,"template":"","format":"standard","meta":{"_seopress_robots_primary_cat":"none","_seopress_titles_title":"","_seopress_titles_desc":"","_seopress_robots_index":"","_relevanssi_hide_post":"","_relevanssi_hide_content":"","_relevanssi_pin_for_all":"","_relevanssi_pin_keywords":"","_relevanssi_unpin_keywords":"","_relevanssi_related_keywords":"","_relevanssi_related_include_ids":"","_relevanssi_related_exclude_ids":"","_relevanssi_related_no_append":"","_relevanssi_related_not_related":"","_relevanssi_related_posts":"","_relevanssi_noindex_reason":"","_uag_custom_page_level_css":"","footnotes":""},"categories":[47],"tags":[],"ort":[],"class_list":{"0":"post-101517","1":"post","2":"type-post","3":"status-publish","4":"format-standard","5":"has-post-thumbnail","7":"category-laufsport"},"featured_image_urls":{"medium":"https:\/\/mv-sport.de\/c\/wp-content\/uploads\/2022\/02\/waren-winterlf.-22-2-600x600.jpg","medium_large":"https:\/\/mv-sport.de\/c\/wp-content\/uploads\/2022\/02\/waren-winterlf.-22-2.jpg","large":"https:\/\/mv-sport.de\/c\/wp-content\/uploads\/2022\/02\/waren-winterlf.-22-2.jpg","full":"https:\/\/mv-sport.de\/c\/wp-content\/uploads\/2022\/02\/waren-winterlf.-22-2.jpg","alt":"","caption":"Das Foto zeigt die Abordnung des SC Laage. Foto: Christine Boldt"},"spectra_custom_meta":{"uab_option":["yes"],"uab_meta_position":["default"],"_extra_rating_average":["0"],"_seopress_analysis_data":["a:19:{s:5:\"title\";s:125:\"42.Winterlauf in Waren war Start in die Laufsaison | MV-Sport.de - Sportvereine &amp; Sportnachrichten Mecklenburg-Vorpommern\";s:9:\"meta_desc\";s:399:\"Bei hervorragenden fast schon fr\u00fchlingshaften Bedingungen und sehr guter Stimmung starteten circa 170 Ausdauersportler, am letzten Samstag im Februar, in die Wettkampfsaison durch den wundersch\u00f6nen M\u00fcritz-Nationalpark. Der Sportclub Laage hatte 40 L\u00e4uferinnen und L\u00e4ufer an den Start gebracht und alle \u00fcberzeugten mit ansprechenden Leistungen. \u00a0Neben den angebotenen Pendelstrecken \u00fcber 5\u2026\";s:8:\"og_title\";a:2:{s:5:\"count\";i:1;s:6:\"values\";a:1:{i:0;s:125:\"42.Winterlauf in Waren war Start in die Laufsaison | MV-Sport.de - Sportvereine &amp; Sportnachrichten Mecklenburg-Vorpommern\";}}s:7:\"og_desc\";a:2:{s:5:\"count\";i:1;s:6:\"values\";a:1:{i:0;s:399:\"Bei hervorragenden fast schon fr\u00fchlingshaften Bedingungen und sehr guter Stimmung starteten circa 170 Ausdauersportler, am letzten Samstag im Februar, in die Wettkampfsaison durch den wundersch\u00f6nen M\u00fcritz-Nationalpark. Der Sportclub Laage hatte 40 L\u00e4uferinnen und L\u00e4ufer an den Start gebracht und alle \u00fcberzeugten mit ansprechenden Leistungen. \u00a0Neben den angebotenen Pendelstrecken \u00fcber 5\u2026\";}}s:6:\"og_img\";a:2:{s:5:\"count\";i:1;s:6:\"values\";a:1:{i:0;s:71:\"https:\/\/mv-sport.de\/wp-content\/uploads\/2022\/02\/waren-winterlf.-22-2.jpg\";}}s:6:\"og_url\";a:3:{s:5:\"count\";i:1;s:6:\"values\";a:1:{i:0;s:70:\"https:\/\/mv-sport.de\/42-winterlauf-in-waren-war-start-in-die-laufsaison\";}s:4:\"host\";s:11:\"mv-sport.de\";}s:12:\"og_site_name\";a:2:{s:5:\"count\";i:1;s:6:\"values\";a:1:{i:0;s:72:\"MV-Sport.de - Sportvereine &amp; Sportnachrichten Mecklenburg-Vorpommern\";}}s:8:\"tw_title\";a:2:{s:5:\"count\";i:1;s:6:\"values\";a:1:{i:0;s:125:\"42.Winterlauf in Waren war Start in die Laufsaison | MV-Sport.de - Sportvereine &amp; Sportnachrichten Mecklenburg-Vorpommern\";}}s:7:\"tw_desc\";a:2:{s:5:\"count\";i:1;s:6:\"values\";a:1:{i:0;s:399:\"Bei hervorragenden fast schon fr\u00fchlingshaften Bedingungen und sehr guter Stimmung starteten circa 170 Ausdauersportler, am letzten Samstag im Februar, in die Wettkampfsaison durch den wundersch\u00f6nen M\u00fcritz-Nationalpark. Der Sportclub Laage hatte 40 L\u00e4uferinnen und L\u00e4ufer an den Start gebracht und alle \u00fcberzeugten mit ansprechenden Leistungen. \u00a0Neben den angebotenen Pendelstrecken \u00fcber 5\u2026\";}}s:6:\"tw_img\";a:2:{s:5:\"count\";i:1;s:6:\"values\";a:1:{i:0;s:80:\"https:\/\/mv-sport.de\/wp-content\/uploads\/2022\/02\/waren-winterlf.-22-2-1024x768.jpg\";}}s:9:\"canonical\";s:71:\"https:\/\/mv-sport.de\/42-winterlauf-in-waren-war-start-in-die-laufsaison\/\";s:13:\"all_canonical\";a:1:{i:0;s:71:\"https:\/\/mv-sport.de\/42-winterlauf-in-waren-war-start-in-die-laufsaison\/\";}s:2:\"h1\";a:1:{s:9:\"nomatches\";a:1:{s:5:\"count\";i:1;}}s:3:\"img\";a:1:{s:6:\"images\";a:6:{i:0;s:80:\"https:\/\/mv-sport.de\/wp-content\/uploads\/2022\/02\/waren-winterlf.-22-2-1024x768.jpg\";i:1;s:59:\"https:\/\/mv-sport.de\/wp-content\/uploads\/2017\/06\/sc_laage.png\";i:2;s:77:\"https:\/\/mv-sport.de\/wp-content\/plugins\/sabai\/assets\/images\/no_image_small.png\";i:3;s:89:\"https:\/\/mv-sport.de\/wp-content\/sabai\/File\/thumbnails\/6fcd9795108daf50aae84d5c95516307.png\";i:4;s:89:\"https:\/\/mv-sport.de\/wp-content\/sabai\/File\/thumbnails\/91eca0e52a91a46999b3a8aaa54dfb43.jpg\";i:5;s:61:\"https:\/\/mv-sport.de\/wp-content\/uploads\/2017\/05\/140x70px-3.gif\";}}s:11:\"meta_robots\";a:1:{i:0;a:1:{i:0;s:13:\"index, follow\";}}s:14:\"outbound_links\";a:9:{i:0;a:1:{s:29:\"http:\/\/www.sportclub-laage.de\";s:29:\"http:\/\/www.sportclub-laage.de\";}i:1;a:1:{s:34:\"https:\/\/www.facebook.com\/MVSportde\";s:0:\"\";}i:2;a:1:{s:37:\"https:\/\/www.instagram.com\/mv_sport.de\";s:0:\"\";}i:4;a:1:{s:28:\"http:\/\/www.elegantthemes.com\";s:14:\"Elegant Themes\";}i:5;a:1:{s:24:\"http:\/\/www.wordpress.org\";s:9:\"WordPress\";}i:6;a:1:{s:20:\"http:\/\/www.web-mv.de\";s:9:\"web-mv.de\";}i:7;a:1:{s:33:\"http:\/\/www.webdesign-schwerin.net\";s:0:\"\";}i:8;a:1:{s:34:\"https:\/\/www.facebook.com\/MVSportde\";s:13:\"\n    Like us!\";}i:9;a:1:{s:37:\"https:\/\/www.instagram.com\/mv_sport.de\";s:15:\"\n    Follow us!\";}}s:13:\"words_counter\";i:331;s:20:\"words_counter_unique\";i:220;s:4:\"json\";a:1:{i:0;s:14:\"BreadcrumbList\";}}"],"_edit_lock":["1646248263:7"],"_edit_last":["2"],"_thumbnail_id":["101518"],"xyz_fbap_future_to_publish":["a:3:{s:18:\"post_fb_permission\";i:0;s:18:\"xyz_fbap_po_method\";s:1:\"2\";s:16:\"xyz_fbap_message\";s:32:\"{POST_TITLE}\r\n{POST_EXCERPT} ...\";}"],"xyz_fbap":["1"],"xyz_fbap_insert_og":["1"],"_seopress_titles_title":[""],"_seopress_titles_desc":[""],"_seopress_robots_canonical":[""],"_seopress_robots_primary_cat":["none"],"_seopress_robots_breadcrumbs":[""],"_seopress_social_fb_title":[""],"_seopress_social_fb_desc":[""],"_seopress_social_fb_img":[""],"_seopress_social_fb_img_attachment_id":[""],"_seopress_social_fb_img_width":[""],"_seopress_social_fb_img_height":[""],"_seopress_social_twitter_title":[""],"_seopress_social_twitter_desc":[""],"_seopress_social_twitter_img":[""],"_seopress_social_twitter_img_attachment_id":[""],"_seopress_social_twitter_img_width":[""],"_seopress_social_twitter_img_height":[""],"_seopress_redirections_type":["301"],"_seopress_redirections_value":[""],"_seopress_redirections_logged_status":["both"],"_post_review_box_title":["Rezension"],"_post_review_box_summary":[""],"_post_review_box_summary_title":["Zusammenfassung"],"_post_review_box_breakdowns_score":["0"],"_post_review_box_breakdowns_count":["1"],"_post_review_box_breakdowns":["a:1:{i:0;a:2:{s:5:\"title\";s:0:\"\";s:6:\"rating\";i:0;}}"],"_extra_sidebar_location":[""],"_extra_sidebar":[""],"post_views_count":["198"],"_seopress_pro_schemas_manual":["a:1:{i:0;a:1:{s:32:\"_seopress_pro_rich_snippets_type\";s:4:\"none\";}}"],"_seopress_analysis_target_kw":[""],"wp_schema_pro_optimized_structured_data":["<!-- Schema optimized by Schema Pro --><script type=\"application\/ld+json\">{\"@context\":\"https:\/\/schema.org\",\"@type\":\"NewsArticle\",\"mainEntityOfPage\":{\"@type\":\"WebPage\",\"@id\":\"https:\/\/mv-sport.de\/42-winterlauf-in-waren-war-start-in-die-laufsaison\/\"},\"headline\":\"42.Winterlauf in Waren war Start in die Laufsaison\",\"image\":{\"@type\":\"ImageObject\",\"url\":\"https:\/\/mv-sport.de\/wp-content\/uploads\/2022\/02\/waren-winterlf.-22-2.jpg\",\"width\":1186,\"height\":889},\"datePublished\":\"2022-02-26T17:50:06\",\"dateModified\":\"2022-03-02T10:14:09\",\"author\":{\"@type\":\"Person\",\"name\":\"Sportclub Laage e.V.\",\"url\":\"https:\/\/mv-sport.de\/author\/sportclub-laage-e-v\"},\"publisher\":{\"@type\":\"Organization\",\"name\":\"MV-Sport.de - Sportvereine &amp; Sportnachrichten Mecklenburg-Vorpommern\",\"logo\":{\"@type\":\"ImageObject\",\"url\":\"https:\/\/mv-sport.de\/wp-content\/uploads\/2017\/05\/logo-mv-sport-292x60.png\"}}}<\/script><!-- \/ Schema optimized by Schema Pro -->"],"__post_views_count":["687"],"astra_style_timestamp_css":["1757555326"],"_uag_css_file_name":["uag-css-101517.css"],"_uag_page_assets":["a:9:{s:3:\"css\";s:7010:\".uagb-block-88f5875d.wp-block-uagb-image--layout-default figure img{box-shadow: 0px 0px 0 #00000070;}.uagb-block-88f5875d.wp-block-uagb-image .wp-block-uagb-image__figure figcaption{font-style: normal;align-self: center;}.uagb-block-88f5875d.wp-block-uagb-image--layout-overlay figure img{box-shadow: 0px 0px 0 #00000070;}.uagb-block-88f5875d.wp-block-uagb-image--layout-overlay .wp-block-uagb-image--layout-overlay__color-wrapper{opacity: 0.2;}.uagb-block-88f5875d.wp-block-uagb-image--layout-overlay .wp-block-uagb-image--layout-overlay__inner{left: 15px;right: 15px;top: 15px;bottom: 15px;}.uagb-block-88f5875d.wp-block-uagb-image--layout-overlay .wp-block-uagb-image--layout-overlay__inner .uagb-image-heading{font-style: normal;color: #fff;opacity: 1;}.uagb-block-88f5875d.wp-block-uagb-image--layout-overlay .wp-block-uagb-image--layout-overlay__inner .uagb-image-heading a{color: #fff;}.uagb-block-88f5875d.wp-block-uagb-image--layout-overlay .wp-block-uagb-image--layout-overlay__inner .uagb-image-caption{opacity: 0;}.uagb-block-88f5875d.wp-block-uagb-image--layout-overlay .wp-block-uagb-image__figure:hover .wp-block-uagb-image--layout-overlay__color-wrapper{opacity: 1;}.uagb-block-88f5875d.wp-block-uagb-image .wp-block-uagb-image--layout-overlay__inner .uagb-image-separator{width: 30%;border-top-width: 2px;border-top-color: #fff;opacity: 0;}.uagb-block-88f5875d.wp-block-uagb-image .wp-block-uagb-image__figure img{width: 297px;height: auto;}.uagb-block-88f5875d.wp-block-uagb-image .wp-block-uagb-image__figure:hover .wp-block-uagb-image--layout-overlay__inner .uagb-image-caption{opacity: 1;}.uagb-block-88f5875d.wp-block-uagb-image .wp-block-uagb-image__figure:hover .wp-block-uagb-image--layout-overlay__inner .uagb-image-separator{opacity: 1;}.uagb-block-88f5875d.wp-block-uagb-image--layout-default figure:hover img{box-shadow: 0px 0px 0 #00000070;}.uagb-block-88f5875d.wp-block-uagb-image--layout-overlay figure:hover img{box-shadow: 0px 0px 0 #00000070;}@media only screen and (max-width: 976px) {.uagb-block-88f5875d.wp-block-uagb-image .wp-block-uagb-image__figure img{width: 297px;height: auto;}}@media only screen and (max-width: 767px) {.uagb-block-88f5875d.wp-block-uagb-image .wp-block-uagb-image__figure img{width: 297px;height: auto;}}.uagb-block-b6c54374.wp-block-uagb-image{margin-top: 0px;margin-right: 0px;margin-bottom: 0px;margin-left: 0px;}.uagb-block-b6c54374.wp-block-uagb-image--layout-default figure img{box-shadow: 0px 0px 0 #00000070;}.uagb-block-b6c54374.wp-block-uagb-image .wp-block-uagb-image__figure figcaption{font-style: normal;align-self: center;}.uagb-block-b6c54374.wp-block-uagb-image--layout-overlay figure img{box-shadow: 0px 0px 0 #00000070;}.uagb-block-b6c54374.wp-block-uagb-image--layout-overlay .wp-block-uagb-image--layout-overlay__color-wrapper{opacity: 0.2;}.uagb-block-b6c54374.wp-block-uagb-image--layout-overlay .wp-block-uagb-image--layout-overlay__inner{left: 15px;right: 15px;top: 15px;bottom: 15px;}.uagb-block-b6c54374.wp-block-uagb-image--layout-overlay .wp-block-uagb-image--layout-overlay__inner .uagb-image-heading{font-style: normal;color: #fff;opacity: 1;}.uagb-block-b6c54374.wp-block-uagb-image--layout-overlay .wp-block-uagb-image--layout-overlay__inner .uagb-image-heading a{color: #fff;}.uagb-block-b6c54374.wp-block-uagb-image--layout-overlay .wp-block-uagb-image--layout-overlay__inner .uagb-image-caption{opacity: 0;}.uagb-block-b6c54374.wp-block-uagb-image--layout-overlay .wp-block-uagb-image__figure:hover .wp-block-uagb-image--layout-overlay__color-wrapper{opacity: 1;}.uagb-block-b6c54374.wp-block-uagb-image .wp-block-uagb-image--layout-overlay__inner .uagb-image-separator{width: 30%;border-top-width: 2px;border-top-color: #fff;opacity: 0;}.uagb-block-b6c54374.wp-block-uagb-image .wp-block-uagb-image__figure img{width: px;height: auto;}.uagb-block-b6c54374.wp-block-uagb-image .wp-block-uagb-image__figure:hover .wp-block-uagb-image--layout-overlay__inner .uagb-image-caption{opacity: 1;}.uagb-block-b6c54374.wp-block-uagb-image .wp-block-uagb-image__figure:hover .wp-block-uagb-image--layout-overlay__inner .uagb-image-separator{opacity: 1;}.uagb-block-b6c54374.wp-block-uagb-image--layout-default figure:hover img{box-shadow: 0px 0px 0 #00000070;}.uagb-block-b6c54374.wp-block-uagb-image--layout-overlay figure:hover img{box-shadow: 0px 0px 0 #00000070;}@media only screen and (max-width: 976px) {.uagb-block-b6c54374.wp-block-uagb-image .wp-block-uagb-image__figure img{width: px;height: auto;}}@media only screen and (max-width: 767px) {.uagb-block-b6c54374.wp-block-uagb-image .wp-block-uagb-image__figure img{width: px;height: auto;}}.uagb-block-2bdcf70c.wp-block-uagb-image{margin-top: 0px;margin-right: 0px;margin-bottom: 0px;margin-left: 0px;}.uagb-block-2bdcf70c.wp-block-uagb-image--layout-default figure img{box-shadow: 0px 0px 0 #00000070;}.uagb-block-2bdcf70c.wp-block-uagb-image .wp-block-uagb-image__figure figcaption{font-style: normal;align-self: center;}.uagb-block-2bdcf70c.wp-block-uagb-image--layout-overlay figure img{box-shadow: 0px 0px 0 #00000070;}.uagb-block-2bdcf70c.wp-block-uagb-image--layout-overlay .wp-block-uagb-image--layout-overlay__color-wrapper{opacity: 0.2;}.uagb-block-2bdcf70c.wp-block-uagb-image--layout-overlay .wp-block-uagb-image--layout-overlay__inner{left: 15px;right: 15px;top: 15px;bottom: 15px;}.uagb-block-2bdcf70c.wp-block-uagb-image--layout-overlay .wp-block-uagb-image--layout-overlay__inner .uagb-image-heading{font-style: normal;color: #fff;opacity: 1;}.uagb-block-2bdcf70c.wp-block-uagb-image--layout-overlay .wp-block-uagb-image--layout-overlay__inner .uagb-image-heading a{color: #fff;}.uagb-block-2bdcf70c.wp-block-uagb-image--layout-overlay .wp-block-uagb-image--layout-overlay__inner .uagb-image-caption{opacity: 0;}.uagb-block-2bdcf70c.wp-block-uagb-image--layout-overlay .wp-block-uagb-image__figure:hover .wp-block-uagb-image--layout-overlay__color-wrapper{opacity: 1;}.uagb-block-2bdcf70c.wp-block-uagb-image .wp-block-uagb-image--layout-overlay__inner .uagb-image-separator{width: 30%;border-top-width: 2px;border-top-color: #fff;opacity: 0;}.uagb-block-2bdcf70c.wp-block-uagb-image .wp-block-uagb-image__figure img{width: px;height: auto;}.uagb-block-2bdcf70c.wp-block-uagb-image .wp-block-uagb-image__figure:hover .wp-block-uagb-image--layout-overlay__inner .uagb-image-caption{opacity: 1;}.uagb-block-2bdcf70c.wp-block-uagb-image .wp-block-uagb-image__figure:hover .wp-block-uagb-image--layout-overlay__inner .uagb-image-separator{opacity: 1;}.uagb-block-2bdcf70c.wp-block-uagb-image--layout-default figure:hover img{box-shadow: 0px 0px 0 #00000070;}.uagb-block-2bdcf70c.wp-block-uagb-image--layout-overlay figure:hover img{box-shadow: 0px 0px 0 #00000070;}@media only screen and (max-width: 976px) {.uagb-block-2bdcf70c.wp-block-uagb-image .wp-block-uagb-image__figure img{width: px;height: auto;}}@media only screen and (max-width: 767px) {.uagb-block-2bdcf70c.wp-block-uagb-image .wp-block-uagb-image__figure img{width: px;height: auto;}}\";s:2:\"js\";s:0:\"\";s:18:\"current_block_list\";a:28:{i:0;s:10:\"core\/group\";i:2;s:24:\"core\/post-featured-image\";i:3;s:15:\"core\/post-title\";i:5;s:14:\"core\/post-date\";i:6;s:16:\"core\/post-author\";i:7;s:15:\"core\/post-terms\";i:8;s:17:\"core\/post-content\";i:9;s:14:\"core\/separator\";i:10;s:13:\"core\/comments\";i:11;s:19:\"core\/comments-title\";i:12;s:21:\"core\/comment-template\";i:15;s:11:\"core\/avatar\";i:16;s:24:\"core\/comment-author-name\";i:17;s:17:\"core\/comment-date\";i:18;s:20:\"core\/comment-content\";i:19;s:23:\"core\/comment-reply-link\";i:20;s:24:\"core\/comments-pagination\";i:21;s:33:\"core\/comments-pagination-previous\";i:22;s:32:\"core\/comments-pagination-numbers\";i:23;s:29:\"core\/comments-pagination-next\";i:24;s:23:\"core\/post-comments-form\";i:25;s:14:\"core\/tag-cloud\";i:26;s:12:\"core\/heading\";i:27;s:14:\"core\/paragraph\";i:28;s:12:\"core\/buttons\";i:29;s:11:\"core\/button\";i:30;s:10:\"uagb\/image\";i:31;s:10:\"core\/image\";}s:8:\"uag_flag\";b:1;s:11:\"uag_version\";s:10:\"1777450647\";s:6:\"gfonts\";a:0:{}s:10:\"gfonts_url\";s:0:\"\";s:12:\"gfonts_files\";a:0:{}s:14:\"uag_faq_layout\";b:0;}"]},"uagb_featured_image_src":{"full":["https:\/\/mv-sport.de\/c\/wp-content\/uploads\/2022\/02\/waren-winterlf.-22-2.jpg",1186,889,false],"thumbnail":["https:\/\/mv-sport.de\/c\/wp-content\/uploads\/2022\/02\/waren-winterlf.-22-2-150x150.jpg",150,150,true],"medium":["https:\/\/mv-sport.de\/c\/wp-content\/uploads\/2022\/02\/waren-winterlf.-22-2-600x600.jpg",350,350,true],"medium_large":["https:\/\/mv-sport.de\/c\/wp-content\/uploads\/2022\/02\/waren-winterlf.-22-2.jpg",768,576,false],"large":["https:\/\/mv-sport.de\/c\/wp-content\/uploads\/2022\/02\/waren-winterlf.-22-2.jpg",1024,768,false],"1536x1536":["https:\/\/mv-sport.de\/c\/wp-content\/uploads\/2022\/02\/waren-winterlf.-22-2.jpg",1186,889,false],"2048x2048":["https:\/\/mv-sport.de\/c\/wp-content\/uploads\/2022\/02\/waren-winterlf.-22-2.jpg",1186,889,false],"ultp_layout_landscape_large":["https:\/\/mv-sport.de\/c\/wp-content\/uploads\/2022\/02\/waren-winterlf.-22-2.jpg",1067,800,false],"ultp_layout_landscape":["https:\/\/mv-sport.de\/c\/wp-content\/uploads\/2022\/02\/waren-winterlf.-22-2.jpg",760,570,false],"ultp_layout_portrait":["https:\/\/mv-sport.de\/c\/wp-content\/uploads\/2022\/02\/waren-winterlf.-22-2.jpg",600,450,false],"ultp_layout_square":["https:\/\/mv-sport.de\/c\/wp-content\/uploads\/2022\/02\/waren-winterlf.-22-2.jpg",600,450,false]},"uagb_author_info":{"display_name":"Sportclub Laage e.V.","author_link":"https:\/\/mv-sport.de\/c\/author\/sportclub-laage-e-v\/"},"uagb_comment_info":0,"uagb_excerpt":"Bei hervorragenden fast schon fr\u00fchlingshaften Bedingungen und sehr guter Stimmung starteten circa 170 Ausdauersportler, am letzten Samstag im Februar, in die Wettkampfsaison durch den wundersch\u00f6nen M\u00fcritz-Nationalpark. Der Sportclub Laage hatte 40 L\u00e4uferinnen und L\u00e4ufer an den Start gebracht und alle \u00fcberzeugten mit ansprechenden Leistungen. \u00a0Neben den angebotenen Pendelstrecken \u00fcber 5 km, 10 und 15 km,&hellip;","_links":{"self":[{"href":"https:\/\/mv-sport.de\/c\/wp-json\/wp\/v2\/posts\/101517","targetHints":{"allow":["GET"]}}],"collection":[{"href":"https:\/\/mv-sport.de\/c\/wp-json\/wp\/v2\/posts"}],"about":[{"href":"https:\/\/mv-sport.de\/c\/wp-json\/wp\/v2\/types\/post"}],"author":[{"embeddable":true,"href":"https:\/\/mv-sport.de\/c\/wp-json\/wp\/v2\/users\/7"}],"replies":[{"embeddable":true,"href":"https:\/\/mv-sport.de\/c\/wp-json\/wp\/v2\/comments?post=101517"}],"version-history":[{"count":0,"href":"https:\/\/mv-sport.de\/c\/wp-json\/wp\/v2\/posts\/101517\/revisions"}],"wp:featuredmedia":[{"embeddable":true,"href":"https:\/\/mv-sport.de\/c\/wp-json\/wp\/v2\/media\/101518"}],"wp:attachment":[{"href":"https:\/\/mv-sport.de\/c\/wp-json\/wp\/v2\/media?parent=101517"}],"wp:term":[{"taxonomy":"category","embeddable":true,"href":"https:\/\/mv-sport.de\/c\/wp-json\/wp\/v2\/categories?post=101517"},{"taxonomy":"post_tag","embeddable":true,"href":"https:\/\/mv-sport.de\/c\/wp-json\/wp\/v2\/tags?post=101517"},{"taxonomy":"ort","embeddable":true,"href":"https:\/\/mv-sport.de\/c\/wp-json\/wp\/v2\/ort?post=101517"}],"curies":[{"name":"wp","href":"https:\/\/api.w.org\/{rel}","templated":true}]}}