{"id":10441,"date":"2018-05-10T08:04:26","date_gmt":"2018-05-10T06:04:26","guid":{"rendered":"https:\/\/mv-sport.de\/?p=10441"},"modified":"2018-05-11T11:01:10","modified_gmt":"2018-05-11T09:01:10","slug":"mein-fernziel-olympia-2020-bleibt-unveraendert","status":"publish","type":"post","link":"https:\/\/mv-sport.de\/c\/mein-fernziel-olympia-2020-bleibt-unveraendert\/","title":{"rendered":"&#8222;Mein Fernziel Olympia 2020 bleibt unver\u00e4ndert&#8230;&#8220;"},"content":{"rendered":"<p><strong>Deutschlands Erfolgsschwimmer Marco Koch \u00fcber seine Ziele<\/strong><\/p>\n<figure id=\"attachment_10454\" aria-describedby=\"caption-attachment-10454\" style=\"width: 300px\" class=\"wp-caption alignleft\"><a href=\"https:\/\/mv-sport.de\/wp-content\/uploads\/2018\/05\/marcokoch_portrait_c_adidas.jpg\"><img loading=\"lazy\" decoding=\"async\" class=\"size-medium wp-image-10454\" src=\"https:\/\/mv-sport.de\/wp-content\/uploads\/2018\/05\/marcokoch_portrait_c_adidas-300x200.jpg\" alt=\"\" width=\"300\" height=\"200\" \/><\/a><figcaption id=\"caption-attachment-10454\" class=\"wp-caption-text\">Marco Koch<br \/>\u00a9 adidas<\/figcaption><\/figure>\n<p>Er ist einer der erfolgreichsten Schwimmer Deutschlands: der Darmst\u00e4dter Marco Koch (DSW Darmstadt 2012). Der 28-j\u00e4hrige Student\u00a0 feierte insbesondere seit 2010 zahlreiche Erfolge im Elite-Bereich, wurde \u00fcber 200 Meter Brust Weltmeister 2015 bzw. Vize-Weltmeister 2013, schaffte EM-Gold 2014 \u00fcber 200 Meter Brust, errang zweimal Kurzbahn-WM-Gold auf den Bruststrecken 2016 und erk\u00e4mpfte dreimal Gold bei den Kurzbahn-EM. Au\u00dferdem nahm der Erfolgsschwimmer an den olympischen Schwimm-Wettk\u00e4mpfen 2012 und 2016 teil.<\/p>\n<p>Im Gespr\u00e4ch erz\u00e4hlt Marco Koch \u00fcber\u00a0sein Training 2017\/18, seine sportlichen Nah- bzw. Fern-Ziele,\u00a0 kommende Wettk\u00e4mpfe und die Entwicklung des Schwimmsportes in Deutschland allgemein.<\/p>\n<h2>Interview<\/h2>\n<p><em>&#8222;Mein Fernziel Olympia 2020 bleibt unver\u00e4ndert&#8230;&#8220;<\/em><\/p>\n<p><strong>Frage:<\/strong> Herr Koch, wie verlief der sportliche Start f\u00fcr Sie 2018?<\/p>\n<p><strong>Marco Koch:<\/strong> Das sportliche Jahr hat mit ordentlichen Zeiten in Luxemburg angefangen. Selbstverst\u00e4ndlich war dann der Plan, mich f\u00fcr die Europameisterschaften im August zu qualifizieren. Auf dieses Ziele trainierte ich konsequent hin. Trotz guter Trainingsleistungen konnte ich allerdings meine Form in den Qualifikations-Wettk\u00e4mpfen nicht vollst\u00e4ndig abrufen. Nun arbeite ich auf Teneriffa weiter an meiner Form f\u00fcr die deutschen Meisterschaften im Juli. Am Fern-Ziel &#8222;Olympia Tokio 2020&#8220; hat sich dennoch nichts ge\u00e4ndert.<\/p>\n<p><strong>Frage:<\/strong> Wie sah Ihr &#8222;Winter-Training&#8220; aus?<\/p>\n<p><strong>Marco Koch:<\/strong> Den Jahreswechsel begann ich, wie in den meisten Jahren zuvor, mit einem Trainingslager auf Teneriffa. F\u00fcr mich ist das Training auf der Insel stets ein Training unter super Bedingungen. Ich habe dort alles, was ich brauche und kann mich komplett auf das Training konzentrieren. In Darmstadt trainiere ich im Sommer und Winter grunds\u00e4tzlich auf einer 50 Meter-Bahn, entweder in der Traglufthalle oder im Freibad, deswegen gibt es kein wirkliches \u201eWinter-Training\u201c, wie es in vielen Outdoor-Sportarten \u00fcblich ist.<\/p>\n<p><strong>Frage:<\/strong> In diesem Jahr gibt es noch einige nationale und internationale Wettk\u00e4mpfe. Welche weiteren Events stehen f\u00fcr Sie auf dem Programm?<\/p>\n<p><strong>Marco Koch:<\/strong> Neben den Zielen bei den Deutschen Meisterschaften und den Ambitionen, bei den WM an den Start zu gehen, m\u00f6chte ich die Mare Nostrum-Tour schwimmen. Zudem werde ich voraussichtlich bei den World-Cups im Sommer dabei sein.<\/p>\n<figure id=\"attachment_10453\" aria-describedby=\"caption-attachment-10453\" style=\"width: 1000px\" class=\"wp-caption alignnone\"><a href=\"https:\/\/mv-sport.de\/wp-content\/uploads\/2018\/05\/marco-koch_c_swim-performance.jpg\"><img loading=\"lazy\" decoding=\"async\" class=\"size-full wp-image-10453\" src=\"https:\/\/mv-sport.de\/wp-content\/uploads\/2018\/05\/marco-koch_c_swim-performance.jpg\" alt=\"\" width=\"1000\" height=\"668\" \/><\/a><figcaption id=\"caption-attachment-10453\" class=\"wp-caption-text\">Marco Koch \u00a9 Swim Performance<\/figcaption><\/figure>\n<p><strong>Frage:<\/strong> Wie beurteilen Sie ansonsten die schwimmsportliche Entwicklung in Deutschland in den letzten Jahren? Fehlen die nachr\u00fcckenden Talente?<\/p>\n<p><strong>Marco Koch:<\/strong> Der Schwimmsport ist zweifellos in der Entwicklung. Ich glaube dennoch, dass Talente nachr\u00fccken werden, gerade wenn man sieht, wie viele U 23-Schwimmerinnen und -Schwimmer bei der offenen EM aktiv sind und wie gro\u00df das Team f\u00fcr die JEM ist. Wir sind selbstverst\u00e4ndlich noch nicht auf einem Niveau wie in den USA, aber es wird an gewissen Stellen definitiv daran gearbeitet, die deutschen Schwimmerinnen bzw. Schwimmer international wieder konkurrenzf\u00e4higer zu machen.<\/p>\n<p><strong>Frage:<\/strong> Wie sieht Ihr Leben ohne Schwimmbecken aus?<\/p>\n<p><strong>Marco Koch:<\/strong> Aktuell liegt mein Hauptaugenmerk auf dem Schwimmsport. Ich bin zwar an einer Fernhochschule f\u00fcr Wirtschaftspsychologie eingeschrieben, habe das Studium jedoch hinten angestellt und konzentriere mich komplett auf das Training.<\/p>\n<p>Zus\u00e4tzlich zu den Trainingseinheiten im Wasser und an Land stehen oft noch Yoga-Einheiten und Termine bei der Physiotherapie auf dem w\u00f6chentlichen Plan. Hinzu kommen dabei selbstverst\u00e4ndlich Trainingslager, Wettk\u00e4mpfe und Sponsoren-Termine.<\/p>\n<p><strong>Vielen Dank und weiterhin maximale Erfolge<\/strong><\/p>\n<p>&nbsp;<\/p>\n<h3>Regionale, nationale und internationale Termine 2018:<\/h3>\n<ul>\n<li>Landesmeisterschaften M-V vom 25. Mai bis 27. Mai in Rostock<\/li>\n<li>Vorpommern-Cup am 9. Juni in Greifswald<\/li>\n<li>Landesjugendsportspiele M-V am 16.\/17. Juni in Rostock<\/li>\n<li>20. Olympiaschwimmfest am 30. Juni in Rostock<\/li>\n<li>6. Landespokal am 1. Juli in Rostock<\/li>\n<li>Deutsche Meisterschaften vom 19. Juli bis 22. Juli in Berlin<\/li>\n<li>Elite-Europameisterschaften vom 3. August bis 9. August (Becken) und vom 8. August bis 12. August (Freiwasser) in Glasgow<\/li>\n<li>Olympische Jugend-Spiele mit Schwimm-Wettk\u00e4mpfen vom 6. Oktober bis 18. Oktober in Buenos Aires<\/li>\n<li>63. Internationales Neptunschwimmfest vom 26. Oktober bis 28. Oktober in Rostock<\/li>\n<li>Elite-WM in den Kurzstrecken-Disziplinen vom 11. Dezember bis 16. Dezember in Hangzhou<\/li>\n<\/ul>\n<p>&nbsp;<\/p>\n<p><em>M. Michels<\/em><\/p>\n<p>&nbsp;<\/p>\n","protected":false},"excerpt":{"rendered":"<p>Deutschlands Erfolgsschwimmer Marco Koch \u00fcber seine Ziele Er ist einer der erfolgreichsten Schwimmer Deutschlands: der Darmst\u00e4dter Marco Koch (DSW Darmstadt 2012). Der 28-j\u00e4hrige Student\u00a0 feierte insbesondere seit 2010 zahlreiche Erfolge im Elite-Bereich, wurde \u00fcber 200 Meter Brust Weltmeister 2015 bzw. Vize-Weltmeister 2013, schaffte EM-Gold 2014 \u00fcber 200 Meter Brust, errang zweimal Kurzbahn-WM-Gold auf den Bruststrecken [&hellip;]<\/p>\n","protected":false},"author":3,"featured_media":10453,"comment_status":"open","ping_status":"open","sticky":false,"template":"","format":"standard","meta":{"_seopress_robots_primary_cat":"","_seopress_titles_title":"","_seopress_titles_desc":"","_seopress_robots_index":"","_relevanssi_hide_post":"","_relevanssi_hide_content":"","_relevanssi_pin_for_all":"","_relevanssi_pin_keywords":"","_relevanssi_unpin_keywords":"","_relevanssi_related_keywords":"","_relevanssi_related_include_ids":"","_relevanssi_related_exclude_ids":"","_relevanssi_related_no_append":"","_relevanssi_related_not_related":"","_relevanssi_related_posts":"","_relevanssi_noindex_reason":"","_uag_custom_page_level_css":"","footnotes":""},"categories":[19],"tags":[],"ort":[],"class_list":{"0":"post-10441","1":"post","2":"type-post","3":"status-publish","4":"format-standard","5":"has-post-thumbnail","7":"category-schwimmen"},"featured_image_urls":{"medium":"https:\/\/mv-sport.de\/c\/wp-content\/uploads\/2018\/05\/marco-koch_c_swim-performance-600x600.jpg","medium_large":"https:\/\/mv-sport.de\/c\/wp-content\/uploads\/2018\/05\/marco-koch_c_swim-performance.jpg","large":"https:\/\/mv-sport.de\/c\/wp-content\/uploads\/2018\/05\/marco-koch_c_swim-performance.jpg","full":"https:\/\/mv-sport.de\/c\/wp-content\/uploads\/2018\/05\/marco-koch_c_swim-performance.jpg","alt":"","caption":"Marco Koch &copy; Swim Performance"},"spectra_custom_meta":{"uab_option":["yes"],"uab_meta_position":["default"],"_extra_rating_average":["0"],"_edit_lock":["1526029148:2"],"_edit_last":["2"],"_thumbnail_id":["10453"],"xyz_fbap":["1"],"xyz_fbap_insert_og":["0"],"post_views_count":["676"],"_et_pb_use_builder":[""],"_et_builder_version":["BB|Divi|3.2.1"],"_et_pb_old_content":[""],"_et_pb_custom_css":[""],"_yoast_wpseo_primary_category":["19"],"_post_review_box_title":["Review"],"_post_review_box_summary":[""],"_post_review_box_summary_title":["Summary"],"_post_review_box_breakdowns_score":["0"],"_post_review_box_breakdowns_count":["1"],"_post_review_box_breakdowns":["a:1:{i:0;a:2:{s:5:\"title\";s:0:\"\";s:6:\"rating\";i:0;}}"],"_extra_sidebar_location":[""],"_extra_sidebar":[""],"_post_extra_featured_image_hide_single":["1"],"_et_pb_ab_stats_refresh_interval":["hourly"],"_et_pb_enable_shortcode_tracking":[""],"wp_schema_pro_optimized_structured_data":["<!-- Schema optimized by Schema Pro --><script type=\"application\/ld+json\">{\"@context\":\"https:\/\/schema.org\",\"@type\":\"NewsArticle\",\"mainEntityOfPage\":{\"@type\":\"WebPage\",\"@id\":\"https:\/\/mv-sport.de\/mein-fernziel-olympia-2020-bleibt-unveraendert\/\"},\"headline\":\"\\\"Mein Fernziel Olympia 2020 bleibt unver\u00e4ndert...\\\"\",\"image\":{\"@type\":\"ImageObject\",\"url\":\"https:\/\/mv-sport.de\/wp-content\/uploads\/2018\/05\/marco-koch_c_swim-performance.jpg\",\"width\":1000,\"height\":668},\"datePublished\":\"2018-05-10T08:04:26\",\"dateModified\":\"2018-05-11T11:01:10\",\"author\":{\"@type\":\"Person\",\"name\":\"Marko Michels\",\"url\":\"https:\/\/mv-sport.de\/author\/marko-michels\"},\"publisher\":{\"@type\":\"Organization\",\"name\":\"MV-Sport.de - Sportvereine &amp; Sportnachrichten Mecklenburg-Vorpommern\",\"logo\":{\"@type\":\"ImageObject\",\"url\":\"https:\/\/mv-sport.de\/wp-content\/uploads\/2017\/05\/logo-mv-sport-292x60.png\"}}}<\/script><!-- \/ Schema optimized by Schema Pro -->"],"__post_views_count":["1698"],"astra_style_timestamp_css":["1757531380"],"_uag_css_file_name":["uag-css-10441.css"],"_uag_page_assets":["a:9:{s:3:\"css\";s:7010:\".uagb-block-88f5875d.wp-block-uagb-image--layout-default figure img{box-shadow: 0px 0px 0 #00000070;}.uagb-block-88f5875d.wp-block-uagb-image .wp-block-uagb-image__figure figcaption{font-style: normal;align-self: center;}.uagb-block-88f5875d.wp-block-uagb-image--layout-overlay figure img{box-shadow: 0px 0px 0 #00000070;}.uagb-block-88f5875d.wp-block-uagb-image--layout-overlay .wp-block-uagb-image--layout-overlay__color-wrapper{opacity: 0.2;}.uagb-block-88f5875d.wp-block-uagb-image--layout-overlay .wp-block-uagb-image--layout-overlay__inner{left: 15px;right: 15px;top: 15px;bottom: 15px;}.uagb-block-88f5875d.wp-block-uagb-image--layout-overlay .wp-block-uagb-image--layout-overlay__inner .uagb-image-heading{font-style: normal;color: #fff;opacity: 1;}.uagb-block-88f5875d.wp-block-uagb-image--layout-overlay .wp-block-uagb-image--layout-overlay__inner .uagb-image-heading a{color: #fff;}.uagb-block-88f5875d.wp-block-uagb-image--layout-overlay .wp-block-uagb-image--layout-overlay__inner .uagb-image-caption{opacity: 0;}.uagb-block-88f5875d.wp-block-uagb-image--layout-overlay .wp-block-uagb-image__figure:hover .wp-block-uagb-image--layout-overlay__color-wrapper{opacity: 1;}.uagb-block-88f5875d.wp-block-uagb-image .wp-block-uagb-image--layout-overlay__inner .uagb-image-separator{width: 30%;border-top-width: 2px;border-top-color: #fff;opacity: 0;}.uagb-block-88f5875d.wp-block-uagb-image .wp-block-uagb-image__figure img{width: 297px;height: auto;}.uagb-block-88f5875d.wp-block-uagb-image .wp-block-uagb-image__figure:hover .wp-block-uagb-image--layout-overlay__inner .uagb-image-caption{opacity: 1;}.uagb-block-88f5875d.wp-block-uagb-image .wp-block-uagb-image__figure:hover .wp-block-uagb-image--layout-overlay__inner .uagb-image-separator{opacity: 1;}.uagb-block-88f5875d.wp-block-uagb-image--layout-default figure:hover img{box-shadow: 0px 0px 0 #00000070;}.uagb-block-88f5875d.wp-block-uagb-image--layout-overlay figure:hover img{box-shadow: 0px 0px 0 #00000070;}@media only screen and (max-width: 976px) {.uagb-block-88f5875d.wp-block-uagb-image .wp-block-uagb-image__figure img{width: 297px;height: auto;}}@media only screen and (max-width: 767px) {.uagb-block-88f5875d.wp-block-uagb-image .wp-block-uagb-image__figure img{width: 297px;height: auto;}}.uagb-block-b6c54374.wp-block-uagb-image{margin-top: 0px;margin-right: 0px;margin-bottom: 0px;margin-left: 0px;}.uagb-block-b6c54374.wp-block-uagb-image--layout-default figure img{box-shadow: 0px 0px 0 #00000070;}.uagb-block-b6c54374.wp-block-uagb-image .wp-block-uagb-image__figure figcaption{font-style: normal;align-self: center;}.uagb-block-b6c54374.wp-block-uagb-image--layout-overlay figure img{box-shadow: 0px 0px 0 #00000070;}.uagb-block-b6c54374.wp-block-uagb-image--layout-overlay .wp-block-uagb-image--layout-overlay__color-wrapper{opacity: 0.2;}.uagb-block-b6c54374.wp-block-uagb-image--layout-overlay .wp-block-uagb-image--layout-overlay__inner{left: 15px;right: 15px;top: 15px;bottom: 15px;}.uagb-block-b6c54374.wp-block-uagb-image--layout-overlay .wp-block-uagb-image--layout-overlay__inner .uagb-image-heading{font-style: normal;color: #fff;opacity: 1;}.uagb-block-b6c54374.wp-block-uagb-image--layout-overlay .wp-block-uagb-image--layout-overlay__inner .uagb-image-heading a{color: #fff;}.uagb-block-b6c54374.wp-block-uagb-image--layout-overlay .wp-block-uagb-image--layout-overlay__inner .uagb-image-caption{opacity: 0;}.uagb-block-b6c54374.wp-block-uagb-image--layout-overlay .wp-block-uagb-image__figure:hover .wp-block-uagb-image--layout-overlay__color-wrapper{opacity: 1;}.uagb-block-b6c54374.wp-block-uagb-image .wp-block-uagb-image--layout-overlay__inner .uagb-image-separator{width: 30%;border-top-width: 2px;border-top-color: #fff;opacity: 0;}.uagb-block-b6c54374.wp-block-uagb-image .wp-block-uagb-image__figure img{width: px;height: auto;}.uagb-block-b6c54374.wp-block-uagb-image .wp-block-uagb-image__figure:hover .wp-block-uagb-image--layout-overlay__inner .uagb-image-caption{opacity: 1;}.uagb-block-b6c54374.wp-block-uagb-image .wp-block-uagb-image__figure:hover .wp-block-uagb-image--layout-overlay__inner .uagb-image-separator{opacity: 1;}.uagb-block-b6c54374.wp-block-uagb-image--layout-default figure:hover img{box-shadow: 0px 0px 0 #00000070;}.uagb-block-b6c54374.wp-block-uagb-image--layout-overlay figure:hover img{box-shadow: 0px 0px 0 #00000070;}@media only screen and (max-width: 976px) {.uagb-block-b6c54374.wp-block-uagb-image .wp-block-uagb-image__figure img{width: px;height: auto;}}@media only screen and (max-width: 767px) {.uagb-block-b6c54374.wp-block-uagb-image .wp-block-uagb-image__figure img{width: px;height: auto;}}.uagb-block-2bdcf70c.wp-block-uagb-image{margin-top: 0px;margin-right: 0px;margin-bottom: 0px;margin-left: 0px;}.uagb-block-2bdcf70c.wp-block-uagb-image--layout-default figure img{box-shadow: 0px 0px 0 #00000070;}.uagb-block-2bdcf70c.wp-block-uagb-image .wp-block-uagb-image__figure figcaption{font-style: normal;align-self: center;}.uagb-block-2bdcf70c.wp-block-uagb-image--layout-overlay figure img{box-shadow: 0px 0px 0 #00000070;}.uagb-block-2bdcf70c.wp-block-uagb-image--layout-overlay .wp-block-uagb-image--layout-overlay__color-wrapper{opacity: 0.2;}.uagb-block-2bdcf70c.wp-block-uagb-image--layout-overlay .wp-block-uagb-image--layout-overlay__inner{left: 15px;right: 15px;top: 15px;bottom: 15px;}.uagb-block-2bdcf70c.wp-block-uagb-image--layout-overlay .wp-block-uagb-image--layout-overlay__inner .uagb-image-heading{font-style: normal;color: #fff;opacity: 1;}.uagb-block-2bdcf70c.wp-block-uagb-image--layout-overlay .wp-block-uagb-image--layout-overlay__inner .uagb-image-heading a{color: #fff;}.uagb-block-2bdcf70c.wp-block-uagb-image--layout-overlay .wp-block-uagb-image--layout-overlay__inner .uagb-image-caption{opacity: 0;}.uagb-block-2bdcf70c.wp-block-uagb-image--layout-overlay .wp-block-uagb-image__figure:hover .wp-block-uagb-image--layout-overlay__color-wrapper{opacity: 1;}.uagb-block-2bdcf70c.wp-block-uagb-image .wp-block-uagb-image--layout-overlay__inner .uagb-image-separator{width: 30%;border-top-width: 2px;border-top-color: #fff;opacity: 0;}.uagb-block-2bdcf70c.wp-block-uagb-image .wp-block-uagb-image__figure img{width: px;height: auto;}.uagb-block-2bdcf70c.wp-block-uagb-image .wp-block-uagb-image__figure:hover .wp-block-uagb-image--layout-overlay__inner .uagb-image-caption{opacity: 1;}.uagb-block-2bdcf70c.wp-block-uagb-image .wp-block-uagb-image__figure:hover .wp-block-uagb-image--layout-overlay__inner .uagb-image-separator{opacity: 1;}.uagb-block-2bdcf70c.wp-block-uagb-image--layout-default figure:hover img{box-shadow: 0px 0px 0 #00000070;}.uagb-block-2bdcf70c.wp-block-uagb-image--layout-overlay figure:hover img{box-shadow: 0px 0px 0 #00000070;}@media only screen and (max-width: 976px) {.uagb-block-2bdcf70c.wp-block-uagb-image .wp-block-uagb-image__figure img{width: px;height: auto;}}@media only screen and (max-width: 767px) {.uagb-block-2bdcf70c.wp-block-uagb-image .wp-block-uagb-image__figure img{width: px;height: auto;}}\";s:2:\"js\";s:0:\"\";s:18:\"current_block_list\";a:28:{i:0;s:10:\"core\/group\";i:2;s:24:\"core\/post-featured-image\";i:3;s:15:\"core\/post-title\";i:5;s:14:\"core\/post-date\";i:6;s:16:\"core\/post-author\";i:7;s:15:\"core\/post-terms\";i:8;s:17:\"core\/post-content\";i:9;s:14:\"core\/separator\";i:10;s:13:\"core\/comments\";i:11;s:19:\"core\/comments-title\";i:12;s:21:\"core\/comment-template\";i:15;s:11:\"core\/avatar\";i:16;s:24:\"core\/comment-author-name\";i:17;s:17:\"core\/comment-date\";i:18;s:20:\"core\/comment-content\";i:19;s:23:\"core\/comment-reply-link\";i:20;s:24:\"core\/comments-pagination\";i:21;s:33:\"core\/comments-pagination-previous\";i:22;s:32:\"core\/comments-pagination-numbers\";i:23;s:29:\"core\/comments-pagination-next\";i:24;s:23:\"core\/post-comments-form\";i:25;s:14:\"core\/tag-cloud\";i:26;s:12:\"core\/heading\";i:27;s:14:\"core\/paragraph\";i:28;s:12:\"core\/buttons\";i:29;s:11:\"core\/button\";i:30;s:10:\"uagb\/image\";i:31;s:10:\"core\/image\";}s:8:\"uag_flag\";b:1;s:11:\"uag_version\";s:10:\"1777544366\";s:6:\"gfonts\";a:0:{}s:10:\"gfonts_url\";s:0:\"\";s:12:\"gfonts_files\";a:0:{}s:14:\"uag_faq_layout\";b:0;}"]},"uagb_featured_image_src":{"full":["https:\/\/mv-sport.de\/c\/wp-content\/uploads\/2018\/05\/marco-koch_c_swim-performance.jpg",1000,668,false],"thumbnail":["https:\/\/mv-sport.de\/c\/wp-content\/uploads\/2018\/05\/marco-koch_c_swim-performance-150x150.jpg",150,150,true],"medium":["https:\/\/mv-sport.de\/c\/wp-content\/uploads\/2018\/05\/marco-koch_c_swim-performance-600x600.jpg",350,350,true],"medium_large":["https:\/\/mv-sport.de\/c\/wp-content\/uploads\/2018\/05\/marco-koch_c_swim-performance.jpg",768,513,false],"large":["https:\/\/mv-sport.de\/c\/wp-content\/uploads\/2018\/05\/marco-koch_c_swim-performance.jpg",1000,668,false],"1536x1536":["https:\/\/mv-sport.de\/c\/wp-content\/uploads\/2018\/05\/marco-koch_c_swim-performance.jpg",1000,668,false],"2048x2048":["https:\/\/mv-sport.de\/c\/wp-content\/uploads\/2018\/05\/marco-koch_c_swim-performance.jpg",1000,668,false],"ultp_layout_landscape_large":["https:\/\/mv-sport.de\/c\/wp-content\/uploads\/2018\/05\/marco-koch_c_swim-performance.jpg",1000,668,false],"ultp_layout_landscape":["https:\/\/mv-sport.de\/c\/wp-content\/uploads\/2018\/05\/marco-koch_c_swim-performance.jpg",853,570,false],"ultp_layout_portrait":["https:\/\/mv-sport.de\/c\/wp-content\/uploads\/2018\/05\/marco-koch_c_swim-performance.jpg",600,401,false],"ultp_layout_square":["https:\/\/mv-sport.de\/c\/wp-content\/uploads\/2018\/05\/marco-koch_c_swim-performance.jpg",600,401,false]},"uagb_author_info":{"display_name":"Marko Michels","author_link":"https:\/\/mv-sport.de\/c\/author\/marko-michels\/"},"uagb_comment_info":0,"uagb_excerpt":"Deutschlands Erfolgsschwimmer Marco Koch \u00fcber seine Ziele Er ist einer der erfolgreichsten Schwimmer Deutschlands: der Darmst\u00e4dter Marco Koch (DSW Darmstadt 2012). Der 28-j\u00e4hrige Student\u00a0 feierte insbesondere seit 2010 zahlreiche Erfolge im Elite-Bereich, wurde \u00fcber 200 Meter Brust Weltmeister 2015 bzw. Vize-Weltmeister 2013, schaffte EM-Gold 2014 \u00fcber 200 Meter Brust, errang zweimal Kurzbahn-WM-Gold auf den Bruststrecken&hellip;","_links":{"self":[{"href":"https:\/\/mv-sport.de\/c\/wp-json\/wp\/v2\/posts\/10441","targetHints":{"allow":["GET"]}}],"collection":[{"href":"https:\/\/mv-sport.de\/c\/wp-json\/wp\/v2\/posts"}],"about":[{"href":"https:\/\/mv-sport.de\/c\/wp-json\/wp\/v2\/types\/post"}],"author":[{"embeddable":true,"href":"https:\/\/mv-sport.de\/c\/wp-json\/wp\/v2\/users\/3"}],"replies":[{"embeddable":true,"href":"https:\/\/mv-sport.de\/c\/wp-json\/wp\/v2\/comments?post=10441"}],"version-history":[{"count":0,"href":"https:\/\/mv-sport.de\/c\/wp-json\/wp\/v2\/posts\/10441\/revisions"}],"wp:featuredmedia":[{"embeddable":true,"href":"https:\/\/mv-sport.de\/c\/wp-json\/wp\/v2\/media\/10453"}],"wp:attachment":[{"href":"https:\/\/mv-sport.de\/c\/wp-json\/wp\/v2\/media?parent=10441"}],"wp:term":[{"taxonomy":"category","embeddable":true,"href":"https:\/\/mv-sport.de\/c\/wp-json\/wp\/v2\/categories?post=10441"},{"taxonomy":"post_tag","embeddable":true,"href":"https:\/\/mv-sport.de\/c\/wp-json\/wp\/v2\/tags?post=10441"},{"taxonomy":"ort","embeddable":true,"href":"https:\/\/mv-sport.de\/c\/wp-json\/wp\/v2\/ort?post=10441"}],"curies":[{"name":"wp","href":"https:\/\/api.w.org\/{rel}","templated":true}]}}