{"id":105808,"date":"2022-04-03T11:56:04","date_gmt":"2022-04-03T09:56:04","guid":{"rendered":"https:\/\/mv-sport.de\/?p=105808"},"modified":"2022-04-07T12:11:42","modified_gmt":"2022-04-07T10:11:42","slug":"leistungssportkonferenz-des-lsb-m-v-trainerfortbildung-mit-starkem-thema","status":"publish","type":"post","link":"https:\/\/mv-sport.de\/c\/leistungssportkonferenz-des-lsb-m-v-trainerfortbildung-mit-starkem-thema\/","title":{"rendered":"Leistungssportkonferenz des LSB M-V: Trainerfortbildung mit starkem Thema"},"content":{"rendered":"<h3>Der Landessportbund M-V hatte am 31.03.2022 die im Leistungssport hauptamtlichen Trainerinnen und Trainer sowie Leistungssportverantwortliche aus den Landesfachverb\u00e4nden in die Sportschule nach G\u00fcstrow eingeladen.<\/h3>\n<p>Die Konferenz besch\u00e4ftigte sich mit zentralen Fragen der sportpsychologischen Betreuung von Sportlerinnen und Sportlern im Leistungssport. Dabei ging es insbesondere darum, wie Leistungspotenziale besser genutzt, mentale Ressourcen gest\u00e4rkt und die Kommunikation zwischen Athleten und Trainern optimiert werden k\u00f6nnen. Dar\u00fcber hinaus kamen die Trainer mit Kollegen aus anderen Sportarten in den fachlichen Austausch und k\u00f6nnen nun das eigene berufliche Netzwerk enger kn\u00fcpfen.<\/p>\n<figure id=\"attachment_105810\" aria-describedby=\"caption-attachment-105810\" style=\"width: 1024px\" class=\"wp-caption alignnone\"><img loading=\"lazy\" decoding=\"async\" class=\"size-full wp-image-105810\" src=\"https:\/\/mv-sport.de\/wp-content\/uploads\/2022\/04\/lsb-leistungssportkonferenz-plenum_c_lsb-mv-.jpg\" alt=\"\" width=\"1024\" height=\"768\" \/><figcaption id=\"caption-attachment-105810\" class=\"wp-caption-text\">Die im Leistungssport hauptamtlichen Trainerinnen und Trainer sowie Leistungssportverantwortliche aus den Landesfachverb\u00e4nden |<br \/><span style=\"color: #999999;\">Foto: LSB M-V<\/span><\/figcaption><\/figure>\n<p>In einer Videobotschaft sicherte Sport- und Sozialministerin Stefanie Drese die weitere Unterst\u00fctzung der Landesregierung f\u00fcr den Sport in Mecklenburg-Vorpommern zu. Nach der Begr\u00fc\u00dfung durch den LSB f\u00fchrte Moderatorin Kristin Behrens per Podiumsdiskussion mit der ehemaligen Volleyballerin Denise Hanke, dem Triathlon Trainer Frank Heimerdinger sowie dem Vizepr\u00e4sidenten Leistungssport des LSB Frank Benischke ins Konferenz-Thema ein.<\/p>\n<p>In den anschlie\u00dfenden Workshops gaben die Referenten Prof. Dr. Oliver Stoll (Professor f\u00fcr Sportwissenschaft mit dem Schwerpunkt Sportpsychologie und Sportp\u00e4dagogik an der Universit\u00e4t Halle), Berit Kauffeldt (freiberufliche Sportpsychologin) und Moritz Anderten (Sportpsychologe an der Deutschen Sporthochschule K\u00f6ln) konkrete sportpsychologische Trainings- und Coaching-Tools zur Stabilisierung und Optimierung der psychischen Leistungsf\u00e4higkeit. Sie thematisierten die mentale Gesundheit im Leistungssport, erl\u00e4uterten aber auch die Grenzen der Arbeit von Sportpsychologen und stellten professionelle Unterst\u00fctzungsangebote vor.<\/p>\n<p>Mentales Coaching ist nicht nur f\u00fcr Athleten ein \u00fcberaus n\u00fctzliches Instrument zur Verbesserung deren Leistungsf\u00e4higkeit, sondern das Wissen darum stellt auch f\u00fcr Trainer einen wichtigen Fundus f\u00fcr die Gestaltung des Trainingsplans dar.<\/p>\n<figure id=\"attachment_105811\" aria-describedby=\"caption-attachment-105811\" style=\"width: 1024px\" class=\"wp-caption alignnone\"><img loading=\"lazy\" decoding=\"async\" class=\"wp-image-105811 size-full\" src=\"https:\/\/mv-sport.de\/wp-content\/uploads\/2022\/04\/lsb-leistungssportkonferenz-workshop_c_lsb-mv.jpg\" alt=\"\" width=\"1024\" height=\"768\" \/><figcaption id=\"caption-attachment-105811\" class=\"wp-caption-text\">Konkrete sportpsychologische Trainings- und Coaching-Tools gab es in den Workshops. <span style=\"color: #999999;\">Foto: LSB M-V<\/span><\/figcaption><\/figure>\n<p>Die Teilnehmer diskutierten verschiedene Formen der Kommunikation und deren Bedeutung f\u00fcr die sportpsychologische Betreuung von Athleten. Vor allem bekamen sie praktische Handlungsempfehlungen f\u00fcr den Trainings- und Wettkampfalltag an die Hand.<\/p>\n<p>Der Landessportbund wird die Ergebnisse dokumentieren und aufgeworfene Fragestellungen aufgreifen. Es ist geplant, die Thematiken in weiteren Fortbildungsangeboten f\u00fcr die Trainer zu vertiefen.<\/p>\n<p><span style=\"color: #999999;\"><em>Text: LSB M-V \/Alex Goltz\/Barbara Adrian<\/em><\/span><\/p>\n","protected":false},"excerpt":{"rendered":"<p>Der Landessportbund M-V hatte am 31.03.2022 die im Leistungssport hauptamtlichen Trainerinnen und Trainer sowie Leistungssportverantwortliche aus den Landesfachverb\u00e4nden in die Sportschule nach G\u00fcstrow eingeladen. Die Konferenz besch\u00e4ftigte sich mit zentralen Fragen der sportpsychologischen Betreuung von Sportlerinnen und Sportlern im Leistungssport. Dabei ging es insbesondere darum, wie Leistungspotenziale besser genutzt, mentale Ressourcen gest\u00e4rkt und die Kommunikation [&hellip;]<\/p>\n","protected":false},"author":2,"featured_media":105810,"comment_status":"open","ping_status":"open","sticky":false,"template":"","format":"standard","meta":{"_seopress_robots_primary_cat":"none","_seopress_titles_title":"Leistungssportkonferenz des LSB M-V: Trainerfortbildung mit starkem Thema","_seopress_titles_desc":"Die Konferenz besch\u00e4ftigte sich mit zentralen Fragen der sportpsychologischen Betreuung von Sportlerinnen und Sportlern im Leistungssport. Dabei ging es insbesondere darum, wie Leistungspotenziale besser genutzt, mentale Ressourcen gest\u00e4rkt werden k\u00f6nnen.","_seopress_robots_index":"","_relevanssi_hide_post":"","_relevanssi_hide_content":"","_relevanssi_pin_for_all":"","_relevanssi_pin_keywords":"","_relevanssi_unpin_keywords":"","_relevanssi_related_keywords":"","_relevanssi_related_include_ids":"","_relevanssi_related_exclude_ids":"","_relevanssi_related_no_append":"","_relevanssi_related_not_related":"","_relevanssi_related_posts":"","_relevanssi_noindex_reason":"","_uag_custom_page_level_css":"","footnotes":""},"categories":[24],"tags":[],"ort":[],"class_list":{"0":"post-105808","1":"post","2":"type-post","3":"status-publish","4":"format-standard","5":"has-post-thumbnail","7":"category-sport-allgemein"},"featured_image_urls":{"medium":"https:\/\/mv-sport.de\/c\/wp-content\/uploads\/2022\/04\/lsb-leistungssportkonferenz-plenum_c_lsb-mv--600x600.jpg","medium_large":"https:\/\/mv-sport.de\/c\/wp-content\/uploads\/2022\/04\/lsb-leistungssportkonferenz-plenum_c_lsb-mv-.jpg","large":"https:\/\/mv-sport.de\/c\/wp-content\/uploads\/2022\/04\/lsb-leistungssportkonferenz-plenum_c_lsb-mv-.jpg","full":"https:\/\/mv-sport.de\/c\/wp-content\/uploads\/2022\/04\/lsb-leistungssportkonferenz-plenum_c_lsb-mv-.jpg","alt":"","caption":"Die im Leistungssport hauptamtlichen Trainerinnen und Trainer sowie Leistungssportverantwortliche aus den Landesfachverb\u00e4nden | Foto: LSB M-V"},"spectra_custom_meta":{"uab_option":["yes"],"uab_meta_position":["default"],"_extra_rating_average":["0"],"_seopress_analysis_data":["a:21:{s:5:\"title\";s:73:\"Leistungssportkonferenz des LSB M-V: Trainerfortbildung mit starkem Thema\";s:12:\"link_preview\";s:121:\"https:\/\/mv-sport.de\/leistungssportkonferenz-des-lsb-m-v-trainerfortbildung-mit-starkem-thema\/?no_admin_bar=1&preview=true\";s:9:\"meta_desc\";s:258:\"Die Konferenz besch\u00e4ftigte sich mit zentralen Fragen der sportpsychologischen Betreuung von Sportlerinnen und Sportlern im Leistungssport. Dabei ging es insbesondere darum, wie Leistungspotenziale besser genutzt, mentale Ressourcen gest\u00e4rkt werden k\u00f6nnen.\";s:8:\"og_title\";a:2:{s:5:\"count\";i:1;s:6:\"values\";a:1:{i:0;s:73:\"Leistungssportkonferenz des LSB M-V: Trainerfortbildung mit starkem Thema\";}}s:7:\"og_desc\";a:2:{s:5:\"count\";i:1;s:6:\"values\";a:1:{i:0;s:258:\"Die Konferenz besch\u00e4ftigte sich mit zentralen Fragen der sportpsychologischen Betreuung von Sportlerinnen und Sportlern im Leistungssport. Dabei ging es insbesondere darum, wie Leistungspotenziale besser genutzt, mentale Ressourcen gest\u00e4rkt werden k\u00f6nnen.\";}}s:6:\"og_img\";a:2:{s:5:\"count\";i:1;s:6:\"values\";a:1:{i:0;s:95:\"https:\/\/mv-sport.de\/wp-content\/uploads\/2022\/04\/lsb-leistungssportkonferenz-plenum_c_lsb-mv-.jpg\";}}s:6:\"og_url\";a:3:{s:5:\"count\";i:1;s:6:\"values\";a:1:{i:0;s:92:\"https:\/\/mv-sport.de\/leistungssportkonferenz-des-lsb-m-v-trainerfortbildung-mit-starkem-thema\";}s:4:\"host\";s:11:\"mv-sport.de\";}s:12:\"og_site_name\";a:2:{s:5:\"count\";i:1;s:6:\"values\";a:1:{i:0;s:72:\"MV-Sport.de - Sportvereine &amp; Sportnachrichten Mecklenburg-Vorpommern\";}}s:8:\"tw_title\";a:2:{s:5:\"count\";i:1;s:6:\"values\";a:1:{i:0;s:73:\"Leistungssportkonferenz des LSB M-V: Trainerfortbildung mit starkem Thema\";}}s:7:\"tw_desc\";a:2:{s:5:\"count\";i:1;s:6:\"values\";a:1:{i:0;s:258:\"Die Konferenz besch\u00e4ftigte sich mit zentralen Fragen der sportpsychologischen Betreuung von Sportlerinnen und Sportlern im Leistungssport. Dabei ging es insbesondere darum, wie Leistungspotenziale besser genutzt, mentale Ressourcen gest\u00e4rkt werden k\u00f6nnen.\";}}s:6:\"tw_img\";a:2:{s:5:\"count\";i:1;s:6:\"values\";a:1:{i:0;s:95:\"https:\/\/mv-sport.de\/wp-content\/uploads\/2022\/04\/lsb-leistungssportkonferenz-plenum_c_lsb-mv-.jpg\";}}s:9:\"canonical\";s:93:\"https:\/\/mv-sport.de\/leistungssportkonferenz-des-lsb-m-v-trainerfortbildung-mit-starkem-thema\/\";s:13:\"all_canonical\";a:1:{i:0;s:93:\"https:\/\/mv-sport.de\/leistungssportkonferenz-des-lsb-m-v-trainerfortbildung-mit-starkem-thema\/\";}s:2:\"h1\";a:1:{s:9:\"nomatches\";a:1:{s:5:\"count\";i:1;}}s:3:\"img\";a:1:{s:6:\"images\";a:2:{s:11:\"without_alt\";a:7:{i:0;s:95:\"https:\/\/mv-sport.de\/wp-content\/uploads\/2022\/04\/lsb-leistungssportkonferenz-plenum_c_lsb-mv-.jpg\";i:1;s:96:\"https:\/\/mv-sport.de\/wp-content\/uploads\/2022\/04\/lsb-leistungssportkonferenz-workshop_c_lsb-mv.jpg\";i:2;s:68:\"https:\/\/mv-sport.de\/wp-content\/uploads\/2017\/06\/logo_autor_profil.png\";i:3;s:77:\"https:\/\/mv-sport.de\/wp-content\/plugins\/sabai\/assets\/images\/no_image_small.png\";i:4;s:89:\"https:\/\/mv-sport.de\/wp-content\/sabai\/File\/thumbnails\/91eca0e52a91a46999b3a8aaa54dfb43.jpg\";i:5;s:89:\"https:\/\/mv-sport.de\/wp-content\/sabai\/File\/thumbnails\/92c14231e6734b943ed4958fb17a9a11.jpg\";i:6;s:61:\"https:\/\/mv-sport.de\/wp-content\/uploads\/2017\/05\/140x70px-3.gif\";}s:8:\"with_alt\";a:1:{i:0;s:46:\"https:\/\/c.ad-mv.de\/matomo.php?idsite=162&rec=1\";}}}s:11:\"meta_robots\";a:1:{i:0;a:1:{i:0;s:13:\"index, follow\";}}s:14:\"outbound_links\";a:8:{i:0;a:1:{s:34:\"https:\/\/www.facebook.com\/MVSportde\";s:0:\"\";}i:1;a:1:{s:37:\"https:\/\/www.instagram.com\/mv_sport.de\";s:0:\"\";}i:3;a:1:{s:28:\"http:\/\/www.elegantthemes.com\";s:14:\"Elegant Themes\";}i:4;a:1:{s:24:\"http:\/\/www.wordpress.org\";s:9:\"WordPress\";}i:5;a:1:{s:20:\"http:\/\/www.web-mv.de\";s:9:\"web-mv.de\";}i:6;a:1:{s:33:\"http:\/\/www.webdesign-schwerin.net\";s:0:\"\";}i:7;a:1:{s:34:\"https:\/\/www.facebook.com\/MVSportde\";s:13:\"\n    Like us!\";}i:8;a:1:{s:37:\"https:\/\/www.instagram.com\/mv_sport.de\";s:15:\"\n    Follow us!\";}}s:13:\"words_counter\";i:328;s:20:\"words_counter_unique\";i:208;s:4:\"json\";a:1:{i:0;s:14:\"BreadcrumbList\";}s:5:\"score\";b:0;}"],"_edit_lock":["1649326273:2"],"_edit_last":["2"],"_thumbnail_id":["105810"],"xyz_fbap_future_to_publish":["a:3:{s:18:\"post_fb_permission\";i:0;s:18:\"xyz_fbap_po_method\";s:1:\"2\";s:16:\"xyz_fbap_message\";s:32:\"{POST_TITLE}\r\n{POST_EXCERPT} ...\";}"],"_seopress_pro_schemas_manual":["a:1:{i:0;a:1:{s:32:\"_seopress_pro_rich_snippets_type\";s:4:\"none\";}}"],"_seopress_titles_title":["Leistungssportkonferenz des LSB M-V: Trainerfortbildung mit starkem Thema"],"_seopress_titles_desc":["Die Konferenz besch\u00e4ftigte sich mit zentralen Fragen der sportpsychologischen Betreuung von Sportlerinnen und Sportlern im Leistungssport. Dabei ging es insbesondere darum, wie Leistungspotenziale besser genutzt, mentale Ressourcen gest\u00e4rkt werden k\u00f6nnen."],"_seopress_robots_canonical":[""],"_seopress_robots_primary_cat":["none"],"_seopress_robots_breadcrumbs":[""],"_seopress_social_fb_title":[""],"_seopress_social_fb_desc":[""],"_seopress_social_fb_img":[""],"_seopress_social_fb_img_attachment_id":[""],"_seopress_social_fb_img_width":[""],"_seopress_social_fb_img_height":[""],"_seopress_social_twitter_title":[""],"_seopress_social_twitter_desc":[""],"_seopress_social_twitter_img":[""],"_seopress_social_twitter_img_attachment_id":[""],"_seopress_social_twitter_img_width":[""],"_seopress_social_twitter_img_height":[""],"_seopress_redirections_type":["301"],"_seopress_redirections_value":[""],"_seopress_redirections_logged_status":["both"],"_post_review_box_title":["Rezension"],"_post_review_box_summary":[""],"_post_review_box_summary_title":["Zusammenfassung"],"_post_review_box_breakdowns_score":["0"],"_post_review_box_breakdowns_count":["1"],"_post_review_box_breakdowns":["a:1:{i:0;a:2:{s:5:\"title\";s:0:\"\";s:6:\"rating\";i:0;}}"],"_extra_sidebar_location":[""],"_extra_sidebar":[""],"post_views_count":["107"],"_wp_old_date":["2022-04-07"],"_seopress_analysis_target_kw":[""],"wp_schema_pro_optimized_structured_data":["<!-- Schema optimized by Schema Pro --><script type=\"application\/ld+json\">{\"@context\":\"https:\/\/schema.org\",\"@type\":\"NewsArticle\",\"mainEntityOfPage\":{\"@type\":\"WebPage\",\"@id\":\"https:\/\/mv-sport.de\/leistungssportkonferenz-des-lsb-m-v-trainerfortbildung-mit-starkem-thema\/\"},\"headline\":\"Leistungssportkonferenz des LSB M-V: Trainerfortbildung mit starkem Thema\",\"image\":{\"@type\":\"ImageObject\",\"url\":\"https:\/\/mv-sport.de\/wp-content\/uploads\/2022\/04\/lsb-leistungssportkonferenz-plenum_c_lsb-mv-.jpg\",\"width\":1024,\"height\":768},\"datePublished\":\"2022-04-03T11:56:04\",\"dateModified\":\"2022-04-07T12:11:42\",\"author\":{\"@type\":\"Person\",\"name\":\"MV-Sport.de\",\"url\":\"https:\/\/mv-sport.de\/author\/mv-sport-de\"},\"publisher\":{\"@type\":\"Organization\",\"name\":\"MV-Sport.de - Sportvereine &amp; Sportnachrichten Mecklenburg-Vorpommern\",\"logo\":{\"@type\":\"ImageObject\",\"url\":\"https:\/\/mv-sport.de\/wp-content\/uploads\/2017\/05\/logo-mv-sport-292x60.png\"}}}<\/script><!-- \/ Schema optimized by Schema Pro -->"],"__post_views_count":["663"],"astra_style_timestamp_css":["1757563182"],"_uag_css_file_name":["uag-css-105808.css"],"_uag_page_assets":["a:9:{s:3:\"css\";s:7010:\".uagb-block-88f5875d.wp-block-uagb-image--layout-default figure img{box-shadow: 0px 0px 0 #00000070;}.uagb-block-88f5875d.wp-block-uagb-image .wp-block-uagb-image__figure figcaption{font-style: normal;align-self: center;}.uagb-block-88f5875d.wp-block-uagb-image--layout-overlay figure img{box-shadow: 0px 0px 0 #00000070;}.uagb-block-88f5875d.wp-block-uagb-image--layout-overlay .wp-block-uagb-image--layout-overlay__color-wrapper{opacity: 0.2;}.uagb-block-88f5875d.wp-block-uagb-image--layout-overlay .wp-block-uagb-image--layout-overlay__inner{left: 15px;right: 15px;top: 15px;bottom: 15px;}.uagb-block-88f5875d.wp-block-uagb-image--layout-overlay .wp-block-uagb-image--layout-overlay__inner .uagb-image-heading{font-style: normal;color: #fff;opacity: 1;}.uagb-block-88f5875d.wp-block-uagb-image--layout-overlay .wp-block-uagb-image--layout-overlay__inner .uagb-image-heading a{color: #fff;}.uagb-block-88f5875d.wp-block-uagb-image--layout-overlay .wp-block-uagb-image--layout-overlay__inner .uagb-image-caption{opacity: 0;}.uagb-block-88f5875d.wp-block-uagb-image--layout-overlay .wp-block-uagb-image__figure:hover .wp-block-uagb-image--layout-overlay__color-wrapper{opacity: 1;}.uagb-block-88f5875d.wp-block-uagb-image .wp-block-uagb-image--layout-overlay__inner .uagb-image-separator{width: 30%;border-top-width: 2px;border-top-color: #fff;opacity: 0;}.uagb-block-88f5875d.wp-block-uagb-image .wp-block-uagb-image__figure img{width: 297px;height: auto;}.uagb-block-88f5875d.wp-block-uagb-image .wp-block-uagb-image__figure:hover .wp-block-uagb-image--layout-overlay__inner .uagb-image-caption{opacity: 1;}.uagb-block-88f5875d.wp-block-uagb-image .wp-block-uagb-image__figure:hover .wp-block-uagb-image--layout-overlay__inner .uagb-image-separator{opacity: 1;}.uagb-block-88f5875d.wp-block-uagb-image--layout-default figure:hover img{box-shadow: 0px 0px 0 #00000070;}.uagb-block-88f5875d.wp-block-uagb-image--layout-overlay figure:hover img{box-shadow: 0px 0px 0 #00000070;}@media only screen and (max-width: 976px) {.uagb-block-88f5875d.wp-block-uagb-image .wp-block-uagb-image__figure img{width: 297px;height: auto;}}@media only screen and (max-width: 767px) {.uagb-block-88f5875d.wp-block-uagb-image .wp-block-uagb-image__figure img{width: 297px;height: auto;}}.uagb-block-b6c54374.wp-block-uagb-image{margin-top: 0px;margin-right: 0px;margin-bottom: 0px;margin-left: 0px;}.uagb-block-b6c54374.wp-block-uagb-image--layout-default figure img{box-shadow: 0px 0px 0 #00000070;}.uagb-block-b6c54374.wp-block-uagb-image .wp-block-uagb-image__figure figcaption{font-style: normal;align-self: center;}.uagb-block-b6c54374.wp-block-uagb-image--layout-overlay figure img{box-shadow: 0px 0px 0 #00000070;}.uagb-block-b6c54374.wp-block-uagb-image--layout-overlay .wp-block-uagb-image--layout-overlay__color-wrapper{opacity: 0.2;}.uagb-block-b6c54374.wp-block-uagb-image--layout-overlay .wp-block-uagb-image--layout-overlay__inner{left: 15px;right: 15px;top: 15px;bottom: 15px;}.uagb-block-b6c54374.wp-block-uagb-image--layout-overlay .wp-block-uagb-image--layout-overlay__inner .uagb-image-heading{font-style: normal;color: #fff;opacity: 1;}.uagb-block-b6c54374.wp-block-uagb-image--layout-overlay .wp-block-uagb-image--layout-overlay__inner .uagb-image-heading a{color: #fff;}.uagb-block-b6c54374.wp-block-uagb-image--layout-overlay .wp-block-uagb-image--layout-overlay__inner .uagb-image-caption{opacity: 0;}.uagb-block-b6c54374.wp-block-uagb-image--layout-overlay .wp-block-uagb-image__figure:hover .wp-block-uagb-image--layout-overlay__color-wrapper{opacity: 1;}.uagb-block-b6c54374.wp-block-uagb-image .wp-block-uagb-image--layout-overlay__inner .uagb-image-separator{width: 30%;border-top-width: 2px;border-top-color: #fff;opacity: 0;}.uagb-block-b6c54374.wp-block-uagb-image .wp-block-uagb-image__figure img{width: px;height: auto;}.uagb-block-b6c54374.wp-block-uagb-image .wp-block-uagb-image__figure:hover .wp-block-uagb-image--layout-overlay__inner .uagb-image-caption{opacity: 1;}.uagb-block-b6c54374.wp-block-uagb-image .wp-block-uagb-image__figure:hover .wp-block-uagb-image--layout-overlay__inner .uagb-image-separator{opacity: 1;}.uagb-block-b6c54374.wp-block-uagb-image--layout-default figure:hover img{box-shadow: 0px 0px 0 #00000070;}.uagb-block-b6c54374.wp-block-uagb-image--layout-overlay figure:hover img{box-shadow: 0px 0px 0 #00000070;}@media only screen and (max-width: 976px) {.uagb-block-b6c54374.wp-block-uagb-image .wp-block-uagb-image__figure img{width: px;height: auto;}}@media only screen and (max-width: 767px) {.uagb-block-b6c54374.wp-block-uagb-image .wp-block-uagb-image__figure img{width: px;height: auto;}}.uagb-block-2bdcf70c.wp-block-uagb-image{margin-top: 0px;margin-right: 0px;margin-bottom: 0px;margin-left: 0px;}.uagb-block-2bdcf70c.wp-block-uagb-image--layout-default figure img{box-shadow: 0px 0px 0 #00000070;}.uagb-block-2bdcf70c.wp-block-uagb-image .wp-block-uagb-image__figure figcaption{font-style: normal;align-self: center;}.uagb-block-2bdcf70c.wp-block-uagb-image--layout-overlay figure img{box-shadow: 0px 0px 0 #00000070;}.uagb-block-2bdcf70c.wp-block-uagb-image--layout-overlay .wp-block-uagb-image--layout-overlay__color-wrapper{opacity: 0.2;}.uagb-block-2bdcf70c.wp-block-uagb-image--layout-overlay .wp-block-uagb-image--layout-overlay__inner{left: 15px;right: 15px;top: 15px;bottom: 15px;}.uagb-block-2bdcf70c.wp-block-uagb-image--layout-overlay .wp-block-uagb-image--layout-overlay__inner .uagb-image-heading{font-style: normal;color: #fff;opacity: 1;}.uagb-block-2bdcf70c.wp-block-uagb-image--layout-overlay .wp-block-uagb-image--layout-overlay__inner .uagb-image-heading a{color: #fff;}.uagb-block-2bdcf70c.wp-block-uagb-image--layout-overlay .wp-block-uagb-image--layout-overlay__inner .uagb-image-caption{opacity: 0;}.uagb-block-2bdcf70c.wp-block-uagb-image--layout-overlay .wp-block-uagb-image__figure:hover .wp-block-uagb-image--layout-overlay__color-wrapper{opacity: 1;}.uagb-block-2bdcf70c.wp-block-uagb-image .wp-block-uagb-image--layout-overlay__inner .uagb-image-separator{width: 30%;border-top-width: 2px;border-top-color: #fff;opacity: 0;}.uagb-block-2bdcf70c.wp-block-uagb-image .wp-block-uagb-image__figure img{width: px;height: auto;}.uagb-block-2bdcf70c.wp-block-uagb-image .wp-block-uagb-image__figure:hover .wp-block-uagb-image--layout-overlay__inner .uagb-image-caption{opacity: 1;}.uagb-block-2bdcf70c.wp-block-uagb-image .wp-block-uagb-image__figure:hover .wp-block-uagb-image--layout-overlay__inner .uagb-image-separator{opacity: 1;}.uagb-block-2bdcf70c.wp-block-uagb-image--layout-default figure:hover img{box-shadow: 0px 0px 0 #00000070;}.uagb-block-2bdcf70c.wp-block-uagb-image--layout-overlay figure:hover img{box-shadow: 0px 0px 0 #00000070;}@media only screen and (max-width: 976px) {.uagb-block-2bdcf70c.wp-block-uagb-image .wp-block-uagb-image__figure img{width: px;height: auto;}}@media only screen and (max-width: 767px) {.uagb-block-2bdcf70c.wp-block-uagb-image .wp-block-uagb-image__figure img{width: px;height: auto;}}\";s:2:\"js\";s:0:\"\";s:18:\"current_block_list\";a:28:{i:0;s:10:\"core\/group\";i:2;s:24:\"core\/post-featured-image\";i:3;s:15:\"core\/post-title\";i:5;s:14:\"core\/post-date\";i:6;s:16:\"core\/post-author\";i:7;s:15:\"core\/post-terms\";i:8;s:17:\"core\/post-content\";i:9;s:14:\"core\/separator\";i:10;s:13:\"core\/comments\";i:11;s:19:\"core\/comments-title\";i:12;s:21:\"core\/comment-template\";i:15;s:11:\"core\/avatar\";i:16;s:24:\"core\/comment-author-name\";i:17;s:17:\"core\/comment-date\";i:18;s:20:\"core\/comment-content\";i:19;s:23:\"core\/comment-reply-link\";i:20;s:24:\"core\/comments-pagination\";i:21;s:33:\"core\/comments-pagination-previous\";i:22;s:32:\"core\/comments-pagination-numbers\";i:23;s:29:\"core\/comments-pagination-next\";i:24;s:23:\"core\/post-comments-form\";i:25;s:14:\"core\/tag-cloud\";i:26;s:12:\"core\/heading\";i:27;s:14:\"core\/paragraph\";i:28;s:12:\"core\/buttons\";i:29;s:11:\"core\/button\";i:30;s:10:\"uagb\/image\";i:31;s:10:\"core\/image\";}s:8:\"uag_flag\";b:1;s:11:\"uag_version\";s:10:\"1776861541\";s:6:\"gfonts\";a:0:{}s:10:\"gfonts_url\";s:0:\"\";s:12:\"gfonts_files\";a:0:{}s:14:\"uag_faq_layout\";b:0;}"]},"uagb_featured_image_src":{"full":["https:\/\/mv-sport.de\/c\/wp-content\/uploads\/2022\/04\/lsb-leistungssportkonferenz-plenum_c_lsb-mv-.jpg",1024,768,false],"thumbnail":["https:\/\/mv-sport.de\/c\/wp-content\/uploads\/2022\/04\/lsb-leistungssportkonferenz-plenum_c_lsb-mv--150x150.jpg",150,150,true],"medium":["https:\/\/mv-sport.de\/c\/wp-content\/uploads\/2022\/04\/lsb-leistungssportkonferenz-plenum_c_lsb-mv--600x600.jpg",350,350,true],"medium_large":["https:\/\/mv-sport.de\/c\/wp-content\/uploads\/2022\/04\/lsb-leistungssportkonferenz-plenum_c_lsb-mv-.jpg",768,576,false],"large":["https:\/\/mv-sport.de\/c\/wp-content\/uploads\/2022\/04\/lsb-leistungssportkonferenz-plenum_c_lsb-mv-.jpg",1024,768,false],"1536x1536":["https:\/\/mv-sport.de\/c\/wp-content\/uploads\/2022\/04\/lsb-leistungssportkonferenz-plenum_c_lsb-mv-.jpg",1024,768,false],"2048x2048":["https:\/\/mv-sport.de\/c\/wp-content\/uploads\/2022\/04\/lsb-leistungssportkonferenz-plenum_c_lsb-mv-.jpg",1024,768,false],"ultp_layout_landscape_large":["https:\/\/mv-sport.de\/c\/wp-content\/uploads\/2022\/04\/lsb-leistungssportkonferenz-plenum_c_lsb-mv-.jpg",1024,768,false],"ultp_layout_landscape":["https:\/\/mv-sport.de\/c\/wp-content\/uploads\/2022\/04\/lsb-leistungssportkonferenz-plenum_c_lsb-mv-.jpg",760,570,false],"ultp_layout_portrait":["https:\/\/mv-sport.de\/c\/wp-content\/uploads\/2022\/04\/lsb-leistungssportkonferenz-plenum_c_lsb-mv-.jpg",600,450,false],"ultp_layout_square":["https:\/\/mv-sport.de\/c\/wp-content\/uploads\/2022\/04\/lsb-leistungssportkonferenz-plenum_c_lsb-mv-.jpg",600,450,false]},"uagb_author_info":{"display_name":"MV-Sport.de","author_link":"https:\/\/mv-sport.de\/c\/author\/mv-sport-de\/"},"uagb_comment_info":0,"uagb_excerpt":"Der Landessportbund M-V hatte am 31.03.2022 die im Leistungssport hauptamtlichen Trainerinnen und Trainer sowie Leistungssportverantwortliche aus den Landesfachverb\u00e4nden in die Sportschule nach G\u00fcstrow eingeladen. Die Konferenz besch\u00e4ftigte sich mit zentralen Fragen der sportpsychologischen Betreuung von Sportlerinnen und Sportlern im Leistungssport. Dabei ging es insbesondere darum, wie Leistungspotenziale besser genutzt, mentale Ressourcen gest\u00e4rkt und die Kommunikation&hellip;","_links":{"self":[{"href":"https:\/\/mv-sport.de\/c\/wp-json\/wp\/v2\/posts\/105808","targetHints":{"allow":["GET"]}}],"collection":[{"href":"https:\/\/mv-sport.de\/c\/wp-json\/wp\/v2\/posts"}],"about":[{"href":"https:\/\/mv-sport.de\/c\/wp-json\/wp\/v2\/types\/post"}],"author":[{"embeddable":true,"href":"https:\/\/mv-sport.de\/c\/wp-json\/wp\/v2\/users\/2"}],"replies":[{"embeddable":true,"href":"https:\/\/mv-sport.de\/c\/wp-json\/wp\/v2\/comments?post=105808"}],"version-history":[{"count":0,"href":"https:\/\/mv-sport.de\/c\/wp-json\/wp\/v2\/posts\/105808\/revisions"}],"wp:featuredmedia":[{"embeddable":true,"href":"https:\/\/mv-sport.de\/c\/wp-json\/wp\/v2\/media\/105810"}],"wp:attachment":[{"href":"https:\/\/mv-sport.de\/c\/wp-json\/wp\/v2\/media?parent=105808"}],"wp:term":[{"taxonomy":"category","embeddable":true,"href":"https:\/\/mv-sport.de\/c\/wp-json\/wp\/v2\/categories?post=105808"},{"taxonomy":"post_tag","embeddable":true,"href":"https:\/\/mv-sport.de\/c\/wp-json\/wp\/v2\/tags?post=105808"},{"taxonomy":"ort","embeddable":true,"href":"https:\/\/mv-sport.de\/c\/wp-json\/wp\/v2\/ort?post=105808"}],"curies":[{"name":"wp","href":"https:\/\/api.w.org\/{rel}","templated":true}]}}