{"id":11093,"date":"2018-06-13T13:51:08","date_gmt":"2018-06-13T11:51:08","guid":{"rendered":"https:\/\/mv-sport.de\/?p=11093"},"modified":"2018-06-13T13:51:08","modified_gmt":"2018-06-13T11:51:08","slug":"tav-brueel-eine-erfolgsgeschichte-nach-kompletter-umgestaltung","status":"publish","type":"post","link":"https:\/\/mv-sport.de\/c\/tav-brueel-eine-erfolgsgeschichte-nach-kompletter-umgestaltung\/","title":{"rendered":"TAV Br\u00fcel &#8211; Eine Erfolgsgeschichte nach kompletter Umgestaltung"},"content":{"rendered":"<h3><span style=\"color: #808080;\">2014 stand der TAV Br\u00fcel fast vor dem Ende &#8211; In nur vier Jahren ist es dem Vorstand gelungen, den Verein auf gesunde F\u00fc\u00dfe zu stellen. Der wiedergew\u00e4hlte Vorsitzende Torsten Lange blickt auf 4 Jahre intensiver Arbeit zur\u00fcck.<\/span><\/h3>\n<p>Am 18.05.2018 lud der TAV Br\u00fcel e.V. zur Jahreshauptversammlung. Neben der Entlastung des alten und der Wahl eines neuen Vorstandes stand die Best\u00e4tigung der \u00fcberarbeiteten Satzung auf der Tagesordnung. Nach der einstimmigen Best\u00e4tigung der Satzung wurde durch den alten und auch neuen Vorsitzenden Torsten Lange ein Res\u00fcmee der letzten Amtszeit (4 Jahre) gezogen.<\/p>\n<p>Lange erkl\u00e4rte, dass es dem Verein 2014 nicht besonders gut ging. Der Turn- und Athletenverein hatte bei 27 zahlenden Mitgliedern eine Vielzahl unbezahlter und zu diesem Zeitpunkt noch nicht bekannter Rechnungen, die den Vorstand immer aufs Neue \u00fcberraschten. Die Ausstattung war zum gro\u00dfen Teil besch\u00e4digt und auch sehr d\u00fcrftig. Mit der Wahl 2014 war klar, dass es ein &#8222;Weiter&#8220; so nicht geben kann, wenn der Verein noch l\u00e4nger existieren will. Bedingung an den damals neu gew\u00e4hlten Vorstand war die komplette Umgestaltung des Vereins. Der TAV musste auf gesunde F\u00fc\u00dfe gestellt werden. Dabei sollte neben Kraftsport und Gewichtheben vor allen Dingen auch der Bereich Fitness- und Gesundheitssport entwickelt werden.<\/p>\n<p>Diesen Weg schritt der TAV dann schlie\u00dflich auch ein. So gab es Sonderumlagen f\u00fcr ein neues Schlie\u00dfsystem, damit das Training im Zusammenwirken mit einer neuen Hausordnung fast rund um die Uhr m\u00f6glich wurde. Auch konnten mit dem Geld die wichtigsten Reparaturen ausgef\u00fchrt werden. Es wurde ein Kursraum eingerichtet und vermietet. Kurse der Rheumaliga, des AOK Gesundheitssportes, verschiedener R\u00fcckenschulen und Yogakurse waren nun m\u00f6glich und finden bis heute statt. Durch die Einnahmen aus der Vermietung, aber auch durch die wachsende Mitgliederzahl resultierend aus den neuen Trainingszeiten, war eine neue finanzielle Grundlage zur weiteren Entwicklung des Vereins geschaffen worden. Das Sponsoring von verschiedenen Sportger\u00e4ten durch Jens Kohlhaus erm\u00f6glichte es dem Verein, das Sportangebot zu erweitern. Im Kardiobereich wurde hier ein gro\u00dfer Schritt gemacht. Der TAV hat in der vergangenen Legislaturperiode auch den gesamten Nasszellen-, Umkleide- und Barbereich erneuert. Was wiederum zu einer wachsenden Mitgliederzahl f\u00fchrte.<br \/>\nAuch die Einf\u00fchrung der Partnerkarte brachte den gew\u00fcnschten Erfolg eines guten Trainingsklimas und einer wachsenden Mitgliederzahl.<br \/>\nStand Mai 2018 hat der Verein 67 weibliche und 87 m\u00e4nnliche Mitglieder.<\/p>\n<p>Durch die Ausbildung von 3 Sportlern des Vereins zu Reha Trainern im Jahr 2016 kann der TAV derzeit 6 Rehakurse anbieten. Leider ist hier nur ein Gewinn f\u00fcr den Verein zu erzielen, wenn alle Gruppen immer voll belegt sind. Das ist in der Realit\u00e4t so nicht zu machen. Aber als gemeinn\u00fctziger Verein ist der TAV nat\u00fcrlich auch daf\u00fcr da, Gesundheitsangebote zu machen. Wichtig ist auch, dass die Trainer Heidi Unruh, Sibylle Lange und Harry Barth gro\u00dfe Freude bei dieser Arbeit haben.<\/p>\n<p>Nach der kompletten Fassadenrenovierung im Jahre 2017 wurde auch von au\u00dfen der Wandel des Vereins sichtbar. Seit dem letzten Jahr besteht unter der Leitung von Harry Barth wieder eine Kinder-und Jugendtrainingsgruppe. Neben dem leistungsorientierten Sport ist f\u00fcr die Kinder und Jugendlichen die einfache sportliche Bet\u00e4tigung m\u00f6glich.<\/p>\n<p>Seit 2018 hat der Verein nicht mehr die M\u00f6glichkeit, Nichtmitglieder trainieren zu lassen bzw. f\u00fcr solche die Sauna zur Verf\u00fcgung zu stellen. Hierf\u00fcr w\u00e4ren eine umfangreiche Nichtmitgliederversicherung und die Mitgliedschaft in einer Berufsgenossenschaft erforderlich. Zudem w\u00e4re dann der Erhalt der Gemeinn\u00fctzigkeit gef\u00e4hrdet.<\/p>\n<p>Ende 2017 war eine Mitgliederzahl erreicht, die es dem TAV erlaubte ein neues Gro\u00dfprojekt in Angriff zu nehmen. Die \u201ealte Sporthalle\u201c sollte sein Eigen werden. Die Halle konnte mit Wirkung vom 01.01.2018 f\u00fcr 20 Jahre von der Stadt Br\u00fcel gepachtet werden. Mit dieser Sporthalle will der TAV f\u00fcr seine Mitglieder die Angebotspalette in Richtung Volleyball, Badminton, Tennis, Basketball und anderen Sportarten erweitern. Mit Hilfe vieler Sponsoren und Unterst\u00fctzern sowie einer Vielzahl von geleisteten Arbeitsstunden der Mitglieder konnte die Halle am 27. Mai 2018 der Nutzung \u00fcbergeben werden.<br \/>\nZiel ist es durch die Hallennutzung weitere Mitglieder z.B. auch speziell f\u00fcr den Bereich Badminton, Volleyball oder anderen Hallensportarten zu gewinnen. Auch will der Verein ausloten in wie fern es m\u00f6glich ist, eine Kindersportgruppe f\u00fcr 6 bis 10 J\u00e4hrige \u201eFreude an Bewegung\u201c ins Leben zu rufen.<br \/>\nSportlich hat der Verein sowohl im Gewichtheben, aber auch im Bereich Kraftsport gro\u00dfe Erfolge aufzuweisen.<\/p>\n<p><strong>Weiterhin gab der Vereinsvorsitzende noch einen Ausblick auf anstehende Aufgaben f\u00fcr die n\u00e4chste Wahlperiode:<\/strong><\/p>\n<p>Es muss in K\u00fcrze eine L\u00fcftung f\u00fcr die Halle installiert und zum Herbst ein Heizungsgebl\u00e4se eingebaut werden. Der Fu\u00dfboden im Kraftbereich muss erneuert werden nachdem dort die Decke und die W\u00e4nde einen neuen Anstrich erhielten. Dann steht die Sanierung der Fassade f\u00fcr die alte Sporthalle an, damit sie im gleichen Glanz wie der Kraftsporttrakt erstrahlen kann. In diesem Zusammenhang muss dann auch die Haupttreppe zur Sporthalle erneuert werden. Perspektivisch gilt es Toiletten in der Halle einzubauen. Des Weiteren ist geplant einen gro\u00dfen Saunabalkon vor dem Fenster des Saunabereichs zu installieren.<\/p>\n<p>Die vielen geleisteten Arbeiten w\u00e4ren ohne die Sponsoren und Unterst\u00fctzer des Vereins nicht m\u00f6glich: genannt wurden hier die Gesch\u00e4ftsf\u00fchrer stellvertretend f\u00fcr ihre Firmen: R\u00fcdiger Strege, Ralf Schumacher, Heiko Timmermann, Steffen Kr\u00fcger, R\u00fcdiger Piehl, DHG Br\u00fcel, Sparkasse Parchim-L\u00fcbz, Ger\u00fcstbau K\u00f6nig, Reiner Nebe, Torsten Suhr, R\u00fcdiger Rudloff, Willy Meyer, Stephan Westphal, Silvio Techel. Weitere Unterst\u00fctzer sind:, B\u00fcrgermeister J\u00fcrgen Goldberg, Landtagsabgeordneter Thomas Schwarz, die betreuenden \u00c4rztin f\u00fcr unseren Gesundheitssport Frau Dr. M\u00fcller; der Kreis- und Landessportbund, die SVZ und die Redaktion des Amtsblattes.<\/p>\n<p>Der Vereinsvorsitzende Torsten Lange bedankte sich auch bei allen anderen flei\u00dfigen Mitgliedern, die nicht alle pers\u00f6nlich genannt wurden.<br \/>\nNach dem Rechenschaftsbericht folgte der Kassenbericht durch Heike Junghans. Beide Berichte wurden nicht beanstandet und es gab keine Gr\u00fcnde f\u00fcr eine Diskussion \u00fcber die Berichte.<\/p>\n<p><strong>Anschlie\u00dfend konnte dann zur Wahl geschritten werden. Gew\u00e4hlt wurden f\u00fcr den gesch\u00e4ftsf\u00fchrenden Vorstand als<\/strong><br \/>\nVorsitzender: Sportfreund Torsten Lange,<br \/>\nStellvertretender Vorsitzender: Sportfreund Henning Tiedje<br \/>\nKassenwart: Sportfreundin Heike Junghans<br \/>\nAls Sportbereichsverantwortliche und gleichzeitig f\u00fcr den erweiterten Vorstand wurden gew\u00e4hlt:<br \/>\nF\u00fcr den Bereich Kraftsport: Sportfreund Henning Tiedje<br \/>\nF\u00fcr Bereich Fitness und Sauna: Sportfreund Martin Oehlke<br \/>\nF\u00fcr den Bereich Gesundheits-und Reha-Sport: Sportfreundin Sibylle Lange<br \/>\nF\u00fcr den Bereich Gewichtheben: Sportfreund Harry Barth<\/p>\n<p>Der Turn-und Athletenverein Br\u00fcel e.V. w\u00fcnscht sich auch f\u00fcr die n\u00e4chsten Jahre eine weiterhin so gute und fruchtbare Zusammenarbeit mit den Sponsoren, Unterst\u00fctzern und den B\u00fcrgern der Stadt.<\/p>\n<p><em>von Torsten Lange<\/em><\/p>\n","protected":false},"excerpt":{"rendered":"<p>2014 stand der TAV Br\u00fcel fast vor dem Ende &#8211; In nur vier Jahren ist es dem Vorstand gelungen, den Verein auf gesunde F\u00fc\u00dfe zu stellen. Der wiedergew\u00e4hlte Vorsitzende Torsten Lange blickt auf 4 Jahre intensiver Arbeit zur\u00fcck. Am 18.05.2018 lud der TAV Br\u00fcel e.V. zur Jahreshauptversammlung. Neben der Entlastung des alten und der Wahl [&hellip;]<\/p>\n","protected":false},"author":2,"featured_media":7602,"comment_status":"open","ping_status":"open","sticky":false,"template":"","format":"standard","meta":{"_seopress_robots_primary_cat":"","_seopress_titles_title":"","_seopress_titles_desc":"","_seopress_robots_index":"","_relevanssi_hide_post":"","_relevanssi_hide_content":"","_relevanssi_pin_for_all":"","_relevanssi_pin_keywords":"","_relevanssi_unpin_keywords":"","_relevanssi_related_keywords":"","_relevanssi_related_include_ids":"","_relevanssi_related_exclude_ids":"","_relevanssi_related_no_append":"","_relevanssi_related_not_related":"","_relevanssi_related_posts":"","_relevanssi_noindex_reason":"","_uag_custom_page_level_css":"","footnotes":""},"categories":[24],"tags":[],"ort":[],"class_list":{"0":"post-11093","1":"post","2":"type-post","3":"status-publish","4":"format-standard","5":"has-post-thumbnail","7":"category-sport-allgemein"},"featured_image_urls":{"medium":"https:\/\/mv-sport.de\/c\/wp-content\/uploads\/2017\/12\/gewichtheben-beispiel-symbolfoto-600x600.jpg","medium_large":"https:\/\/mv-sport.de\/c\/wp-content\/uploads\/2017\/12\/gewichtheben-beispiel-symbolfoto.jpg","large":"https:\/\/mv-sport.de\/c\/wp-content\/uploads\/2017\/12\/gewichtheben-beispiel-symbolfoto.jpg","full":"https:\/\/mv-sport.de\/c\/wp-content\/uploads\/2017\/12\/gewichtheben-beispiel-symbolfoto.jpg","alt":"","caption":"Gewichtheben - Symbolbild"},"spectra_custom_meta":{"uab_option":["yes"],"uab_meta_position":["default"],"_extra_rating_average":["0"],"_edit_lock":["1528890659:2"],"_edit_last":["2"],"_et_pb_use_builder":[""],"_et_builder_version":["BB|Divi|3.6"],"_et_pb_ab_stats_refresh_interval":["hourly"],"_et_pb_old_content":[""],"_et_pb_enable_shortcode_tracking":[""],"_et_pb_custom_css":[""],"_yoast_wpseo_primary_category":["24"],"_post_review_box_title":["Review"],"_post_review_box_summary":[""],"_post_review_box_summary_title":["Summary"],"_post_review_box_breakdowns_score":["0"],"_post_review_box_breakdowns_count":["1"],"_post_review_box_breakdowns":["a:1:{i:0;a:2:{s:5:\"title\";s:0:\"\";s:6:\"rating\";i:0;}}"],"_extra_sidebar_location":[""],"_extra_sidebar":[""],"post_views_count":["1055"],"_thumbnail_id":["7602"],"xyz_fbap":["1"],"xyz_fbap_insert_og":["0"],"wp_schema_pro_optimized_structured_data":["<!-- Schema optimized by Schema Pro --><script type=\"application\/ld+json\">{\"@context\":\"https:\/\/schema.org\",\"@type\":\"NewsArticle\",\"mainEntityOfPage\":{\"@type\":\"WebPage\",\"@id\":\"https:\/\/mv-sport.de\/tav-brueel-eine-erfolgsgeschichte-nach-kompletter-umgestaltung\/\"},\"headline\":\"TAV Br\u00fcel - Eine Erfolgsgeschichte nach kompletter Umgestaltung\",\"image\":{\"@type\":\"ImageObject\",\"url\":\"https:\/\/mv-sport.de\/wp-content\/uploads\/2017\/12\/gewichtheben-beispiel-symbolfoto.jpg\",\"width\":1000,\"height\":667},\"datePublished\":\"2018-06-13T13:51:08\",\"dateModified\":\"2018-06-13T13:51:08\",\"author\":{\"@type\":\"Person\",\"name\":\"MV-Sport.de\",\"url\":\"https:\/\/mv-sport.de\/author\/mv-sport-de\"},\"publisher\":{\"@type\":\"Organization\",\"name\":\"MV-Sport.de - Sportvereine &amp; Sportnachrichten Mecklenburg-Vorpommern\",\"logo\":{\"@type\":\"ImageObject\",\"url\":\"https:\/\/mv-sport.de\/wp-content\/uploads\/2017\/05\/logo-mv-sport-292x60.png\"}}}<\/script><!-- \/ Schema optimized by Schema Pro -->"],"__post_views_count":["1385"],"astra_style_timestamp_css":["1757509974"],"_uag_css_file_name":["uag-css-11093.css"],"_uag_page_assets":["a:9:{s:3:\"css\";s:7010:\".uagb-block-88f5875d.wp-block-uagb-image--layout-default figure img{box-shadow: 0px 0px 0 #00000070;}.uagb-block-88f5875d.wp-block-uagb-image .wp-block-uagb-image__figure figcaption{font-style: normal;align-self: center;}.uagb-block-88f5875d.wp-block-uagb-image--layout-overlay figure img{box-shadow: 0px 0px 0 #00000070;}.uagb-block-88f5875d.wp-block-uagb-image--layout-overlay .wp-block-uagb-image--layout-overlay__color-wrapper{opacity: 0.2;}.uagb-block-88f5875d.wp-block-uagb-image--layout-overlay .wp-block-uagb-image--layout-overlay__inner{left: 15px;right: 15px;top: 15px;bottom: 15px;}.uagb-block-88f5875d.wp-block-uagb-image--layout-overlay .wp-block-uagb-image--layout-overlay__inner .uagb-image-heading{font-style: normal;color: #fff;opacity: 1;}.uagb-block-88f5875d.wp-block-uagb-image--layout-overlay .wp-block-uagb-image--layout-overlay__inner .uagb-image-heading a{color: #fff;}.uagb-block-88f5875d.wp-block-uagb-image--layout-overlay .wp-block-uagb-image--layout-overlay__inner .uagb-image-caption{opacity: 0;}.uagb-block-88f5875d.wp-block-uagb-image--layout-overlay .wp-block-uagb-image__figure:hover .wp-block-uagb-image--layout-overlay__color-wrapper{opacity: 1;}.uagb-block-88f5875d.wp-block-uagb-image .wp-block-uagb-image--layout-overlay__inner .uagb-image-separator{width: 30%;border-top-width: 2px;border-top-color: #fff;opacity: 0;}.uagb-block-88f5875d.wp-block-uagb-image .wp-block-uagb-image__figure img{width: 297px;height: auto;}.uagb-block-88f5875d.wp-block-uagb-image .wp-block-uagb-image__figure:hover .wp-block-uagb-image--layout-overlay__inner .uagb-image-caption{opacity: 1;}.uagb-block-88f5875d.wp-block-uagb-image .wp-block-uagb-image__figure:hover .wp-block-uagb-image--layout-overlay__inner .uagb-image-separator{opacity: 1;}.uagb-block-88f5875d.wp-block-uagb-image--layout-default figure:hover img{box-shadow: 0px 0px 0 #00000070;}.uagb-block-88f5875d.wp-block-uagb-image--layout-overlay figure:hover img{box-shadow: 0px 0px 0 #00000070;}@media only screen and (max-width: 976px) {.uagb-block-88f5875d.wp-block-uagb-image .wp-block-uagb-image__figure img{width: 297px;height: auto;}}@media only screen and (max-width: 767px) {.uagb-block-88f5875d.wp-block-uagb-image .wp-block-uagb-image__figure img{width: 297px;height: auto;}}.uagb-block-b6c54374.wp-block-uagb-image{margin-top: 0px;margin-right: 0px;margin-bottom: 0px;margin-left: 0px;}.uagb-block-b6c54374.wp-block-uagb-image--layout-default figure img{box-shadow: 0px 0px 0 #00000070;}.uagb-block-b6c54374.wp-block-uagb-image .wp-block-uagb-image__figure figcaption{font-style: normal;align-self: center;}.uagb-block-b6c54374.wp-block-uagb-image--layout-overlay figure img{box-shadow: 0px 0px 0 #00000070;}.uagb-block-b6c54374.wp-block-uagb-image--layout-overlay .wp-block-uagb-image--layout-overlay__color-wrapper{opacity: 0.2;}.uagb-block-b6c54374.wp-block-uagb-image--layout-overlay .wp-block-uagb-image--layout-overlay__inner{left: 15px;right: 15px;top: 15px;bottom: 15px;}.uagb-block-b6c54374.wp-block-uagb-image--layout-overlay .wp-block-uagb-image--layout-overlay__inner .uagb-image-heading{font-style: normal;color: #fff;opacity: 1;}.uagb-block-b6c54374.wp-block-uagb-image--layout-overlay .wp-block-uagb-image--layout-overlay__inner .uagb-image-heading a{color: #fff;}.uagb-block-b6c54374.wp-block-uagb-image--layout-overlay .wp-block-uagb-image--layout-overlay__inner .uagb-image-caption{opacity: 0;}.uagb-block-b6c54374.wp-block-uagb-image--layout-overlay .wp-block-uagb-image__figure:hover .wp-block-uagb-image--layout-overlay__color-wrapper{opacity: 1;}.uagb-block-b6c54374.wp-block-uagb-image .wp-block-uagb-image--layout-overlay__inner .uagb-image-separator{width: 30%;border-top-width: 2px;border-top-color: #fff;opacity: 0;}.uagb-block-b6c54374.wp-block-uagb-image .wp-block-uagb-image__figure img{width: px;height: auto;}.uagb-block-b6c54374.wp-block-uagb-image .wp-block-uagb-image__figure:hover .wp-block-uagb-image--layout-overlay__inner .uagb-image-caption{opacity: 1;}.uagb-block-b6c54374.wp-block-uagb-image .wp-block-uagb-image__figure:hover .wp-block-uagb-image--layout-overlay__inner .uagb-image-separator{opacity: 1;}.uagb-block-b6c54374.wp-block-uagb-image--layout-default figure:hover img{box-shadow: 0px 0px 0 #00000070;}.uagb-block-b6c54374.wp-block-uagb-image--layout-overlay figure:hover img{box-shadow: 0px 0px 0 #00000070;}@media only screen and (max-width: 976px) {.uagb-block-b6c54374.wp-block-uagb-image .wp-block-uagb-image__figure img{width: px;height: auto;}}@media only screen and (max-width: 767px) {.uagb-block-b6c54374.wp-block-uagb-image .wp-block-uagb-image__figure img{width: px;height: auto;}}.uagb-block-2bdcf70c.wp-block-uagb-image{margin-top: 0px;margin-right: 0px;margin-bottom: 0px;margin-left: 0px;}.uagb-block-2bdcf70c.wp-block-uagb-image--layout-default figure img{box-shadow: 0px 0px 0 #00000070;}.uagb-block-2bdcf70c.wp-block-uagb-image .wp-block-uagb-image__figure figcaption{font-style: normal;align-self: center;}.uagb-block-2bdcf70c.wp-block-uagb-image--layout-overlay figure img{box-shadow: 0px 0px 0 #00000070;}.uagb-block-2bdcf70c.wp-block-uagb-image--layout-overlay .wp-block-uagb-image--layout-overlay__color-wrapper{opacity: 0.2;}.uagb-block-2bdcf70c.wp-block-uagb-image--layout-overlay .wp-block-uagb-image--layout-overlay__inner{left: 15px;right: 15px;top: 15px;bottom: 15px;}.uagb-block-2bdcf70c.wp-block-uagb-image--layout-overlay .wp-block-uagb-image--layout-overlay__inner .uagb-image-heading{font-style: normal;color: #fff;opacity: 1;}.uagb-block-2bdcf70c.wp-block-uagb-image--layout-overlay .wp-block-uagb-image--layout-overlay__inner .uagb-image-heading a{color: #fff;}.uagb-block-2bdcf70c.wp-block-uagb-image--layout-overlay .wp-block-uagb-image--layout-overlay__inner .uagb-image-caption{opacity: 0;}.uagb-block-2bdcf70c.wp-block-uagb-image--layout-overlay .wp-block-uagb-image__figure:hover .wp-block-uagb-image--layout-overlay__color-wrapper{opacity: 1;}.uagb-block-2bdcf70c.wp-block-uagb-image .wp-block-uagb-image--layout-overlay__inner .uagb-image-separator{width: 30%;border-top-width: 2px;border-top-color: #fff;opacity: 0;}.uagb-block-2bdcf70c.wp-block-uagb-image .wp-block-uagb-image__figure img{width: px;height: auto;}.uagb-block-2bdcf70c.wp-block-uagb-image .wp-block-uagb-image__figure:hover .wp-block-uagb-image--layout-overlay__inner .uagb-image-caption{opacity: 1;}.uagb-block-2bdcf70c.wp-block-uagb-image .wp-block-uagb-image__figure:hover .wp-block-uagb-image--layout-overlay__inner .uagb-image-separator{opacity: 1;}.uagb-block-2bdcf70c.wp-block-uagb-image--layout-default figure:hover img{box-shadow: 0px 0px 0 #00000070;}.uagb-block-2bdcf70c.wp-block-uagb-image--layout-overlay figure:hover img{box-shadow: 0px 0px 0 #00000070;}@media only screen and (max-width: 976px) {.uagb-block-2bdcf70c.wp-block-uagb-image .wp-block-uagb-image__figure img{width: px;height: auto;}}@media only screen and (max-width: 767px) {.uagb-block-2bdcf70c.wp-block-uagb-image .wp-block-uagb-image__figure img{width: px;height: auto;}}\";s:2:\"js\";s:0:\"\";s:18:\"current_block_list\";a:28:{i:0;s:10:\"core\/group\";i:2;s:24:\"core\/post-featured-image\";i:3;s:15:\"core\/post-title\";i:5;s:14:\"core\/post-date\";i:6;s:16:\"core\/post-author\";i:7;s:15:\"core\/post-terms\";i:8;s:17:\"core\/post-content\";i:9;s:14:\"core\/separator\";i:10;s:13:\"core\/comments\";i:11;s:19:\"core\/comments-title\";i:12;s:21:\"core\/comment-template\";i:15;s:11:\"core\/avatar\";i:16;s:24:\"core\/comment-author-name\";i:17;s:17:\"core\/comment-date\";i:18;s:20:\"core\/comment-content\";i:19;s:23:\"core\/comment-reply-link\";i:20;s:24:\"core\/comments-pagination\";i:21;s:33:\"core\/comments-pagination-previous\";i:22;s:32:\"core\/comments-pagination-numbers\";i:23;s:29:\"core\/comments-pagination-next\";i:24;s:23:\"core\/post-comments-form\";i:25;s:14:\"core\/tag-cloud\";i:26;s:12:\"core\/heading\";i:27;s:14:\"core\/paragraph\";i:28;s:12:\"core\/buttons\";i:29;s:11:\"core\/button\";i:30;s:10:\"uagb\/image\";i:31;s:10:\"core\/image\";}s:8:\"uag_flag\";b:1;s:11:\"uag_version\";s:10:\"1777202148\";s:6:\"gfonts\";a:0:{}s:10:\"gfonts_url\";s:0:\"\";s:12:\"gfonts_files\";a:0:{}s:14:\"uag_faq_layout\";b:0;}"]},"uagb_featured_image_src":{"full":["https:\/\/mv-sport.de\/c\/wp-content\/uploads\/2017\/12\/gewichtheben-beispiel-symbolfoto.jpg",1000,667,false],"thumbnail":["https:\/\/mv-sport.de\/c\/wp-content\/uploads\/2017\/12\/gewichtheben-beispiel-symbolfoto-150x150.jpg",150,150,true],"medium":["https:\/\/mv-sport.de\/c\/wp-content\/uploads\/2017\/12\/gewichtheben-beispiel-symbolfoto-600x600.jpg",350,350,true],"medium_large":["https:\/\/mv-sport.de\/c\/wp-content\/uploads\/2017\/12\/gewichtheben-beispiel-symbolfoto.jpg",768,512,false],"large":["https:\/\/mv-sport.de\/c\/wp-content\/uploads\/2017\/12\/gewichtheben-beispiel-symbolfoto.jpg",1000,667,false],"1536x1536":["https:\/\/mv-sport.de\/c\/wp-content\/uploads\/2017\/12\/gewichtheben-beispiel-symbolfoto.jpg",1000,667,false],"2048x2048":["https:\/\/mv-sport.de\/c\/wp-content\/uploads\/2017\/12\/gewichtheben-beispiel-symbolfoto.jpg",1000,667,false],"ultp_layout_landscape_large":["https:\/\/mv-sport.de\/c\/wp-content\/uploads\/2017\/12\/gewichtheben-beispiel-symbolfoto.jpg",1000,667,false],"ultp_layout_landscape":["https:\/\/mv-sport.de\/c\/wp-content\/uploads\/2017\/12\/gewichtheben-beispiel-symbolfoto.jpg",855,570,false],"ultp_layout_portrait":["https:\/\/mv-sport.de\/c\/wp-content\/uploads\/2017\/12\/gewichtheben-beispiel-symbolfoto.jpg",600,400,false],"ultp_layout_square":["https:\/\/mv-sport.de\/c\/wp-content\/uploads\/2017\/12\/gewichtheben-beispiel-symbolfoto.jpg",600,400,false]},"uagb_author_info":{"display_name":"MV-Sport.de","author_link":"https:\/\/mv-sport.de\/c\/author\/mv-sport-de\/"},"uagb_comment_info":0,"uagb_excerpt":"2014 stand der TAV Br\u00fcel fast vor dem Ende &#8211; In nur vier Jahren ist es dem Vorstand gelungen, den Verein auf gesunde F\u00fc\u00dfe zu stellen. Der wiedergew\u00e4hlte Vorsitzende Torsten Lange blickt auf 4 Jahre intensiver Arbeit zur\u00fcck. Am 18.05.2018 lud der TAV Br\u00fcel e.V. zur Jahreshauptversammlung. Neben der Entlastung des alten und der Wahl&hellip;","_links":{"self":[{"href":"https:\/\/mv-sport.de\/c\/wp-json\/wp\/v2\/posts\/11093","targetHints":{"allow":["GET"]}}],"collection":[{"href":"https:\/\/mv-sport.de\/c\/wp-json\/wp\/v2\/posts"}],"about":[{"href":"https:\/\/mv-sport.de\/c\/wp-json\/wp\/v2\/types\/post"}],"author":[{"embeddable":true,"href":"https:\/\/mv-sport.de\/c\/wp-json\/wp\/v2\/users\/2"}],"replies":[{"embeddable":true,"href":"https:\/\/mv-sport.de\/c\/wp-json\/wp\/v2\/comments?post=11093"}],"version-history":[{"count":0,"href":"https:\/\/mv-sport.de\/c\/wp-json\/wp\/v2\/posts\/11093\/revisions"}],"wp:featuredmedia":[{"embeddable":true,"href":"https:\/\/mv-sport.de\/c\/wp-json\/wp\/v2\/media\/7602"}],"wp:attachment":[{"href":"https:\/\/mv-sport.de\/c\/wp-json\/wp\/v2\/media?parent=11093"}],"wp:term":[{"taxonomy":"category","embeddable":true,"href":"https:\/\/mv-sport.de\/c\/wp-json\/wp\/v2\/categories?post=11093"},{"taxonomy":"post_tag","embeddable":true,"href":"https:\/\/mv-sport.de\/c\/wp-json\/wp\/v2\/tags?post=11093"},{"taxonomy":"ort","embeddable":true,"href":"https:\/\/mv-sport.de\/c\/wp-json\/wp\/v2\/ort?post=11093"}],"curies":[{"name":"wp","href":"https:\/\/api.w.org\/{rel}","templated":true}]}}