{"id":111996,"date":"2022-05-25T12:56:57","date_gmt":"2022-05-25T10:56:57","guid":{"rendered":"https:\/\/mv-sport.de\/?p=111996"},"modified":"2022-05-25T12:57:33","modified_gmt":"2022-05-25T10:57:33","slug":"5-tage-bergringfeeling-zum-100-jubilaeum","status":"publish","type":"post","link":"https:\/\/mv-sport.de\/c\/5-tage-bergringfeeling-zum-100-jubilaeum\/","title":{"rendered":"5 Tage Bergringfeeling zum 100. Jubil\u00e4um"},"content":{"rendered":"<p><strong>Gleich f\u00fcnf Tage am St\u00fcck wird in der Pfingstwoche mit zweij\u00e4hriger Versp\u00e4tung das 100. Rennen auf der sch\u00f6nsten und anspruchsvollsten Grasbahn, dem Teterower Bergring in der Mecklenburger Schweiz, geb\u00fchrend gefeiert. Bereits am Mittwoch Abend blicken Bergringchronist Hartmut Rachow und Pressechef Dr. Christian Kunz im Kulturhaus der Bergringstadt in Ton und Bild auf die letzten 33 Rennen auf dem 1877m langen Kurs von 1987 bis 2019 zur\u00fcck.<\/strong><\/p>\n<figure id=\"attachment_111998\" aria-describedby=\"caption-attachment-111998\" style=\"width: 264px\" class=\"wp-caption alignleft\"><a href=\"https:\/\/mv-sport.de\/wp-content\/uploads\/2022\/05\/16-bergring_teterow_c_kunz.jpg\"><img loading=\"lazy\" decoding=\"async\" class=\"wp-image-111998 size-medium\" src=\"https:\/\/mv-sport.de\/wp-content\/uploads\/2022\/05\/16-bergring_teterow_c_kunz-264x350.jpg\" alt=\"Luftaufnahme Teterower Bergring | Foto: Dr. Kunz\" width=\"264\" height=\"350\" \/><\/a><figcaption id=\"caption-attachment-111998\" class=\"wp-caption-text\">Der Teterower Bergring von oben | Foto: Dr. Kunz<\/figcaption><\/figure>\n<p>Von Donnerstag bis Sonnabend pr\u00e4sentiert dann der ADAC Hansa im Kulturhausgarten eine gro\u00dfe Motorsportausstellung mit allen Facetten des Rennsports. Feierlich wird es am Freitag, wenn ab 18 Uhr ebenfalls im Kulturhaus der Bergringklub zur offiziellen Feierstunde anl\u00e4sslich des beeindruckenden Jubil\u00e4ums bittet. Eingeladen sind \u00fcbrigens neben zahlreichen Ehreng\u00e4sten auch alle Gewinner der bisherigen Rennen, soweit sie noch auf dieser Welt sind. Anschlie\u00dfend geht es zur gro\u00dfen Fanparty mit Autogrammstunde, die um 20.30 Uhr im Festzelt im Fahrerlager startet.<\/p>\n<p>Der Sonnabend bietet dann schon Bahnsport vom Feinsten. Von 11.00 Uhr bis 13.30 Uhr absolviert die Weltelite des Speedwaysports das offizielle Training und das Qualifying f\u00fcr den Deutschland Grand-Prix in der Bergring-Arena. Nahtlos schlie\u00dft sich ab 14 Uhr auf der benachbarten Grasbahn das offizielle Training der fast 100 Fahrer f\u00fcr das \u201e100.\u201c an. Der Eintritt ist \u00fcbrigens jeweils frei.<\/p>\n<p>Zur besten Peimetime um 19 Uhr erfolgt dann der Start zum insgesamt vierten WM-Lauf der Saison. Am Pfingstsonntag wird mit einer gro\u00dfen Show um 11 Uhr das Jubil\u00e4umsrennen auf dem legend\u00e4ren Bergring er\u00f6ffnet. Unter den 22 Grasbahnspezialisten in der K\u00f6nigsklasse finden sich diesmal mit Paul Cooper, Mitch Godden (beideGB), Stephan Katt, Christian H\u00fclshorst, Manfred Knappe, Daniel Rath und Robert Baumann alleine sieben Fahrer, die bereits mindestens einen der gro\u00dfen Bergringtitel gewinnen konnten. Insgesamt 43 Speedcrosser, deren Rundenrekord immerhin auch schon bei 115,54 km\/h liegt, 13 Amazonen mit Vizeweltmeisterin Maria Franke und ein volles Quadfahrerfeld werden ebenfalls f\u00fcr viel Spannung sorgen. 21 Rennen stehen insgesamt auf dem Programm.<\/p>\n<p>F\u00fcr die Campingfreunde stehen ab Mitte der Woche wieder zwei Zeltpl\u00e4tze an der Heideschmiede bereit.<\/p>\n<h3>Zeitplan:<\/h3>\n<p><strong>Mittwoch, 1. Juni 2022<\/strong><br \/>\n19 Uhr Kulturhaus Vortrag \u201eDie letzten 33 Bergringrennen\u201c<\/p>\n<p><strong>Donnerstag bis Sonnabend, 2. bis 4. Juni 2022<\/strong><br \/>\nKulturhausgarten ADAC Motorsportausstellung<\/p>\n<p><strong>Freitag, 3. Juni 2022<\/strong><br \/>\n18 Uhr Kulturhaus Festveranstaltung<br \/>\n20.30 Uhr Festzelt Fahrerlager Fan-Party<\/p>\n<p><strong>Sonnabend, 4. Juni 2022, Motodrom<\/strong><br \/>\n11 Uhr Training und Qualifying Speedway- GP<br \/>\n14 Uhr Training Bergringrennen<br \/>\n19 Uhr Speedway-Gp<\/p>\n<p><strong>Sonntag, 5. Juni 2022, Motodrom<\/strong><br \/>\n11.Uhr Er\u00f6ffnung 100. Bergringrennen<\/p>\n<p><span style=\"color: #999999;\"><em>Text: Hans-Werner Ruge<\/em><\/span><\/p>\n","protected":false},"excerpt":{"rendered":"<p>Gleich f\u00fcnf Tage am St\u00fcck wird in der Pfingstwoche mit zweij\u00e4hriger Versp\u00e4tung das 100. Rennen auf der sch\u00f6nsten und anspruchsvollsten Grasbahn, dem Teterower Bergring in der Mecklenburger Schweiz, geb\u00fchrend gefeiert. Bereits am Mittwoch Abend blicken Bergringchronist Hartmut Rachow und Pressechef Dr. Christian Kunz im Kulturhaus der Bergringstadt in Ton und Bild auf die letzten 33 [&hellip;]<\/p>\n","protected":false},"author":2,"featured_media":111998,"comment_status":"open","ping_status":"open","sticky":false,"template":"","format":"standard","meta":{"_seopress_robots_primary_cat":"none","_seopress_titles_title":"5 Tage Bergringfeeling zum 100. Jubil\u00e4um | Neues vom Motorsport in Teterow","_seopress_titles_desc":"Gleich f\u00fcnf Tage am St\u00fcck wird in der Pfingstwoche mit zweij\u00e4hriger Versp\u00e4tung das 100. Rennen auf der sch\u00f6nsten und anspruchsvollsten Grasbahn, dem Teterower Bergring in der Mecklenburger Schweiz, geb\u00fchrend gefeiert.","_seopress_robots_index":"","_relevanssi_hide_post":"","_relevanssi_hide_content":"","_relevanssi_pin_for_all":"","_relevanssi_pin_keywords":"","_relevanssi_unpin_keywords":"","_relevanssi_related_keywords":"","_relevanssi_related_include_ids":"","_relevanssi_related_exclude_ids":"","_relevanssi_related_no_append":"","_relevanssi_related_not_related":"","_relevanssi_related_posts":"","_relevanssi_noindex_reason":"","_uag_custom_page_level_css":"","footnotes":""},"categories":[70],"tags":[],"ort":[],"class_list":{"0":"post-111996","1":"post","2":"type-post","3":"status-publish","4":"format-standard","5":"has-post-thumbnail","7":"category-motorsport"},"featured_image_urls":{"medium":"https:\/\/mv-sport.de\/c\/wp-content\/uploads\/2022\/05\/16-bergring_teterow_c_kunz-600x600.jpg","medium_large":"https:\/\/mv-sport.de\/c\/wp-content\/uploads\/2022\/05\/16-bergring_teterow_c_kunz.jpg","large":"https:\/\/mv-sport.de\/c\/wp-content\/uploads\/2022\/05\/16-bergring_teterow_c_kunz.jpg","full":"https:\/\/mv-sport.de\/c\/wp-content\/uploads\/2022\/05\/16-bergring_teterow_c_kunz.jpg","alt":"Luftaufnahme Teterower Bergring | Foto: Dr. Kunz","caption":"Foto: Dr. Kunz"},"spectra_custom_meta":{"uab_option":["yes"],"uab_meta_position":["default"],"_extra_rating_average":["0"],"_seopress_analysis_data":["a:21:{s:5:\"title\";s:75:\"5 Tage Bergringfeeling zum 100. Jubil\u00e4um | Neues vom Motorsport in Teterow\";s:12:\"link_preview\";s:89:\"https:\/\/mv-sport.de\/5-tage-bergringfeeling-zum-100-jubilaeum\/?no_admin_bar=1&preview=true\";s:9:\"meta_desc\";s:223:\"Gleich f\u00fcnf Tage am St\u00fcck wird in der Pfingstwoche mit zweij\u00e4hriger Versp\u00e4tung das 100. Rennen auf der sch\u00f6nsten und anspruchsvollsten Grasbahn, dem Teterower Bergring in der Mecklenburger Schweiz, geb\u00fchrend gefeiert.\";s:8:\"og_title\";a:2:{s:5:\"count\";i:1;s:6:\"values\";a:1:{i:0;s:75:\"5 Tage Bergringfeeling zum 100. Jubil\u00e4um | Neues vom Motorsport in Teterow\";}}s:7:\"og_desc\";a:2:{s:5:\"count\";i:1;s:6:\"values\";a:1:{i:0;s:223:\"Gleich f\u00fcnf Tage am St\u00fcck wird in der Pfingstwoche mit zweij\u00e4hriger Versp\u00e4tung das 100. Rennen auf der sch\u00f6nsten und anspruchsvollsten Grasbahn, dem Teterower Bergring in der Mecklenburger Schweiz, geb\u00fchrend gefeiert.\";}}s:6:\"og_img\";a:2:{s:5:\"count\";i:1;s:6:\"values\";a:1:{i:0;s:77:\"https:\/\/mv-sport.de\/wp-content\/uploads\/2022\/05\/16-bergring_teterow_c_kunz.jpg\";}}s:6:\"og_url\";a:3:{s:5:\"count\";i:1;s:6:\"values\";a:1:{i:0;s:60:\"https:\/\/mv-sport.de\/5-tage-bergringfeeling-zum-100-jubilaeum\";}s:4:\"host\";s:11:\"mv-sport.de\";}s:12:\"og_site_name\";a:2:{s:5:\"count\";i:1;s:6:\"values\";a:1:{i:0;s:72:\"MV-Sport.de - Sportvereine &amp; Sportnachrichten Mecklenburg-Vorpommern\";}}s:8:\"tw_title\";a:2:{s:5:\"count\";i:1;s:6:\"values\";a:1:{i:0;s:75:\"5 Tage Bergringfeeling zum 100. Jubil\u00e4um | Neues vom Motorsport in Teterow\";}}s:7:\"tw_desc\";a:2:{s:5:\"count\";i:1;s:6:\"values\";a:1:{i:0;s:223:\"Gleich f\u00fcnf Tage am St\u00fcck wird in der Pfingstwoche mit zweij\u00e4hriger Versp\u00e4tung das 100. Rennen auf der sch\u00f6nsten und anspruchsvollsten Grasbahn, dem Teterower Bergring in der Mecklenburger Schweiz, geb\u00fchrend gefeiert.\";}}s:6:\"tw_img\";a:2:{s:5:\"count\";i:1;s:6:\"values\";a:1:{i:0;s:77:\"https:\/\/mv-sport.de\/wp-content\/uploads\/2022\/05\/16-bergring_teterow_c_kunz.jpg\";}}s:9:\"canonical\";s:61:\"https:\/\/mv-sport.de\/5-tage-bergringfeeling-zum-100-jubilaeum\/\";s:13:\"all_canonical\";a:1:{i:0;s:61:\"https:\/\/mv-sport.de\/5-tage-bergringfeeling-zum-100-jubilaeum\/\";}s:2:\"h1\";a:1:{s:9:\"nomatches\";a:1:{s:5:\"count\";i:1;}}s:3:\"img\";a:1:{s:6:\"images\";a:2:{s:11:\"without_alt\";a:5:{i:0;s:68:\"https:\/\/mv-sport.de\/wp-content\/uploads\/2017\/06\/logo_autor_profil.png\";i:1;s:89:\"https:\/\/mv-sport.de\/wp-content\/sabai\/File\/thumbnails\/3602340a3f70f8cc1117dd9c79bf57d8.jpg\";i:2;s:89:\"https:\/\/mv-sport.de\/wp-content\/sabai\/File\/thumbnails\/089e735d860a6becdc76a715082d674d.jpg\";i:3;s:77:\"https:\/\/mv-sport.de\/wp-content\/plugins\/sabai\/assets\/images\/no_image_small.png\";i:4;s:61:\"https:\/\/mv-sport.de\/wp-content\/uploads\/2017\/05\/140x70px-3.gif\";}s:8:\"with_alt\";a:2:{i:0;s:85:\"https:\/\/mv-sport.de\/wp-content\/uploads\/2022\/05\/16-bergring_teterow_c_kunz-264x350.jpg\";i:1;s:46:\"https:\/\/c.ad-mv.de\/matomo.php?idsite=162&rec=1\";}}}s:11:\"meta_robots\";a:1:{i:0;a:1:{i:0;s:13:\"index, follow\";}}s:14:\"outbound_links\";a:8:{i:0;a:1:{s:34:\"https:\/\/www.facebook.com\/MVSportde\";s:0:\"\";}i:1;a:1:{s:37:\"https:\/\/www.instagram.com\/mv_sport.de\";s:0:\"\";}i:3;a:1:{s:28:\"http:\/\/www.elegantthemes.com\";s:14:\"Elegant Themes\";}i:4;a:1:{s:24:\"http:\/\/www.wordpress.org\";s:9:\"WordPress\";}i:5;a:1:{s:20:\"http:\/\/www.web-mv.de\";s:9:\"web-mv.de\";}i:6;a:1:{s:33:\"http:\/\/www.webdesign-schwerin.net\";s:0:\"\";}i:7;a:1:{s:34:\"https:\/\/www.facebook.com\/MVSportde\";s:13:\"\n    Like us!\";}i:8;a:1:{s:37:\"https:\/\/www.instagram.com\/mv_sport.de\";s:15:\"\n    Follow us!\";}}s:13:\"words_counter\";i:364;s:20:\"words_counter_unique\";i:225;s:4:\"json\";a:1:{i:0;s:14:\"BreadcrumbList\";}s:5:\"score\";b:0;}"],"_edit_lock":["1653476414:2"],"_edit_last":["2"],"_thumbnail_id":["111998"],"xyz_fbap_future_to_publish":["a:3:{s:18:\"post_fb_permission\";i:0;s:18:\"xyz_fbap_po_method\";s:1:\"2\";s:16:\"xyz_fbap_message\";s:32:\"{POST_TITLE}\r\n{POST_EXCERPT} ...\";}"],"xyz_fbap":["1"],"xyz_fbap_insert_og":["1"],"_seopress_pro_schemas_manual":["a:1:{i:0;a:1:{s:32:\"_seopress_pro_rich_snippets_type\";s:4:\"none\";}}"],"_seopress_titles_title":["5 Tage Bergringfeeling zum 100. Jubil\u00e4um | Neues vom Motorsport in Teterow"],"_seopress_titles_desc":["Gleich f\u00fcnf Tage am St\u00fcck wird in der Pfingstwoche mit zweij\u00e4hriger Versp\u00e4tung das 100. Rennen auf der sch\u00f6nsten und anspruchsvollsten Grasbahn, dem Teterower Bergring in der Mecklenburger Schweiz, geb\u00fchrend gefeiert."],"_seopress_robots_canonical":[""],"_seopress_robots_primary_cat":["none"],"_seopress_robots_breadcrumbs":[""],"_seopress_social_fb_title":[""],"_seopress_social_fb_desc":[""],"_seopress_social_fb_img":[""],"_seopress_social_fb_img_attachment_id":[""],"_seopress_social_fb_img_width":[""],"_seopress_social_fb_img_height":[""],"_seopress_social_twitter_title":[""],"_seopress_social_twitter_desc":[""],"_seopress_social_twitter_img":[""],"_seopress_social_twitter_img_attachment_id":[""],"_seopress_social_twitter_img_width":[""],"_seopress_social_twitter_img_height":[""],"_seopress_redirections_type":["301"],"_seopress_redirections_value":[""],"_seopress_redirections_logged_status":["both"],"_post_review_box_title":["Rezension"],"_post_review_box_summary":[""],"_post_review_box_summary_title":["Zusammenfassung"],"_post_review_box_breakdowns_score":["0"],"_post_review_box_breakdowns_count":["1"],"_post_review_box_breakdowns":["a:1:{i:0;a:2:{s:5:\"title\";s:0:\"\";s:6:\"rating\";i:0;}}"],"_extra_sidebar_location":[""],"_extra_sidebar":[""],"post_views_count":["191"],"_seopress_analysis_target_kw":[""],"wp_schema_pro_optimized_structured_data":["<!-- Schema optimized by Schema Pro --><script type=\"application\/ld+json\">{\"@context\":\"https:\/\/schema.org\",\"@type\":\"NewsArticle\",\"mainEntityOfPage\":{\"@type\":\"WebPage\",\"@id\":\"https:\/\/mv-sport.de\/5-tage-bergringfeeling-zum-100-jubilaeum\/\"},\"headline\":\"5 Tage Bergringfeeling zum 100. Jubil\u00e4um\",\"image\":{\"@type\":\"ImageObject\",\"url\":\"https:\/\/mv-sport.de\/wp-content\/uploads\/2022\/05\/16-bergring_teterow_c_kunz.jpg\",\"width\":773,\"height\":1024},\"datePublished\":\"2022-05-25T12:56:57\",\"dateModified\":\"2022-05-25T12:57:33\",\"author\":{\"@type\":\"Person\",\"name\":\"MV-Sport.de\",\"url\":\"https:\/\/mv-sport.de\/author\/mv-sport-de\"},\"publisher\":{\"@type\":\"Organization\",\"name\":\"MV-Sport.de - Sportvereine &amp; Sportnachrichten Mecklenburg-Vorpommern\",\"logo\":{\"@type\":\"ImageObject\",\"url\":\"https:\/\/mv-sport.de\/wp-content\/uploads\/2017\/05\/logo-mv-sport-292x60.png\"}}}<\/script><!-- \/ Schema optimized by Schema Pro -->"],"__post_views_count":["1014"],"astra_style_timestamp_css":["1757502161"],"_uag_css_file_name":["uag-css-111996.css"],"_uag_page_assets":["a:9:{s:3:\"css\";s:7010:\".uagb-block-88f5875d.wp-block-uagb-image--layout-default figure img{box-shadow: 0px 0px 0 #00000070;}.uagb-block-88f5875d.wp-block-uagb-image .wp-block-uagb-image__figure figcaption{font-style: normal;align-self: center;}.uagb-block-88f5875d.wp-block-uagb-image--layout-overlay figure img{box-shadow: 0px 0px 0 #00000070;}.uagb-block-88f5875d.wp-block-uagb-image--layout-overlay .wp-block-uagb-image--layout-overlay__color-wrapper{opacity: 0.2;}.uagb-block-88f5875d.wp-block-uagb-image--layout-overlay .wp-block-uagb-image--layout-overlay__inner{left: 15px;right: 15px;top: 15px;bottom: 15px;}.uagb-block-88f5875d.wp-block-uagb-image--layout-overlay .wp-block-uagb-image--layout-overlay__inner .uagb-image-heading{font-style: normal;color: #fff;opacity: 1;}.uagb-block-88f5875d.wp-block-uagb-image--layout-overlay .wp-block-uagb-image--layout-overlay__inner .uagb-image-heading a{color: #fff;}.uagb-block-88f5875d.wp-block-uagb-image--layout-overlay .wp-block-uagb-image--layout-overlay__inner .uagb-image-caption{opacity: 0;}.uagb-block-88f5875d.wp-block-uagb-image--layout-overlay .wp-block-uagb-image__figure:hover .wp-block-uagb-image--layout-overlay__color-wrapper{opacity: 1;}.uagb-block-88f5875d.wp-block-uagb-image .wp-block-uagb-image--layout-overlay__inner .uagb-image-separator{width: 30%;border-top-width: 2px;border-top-color: #fff;opacity: 0;}.uagb-block-88f5875d.wp-block-uagb-image .wp-block-uagb-image__figure img{width: 297px;height: auto;}.uagb-block-88f5875d.wp-block-uagb-image .wp-block-uagb-image__figure:hover .wp-block-uagb-image--layout-overlay__inner .uagb-image-caption{opacity: 1;}.uagb-block-88f5875d.wp-block-uagb-image .wp-block-uagb-image__figure:hover .wp-block-uagb-image--layout-overlay__inner .uagb-image-separator{opacity: 1;}.uagb-block-88f5875d.wp-block-uagb-image--layout-default figure:hover img{box-shadow: 0px 0px 0 #00000070;}.uagb-block-88f5875d.wp-block-uagb-image--layout-overlay figure:hover img{box-shadow: 0px 0px 0 #00000070;}@media only screen and (max-width: 976px) {.uagb-block-88f5875d.wp-block-uagb-image .wp-block-uagb-image__figure img{width: 297px;height: auto;}}@media only screen and (max-width: 767px) {.uagb-block-88f5875d.wp-block-uagb-image .wp-block-uagb-image__figure img{width: 297px;height: auto;}}.uagb-block-b6c54374.wp-block-uagb-image{margin-top: 0px;margin-right: 0px;margin-bottom: 0px;margin-left: 0px;}.uagb-block-b6c54374.wp-block-uagb-image--layout-default figure img{box-shadow: 0px 0px 0 #00000070;}.uagb-block-b6c54374.wp-block-uagb-image .wp-block-uagb-image__figure figcaption{font-style: normal;align-self: center;}.uagb-block-b6c54374.wp-block-uagb-image--layout-overlay figure img{box-shadow: 0px 0px 0 #00000070;}.uagb-block-b6c54374.wp-block-uagb-image--layout-overlay .wp-block-uagb-image--layout-overlay__color-wrapper{opacity: 0.2;}.uagb-block-b6c54374.wp-block-uagb-image--layout-overlay .wp-block-uagb-image--layout-overlay__inner{left: 15px;right: 15px;top: 15px;bottom: 15px;}.uagb-block-b6c54374.wp-block-uagb-image--layout-overlay .wp-block-uagb-image--layout-overlay__inner .uagb-image-heading{font-style: normal;color: #fff;opacity: 1;}.uagb-block-b6c54374.wp-block-uagb-image--layout-overlay .wp-block-uagb-image--layout-overlay__inner .uagb-image-heading a{color: #fff;}.uagb-block-b6c54374.wp-block-uagb-image--layout-overlay .wp-block-uagb-image--layout-overlay__inner .uagb-image-caption{opacity: 0;}.uagb-block-b6c54374.wp-block-uagb-image--layout-overlay .wp-block-uagb-image__figure:hover .wp-block-uagb-image--layout-overlay__color-wrapper{opacity: 1;}.uagb-block-b6c54374.wp-block-uagb-image .wp-block-uagb-image--layout-overlay__inner .uagb-image-separator{width: 30%;border-top-width: 2px;border-top-color: #fff;opacity: 0;}.uagb-block-b6c54374.wp-block-uagb-image .wp-block-uagb-image__figure img{width: px;height: auto;}.uagb-block-b6c54374.wp-block-uagb-image .wp-block-uagb-image__figure:hover .wp-block-uagb-image--layout-overlay__inner .uagb-image-caption{opacity: 1;}.uagb-block-b6c54374.wp-block-uagb-image .wp-block-uagb-image__figure:hover .wp-block-uagb-image--layout-overlay__inner .uagb-image-separator{opacity: 1;}.uagb-block-b6c54374.wp-block-uagb-image--layout-default figure:hover img{box-shadow: 0px 0px 0 #00000070;}.uagb-block-b6c54374.wp-block-uagb-image--layout-overlay figure:hover img{box-shadow: 0px 0px 0 #00000070;}@media only screen and (max-width: 976px) {.uagb-block-b6c54374.wp-block-uagb-image .wp-block-uagb-image__figure img{width: px;height: auto;}}@media only screen and (max-width: 767px) {.uagb-block-b6c54374.wp-block-uagb-image .wp-block-uagb-image__figure img{width: px;height: auto;}}.uagb-block-2bdcf70c.wp-block-uagb-image{margin-top: 0px;margin-right: 0px;margin-bottom: 0px;margin-left: 0px;}.uagb-block-2bdcf70c.wp-block-uagb-image--layout-default figure img{box-shadow: 0px 0px 0 #00000070;}.uagb-block-2bdcf70c.wp-block-uagb-image .wp-block-uagb-image__figure figcaption{font-style: normal;align-self: center;}.uagb-block-2bdcf70c.wp-block-uagb-image--layout-overlay figure img{box-shadow: 0px 0px 0 #00000070;}.uagb-block-2bdcf70c.wp-block-uagb-image--layout-overlay .wp-block-uagb-image--layout-overlay__color-wrapper{opacity: 0.2;}.uagb-block-2bdcf70c.wp-block-uagb-image--layout-overlay .wp-block-uagb-image--layout-overlay__inner{left: 15px;right: 15px;top: 15px;bottom: 15px;}.uagb-block-2bdcf70c.wp-block-uagb-image--layout-overlay .wp-block-uagb-image--layout-overlay__inner .uagb-image-heading{font-style: normal;color: #fff;opacity: 1;}.uagb-block-2bdcf70c.wp-block-uagb-image--layout-overlay .wp-block-uagb-image--layout-overlay__inner .uagb-image-heading a{color: #fff;}.uagb-block-2bdcf70c.wp-block-uagb-image--layout-overlay .wp-block-uagb-image--layout-overlay__inner .uagb-image-caption{opacity: 0;}.uagb-block-2bdcf70c.wp-block-uagb-image--layout-overlay .wp-block-uagb-image__figure:hover .wp-block-uagb-image--layout-overlay__color-wrapper{opacity: 1;}.uagb-block-2bdcf70c.wp-block-uagb-image .wp-block-uagb-image--layout-overlay__inner .uagb-image-separator{width: 30%;border-top-width: 2px;border-top-color: #fff;opacity: 0;}.uagb-block-2bdcf70c.wp-block-uagb-image .wp-block-uagb-image__figure img{width: px;height: auto;}.uagb-block-2bdcf70c.wp-block-uagb-image .wp-block-uagb-image__figure:hover .wp-block-uagb-image--layout-overlay__inner .uagb-image-caption{opacity: 1;}.uagb-block-2bdcf70c.wp-block-uagb-image .wp-block-uagb-image__figure:hover .wp-block-uagb-image--layout-overlay__inner .uagb-image-separator{opacity: 1;}.uagb-block-2bdcf70c.wp-block-uagb-image--layout-default figure:hover img{box-shadow: 0px 0px 0 #00000070;}.uagb-block-2bdcf70c.wp-block-uagb-image--layout-overlay figure:hover img{box-shadow: 0px 0px 0 #00000070;}@media only screen and (max-width: 976px) {.uagb-block-2bdcf70c.wp-block-uagb-image .wp-block-uagb-image__figure img{width: px;height: auto;}}@media only screen and (max-width: 767px) {.uagb-block-2bdcf70c.wp-block-uagb-image .wp-block-uagb-image__figure img{width: px;height: auto;}}\";s:2:\"js\";s:0:\"\";s:18:\"current_block_list\";a:28:{i:0;s:10:\"core\/group\";i:2;s:24:\"core\/post-featured-image\";i:3;s:15:\"core\/post-title\";i:5;s:14:\"core\/post-date\";i:6;s:16:\"core\/post-author\";i:7;s:15:\"core\/post-terms\";i:8;s:17:\"core\/post-content\";i:9;s:14:\"core\/separator\";i:10;s:13:\"core\/comments\";i:11;s:19:\"core\/comments-title\";i:12;s:21:\"core\/comment-template\";i:15;s:11:\"core\/avatar\";i:16;s:24:\"core\/comment-author-name\";i:17;s:17:\"core\/comment-date\";i:18;s:20:\"core\/comment-content\";i:19;s:23:\"core\/comment-reply-link\";i:20;s:24:\"core\/comments-pagination\";i:21;s:33:\"core\/comments-pagination-previous\";i:22;s:32:\"core\/comments-pagination-numbers\";i:23;s:29:\"core\/comments-pagination-next\";i:24;s:23:\"core\/post-comments-form\";i:25;s:14:\"core\/tag-cloud\";i:26;s:12:\"core\/heading\";i:27;s:14:\"core\/paragraph\";i:28;s:12:\"core\/buttons\";i:29;s:11:\"core\/button\";i:30;s:10:\"uagb\/image\";i:31;s:10:\"core\/image\";}s:8:\"uag_flag\";b:1;s:11:\"uag_version\";s:10:\"1777475156\";s:6:\"gfonts\";a:0:{}s:10:\"gfonts_url\";s:0:\"\";s:12:\"gfonts_files\";a:0:{}s:14:\"uag_faq_layout\";b:0;}"]},"uagb_featured_image_src":{"full":["https:\/\/mv-sport.de\/c\/wp-content\/uploads\/2022\/05\/16-bergring_teterow_c_kunz.jpg",773,1024,false],"thumbnail":["https:\/\/mv-sport.de\/c\/wp-content\/uploads\/2022\/05\/16-bergring_teterow_c_kunz-150x150.jpg",150,150,true],"medium":["https:\/\/mv-sport.de\/c\/wp-content\/uploads\/2022\/05\/16-bergring_teterow_c_kunz-600x600.jpg",350,350,true],"medium_large":["https:\/\/mv-sport.de\/c\/wp-content\/uploads\/2022\/05\/16-bergring_teterow_c_kunz.jpg",768,1017,false],"large":["https:\/\/mv-sport.de\/c\/wp-content\/uploads\/2022\/05\/16-bergring_teterow_c_kunz.jpg",773,1024,false],"1536x1536":["https:\/\/mv-sport.de\/c\/wp-content\/uploads\/2022\/05\/16-bergring_teterow_c_kunz.jpg",773,1024,false],"2048x2048":["https:\/\/mv-sport.de\/c\/wp-content\/uploads\/2022\/05\/16-bergring_teterow_c_kunz.jpg",773,1024,false],"ultp_layout_landscape_large":["https:\/\/mv-sport.de\/c\/wp-content\/uploads\/2022\/05\/16-bergring_teterow_c_kunz.jpg",604,800,false],"ultp_layout_landscape":["https:\/\/mv-sport.de\/c\/wp-content\/uploads\/2022\/05\/16-bergring_teterow_c_kunz.jpg",430,570,false],"ultp_layout_portrait":["https:\/\/mv-sport.de\/c\/wp-content\/uploads\/2022\/05\/16-bergring_teterow_c_kunz.jpg",600,795,false],"ultp_layout_square":["https:\/\/mv-sport.de\/c\/wp-content\/uploads\/2022\/05\/16-bergring_teterow_c_kunz.jpg",453,600,false]},"uagb_author_info":{"display_name":"MV-Sport.de","author_link":"https:\/\/mv-sport.de\/c\/author\/mv-sport-de\/"},"uagb_comment_info":0,"uagb_excerpt":"Gleich f\u00fcnf Tage am St\u00fcck wird in der Pfingstwoche mit zweij\u00e4hriger Versp\u00e4tung das 100. Rennen auf der sch\u00f6nsten und anspruchsvollsten Grasbahn, dem Teterower Bergring in der Mecklenburger Schweiz, geb\u00fchrend gefeiert. Bereits am Mittwoch Abend blicken Bergringchronist Hartmut Rachow und Pressechef Dr. Christian Kunz im Kulturhaus der Bergringstadt in Ton und Bild auf die letzten 33&hellip;","_links":{"self":[{"href":"https:\/\/mv-sport.de\/c\/wp-json\/wp\/v2\/posts\/111996","targetHints":{"allow":["GET"]}}],"collection":[{"href":"https:\/\/mv-sport.de\/c\/wp-json\/wp\/v2\/posts"}],"about":[{"href":"https:\/\/mv-sport.de\/c\/wp-json\/wp\/v2\/types\/post"}],"author":[{"embeddable":true,"href":"https:\/\/mv-sport.de\/c\/wp-json\/wp\/v2\/users\/2"}],"replies":[{"embeddable":true,"href":"https:\/\/mv-sport.de\/c\/wp-json\/wp\/v2\/comments?post=111996"}],"version-history":[{"count":0,"href":"https:\/\/mv-sport.de\/c\/wp-json\/wp\/v2\/posts\/111996\/revisions"}],"wp:featuredmedia":[{"embeddable":true,"href":"https:\/\/mv-sport.de\/c\/wp-json\/wp\/v2\/media\/111998"}],"wp:attachment":[{"href":"https:\/\/mv-sport.de\/c\/wp-json\/wp\/v2\/media?parent=111996"}],"wp:term":[{"taxonomy":"category","embeddable":true,"href":"https:\/\/mv-sport.de\/c\/wp-json\/wp\/v2\/categories?post=111996"},{"taxonomy":"post_tag","embeddable":true,"href":"https:\/\/mv-sport.de\/c\/wp-json\/wp\/v2\/tags?post=111996"},{"taxonomy":"ort","embeddable":true,"href":"https:\/\/mv-sport.de\/c\/wp-json\/wp\/v2\/ort?post=111996"}],"curies":[{"name":"wp","href":"https:\/\/api.w.org\/{rel}","templated":true}]}}