{"id":11334,"date":"2018-12-20T11:38:14","date_gmt":"2018-12-20T10:38:14","guid":{"rendered":"https:\/\/mv-sport.de\/?p=11334"},"modified":"2019-01-09T16:29:24","modified_gmt":"2019-01-09T15:29:24","slug":"1-binzer-ostseeschwimmen-5-august","status":"publish","type":"post","link":"https:\/\/mv-sport.de\/c\/1-binzer-ostseeschwimmen-5-august\/","title":{"rendered":"2. Binzer Ostseeschwimmen am 27. Juli 2019"},"content":{"rendered":"<figure id=\"attachment_11335\" aria-describedby=\"caption-attachment-11335\" style=\"width: 300px\" class=\"wp-caption alignleft\"><a href=\"https:\/\/mv-sport.de\/wp-content\/uploads\/2018\/06\/schwimmen_seebruecke-e1530256008757.jpg\"><img loading=\"lazy\" decoding=\"async\" class=\"size-medium wp-image-11335\" src=\"https:\/\/mv-sport.de\/wp-content\/uploads\/2018\/06\/schwimmen_seebruecke-300x225.jpg\" alt=\"Start zum Binzer Ostseeschwimmen\" width=\"300\" height=\"225\" \/><\/a><figcaption id=\"caption-attachment-11335\" class=\"wp-caption-text\">Schwimmstart neben der Binzer Seebr\u00fccke<\/figcaption><\/figure>\n<p>F\u00fcr Wasserratten und Ostseefans &#8211; Die zweite Auflage dieses Freiwasser-Schwimmwettbewerbs bietet Strecken zwischen 200 und 2500 Metern f\u00fcr Kinder und Erwachsene. Hier kommen Gelegenheits- und Freizeitsportler sowie Kinder ab einem Alter von sechs Jahren auf den unterschiedlich anspruchsvollen Strecken auf ihre Kosten. Die Starts erfolgen nach Altersklassen gestaffelt ab 10:30 Uhr am Strand neben der Seebr\u00fccke. In den Startgeb\u00fchren ist eine Badekappe inkludiert. An die Platzierten werden bei der Siegerehrung Medaillen und Urkunden \u00fcberreicht. Die <strong>Anmeldung<\/strong> ist <strong>online unter <a href=\"https:\/\/my6.raceresult.com\/111112\/registration?lang=de\">tollense-timing.de<\/a><\/strong> oder am Veranstaltungstag ab 9 Uhr vor Ort m\u00f6glich.<\/p>\n<p><strong>Strecken und Alterklassen:<\/strong><br \/>\nAK 0 2012 und j\u00fcnger<br \/>\nAK 1 2010\/ 2011 weibl.+ m\u00e4nnl.<br \/>\nAK 2 2008\/ 2009 weibl.+ m\u00e4nnl.<br \/>\nAK 3 2006\/ 2007 weibl.+ m\u00e4nnl.<br \/>\nAK 4 2004\/ 2005 weibl.+ m\u00e4nnl.<br \/>\nAK 5 2002\/2003 weibl.+ m\u00e4nnl.<\/p>\n<p class=\"bodytext\"><strong>Frauen und M\u00e4nner:<\/strong><\/p>\n<p class=\"bodytext\">AK I (17-25 Jahre) Jahrgang 2001-1994<br \/>\nAK II (26-37 Jahre) Jahrgang 1993-1982<br \/>\nAK III (38-49 Jahre) Jahrgang 1981-1970<br \/>\nAK IV (50-59 Jahre) Jahrgang 1969-1960<br \/>\nAK V ab 60 Jahre Jahrgang 1959 und \u00e4lter<\/p>\n<p class=\"bodytext\"><strong>Zeitplan:<\/strong><br \/>\n09:00 bis 11:30 Uhr Direktanmeldung und Ausgabe der Startunterlagen f\u00fcr alle Schwimmer<br \/>\n10:30 Uhr Start 200 m<br \/>\n10:50 Uhr Start 400 m<br \/>\n11:15 Uhr Siegerehrung f\u00fcr die 200- und 400-Meter-Strecke<br \/>\n12:00 Uhr Start 2.500 m (Schwimmer mit und ohne Neopren)<br \/>\nF\u00fcr die Wettkampfstrecke \u00fcber 2.500 m wird eine maximale Schwimmdauer von 120 Minuten festgelegt. Alle Schwimmer, die sich danach noch im Wasser befinden, werden von den Rettungsbooten an Land gebracht.<br \/>\n12:15 Uhr Start 1.000 m<br \/>\nca. 14:30 Uhr Siegerehrung f\u00fcr die 1.000- und 2.500-Meter-Strecke<\/p>\n<p class=\"bodytext\"><strong>Startgeb\u00fchren:<\/strong><br \/>\n200 | 400 m: <strong>7<\/strong><b> Euro<\/b><br \/>\n1.000 m: <b>12 Euro<\/b><br \/>\n2.500 m: <b>17 Euro<br \/>\n<\/b><i>Die Startgeb\u00fchren steigen bei Direktanmeldung am Wettkampftag um jeweils 3,00 \u20ac.<\/i><b><br \/>\n<\/b><\/p>\n<p><strong>Ehrung:<\/strong><br \/>\nJeder Schwimmer wird in nur einer Wertungsklasse geehrt.<br \/>\nDie Sieger in den Wertungsklassen erhalten einen Pokal.<br \/>\nAlle Teilnehmer des Ostseeschwimmens erhalten eine Medaille.<br \/>\nDie schnellsten Schwimmer \u00fcber die Hauptstrecke (2.500 m) bei den Frauen und M\u00e4nnern erhalten eine gesonderte Ehrung.<br \/>\nGeehrt werden auch die \u00e4ltesten und j\u00fcngsten Teilnehmer.<br \/>\nDie Teilnehmerurkunden mit den entsprechenden Schwimmzeiten sind f\u00fcr jeden Starter als Online-Druckvariante zum selbst\u00e4ndigen Ausdruck \u00fcber <a href=\"http:\/\/www.tollense-timing.de\" target=\"_blank\" rel=\"noopener\">www.tollense-timing.de<\/a> vorbereitet.<\/p>\n<p class=\"bodytext\"><strong>Ansprechpartner:<\/strong><br \/>\nGemeinde Ostseebad Binz &#8211; Eigenbetrieb Kurverwaltung<b>,<\/b> Heinrich-Heine-Stra\u00dfe 7<b>,<\/b> 18609 Ostseebad Binz<br \/>\n<b>Torsten Kohlschmidt<\/b><br \/>\nTelefon 038393-148 130<\/p>\n","protected":false},"excerpt":{"rendered":"<p>F\u00fcr Wasserratten und Ostseefans &#8211; Die zweite Auflage dieses Freiwasser-Schwimmwettbewerbs bietet Strecken zwischen 200 und 2500 Metern f\u00fcr Kinder und Erwachsene. Hier kommen Gelegenheits- und Freizeitsportler sowie Kinder ab einem Alter von sechs Jahren auf den unterschiedlich anspruchsvollen Strecken auf ihre Kosten. Die Starts erfolgen nach Altersklassen gestaffelt ab 10:30 Uhr am Strand neben der [&hellip;]<\/p>\n","protected":false},"author":48,"featured_media":11335,"comment_status":"open","ping_status":"open","sticky":false,"template":"","format":"standard","meta":{"_seopress_robots_primary_cat":"","_seopress_titles_title":"","_seopress_titles_desc":"","_seopress_robots_index":"","_relevanssi_hide_post":"","_relevanssi_hide_content":"","_relevanssi_pin_for_all":"","_relevanssi_pin_keywords":"","_relevanssi_unpin_keywords":"","_relevanssi_related_keywords":"","_relevanssi_related_include_ids":"","_relevanssi_related_exclude_ids":"","_relevanssi_related_no_append":"","_relevanssi_related_not_related":"","_relevanssi_related_posts":"","_relevanssi_noindex_reason":"","_uag_custom_page_level_css":"","footnotes":""},"categories":[19],"tags":[],"ort":[],"class_list":{"0":"post-11334","1":"post","2":"type-post","3":"status-publish","4":"format-standard","5":"has-post-thumbnail","7":"category-schwimmen"},"featured_image_urls":{"medium":"https:\/\/mv-sport.de\/c\/wp-content\/uploads\/2018\/06\/schwimmen_seebruecke-e1530256008757-600x600.jpg","medium_large":"https:\/\/mv-sport.de\/c\/wp-content\/uploads\/2018\/06\/schwimmen_seebruecke-e1530256008757.jpg","large":"https:\/\/mv-sport.de\/c\/wp-content\/uploads\/2018\/06\/schwimmen_seebruecke-e1530256008757.jpg","full":"https:\/\/mv-sport.de\/c\/wp-content\/uploads\/2018\/06\/schwimmen_seebruecke-e1530256008757.jpg","alt":"Start zum Binzer Ostseeschwimmen","caption":"Schwimmstart neben der Binzer Seebr\u00fccke"},"spectra_custom_meta":{"uab_option":["yes"],"uab_meta_position":["default"],"_extra_rating_average":["0"],"_edit_lock":["1547047766:48"],"_edit_last":["48"],"xyz_fbap":["1"],"xyz_fbap_insert_og":["0"],"post_views_count":["1500"],"_et_pb_use_builder":[""],"_et_builder_version":["BB|Divi|3.19.4"],"_et_pb_old_content":[""],"_et_pb_custom_css":[""],"_yoast_wpseo_primary_category":["19"],"_post_review_box_title":["Review"],"_post_review_box_summary":[""],"_post_review_box_summary_title":["Summary"],"_post_review_box_breakdowns_score":["0"],"_post_review_box_breakdowns_count":["1"],"_post_review_box_breakdowns":["a:1:{i:0;a:2:{s:5:\"title\";s:0:\"\";s:6:\"rating\";i:0;}}"],"_extra_sidebar_location":[""],"_extra_sidebar":[""],"_thumbnail_id":["11335"],"_et_pb_ab_stats_refresh_interval":["hourly"],"_et_pb_enable_shortcode_tracking":[""],"_wp_old_date":["2018-06-28"],"seopress_sw_done":["1"],"_seopress_titles_title":[""],"_seopress_titles_desc":[""],"_seopress_robots_canonical":[""],"_seopress_robots_breadcrumbs":[""],"_seopress_social_fb_title":[""],"_seopress_social_fb_desc":[""],"_seopress_social_fb_img":[""],"_seopress_social_twitter_title":[""],"_seopress_social_twitter_desc":[""],"_seopress_social_twitter_img":[""],"_seopress_redirections_type":["301"],"_seopress_redirections_value":[""],"_seopress_video":["a:1:{i:0;a:9:{s:3:\"url\";s:0:\"\";s:5:\"title\";s:0:\"\";s:4:\"desc\";s:0:\"\";s:9:\"thumbnail\";s:0:\"\";s:8:\"duration\";s:0:\"\";s:6:\"rating\";s:0:\"\";s:10:\"view_count\";s:0:\"\";s:3:\"tag\";s:0:\"\";s:3:\"cat\";s:0:\"\";}}"],"_wp_old_slug":["1-binzer-ostseeschwimmen-am-5-august"],"wp_schema_pro_optimized_structured_data":["<!-- Schema optimized by Schema Pro --><script type=\"application\/ld+json\">{\"@context\":\"https:\/\/schema.org\",\"@type\":\"NewsArticle\",\"mainEntityOfPage\":{\"@type\":\"WebPage\",\"@id\":\"https:\/\/mv-sport.de\/1-binzer-ostseeschwimmen-5-august\/\"},\"headline\":\"2. Binzer Ostseeschwimmen am 27. Juli 2019\",\"image\":{\"@type\":\"ImageObject\",\"url\":\"https:\/\/mv-sport.de\/wp-content\/uploads\/2018\/06\/schwimmen_seebruecke-e1530256008757.jpg\",\"width\":1000,\"height\":750},\"datePublished\":\"2018-12-20T11:38:14\",\"dateModified\":\"2019-01-09T16:29:24\",\"author\":{\"@type\":\"Person\",\"name\":\"Kurverwaltung Binz\",\"url\":\"https:\/\/mv-sport.de\/author\/kurverwaltung-binz\"},\"publisher\":{\"@type\":\"Organization\",\"name\":\"MV-Sport.de - Sportvereine &amp; Sportnachrichten Mecklenburg-Vorpommern\",\"logo\":{\"@type\":\"ImageObject\",\"url\":\"https:\/\/mv-sport.de\/wp-content\/uploads\/2017\/05\/logo-mv-sport-292x60.png\"}}}<\/script><!-- \/ Schema optimized by Schema Pro -->"],"__post_views_count":["754"],"astra_style_timestamp_css":["1757457847"],"_uag_css_file_name":["uag-css-11334.css"],"_uag_page_assets":["a:9:{s:3:\"css\";s:7010:\".uagb-block-88f5875d.wp-block-uagb-image--layout-default figure img{box-shadow: 0px 0px 0 #00000070;}.uagb-block-88f5875d.wp-block-uagb-image .wp-block-uagb-image__figure figcaption{font-style: normal;align-self: center;}.uagb-block-88f5875d.wp-block-uagb-image--layout-overlay figure img{box-shadow: 0px 0px 0 #00000070;}.uagb-block-88f5875d.wp-block-uagb-image--layout-overlay .wp-block-uagb-image--layout-overlay__color-wrapper{opacity: 0.2;}.uagb-block-88f5875d.wp-block-uagb-image--layout-overlay .wp-block-uagb-image--layout-overlay__inner{left: 15px;right: 15px;top: 15px;bottom: 15px;}.uagb-block-88f5875d.wp-block-uagb-image--layout-overlay .wp-block-uagb-image--layout-overlay__inner .uagb-image-heading{font-style: normal;color: #fff;opacity: 1;}.uagb-block-88f5875d.wp-block-uagb-image--layout-overlay .wp-block-uagb-image--layout-overlay__inner .uagb-image-heading a{color: #fff;}.uagb-block-88f5875d.wp-block-uagb-image--layout-overlay .wp-block-uagb-image--layout-overlay__inner .uagb-image-caption{opacity: 0;}.uagb-block-88f5875d.wp-block-uagb-image--layout-overlay .wp-block-uagb-image__figure:hover .wp-block-uagb-image--layout-overlay__color-wrapper{opacity: 1;}.uagb-block-88f5875d.wp-block-uagb-image .wp-block-uagb-image--layout-overlay__inner .uagb-image-separator{width: 30%;border-top-width: 2px;border-top-color: #fff;opacity: 0;}.uagb-block-88f5875d.wp-block-uagb-image .wp-block-uagb-image__figure img{width: 297px;height: auto;}.uagb-block-88f5875d.wp-block-uagb-image .wp-block-uagb-image__figure:hover .wp-block-uagb-image--layout-overlay__inner .uagb-image-caption{opacity: 1;}.uagb-block-88f5875d.wp-block-uagb-image .wp-block-uagb-image__figure:hover .wp-block-uagb-image--layout-overlay__inner .uagb-image-separator{opacity: 1;}.uagb-block-88f5875d.wp-block-uagb-image--layout-default figure:hover img{box-shadow: 0px 0px 0 #00000070;}.uagb-block-88f5875d.wp-block-uagb-image--layout-overlay figure:hover img{box-shadow: 0px 0px 0 #00000070;}@media only screen and (max-width: 976px) {.uagb-block-88f5875d.wp-block-uagb-image .wp-block-uagb-image__figure img{width: 297px;height: auto;}}@media only screen and (max-width: 767px) {.uagb-block-88f5875d.wp-block-uagb-image .wp-block-uagb-image__figure img{width: 297px;height: auto;}}.uagb-block-b6c54374.wp-block-uagb-image{margin-top: 0px;margin-right: 0px;margin-bottom: 0px;margin-left: 0px;}.uagb-block-b6c54374.wp-block-uagb-image--layout-default figure img{box-shadow: 0px 0px 0 #00000070;}.uagb-block-b6c54374.wp-block-uagb-image .wp-block-uagb-image__figure figcaption{font-style: normal;align-self: center;}.uagb-block-b6c54374.wp-block-uagb-image--layout-overlay figure img{box-shadow: 0px 0px 0 #00000070;}.uagb-block-b6c54374.wp-block-uagb-image--layout-overlay .wp-block-uagb-image--layout-overlay__color-wrapper{opacity: 0.2;}.uagb-block-b6c54374.wp-block-uagb-image--layout-overlay .wp-block-uagb-image--layout-overlay__inner{left: 15px;right: 15px;top: 15px;bottom: 15px;}.uagb-block-b6c54374.wp-block-uagb-image--layout-overlay .wp-block-uagb-image--layout-overlay__inner .uagb-image-heading{font-style: normal;color: #fff;opacity: 1;}.uagb-block-b6c54374.wp-block-uagb-image--layout-overlay .wp-block-uagb-image--layout-overlay__inner .uagb-image-heading a{color: #fff;}.uagb-block-b6c54374.wp-block-uagb-image--layout-overlay .wp-block-uagb-image--layout-overlay__inner .uagb-image-caption{opacity: 0;}.uagb-block-b6c54374.wp-block-uagb-image--layout-overlay .wp-block-uagb-image__figure:hover .wp-block-uagb-image--layout-overlay__color-wrapper{opacity: 1;}.uagb-block-b6c54374.wp-block-uagb-image .wp-block-uagb-image--layout-overlay__inner .uagb-image-separator{width: 30%;border-top-width: 2px;border-top-color: #fff;opacity: 0;}.uagb-block-b6c54374.wp-block-uagb-image .wp-block-uagb-image__figure img{width: px;height: auto;}.uagb-block-b6c54374.wp-block-uagb-image .wp-block-uagb-image__figure:hover .wp-block-uagb-image--layout-overlay__inner .uagb-image-caption{opacity: 1;}.uagb-block-b6c54374.wp-block-uagb-image .wp-block-uagb-image__figure:hover .wp-block-uagb-image--layout-overlay__inner .uagb-image-separator{opacity: 1;}.uagb-block-b6c54374.wp-block-uagb-image--layout-default figure:hover img{box-shadow: 0px 0px 0 #00000070;}.uagb-block-b6c54374.wp-block-uagb-image--layout-overlay figure:hover img{box-shadow: 0px 0px 0 #00000070;}@media only screen and (max-width: 976px) {.uagb-block-b6c54374.wp-block-uagb-image .wp-block-uagb-image__figure img{width: px;height: auto;}}@media only screen and (max-width: 767px) {.uagb-block-b6c54374.wp-block-uagb-image .wp-block-uagb-image__figure img{width: px;height: auto;}}.uagb-block-2bdcf70c.wp-block-uagb-image{margin-top: 0px;margin-right: 0px;margin-bottom: 0px;margin-left: 0px;}.uagb-block-2bdcf70c.wp-block-uagb-image--layout-default figure img{box-shadow: 0px 0px 0 #00000070;}.uagb-block-2bdcf70c.wp-block-uagb-image .wp-block-uagb-image__figure figcaption{font-style: normal;align-self: center;}.uagb-block-2bdcf70c.wp-block-uagb-image--layout-overlay figure img{box-shadow: 0px 0px 0 #00000070;}.uagb-block-2bdcf70c.wp-block-uagb-image--layout-overlay .wp-block-uagb-image--layout-overlay__color-wrapper{opacity: 0.2;}.uagb-block-2bdcf70c.wp-block-uagb-image--layout-overlay .wp-block-uagb-image--layout-overlay__inner{left: 15px;right: 15px;top: 15px;bottom: 15px;}.uagb-block-2bdcf70c.wp-block-uagb-image--layout-overlay .wp-block-uagb-image--layout-overlay__inner .uagb-image-heading{font-style: normal;color: #fff;opacity: 1;}.uagb-block-2bdcf70c.wp-block-uagb-image--layout-overlay .wp-block-uagb-image--layout-overlay__inner .uagb-image-heading a{color: #fff;}.uagb-block-2bdcf70c.wp-block-uagb-image--layout-overlay .wp-block-uagb-image--layout-overlay__inner .uagb-image-caption{opacity: 0;}.uagb-block-2bdcf70c.wp-block-uagb-image--layout-overlay .wp-block-uagb-image__figure:hover .wp-block-uagb-image--layout-overlay__color-wrapper{opacity: 1;}.uagb-block-2bdcf70c.wp-block-uagb-image .wp-block-uagb-image--layout-overlay__inner .uagb-image-separator{width: 30%;border-top-width: 2px;border-top-color: #fff;opacity: 0;}.uagb-block-2bdcf70c.wp-block-uagb-image .wp-block-uagb-image__figure img{width: px;height: auto;}.uagb-block-2bdcf70c.wp-block-uagb-image .wp-block-uagb-image__figure:hover .wp-block-uagb-image--layout-overlay__inner .uagb-image-caption{opacity: 1;}.uagb-block-2bdcf70c.wp-block-uagb-image .wp-block-uagb-image__figure:hover .wp-block-uagb-image--layout-overlay__inner .uagb-image-separator{opacity: 1;}.uagb-block-2bdcf70c.wp-block-uagb-image--layout-default figure:hover img{box-shadow: 0px 0px 0 #00000070;}.uagb-block-2bdcf70c.wp-block-uagb-image--layout-overlay figure:hover img{box-shadow: 0px 0px 0 #00000070;}@media only screen and (max-width: 976px) {.uagb-block-2bdcf70c.wp-block-uagb-image .wp-block-uagb-image__figure img{width: px;height: auto;}}@media only screen and (max-width: 767px) {.uagb-block-2bdcf70c.wp-block-uagb-image .wp-block-uagb-image__figure img{width: px;height: auto;}}\";s:2:\"js\";s:0:\"\";s:18:\"current_block_list\";a:28:{i:0;s:10:\"core\/group\";i:2;s:24:\"core\/post-featured-image\";i:3;s:15:\"core\/post-title\";i:5;s:14:\"core\/post-date\";i:6;s:16:\"core\/post-author\";i:7;s:15:\"core\/post-terms\";i:8;s:17:\"core\/post-content\";i:9;s:14:\"core\/separator\";i:10;s:13:\"core\/comments\";i:11;s:19:\"core\/comments-title\";i:12;s:21:\"core\/comment-template\";i:15;s:11:\"core\/avatar\";i:16;s:24:\"core\/comment-author-name\";i:17;s:17:\"core\/comment-date\";i:18;s:20:\"core\/comment-content\";i:19;s:23:\"core\/comment-reply-link\";i:20;s:24:\"core\/comments-pagination\";i:21;s:33:\"core\/comments-pagination-previous\";i:22;s:32:\"core\/comments-pagination-numbers\";i:23;s:29:\"core\/comments-pagination-next\";i:24;s:23:\"core\/post-comments-form\";i:25;s:14:\"core\/tag-cloud\";i:26;s:12:\"core\/heading\";i:27;s:14:\"core\/paragraph\";i:28;s:12:\"core\/buttons\";i:29;s:11:\"core\/button\";i:30;s:10:\"uagb\/image\";i:31;s:10:\"core\/image\";}s:8:\"uag_flag\";b:1;s:11:\"uag_version\";s:10:\"1777627588\";s:6:\"gfonts\";a:0:{}s:10:\"gfonts_url\";s:0:\"\";s:12:\"gfonts_files\";a:0:{}s:14:\"uag_faq_layout\";b:0;}"]},"uagb_featured_image_src":{"full":["https:\/\/mv-sport.de\/c\/wp-content\/uploads\/2018\/06\/schwimmen_seebruecke-e1530256008757.jpg",1000,750,false],"thumbnail":["https:\/\/mv-sport.de\/c\/wp-content\/uploads\/2018\/06\/schwimmen_seebruecke-e1530256008757-150x150.jpg",150,150,true],"medium":["https:\/\/mv-sport.de\/c\/wp-content\/uploads\/2018\/06\/schwimmen_seebruecke-e1530256008757-600x600.jpg",350,350,true],"medium_large":["https:\/\/mv-sport.de\/c\/wp-content\/uploads\/2018\/06\/schwimmen_seebruecke-e1530256008757.jpg",768,576,false],"large":["https:\/\/mv-sport.de\/c\/wp-content\/uploads\/2018\/06\/schwimmen_seebruecke-e1530256008757.jpg",1000,750,false],"1536x1536":["https:\/\/mv-sport.de\/c\/wp-content\/uploads\/2018\/06\/schwimmen_seebruecke-e1530256008757.jpg",1000,750,false],"2048x2048":["https:\/\/mv-sport.de\/c\/wp-content\/uploads\/2018\/06\/schwimmen_seebruecke-e1530256008757.jpg",1000,750,false],"ultp_layout_landscape_large":["https:\/\/mv-sport.de\/c\/wp-content\/uploads\/2018\/06\/schwimmen_seebruecke-e1530256008757.jpg",1000,750,false],"ultp_layout_landscape":["https:\/\/mv-sport.de\/c\/wp-content\/uploads\/2018\/06\/schwimmen_seebruecke-e1530256008757.jpg",760,570,false],"ultp_layout_portrait":["https:\/\/mv-sport.de\/c\/wp-content\/uploads\/2018\/06\/schwimmen_seebruecke-e1530256008757.jpg",600,450,false],"ultp_layout_square":["https:\/\/mv-sport.de\/c\/wp-content\/uploads\/2018\/06\/schwimmen_seebruecke-e1530256008757.jpg",600,450,false]},"uagb_author_info":{"display_name":"Kurverwaltung Binz","author_link":"https:\/\/mv-sport.de\/c\/author\/kurverwaltung-binz\/"},"uagb_comment_info":0,"uagb_excerpt":"F\u00fcr Wasserratten und Ostseefans &#8211; Die zweite Auflage dieses Freiwasser-Schwimmwettbewerbs bietet Strecken zwischen 200 und 2500 Metern f\u00fcr Kinder und Erwachsene. Hier kommen Gelegenheits- und Freizeitsportler sowie Kinder ab einem Alter von sechs Jahren auf den unterschiedlich anspruchsvollen Strecken auf ihre Kosten. Die Starts erfolgen nach Altersklassen gestaffelt ab 10:30 Uhr am Strand neben der&hellip;","_links":{"self":[{"href":"https:\/\/mv-sport.de\/c\/wp-json\/wp\/v2\/posts\/11334","targetHints":{"allow":["GET"]}}],"collection":[{"href":"https:\/\/mv-sport.de\/c\/wp-json\/wp\/v2\/posts"}],"about":[{"href":"https:\/\/mv-sport.de\/c\/wp-json\/wp\/v2\/types\/post"}],"author":[{"embeddable":true,"href":"https:\/\/mv-sport.de\/c\/wp-json\/wp\/v2\/users\/48"}],"replies":[{"embeddable":true,"href":"https:\/\/mv-sport.de\/c\/wp-json\/wp\/v2\/comments?post=11334"}],"version-history":[{"count":0,"href":"https:\/\/mv-sport.de\/c\/wp-json\/wp\/v2\/posts\/11334\/revisions"}],"wp:featuredmedia":[{"embeddable":true,"href":"https:\/\/mv-sport.de\/c\/wp-json\/wp\/v2\/media\/11335"}],"wp:attachment":[{"href":"https:\/\/mv-sport.de\/c\/wp-json\/wp\/v2\/media?parent=11334"}],"wp:term":[{"taxonomy":"category","embeddable":true,"href":"https:\/\/mv-sport.de\/c\/wp-json\/wp\/v2\/categories?post=11334"},{"taxonomy":"post_tag","embeddable":true,"href":"https:\/\/mv-sport.de\/c\/wp-json\/wp\/v2\/tags?post=11334"},{"taxonomy":"ort","embeddable":true,"href":"https:\/\/mv-sport.de\/c\/wp-json\/wp\/v2\/ort?post=11334"}],"curies":[{"name":"wp","href":"https:\/\/api.w.org\/{rel}","templated":true}]}}