{"id":11359,"date":"2018-07-02T08:15:11","date_gmt":"2018-07-02T06:15:11","guid":{"rendered":"https:\/\/mv-sport.de\/?p=11359"},"modified":"2018-07-02T09:54:27","modified_gmt":"2018-07-02T07:54:27","slug":"weiterhin-auf-einem-guten-weg","status":"publish","type":"post","link":"https:\/\/mv-sport.de\/c\/weiterhin-auf-einem-guten-weg\/","title":{"rendered":"&#8222;Weiterhin auf einem guten Weg&#8230;&#8220;"},"content":{"rendered":"<h3><span style=\"color: #808080;\">Dirk Pollakowski vom Stadtsportbund Schwerin \u00fcber den Sport in der Landeshauptstadt<br \/>\n<\/span><\/h3>\n<figure id=\"attachment_4360\" aria-describedby=\"caption-attachment-4360\" style=\"width: 300px\" class=\"wp-caption alignright\"><a href=\"https:\/\/mv-sport.de\/wp-content\/uploads\/2017\/07\/lambrechtsgrund-1.jpg\"><img loading=\"lazy\" decoding=\"async\" class=\"size-medium wp-image-4360\" src=\"https:\/\/mv-sport.de\/wp-content\/uploads\/2017\/07\/lambrechtsgrund-1-300x225.jpg\" alt=\"\" width=\"300\" height=\"225\" \/><\/a><figcaption id=\"caption-attachment-4360\" class=\"wp-caption-text\">Stadion am Lambrechtsgrund in Schwerin &#8211; Austragungsst\u00e4tte zahlreicher sportlicher Wettk\u00e4mpfe. M.M.<\/figcaption><\/figure>\n<p>Der Sport pulsiert &#8211; nicht nur, aber ganz besonders zur Sommerzeit &#8211; in Schwerin. Zahlreiche Wettk\u00e4mpfe stehen zwischen Ende Juni und Ende September auf dem Programm der Landeshauptstadt. Dar\u00fcber hinaus sind zahlreiche Athletinnen und Athleten aus Schwerin bei verschiedenen regionalen, nationalen und internationalen Wettk\u00e4mpfen aktiv. Wie beurteilt der Gesch\u00e4ftsf\u00fchrer des Stadtsportbundes Schwerin, Dirk Pollakowski, das aktuelle Sportgeschehen? Nachgefragt&#8230;<\/p>\n<h2><strong>Interview<\/strong><\/h2>\n<p><strong>Frage:<\/strong> Der organisierte Sport in Schwerin. Wie stellt sich die Situation Mitte 2018 dar?<\/p>\n<p><strong>Dirk Pollakowski:<\/strong> Wir sind weiterhin auf einem guten Weg. In Schwerin sind 18.000 B\u00fcrgerinnen und B\u00fcrger Mitglied in einem der 108 Vereine. \u00dcber 5300 davon sind Kinder und Jugendliche. Das ist schon &#8211; bezogen auf ganz M-V &#8211; eine sehr gute Bilanz. Es gibt dazu eine Menge Projekte, um mehr Schweriner Einwohner f\u00fcr den aktiven Sport zu begeistern, so im Kita-Bereich, &#8222;Integration durch Sport&#8220;, die &#8222;beneFIT&#8220;-Veranstaltungen und die diversen Angebote f\u00fcr Kids in den Vereinen.<\/p>\n<p><strong>Frage:<\/strong> Im Sommer 2018 gibt es ja eine Menge Sport-Events in Schwerin&#8230; Wie sind da die Angebote?<\/p>\n<figure id=\"attachment_3917\" aria-describedby=\"caption-attachment-3917\" style=\"width: 300px\" class=\"wp-caption alignleft\"><a href=\"https:\/\/mv-sport.de\/wp-content\/uploads\/2017\/06\/schlossschwimmeninschwerin.jpg\"><img loading=\"lazy\" decoding=\"async\" class=\"size-medium wp-image-3917\" src=\"https:\/\/mv-sport.de\/wp-content\/uploads\/2017\/06\/schlossschwimmeninschwerin-300x225.jpg\" alt=\"\" width=\"300\" height=\"225\" \/><\/a><figcaption id=\"caption-attachment-3917\" class=\"wp-caption-text\">Start beim Schloss-Schwimmen. M.M.<\/figcaption><\/figure>\n<p><strong>Dirk Pollakowski:<\/strong> In der Tat wird es sportlich in Schwerin in den Sommer-Monaten sehr spannend. Bereits zum 30. Mal fand am 1. Juli der Schloss-Triathlon statt. Sechs Tage sp\u00e4ter, am 7. Juli, folgt der 34. F\u00fcnf-Seen-Lauf.<\/p>\n<p>Vor der idyllischen Kulisse des Schweriner Schlosses sind dann am 12. August beim 14. Schweriner Schloss-Schwimmen die maritimen Langstrecken-Asse gefordert. &#8222;Die Drachen&#8220; sind vom 17. August bis 19. August beim 27. Drachenbootfestival &#8222;los&#8220;. Eine gute Tradition haben zudem die Schweriner International Senior Open im Tennis, die vom 29. August bis 2. September ihre 25. Auflage erleben werden.<\/p>\n<p>Gesegelt wird in Schwerin nat\u00fcrlich auch, so unter anderem beim Marstall-Cup am 18.\/19. August bzw. beim 29. Internationalen Herbstpokal am 20. Oktober. Es gibt also zahlreichen Sportveranstaltungen in den kommenden Wochen in Schwerin.<\/p>\n<p><strong>Letzte Frage:<\/strong> Auch einige Schweriner Athletinnen und Athleten, die Olympia\/Paralympics 2020 im Blick haben, sind ja im Einsatz&#8230; Wer ist da speziell &#8222;in der Spur&#8220;?<\/p>\n<figure id=\"attachment_5358\" aria-describedby=\"caption-attachment-5358\" style=\"width: 300px\" class=\"wp-caption alignright\"><a href=\"https:\/\/mv-sport.de\/wp-content\/uploads\/2017\/08\/volley.jpg\"><img loading=\"lazy\" decoding=\"async\" class=\"size-medium wp-image-5358\" src=\"https:\/\/mv-sport.de\/wp-content\/uploads\/2017\/08\/volley-300x225.jpg\" alt=\"\" width=\"300\" height=\"225\" \/><\/a><figcaption id=\"caption-attachment-5358\" class=\"wp-caption-text\">Volleyball in Schwerin. M.M.<\/figcaption><\/figure>\n<p><strong>Dirk Pollakowski:<\/strong> Ja, auch leistungssportlich sind Sportlerinnen und Sportler aus Schwerin bei wichtigen Wettk\u00e4mpfen gefordert. Boxerinnen des BC Traktor Schwerin gewannen k\u00fcrzlich bei den Nachwuchs- bzw. Elite-EM sogar Edelmetall, wie Sophie Alisch oder Sarah Scheurich.<\/p>\n<p>Unsere Volleyball-Asse vom Schweriner SC verteidigten nicht nur ihren Meistertitel, sondern waren auch Leistungstr\u00e4gerinnen in der deutschen Nationalmannschaft in der ersten Nationen-Liga im Volleyballsport. Stabhochspringerin Martina Strutz, die zwar f\u00fcr den Hagenower SV startet, aber aus Schwerin stammt, strebt zu den Leichtathletik-EM.<\/p>\n<p>Wichtige Wettk\u00e4mpfe haben auch die Radsportlerinnen und Radsportler vom Schweriner Leistungszentrum vor sich, ob Lea Sophie Friedrich, Stefan Nimke. Ruderer Hannes Ocik ist bei den kommenden EM und WM mit dem Deutschland-Achter auf Goldkurs. Die Judoka Ramona und Carmen Brussig haben sportlich noch einige Herausforderungen zu meistern. Nationale und internationale Eins\u00e4tze haben nicht zuletzt die SSC-Leichtathleten, die Boxer des BC Traktor Schwerin und auch Sportlerinnen und Sportler weiterer Sportarten und weiterer Vereine. Und in den Mannschaftssportarten laufen bereits die Vorbereitungen auf die Saison 2018\/19.<\/p>\n<p><strong>Frage:<\/strong> Im Oktober finden die Olympischen Jugendspiele in Buenos Aires statt, f\u00fcr die Athletinnen und Athleten zwischen 14 und 18 Jahren. Ist es nicht eine \u201e\u00fcberfl\u00fcssige Veranstaltung\u201c, denn \u201erichtige\u201c Olympische Spiele gibt es doch bereits?!<\/p>\n<p><strong>Dirk Pollakowski:<\/strong> Das sehe ich etwas anders. Bei den Olympischen Jugendspielen steht das Spielerische, das Miteinander und die Idee an sich im Vordergrund. Es starten multinationale Teams und Staffeln \u2013 das gibt es so bei Olympischen Spielen nicht. Dar\u00fcber hinaus werden die Spiele durch \u201eWorkshops\u201c erg\u00e4nzt, in der sich die Teilnehmerinnen und Teilnehmern mit den Urspr\u00fcngen und der Entwicklung der olympischen Bewegung auseinandersetzen k\u00f6nnen.<\/p>\n<p>Auch die Vermarktung ist l\u00e4ngst nicht so intensiv, wie bei den Olympischen Spielen. Hoffentlich werden einige Sport-Talente aus M-V bei den Olympischen Jugendspielen in Buenos Aires dabei sein.<\/p>\n<p><strong>Vielen Dank und weiterhin bestes Engagement f\u00fcr den Schweriner Sport!<\/strong><\/p>\n<p><em>M.Michels<\/em><\/p>\n<p>&nbsp;<\/p>\n","protected":false},"excerpt":{"rendered":"<p>Dirk Pollakowski vom Stadtsportbund Schwerin \u00fcber den Sport in der Landeshauptstadt Der Sport pulsiert &#8211; nicht nur, aber ganz besonders zur Sommerzeit &#8211; in Schwerin. Zahlreiche Wettk\u00e4mpfe stehen zwischen Ende Juni und Ende September auf dem Programm der Landeshauptstadt. Dar\u00fcber hinaus sind zahlreiche Athletinnen und Athleten aus Schwerin bei verschiedenen regionalen, nationalen und internationalen Wettk\u00e4mpfen [&hellip;]<\/p>\n","protected":false},"author":3,"featured_media":4360,"comment_status":"open","ping_status":"open","sticky":false,"template":"","format":"standard","meta":{"_seopress_robots_primary_cat":"","_seopress_titles_title":"","_seopress_titles_desc":"","_seopress_robots_index":"","_relevanssi_hide_post":"","_relevanssi_hide_content":"","_relevanssi_pin_for_all":"","_relevanssi_pin_keywords":"","_relevanssi_unpin_keywords":"","_relevanssi_related_keywords":"","_relevanssi_related_include_ids":"","_relevanssi_related_exclude_ids":"","_relevanssi_related_no_append":"","_relevanssi_related_not_related":"","_relevanssi_related_posts":"","_relevanssi_noindex_reason":"","_uag_custom_page_level_css":"","footnotes":""},"categories":[24],"tags":[],"ort":[],"class_list":{"0":"post-11359","1":"post","2":"type-post","3":"status-publish","4":"format-standard","5":"has-post-thumbnail","7":"category-sport-allgemein"},"featured_image_urls":{"medium":"https:\/\/mv-sport.de\/c\/wp-content\/uploads\/2017\/07\/lambrechtsgrund-1.jpg","medium_large":"https:\/\/mv-sport.de\/c\/wp-content\/uploads\/2017\/07\/lambrechtsgrund-1.jpg","large":"https:\/\/mv-sport.de\/c\/wp-content\/uploads\/2017\/07\/lambrechtsgrund-1.jpg","full":"https:\/\/mv-sport.de\/c\/wp-content\/uploads\/2017\/07\/lambrechtsgrund-1.jpg","alt":"","caption":"Stadion am Lambrechtsgrund in Schwerin - Austragungsst\u00e4tte zahlreicher sportlicher Wettk\u00e4mpfe in der Leichtathletik. mm"},"spectra_custom_meta":{"uab_option":["yes"],"uab_meta_position":["default"],"_extra_rating_average":["0"],"_edit_lock":["1530519229:2"],"_edit_last":["2"],"_thumbnail_id":["4360"],"_et_pb_use_builder":[""],"_et_builder_version":["BB|Divi|3.9"],"_et_pb_old_content":[""],"_et_pb_custom_css":[""],"_yoast_wpseo_primary_category":["24"],"_post_review_box_title":["Review"],"_post_review_box_summary":[""],"_post_review_box_summary_title":["Summary"],"_post_review_box_breakdowns_score":["0"],"_post_review_box_breakdowns_count":["1"],"_post_review_box_breakdowns":["a:1:{i:0;a:2:{s:5:\"title\";s:0:\"\";s:6:\"rating\";i:0;}}"],"_extra_sidebar_location":[""],"_extra_sidebar":[""],"_post_extra_featured_image_hide_single":["1"],"post_views_count":["713"],"xyz_fbap":["1"],"xyz_fbap_insert_og":["0"],"_et_pb_ab_stats_refresh_interval":["hourly"],"_et_pb_enable_shortcode_tracking":[""],"wp_schema_pro_optimized_structured_data":["<!-- Schema optimized by Schema Pro --><script type=\"application\/ld+json\">{\"@context\":\"https:\/\/schema.org\",\"@type\":\"NewsArticle\",\"mainEntityOfPage\":{\"@type\":\"WebPage\",\"@id\":\"https:\/\/mv-sport.de\/weiterhin-auf-einem-guten-weg\/\"},\"headline\":\"\\\"Weiterhin auf einem guten Weg...\\\"\",\"image\":{\"@type\":\"ImageObject\",\"url\":\"https:\/\/mv-sport.de\/wp-content\/uploads\/2017\/07\/lambrechtsgrund-1.jpg\",\"width\":538,\"height\":403},\"datePublished\":\"2018-07-02T08:15:11\",\"dateModified\":\"2018-07-02T09:54:27\",\"author\":{\"@type\":\"Person\",\"name\":\"Marko Michels\",\"url\":\"https:\/\/mv-sport.de\/author\/marko-michels\"},\"publisher\":{\"@type\":\"Organization\",\"name\":\"MV-Sport.de - Sportvereine &amp; Sportnachrichten Mecklenburg-Vorpommern\",\"logo\":{\"@type\":\"ImageObject\",\"url\":\"https:\/\/mv-sport.de\/wp-content\/uploads\/2017\/05\/logo-mv-sport-292x60.png\"}}}<\/script><!-- \/ Schema optimized by Schema Pro -->"],"__post_views_count":["819"],"astra_style_timestamp_css":["1757538913"],"_uag_css_file_name":["uag-css-11359.css"],"_uag_page_assets":["a:9:{s:3:\"css\";s:7010:\".uagb-block-88f5875d.wp-block-uagb-image--layout-default figure img{box-shadow: 0px 0px 0 #00000070;}.uagb-block-88f5875d.wp-block-uagb-image .wp-block-uagb-image__figure figcaption{font-style: normal;align-self: center;}.uagb-block-88f5875d.wp-block-uagb-image--layout-overlay figure img{box-shadow: 0px 0px 0 #00000070;}.uagb-block-88f5875d.wp-block-uagb-image--layout-overlay .wp-block-uagb-image--layout-overlay__color-wrapper{opacity: 0.2;}.uagb-block-88f5875d.wp-block-uagb-image--layout-overlay .wp-block-uagb-image--layout-overlay__inner{left: 15px;right: 15px;top: 15px;bottom: 15px;}.uagb-block-88f5875d.wp-block-uagb-image--layout-overlay .wp-block-uagb-image--layout-overlay__inner .uagb-image-heading{font-style: normal;color: #fff;opacity: 1;}.uagb-block-88f5875d.wp-block-uagb-image--layout-overlay .wp-block-uagb-image--layout-overlay__inner .uagb-image-heading a{color: #fff;}.uagb-block-88f5875d.wp-block-uagb-image--layout-overlay .wp-block-uagb-image--layout-overlay__inner .uagb-image-caption{opacity: 0;}.uagb-block-88f5875d.wp-block-uagb-image--layout-overlay .wp-block-uagb-image__figure:hover .wp-block-uagb-image--layout-overlay__color-wrapper{opacity: 1;}.uagb-block-88f5875d.wp-block-uagb-image .wp-block-uagb-image--layout-overlay__inner .uagb-image-separator{width: 30%;border-top-width: 2px;border-top-color: #fff;opacity: 0;}.uagb-block-88f5875d.wp-block-uagb-image .wp-block-uagb-image__figure img{width: 297px;height: auto;}.uagb-block-88f5875d.wp-block-uagb-image .wp-block-uagb-image__figure:hover .wp-block-uagb-image--layout-overlay__inner .uagb-image-caption{opacity: 1;}.uagb-block-88f5875d.wp-block-uagb-image .wp-block-uagb-image__figure:hover .wp-block-uagb-image--layout-overlay__inner .uagb-image-separator{opacity: 1;}.uagb-block-88f5875d.wp-block-uagb-image--layout-default figure:hover img{box-shadow: 0px 0px 0 #00000070;}.uagb-block-88f5875d.wp-block-uagb-image--layout-overlay figure:hover img{box-shadow: 0px 0px 0 #00000070;}@media only screen and (max-width: 976px) {.uagb-block-88f5875d.wp-block-uagb-image .wp-block-uagb-image__figure img{width: 297px;height: auto;}}@media only screen and (max-width: 767px) {.uagb-block-88f5875d.wp-block-uagb-image .wp-block-uagb-image__figure img{width: 297px;height: auto;}}.uagb-block-b6c54374.wp-block-uagb-image{margin-top: 0px;margin-right: 0px;margin-bottom: 0px;margin-left: 0px;}.uagb-block-b6c54374.wp-block-uagb-image--layout-default figure img{box-shadow: 0px 0px 0 #00000070;}.uagb-block-b6c54374.wp-block-uagb-image .wp-block-uagb-image__figure figcaption{font-style: normal;align-self: center;}.uagb-block-b6c54374.wp-block-uagb-image--layout-overlay figure img{box-shadow: 0px 0px 0 #00000070;}.uagb-block-b6c54374.wp-block-uagb-image--layout-overlay .wp-block-uagb-image--layout-overlay__color-wrapper{opacity: 0.2;}.uagb-block-b6c54374.wp-block-uagb-image--layout-overlay .wp-block-uagb-image--layout-overlay__inner{left: 15px;right: 15px;top: 15px;bottom: 15px;}.uagb-block-b6c54374.wp-block-uagb-image--layout-overlay .wp-block-uagb-image--layout-overlay__inner .uagb-image-heading{font-style: normal;color: #fff;opacity: 1;}.uagb-block-b6c54374.wp-block-uagb-image--layout-overlay .wp-block-uagb-image--layout-overlay__inner .uagb-image-heading a{color: #fff;}.uagb-block-b6c54374.wp-block-uagb-image--layout-overlay .wp-block-uagb-image--layout-overlay__inner .uagb-image-caption{opacity: 0;}.uagb-block-b6c54374.wp-block-uagb-image--layout-overlay .wp-block-uagb-image__figure:hover .wp-block-uagb-image--layout-overlay__color-wrapper{opacity: 1;}.uagb-block-b6c54374.wp-block-uagb-image .wp-block-uagb-image--layout-overlay__inner .uagb-image-separator{width: 30%;border-top-width: 2px;border-top-color: #fff;opacity: 0;}.uagb-block-b6c54374.wp-block-uagb-image .wp-block-uagb-image__figure img{width: px;height: auto;}.uagb-block-b6c54374.wp-block-uagb-image .wp-block-uagb-image__figure:hover .wp-block-uagb-image--layout-overlay__inner .uagb-image-caption{opacity: 1;}.uagb-block-b6c54374.wp-block-uagb-image .wp-block-uagb-image__figure:hover .wp-block-uagb-image--layout-overlay__inner .uagb-image-separator{opacity: 1;}.uagb-block-b6c54374.wp-block-uagb-image--layout-default figure:hover img{box-shadow: 0px 0px 0 #00000070;}.uagb-block-b6c54374.wp-block-uagb-image--layout-overlay figure:hover img{box-shadow: 0px 0px 0 #00000070;}@media only screen and (max-width: 976px) {.uagb-block-b6c54374.wp-block-uagb-image .wp-block-uagb-image__figure img{width: px;height: auto;}}@media only screen and (max-width: 767px) {.uagb-block-b6c54374.wp-block-uagb-image .wp-block-uagb-image__figure img{width: px;height: auto;}}.uagb-block-2bdcf70c.wp-block-uagb-image{margin-top: 0px;margin-right: 0px;margin-bottom: 0px;margin-left: 0px;}.uagb-block-2bdcf70c.wp-block-uagb-image--layout-default figure img{box-shadow: 0px 0px 0 #00000070;}.uagb-block-2bdcf70c.wp-block-uagb-image .wp-block-uagb-image__figure figcaption{font-style: normal;align-self: center;}.uagb-block-2bdcf70c.wp-block-uagb-image--layout-overlay figure img{box-shadow: 0px 0px 0 #00000070;}.uagb-block-2bdcf70c.wp-block-uagb-image--layout-overlay .wp-block-uagb-image--layout-overlay__color-wrapper{opacity: 0.2;}.uagb-block-2bdcf70c.wp-block-uagb-image--layout-overlay .wp-block-uagb-image--layout-overlay__inner{left: 15px;right: 15px;top: 15px;bottom: 15px;}.uagb-block-2bdcf70c.wp-block-uagb-image--layout-overlay .wp-block-uagb-image--layout-overlay__inner .uagb-image-heading{font-style: normal;color: #fff;opacity: 1;}.uagb-block-2bdcf70c.wp-block-uagb-image--layout-overlay .wp-block-uagb-image--layout-overlay__inner .uagb-image-heading a{color: #fff;}.uagb-block-2bdcf70c.wp-block-uagb-image--layout-overlay .wp-block-uagb-image--layout-overlay__inner .uagb-image-caption{opacity: 0;}.uagb-block-2bdcf70c.wp-block-uagb-image--layout-overlay .wp-block-uagb-image__figure:hover .wp-block-uagb-image--layout-overlay__color-wrapper{opacity: 1;}.uagb-block-2bdcf70c.wp-block-uagb-image .wp-block-uagb-image--layout-overlay__inner .uagb-image-separator{width: 30%;border-top-width: 2px;border-top-color: #fff;opacity: 0;}.uagb-block-2bdcf70c.wp-block-uagb-image .wp-block-uagb-image__figure img{width: px;height: auto;}.uagb-block-2bdcf70c.wp-block-uagb-image .wp-block-uagb-image__figure:hover .wp-block-uagb-image--layout-overlay__inner .uagb-image-caption{opacity: 1;}.uagb-block-2bdcf70c.wp-block-uagb-image .wp-block-uagb-image__figure:hover .wp-block-uagb-image--layout-overlay__inner .uagb-image-separator{opacity: 1;}.uagb-block-2bdcf70c.wp-block-uagb-image--layout-default figure:hover img{box-shadow: 0px 0px 0 #00000070;}.uagb-block-2bdcf70c.wp-block-uagb-image--layout-overlay figure:hover img{box-shadow: 0px 0px 0 #00000070;}@media only screen and (max-width: 976px) {.uagb-block-2bdcf70c.wp-block-uagb-image .wp-block-uagb-image__figure img{width: px;height: auto;}}@media only screen and (max-width: 767px) {.uagb-block-2bdcf70c.wp-block-uagb-image .wp-block-uagb-image__figure img{width: px;height: auto;}}\";s:2:\"js\";s:0:\"\";s:18:\"current_block_list\";a:28:{i:0;s:10:\"core\/group\";i:2;s:24:\"core\/post-featured-image\";i:3;s:15:\"core\/post-title\";i:5;s:14:\"core\/post-date\";i:6;s:16:\"core\/post-author\";i:7;s:15:\"core\/post-terms\";i:8;s:17:\"core\/post-content\";i:9;s:14:\"core\/separator\";i:10;s:13:\"core\/comments\";i:11;s:19:\"core\/comments-title\";i:12;s:21:\"core\/comment-template\";i:15;s:11:\"core\/avatar\";i:16;s:24:\"core\/comment-author-name\";i:17;s:17:\"core\/comment-date\";i:18;s:20:\"core\/comment-content\";i:19;s:23:\"core\/comment-reply-link\";i:20;s:24:\"core\/comments-pagination\";i:21;s:33:\"core\/comments-pagination-previous\";i:22;s:32:\"core\/comments-pagination-numbers\";i:23;s:29:\"core\/comments-pagination-next\";i:24;s:23:\"core\/post-comments-form\";i:25;s:14:\"core\/tag-cloud\";i:26;s:12:\"core\/heading\";i:27;s:14:\"core\/paragraph\";i:28;s:12:\"core\/buttons\";i:29;s:11:\"core\/button\";i:30;s:10:\"uagb\/image\";i:31;s:10:\"core\/image\";}s:8:\"uag_flag\";b:1;s:11:\"uag_version\";s:10:\"1777208246\";s:6:\"gfonts\";a:0:{}s:10:\"gfonts_url\";s:0:\"\";s:12:\"gfonts_files\";a:0:{}s:14:\"uag_faq_layout\";b:0;}"]},"uagb_featured_image_src":{"full":["https:\/\/mv-sport.de\/c\/wp-content\/uploads\/2017\/07\/lambrechtsgrund-1.jpg",538,403,false],"thumbnail":["https:\/\/mv-sport.de\/c\/wp-content\/uploads\/2017\/07\/lambrechtsgrund-1-150x150.jpg",150,150,true],"medium":["https:\/\/mv-sport.de\/c\/wp-content\/uploads\/2017\/07\/lambrechtsgrund-1.jpg",350,262,false],"medium_large":["https:\/\/mv-sport.de\/c\/wp-content\/uploads\/2017\/07\/lambrechtsgrund-1.jpg",538,403,false],"large":["https:\/\/mv-sport.de\/c\/wp-content\/uploads\/2017\/07\/lambrechtsgrund-1.jpg",538,403,false],"1536x1536":["https:\/\/mv-sport.de\/c\/wp-content\/uploads\/2017\/07\/lambrechtsgrund-1.jpg",538,403,false],"2048x2048":["https:\/\/mv-sport.de\/c\/wp-content\/uploads\/2017\/07\/lambrechtsgrund-1.jpg",538,403,false],"ultp_layout_landscape_large":["https:\/\/mv-sport.de\/c\/wp-content\/uploads\/2017\/07\/lambrechtsgrund-1.jpg",538,403,false],"ultp_layout_landscape":["https:\/\/mv-sport.de\/c\/wp-content\/uploads\/2017\/07\/lambrechtsgrund-1.jpg",538,403,false],"ultp_layout_portrait":["https:\/\/mv-sport.de\/c\/wp-content\/uploads\/2017\/07\/lambrechtsgrund-1.jpg",538,403,false],"ultp_layout_square":["https:\/\/mv-sport.de\/c\/wp-content\/uploads\/2017\/07\/lambrechtsgrund-1.jpg",538,403,false]},"uagb_author_info":{"display_name":"Marko Michels","author_link":"https:\/\/mv-sport.de\/c\/author\/marko-michels\/"},"uagb_comment_info":0,"uagb_excerpt":"Dirk Pollakowski vom Stadtsportbund Schwerin \u00fcber den Sport in der Landeshauptstadt Der Sport pulsiert &#8211; nicht nur, aber ganz besonders zur Sommerzeit &#8211; in Schwerin. Zahlreiche Wettk\u00e4mpfe stehen zwischen Ende Juni und Ende September auf dem Programm der Landeshauptstadt. Dar\u00fcber hinaus sind zahlreiche Athletinnen und Athleten aus Schwerin bei verschiedenen regionalen, nationalen und internationalen Wettk\u00e4mpfen&hellip;","_links":{"self":[{"href":"https:\/\/mv-sport.de\/c\/wp-json\/wp\/v2\/posts\/11359","targetHints":{"allow":["GET"]}}],"collection":[{"href":"https:\/\/mv-sport.de\/c\/wp-json\/wp\/v2\/posts"}],"about":[{"href":"https:\/\/mv-sport.de\/c\/wp-json\/wp\/v2\/types\/post"}],"author":[{"embeddable":true,"href":"https:\/\/mv-sport.de\/c\/wp-json\/wp\/v2\/users\/3"}],"replies":[{"embeddable":true,"href":"https:\/\/mv-sport.de\/c\/wp-json\/wp\/v2\/comments?post=11359"}],"version-history":[{"count":0,"href":"https:\/\/mv-sport.de\/c\/wp-json\/wp\/v2\/posts\/11359\/revisions"}],"wp:featuredmedia":[{"embeddable":true,"href":"https:\/\/mv-sport.de\/c\/wp-json\/wp\/v2\/media\/4360"}],"wp:attachment":[{"href":"https:\/\/mv-sport.de\/c\/wp-json\/wp\/v2\/media?parent=11359"}],"wp:term":[{"taxonomy":"category","embeddable":true,"href":"https:\/\/mv-sport.de\/c\/wp-json\/wp\/v2\/categories?post=11359"},{"taxonomy":"post_tag","embeddable":true,"href":"https:\/\/mv-sport.de\/c\/wp-json\/wp\/v2\/tags?post=11359"},{"taxonomy":"ort","embeddable":true,"href":"https:\/\/mv-sport.de\/c\/wp-json\/wp\/v2\/ort?post=11359"}],"curies":[{"name":"wp","href":"https:\/\/api.w.org\/{rel}","templated":true}]}}