{"id":114359,"date":"2022-06-14T19:40:07","date_gmt":"2022-06-14T17:40:07","guid":{"rendered":"https:\/\/mv-sport.de\/?p=114359"},"modified":"2022-06-15T15:58:30","modified_gmt":"2022-06-15T13:58:30","slug":"laager-senioren-rocken-die-landesmeisterschaften-der-jugend","status":"publish","type":"post","link":"https:\/\/mv-sport.de\/c\/laager-senioren-rocken-die-landesmeisterschaften-der-jugend\/","title":{"rendered":"Laager Senioren rocken die Landesmeisterschaften der &#8222;Jugend&#8220;"},"content":{"rendered":"<p><strong>Traditionell finden Anfang Juni die Landestitelk\u00e4mpfe der Leichtathleten im Stadion statt. Und diese Veranstaltung dauert, aufgrund der Gr\u00f6\u00dfe und der Anzahl der Wettbewerbe, ein ganzes Wochenende. Grunds\u00e4tzlich betrifft das dann die Altersklassen der unter 14-j\u00e4hrigen bis in die Klasse der Frauen und M\u00e4nner &#8211; bis zum 29. Lebensjahr.<\/strong><\/p>\n<figure id=\"attachment_114368\" aria-describedby=\"caption-attachment-114368\" style=\"width: 262px\" class=\"wp-caption alignleft\"><a href=\"https:\/\/mv-sport.de\/wp-content\/uploads\/2022\/06\/lm-bahn-22-jun-2.jpg\"><img loading=\"lazy\" decoding=\"async\" class=\"wp-image-114368 size-medium\" src=\"https:\/\/mv-sport.de\/wp-content\/uploads\/2022\/06\/lm-bahn-22-jun-2-262x350.jpg\" alt=\"\" width=\"262\" height=\"350\" \/><\/a><figcaption id=\"caption-attachment-114368\" class=\"wp-caption-text\">Das Foto zeigt Dr. Anna Rebekka K\u00fchl, Steffen Schirmer und Marcel Raith. <span style=\"color: #999999;\">Foto: Joelina Raith<\/span><\/figcaption><\/figure>\n<p>In diesem Jahr wollten allerdings auch einige Seniorensportler*innen der Laager Laufgruppe in einigen Laufdisziplinen mitmischen und sich selbst beweisen was in ihnen steckt. Und das gelang ihnen au\u00dferordentlich gut. Am Samstag startete die 40-j\u00e4hrige Sandra Murr bei ihrem 400 Meter Lauf und erk\u00e4mpfte sich ihre Silbermedaille nach 1;19,98 Minuten. &#8222;Ihre um 19 Jahre j\u00fcngere Konkurrentin vom Hagenower SV beeindruckte Sandra genauso wie umgekehrt.&#8220;, erkl\u00e4rte die Athletin nach einigen Minuten des Luftholens im Ziel.<\/p>\n<p>Am Sonntag wurde es dann f\u00fcr die anderen gemeldeten Laager Clubl\u00e4ufer ernst. Im Lauf \u00fcber 800 Meter zeigte sich Dr. Anna Rebekka K\u00fchl nicht unerwartet stark. Die 45-j\u00e4hrige Mutter von drei Kindern \u00a0lief nach 2;48,21 Minuten unter anerkennendem Applaus der gut 2000 Stadionbesucher und Wettkampfteilnehmer ins Ziel und f\u00fchlte sich nach eigenem Bekenntnis:&#8220;wie von 30 Jahren.&#8220; \u00a0Der Vize-Landesmeistertitel und damit die Silbermedaille war der verdiente Lohn. Im M\u00e4nnerrennen \u00fcber die 800 Meter zeigte der 36-j\u00e4hrige Steffen Schirmer ein Rennen, das am Ende das Happy end offen lie\u00df. Auf den letzten 30 Metern musste er seinen um 14 Jahre j\u00fcngeren Konkurrenten vom\u00a0LAV Ribnitz-Damgarten\/Sanitz vorbei ziehen lassen. Mit seiner Zeit von\u00a02;13,17 Minuten war der Berufsoffizier, der seinen Dienst auf dem Fliegerhorst in Laage versieht, aber zufrieden und pr\u00e4sentierte stolz seine Silbermedaille.<\/p>\n<p>Im selben Lauf holte sich der fast 42-j\u00e4hrige Marcel Raith die Bronzeplakette nach 2;25,11 Minuten als \u00e4ltester Aktiver im Feld. Im 5000 Meter Rennen konnte der fast 45-j\u00e4hrige Jan Menge mit der Zeit von 21;46,31 Minuten ebenfalls zufrieden sein, und auch er schw\u00e4rmte von der besonderen Atmosph\u00e4re im Rostocker Leichtathletik-Stadion. Vervollst\u00e4ndigt wurde das tolle Vereinsergebnis durch den 12-j\u00e4hrigen Lennox Raith. Nach 2,42,65 Minuten beendete er seinen Lauf \u00fcber die zwei Stadionrunden.<\/p>\n<p><em><span style=\"color: #999999;\">ast<\/span><\/em><\/p>\n","protected":false},"excerpt":{"rendered":"<p>Traditionell finden Anfang Juni die Landestitelk\u00e4mpfe der Leichtathleten im Stadion statt. Und diese Veranstaltung dauert, aufgrund der Gr\u00f6\u00dfe und der Anzahl der Wettbewerbe, ein ganzes Wochenende. Grunds\u00e4tzlich betrifft das dann die Altersklassen der unter 14-j\u00e4hrigen bis in die Klasse der Frauen und M\u00e4nner &#8211; bis zum 29. Lebensjahr. In diesem Jahr wollten allerdings auch einige [&hellip;]<\/p>\n","protected":false},"author":7,"featured_media":114368,"comment_status":"open","ping_status":"open","sticky":false,"template":"","format":"standard","meta":{"_seopress_robots_primary_cat":"none","_seopress_titles_title":"","_seopress_titles_desc":"","_seopress_robots_index":"","_relevanssi_hide_post":"","_relevanssi_hide_content":"","_relevanssi_pin_for_all":"","_relevanssi_pin_keywords":"","_relevanssi_unpin_keywords":"","_relevanssi_related_keywords":"","_relevanssi_related_include_ids":"","_relevanssi_related_exclude_ids":"","_relevanssi_related_no_append":"","_relevanssi_related_not_related":"","_relevanssi_related_posts":"","_relevanssi_noindex_reason":"","_uag_custom_page_level_css":"","footnotes":""},"categories":[47],"tags":[],"ort":[],"class_list":{"0":"post-114359","1":"post","2":"type-post","3":"status-publish","4":"format-standard","5":"has-post-thumbnail","7":"category-laufsport"},"featured_image_urls":{"medium":"https:\/\/mv-sport.de\/c\/wp-content\/uploads\/2022\/06\/lm-bahn-22-jun-2-600x600.jpg","medium_large":"https:\/\/mv-sport.de\/c\/wp-content\/uploads\/2022\/06\/lm-bahn-22-jun-2.jpg","large":"https:\/\/mv-sport.de\/c\/wp-content\/uploads\/2022\/06\/lm-bahn-22-jun-2-1048x1400.jpg","full":"https:\/\/mv-sport.de\/c\/wp-content\/uploads\/2022\/06\/lm-bahn-22-jun-2.jpg","alt":"","caption":"Das Foto zeigt Dr. Anna Rebekka K\u00fchl, Steffen Schirmer und Marcel Raith. Foto: Joelina Raith"},"spectra_custom_meta":{"uab_option":["yes"],"uab_meta_position":["default"],"_extra_rating_average":["0"],"_seopress_analysis_data":["a:20:{s:5:\"title\";s:146:\"Laager Senioren rocken die Landesmeisterschaften der &quot;Jugend&quot; | MV-Sport.de - Sportvereine &amp; Sportnachrichten Mecklenburg-Vorpommern\";s:12:\"link_preview\";s:108:\"https:\/\/mv-sport.de\/laager-senioren-rocken-die-landesmeisterschaften-der-jugend\/?no_admin_bar=1&preview=true\";s:9:\"meta_desc\";s:353:\"Traditionell finden Anfang Juni die Landestitelk\u00e4mpfe der Leichtathleten im Stadion statt. Und diese Veranstaltung dauert, aufgrund der Gr\u00f6\u00dfe und der Anzahl der Wettbewerbe, ein ganzes Wochenende. Grunds\u00e4tzlich betrifft das dann die Altersklassen der unter 14-j\u00e4hrigen bis in die Klasse der Frauen und M\u00e4nner - bis zum 29. Lebensjahr. In diesem\u2026\";s:8:\"og_title\";a:2:{s:5:\"count\";i:1;s:6:\"values\";a:1:{i:0;s:146:\"Laager Senioren rocken die Landesmeisterschaften der &quot;Jugend&quot; | MV-Sport.de - Sportvereine &amp; Sportnachrichten Mecklenburg-Vorpommern\";}}s:7:\"og_desc\";a:2:{s:5:\"count\";i:1;s:6:\"values\";a:1:{i:0;s:353:\"Traditionell finden Anfang Juni die Landestitelk\u00e4mpfe der Leichtathleten im Stadion statt. Und diese Veranstaltung dauert, aufgrund der Gr\u00f6\u00dfe und der Anzahl der Wettbewerbe, ein ganzes Wochenende. Grunds\u00e4tzlich betrifft das dann die Altersklassen der unter 14-j\u00e4hrigen bis in die Klasse der Frauen und M\u00e4nner - bis zum 29. Lebensjahr. In diesem\u2026\";}}s:6:\"og_img\";a:2:{s:5:\"count\";i:1;s:6:\"values\";a:1:{i:0;s:67:\"https:\/\/mv-sport.de\/wp-content\/uploads\/2022\/06\/lm-bahn-22-jun-2.jpg\";}}s:6:\"og_url\";a:3:{s:5:\"count\";i:1;s:6:\"values\";a:1:{i:0;s:79:\"https:\/\/mv-sport.de\/laager-senioren-rocken-die-landesmeisterschaften-der-jugend\";}s:4:\"host\";s:11:\"mv-sport.de\";}s:12:\"og_site_name\";a:2:{s:5:\"count\";i:1;s:6:\"values\";a:1:{i:0;s:72:\"MV-Sport.de - Sportvereine &amp; Sportnachrichten Mecklenburg-Vorpommern\";}}s:8:\"tw_title\";a:2:{s:5:\"count\";i:1;s:6:\"values\";a:1:{i:0;s:146:\"Laager Senioren rocken die Landesmeisterschaften der &quot;Jugend&quot; | MV-Sport.de - Sportvereine &amp; Sportnachrichten Mecklenburg-Vorpommern\";}}s:7:\"tw_desc\";a:2:{s:5:\"count\";i:1;s:6:\"values\";a:1:{i:0;s:353:\"Traditionell finden Anfang Juni die Landestitelk\u00e4mpfe der Leichtathleten im Stadion statt. Und diese Veranstaltung dauert, aufgrund der Gr\u00f6\u00dfe und der Anzahl der Wettbewerbe, ein ganzes Wochenende. Grunds\u00e4tzlich betrifft das dann die Altersklassen der unter 14-j\u00e4hrigen bis in die Klasse der Frauen und M\u00e4nner - bis zum 29. Lebensjahr. In diesem\u2026\";}}s:6:\"tw_img\";a:2:{s:5:\"count\";i:1;s:6:\"values\";a:1:{i:0;s:76:\"https:\/\/mv-sport.de\/wp-content\/uploads\/2022\/06\/lm-bahn-22-jun-2-766x1024.jpg\";}}s:9:\"canonical\";s:80:\"https:\/\/mv-sport.de\/laager-senioren-rocken-die-landesmeisterschaften-der-jugend\/\";s:13:\"all_canonical\";a:1:{i:0;s:80:\"https:\/\/mv-sport.de\/laager-senioren-rocken-die-landesmeisterschaften-der-jugend\/\";}s:2:\"h1\";a:1:{s:9:\"nomatches\";a:1:{s:5:\"count\";i:1;}}s:3:\"img\";a:1:{s:6:\"images\";a:2:{s:11:\"without_alt\";a:6:{i:0;s:75:\"https:\/\/mv-sport.de\/wp-content\/uploads\/2022\/06\/lm-bahn-22-jun-2-262x350.jpg\";i:1;s:59:\"https:\/\/mv-sport.de\/wp-content\/uploads\/2017\/06\/sc_laage.png\";i:2;s:89:\"https:\/\/mv-sport.de\/wp-content\/sabai\/File\/thumbnails\/10c58582a9c16f85a83266e76d971136.jpg\";i:3;s:89:\"https:\/\/mv-sport.de\/wp-content\/sabai\/File\/thumbnails\/3c8cf444a9c9c3da74e3a3b3a445bf87.jpg\";i:4;s:89:\"https:\/\/mv-sport.de\/wp-content\/sabai\/File\/thumbnails\/e14d3a70ee44d306c499273eb8e6f497.jpg\";i:5;s:61:\"https:\/\/mv-sport.de\/wp-content\/uploads\/2017\/05\/140x70px-3.gif\";}s:8:\"with_alt\";a:1:{i:0;s:46:\"https:\/\/c.ad-mv.de\/matomo.php?idsite=162&rec=1\";}}}s:11:\"meta_robots\";a:1:{i:0;a:1:{i:0;s:13:\"index, follow\";}}s:14:\"outbound_links\";a:9:{i:0;a:1:{s:29:\"http:\/\/www.sportclub-laage.de\";s:29:\"http:\/\/www.sportclub-laage.de\";}i:1;a:1:{s:34:\"https:\/\/www.facebook.com\/MVSportde\";s:0:\"\";}i:2;a:1:{s:37:\"https:\/\/www.instagram.com\/mv_sport.de\";s:0:\"\";}i:4;a:1:{s:28:\"http:\/\/www.elegantthemes.com\";s:14:\"Elegant Themes\";}i:5;a:1:{s:24:\"http:\/\/www.wordpress.org\";s:9:\"WordPress\";}i:6;a:1:{s:20:\"http:\/\/www.web-mv.de\";s:9:\"web-mv.de\";}i:7;a:1:{s:33:\"http:\/\/www.webdesign-schwerin.net\";s:0:\"\";}i:8;a:1:{s:34:\"https:\/\/www.facebook.com\/MVSportde\";s:13:\"\n    Like us!\";}i:9;a:1:{s:37:\"https:\/\/www.instagram.com\/mv_sport.de\";s:15:\"\n    Follow us!\";}}s:13:\"words_counter\";i:325;s:20:\"words_counter_unique\";i:206;s:4:\"json\";a:1:{i:0;s:14:\"BreadcrumbList\";}}"],"_edit_lock":["1655554973:7"],"_edit_last":["2"],"xyz_fbap_future_to_publish":["a:3:{s:18:\"post_fb_permission\";i:0;s:18:\"xyz_fbap_po_method\";s:1:\"2\";s:16:\"xyz_fbap_message\";s:32:\"{POST_TITLE}\r\n{POST_EXCERPT} ...\";}"],"xyz_fbap":["1"],"xyz_fbap_insert_og":["1"],"_seopress_titles_title":[""],"_seopress_titles_desc":[""],"_seopress_robots_canonical":[""],"_seopress_robots_primary_cat":["none"],"_seopress_robots_breadcrumbs":[""],"_seopress_social_fb_title":[""],"_seopress_social_fb_desc":[""],"_seopress_social_fb_img":[""],"_seopress_social_fb_img_attachment_id":[""],"_seopress_social_fb_img_width":[""],"_seopress_social_fb_img_height":[""],"_seopress_social_twitter_title":[""],"_seopress_social_twitter_desc":[""],"_seopress_social_twitter_img":[""],"_seopress_social_twitter_img_attachment_id":[""],"_seopress_social_twitter_img_width":[""],"_seopress_social_twitter_img_height":[""],"_seopress_redirections_type":["301"],"_seopress_redirections_value":[""],"_seopress_redirections_logged_status":["both"],"_post_review_box_title":["Rezension"],"_post_review_box_summary":[""],"_post_review_box_summary_title":["Zusammenfassung"],"_post_review_box_breakdowns_score":["0"],"_post_review_box_breakdowns_count":["1"],"_post_review_box_breakdowns":["a:1:{i:0;a:2:{s:5:\"title\";s:0:\"\";s:6:\"rating\";i:0;}}"],"_extra_sidebar_location":[""],"_extra_sidebar":[""],"post_views_count":["64"],"_thumbnail_id":["114368"],"_seopress_pro_schemas_manual":["a:1:{i:0;a:1:{s:32:\"_seopress_pro_rich_snippets_type\";s:4:\"none\";}}"],"_seopress_analysis_target_kw":[""],"wp_schema_pro_optimized_structured_data":["<!-- Schema optimized by Schema Pro --><script type=\"application\/ld+json\">{\"@context\":\"https:\/\/schema.org\",\"@type\":\"NewsArticle\",\"mainEntityOfPage\":{\"@type\":\"WebPage\",\"@id\":\"https:\/\/mv-sport.de\/laager-senioren-rocken-die-landesmeisterschaften-der-jugend\/\"},\"headline\":\"Laager Senioren rocken die Landesmeisterschaften der \\\"Jugend\\\"\",\"image\":{\"@type\":\"ImageObject\",\"url\":\"https:\/\/mv-sport.de\/wp-content\/uploads\/2022\/06\/lm-bahn-22-jun-2.jpg\",\"width\":1122,\"height\":1499},\"datePublished\":\"2022-06-14T19:40:07\",\"dateModified\":\"2022-06-15T15:58:30\",\"author\":{\"@type\":\"Person\",\"name\":\"Sportclub Laage e.V.\",\"url\":\"https:\/\/mv-sport.de\/author\/sportclub-laage-e-v\"},\"publisher\":{\"@type\":\"Organization\",\"name\":\"MV-Sport.de - Sportvereine &amp; Sportnachrichten Mecklenburg-Vorpommern\",\"logo\":{\"@type\":\"ImageObject\",\"url\":\"https:\/\/mv-sport.de\/wp-content\/uploads\/2017\/05\/logo-mv-sport-292x60.png\"}}}<\/script><!-- \/ Schema optimized by Schema Pro -->"],"__post_views_count":["751"],"astra_style_timestamp_css":["1757555039"],"_uag_css_file_name":["uag-css-114359.css"],"_uag_page_assets":["a:9:{s:3:\"css\";s:7010:\".uagb-block-88f5875d.wp-block-uagb-image--layout-default figure img{box-shadow: 0px 0px 0 #00000070;}.uagb-block-88f5875d.wp-block-uagb-image .wp-block-uagb-image__figure figcaption{font-style: normal;align-self: center;}.uagb-block-88f5875d.wp-block-uagb-image--layout-overlay figure img{box-shadow: 0px 0px 0 #00000070;}.uagb-block-88f5875d.wp-block-uagb-image--layout-overlay .wp-block-uagb-image--layout-overlay__color-wrapper{opacity: 0.2;}.uagb-block-88f5875d.wp-block-uagb-image--layout-overlay .wp-block-uagb-image--layout-overlay__inner{left: 15px;right: 15px;top: 15px;bottom: 15px;}.uagb-block-88f5875d.wp-block-uagb-image--layout-overlay .wp-block-uagb-image--layout-overlay__inner .uagb-image-heading{font-style: normal;color: #fff;opacity: 1;}.uagb-block-88f5875d.wp-block-uagb-image--layout-overlay .wp-block-uagb-image--layout-overlay__inner .uagb-image-heading a{color: #fff;}.uagb-block-88f5875d.wp-block-uagb-image--layout-overlay .wp-block-uagb-image--layout-overlay__inner .uagb-image-caption{opacity: 0;}.uagb-block-88f5875d.wp-block-uagb-image--layout-overlay .wp-block-uagb-image__figure:hover .wp-block-uagb-image--layout-overlay__color-wrapper{opacity: 1;}.uagb-block-88f5875d.wp-block-uagb-image .wp-block-uagb-image--layout-overlay__inner .uagb-image-separator{width: 30%;border-top-width: 2px;border-top-color: #fff;opacity: 0;}.uagb-block-88f5875d.wp-block-uagb-image .wp-block-uagb-image__figure img{width: 297px;height: auto;}.uagb-block-88f5875d.wp-block-uagb-image .wp-block-uagb-image__figure:hover .wp-block-uagb-image--layout-overlay__inner .uagb-image-caption{opacity: 1;}.uagb-block-88f5875d.wp-block-uagb-image .wp-block-uagb-image__figure:hover .wp-block-uagb-image--layout-overlay__inner .uagb-image-separator{opacity: 1;}.uagb-block-88f5875d.wp-block-uagb-image--layout-default figure:hover img{box-shadow: 0px 0px 0 #00000070;}.uagb-block-88f5875d.wp-block-uagb-image--layout-overlay figure:hover img{box-shadow: 0px 0px 0 #00000070;}@media only screen and (max-width: 976px) {.uagb-block-88f5875d.wp-block-uagb-image .wp-block-uagb-image__figure img{width: 297px;height: auto;}}@media only screen and (max-width: 767px) {.uagb-block-88f5875d.wp-block-uagb-image .wp-block-uagb-image__figure img{width: 297px;height: auto;}}.uagb-block-b6c54374.wp-block-uagb-image{margin-top: 0px;margin-right: 0px;margin-bottom: 0px;margin-left: 0px;}.uagb-block-b6c54374.wp-block-uagb-image--layout-default figure img{box-shadow: 0px 0px 0 #00000070;}.uagb-block-b6c54374.wp-block-uagb-image .wp-block-uagb-image__figure figcaption{font-style: normal;align-self: center;}.uagb-block-b6c54374.wp-block-uagb-image--layout-overlay figure img{box-shadow: 0px 0px 0 #00000070;}.uagb-block-b6c54374.wp-block-uagb-image--layout-overlay .wp-block-uagb-image--layout-overlay__color-wrapper{opacity: 0.2;}.uagb-block-b6c54374.wp-block-uagb-image--layout-overlay .wp-block-uagb-image--layout-overlay__inner{left: 15px;right: 15px;top: 15px;bottom: 15px;}.uagb-block-b6c54374.wp-block-uagb-image--layout-overlay .wp-block-uagb-image--layout-overlay__inner .uagb-image-heading{font-style: normal;color: #fff;opacity: 1;}.uagb-block-b6c54374.wp-block-uagb-image--layout-overlay .wp-block-uagb-image--layout-overlay__inner .uagb-image-heading a{color: #fff;}.uagb-block-b6c54374.wp-block-uagb-image--layout-overlay .wp-block-uagb-image--layout-overlay__inner .uagb-image-caption{opacity: 0;}.uagb-block-b6c54374.wp-block-uagb-image--layout-overlay .wp-block-uagb-image__figure:hover .wp-block-uagb-image--layout-overlay__color-wrapper{opacity: 1;}.uagb-block-b6c54374.wp-block-uagb-image .wp-block-uagb-image--layout-overlay__inner .uagb-image-separator{width: 30%;border-top-width: 2px;border-top-color: #fff;opacity: 0;}.uagb-block-b6c54374.wp-block-uagb-image .wp-block-uagb-image__figure img{width: px;height: auto;}.uagb-block-b6c54374.wp-block-uagb-image .wp-block-uagb-image__figure:hover .wp-block-uagb-image--layout-overlay__inner .uagb-image-caption{opacity: 1;}.uagb-block-b6c54374.wp-block-uagb-image .wp-block-uagb-image__figure:hover .wp-block-uagb-image--layout-overlay__inner .uagb-image-separator{opacity: 1;}.uagb-block-b6c54374.wp-block-uagb-image--layout-default figure:hover img{box-shadow: 0px 0px 0 #00000070;}.uagb-block-b6c54374.wp-block-uagb-image--layout-overlay figure:hover img{box-shadow: 0px 0px 0 #00000070;}@media only screen and (max-width: 976px) {.uagb-block-b6c54374.wp-block-uagb-image .wp-block-uagb-image__figure img{width: px;height: auto;}}@media only screen and (max-width: 767px) {.uagb-block-b6c54374.wp-block-uagb-image .wp-block-uagb-image__figure img{width: px;height: auto;}}.uagb-block-2bdcf70c.wp-block-uagb-image{margin-top: 0px;margin-right: 0px;margin-bottom: 0px;margin-left: 0px;}.uagb-block-2bdcf70c.wp-block-uagb-image--layout-default figure img{box-shadow: 0px 0px 0 #00000070;}.uagb-block-2bdcf70c.wp-block-uagb-image .wp-block-uagb-image__figure figcaption{font-style: normal;align-self: center;}.uagb-block-2bdcf70c.wp-block-uagb-image--layout-overlay figure img{box-shadow: 0px 0px 0 #00000070;}.uagb-block-2bdcf70c.wp-block-uagb-image--layout-overlay .wp-block-uagb-image--layout-overlay__color-wrapper{opacity: 0.2;}.uagb-block-2bdcf70c.wp-block-uagb-image--layout-overlay .wp-block-uagb-image--layout-overlay__inner{left: 15px;right: 15px;top: 15px;bottom: 15px;}.uagb-block-2bdcf70c.wp-block-uagb-image--layout-overlay .wp-block-uagb-image--layout-overlay__inner .uagb-image-heading{font-style: normal;color: #fff;opacity: 1;}.uagb-block-2bdcf70c.wp-block-uagb-image--layout-overlay .wp-block-uagb-image--layout-overlay__inner .uagb-image-heading a{color: #fff;}.uagb-block-2bdcf70c.wp-block-uagb-image--layout-overlay .wp-block-uagb-image--layout-overlay__inner .uagb-image-caption{opacity: 0;}.uagb-block-2bdcf70c.wp-block-uagb-image--layout-overlay .wp-block-uagb-image__figure:hover .wp-block-uagb-image--layout-overlay__color-wrapper{opacity: 1;}.uagb-block-2bdcf70c.wp-block-uagb-image .wp-block-uagb-image--layout-overlay__inner .uagb-image-separator{width: 30%;border-top-width: 2px;border-top-color: #fff;opacity: 0;}.uagb-block-2bdcf70c.wp-block-uagb-image .wp-block-uagb-image__figure img{width: px;height: auto;}.uagb-block-2bdcf70c.wp-block-uagb-image .wp-block-uagb-image__figure:hover .wp-block-uagb-image--layout-overlay__inner .uagb-image-caption{opacity: 1;}.uagb-block-2bdcf70c.wp-block-uagb-image .wp-block-uagb-image__figure:hover .wp-block-uagb-image--layout-overlay__inner .uagb-image-separator{opacity: 1;}.uagb-block-2bdcf70c.wp-block-uagb-image--layout-default figure:hover img{box-shadow: 0px 0px 0 #00000070;}.uagb-block-2bdcf70c.wp-block-uagb-image--layout-overlay figure:hover img{box-shadow: 0px 0px 0 #00000070;}@media only screen and (max-width: 976px) {.uagb-block-2bdcf70c.wp-block-uagb-image .wp-block-uagb-image__figure img{width: px;height: auto;}}@media only screen and (max-width: 767px) {.uagb-block-2bdcf70c.wp-block-uagb-image .wp-block-uagb-image__figure img{width: px;height: auto;}}\";s:2:\"js\";s:0:\"\";s:18:\"current_block_list\";a:28:{i:0;s:10:\"core\/group\";i:2;s:24:\"core\/post-featured-image\";i:3;s:15:\"core\/post-title\";i:5;s:14:\"core\/post-date\";i:6;s:16:\"core\/post-author\";i:7;s:15:\"core\/post-terms\";i:8;s:17:\"core\/post-content\";i:9;s:14:\"core\/separator\";i:10;s:13:\"core\/comments\";i:11;s:19:\"core\/comments-title\";i:12;s:21:\"core\/comment-template\";i:15;s:11:\"core\/avatar\";i:16;s:24:\"core\/comment-author-name\";i:17;s:17:\"core\/comment-date\";i:18;s:20:\"core\/comment-content\";i:19;s:23:\"core\/comment-reply-link\";i:20;s:24:\"core\/comments-pagination\";i:21;s:33:\"core\/comments-pagination-previous\";i:22;s:32:\"core\/comments-pagination-numbers\";i:23;s:29:\"core\/comments-pagination-next\";i:24;s:23:\"core\/post-comments-form\";i:25;s:14:\"core\/tag-cloud\";i:26;s:12:\"core\/heading\";i:27;s:14:\"core\/paragraph\";i:28;s:12:\"core\/buttons\";i:29;s:11:\"core\/button\";i:30;s:10:\"uagb\/image\";i:31;s:10:\"core\/image\";}s:8:\"uag_flag\";b:1;s:11:\"uag_version\";s:10:\"1777464555\";s:6:\"gfonts\";a:0:{}s:10:\"gfonts_url\";s:0:\"\";s:12:\"gfonts_files\";a:0:{}s:14:\"uag_faq_layout\";b:0;}"]},"uagb_featured_image_src":{"full":["https:\/\/mv-sport.de\/c\/wp-content\/uploads\/2022\/06\/lm-bahn-22-jun-2.jpg",1122,1499,false],"thumbnail":["https:\/\/mv-sport.de\/c\/wp-content\/uploads\/2022\/06\/lm-bahn-22-jun-2-150x150.jpg",150,150,true],"medium":["https:\/\/mv-sport.de\/c\/wp-content\/uploads\/2022\/06\/lm-bahn-22-jun-2-600x600.jpg",350,350,true],"medium_large":["https:\/\/mv-sport.de\/c\/wp-content\/uploads\/2022\/06\/lm-bahn-22-jun-2.jpg",768,1026,false],"large":["https:\/\/mv-sport.de\/c\/wp-content\/uploads\/2022\/06\/lm-bahn-22-jun-2-1048x1400.jpg",767,1024,true],"1536x1536":["https:\/\/mv-sport.de\/c\/wp-content\/uploads\/2022\/06\/lm-bahn-22-jun-2.jpg",1122,1499,false],"2048x2048":["https:\/\/mv-sport.de\/c\/wp-content\/uploads\/2022\/06\/lm-bahn-22-jun-2.jpg",1122,1499,false],"ultp_layout_landscape_large":["https:\/\/mv-sport.de\/c\/wp-content\/uploads\/2022\/06\/lm-bahn-22-jun-2.jpg",599,800,false],"ultp_layout_landscape":["https:\/\/mv-sport.de\/c\/wp-content\/uploads\/2022\/06\/lm-bahn-22-jun-2.jpg",427,570,false],"ultp_layout_portrait":["https:\/\/mv-sport.de\/c\/wp-content\/uploads\/2022\/06\/lm-bahn-22-jun-2.jpg",600,802,false],"ultp_layout_square":["https:\/\/mv-sport.de\/c\/wp-content\/uploads\/2022\/06\/lm-bahn-22-jun-2.jpg",449,600,false]},"uagb_author_info":{"display_name":"Sportclub Laage e.V.","author_link":"https:\/\/mv-sport.de\/c\/author\/sportclub-laage-e-v\/"},"uagb_comment_info":0,"uagb_excerpt":"Traditionell finden Anfang Juni die Landestitelk\u00e4mpfe der Leichtathleten im Stadion statt. Und diese Veranstaltung dauert, aufgrund der Gr\u00f6\u00dfe und der Anzahl der Wettbewerbe, ein ganzes Wochenende. Grunds\u00e4tzlich betrifft das dann die Altersklassen der unter 14-j\u00e4hrigen bis in die Klasse der Frauen und M\u00e4nner &#8211; bis zum 29. Lebensjahr. In diesem Jahr wollten allerdings auch einige&hellip;","_links":{"self":[{"href":"https:\/\/mv-sport.de\/c\/wp-json\/wp\/v2\/posts\/114359","targetHints":{"allow":["GET"]}}],"collection":[{"href":"https:\/\/mv-sport.de\/c\/wp-json\/wp\/v2\/posts"}],"about":[{"href":"https:\/\/mv-sport.de\/c\/wp-json\/wp\/v2\/types\/post"}],"author":[{"embeddable":true,"href":"https:\/\/mv-sport.de\/c\/wp-json\/wp\/v2\/users\/7"}],"replies":[{"embeddable":true,"href":"https:\/\/mv-sport.de\/c\/wp-json\/wp\/v2\/comments?post=114359"}],"version-history":[{"count":0,"href":"https:\/\/mv-sport.de\/c\/wp-json\/wp\/v2\/posts\/114359\/revisions"}],"wp:featuredmedia":[{"embeddable":true,"href":"https:\/\/mv-sport.de\/c\/wp-json\/wp\/v2\/media\/114368"}],"wp:attachment":[{"href":"https:\/\/mv-sport.de\/c\/wp-json\/wp\/v2\/media?parent=114359"}],"wp:term":[{"taxonomy":"category","embeddable":true,"href":"https:\/\/mv-sport.de\/c\/wp-json\/wp\/v2\/categories?post=114359"},{"taxonomy":"post_tag","embeddable":true,"href":"https:\/\/mv-sport.de\/c\/wp-json\/wp\/v2\/tags?post=114359"},{"taxonomy":"ort","embeddable":true,"href":"https:\/\/mv-sport.de\/c\/wp-json\/wp\/v2\/ort?post=114359"}],"curies":[{"name":"wp","href":"https:\/\/api.w.org\/{rel}","templated":true}]}}