{"id":11470,"date":"2018-07-09T12:02:17","date_gmt":"2018-07-09T10:02:17","guid":{"rendered":"https:\/\/mv-sport.de\/?p=11470"},"modified":"2018-07-09T15:23:36","modified_gmt":"2018-07-09T13:23:36","slug":"anklamer-sporttag-mit-viel-lust-und-spass-dabei","status":"publish","type":"post","link":"https:\/\/mv-sport.de\/c\/anklamer-sporttag-mit-viel-lust-und-spass-dabei\/","title":{"rendered":"Anklamer Sporttag: &#8222;Mit viel Lust und Spa\u00df dabei&#8230;&#8220;"},"content":{"rendered":"<h3><span style=\"color: #808080;\">Im Gespr\u00e4ch mit Organisationsleiterin Anke Radlof<\/span><\/h3>\n<p>2018 gab es wieder einen Anklamer Sporttag mit zahlreichen Angeboten zum Aktivsein. So stand unter anderem das Peeneschwimmen, der Hanselauf, Walken und Skaten auf dem Programm. Genaueres zum Verlauf verriet Anke Radlof,\u00a0Kreisleiterin der Wasserwacht Greifswald und Leiterin der Organisation \u201eAnklamer Sporttag\u201c, im Gespr\u00e4ch.<strong><br \/>\n<\/strong><\/p>\n<figure id=\"attachment_11481\" aria-describedby=\"caption-attachment-11481\" style=\"width: 1000px\" class=\"wp-caption alignnone\"><a href=\"https:\/\/mv-sport.de\/wp-content\/uploads\/2018\/07\/anklamer-sporttag-4_c_drk-ovp.jpg\"><img loading=\"lazy\" decoding=\"async\" class=\"wp-image-11481 size-full\" src=\"https:\/\/mv-sport.de\/wp-content\/uploads\/2018\/07\/anklamer-sporttag-4_c_drk-ovp.jpg\" alt=\"\" width=\"1000\" height=\"667\" \/><\/a><figcaption id=\"caption-attachment-11481\" class=\"wp-caption-text\">In diesem Jahr gab es vor dem Schwimmen und dem Laufen erstmals eine Massenerw\u00e4rmung. Mit Zumba brachten sich die Sportler in Stimmung. Foto: DRK OVP-HGW<\/figcaption><\/figure>\n<h2>Interview<\/h2>\n<p><strong>Frage:<\/strong> Am 7. Juli gab es zum zweiten Mal den &#8222;Anklamer Sporttag&#8220;. Wie war der Zuspruch? Was stand auf dem Programm?<\/p>\n<p><strong>Anke Radlof:<\/strong> Im Angebot hatten wir das 21. Peeneschwimmen \u201eQuer durch Anklam\u201c mit drei Strecken (400, 800 und 3000 Meter), den Hanselauf (600, 1500, 4000 und 10.000 Meter), Walken (7 Kilometer) und den Halbstundenlauf der Inlineskater. Zus\u00e4tzlich haben wir das sportlichste Team gesucht.<\/p>\n<p>Der Zuspruch war sehr gut. Da man ja im Sommer immer mit mehreren Konkurrenz-Veranstaltungen rechnen muss, hatten wir eine enorm gute Teilnehmerzahl. Sowohl beim Laufen als auch bei Schwimmen hatten wir mehr Teilnehmerinnen bzw. Teilnehmer als im Vorjahr, im Schwimmen 62, im Laufen 222, Skaten: 33 und beim Walken, die Strecke gab es zum ersten Mal, 20. Bei der Suche nach dem sportlichsten Team konnten wir 15 Mannschaften z\u00e4hlen.<\/p>\n<p>Wie im Vorjahr wurde insbesondere die famili\u00e4re Atmosph\u00e4re,\u00a0 die gute Organisation und das freundliche Miteinander der Sportler gelobt. Gute Resonanz fand in diesem Jahr zudem die Massenerw\u00e4rmung &#8211; auch eine Neuerung. Zu zwei Zumba-Songs konnten sich die Schwimmer und die L\u00e4ufer vor ihren jeweiligen Starts erw\u00e4rmen. Daneben gab es eine Vorf\u00fchrung mit den Wasserretter-Hunden der Wasserwacht Grevesm\u00fchlen. Man konnte B\u00fcchsenwerfen, Seilspringen, Torwandschie\u00dfen sowie vieles andere mehr und nicht zuletzt viele Kontakte kn\u00fcpfen.<\/p>\n<p>Toll fand ich auch, dass sich die Laufm\u00fctzen Usedom beteiligten, der Eggesiner Sportverein, wir hatten Teilnehmer aus der Schweiz, aus Polen und aus vielen Teilen Deutschlands\u2026<\/p>\n<p>Ganz wichtig ist es uns aber, nach diesem Sporttag DANKE zu sagen &#8211; den Organisatoren und Ideengebern, aber vor allem der Stadt Anklam, die uns mit all ihren Fach\u00e4mtern bei der Gesamtorganisation mit Rat und Tat zur Seite stand. Uns Organisatoren hat der Tag super gut gefallen. Eine dritte Auflage des Anklamer Sporttages ist schon geplant.<\/p>\n<figure id=\"attachment_11480\" aria-describedby=\"caption-attachment-11480\" style=\"width: 1000px\" class=\"wp-caption alignnone\"><a href=\"https:\/\/mv-sport.de\/wp-content\/uploads\/2018\/07\/anklamer-sporttag-1_c_drk-ovp.jpg\"><img loading=\"lazy\" decoding=\"async\" class=\"wp-image-11480 size-full\" src=\"https:\/\/mv-sport.de\/wp-content\/uploads\/2018\/07\/anklamer-sporttag-1_c_drk-ovp.jpg\" alt=\"\" width=\"1000\" height=\"667\" \/><\/a><figcaption id=\"caption-attachment-11480\" class=\"wp-caption-text\">62 Schwimmer gingen beim Peeneschwimmen an den Start. Foto: DRK OVP-HGW<\/figcaption><\/figure>\n<p><strong>Frage:<\/strong> Wer hatte einst die Idee zu dem Event? Wie verlief die Premieren-Veranstaltung?<\/p>\n<p><strong>Anke Radlof: <\/strong>Die Idee zum Anklamer Sporttag entstand w\u00e4hrend des 19. Peeneschwimmens. Ein L\u00e4ufer ist da mit geschwommen &#8211; Bastian Schr\u00f6der aus Anklam &#8211; und er schlug vor, den Hanselauf und das Peeneschwimmen zusammenzulegen. Dazu gesellten sich dann noch die Inlineskater und die Volleyballer (Leider mussten die Volleyballer in diesem Jahr kurzfristig abspringen, weil wir das Beachvolleyballfeld aus finanziellen Gr\u00fcnden nicht hinbekommen haben&#8230;).<\/p>\n<p>Inzwischen interessieren sich aber noch andere Vereine. Vielleicht schaffen wir es, noch das eine oder andere Mannschaftsturnier &#8222;ins Boot zu holen&#8220;. Ideen sind schon da.<\/p>\n<p><strong>Frage:<\/strong> Welche Neuerungen sind mit Blick auf 2019 geplant?<\/p>\n<p><strong>Anke Radlof:<\/strong> Eventuell wieder ein Beachvolleyballturnier, m\u00f6glicherweise auch ein anderes Mannschaftsturnier wie Zwei-Felder-Ball. Und ich w\u00fcrde mich freuen, wenn wir noch mehr Anklamer Sportvereine mit einbinden k\u00f6nnen.<\/p>\n<p>Neu wird im n\u00e4chsten Jahr auf jeden Fall sein, dass wir die Starts zum Schwimmen und zum Laufen tauschen, also die L\u00e4ufer sollen gegen 10 oder 11 Uhr starten, die Schwimmer erst gegen 13\/14 Uhr.<\/p>\n<p><strong>Frage:<\/strong> Wie beurteilen Sie die Entwicklung des Sportes in der Region Vorpommern?<\/p>\n<p><strong>Anke Radlof:<\/strong> Ich habe schon den Eindruck, dass es viele aktive Menschen, viele sportlich engagierte Kinder bzw. Jugendliche und viele entsprechende Vereine gibt. Aber wirklich beantworten kann ich die Frage nur in Bezug auf die DRK-Wasserwacht im Kreisverband Ostvorpommern-Greifswald e.V. Wir haben eine stabile Mitgliederzahl, zahlreiche Schwimmerinnen und Schwimmer, die auf dem Weg zur Rettungsschwimmerausbildung oder bereits ausgebildet sind. In Anklam, Greifswald und auf der Insel Usedom haben wir hervorragende Bedingungen, wie gute Trainingszeiten in vorhandenen Schwimmhallen.<\/p>\n<p>Wir bekommen immer und jederzeit Unterst\u00fctzung von St\u00e4dten und Gemeinden bei der Organisation von Ausbildungen usw. Sportlich kann ich sagen, dass unsere Kinder bzw. Jugendlichen viel Potenzial haben, gut im Team wirken sowie mit viel Lust und Spa\u00df dabei sind.<\/p>\n<p><strong>Vielen Dank und einen erfolgreichen Anklamer Sporttag auch 2019!<\/strong><\/p>\n<p><em>Marko Michels<\/em><\/p>\n<figure id=\"attachment_11482\" aria-describedby=\"caption-attachment-11482\" style=\"width: 1000px\" class=\"wp-caption alignnone\"><a href=\"https:\/\/mv-sport.de\/wp-content\/uploads\/2018\/07\/anklamer-sporttag-8_c_drk-ovp.jpg\"><img loading=\"lazy\" decoding=\"async\" class=\"wp-image-11482 size-full\" src=\"https:\/\/mv-sport.de\/wp-content\/uploads\/2018\/07\/anklamer-sporttag-8_c_drk-ovp.jpg\" alt=\"\" width=\"1000\" height=\"667\" \/><\/a><figcaption id=\"caption-attachment-11482\" class=\"wp-caption-text\">Die Skater schlossen mit ihrem Halbstundenlauf den 2. Anklamer Sporttag ab. Foto: DRK OVP-HGW<\/figcaption><\/figure>\n<p>&nbsp;<\/p>\n","protected":false},"excerpt":{"rendered":"<p>Im Gespr\u00e4ch mit Organisationsleiterin Anke Radlof 2018 gab es wieder einen Anklamer Sporttag mit zahlreichen Angeboten zum Aktivsein. So stand unter anderem das Peeneschwimmen, der Hanselauf, Walken und Skaten auf dem Programm. Genaueres zum Verlauf verriet Anke Radlof,\u00a0Kreisleiterin der Wasserwacht Greifswald und Leiterin der Organisation \u201eAnklamer Sporttag\u201c, im Gespr\u00e4ch. Interview Frage: Am 7. Juli gab [&hellip;]<\/p>\n","protected":false},"author":3,"featured_media":11481,"comment_status":"open","ping_status":"open","sticky":false,"template":"","format":"standard","meta":{"_seopress_robots_primary_cat":"","_seopress_titles_title":"","_seopress_titles_desc":"","_seopress_robots_index":"","_relevanssi_hide_post":"","_relevanssi_hide_content":"","_relevanssi_pin_for_all":"","_relevanssi_pin_keywords":"","_relevanssi_unpin_keywords":"","_relevanssi_related_keywords":"","_relevanssi_related_include_ids":"","_relevanssi_related_exclude_ids":"","_relevanssi_related_no_append":"","_relevanssi_related_not_related":"","_relevanssi_related_posts":"","_relevanssi_noindex_reason":"","_uag_custom_page_level_css":"","footnotes":""},"categories":[24],"tags":[],"ort":[],"class_list":{"0":"post-11470","1":"post","2":"type-post","3":"status-publish","4":"format-standard","5":"has-post-thumbnail","7":"category-sport-allgemein"},"featured_image_urls":{"medium":"https:\/\/mv-sport.de\/c\/wp-content\/uploads\/2018\/07\/anklamer-sporttag-4_c_drk-ovp-600x600.jpg","medium_large":"https:\/\/mv-sport.de\/c\/wp-content\/uploads\/2018\/07\/anklamer-sporttag-4_c_drk-ovp.jpg","large":"https:\/\/mv-sport.de\/c\/wp-content\/uploads\/2018\/07\/anklamer-sporttag-4_c_drk-ovp.jpg","full":"https:\/\/mv-sport.de\/c\/wp-content\/uploads\/2018\/07\/anklamer-sporttag-4_c_drk-ovp.jpg","alt":"","caption":"In diesem Jahr gab es vor dem Schwimmen und dem Laufen erstmals eine Massenerw\u00e4rmung. Mit Zumba brachten sich die Sportler in Stimmung. Foto: DRK OVP"},"spectra_custom_meta":{"uab_option":["yes"],"uab_meta_position":["default"],"_extra_rating_average":["0"],"_edit_lock":["1531142802:2"],"_edit_last":["2"],"xyz_fbap":["1"],"xyz_fbap_insert_og":["0"],"post_views_count":["965"],"_et_pb_use_builder":[""],"_et_builder_version":["BB|Divi|3.9"],"_et_pb_old_content":[""],"_et_pb_custom_css":[""],"_yoast_wpseo_primary_category":["24"],"_post_review_box_title":["Review"],"_post_review_box_summary":[""],"_post_review_box_summary_title":["Summary"],"_post_review_box_breakdowns_score":["0"],"_post_review_box_breakdowns_count":["1"],"_post_review_box_breakdowns":["a:1:{i:0;a:2:{s:5:\"title\";s:0:\"\";s:6:\"rating\";i:0;}}"],"_extra_sidebar_location":[""],"_extra_sidebar":[""],"_et_pb_ab_stats_refresh_interval":["hourly"],"_et_pb_enable_shortcode_tracking":[""],"_thumbnail_id":["11481"],"_wp_old_slug":["mit-viel-lust-und-spass-dabei"],"wp_schema_pro_optimized_structured_data":["<!-- Schema optimized by Schema Pro --><script type=\"application\/ld+json\">{\"@context\":\"https:\/\/schema.org\",\"@type\":\"NewsArticle\",\"mainEntityOfPage\":{\"@type\":\"WebPage\",\"@id\":\"https:\/\/mv-sport.de\/anklamer-sporttag-mit-viel-lust-und-spass-dabei\/\"},\"headline\":\"Anklamer Sporttag: \\\"Mit viel Lust und Spa\u00df dabei...\\\"\",\"image\":{\"@type\":\"ImageObject\",\"url\":\"https:\/\/mv-sport.de\/wp-content\/uploads\/2018\/07\/anklamer-sporttag-4_c_drk-ovp.jpg\",\"width\":1000,\"height\":667},\"datePublished\":\"2018-07-09T12:02:17\",\"dateModified\":\"2018-07-09T15:23:36\",\"author\":{\"@type\":\"Person\",\"name\":\"Marko Michels\",\"url\":\"https:\/\/mv-sport.de\/author\/marko-michels\"},\"publisher\":{\"@type\":\"Organization\",\"name\":\"MV-Sport.de - Sportvereine &amp; Sportnachrichten Mecklenburg-Vorpommern\",\"logo\":{\"@type\":\"ImageObject\",\"url\":\"https:\/\/mv-sport.de\/wp-content\/uploads\/2017\/05\/logo-mv-sport-292x60.png\"}}}<\/script><!-- \/ Schema optimized by Schema Pro -->"],"__post_views_count":["12266"],"astra_style_timestamp_css":["1757521530"],"_uag_css_file_name":["uag-css-11470.css"],"_uag_page_assets":["a:9:{s:3:\"css\";s:7010:\".uagb-block-88f5875d.wp-block-uagb-image--layout-default figure img{box-shadow: 0px 0px 0 #00000070;}.uagb-block-88f5875d.wp-block-uagb-image .wp-block-uagb-image__figure figcaption{font-style: normal;align-self: center;}.uagb-block-88f5875d.wp-block-uagb-image--layout-overlay figure img{box-shadow: 0px 0px 0 #00000070;}.uagb-block-88f5875d.wp-block-uagb-image--layout-overlay .wp-block-uagb-image--layout-overlay__color-wrapper{opacity: 0.2;}.uagb-block-88f5875d.wp-block-uagb-image--layout-overlay .wp-block-uagb-image--layout-overlay__inner{left: 15px;right: 15px;top: 15px;bottom: 15px;}.uagb-block-88f5875d.wp-block-uagb-image--layout-overlay .wp-block-uagb-image--layout-overlay__inner .uagb-image-heading{font-style: normal;color: #fff;opacity: 1;}.uagb-block-88f5875d.wp-block-uagb-image--layout-overlay .wp-block-uagb-image--layout-overlay__inner .uagb-image-heading a{color: #fff;}.uagb-block-88f5875d.wp-block-uagb-image--layout-overlay .wp-block-uagb-image--layout-overlay__inner .uagb-image-caption{opacity: 0;}.uagb-block-88f5875d.wp-block-uagb-image--layout-overlay .wp-block-uagb-image__figure:hover .wp-block-uagb-image--layout-overlay__color-wrapper{opacity: 1;}.uagb-block-88f5875d.wp-block-uagb-image .wp-block-uagb-image--layout-overlay__inner .uagb-image-separator{width: 30%;border-top-width: 2px;border-top-color: #fff;opacity: 0;}.uagb-block-88f5875d.wp-block-uagb-image .wp-block-uagb-image__figure img{width: 297px;height: auto;}.uagb-block-88f5875d.wp-block-uagb-image .wp-block-uagb-image__figure:hover .wp-block-uagb-image--layout-overlay__inner .uagb-image-caption{opacity: 1;}.uagb-block-88f5875d.wp-block-uagb-image .wp-block-uagb-image__figure:hover .wp-block-uagb-image--layout-overlay__inner .uagb-image-separator{opacity: 1;}.uagb-block-88f5875d.wp-block-uagb-image--layout-default figure:hover img{box-shadow: 0px 0px 0 #00000070;}.uagb-block-88f5875d.wp-block-uagb-image--layout-overlay figure:hover img{box-shadow: 0px 0px 0 #00000070;}@media only screen and (max-width: 976px) {.uagb-block-88f5875d.wp-block-uagb-image .wp-block-uagb-image__figure img{width: 297px;height: auto;}}@media only screen and (max-width: 767px) {.uagb-block-88f5875d.wp-block-uagb-image .wp-block-uagb-image__figure img{width: 297px;height: auto;}}.uagb-block-b6c54374.wp-block-uagb-image{margin-top: 0px;margin-right: 0px;margin-bottom: 0px;margin-left: 0px;}.uagb-block-b6c54374.wp-block-uagb-image--layout-default figure img{box-shadow: 0px 0px 0 #00000070;}.uagb-block-b6c54374.wp-block-uagb-image .wp-block-uagb-image__figure figcaption{font-style: normal;align-self: center;}.uagb-block-b6c54374.wp-block-uagb-image--layout-overlay figure img{box-shadow: 0px 0px 0 #00000070;}.uagb-block-b6c54374.wp-block-uagb-image--layout-overlay .wp-block-uagb-image--layout-overlay__color-wrapper{opacity: 0.2;}.uagb-block-b6c54374.wp-block-uagb-image--layout-overlay .wp-block-uagb-image--layout-overlay__inner{left: 15px;right: 15px;top: 15px;bottom: 15px;}.uagb-block-b6c54374.wp-block-uagb-image--layout-overlay .wp-block-uagb-image--layout-overlay__inner .uagb-image-heading{font-style: normal;color: #fff;opacity: 1;}.uagb-block-b6c54374.wp-block-uagb-image--layout-overlay .wp-block-uagb-image--layout-overlay__inner .uagb-image-heading a{color: #fff;}.uagb-block-b6c54374.wp-block-uagb-image--layout-overlay .wp-block-uagb-image--layout-overlay__inner .uagb-image-caption{opacity: 0;}.uagb-block-b6c54374.wp-block-uagb-image--layout-overlay .wp-block-uagb-image__figure:hover .wp-block-uagb-image--layout-overlay__color-wrapper{opacity: 1;}.uagb-block-b6c54374.wp-block-uagb-image .wp-block-uagb-image--layout-overlay__inner .uagb-image-separator{width: 30%;border-top-width: 2px;border-top-color: #fff;opacity: 0;}.uagb-block-b6c54374.wp-block-uagb-image .wp-block-uagb-image__figure img{width: px;height: auto;}.uagb-block-b6c54374.wp-block-uagb-image .wp-block-uagb-image__figure:hover .wp-block-uagb-image--layout-overlay__inner .uagb-image-caption{opacity: 1;}.uagb-block-b6c54374.wp-block-uagb-image .wp-block-uagb-image__figure:hover .wp-block-uagb-image--layout-overlay__inner .uagb-image-separator{opacity: 1;}.uagb-block-b6c54374.wp-block-uagb-image--layout-default figure:hover img{box-shadow: 0px 0px 0 #00000070;}.uagb-block-b6c54374.wp-block-uagb-image--layout-overlay figure:hover img{box-shadow: 0px 0px 0 #00000070;}@media only screen and (max-width: 976px) {.uagb-block-b6c54374.wp-block-uagb-image .wp-block-uagb-image__figure img{width: px;height: auto;}}@media only screen and (max-width: 767px) {.uagb-block-b6c54374.wp-block-uagb-image .wp-block-uagb-image__figure img{width: px;height: auto;}}.uagb-block-2bdcf70c.wp-block-uagb-image{margin-top: 0px;margin-right: 0px;margin-bottom: 0px;margin-left: 0px;}.uagb-block-2bdcf70c.wp-block-uagb-image--layout-default figure img{box-shadow: 0px 0px 0 #00000070;}.uagb-block-2bdcf70c.wp-block-uagb-image .wp-block-uagb-image__figure figcaption{font-style: normal;align-self: center;}.uagb-block-2bdcf70c.wp-block-uagb-image--layout-overlay figure img{box-shadow: 0px 0px 0 #00000070;}.uagb-block-2bdcf70c.wp-block-uagb-image--layout-overlay .wp-block-uagb-image--layout-overlay__color-wrapper{opacity: 0.2;}.uagb-block-2bdcf70c.wp-block-uagb-image--layout-overlay .wp-block-uagb-image--layout-overlay__inner{left: 15px;right: 15px;top: 15px;bottom: 15px;}.uagb-block-2bdcf70c.wp-block-uagb-image--layout-overlay .wp-block-uagb-image--layout-overlay__inner .uagb-image-heading{font-style: normal;color: #fff;opacity: 1;}.uagb-block-2bdcf70c.wp-block-uagb-image--layout-overlay .wp-block-uagb-image--layout-overlay__inner .uagb-image-heading a{color: #fff;}.uagb-block-2bdcf70c.wp-block-uagb-image--layout-overlay .wp-block-uagb-image--layout-overlay__inner .uagb-image-caption{opacity: 0;}.uagb-block-2bdcf70c.wp-block-uagb-image--layout-overlay .wp-block-uagb-image__figure:hover .wp-block-uagb-image--layout-overlay__color-wrapper{opacity: 1;}.uagb-block-2bdcf70c.wp-block-uagb-image .wp-block-uagb-image--layout-overlay__inner .uagb-image-separator{width: 30%;border-top-width: 2px;border-top-color: #fff;opacity: 0;}.uagb-block-2bdcf70c.wp-block-uagb-image .wp-block-uagb-image__figure img{width: px;height: auto;}.uagb-block-2bdcf70c.wp-block-uagb-image .wp-block-uagb-image__figure:hover .wp-block-uagb-image--layout-overlay__inner .uagb-image-caption{opacity: 1;}.uagb-block-2bdcf70c.wp-block-uagb-image .wp-block-uagb-image__figure:hover .wp-block-uagb-image--layout-overlay__inner .uagb-image-separator{opacity: 1;}.uagb-block-2bdcf70c.wp-block-uagb-image--layout-default figure:hover img{box-shadow: 0px 0px 0 #00000070;}.uagb-block-2bdcf70c.wp-block-uagb-image--layout-overlay figure:hover img{box-shadow: 0px 0px 0 #00000070;}@media only screen and (max-width: 976px) {.uagb-block-2bdcf70c.wp-block-uagb-image .wp-block-uagb-image__figure img{width: px;height: auto;}}@media only screen and (max-width: 767px) {.uagb-block-2bdcf70c.wp-block-uagb-image .wp-block-uagb-image__figure img{width: px;height: auto;}}\";s:2:\"js\";s:0:\"\";s:18:\"current_block_list\";a:28:{i:0;s:10:\"core\/group\";i:2;s:24:\"core\/post-featured-image\";i:3;s:15:\"core\/post-title\";i:5;s:14:\"core\/post-date\";i:6;s:16:\"core\/post-author\";i:7;s:15:\"core\/post-terms\";i:8;s:17:\"core\/post-content\";i:9;s:14:\"core\/separator\";i:10;s:13:\"core\/comments\";i:11;s:19:\"core\/comments-title\";i:12;s:21:\"core\/comment-template\";i:15;s:11:\"core\/avatar\";i:16;s:24:\"core\/comment-author-name\";i:17;s:17:\"core\/comment-date\";i:18;s:20:\"core\/comment-content\";i:19;s:23:\"core\/comment-reply-link\";i:20;s:24:\"core\/comments-pagination\";i:21;s:33:\"core\/comments-pagination-previous\";i:22;s:32:\"core\/comments-pagination-numbers\";i:23;s:29:\"core\/comments-pagination-next\";i:24;s:23:\"core\/post-comments-form\";i:25;s:14:\"core\/tag-cloud\";i:26;s:12:\"core\/heading\";i:27;s:14:\"core\/paragraph\";i:28;s:12:\"core\/buttons\";i:29;s:11:\"core\/button\";i:30;s:10:\"uagb\/image\";i:31;s:10:\"core\/image\";}s:8:\"uag_flag\";b:1;s:11:\"uag_version\";s:10:\"1777208418\";s:6:\"gfonts\";a:0:{}s:10:\"gfonts_url\";s:0:\"\";s:12:\"gfonts_files\";a:0:{}s:14:\"uag_faq_layout\";b:0;}"]},"uagb_featured_image_src":{"full":["https:\/\/mv-sport.de\/c\/wp-content\/uploads\/2018\/07\/anklamer-sporttag-4_c_drk-ovp.jpg",1000,667,false],"thumbnail":["https:\/\/mv-sport.de\/c\/wp-content\/uploads\/2018\/07\/anklamer-sporttag-4_c_drk-ovp-150x150.jpg",150,150,true],"medium":["https:\/\/mv-sport.de\/c\/wp-content\/uploads\/2018\/07\/anklamer-sporttag-4_c_drk-ovp-600x600.jpg",350,350,true],"medium_large":["https:\/\/mv-sport.de\/c\/wp-content\/uploads\/2018\/07\/anklamer-sporttag-4_c_drk-ovp.jpg",768,512,false],"large":["https:\/\/mv-sport.de\/c\/wp-content\/uploads\/2018\/07\/anklamer-sporttag-4_c_drk-ovp.jpg",1000,667,false],"1536x1536":["https:\/\/mv-sport.de\/c\/wp-content\/uploads\/2018\/07\/anklamer-sporttag-4_c_drk-ovp.jpg",1000,667,false],"2048x2048":["https:\/\/mv-sport.de\/c\/wp-content\/uploads\/2018\/07\/anklamer-sporttag-4_c_drk-ovp.jpg",1000,667,false],"ultp_layout_landscape_large":["https:\/\/mv-sport.de\/c\/wp-content\/uploads\/2018\/07\/anklamer-sporttag-4_c_drk-ovp.jpg",1000,667,false],"ultp_layout_landscape":["https:\/\/mv-sport.de\/c\/wp-content\/uploads\/2018\/07\/anklamer-sporttag-4_c_drk-ovp.jpg",855,570,false],"ultp_layout_portrait":["https:\/\/mv-sport.de\/c\/wp-content\/uploads\/2018\/07\/anklamer-sporttag-4_c_drk-ovp.jpg",600,400,false],"ultp_layout_square":["https:\/\/mv-sport.de\/c\/wp-content\/uploads\/2018\/07\/anklamer-sporttag-4_c_drk-ovp.jpg",600,400,false]},"uagb_author_info":{"display_name":"Marko Michels","author_link":"https:\/\/mv-sport.de\/c\/author\/marko-michels\/"},"uagb_comment_info":0,"uagb_excerpt":"Im Gespr\u00e4ch mit Organisationsleiterin Anke Radlof 2018 gab es wieder einen Anklamer Sporttag mit zahlreichen Angeboten zum Aktivsein. So stand unter anderem das Peeneschwimmen, der Hanselauf, Walken und Skaten auf dem Programm. Genaueres zum Verlauf verriet Anke Radlof,\u00a0Kreisleiterin der Wasserwacht Greifswald und Leiterin der Organisation \u201eAnklamer Sporttag\u201c, im Gespr\u00e4ch. Interview Frage: Am 7. Juli gab&hellip;","_links":{"self":[{"href":"https:\/\/mv-sport.de\/c\/wp-json\/wp\/v2\/posts\/11470","targetHints":{"allow":["GET"]}}],"collection":[{"href":"https:\/\/mv-sport.de\/c\/wp-json\/wp\/v2\/posts"}],"about":[{"href":"https:\/\/mv-sport.de\/c\/wp-json\/wp\/v2\/types\/post"}],"author":[{"embeddable":true,"href":"https:\/\/mv-sport.de\/c\/wp-json\/wp\/v2\/users\/3"}],"replies":[{"embeddable":true,"href":"https:\/\/mv-sport.de\/c\/wp-json\/wp\/v2\/comments?post=11470"}],"version-history":[{"count":0,"href":"https:\/\/mv-sport.de\/c\/wp-json\/wp\/v2\/posts\/11470\/revisions"}],"wp:featuredmedia":[{"embeddable":true,"href":"https:\/\/mv-sport.de\/c\/wp-json\/wp\/v2\/media\/11481"}],"wp:attachment":[{"href":"https:\/\/mv-sport.de\/c\/wp-json\/wp\/v2\/media?parent=11470"}],"wp:term":[{"taxonomy":"category","embeddable":true,"href":"https:\/\/mv-sport.de\/c\/wp-json\/wp\/v2\/categories?post=11470"},{"taxonomy":"post_tag","embeddable":true,"href":"https:\/\/mv-sport.de\/c\/wp-json\/wp\/v2\/tags?post=11470"},{"taxonomy":"ort","embeddable":true,"href":"https:\/\/mv-sport.de\/c\/wp-json\/wp\/v2\/ort?post=11470"}],"curies":[{"name":"wp","href":"https:\/\/api.w.org\/{rel}","templated":true}]}}