{"id":115205,"date":"2022-06-21T11:21:14","date_gmt":"2022-06-21T09:21:14","guid":{"rendered":"https:\/\/mv-sport.de\/?p=115205"},"modified":"2022-06-21T11:21:14","modified_gmt":"2022-06-21T09:21:14","slug":"schweriner-zeigen-gute-leistungen-bei-37-ludwigsluster-schlossgartenlauf","status":"publish","type":"post","link":"https:\/\/mv-sport.de\/c\/schweriner-zeigen-gute-leistungen-bei-37-ludwigsluster-schlossgartenlauf\/","title":{"rendered":"Schweriner zeigen gute Leistungen bei 37. Ludwigsluster Schlossgartenlauf"},"content":{"rendered":"<p>Der Volkssport nimmt in Mecklenburg-Vorpommern langsam wieder Fahrt auf. \u00dcber eine gute Beteiligung konnten sich die Veranstalter vom SG 03 Ludwigslust\/Grabow e.V. bei der 37. Ausgabe des Ludwigsluster Schlossgartenlauf am Sonntag freuen. Es wurden fast die Teilnehmerzahlen von vor Corona erreicht. So gingen insgesamt 239 Athleten auf die verschieden 5-Kilometer-Runden. Wobei die 5 Kilometer mit 132 Teilnehmern den gr\u00f6\u00dften Zuspruch fand. Auf den angebotenen Laufstrecken und dazu beim Nordic Walking herrschte reges Treiben.<\/p>\n<figure id=\"attachment_115207\" aria-describedby=\"caption-attachment-115207\" style=\"width: 1024px\" class=\"wp-caption alignnone\"><img loading=\"lazy\" decoding=\"async\" class=\"size-full wp-image-115207\" src=\"https:\/\/mv-sport.de\/wp-content\/uploads\/2022\/06\/schlossgartenlauf-team-schwerin_c_gajek.jpg\" alt=\"\" width=\"1024\" height=\"768\" \/><figcaption id=\"caption-attachment-115207\" class=\"wp-caption-text\">Vorne v.l.n.r: Manuela Pahlke (Balance Schwerin), Ulrike Sch\u00f6ne (TriSport Schwerin), Steffi Prahl (Laufgruppe Schwerin) und Tracy Eilart (TriSport Schwerin)<br \/>Hinten v.l.n.r: Lothar Gajek, Lothar Domnick und Andreas Prahl (alle Laufgruppe Schwerin)<br \/>Foto: Laufgruppe Schwerin<\/figcaption><\/figure>\n<p>Die hohen Temperaturen von Samstag wurden am Sonntag etwas runter reguliert. Dazu spendeten die B\u00e4ume auf dem gr\u00f6\u00dften Teil der Laufstrecke angenehmen Schatten. Der Rundkurs durch den Schlossgarten hatte eine L\u00e4nge von 5 Kilometer und musste je nach Strecke einmal, zweimal bzw. dreimal absolviert werden.<\/p>\n<p>Aus der Landeshauptstadt nahmen L\u00e4uferinnen und L\u00e4ufer verschiedener Vereine das Angebot von Veranstalter SG 03 Ludwigslust\/Grabow e.V. gerne an. Von der Laufgruppe Schwerin gingen Steffi und Andreas Prahl, sowie Lothar Gajek und Lothar Domnick auf die Runden. Von TriSport Schwerin waren Ulrike Sch\u00f6ne und Tracy Eilart mit dabei, von Balance Schwerin Manuela Pahlke und Jana Schneider und vom F\u00fcnf-Seen-Lauf-Verein Kathrin Zander und Udo Hanold.<\/p>\n<p>Die meisten Schweriner Starter verzeichnete der 15-Kilometerlauf. Hierbei sicherte sich Andreas Prahl den Sieg in seiner M35. Zweite Pl\u00e4tze gab es f\u00fcr Ulrike Sch\u00f6ne (W50), Manuela Pahlke (W55), Lothar Domnick (M60) und Udo Hanold (M65). \u00dcber 10 Kilometer gab es durch Steffi Prahl einen Sieg in der W35, Jana Schneider wurde Zweite in ihrer W55 und Tracy Eilart erreichte einen dritten Platz in ihrer W30.<\/p>\n<p>\u00dcber 5 Kilometer konnten Kathrin Zander (W55) und Lothar Gajek (M65) jeweils ihre Altersklassen gewinnen.war am Ende seiner Runde \u00fcber 5 Kilometer in 23:41 Minuten Sieger seiner Altersklasse M65. So gab es erfreulicherweise f\u00fcr alle Schweriner Vereins-Sportler Podestpl\u00e4tze.<\/p>\n<h3>Die Ergebnisse der Schweriner Vereinssportler:<\/h3>\n<p><strong>5 Kilometer L\u00e4uferinnen: L\u00e4ufer: 132<\/strong><br \/>\nKathrin Zander (F\u00fcnf-Seen-Laufgruppe Schwerin) W55 1.Platz 24:58 min<br \/>\nLothar Gajek (Laufgruppe Schwerin) M65 1.Platz 23:41min<\/p>\n<p><strong>10 Kilometer L\u00e4uferinnen: L\u00e4ufer: 79<\/strong><br \/>\nTracy Eilart (TriSport Schwerin) 3.Platz W30 1:02:12<br \/>\nSteffi Prahl (Laufgruppe Schwerin) 1.Platz W35 1:00:46<br \/>\nJana Schneider (Balance Schwerin) 2.Platz W55 1:00:25<\/p>\n<p><strong>15 Kilometer L\u00e4uferinnen: L\u00e4ufer: 28<\/strong><br \/>\nUlrike Sch\u00f6ne (TriSport Schwerin) 2.Platz W50 1:36:35<br \/>\nManuela Pahlke (Balance Schwerin) 2.Platz W55 1:26:38<br \/>\nAndreas Prahl (Laufgruppe Schwerin) 1.Platz M35 1:23:36<br \/>\nLothar Domnick (Laufgruppe Schwerin) 2.Platz M60 1:12:42<br \/>\nUdo Hanold (F\u00fcnf-Seen-Laufgruppe Schwerin) 2.Platz M65 1:31:12<\/p>\n<p><span style=\"color: #999999;\"><em>Quelle: Laufgruppe Schwerin e.V.<\/em><\/span><\/p>\n","protected":false},"excerpt":{"rendered":"<p>Der Volkssport nimmt in Mecklenburg-Vorpommern langsam wieder Fahrt auf. \u00dcber eine gute Beteiligung konnten sich die Veranstalter vom SG 03 Ludwigslust\/Grabow e.V. bei der 37. Ausgabe des Ludwigsluster Schlossgartenlauf am Sonntag freuen. Es wurden fast die Teilnehmerzahlen von vor Corona erreicht. So gingen insgesamt 239 Athleten auf die verschieden 5-Kilometer-Runden. Wobei die 5 Kilometer mit [&hellip;]<\/p>\n","protected":false},"author":2,"featured_media":115207,"comment_status":"open","ping_status":"open","sticky":false,"template":"","format":"standard","meta":{"_seopress_robots_primary_cat":"none","_seopress_titles_title":"239 Athleten bei 37. Ludwigsluster Schlossgartenlauf am Start","_seopress_titles_desc":"Aus der Landeshauptstadt nahmen L\u00e4uferinnen und L\u00e4ufer verschiedener Vereine das Angebot von Veranstalter SG 03 Ludwigslust\/Grabow e.V. an und zeigten gute Leistungen.","_seopress_robots_index":"","_relevanssi_hide_post":"","_relevanssi_hide_content":"","_relevanssi_pin_for_all":"","_relevanssi_pin_keywords":"","_relevanssi_unpin_keywords":"","_relevanssi_related_keywords":"","_relevanssi_related_include_ids":"","_relevanssi_related_exclude_ids":"","_relevanssi_related_no_append":"","_relevanssi_related_not_related":"","_relevanssi_related_posts":"","_relevanssi_noindex_reason":"","_uag_custom_page_level_css":"","footnotes":""},"categories":[47],"tags":[],"ort":[],"class_list":{"0":"post-115205","1":"post","2":"type-post","3":"status-publish","4":"format-standard","5":"has-post-thumbnail","7":"category-laufsport"},"featured_image_urls":{"medium":"https:\/\/mv-sport.de\/c\/wp-content\/uploads\/2022\/06\/schlossgartenlauf-team-schwerin_c_gajek-600x600.jpg","medium_large":"https:\/\/mv-sport.de\/c\/wp-content\/uploads\/2022\/06\/schlossgartenlauf-team-schwerin_c_gajek.jpg","large":"https:\/\/mv-sport.de\/c\/wp-content\/uploads\/2022\/06\/schlossgartenlauf-team-schwerin_c_gajek.jpg","full":"https:\/\/mv-sport.de\/c\/wp-content\/uploads\/2022\/06\/schlossgartenlauf-team-schwerin_c_gajek.jpg","alt":"","caption":"Vorne v.l.n.r: Manuela Pahlke (Balance Schwerin), Ulrike Sch\u00f6ne (TriSport Schwerin), Steffi Prahl (Laufgruppe Schwerin) und Tracy Eilart (TriSport Schwerin)\nHinten v.l.n.r: Lothar Gajek, Lothar Domnick und Andreas Prahl (alle Laufgruppe Schwerin)\nFoto: Laufgruppe Schwerin"},"spectra_custom_meta":{"uab_option":["yes"],"uab_meta_position":["default"],"_extra_rating_average":["0"],"_seopress_analysis_data":["a:21:{s:5:\"title\";s:61:\"239 Athleten bei 37. Ludwigsluster Schlossgartenlauf am Start\";s:12:\"link_preview\";s:121:\"https:\/\/mv-sport.de\/schweriner-zeigen-gute-leistungen-bei-37-ludwigsluster-schlossgartenlauf\/?no_admin_bar=1&preview=true\";s:9:\"meta_desc\";s:169:\"Aus der Landeshauptstadt nahmen L\u00e4uferinnen und L\u00e4ufer verschiedener Vereine das Angebot von Veranstalter SG 03 Ludwigslust\/Grabow e.V. an und zeigten gute Leistungen.\";s:8:\"og_title\";a:2:{s:5:\"count\";i:1;s:6:\"values\";a:1:{i:0;s:61:\"239 Athleten bei 37. Ludwigsluster Schlossgartenlauf am Start\";}}s:7:\"og_desc\";a:2:{s:5:\"count\";i:1;s:6:\"values\";a:1:{i:0;s:169:\"Aus der Landeshauptstadt nahmen L\u00e4uferinnen und L\u00e4ufer verschiedener Vereine das Angebot von Veranstalter SG 03 Ludwigslust\/Grabow e.V. an und zeigten gute Leistungen.\";}}s:6:\"og_img\";a:2:{s:5:\"count\";i:1;s:6:\"values\";a:1:{i:0;s:90:\"https:\/\/mv-sport.de\/wp-content\/uploads\/2022\/06\/schlossgartenlauf-team-schwerin_c_gajek.jpg\";}}s:6:\"og_url\";a:3:{s:5:\"count\";i:1;s:6:\"values\";a:1:{i:0;s:92:\"https:\/\/mv-sport.de\/schweriner-zeigen-gute-leistungen-bei-37-ludwigsluster-schlossgartenlauf\";}s:4:\"host\";s:11:\"mv-sport.de\";}s:12:\"og_site_name\";a:2:{s:5:\"count\";i:1;s:6:\"values\";a:1:{i:0;s:72:\"MV-Sport.de - Sportvereine &amp; Sportnachrichten Mecklenburg-Vorpommern\";}}s:8:\"tw_title\";a:2:{s:5:\"count\";i:1;s:6:\"values\";a:1:{i:0;s:61:\"239 Athleten bei 37. Ludwigsluster Schlossgartenlauf am Start\";}}s:7:\"tw_desc\";a:2:{s:5:\"count\";i:1;s:6:\"values\";a:1:{i:0;s:169:\"Aus der Landeshauptstadt nahmen L\u00e4uferinnen und L\u00e4ufer verschiedener Vereine das Angebot von Veranstalter SG 03 Ludwigslust\/Grabow e.V. an und zeigten gute Leistungen.\";}}s:6:\"tw_img\";a:2:{s:5:\"count\";i:1;s:6:\"values\";a:1:{i:0;s:90:\"https:\/\/mv-sport.de\/wp-content\/uploads\/2022\/06\/schlossgartenlauf-team-schwerin_c_gajek.jpg\";}}s:9:\"canonical\";s:93:\"https:\/\/mv-sport.de\/schweriner-zeigen-gute-leistungen-bei-37-ludwigsluster-schlossgartenlauf\/\";s:13:\"all_canonical\";a:1:{i:0;s:93:\"https:\/\/mv-sport.de\/schweriner-zeigen-gute-leistungen-bei-37-ludwigsluster-schlossgartenlauf\/\";}s:2:\"h1\";a:1:{s:9:\"nomatches\";a:1:{s:5:\"count\";i:1;}}s:3:\"img\";a:1:{s:6:\"images\";a:2:{s:11:\"without_alt\";a:6:{i:0;s:90:\"https:\/\/mv-sport.de\/wp-content\/uploads\/2022\/06\/schlossgartenlauf-team-schwerin_c_gajek.jpg\";i:1;s:68:\"https:\/\/mv-sport.de\/wp-content\/uploads\/2017\/06\/logo_autor_profil.png\";i:2;s:89:\"https:\/\/mv-sport.de\/wp-content\/sabai\/File\/thumbnails\/daba6d7e3046d161a8983d71bc83ee33.png\";i:3;s:89:\"https:\/\/mv-sport.de\/wp-content\/sabai\/File\/thumbnails\/9271e28a87c56d542a9283b9a9c48e83.jpg\";i:4;s:77:\"https:\/\/mv-sport.de\/wp-content\/plugins\/sabai\/assets\/images\/no_image_small.png\";i:5;s:61:\"https:\/\/mv-sport.de\/wp-content\/uploads\/2017\/05\/140x70px-3.gif\";}s:8:\"with_alt\";a:1:{i:0;s:46:\"https:\/\/c.ad-mv.de\/matomo.php?idsite=162&rec=1\";}}}s:11:\"meta_robots\";a:1:{i:0;a:1:{i:0;s:13:\"index, follow\";}}s:14:\"outbound_links\";a:8:{i:0;a:1:{s:34:\"https:\/\/www.facebook.com\/MVSportde\";s:0:\"\";}i:1;a:1:{s:37:\"https:\/\/www.instagram.com\/mv_sport.de\";s:0:\"\";}i:3;a:1:{s:28:\"http:\/\/www.elegantthemes.com\";s:14:\"Elegant Themes\";}i:4;a:1:{s:24:\"http:\/\/www.wordpress.org\";s:9:\"WordPress\";}i:5;a:1:{s:20:\"http:\/\/www.web-mv.de\";s:9:\"web-mv.de\";}i:6;a:1:{s:33:\"http:\/\/www.webdesign-schwerin.net\";s:0:\"\";}i:7;a:1:{s:34:\"https:\/\/www.facebook.com\/MVSportde\";s:13:\"\n    Like us!\";}i:8;a:1:{s:37:\"https:\/\/www.instagram.com\/mv_sport.de\";s:15:\"\n    Follow us!\";}}s:13:\"words_counter\";i:400;s:20:\"words_counter_unique\";i:183;s:4:\"json\";a:1:{i:0;s:14:\"BreadcrumbList\";}s:5:\"score\";b:0;}"],"_edit_lock":["1655803279:2"],"_edit_last":["2"],"_thumbnail_id":["115207"],"xyz_fbap_future_to_publish":["a:3:{s:18:\"post_fb_permission\";i:1;s:18:\"xyz_fbap_po_method\";s:1:\"2\";s:16:\"xyz_fbap_message\";s:32:\"{POST_TITLE}\r\n{POST_EXCERPT} ...\";}"],"_seopress_pro_schemas_manual":["a:1:{i:0;a:1:{s:32:\"_seopress_pro_rich_snippets_type\";s:4:\"none\";}}"],"_seopress_titles_title":["239 Athleten bei 37. Ludwigsluster Schlossgartenlauf am Start"],"_seopress_titles_desc":["Aus der Landeshauptstadt nahmen L\u00e4uferinnen und L\u00e4ufer verschiedener Vereine das Angebot von Veranstalter SG 03 Ludwigslust\/Grabow e.V. an und zeigten gute Leistungen."],"_seopress_robots_canonical":[""],"_seopress_robots_primary_cat":["none"],"_seopress_robots_breadcrumbs":[""],"_seopress_social_fb_title":[""],"_seopress_social_fb_desc":[""],"_seopress_social_fb_img":[""],"_seopress_social_fb_img_attachment_id":[""],"_seopress_social_fb_img_width":[""],"_seopress_social_fb_img_height":[""],"_seopress_social_twitter_title":[""],"_seopress_social_twitter_desc":[""],"_seopress_social_twitter_img":[""],"_seopress_social_twitter_img_attachment_id":[""],"_seopress_social_twitter_img_width":[""],"_seopress_social_twitter_img_height":[""],"_seopress_redirections_type":["301"],"_seopress_redirections_value":[""],"_seopress_redirections_logged_status":["both"],"_post_review_box_title":["Rezension"],"_post_review_box_summary":[""],"_post_review_box_summary_title":["Zusammenfassung"],"_post_review_box_breakdowns_score":["0"],"_post_review_box_breakdowns_count":["1"],"_post_review_box_breakdowns":["a:1:{i:0;a:2:{s:5:\"title\";s:0:\"\";s:6:\"rating\";i:0;}}"],"_extra_sidebar_location":[""],"_extra_sidebar":[""],"post_views_count":["81"],"xyz_fbap":["1"],"xyz_fbap_insert_og":["1"],"_seopress_analysis_target_kw":[""],"wp_schema_pro_optimized_structured_data":["<!-- Schema optimized by Schema Pro --><script type=\"application\/ld+json\">{\"@context\":\"https:\/\/schema.org\",\"@type\":\"NewsArticle\",\"mainEntityOfPage\":{\"@type\":\"WebPage\",\"@id\":\"https:\/\/mv-sport.de\/schweriner-zeigen-gute-leistungen-bei-37-ludwigsluster-schlossgartenlauf\/\"},\"headline\":\"Schweriner zeigen gute Leistungen bei 37. Ludwigsluster Schlossgartenlauf\",\"image\":{\"@type\":\"ImageObject\",\"url\":\"https:\/\/mv-sport.de\/wp-content\/uploads\/2022\/06\/schlossgartenlauf-team-schwerin_c_gajek.jpg\",\"width\":1024,\"height\":768},\"datePublished\":\"2022-06-21T11:21:14\",\"dateModified\":\"2022-06-21T11:21:14\",\"author\":{\"@type\":\"Person\",\"name\":\"MV-Sport.de\",\"url\":\"https:\/\/mv-sport.de\/author\/mv-sport-de\"},\"publisher\":{\"@type\":\"Organization\",\"name\":\"MV-Sport.de - Sportvereine &amp; Sportnachrichten Mecklenburg-Vorpommern\",\"logo\":{\"@type\":\"ImageObject\",\"url\":\"https:\/\/mv-sport.de\/wp-content\/uploads\/2017\/05\/logo-mv-sport-292x60.png\"}}}<\/script><!-- \/ Schema optimized by Schema Pro -->"],"__post_views_count":["2074"],"astra_style_timestamp_css":["1757508662"],"_uag_css_file_name":["uag-css-115205.css"],"_uag_page_assets":["a:9:{s:3:\"css\";s:7010:\".uagb-block-88f5875d.wp-block-uagb-image--layout-default figure img{box-shadow: 0px 0px 0 #00000070;}.uagb-block-88f5875d.wp-block-uagb-image .wp-block-uagb-image__figure figcaption{font-style: normal;align-self: center;}.uagb-block-88f5875d.wp-block-uagb-image--layout-overlay figure img{box-shadow: 0px 0px 0 #00000070;}.uagb-block-88f5875d.wp-block-uagb-image--layout-overlay .wp-block-uagb-image--layout-overlay__color-wrapper{opacity: 0.2;}.uagb-block-88f5875d.wp-block-uagb-image--layout-overlay .wp-block-uagb-image--layout-overlay__inner{left: 15px;right: 15px;top: 15px;bottom: 15px;}.uagb-block-88f5875d.wp-block-uagb-image--layout-overlay .wp-block-uagb-image--layout-overlay__inner .uagb-image-heading{font-style: normal;color: #fff;opacity: 1;}.uagb-block-88f5875d.wp-block-uagb-image--layout-overlay .wp-block-uagb-image--layout-overlay__inner .uagb-image-heading a{color: #fff;}.uagb-block-88f5875d.wp-block-uagb-image--layout-overlay .wp-block-uagb-image--layout-overlay__inner .uagb-image-caption{opacity: 0;}.uagb-block-88f5875d.wp-block-uagb-image--layout-overlay .wp-block-uagb-image__figure:hover .wp-block-uagb-image--layout-overlay__color-wrapper{opacity: 1;}.uagb-block-88f5875d.wp-block-uagb-image .wp-block-uagb-image--layout-overlay__inner .uagb-image-separator{width: 30%;border-top-width: 2px;border-top-color: #fff;opacity: 0;}.uagb-block-88f5875d.wp-block-uagb-image .wp-block-uagb-image__figure img{width: 297px;height: auto;}.uagb-block-88f5875d.wp-block-uagb-image .wp-block-uagb-image__figure:hover .wp-block-uagb-image--layout-overlay__inner .uagb-image-caption{opacity: 1;}.uagb-block-88f5875d.wp-block-uagb-image .wp-block-uagb-image__figure:hover .wp-block-uagb-image--layout-overlay__inner .uagb-image-separator{opacity: 1;}.uagb-block-88f5875d.wp-block-uagb-image--layout-default figure:hover img{box-shadow: 0px 0px 0 #00000070;}.uagb-block-88f5875d.wp-block-uagb-image--layout-overlay figure:hover img{box-shadow: 0px 0px 0 #00000070;}@media only screen and (max-width: 976px) {.uagb-block-88f5875d.wp-block-uagb-image .wp-block-uagb-image__figure img{width: 297px;height: auto;}}@media only screen and (max-width: 767px) {.uagb-block-88f5875d.wp-block-uagb-image .wp-block-uagb-image__figure img{width: 297px;height: auto;}}.uagb-block-b6c54374.wp-block-uagb-image{margin-top: 0px;margin-right: 0px;margin-bottom: 0px;margin-left: 0px;}.uagb-block-b6c54374.wp-block-uagb-image--layout-default figure img{box-shadow: 0px 0px 0 #00000070;}.uagb-block-b6c54374.wp-block-uagb-image .wp-block-uagb-image__figure figcaption{font-style: normal;align-self: center;}.uagb-block-b6c54374.wp-block-uagb-image--layout-overlay figure img{box-shadow: 0px 0px 0 #00000070;}.uagb-block-b6c54374.wp-block-uagb-image--layout-overlay .wp-block-uagb-image--layout-overlay__color-wrapper{opacity: 0.2;}.uagb-block-b6c54374.wp-block-uagb-image--layout-overlay .wp-block-uagb-image--layout-overlay__inner{left: 15px;right: 15px;top: 15px;bottom: 15px;}.uagb-block-b6c54374.wp-block-uagb-image--layout-overlay .wp-block-uagb-image--layout-overlay__inner .uagb-image-heading{font-style: normal;color: #fff;opacity: 1;}.uagb-block-b6c54374.wp-block-uagb-image--layout-overlay .wp-block-uagb-image--layout-overlay__inner .uagb-image-heading a{color: #fff;}.uagb-block-b6c54374.wp-block-uagb-image--layout-overlay .wp-block-uagb-image--layout-overlay__inner .uagb-image-caption{opacity: 0;}.uagb-block-b6c54374.wp-block-uagb-image--layout-overlay .wp-block-uagb-image__figure:hover .wp-block-uagb-image--layout-overlay__color-wrapper{opacity: 1;}.uagb-block-b6c54374.wp-block-uagb-image .wp-block-uagb-image--layout-overlay__inner .uagb-image-separator{width: 30%;border-top-width: 2px;border-top-color: #fff;opacity: 0;}.uagb-block-b6c54374.wp-block-uagb-image .wp-block-uagb-image__figure img{width: px;height: auto;}.uagb-block-b6c54374.wp-block-uagb-image .wp-block-uagb-image__figure:hover .wp-block-uagb-image--layout-overlay__inner .uagb-image-caption{opacity: 1;}.uagb-block-b6c54374.wp-block-uagb-image .wp-block-uagb-image__figure:hover .wp-block-uagb-image--layout-overlay__inner .uagb-image-separator{opacity: 1;}.uagb-block-b6c54374.wp-block-uagb-image--layout-default figure:hover img{box-shadow: 0px 0px 0 #00000070;}.uagb-block-b6c54374.wp-block-uagb-image--layout-overlay figure:hover img{box-shadow: 0px 0px 0 #00000070;}@media only screen and (max-width: 976px) {.uagb-block-b6c54374.wp-block-uagb-image .wp-block-uagb-image__figure img{width: px;height: auto;}}@media only screen and (max-width: 767px) {.uagb-block-b6c54374.wp-block-uagb-image .wp-block-uagb-image__figure img{width: px;height: auto;}}.uagb-block-2bdcf70c.wp-block-uagb-image{margin-top: 0px;margin-right: 0px;margin-bottom: 0px;margin-left: 0px;}.uagb-block-2bdcf70c.wp-block-uagb-image--layout-default figure img{box-shadow: 0px 0px 0 #00000070;}.uagb-block-2bdcf70c.wp-block-uagb-image .wp-block-uagb-image__figure figcaption{font-style: normal;align-self: center;}.uagb-block-2bdcf70c.wp-block-uagb-image--layout-overlay figure img{box-shadow: 0px 0px 0 #00000070;}.uagb-block-2bdcf70c.wp-block-uagb-image--layout-overlay .wp-block-uagb-image--layout-overlay__color-wrapper{opacity: 0.2;}.uagb-block-2bdcf70c.wp-block-uagb-image--layout-overlay .wp-block-uagb-image--layout-overlay__inner{left: 15px;right: 15px;top: 15px;bottom: 15px;}.uagb-block-2bdcf70c.wp-block-uagb-image--layout-overlay .wp-block-uagb-image--layout-overlay__inner .uagb-image-heading{font-style: normal;color: #fff;opacity: 1;}.uagb-block-2bdcf70c.wp-block-uagb-image--layout-overlay .wp-block-uagb-image--layout-overlay__inner .uagb-image-heading a{color: #fff;}.uagb-block-2bdcf70c.wp-block-uagb-image--layout-overlay .wp-block-uagb-image--layout-overlay__inner .uagb-image-caption{opacity: 0;}.uagb-block-2bdcf70c.wp-block-uagb-image--layout-overlay .wp-block-uagb-image__figure:hover .wp-block-uagb-image--layout-overlay__color-wrapper{opacity: 1;}.uagb-block-2bdcf70c.wp-block-uagb-image .wp-block-uagb-image--layout-overlay__inner .uagb-image-separator{width: 30%;border-top-width: 2px;border-top-color: #fff;opacity: 0;}.uagb-block-2bdcf70c.wp-block-uagb-image .wp-block-uagb-image__figure img{width: px;height: auto;}.uagb-block-2bdcf70c.wp-block-uagb-image .wp-block-uagb-image__figure:hover .wp-block-uagb-image--layout-overlay__inner .uagb-image-caption{opacity: 1;}.uagb-block-2bdcf70c.wp-block-uagb-image .wp-block-uagb-image__figure:hover .wp-block-uagb-image--layout-overlay__inner .uagb-image-separator{opacity: 1;}.uagb-block-2bdcf70c.wp-block-uagb-image--layout-default figure:hover img{box-shadow: 0px 0px 0 #00000070;}.uagb-block-2bdcf70c.wp-block-uagb-image--layout-overlay figure:hover img{box-shadow: 0px 0px 0 #00000070;}@media only screen and (max-width: 976px) {.uagb-block-2bdcf70c.wp-block-uagb-image .wp-block-uagb-image__figure img{width: px;height: auto;}}@media only screen and (max-width: 767px) {.uagb-block-2bdcf70c.wp-block-uagb-image .wp-block-uagb-image__figure img{width: px;height: auto;}}\";s:2:\"js\";s:0:\"\";s:18:\"current_block_list\";a:28:{i:0;s:10:\"core\/group\";i:2;s:24:\"core\/post-featured-image\";i:3;s:15:\"core\/post-title\";i:5;s:14:\"core\/post-date\";i:6;s:16:\"core\/post-author\";i:7;s:15:\"core\/post-terms\";i:8;s:17:\"core\/post-content\";i:9;s:14:\"core\/separator\";i:10;s:13:\"core\/comments\";i:11;s:19:\"core\/comments-title\";i:12;s:21:\"core\/comment-template\";i:15;s:11:\"core\/avatar\";i:16;s:24:\"core\/comment-author-name\";i:17;s:17:\"core\/comment-date\";i:18;s:20:\"core\/comment-content\";i:19;s:23:\"core\/comment-reply-link\";i:20;s:24:\"core\/comments-pagination\";i:21;s:33:\"core\/comments-pagination-previous\";i:22;s:32:\"core\/comments-pagination-numbers\";i:23;s:29:\"core\/comments-pagination-next\";i:24;s:23:\"core\/post-comments-form\";i:25;s:14:\"core\/tag-cloud\";i:26;s:12:\"core\/heading\";i:27;s:14:\"core\/paragraph\";i:28;s:12:\"core\/buttons\";i:29;s:11:\"core\/button\";i:30;s:10:\"uagb\/image\";i:31;s:10:\"core\/image\";}s:8:\"uag_flag\";b:1;s:11:\"uag_version\";s:10:\"1777464673\";s:6:\"gfonts\";a:0:{}s:10:\"gfonts_url\";s:0:\"\";s:12:\"gfonts_files\";a:0:{}s:14:\"uag_faq_layout\";b:0;}"]},"uagb_featured_image_src":{"full":["https:\/\/mv-sport.de\/c\/wp-content\/uploads\/2022\/06\/schlossgartenlauf-team-schwerin_c_gajek.jpg",1024,768,false],"thumbnail":["https:\/\/mv-sport.de\/c\/wp-content\/uploads\/2022\/06\/schlossgartenlauf-team-schwerin_c_gajek-150x150.jpg",150,150,true],"medium":["https:\/\/mv-sport.de\/c\/wp-content\/uploads\/2022\/06\/schlossgartenlauf-team-schwerin_c_gajek-600x600.jpg",350,350,true],"medium_large":["https:\/\/mv-sport.de\/c\/wp-content\/uploads\/2022\/06\/schlossgartenlauf-team-schwerin_c_gajek.jpg",768,576,false],"large":["https:\/\/mv-sport.de\/c\/wp-content\/uploads\/2022\/06\/schlossgartenlauf-team-schwerin_c_gajek.jpg",1024,768,false],"1536x1536":["https:\/\/mv-sport.de\/c\/wp-content\/uploads\/2022\/06\/schlossgartenlauf-team-schwerin_c_gajek.jpg",1024,768,false],"2048x2048":["https:\/\/mv-sport.de\/c\/wp-content\/uploads\/2022\/06\/schlossgartenlauf-team-schwerin_c_gajek.jpg",1024,768,false],"ultp_layout_landscape_large":["https:\/\/mv-sport.de\/c\/wp-content\/uploads\/2022\/06\/schlossgartenlauf-team-schwerin_c_gajek.jpg",1024,768,false],"ultp_layout_landscape":["https:\/\/mv-sport.de\/c\/wp-content\/uploads\/2022\/06\/schlossgartenlauf-team-schwerin_c_gajek.jpg",760,570,false],"ultp_layout_portrait":["https:\/\/mv-sport.de\/c\/wp-content\/uploads\/2022\/06\/schlossgartenlauf-team-schwerin_c_gajek.jpg",600,450,false],"ultp_layout_square":["https:\/\/mv-sport.de\/c\/wp-content\/uploads\/2022\/06\/schlossgartenlauf-team-schwerin_c_gajek.jpg",600,450,false]},"uagb_author_info":{"display_name":"MV-Sport.de","author_link":"https:\/\/mv-sport.de\/c\/author\/mv-sport-de\/"},"uagb_comment_info":0,"uagb_excerpt":"Der Volkssport nimmt in Mecklenburg-Vorpommern langsam wieder Fahrt auf. \u00dcber eine gute Beteiligung konnten sich die Veranstalter vom SG 03 Ludwigslust\/Grabow e.V. bei der 37. Ausgabe des Ludwigsluster Schlossgartenlauf am Sonntag freuen. Es wurden fast die Teilnehmerzahlen von vor Corona erreicht. So gingen insgesamt 239 Athleten auf die verschieden 5-Kilometer-Runden. Wobei die 5 Kilometer mit&hellip;","_links":{"self":[{"href":"https:\/\/mv-sport.de\/c\/wp-json\/wp\/v2\/posts\/115205","targetHints":{"allow":["GET"]}}],"collection":[{"href":"https:\/\/mv-sport.de\/c\/wp-json\/wp\/v2\/posts"}],"about":[{"href":"https:\/\/mv-sport.de\/c\/wp-json\/wp\/v2\/types\/post"}],"author":[{"embeddable":true,"href":"https:\/\/mv-sport.de\/c\/wp-json\/wp\/v2\/users\/2"}],"replies":[{"embeddable":true,"href":"https:\/\/mv-sport.de\/c\/wp-json\/wp\/v2\/comments?post=115205"}],"version-history":[{"count":0,"href":"https:\/\/mv-sport.de\/c\/wp-json\/wp\/v2\/posts\/115205\/revisions"}],"wp:featuredmedia":[{"embeddable":true,"href":"https:\/\/mv-sport.de\/c\/wp-json\/wp\/v2\/media\/115207"}],"wp:attachment":[{"href":"https:\/\/mv-sport.de\/c\/wp-json\/wp\/v2\/media?parent=115205"}],"wp:term":[{"taxonomy":"category","embeddable":true,"href":"https:\/\/mv-sport.de\/c\/wp-json\/wp\/v2\/categories?post=115205"},{"taxonomy":"post_tag","embeddable":true,"href":"https:\/\/mv-sport.de\/c\/wp-json\/wp\/v2\/tags?post=115205"},{"taxonomy":"ort","embeddable":true,"href":"https:\/\/mv-sport.de\/c\/wp-json\/wp\/v2\/ort?post=115205"}],"curies":[{"name":"wp","href":"https:\/\/api.w.org\/{rel}","templated":true}]}}