{"id":115922,"date":"2022-06-24T11:37:46","date_gmt":"2022-06-24T09:37:46","guid":{"rendered":"https:\/\/mv-sport.de\/?p=115922"},"modified":"2022-06-24T11:41:12","modified_gmt":"2022-06-24T09:41:12","slug":"20-hella-marathon-nacht-rostock-am-6-august","status":"publish","type":"post","link":"https:\/\/mv-sport.de\/c\/20-hella-marathon-nacht-rostock-am-6-august\/","title":{"rendered":"20. hella marathon nacht rostock am 6. August"},"content":{"rendered":"<p><strong>Es ist hei\u00df, doch wer bei der Jubil\u00e4umsausgabe der hella marathon nacht rostock am 6. August an den Start gehen m\u00f6chte, muss auch bei etwas w\u00e4rmeren Temperaturen etwas machen. Starterinnen und Starter, die die Rostocker Veranstaltung kennen, wissen das. Sie sind wettererprobt \u2013 egal, ob es hei\u00df, k\u00fchl oder nass ist.<\/strong><\/p>\n<figure id=\"attachment_115924\" aria-describedby=\"caption-attachment-115924\" style=\"width: 1024px\" class=\"wp-caption alignnone\"><img loading=\"lazy\" decoding=\"async\" class=\"size-full wp-image-115924\" src=\"https:\/\/mv-sport.de\/wp-content\/uploads\/2022\/06\/hella-marathon-nacht-rostock-2021_michael-strokosch.jpg\" alt=\"19. hella marathon nacht rostock\" width=\"1024\" height=\"683\" \/><figcaption id=\"caption-attachment-115924\" class=\"wp-caption-text\">Impressionen aus dem vergangenen Jahr | <span style=\"color: #999999;\">Foto: \u00a9 Michael Strokosch<\/span><\/figcaption><\/figure>\n<p>Zum 20. Mal findet die hella marathon nacht rostock in diesem Jahr statt. Nach zwei Jahren, in dem eine der sch\u00f6nsten Laufveranstaltungen Deutschlands teilweise nur sehr eingeschr\u00e4nkt durchgef\u00fchrt werden konnte, freuen sich die Teilnehmer, aber auch Organisatoren und Sponsoren, \u00fcber einen gro\u00dfen Teil an Normalit\u00e4t. Aber es sollte f\u00fcr alle selbstverst\u00e4ndlich sein, trotz der (vorbehaltlich) weggefallenen Corona-Schutzma\u00dfnahmen, auf sich zu achten und damit auch die Allgemeinheit zu sch\u00fctzen.<\/p>\n<p>Die Vorfreude auf die 20. hella marathon nacht rostock ist riesengro\u00df. Start und Ziel wird in diesem Jahr wieder der Rostocker Stadthafen sein. Bevor um 18 Uhr die Marathonis auf die Strecke durch den Nordosten der Stadt gehen und um 19.55 Uhr die Halbmarathonis durch Warnowtunnel und IGA-Park Richtung Stadthafen laufen, d\u00fcrfen sich die L\u00fctten beim Sch\u00fclerlauf \u00fcber 1800 Meter der vollen Aufmerksamkeit am neuen Standort im sch\u00f6nen Rostocker Stadthafen gewiss sein. Auch die Rostocker7 darf nat\u00fcrlich nicht fehlen. Mit den Marathonl\u00e4ufern starten auch die Staffeln in bew\u00e4hrter Form auf einem Rundkurs, der insgesamt sechs Mal bew\u00e4ltigt werden muss.<\/p>\n<p>Es lohnt sich also, auch in diesem Sommer etwas mehr zu tun, um am 6. August fit f\u00fcr die 20. Hella marathon nacht rostock zu sein. Erwartet werden am 6. August rund 1500 Teilnehmerinnen und Teilnehmer.<\/p>\n<blockquote><p><em>Weitere Informationen und Anmeldungen unter: www.rostocker-marathon-nacht.com<\/em><\/p><\/blockquote>\n<p><span style=\"color: #999999;\"><em>Quelle: BMS Die Laufgesellschaft<\/em> <\/span><\/p>\n","protected":false},"excerpt":{"rendered":"<p>Es ist hei\u00df, doch wer bei der Jubil\u00e4umsausgabe der hella marathon nacht rostock am 6. August an den Start gehen m\u00f6chte, muss auch bei etwas w\u00e4rmeren Temperaturen etwas machen. Starterinnen und Starter, die die Rostocker Veranstaltung kennen, wissen das. Sie sind wettererprobt \u2013 egal, ob es hei\u00df, k\u00fchl oder nass ist. Zum 20. Mal findet [&hellip;]<\/p>\n","protected":false},"author":2,"featured_media":115924,"comment_status":"open","ping_status":"open","sticky":false,"template":"","format":"standard","meta":{"_seopress_robots_primary_cat":"none","_seopress_titles_title":"20. hella marathon nacht rostock am 6. August | Vorfreude auf Jubil\u00e4umsausgabe","_seopress_titles_desc":"Zum 20. Mal findet die hella marathon nacht rostock in diesem Jahr statt. Nach zwei Jahren, in dem eine der sch\u00f6nsten Laufveranstaltungen Deutschlands teilweise nur sehr eingeschr\u00e4nkt durchgef\u00fchrt werden konnte, freuen sich Teilnehmer, Organisatoren und Sponsoren \u00fcber einen gro\u00dfen Teil an Normalit\u00e4t.","_seopress_robots_index":"","_relevanssi_hide_post":"","_relevanssi_hide_content":"","_relevanssi_pin_for_all":"","_relevanssi_pin_keywords":"","_relevanssi_unpin_keywords":"","_relevanssi_related_keywords":"","_relevanssi_related_include_ids":"","_relevanssi_related_exclude_ids":"","_relevanssi_related_no_append":"","_relevanssi_related_not_related":"","_relevanssi_related_posts":"","_relevanssi_noindex_reason":"","_uag_custom_page_level_css":"","footnotes":""},"categories":[47],"tags":[],"ort":[],"class_list":{"0":"post-115922","1":"post","2":"type-post","3":"status-publish","4":"format-standard","5":"has-post-thumbnail","7":"category-laufsport"},"featured_image_urls":{"medium":"https:\/\/mv-sport.de\/c\/wp-content\/uploads\/2022\/06\/hella-marathon-nacht-rostock-2021_michael-strokosch-600x600.jpg","medium_large":"https:\/\/mv-sport.de\/c\/wp-content\/uploads\/2022\/06\/hella-marathon-nacht-rostock-2021_michael-strokosch.jpg","large":"https:\/\/mv-sport.de\/c\/wp-content\/uploads\/2022\/06\/hella-marathon-nacht-rostock-2021_michael-strokosch.jpg","full":"https:\/\/mv-sport.de\/c\/wp-content\/uploads\/2022\/06\/hella-marathon-nacht-rostock-2021_michael-strokosch.jpg","alt":"19. hella marathon nacht rostock","caption":"Impressionen aus dem vergangenen Jahr | Foto: \u00a9 Michael Strokosch"},"spectra_custom_meta":{"uab_option":["yes"],"uab_meta_position":["default"],"_extra_rating_average":["0"],"_seopress_analysis_data":["a:21:{s:5:\"title\";s:79:\"20. hella marathon nacht rostock am 6. August | Vorfreude auf Jubil\u00e4umsausgabe\";s:12:\"link_preview\";s:92:\"https:\/\/mv-sport.de\/20-hella-marathon-nacht-rostock-am-6-august\/?no_admin_bar=1&preview=true\";s:9:\"meta_desc\";s:307:\"Zum 20. Mal findet die hella marathon nacht rostock in diesem Jahr statt. Nach zwei Jahren, in dem eine der sch\u00f6nsten Laufveranstaltungen Deutschlands teilweise nur sehr eingeschr\u00e4nkt durchgef\u00fchrt werden konnte, freuen sich Teilnehmer, Organisatoren und Sponsoren \u00fcber einen gro\u00dfen Teil an Normalit\u00e4t.\";s:8:\"og_title\";a:2:{s:5:\"count\";i:1;s:6:\"values\";a:1:{i:0;s:79:\"20. hella marathon nacht rostock am 6. August | Vorfreude auf Jubil\u00e4umsausgabe\";}}s:7:\"og_desc\";a:2:{s:5:\"count\";i:1;s:6:\"values\";a:1:{i:0;s:307:\"Zum 20. Mal findet die hella marathon nacht rostock in diesem Jahr statt. Nach zwei Jahren, in dem eine der sch\u00f6nsten Laufveranstaltungen Deutschlands teilweise nur sehr eingeschr\u00e4nkt durchgef\u00fchrt werden konnte, freuen sich Teilnehmer, Organisatoren und Sponsoren \u00fcber einen gro\u00dfen Teil an Normalit\u00e4t.\";}}s:6:\"og_img\";a:2:{s:5:\"count\";i:1;s:6:\"values\";a:1:{i:0;s:102:\"https:\/\/mv-sport.de\/wp-content\/uploads\/2022\/06\/hella-marathon-nacht-rostock-2021_michael-strokosch.jpg\";}}s:6:\"og_url\";a:3:{s:5:\"count\";i:1;s:6:\"values\";a:1:{i:0;s:63:\"https:\/\/mv-sport.de\/20-hella-marathon-nacht-rostock-am-6-august\";}s:4:\"host\";s:11:\"mv-sport.de\";}s:12:\"og_site_name\";a:2:{s:5:\"count\";i:1;s:6:\"values\";a:1:{i:0;s:72:\"MV-Sport.de - Sportvereine &amp; Sportnachrichten Mecklenburg-Vorpommern\";}}s:8:\"tw_title\";a:2:{s:5:\"count\";i:1;s:6:\"values\";a:1:{i:0;s:79:\"20. hella marathon nacht rostock am 6. August | Vorfreude auf Jubil\u00e4umsausgabe\";}}s:7:\"tw_desc\";a:2:{s:5:\"count\";i:1;s:6:\"values\";a:1:{i:0;s:307:\"Zum 20. Mal findet die hella marathon nacht rostock in diesem Jahr statt. Nach zwei Jahren, in dem eine der sch\u00f6nsten Laufveranstaltungen Deutschlands teilweise nur sehr eingeschr\u00e4nkt durchgef\u00fchrt werden konnte, freuen sich Teilnehmer, Organisatoren und Sponsoren \u00fcber einen gro\u00dfen Teil an Normalit\u00e4t.\";}}s:6:\"tw_img\";a:2:{s:5:\"count\";i:1;s:6:\"values\";a:1:{i:0;s:102:\"https:\/\/mv-sport.de\/wp-content\/uploads\/2022\/06\/hella-marathon-nacht-rostock-2021_michael-strokosch.jpg\";}}s:9:\"canonical\";s:64:\"https:\/\/mv-sport.de\/20-hella-marathon-nacht-rostock-am-6-august\/\";s:13:\"all_canonical\";a:1:{i:0;s:64:\"https:\/\/mv-sport.de\/20-hella-marathon-nacht-rostock-am-6-august\/\";}s:2:\"h1\";a:1:{s:9:\"nomatches\";a:1:{s:5:\"count\";i:1;}}s:3:\"img\";a:1:{s:6:\"images\";a:2:{s:11:\"without_alt\";a:5:{i:0;s:68:\"https:\/\/mv-sport.de\/wp-content\/uploads\/2017\/06\/logo_autor_profil.png\";i:1;s:89:\"https:\/\/mv-sport.de\/wp-content\/sabai\/File\/thumbnails\/3b330949874a840689fbf4ccbe2826d8.jpg\";i:2;s:89:\"https:\/\/mv-sport.de\/wp-content\/sabai\/File\/thumbnails\/5f6ca758185f4c96d985b3676bdb61f5.jpg\";i:3;s:89:\"https:\/\/mv-sport.de\/wp-content\/sabai\/File\/thumbnails\/d1fd11cded423b861e63167d4ce4546e.jpg\";i:4;s:61:\"https:\/\/mv-sport.de\/wp-content\/uploads\/2017\/05\/140x70px-3.gif\";}s:8:\"with_alt\";a:2:{i:0;s:102:\"https:\/\/mv-sport.de\/wp-content\/uploads\/2022\/06\/hella-marathon-nacht-rostock-2021_michael-strokosch.jpg\";i:1;s:46:\"https:\/\/c.ad-mv.de\/matomo.php?idsite=162&rec=1\";}}}s:11:\"meta_robots\";a:1:{i:0;a:1:{i:0;s:13:\"index, follow\";}}s:14:\"outbound_links\";a:8:{i:0;a:1:{s:34:\"https:\/\/www.facebook.com\/MVSportde\";s:0:\"\";}i:1;a:1:{s:37:\"https:\/\/www.instagram.com\/mv_sport.de\";s:0:\"\";}i:3;a:1:{s:28:\"http:\/\/www.elegantthemes.com\";s:14:\"Elegant Themes\";}i:4;a:1:{s:24:\"http:\/\/www.wordpress.org\";s:9:\"WordPress\";}i:5;a:1:{s:20:\"http:\/\/www.web-mv.de\";s:9:\"web-mv.de\";}i:6;a:1:{s:33:\"http:\/\/www.webdesign-schwerin.net\";s:0:\"\";}i:7;a:1:{s:34:\"https:\/\/www.facebook.com\/MVSportde\";s:13:\"\n    Like us!\";}i:8;a:1:{s:37:\"https:\/\/www.instagram.com\/mv_sport.de\";s:15:\"\n    Follow us!\";}}s:13:\"words_counter\";i:263;s:20:\"words_counter_unique\";i:166;s:4:\"json\";a:1:{i:0;s:14:\"BreadcrumbList\";}s:5:\"score\";b:0;}"],"_edit_lock":["1656063679:2"],"_edit_last":["2"],"_thumbnail_id":["115924"],"xyz_fbap_future_to_publish":["a:3:{s:18:\"post_fb_permission\";i:0;s:18:\"xyz_fbap_po_method\";s:1:\"2\";s:16:\"xyz_fbap_message\";s:32:\"{POST_TITLE}\r\n{POST_EXCERPT} ...\";}"],"xyz_fbap":["1"],"xyz_fbap_insert_og":["1"],"_seopress_pro_schemas_manual":["a:1:{i:0;a:1:{s:32:\"_seopress_pro_rich_snippets_type\";s:4:\"none\";}}"],"_seopress_titles_title":["20. hella marathon nacht rostock am 6. August | Vorfreude auf Jubil\u00e4umsausgabe"],"_seopress_titles_desc":["Zum 20. Mal findet die hella marathon nacht rostock in diesem Jahr statt. Nach zwei Jahren, in dem eine der sch\u00f6nsten Laufveranstaltungen Deutschlands teilweise nur sehr eingeschr\u00e4nkt durchgef\u00fchrt werden konnte, freuen sich Teilnehmer, Organisatoren und Sponsoren \u00fcber einen gro\u00dfen Teil an Normalit\u00e4t."],"_seopress_robots_canonical":[""],"_seopress_robots_primary_cat":["none"],"_seopress_robots_breadcrumbs":[""],"_seopress_social_fb_title":[""],"_seopress_social_fb_desc":[""],"_seopress_social_fb_img":[""],"_seopress_social_fb_img_attachment_id":[""],"_seopress_social_fb_img_width":[""],"_seopress_social_fb_img_height":[""],"_seopress_social_twitter_title":[""],"_seopress_social_twitter_desc":[""],"_seopress_social_twitter_img":[""],"_seopress_social_twitter_img_attachment_id":[""],"_seopress_social_twitter_img_width":[""],"_seopress_social_twitter_img_height":[""],"_seopress_redirections_type":["301"],"_seopress_redirections_value":[""],"_seopress_redirections_logged_status":["both"],"_post_review_box_title":["Rezension"],"_post_review_box_summary":[""],"_post_review_box_summary_title":["Zusammenfassung"],"_post_review_box_breakdowns_score":["0"],"_post_review_box_breakdowns_count":["1"],"_post_review_box_breakdowns":["a:1:{i:0;a:2:{s:5:\"title\";s:0:\"\";s:6:\"rating\";i:0;}}"],"_extra_sidebar_location":[""],"_extra_sidebar":[""],"post_views_count":["71"],"_seopress_analysis_target_kw":[""],"wp_schema_pro_optimized_structured_data":["<!-- Schema optimized by Schema Pro --><script type=\"application\/ld+json\">{\"@context\":\"https:\/\/schema.org\",\"@type\":\"NewsArticle\",\"mainEntityOfPage\":{\"@type\":\"WebPage\",\"@id\":\"https:\/\/mv-sport.de\/20-hella-marathon-nacht-rostock-am-6-august\/\"},\"headline\":\"20. hella marathon nacht rostock am 6. August\",\"image\":{\"@type\":\"ImageObject\",\"url\":\"https:\/\/mv-sport.de\/wp-content\/uploads\/2022\/06\/hella-marathon-nacht-rostock-2021_michael-strokosch.jpg\",\"width\":1024,\"height\":683},\"datePublished\":\"2022-06-24T11:37:46\",\"dateModified\":\"2022-06-24T11:41:12\",\"author\":{\"@type\":\"Person\",\"name\":\"MV-Sport.de\",\"url\":\"https:\/\/mv-sport.de\/author\/mv-sport-de\"},\"publisher\":{\"@type\":\"Organization\",\"name\":\"MV-Sport.de - Sportvereine &amp; Sportnachrichten Mecklenburg-Vorpommern\",\"logo\":{\"@type\":\"ImageObject\",\"url\":\"https:\/\/mv-sport.de\/wp-content\/uploads\/2017\/05\/logo-mv-sport-292x60.png\"}}}<\/script><!-- \/ Schema optimized by Schema Pro -->"],"__post_views_count":["764"],"astra_style_timestamp_css":["1757456844"],"_uag_css_file_name":["uag-css-115922.css"],"_uag_page_assets":["a:9:{s:3:\"css\";s:7010:\".uagb-block-88f5875d.wp-block-uagb-image--layout-default figure img{box-shadow: 0px 0px 0 #00000070;}.uagb-block-88f5875d.wp-block-uagb-image .wp-block-uagb-image__figure figcaption{font-style: normal;align-self: center;}.uagb-block-88f5875d.wp-block-uagb-image--layout-overlay figure img{box-shadow: 0px 0px 0 #00000070;}.uagb-block-88f5875d.wp-block-uagb-image--layout-overlay .wp-block-uagb-image--layout-overlay__color-wrapper{opacity: 0.2;}.uagb-block-88f5875d.wp-block-uagb-image--layout-overlay .wp-block-uagb-image--layout-overlay__inner{left: 15px;right: 15px;top: 15px;bottom: 15px;}.uagb-block-88f5875d.wp-block-uagb-image--layout-overlay .wp-block-uagb-image--layout-overlay__inner .uagb-image-heading{font-style: normal;color: #fff;opacity: 1;}.uagb-block-88f5875d.wp-block-uagb-image--layout-overlay .wp-block-uagb-image--layout-overlay__inner .uagb-image-heading a{color: #fff;}.uagb-block-88f5875d.wp-block-uagb-image--layout-overlay .wp-block-uagb-image--layout-overlay__inner .uagb-image-caption{opacity: 0;}.uagb-block-88f5875d.wp-block-uagb-image--layout-overlay .wp-block-uagb-image__figure:hover .wp-block-uagb-image--layout-overlay__color-wrapper{opacity: 1;}.uagb-block-88f5875d.wp-block-uagb-image .wp-block-uagb-image--layout-overlay__inner .uagb-image-separator{width: 30%;border-top-width: 2px;border-top-color: #fff;opacity: 0;}.uagb-block-88f5875d.wp-block-uagb-image .wp-block-uagb-image__figure img{width: 297px;height: auto;}.uagb-block-88f5875d.wp-block-uagb-image .wp-block-uagb-image__figure:hover .wp-block-uagb-image--layout-overlay__inner .uagb-image-caption{opacity: 1;}.uagb-block-88f5875d.wp-block-uagb-image .wp-block-uagb-image__figure:hover .wp-block-uagb-image--layout-overlay__inner .uagb-image-separator{opacity: 1;}.uagb-block-88f5875d.wp-block-uagb-image--layout-default figure:hover img{box-shadow: 0px 0px 0 #00000070;}.uagb-block-88f5875d.wp-block-uagb-image--layout-overlay figure:hover img{box-shadow: 0px 0px 0 #00000070;}@media only screen and (max-width: 976px) {.uagb-block-88f5875d.wp-block-uagb-image .wp-block-uagb-image__figure img{width: 297px;height: auto;}}@media only screen and (max-width: 767px) {.uagb-block-88f5875d.wp-block-uagb-image .wp-block-uagb-image__figure img{width: 297px;height: auto;}}.uagb-block-b6c54374.wp-block-uagb-image{margin-top: 0px;margin-right: 0px;margin-bottom: 0px;margin-left: 0px;}.uagb-block-b6c54374.wp-block-uagb-image--layout-default figure img{box-shadow: 0px 0px 0 #00000070;}.uagb-block-b6c54374.wp-block-uagb-image .wp-block-uagb-image__figure figcaption{font-style: normal;align-self: center;}.uagb-block-b6c54374.wp-block-uagb-image--layout-overlay figure img{box-shadow: 0px 0px 0 #00000070;}.uagb-block-b6c54374.wp-block-uagb-image--layout-overlay .wp-block-uagb-image--layout-overlay__color-wrapper{opacity: 0.2;}.uagb-block-b6c54374.wp-block-uagb-image--layout-overlay .wp-block-uagb-image--layout-overlay__inner{left: 15px;right: 15px;top: 15px;bottom: 15px;}.uagb-block-b6c54374.wp-block-uagb-image--layout-overlay .wp-block-uagb-image--layout-overlay__inner .uagb-image-heading{font-style: normal;color: #fff;opacity: 1;}.uagb-block-b6c54374.wp-block-uagb-image--layout-overlay .wp-block-uagb-image--layout-overlay__inner .uagb-image-heading a{color: #fff;}.uagb-block-b6c54374.wp-block-uagb-image--layout-overlay .wp-block-uagb-image--layout-overlay__inner .uagb-image-caption{opacity: 0;}.uagb-block-b6c54374.wp-block-uagb-image--layout-overlay .wp-block-uagb-image__figure:hover .wp-block-uagb-image--layout-overlay__color-wrapper{opacity: 1;}.uagb-block-b6c54374.wp-block-uagb-image .wp-block-uagb-image--layout-overlay__inner .uagb-image-separator{width: 30%;border-top-width: 2px;border-top-color: #fff;opacity: 0;}.uagb-block-b6c54374.wp-block-uagb-image .wp-block-uagb-image__figure img{width: px;height: auto;}.uagb-block-b6c54374.wp-block-uagb-image .wp-block-uagb-image__figure:hover .wp-block-uagb-image--layout-overlay__inner .uagb-image-caption{opacity: 1;}.uagb-block-b6c54374.wp-block-uagb-image .wp-block-uagb-image__figure:hover .wp-block-uagb-image--layout-overlay__inner .uagb-image-separator{opacity: 1;}.uagb-block-b6c54374.wp-block-uagb-image--layout-default figure:hover img{box-shadow: 0px 0px 0 #00000070;}.uagb-block-b6c54374.wp-block-uagb-image--layout-overlay figure:hover img{box-shadow: 0px 0px 0 #00000070;}@media only screen and (max-width: 976px) {.uagb-block-b6c54374.wp-block-uagb-image .wp-block-uagb-image__figure img{width: px;height: auto;}}@media only screen and (max-width: 767px) {.uagb-block-b6c54374.wp-block-uagb-image .wp-block-uagb-image__figure img{width: px;height: auto;}}.uagb-block-2bdcf70c.wp-block-uagb-image{margin-top: 0px;margin-right: 0px;margin-bottom: 0px;margin-left: 0px;}.uagb-block-2bdcf70c.wp-block-uagb-image--layout-default figure img{box-shadow: 0px 0px 0 #00000070;}.uagb-block-2bdcf70c.wp-block-uagb-image .wp-block-uagb-image__figure figcaption{font-style: normal;align-self: center;}.uagb-block-2bdcf70c.wp-block-uagb-image--layout-overlay figure img{box-shadow: 0px 0px 0 #00000070;}.uagb-block-2bdcf70c.wp-block-uagb-image--layout-overlay .wp-block-uagb-image--layout-overlay__color-wrapper{opacity: 0.2;}.uagb-block-2bdcf70c.wp-block-uagb-image--layout-overlay .wp-block-uagb-image--layout-overlay__inner{left: 15px;right: 15px;top: 15px;bottom: 15px;}.uagb-block-2bdcf70c.wp-block-uagb-image--layout-overlay .wp-block-uagb-image--layout-overlay__inner .uagb-image-heading{font-style: normal;color: #fff;opacity: 1;}.uagb-block-2bdcf70c.wp-block-uagb-image--layout-overlay .wp-block-uagb-image--layout-overlay__inner .uagb-image-heading a{color: #fff;}.uagb-block-2bdcf70c.wp-block-uagb-image--layout-overlay .wp-block-uagb-image--layout-overlay__inner .uagb-image-caption{opacity: 0;}.uagb-block-2bdcf70c.wp-block-uagb-image--layout-overlay .wp-block-uagb-image__figure:hover .wp-block-uagb-image--layout-overlay__color-wrapper{opacity: 1;}.uagb-block-2bdcf70c.wp-block-uagb-image .wp-block-uagb-image--layout-overlay__inner .uagb-image-separator{width: 30%;border-top-width: 2px;border-top-color: #fff;opacity: 0;}.uagb-block-2bdcf70c.wp-block-uagb-image .wp-block-uagb-image__figure img{width: px;height: auto;}.uagb-block-2bdcf70c.wp-block-uagb-image .wp-block-uagb-image__figure:hover .wp-block-uagb-image--layout-overlay__inner .uagb-image-caption{opacity: 1;}.uagb-block-2bdcf70c.wp-block-uagb-image .wp-block-uagb-image__figure:hover .wp-block-uagb-image--layout-overlay__inner .uagb-image-separator{opacity: 1;}.uagb-block-2bdcf70c.wp-block-uagb-image--layout-default figure:hover img{box-shadow: 0px 0px 0 #00000070;}.uagb-block-2bdcf70c.wp-block-uagb-image--layout-overlay figure:hover img{box-shadow: 0px 0px 0 #00000070;}@media only screen and (max-width: 976px) {.uagb-block-2bdcf70c.wp-block-uagb-image .wp-block-uagb-image__figure img{width: px;height: auto;}}@media only screen and (max-width: 767px) {.uagb-block-2bdcf70c.wp-block-uagb-image .wp-block-uagb-image__figure img{width: px;height: auto;}}\";s:2:\"js\";s:0:\"\";s:18:\"current_block_list\";a:28:{i:0;s:10:\"core\/group\";i:2;s:24:\"core\/post-featured-image\";i:3;s:15:\"core\/post-title\";i:5;s:14:\"core\/post-date\";i:6;s:16:\"core\/post-author\";i:7;s:15:\"core\/post-terms\";i:8;s:17:\"core\/post-content\";i:9;s:14:\"core\/separator\";i:10;s:13:\"core\/comments\";i:11;s:19:\"core\/comments-title\";i:12;s:21:\"core\/comment-template\";i:15;s:11:\"core\/avatar\";i:16;s:24:\"core\/comment-author-name\";i:17;s:17:\"core\/comment-date\";i:18;s:20:\"core\/comment-content\";i:19;s:23:\"core\/comment-reply-link\";i:20;s:24:\"core\/comments-pagination\";i:21;s:33:\"core\/comments-pagination-previous\";i:22;s:32:\"core\/comments-pagination-numbers\";i:23;s:29:\"core\/comments-pagination-next\";i:24;s:23:\"core\/post-comments-form\";i:25;s:14:\"core\/tag-cloud\";i:26;s:12:\"core\/heading\";i:27;s:14:\"core\/paragraph\";i:28;s:12:\"core\/buttons\";i:29;s:11:\"core\/button\";i:30;s:10:\"uagb\/image\";i:31;s:10:\"core\/image\";}s:8:\"uag_flag\";b:1;s:11:\"uag_version\";s:10:\"1777464555\";s:6:\"gfonts\";a:0:{}s:10:\"gfonts_url\";s:0:\"\";s:12:\"gfonts_files\";a:0:{}s:14:\"uag_faq_layout\";b:0;}"]},"uagb_featured_image_src":{"full":["https:\/\/mv-sport.de\/c\/wp-content\/uploads\/2022\/06\/hella-marathon-nacht-rostock-2021_michael-strokosch.jpg",1024,683,false],"thumbnail":["https:\/\/mv-sport.de\/c\/wp-content\/uploads\/2022\/06\/hella-marathon-nacht-rostock-2021_michael-strokosch-150x150.jpg",150,150,true],"medium":["https:\/\/mv-sport.de\/c\/wp-content\/uploads\/2022\/06\/hella-marathon-nacht-rostock-2021_michael-strokosch-600x600.jpg",350,350,true],"medium_large":["https:\/\/mv-sport.de\/c\/wp-content\/uploads\/2022\/06\/hella-marathon-nacht-rostock-2021_michael-strokosch.jpg",768,512,false],"large":["https:\/\/mv-sport.de\/c\/wp-content\/uploads\/2022\/06\/hella-marathon-nacht-rostock-2021_michael-strokosch.jpg",1024,683,false],"1536x1536":["https:\/\/mv-sport.de\/c\/wp-content\/uploads\/2022\/06\/hella-marathon-nacht-rostock-2021_michael-strokosch.jpg",1024,683,false],"2048x2048":["https:\/\/mv-sport.de\/c\/wp-content\/uploads\/2022\/06\/hella-marathon-nacht-rostock-2021_michael-strokosch.jpg",1024,683,false],"ultp_layout_landscape_large":["https:\/\/mv-sport.de\/c\/wp-content\/uploads\/2022\/06\/hella-marathon-nacht-rostock-2021_michael-strokosch.jpg",1024,683,false],"ultp_layout_landscape":["https:\/\/mv-sport.de\/c\/wp-content\/uploads\/2022\/06\/hella-marathon-nacht-rostock-2021_michael-strokosch.jpg",855,570,false],"ultp_layout_portrait":["https:\/\/mv-sport.de\/c\/wp-content\/uploads\/2022\/06\/hella-marathon-nacht-rostock-2021_michael-strokosch.jpg",600,400,false],"ultp_layout_square":["https:\/\/mv-sport.de\/c\/wp-content\/uploads\/2022\/06\/hella-marathon-nacht-rostock-2021_michael-strokosch.jpg",600,400,false]},"uagb_author_info":{"display_name":"MV-Sport.de","author_link":"https:\/\/mv-sport.de\/c\/author\/mv-sport-de\/"},"uagb_comment_info":0,"uagb_excerpt":"Es ist hei\u00df, doch wer bei der Jubil\u00e4umsausgabe der hella marathon nacht rostock am 6. August an den Start gehen m\u00f6chte, muss auch bei etwas w\u00e4rmeren Temperaturen etwas machen. Starterinnen und Starter, die die Rostocker Veranstaltung kennen, wissen das. Sie sind wettererprobt \u2013 egal, ob es hei\u00df, k\u00fchl oder nass ist. Zum 20. Mal findet&hellip;","_links":{"self":[{"href":"https:\/\/mv-sport.de\/c\/wp-json\/wp\/v2\/posts\/115922","targetHints":{"allow":["GET"]}}],"collection":[{"href":"https:\/\/mv-sport.de\/c\/wp-json\/wp\/v2\/posts"}],"about":[{"href":"https:\/\/mv-sport.de\/c\/wp-json\/wp\/v2\/types\/post"}],"author":[{"embeddable":true,"href":"https:\/\/mv-sport.de\/c\/wp-json\/wp\/v2\/users\/2"}],"replies":[{"embeddable":true,"href":"https:\/\/mv-sport.de\/c\/wp-json\/wp\/v2\/comments?post=115922"}],"version-history":[{"count":0,"href":"https:\/\/mv-sport.de\/c\/wp-json\/wp\/v2\/posts\/115922\/revisions"}],"wp:featuredmedia":[{"embeddable":true,"href":"https:\/\/mv-sport.de\/c\/wp-json\/wp\/v2\/media\/115924"}],"wp:attachment":[{"href":"https:\/\/mv-sport.de\/c\/wp-json\/wp\/v2\/media?parent=115922"}],"wp:term":[{"taxonomy":"category","embeddable":true,"href":"https:\/\/mv-sport.de\/c\/wp-json\/wp\/v2\/categories?post=115922"},{"taxonomy":"post_tag","embeddable":true,"href":"https:\/\/mv-sport.de\/c\/wp-json\/wp\/v2\/tags?post=115922"},{"taxonomy":"ort","embeddable":true,"href":"https:\/\/mv-sport.de\/c\/wp-json\/wp\/v2\/ort?post=115922"}],"curies":[{"name":"wp","href":"https:\/\/api.w.org\/{rel}","templated":true}]}}