{"id":116288,"date":"2022-06-27T13:20:47","date_gmt":"2022-06-27T11:20:47","guid":{"rendered":"https:\/\/mv-sport.de\/?p=116288"},"modified":"2022-06-27T13:20:47","modified_gmt":"2022-06-27T11:20:47","slug":"1-sommerlauf-waren-mueritz-wird-seinem-namen-gerecht","status":"publish","type":"post","link":"https:\/\/mv-sport.de\/c\/1-sommerlauf-waren-mueritz-wird-seinem-namen-gerecht\/","title":{"rendered":"1. Sommerlauf Waren (M\u00fcritz) wird seinem  Namen gerecht"},"content":{"rendered":"<p><strong>Auf seiner sechsten Station gab es im Laufcup von Mecklenburg-Vorpommern am 25. Juni mit dem 1. Sommerlauf in Waren an der M\u00fcritz erstmals eine vom SV Waren 09 e.V. organisierte Laufcup-Veranstaltung.<\/strong><\/p>\n<p>Es wurden 4 verschiedenen Strecken f\u00fcr die L\u00e4uferinnen und L\u00e4ufer angeboten, dazu kam noch eine Walking-Runde. F\u00fcr den Nachwuchs gab es einen 2 Kilometer-Kurs. F\u00fcr die verschiedenen Altersklassenwertungen im Cup ging es \u00fcber 5, 10 und 15 Kilometer. Am Ende des Tages konnten sich die Organisatoren bei ihrer Laufveranstaltungspremiere \u00fcber 235 Finisher freuen.<\/p>\n<figure id=\"attachment_116291\" aria-describedby=\"caption-attachment-116291\" style=\"width: 1024px\" class=\"wp-caption alignnone\"><img loading=\"lazy\" decoding=\"async\" class=\"wp-image-116291 size-full\" src=\"https:\/\/mv-sport.de\/wp-content\/uploads\/2022\/06\/1-sommerlauf-waren-team-schwerin_c_laufgruppe-schwerin.jpg\" alt=\"\" width=\"1024\" height=\"768\" \/><figcaption id=\"caption-attachment-116291\" class=\"wp-caption-text\">Vorne (v.l.n.r.): Thomas Meyer, Claudia Buchholz, Christian Briesen und Frank Tschersich. Hinten (v.l.n.r.): Harald Tschersich, J\u00fcrgen Raupach, Lothar Gajek, Frank F\u00e4hnrich und Reinhard Czirpka.<span style=\"color: #999999;\"> (Foto: Laufgruppe Schwerin)<\/span><\/figcaption><\/figure>\n<p>Diese Laufcup-Premiere wollten sich trotz sengender Hitze eine L\u00e4uferin und 5 L\u00e4ufer der F\u00fcnf-Seen-Laufgruppe, sowie 4 L\u00e4ufer der Laufgruppe Schwerin aus der Landeshauptstadt nicht entgehen lassen. Da f\u00fcr die meisten Altersklassen die 15 Kilometer im Cup ausgeschrieben waren, gingen hier auch mit 83 Teilnehmern die meisten L\u00e4uferinnen und L\u00e4ufer ins Rennen. Die sportliche Konkurrenz und anspruchsvolle Strecke waren das eine, die hochsommerlichen Temperaturen das andere. Angepeilte Zielzeiten wurden schnell nach hinten korrigiert und es z\u00e4hlte bei vielen nur noch die Platzierung. Am meisten piesackte die Hitze das L\u00e4uferfeld auf der l\u00e4ngsten Laufstrecke, trotzdem warteten die Landeshauptst\u00e4dter mit sehr guten Leistungen auf.<\/p>\n<p>Claudia Buchholz von der F\u00fcnf-Seen-LG erreicht durch 1h34:07 den dritten Platz ihrer W50. In den mit je 10 Teilnehmern stark besetzten Altersklassen M55 und M65 konnten sich die Schweriner L\u00e4ufer \u00fcber Podestpl\u00e4tze freuen. Lothar Gajek beendet nach 1h18:33 als Sieger seiner Altersklasse M65 den Lauf. Harald Tschersich l\u00e4uft nach 1h20:13 durchs Ziel und macht in dieser Altersklasse den Doppelsieg f\u00fcr die Laufgruppe Schwerin fest. In der gleichen Altersklasse wird Udo Hanold von der F\u00fcnf-Seen-LG mit 1h43:16 Zehnter. Christian Briesen von der Laufgruppe Schwerin wird mit 1h16:58 Dritter seiner M55. In der gleichen Altersklasse finisht Thomas Meyer von der F\u00fcnf-Seen-LG als Zehnter in 1h43:28. Frank F\u00e4hnrich von der F\u00fcnf-Seen-LG beendet nach 1h33:31 auf dem 4.Platz seiner M60 den Lauf. F\u00fcr Frank Tschersich von der Laufgruppe Schwerin bleibt die Uhr bei 1h17:32 stehen und erreicht damit den 6.Platz seiner M35.<\/p>\n<p>F\u00fcr die beiden \u00e4ltesten Schweriner L\u00e4ufer Reinhard Czirpka und J\u00fcrgen Raupach (beide F\u00fcnf-Seen-LG) wurden die Cuppunkte \u00fcber 5 Kilometer vergeben. Hier waren insgesamt 64 Sportler unterwegs. Auf der Pendelstrecke l\u00e4uft Schwerins Laufurgestein J\u00fcrgen Raupach in seiner Altersklasse M80 mit 27:17 Minuten zum Sieg. In der starken Altersklasse M70 l\u00e4uft Reinhard Czirpka in 26:27 Minuten als Vierter \u00fcber die Ziellinie. Au\u00dferhalb der Cupwertung gewinnt Petra Klinner mit 1h00:51 \u00fcber 10 Kilometer die Wertung ihrer W60.<\/p>\n<p>Vor einer zweimonatigen Laufcup-Sommerpause steht am 10.Juli mit dem 39. Karl-Krull-Gedenklauf in Steinhagen noch ein Wertungslauf an.<\/p>\n<h3>Schweriner Ergebnisse:<\/h3>\n<p><strong>15 Kilometer<\/strong><br \/>\nClaudia Buchholz (F\u00fcnf-Seen-LG Schwerin) 1h34:07 3.Platz W50<br \/>\nFrank Tschersich (Laufgruppe Schwerin) 1h17:32 6.Platz M35<br \/>\nChristian Briesen (Laufgruppe Schwerin) 1h16:58 3.Platz M55<br \/>\nThomas Meyer (F\u00fcnf-Seen-LG Schwerin) 1h43:28 10.Platz M55<br \/>\nFrank F\u00e4hnrich (F\u00fcnf-Seen-LG Schwerin) 1h33:31 4.Platz M60<br \/>\nLothar Gajek (Laufgruppe Schwerin) 1h18:33 1.Platz M65<br \/>\nHarald Tschersich (Laufgruppe Schwerin) 1h20:13 2.Platz M65<br \/>\nUdo Hanold (F\u00fcnf-Seen-LG Schwerin) 1h43:16 10.Platz M65<\/p>\n<p><strong>5 Kilometer<\/strong><br \/>\nReinhard Czirpka (F\u00fcnf-Seen-LG Schwerin) 26:27 min 4.Platz M70<br \/>\nJ\u00fcrgen Raupach (F\u00fcnf-Seen-LG Schwerin) 27:17 min 1.Platz M80<\/p>\n<p><strong>10 Kilometer<\/strong><br \/>\nPetra Klinner (vereinslos) 1h00:51 1.Platz W60<\/p>\n<p><span style=\"color: #999999;\"><em>Text: Lothar Gajek<\/em><\/span><\/p>\n","protected":false},"excerpt":{"rendered":"<p>Auf seiner sechsten Station gab es im Laufcup von Mecklenburg-Vorpommern am 25. Juni mit dem 1. Sommerlauf in Waren an der M\u00fcritz erstmals eine vom SV Waren 09 e.V. organisierte Laufcup-Veranstaltung. Es wurden 4 verschiedenen Strecken f\u00fcr die L\u00e4uferinnen und L\u00e4ufer angeboten, dazu kam noch eine Walking-Runde. F\u00fcr den Nachwuchs gab es einen 2 Kilometer-Kurs. [&hellip;]<\/p>\n","protected":false},"author":2,"featured_media":116291,"comment_status":"open","ping_status":"open","sticky":false,"template":"","format":"standard","meta":{"_seopress_robots_primary_cat":"none","_seopress_titles_title":"Schweriner L\u00e4ufer bei 1. Sommerlauf Waren am Start","_seopress_titles_desc":"Gelungene Laufveranstaltungspremiere in Waren an der M\u00fcritz: Organisatoren freuen trotz hochsommerlicher Temperaturen \u00fcber 235 Finisher. 5 L\u00e4ufer der F\u00fcnf-Seen-Laufgruppe, sowie 4 L\u00e4ufer der Laufgruppe Schwerin warteten mit sehr guten Leistungen auf.","_seopress_robots_index":"","_relevanssi_hide_post":"","_relevanssi_hide_content":"","_relevanssi_pin_for_all":"","_relevanssi_pin_keywords":"","_relevanssi_unpin_keywords":"","_relevanssi_related_keywords":"","_relevanssi_related_include_ids":"","_relevanssi_related_exclude_ids":"","_relevanssi_related_no_append":"","_relevanssi_related_not_related":"","_relevanssi_related_posts":"","_relevanssi_noindex_reason":"","_uag_custom_page_level_css":"","footnotes":""},"categories":[47],"tags":[],"ort":[],"class_list":{"0":"post-116288","1":"post","2":"type-post","3":"status-publish","4":"format-standard","5":"has-post-thumbnail","7":"category-laufsport"},"featured_image_urls":{"medium":"https:\/\/mv-sport.de\/c\/wp-content\/uploads\/2022\/06\/1-sommerlauf-waren-team-schwerin_c_laufgruppe-schwerin-600x600.jpg","medium_large":"https:\/\/mv-sport.de\/c\/wp-content\/uploads\/2022\/06\/1-sommerlauf-waren-team-schwerin_c_laufgruppe-schwerin.jpg","large":"https:\/\/mv-sport.de\/c\/wp-content\/uploads\/2022\/06\/1-sommerlauf-waren-team-schwerin_c_laufgruppe-schwerin.jpg","full":"https:\/\/mv-sport.de\/c\/wp-content\/uploads\/2022\/06\/1-sommerlauf-waren-team-schwerin_c_laufgruppe-schwerin.jpg","alt":"","caption":"(v.l.n.r.): Thomas Meyer, Claudia Buchholz, Christian Briesen und Frank Tschersich. Hinten (v.l.n.r.): Harald Tschersich, J\u00fcrgen Raupach, Lothar Gajek, Frank F\u00e4hnrich und Reinhard Czirpka. (Foto: Laufgruppe Schwerin)"},"spectra_custom_meta":{"uab_option":["yes"],"uab_meta_position":["default"],"_extra_rating_average":["0"],"_seopress_analysis_data":["a:21:{s:5:\"title\";s:51:\"Schweriner L\u00e4ufer bei 1. Sommerlauf Waren am Start\";s:12:\"link_preview\";s:101:\"https:\/\/mv-sport.de\/1-sommerlauf-waren-mueritz-wird-seinem-namen-gerecht\/?no_admin_bar=1&preview=true\";s:9:\"meta_desc\";s:255:\"Gelungene Laufveranstaltungspremiere in Waren an der M\u00fcritz: Organisatoren freuen trotz hochsommerlicher Temperaturen \u00fcber 235 Finisher. 5 L\u00e4ufer der F\u00fcnf-Seen-Laufgruppe, sowie 4 L\u00e4ufer der Laufgruppe Schwerin warteten mit sehr guten Leistungen auf.\";s:8:\"og_title\";a:2:{s:5:\"count\";i:1;s:6:\"values\";a:1:{i:0;s:51:\"Schweriner L\u00e4ufer bei 1. Sommerlauf Waren am Start\";}}s:7:\"og_desc\";a:2:{s:5:\"count\";i:1;s:6:\"values\";a:1:{i:0;s:255:\"Gelungene Laufveranstaltungspremiere in Waren an der M\u00fcritz: Organisatoren freuen trotz hochsommerlicher Temperaturen \u00fcber 235 Finisher. 5 L\u00e4ufer der F\u00fcnf-Seen-Laufgruppe, sowie 4 L\u00e4ufer der Laufgruppe Schwerin warteten mit sehr guten Leistungen auf.\";}}s:6:\"og_img\";a:2:{s:5:\"count\";i:1;s:6:\"values\";a:1:{i:0;s:105:\"https:\/\/mv-sport.de\/wp-content\/uploads\/2022\/06\/1-sommerlauf-waren-team-schwerin_c_laufgruppe-schwerin.jpg\";}}s:6:\"og_url\";a:3:{s:5:\"count\";i:1;s:6:\"values\";a:1:{i:0;s:72:\"https:\/\/mv-sport.de\/1-sommerlauf-waren-mueritz-wird-seinem-namen-gerecht\";}s:4:\"host\";s:11:\"mv-sport.de\";}s:12:\"og_site_name\";a:2:{s:5:\"count\";i:1;s:6:\"values\";a:1:{i:0;s:72:\"MV-Sport.de - Sportvereine &amp; Sportnachrichten Mecklenburg-Vorpommern\";}}s:8:\"tw_title\";a:2:{s:5:\"count\";i:1;s:6:\"values\";a:1:{i:0;s:51:\"Schweriner L\u00e4ufer bei 1. Sommerlauf Waren am Start\";}}s:7:\"tw_desc\";a:2:{s:5:\"count\";i:1;s:6:\"values\";a:1:{i:0;s:255:\"Gelungene Laufveranstaltungspremiere in Waren an der M\u00fcritz: Organisatoren freuen trotz hochsommerlicher Temperaturen \u00fcber 235 Finisher. 5 L\u00e4ufer der F\u00fcnf-Seen-Laufgruppe, sowie 4 L\u00e4ufer der Laufgruppe Schwerin warteten mit sehr guten Leistungen auf.\";}}s:6:\"tw_img\";a:2:{s:5:\"count\";i:1;s:6:\"values\";a:1:{i:0;s:105:\"https:\/\/mv-sport.de\/wp-content\/uploads\/2022\/06\/1-sommerlauf-waren-team-schwerin_c_laufgruppe-schwerin.jpg\";}}s:9:\"canonical\";s:73:\"https:\/\/mv-sport.de\/1-sommerlauf-waren-mueritz-wird-seinem-namen-gerecht\/\";s:13:\"all_canonical\";a:1:{i:0;s:73:\"https:\/\/mv-sport.de\/1-sommerlauf-waren-mueritz-wird-seinem-namen-gerecht\/\";}s:2:\"h1\";a:1:{s:9:\"nomatches\";a:1:{s:5:\"count\";i:1;}}s:3:\"img\";a:1:{s:6:\"images\";a:2:{s:11:\"without_alt\";a:6:{i:0;s:105:\"https:\/\/mv-sport.de\/wp-content\/uploads\/2022\/06\/1-sommerlauf-waren-team-schwerin_c_laufgruppe-schwerin.jpg\";i:1;s:68:\"https:\/\/mv-sport.de\/wp-content\/uploads\/2017\/06\/logo_autor_profil.png\";i:2;s:89:\"https:\/\/mv-sport.de\/wp-content\/sabai\/File\/thumbnails\/0dafa5215ec89cebb113775122357c59.jpg\";i:3;s:89:\"https:\/\/mv-sport.de\/wp-content\/sabai\/File\/thumbnails\/b84e5a34fb8d79361a0a1a0c6f52c36f.jpg\";i:4;s:89:\"https:\/\/mv-sport.de\/wp-content\/sabai\/File\/thumbnails\/72fffb6d47c786bcf437aa6d20337180.jpg\";i:5;s:61:\"https:\/\/mv-sport.de\/wp-content\/uploads\/2017\/05\/140x70px-3.gif\";}s:8:\"with_alt\";a:1:{i:0;s:46:\"https:\/\/c.ad-mv.de\/matomo.php?idsite=162&rec=1\";}}}s:11:\"meta_robots\";a:1:{i:0;a:1:{i:0;s:13:\"index, follow\";}}s:14:\"outbound_links\";a:8:{i:0;a:1:{s:34:\"https:\/\/www.facebook.com\/MVSportde\";s:0:\"\";}i:1;a:1:{s:37:\"https:\/\/www.instagram.com\/mv_sport.de\";s:0:\"\";}i:3;a:1:{s:28:\"http:\/\/www.elegantthemes.com\";s:14:\"Elegant Themes\";}i:4;a:1:{s:24:\"http:\/\/www.wordpress.org\";s:9:\"WordPress\";}i:5;a:1:{s:20:\"http:\/\/www.web-mv.de\";s:9:\"web-mv.de\";}i:6;a:1:{s:33:\"http:\/\/www.webdesign-schwerin.net\";s:0:\"\";}i:7;a:1:{s:34:\"https:\/\/www.facebook.com\/MVSportde\";s:13:\"\n    Like us!\";}i:8;a:1:{s:37:\"https:\/\/www.instagram.com\/mv_sport.de\";s:15:\"\n    Follow us!\";}}s:13:\"words_counter\";i:512;s:20:\"words_counter_unique\";i:219;s:4:\"json\";a:1:{i:0;s:14:\"BreadcrumbList\";}s:5:\"score\";b:0;}"],"_edit_lock":["1656328854:2"],"_edit_last":["2"],"_thumbnail_id":["116291"],"xyz_fbap_future_to_publish":["a:3:{s:18:\"post_fb_permission\";i:1;s:18:\"xyz_fbap_po_method\";s:1:\"2\";s:16:\"xyz_fbap_message\";s:32:\"{POST_TITLE}\r\n{POST_EXCERPT} ...\";}"],"_seopress_pro_schemas_manual":["a:1:{i:0;a:1:{s:32:\"_seopress_pro_rich_snippets_type\";s:4:\"none\";}}"],"_seopress_titles_title":["Schweriner L\u00e4ufer bei 1. Sommerlauf Waren am Start"],"_seopress_titles_desc":["Gelungene Laufveranstaltungspremiere in Waren an der M\u00fcritz: Organisatoren freuen trotz hochsommerlicher Temperaturen \u00fcber 235 Finisher. 5 L\u00e4ufer der F\u00fcnf-Seen-Laufgruppe, sowie 4 L\u00e4ufer der Laufgruppe Schwerin warteten mit sehr guten Leistungen auf."],"_seopress_robots_canonical":[""],"_seopress_robots_primary_cat":["none"],"_seopress_robots_breadcrumbs":[""],"_seopress_social_fb_title":[""],"_seopress_social_fb_desc":[""],"_seopress_social_fb_img":[""],"_seopress_social_fb_img_attachment_id":[""],"_seopress_social_fb_img_width":[""],"_seopress_social_fb_img_height":[""],"_seopress_social_twitter_title":[""],"_seopress_social_twitter_desc":[""],"_seopress_social_twitter_img":[""],"_seopress_social_twitter_img_attachment_id":[""],"_seopress_social_twitter_img_width":[""],"_seopress_social_twitter_img_height":[""],"_seopress_redirections_type":["301"],"_seopress_redirections_value":[""],"_seopress_redirections_logged_status":["both"],"_post_review_box_title":["Rezension"],"_post_review_box_summary":[""],"_post_review_box_summary_title":["Zusammenfassung"],"_post_review_box_breakdowns_score":["0"],"_post_review_box_breakdowns_count":["1"],"_post_review_box_breakdowns":["a:1:{i:0;a:2:{s:5:\"title\";s:0:\"\";s:6:\"rating\";i:0;}}"],"_extra_sidebar_location":[""],"_extra_sidebar":[""],"post_views_count":["82"],"xyz_fbap":["1"],"xyz_fbap_insert_og":["1"],"_seopress_analysis_target_kw":[""],"wp_schema_pro_optimized_structured_data":["<!-- Schema optimized by Schema Pro --><script type=\"application\/ld+json\">{\"@context\":\"https:\/\/schema.org\",\"@type\":\"NewsArticle\",\"mainEntityOfPage\":{\"@type\":\"WebPage\",\"@id\":\"https:\/\/mv-sport.de\/1-sommerlauf-waren-mueritz-wird-seinem-namen-gerecht\/\"},\"headline\":\"1. Sommerlauf Waren (M\u00fcritz) wird seinem  Namen gerecht\",\"image\":{\"@type\":\"ImageObject\",\"url\":\"https:\/\/mv-sport.de\/wp-content\/uploads\/2022\/06\/1-sommerlauf-waren-team-schwerin_c_laufgruppe-schwerin.jpg\",\"width\":1024,\"height\":768},\"datePublished\":\"2022-06-27T13:20:47\",\"dateModified\":\"2022-06-27T13:20:47\",\"author\":{\"@type\":\"Person\",\"name\":\"MV-Sport.de\",\"url\":\"https:\/\/mv-sport.de\/author\/mv-sport-de\"},\"publisher\":{\"@type\":\"Organization\",\"name\":\"MV-Sport.de - Sportvereine &amp; Sportnachrichten Mecklenburg-Vorpommern\",\"logo\":{\"@type\":\"ImageObject\",\"url\":\"https:\/\/mv-sport.de\/wp-content\/uploads\/2017\/05\/logo-mv-sport-292x60.png\"}}}<\/script><!-- \/ Schema optimized by Schema Pro -->"],"__post_views_count":["605"],"astra_style_timestamp_css":["1757504802"],"_uag_css_file_name":["uag-css-116288.css"],"_uag_page_assets":["a:9:{s:3:\"css\";s:7010:\".uagb-block-88f5875d.wp-block-uagb-image--layout-default figure img{box-shadow: 0px 0px 0 #00000070;}.uagb-block-88f5875d.wp-block-uagb-image .wp-block-uagb-image__figure figcaption{font-style: normal;align-self: center;}.uagb-block-88f5875d.wp-block-uagb-image--layout-overlay figure img{box-shadow: 0px 0px 0 #00000070;}.uagb-block-88f5875d.wp-block-uagb-image--layout-overlay .wp-block-uagb-image--layout-overlay__color-wrapper{opacity: 0.2;}.uagb-block-88f5875d.wp-block-uagb-image--layout-overlay .wp-block-uagb-image--layout-overlay__inner{left: 15px;right: 15px;top: 15px;bottom: 15px;}.uagb-block-88f5875d.wp-block-uagb-image--layout-overlay .wp-block-uagb-image--layout-overlay__inner .uagb-image-heading{font-style: normal;color: #fff;opacity: 1;}.uagb-block-88f5875d.wp-block-uagb-image--layout-overlay .wp-block-uagb-image--layout-overlay__inner .uagb-image-heading a{color: #fff;}.uagb-block-88f5875d.wp-block-uagb-image--layout-overlay .wp-block-uagb-image--layout-overlay__inner .uagb-image-caption{opacity: 0;}.uagb-block-88f5875d.wp-block-uagb-image--layout-overlay .wp-block-uagb-image__figure:hover .wp-block-uagb-image--layout-overlay__color-wrapper{opacity: 1;}.uagb-block-88f5875d.wp-block-uagb-image .wp-block-uagb-image--layout-overlay__inner .uagb-image-separator{width: 30%;border-top-width: 2px;border-top-color: #fff;opacity: 0;}.uagb-block-88f5875d.wp-block-uagb-image .wp-block-uagb-image__figure img{width: 297px;height: auto;}.uagb-block-88f5875d.wp-block-uagb-image .wp-block-uagb-image__figure:hover .wp-block-uagb-image--layout-overlay__inner .uagb-image-caption{opacity: 1;}.uagb-block-88f5875d.wp-block-uagb-image .wp-block-uagb-image__figure:hover .wp-block-uagb-image--layout-overlay__inner .uagb-image-separator{opacity: 1;}.uagb-block-88f5875d.wp-block-uagb-image--layout-default figure:hover img{box-shadow: 0px 0px 0 #00000070;}.uagb-block-88f5875d.wp-block-uagb-image--layout-overlay figure:hover img{box-shadow: 0px 0px 0 #00000070;}@media only screen and (max-width: 976px) {.uagb-block-88f5875d.wp-block-uagb-image .wp-block-uagb-image__figure img{width: 297px;height: auto;}}@media only screen and (max-width: 767px) {.uagb-block-88f5875d.wp-block-uagb-image .wp-block-uagb-image__figure img{width: 297px;height: auto;}}.uagb-block-b6c54374.wp-block-uagb-image{margin-top: 0px;margin-right: 0px;margin-bottom: 0px;margin-left: 0px;}.uagb-block-b6c54374.wp-block-uagb-image--layout-default figure img{box-shadow: 0px 0px 0 #00000070;}.uagb-block-b6c54374.wp-block-uagb-image .wp-block-uagb-image__figure figcaption{font-style: normal;align-self: center;}.uagb-block-b6c54374.wp-block-uagb-image--layout-overlay figure img{box-shadow: 0px 0px 0 #00000070;}.uagb-block-b6c54374.wp-block-uagb-image--layout-overlay .wp-block-uagb-image--layout-overlay__color-wrapper{opacity: 0.2;}.uagb-block-b6c54374.wp-block-uagb-image--layout-overlay .wp-block-uagb-image--layout-overlay__inner{left: 15px;right: 15px;top: 15px;bottom: 15px;}.uagb-block-b6c54374.wp-block-uagb-image--layout-overlay .wp-block-uagb-image--layout-overlay__inner .uagb-image-heading{font-style: normal;color: #fff;opacity: 1;}.uagb-block-b6c54374.wp-block-uagb-image--layout-overlay .wp-block-uagb-image--layout-overlay__inner .uagb-image-heading a{color: #fff;}.uagb-block-b6c54374.wp-block-uagb-image--layout-overlay .wp-block-uagb-image--layout-overlay__inner .uagb-image-caption{opacity: 0;}.uagb-block-b6c54374.wp-block-uagb-image--layout-overlay .wp-block-uagb-image__figure:hover .wp-block-uagb-image--layout-overlay__color-wrapper{opacity: 1;}.uagb-block-b6c54374.wp-block-uagb-image .wp-block-uagb-image--layout-overlay__inner .uagb-image-separator{width: 30%;border-top-width: 2px;border-top-color: #fff;opacity: 0;}.uagb-block-b6c54374.wp-block-uagb-image .wp-block-uagb-image__figure img{width: px;height: auto;}.uagb-block-b6c54374.wp-block-uagb-image .wp-block-uagb-image__figure:hover .wp-block-uagb-image--layout-overlay__inner .uagb-image-caption{opacity: 1;}.uagb-block-b6c54374.wp-block-uagb-image .wp-block-uagb-image__figure:hover .wp-block-uagb-image--layout-overlay__inner .uagb-image-separator{opacity: 1;}.uagb-block-b6c54374.wp-block-uagb-image--layout-default figure:hover img{box-shadow: 0px 0px 0 #00000070;}.uagb-block-b6c54374.wp-block-uagb-image--layout-overlay figure:hover img{box-shadow: 0px 0px 0 #00000070;}@media only screen and (max-width: 976px) {.uagb-block-b6c54374.wp-block-uagb-image .wp-block-uagb-image__figure img{width: px;height: auto;}}@media only screen and (max-width: 767px) {.uagb-block-b6c54374.wp-block-uagb-image .wp-block-uagb-image__figure img{width: px;height: auto;}}.uagb-block-2bdcf70c.wp-block-uagb-image{margin-top: 0px;margin-right: 0px;margin-bottom: 0px;margin-left: 0px;}.uagb-block-2bdcf70c.wp-block-uagb-image--layout-default figure img{box-shadow: 0px 0px 0 #00000070;}.uagb-block-2bdcf70c.wp-block-uagb-image .wp-block-uagb-image__figure figcaption{font-style: normal;align-self: center;}.uagb-block-2bdcf70c.wp-block-uagb-image--layout-overlay figure img{box-shadow: 0px 0px 0 #00000070;}.uagb-block-2bdcf70c.wp-block-uagb-image--layout-overlay .wp-block-uagb-image--layout-overlay__color-wrapper{opacity: 0.2;}.uagb-block-2bdcf70c.wp-block-uagb-image--layout-overlay .wp-block-uagb-image--layout-overlay__inner{left: 15px;right: 15px;top: 15px;bottom: 15px;}.uagb-block-2bdcf70c.wp-block-uagb-image--layout-overlay .wp-block-uagb-image--layout-overlay__inner .uagb-image-heading{font-style: normal;color: #fff;opacity: 1;}.uagb-block-2bdcf70c.wp-block-uagb-image--layout-overlay .wp-block-uagb-image--layout-overlay__inner .uagb-image-heading a{color: #fff;}.uagb-block-2bdcf70c.wp-block-uagb-image--layout-overlay .wp-block-uagb-image--layout-overlay__inner .uagb-image-caption{opacity: 0;}.uagb-block-2bdcf70c.wp-block-uagb-image--layout-overlay .wp-block-uagb-image__figure:hover .wp-block-uagb-image--layout-overlay__color-wrapper{opacity: 1;}.uagb-block-2bdcf70c.wp-block-uagb-image .wp-block-uagb-image--layout-overlay__inner .uagb-image-separator{width: 30%;border-top-width: 2px;border-top-color: #fff;opacity: 0;}.uagb-block-2bdcf70c.wp-block-uagb-image .wp-block-uagb-image__figure img{width: px;height: auto;}.uagb-block-2bdcf70c.wp-block-uagb-image .wp-block-uagb-image__figure:hover .wp-block-uagb-image--layout-overlay__inner .uagb-image-caption{opacity: 1;}.uagb-block-2bdcf70c.wp-block-uagb-image .wp-block-uagb-image__figure:hover .wp-block-uagb-image--layout-overlay__inner .uagb-image-separator{opacity: 1;}.uagb-block-2bdcf70c.wp-block-uagb-image--layout-default figure:hover img{box-shadow: 0px 0px 0 #00000070;}.uagb-block-2bdcf70c.wp-block-uagb-image--layout-overlay figure:hover img{box-shadow: 0px 0px 0 #00000070;}@media only screen and (max-width: 976px) {.uagb-block-2bdcf70c.wp-block-uagb-image .wp-block-uagb-image__figure img{width: px;height: auto;}}@media only screen and (max-width: 767px) {.uagb-block-2bdcf70c.wp-block-uagb-image .wp-block-uagb-image__figure img{width: px;height: auto;}}\";s:2:\"js\";s:0:\"\";s:18:\"current_block_list\";a:28:{i:0;s:10:\"core\/group\";i:2;s:24:\"core\/post-featured-image\";i:3;s:15:\"core\/post-title\";i:5;s:14:\"core\/post-date\";i:6;s:16:\"core\/post-author\";i:7;s:15:\"core\/post-terms\";i:8;s:17:\"core\/post-content\";i:9;s:14:\"core\/separator\";i:10;s:13:\"core\/comments\";i:11;s:19:\"core\/comments-title\";i:12;s:21:\"core\/comment-template\";i:15;s:11:\"core\/avatar\";i:16;s:24:\"core\/comment-author-name\";i:17;s:17:\"core\/comment-date\";i:18;s:20:\"core\/comment-content\";i:19;s:23:\"core\/comment-reply-link\";i:20;s:24:\"core\/comments-pagination\";i:21;s:33:\"core\/comments-pagination-previous\";i:22;s:32:\"core\/comments-pagination-numbers\";i:23;s:29:\"core\/comments-pagination-next\";i:24;s:23:\"core\/post-comments-form\";i:25;s:14:\"core\/tag-cloud\";i:26;s:12:\"core\/heading\";i:27;s:14:\"core\/paragraph\";i:28;s:12:\"core\/buttons\";i:29;s:11:\"core\/button\";i:30;s:10:\"uagb\/image\";i:31;s:10:\"core\/image\";}s:8:\"uag_flag\";b:1;s:11:\"uag_version\";s:10:\"1777464555\";s:6:\"gfonts\";a:0:{}s:10:\"gfonts_url\";s:0:\"\";s:12:\"gfonts_files\";a:0:{}s:14:\"uag_faq_layout\";b:0;}"]},"uagb_featured_image_src":{"full":["https:\/\/mv-sport.de\/c\/wp-content\/uploads\/2022\/06\/1-sommerlauf-waren-team-schwerin_c_laufgruppe-schwerin.jpg",1024,768,false],"thumbnail":["https:\/\/mv-sport.de\/c\/wp-content\/uploads\/2022\/06\/1-sommerlauf-waren-team-schwerin_c_laufgruppe-schwerin-150x150.jpg",150,150,true],"medium":["https:\/\/mv-sport.de\/c\/wp-content\/uploads\/2022\/06\/1-sommerlauf-waren-team-schwerin_c_laufgruppe-schwerin-600x600.jpg",350,350,true],"medium_large":["https:\/\/mv-sport.de\/c\/wp-content\/uploads\/2022\/06\/1-sommerlauf-waren-team-schwerin_c_laufgruppe-schwerin.jpg",768,576,false],"large":["https:\/\/mv-sport.de\/c\/wp-content\/uploads\/2022\/06\/1-sommerlauf-waren-team-schwerin_c_laufgruppe-schwerin.jpg",1024,768,false],"1536x1536":["https:\/\/mv-sport.de\/c\/wp-content\/uploads\/2022\/06\/1-sommerlauf-waren-team-schwerin_c_laufgruppe-schwerin.jpg",1024,768,false],"2048x2048":["https:\/\/mv-sport.de\/c\/wp-content\/uploads\/2022\/06\/1-sommerlauf-waren-team-schwerin_c_laufgruppe-schwerin.jpg",1024,768,false],"ultp_layout_landscape_large":["https:\/\/mv-sport.de\/c\/wp-content\/uploads\/2022\/06\/1-sommerlauf-waren-team-schwerin_c_laufgruppe-schwerin.jpg",1024,768,false],"ultp_layout_landscape":["https:\/\/mv-sport.de\/c\/wp-content\/uploads\/2022\/06\/1-sommerlauf-waren-team-schwerin_c_laufgruppe-schwerin.jpg",760,570,false],"ultp_layout_portrait":["https:\/\/mv-sport.de\/c\/wp-content\/uploads\/2022\/06\/1-sommerlauf-waren-team-schwerin_c_laufgruppe-schwerin.jpg",600,450,false],"ultp_layout_square":["https:\/\/mv-sport.de\/c\/wp-content\/uploads\/2022\/06\/1-sommerlauf-waren-team-schwerin_c_laufgruppe-schwerin.jpg",600,450,false]},"uagb_author_info":{"display_name":"MV-Sport.de","author_link":"https:\/\/mv-sport.de\/c\/author\/mv-sport-de\/"},"uagb_comment_info":0,"uagb_excerpt":"Auf seiner sechsten Station gab es im Laufcup von Mecklenburg-Vorpommern am 25. Juni mit dem 1. Sommerlauf in Waren an der M\u00fcritz erstmals eine vom SV Waren 09 e.V. organisierte Laufcup-Veranstaltung. Es wurden 4 verschiedenen Strecken f\u00fcr die L\u00e4uferinnen und L\u00e4ufer angeboten, dazu kam noch eine Walking-Runde. F\u00fcr den Nachwuchs gab es einen 2 Kilometer-Kurs.&hellip;","_links":{"self":[{"href":"https:\/\/mv-sport.de\/c\/wp-json\/wp\/v2\/posts\/116288","targetHints":{"allow":["GET"]}}],"collection":[{"href":"https:\/\/mv-sport.de\/c\/wp-json\/wp\/v2\/posts"}],"about":[{"href":"https:\/\/mv-sport.de\/c\/wp-json\/wp\/v2\/types\/post"}],"author":[{"embeddable":true,"href":"https:\/\/mv-sport.de\/c\/wp-json\/wp\/v2\/users\/2"}],"replies":[{"embeddable":true,"href":"https:\/\/mv-sport.de\/c\/wp-json\/wp\/v2\/comments?post=116288"}],"version-history":[{"count":0,"href":"https:\/\/mv-sport.de\/c\/wp-json\/wp\/v2\/posts\/116288\/revisions"}],"wp:featuredmedia":[{"embeddable":true,"href":"https:\/\/mv-sport.de\/c\/wp-json\/wp\/v2\/media\/116291"}],"wp:attachment":[{"href":"https:\/\/mv-sport.de\/c\/wp-json\/wp\/v2\/media?parent=116288"}],"wp:term":[{"taxonomy":"category","embeddable":true,"href":"https:\/\/mv-sport.de\/c\/wp-json\/wp\/v2\/categories?post=116288"},{"taxonomy":"post_tag","embeddable":true,"href":"https:\/\/mv-sport.de\/c\/wp-json\/wp\/v2\/tags?post=116288"},{"taxonomy":"ort","embeddable":true,"href":"https:\/\/mv-sport.de\/c\/wp-json\/wp\/v2\/ort?post=116288"}],"curies":[{"name":"wp","href":"https:\/\/api.w.org\/{rel}","templated":true}]}}