{"id":116375,"date":"2022-06-27T23:51:23","date_gmt":"2022-06-27T21:51:23","guid":{"rendered":"https:\/\/mv-sport.de\/?p=116375"},"modified":"2022-06-28T11:18:22","modified_gmt":"2022-06-28T09:18:22","slug":"1-sommerlauf-in-waren-laufcup-macht-station-an-der-mueritz","status":"publish","type":"post","link":"https:\/\/mv-sport.de\/c\/1-sommerlauf-in-waren-laufcup-macht-station-an-der-mueritz\/","title":{"rendered":"1. Sommerlauf in Waren &#8211; Laufcup macht Station an der M\u00fcritz"},"content":{"rendered":"<p>Bei hochsommerlichen Bedingungen startete am letzten Juni-Samstag der 1. Sommerlauf in Waren, der zugleich eine Station des Laufcups Mecklenburg-Vorpommern und des INTERSPORT Nachwuchslaufcups war. Organisiert wurde die Veranstaltung\u00a0 vom Laufteam des SV Waren 09 &#8211; und um es vorweg zu nehmen &#8211; nahezu perfekt!\u00a0 Angeboten wurden Distanzen \u00fcber zwei und f\u00fcnf Kilometer sowie \u00fcber zehn und 15 Kilometern f\u00fcr die ambitionierteren Ausdauersportler. Trotz der wenig einladend wirkenden Bedingungen von fast 30 Grad und sengender Sonne stellten sich fast 300 Sportlerinnen und Sportler dem Kampf um die begehrten Punkte und machten so aus dem Premierenlauf ein echtes Event.<\/p>\n<p>Mit 21 Altersklassensiegen dr\u00fcckte die Laufgruppe des Sportclubs Laage der Veranstaltung ihren Stempel auf. Diese Leistungen spiegelten das derzeitige Niveau des Teams wider, so dass man in Laage durchaus davon sprechen kann, dass die Clubl\u00e4ufer*innen einen guten Lauf haben. Der Sieg im 10 Kilometer Rennen von Juliane G\u00f6llnitz war dabei herausragend. Nach 45,53 Minuten erreichte die Sch\u00fclerin, von den Anstrengungen schwer gezeichnet, das Ziel im M\u00fcritzstadion. Podestplatzierungen erreichten zudem Joelina Raith (WJ U20 \/ 51,23 min) und Sophie Pommerehne (WJ U28 \/ 52,46 min).<\/p>\n<figure id=\"attachment_116376\" aria-describedby=\"caption-attachment-116376\" style=\"width: 1024px\" class=\"wp-caption alignnone\"><img loading=\"lazy\" decoding=\"async\" class=\"wp-image-116376 size-large\" src=\"https:\/\/mv-sport.de\/wp-content\/uploads\/2022\/06\/start-5-km-2-1024x595.jpg\" alt=\"\" width=\"1024\" height=\"595\" \/><figcaption id=\"caption-attachment-116376\" class=\"wp-caption-text\">Das Foto zeigt die Startaufstellung zum 5 Kilometer Lauf. <span style=\"color: #999999;\">Foto: Christine Boldt<\/span><\/figcaption><\/figure>\n<p>Im Hauptlauf \u00fcber 15 Kilometer konnte der 56-j\u00e4hrige Stefan Grobbecker mit einem Altersklassensieg, nach 1;07,08 Stunde, eine herausragende Leistung pr\u00e4sentieren. Vereinsintern war nur der 39-j\u00e4hrige Jens Beu schneller, der nach 1;06,31 Minuten als 3. seiner Klasse ins Ziel st\u00fcrmte. Bei den Frauen konnte der SC Laage mit dem Altersklassensieg der 25-j\u00e4hrigen Stella Grobbecker (1;31,00 h), dem 2.Platz von Sarah Liesegang (W30\/1;42,53 h) und den Bronzeplatzierungen von Sophia Heuck (W40\/1;18,24 h) und Katja Beu (W35 \/ 1;39,15 h) drei Podestpl\u00e4tze erk\u00e4mpfen. Im 5 Kilometerlauf konnten Johanna Heuck (2. WJ U14 \/ 22,27 min), Pia Joelina Boldt (3. WJ U14 \/ 22,47 min), Paula Pommerehne (2. WJ U16 \/ 22,54 min) und Vanessa Koch (3. WJ U16 \/ 23,42 min) bei den M\u00e4dchen und Benjamin Menge (2. MJ U16 \/ 20,37 min) sowie Lennox Raith (3. MJ U14 \/ 21,28 min) auf einen Podestplatz in ihrer Altersklasse laufen.<\/p>\n<p>Abgerundet wurde das Ergebnis durch den 2.Platz in der Gesamtwertung aller Jungen im 2 Kilometerlauf des Nachwuchslaufcups durch Erik Ostertag (8,03 min). Der 3.Rang bei den M\u00e4dchen durch Paola Alegra Paeschke (8,15 min) und der 2. Platz durch Hedi Svenja Schneider (9,42 min) in der Klasse der unter 10-j\u00e4hrigen M\u00e4dchen macht das Ergebnis rund. Mit dieser Veranstaltung k\u00f6nnen die Gastgeber absolut zufrieden sein und d\u00fcrfen stolz von sich behaupten, ein guter Gastgeber gewesen zu sein. Daf\u00fcr gilt ihnen von den Aktiven ein herzlicher Dank.<\/p>\n<p><span style=\"color: #999999;\"><em>SC Laage<\/em><\/span><\/p>\n","protected":false},"excerpt":{"rendered":"<p>Bei hochsommerlichen Bedingungen startete am letzten Juni-Samstag der 1. Sommerlauf in Waren, der zugleich eine Station des Laufcups Mecklenburg-Vorpommern und des INTERSPORT Nachwuchslaufcups war. Organisiert wurde die Veranstaltung\u00a0 vom Laufteam des SV Waren 09 &#8211; und um es vorweg zu nehmen &#8211; nahezu perfekt!\u00a0 Angeboten wurden Distanzen \u00fcber zwei und f\u00fcnf Kilometer sowie \u00fcber zehn [&hellip;]<\/p>\n","protected":false},"author":7,"featured_media":116376,"comment_status":"open","ping_status":"open","sticky":false,"template":"","format":"standard","meta":{"_seopress_robots_primary_cat":"none","_seopress_titles_title":"","_seopress_titles_desc":"","_seopress_robots_index":"","_relevanssi_hide_post":"","_relevanssi_hide_content":"","_relevanssi_pin_for_all":"","_relevanssi_pin_keywords":"","_relevanssi_unpin_keywords":"","_relevanssi_related_keywords":"","_relevanssi_related_include_ids":"","_relevanssi_related_exclude_ids":"","_relevanssi_related_no_append":"","_relevanssi_related_not_related":"","_relevanssi_related_posts":"","_relevanssi_noindex_reason":"","_uag_custom_page_level_css":"","footnotes":""},"categories":[47],"tags":[],"ort":[],"class_list":{"0":"post-116375","1":"post","2":"type-post","3":"status-publish","4":"format-standard","5":"has-post-thumbnail","7":"category-laufsport"},"featured_image_urls":{"medium":"https:\/\/mv-sport.de\/c\/wp-content\/uploads\/2022\/06\/start-5-km-2-600x600.jpg","medium_large":"https:\/\/mv-sport.de\/c\/wp-content\/uploads\/2022\/06\/start-5-km-2.jpg","large":"https:\/\/mv-sport.de\/c\/wp-content\/uploads\/2022\/06\/start-5-km-2-1400x814.jpg","full":"https:\/\/mv-sport.de\/c\/wp-content\/uploads\/2022\/06\/start-5-km-2.jpg","alt":"","caption":"Das Foto zeigt die Startaufstellung zum 5 Kilometer Lauf. Foto: Christine Boldt"},"spectra_custom_meta":{"uab_option":["yes"],"uab_meta_position":["default"],"_extra_rating_average":["0"],"_seopress_analysis_data":["a:20:{s:5:\"title\";s:136:\"1. Sommerlauf in Waren - Laufcup macht Station an der M\u00fcritz | MV-Sport.de - Sportvereine &amp; Sportnachrichten Mecklenburg-Vorpommern\";s:12:\"link_preview\";s:107:\"https:\/\/mv-sport.de\/1-sommerlauf-in-waren-laufcup-macht-station-an-der-mueritz\/?no_admin_bar=1&preview=true\";s:9:\"meta_desc\";s:358:\"Bei hochsommerlichen Bedingungen startete am letzten Juni-Samstag der 1. Sommerlauf in Waren, der zugleich eine Station des Laufcups Mecklenburg-Vorpommern und des INTERSPORT Nachwuchslaufcups war. Organisiert wurde die Veranstaltung\u00a0 vom Laufteam des SV Waren 09 - und um es vorweg zu nehmen - nahezu perfekt!\u00a0 Angeboten wurden Distanzen \u00fcber zwei und\u2026\";s:8:\"og_title\";a:2:{s:5:\"count\";i:1;s:6:\"values\";a:1:{i:0;s:136:\"1. Sommerlauf in Waren - Laufcup macht Station an der M\u00fcritz | MV-Sport.de - Sportvereine &amp; Sportnachrichten Mecklenburg-Vorpommern\";}}s:7:\"og_desc\";a:2:{s:5:\"count\";i:1;s:6:\"values\";a:1:{i:0;s:358:\"Bei hochsommerlichen Bedingungen startete am letzten Juni-Samstag der 1. Sommerlauf in Waren, der zugleich eine Station des Laufcups Mecklenburg-Vorpommern und des INTERSPORT Nachwuchslaufcups war. Organisiert wurde die Veranstaltung\u00a0 vom Laufteam des SV Waren 09 - und um es vorweg zu nehmen - nahezu perfekt!\u00a0 Angeboten wurden Distanzen \u00fcber zwei und\u2026\";}}s:6:\"og_img\";a:2:{s:5:\"count\";i:1;s:6:\"values\";a:1:{i:0;s:63:\"https:\/\/mv-sport.de\/wp-content\/uploads\/2022\/06\/start-5-km-2.jpg\";}}s:6:\"og_url\";a:3:{s:5:\"count\";i:1;s:6:\"values\";a:1:{i:0;s:78:\"https:\/\/mv-sport.de\/1-sommerlauf-in-waren-laufcup-macht-station-an-der-mueritz\";}s:4:\"host\";s:11:\"mv-sport.de\";}s:12:\"og_site_name\";a:2:{s:5:\"count\";i:1;s:6:\"values\";a:1:{i:0;s:72:\"MV-Sport.de - Sportvereine &amp; Sportnachrichten Mecklenburg-Vorpommern\";}}s:8:\"tw_title\";a:2:{s:5:\"count\";i:1;s:6:\"values\";a:1:{i:0;s:136:\"1. Sommerlauf in Waren - Laufcup macht Station an der M\u00fcritz | MV-Sport.de - Sportvereine &amp; Sportnachrichten Mecklenburg-Vorpommern\";}}s:7:\"tw_desc\";a:2:{s:5:\"count\";i:1;s:6:\"values\";a:1:{i:0;s:358:\"Bei hochsommerlichen Bedingungen startete am letzten Juni-Samstag der 1. Sommerlauf in Waren, der zugleich eine Station des Laufcups Mecklenburg-Vorpommern und des INTERSPORT Nachwuchslaufcups war. Organisiert wurde die Veranstaltung\u00a0 vom Laufteam des SV Waren 09 - und um es vorweg zu nehmen - nahezu perfekt!\u00a0 Angeboten wurden Distanzen \u00fcber zwei und\u2026\";}}s:6:\"tw_img\";a:2:{s:5:\"count\";i:1;s:6:\"values\";a:1:{i:0;s:72:\"https:\/\/mv-sport.de\/wp-content\/uploads\/2022\/06\/start-5-km-2-1024x595.jpg\";}}s:9:\"canonical\";s:79:\"https:\/\/mv-sport.de\/1-sommerlauf-in-waren-laufcup-macht-station-an-der-mueritz\/\";s:13:\"all_canonical\";a:1:{i:0;s:79:\"https:\/\/mv-sport.de\/1-sommerlauf-in-waren-laufcup-macht-station-an-der-mueritz\/\";}s:2:\"h1\";a:1:{s:9:\"nomatches\";a:1:{s:5:\"count\";i:1;}}s:3:\"img\";a:1:{s:6:\"images\";a:2:{s:11:\"without_alt\";a:6:{i:0;s:72:\"https:\/\/mv-sport.de\/wp-content\/uploads\/2022\/06\/start-5-km-2-1024x595.jpg\";i:1;s:59:\"https:\/\/mv-sport.de\/wp-content\/uploads\/2017\/06\/sc_laage.png\";i:2;s:89:\"https:\/\/mv-sport.de\/wp-content\/sabai\/File\/thumbnails\/843efa7c69dfdff48d1396be7126ba53.jpg\";i:3;s:89:\"https:\/\/mv-sport.de\/wp-content\/sabai\/File\/thumbnails\/7787a5e497d32c252550abd7da2a1ed5.jpg\";i:4;s:77:\"https:\/\/mv-sport.de\/wp-content\/plugins\/sabai\/assets\/images\/no_image_small.png\";i:5;s:61:\"https:\/\/mv-sport.de\/wp-content\/uploads\/2017\/05\/140x70px-3.gif\";}s:8:\"with_alt\";a:1:{i:0;s:46:\"https:\/\/c.ad-mv.de\/matomo.php?idsite=162&rec=1\";}}}s:11:\"meta_robots\";a:1:{i:0;a:1:{i:0;s:13:\"index, follow\";}}s:14:\"outbound_links\";a:9:{i:0;a:1:{s:29:\"http:\/\/www.sportclub-laage.de\";s:29:\"http:\/\/www.sportclub-laage.de\";}i:1;a:1:{s:34:\"https:\/\/www.facebook.com\/MVSportde\";s:0:\"\";}i:2;a:1:{s:37:\"https:\/\/www.instagram.com\/mv_sport.de\";s:0:\"\";}i:4;a:1:{s:28:\"http:\/\/www.elegantthemes.com\";s:14:\"Elegant Themes\";}i:5;a:1:{s:24:\"http:\/\/www.wordpress.org\";s:9:\"WordPress\";}i:6;a:1:{s:20:\"http:\/\/www.web-mv.de\";s:9:\"web-mv.de\";}i:7;a:1:{s:33:\"http:\/\/www.webdesign-schwerin.net\";s:0:\"\";}i:8;a:1:{s:34:\"https:\/\/www.facebook.com\/MVSportde\";s:13:\"\n    Like us!\";}i:9;a:1:{s:37:\"https:\/\/www.instagram.com\/mv_sport.de\";s:15:\"\n    Follow us!\";}}s:13:\"words_counter\";i:380;s:20:\"words_counter_unique\";i:228;s:4:\"json\";a:1:{i:0;s:14:\"BreadcrumbList\";}}"],"_edit_lock":["1656626809:7"],"_edit_last":["2"],"_thumbnail_id":["116376"],"xyz_fbap_future_to_publish":["a:3:{s:18:\"post_fb_permission\";i:0;s:18:\"xyz_fbap_po_method\";s:1:\"2\";s:16:\"xyz_fbap_message\";s:32:\"{POST_TITLE}\r\n{POST_EXCERPT} ...\";}"],"xyz_fbap":["1"],"xyz_fbap_insert_og":["1"],"_seopress_titles_title":[""],"_seopress_titles_desc":[""],"_seopress_robots_canonical":[""],"_seopress_robots_primary_cat":["none"],"_seopress_robots_breadcrumbs":[""],"_seopress_social_fb_title":[""],"_seopress_social_fb_desc":[""],"_seopress_social_fb_img":[""],"_seopress_social_fb_img_attachment_id":[""],"_seopress_social_fb_img_width":[""],"_seopress_social_fb_img_height":[""],"_seopress_social_twitter_title":[""],"_seopress_social_twitter_desc":[""],"_seopress_social_twitter_img":[""],"_seopress_social_twitter_img_attachment_id":[""],"_seopress_social_twitter_img_width":[""],"_seopress_social_twitter_img_height":[""],"_seopress_redirections_type":["301"],"_seopress_redirections_value":[""],"_seopress_redirections_logged_status":["both"],"_post_review_box_title":["Rezension"],"_post_review_box_summary":[""],"_post_review_box_summary_title":["Zusammenfassung"],"_post_review_box_breakdowns_score":["0"],"_post_review_box_breakdowns_count":["1"],"_post_review_box_breakdowns":["a:1:{i:0;a:2:{s:5:\"title\";s:0:\"\";s:6:\"rating\";i:0;}}"],"_extra_sidebar_location":[""],"_extra_sidebar":[""],"post_views_count":["44"],"_seopress_pro_schemas_manual":["a:1:{i:0;a:1:{s:32:\"_seopress_pro_rich_snippets_type\";s:4:\"none\";}}"],"_seopress_analysis_target_kw":[""],"wp_schema_pro_optimized_structured_data":["<!-- Schema optimized by Schema Pro --><script type=\"application\/ld+json\">{\"@context\":\"https:\/\/schema.org\",\"@type\":\"NewsArticle\",\"mainEntityOfPage\":{\"@type\":\"WebPage\",\"@id\":\"https:\/\/mv-sport.de\/1-sommerlauf-in-waren-laufcup-macht-station-an-der-mueritz\/\"},\"headline\":\"1. Sommerlauf in Waren - Laufcup macht Station an der M\u00fcritz\",\"image\":{\"@type\":\"ImageObject\",\"url\":\"https:\/\/mv-sport.de\/wp-content\/uploads\/2022\/06\/start-5-km-2.jpg\",\"width\":1521,\"height\":884},\"datePublished\":\"2022-06-27T23:51:23\",\"dateModified\":\"2022-06-28T11:18:22\",\"author\":{\"@type\":\"Person\",\"name\":\"Sportclub Laage e.V.\",\"url\":\"https:\/\/mv-sport.de\/author\/sportclub-laage-e-v\"},\"publisher\":{\"@type\":\"Organization\",\"name\":\"MV-Sport.de - Sportvereine &amp; Sportnachrichten Mecklenburg-Vorpommern\",\"logo\":{\"@type\":\"ImageObject\",\"url\":\"https:\/\/mv-sport.de\/wp-content\/uploads\/2017\/05\/logo-mv-sport-292x60.png\"}}}<\/script><!-- \/ Schema optimized by Schema Pro -->"],"__post_views_count":["589"],"astra_style_timestamp_css":["1757515623"],"_uag_css_file_name":["uag-css-116375.css"],"_uag_page_assets":["a:9:{s:3:\"css\";s:7010:\".uagb-block-88f5875d.wp-block-uagb-image--layout-default figure img{box-shadow: 0px 0px 0 #00000070;}.uagb-block-88f5875d.wp-block-uagb-image .wp-block-uagb-image__figure figcaption{font-style: normal;align-self: center;}.uagb-block-88f5875d.wp-block-uagb-image--layout-overlay figure img{box-shadow: 0px 0px 0 #00000070;}.uagb-block-88f5875d.wp-block-uagb-image--layout-overlay .wp-block-uagb-image--layout-overlay__color-wrapper{opacity: 0.2;}.uagb-block-88f5875d.wp-block-uagb-image--layout-overlay .wp-block-uagb-image--layout-overlay__inner{left: 15px;right: 15px;top: 15px;bottom: 15px;}.uagb-block-88f5875d.wp-block-uagb-image--layout-overlay .wp-block-uagb-image--layout-overlay__inner .uagb-image-heading{font-style: normal;color: #fff;opacity: 1;}.uagb-block-88f5875d.wp-block-uagb-image--layout-overlay .wp-block-uagb-image--layout-overlay__inner .uagb-image-heading a{color: #fff;}.uagb-block-88f5875d.wp-block-uagb-image--layout-overlay .wp-block-uagb-image--layout-overlay__inner .uagb-image-caption{opacity: 0;}.uagb-block-88f5875d.wp-block-uagb-image--layout-overlay .wp-block-uagb-image__figure:hover .wp-block-uagb-image--layout-overlay__color-wrapper{opacity: 1;}.uagb-block-88f5875d.wp-block-uagb-image .wp-block-uagb-image--layout-overlay__inner .uagb-image-separator{width: 30%;border-top-width: 2px;border-top-color: #fff;opacity: 0;}.uagb-block-88f5875d.wp-block-uagb-image .wp-block-uagb-image__figure img{width: 297px;height: auto;}.uagb-block-88f5875d.wp-block-uagb-image .wp-block-uagb-image__figure:hover .wp-block-uagb-image--layout-overlay__inner .uagb-image-caption{opacity: 1;}.uagb-block-88f5875d.wp-block-uagb-image .wp-block-uagb-image__figure:hover .wp-block-uagb-image--layout-overlay__inner .uagb-image-separator{opacity: 1;}.uagb-block-88f5875d.wp-block-uagb-image--layout-default figure:hover img{box-shadow: 0px 0px 0 #00000070;}.uagb-block-88f5875d.wp-block-uagb-image--layout-overlay figure:hover img{box-shadow: 0px 0px 0 #00000070;}@media only screen and (max-width: 976px) {.uagb-block-88f5875d.wp-block-uagb-image .wp-block-uagb-image__figure img{width: 297px;height: auto;}}@media only screen and (max-width: 767px) {.uagb-block-88f5875d.wp-block-uagb-image .wp-block-uagb-image__figure img{width: 297px;height: auto;}}.uagb-block-b6c54374.wp-block-uagb-image{margin-top: 0px;margin-right: 0px;margin-bottom: 0px;margin-left: 0px;}.uagb-block-b6c54374.wp-block-uagb-image--layout-default figure img{box-shadow: 0px 0px 0 #00000070;}.uagb-block-b6c54374.wp-block-uagb-image .wp-block-uagb-image__figure figcaption{font-style: normal;align-self: center;}.uagb-block-b6c54374.wp-block-uagb-image--layout-overlay figure img{box-shadow: 0px 0px 0 #00000070;}.uagb-block-b6c54374.wp-block-uagb-image--layout-overlay .wp-block-uagb-image--layout-overlay__color-wrapper{opacity: 0.2;}.uagb-block-b6c54374.wp-block-uagb-image--layout-overlay .wp-block-uagb-image--layout-overlay__inner{left: 15px;right: 15px;top: 15px;bottom: 15px;}.uagb-block-b6c54374.wp-block-uagb-image--layout-overlay .wp-block-uagb-image--layout-overlay__inner .uagb-image-heading{font-style: normal;color: #fff;opacity: 1;}.uagb-block-b6c54374.wp-block-uagb-image--layout-overlay .wp-block-uagb-image--layout-overlay__inner .uagb-image-heading a{color: #fff;}.uagb-block-b6c54374.wp-block-uagb-image--layout-overlay .wp-block-uagb-image--layout-overlay__inner .uagb-image-caption{opacity: 0;}.uagb-block-b6c54374.wp-block-uagb-image--layout-overlay .wp-block-uagb-image__figure:hover .wp-block-uagb-image--layout-overlay__color-wrapper{opacity: 1;}.uagb-block-b6c54374.wp-block-uagb-image .wp-block-uagb-image--layout-overlay__inner .uagb-image-separator{width: 30%;border-top-width: 2px;border-top-color: #fff;opacity: 0;}.uagb-block-b6c54374.wp-block-uagb-image .wp-block-uagb-image__figure img{width: px;height: auto;}.uagb-block-b6c54374.wp-block-uagb-image .wp-block-uagb-image__figure:hover .wp-block-uagb-image--layout-overlay__inner .uagb-image-caption{opacity: 1;}.uagb-block-b6c54374.wp-block-uagb-image .wp-block-uagb-image__figure:hover .wp-block-uagb-image--layout-overlay__inner .uagb-image-separator{opacity: 1;}.uagb-block-b6c54374.wp-block-uagb-image--layout-default figure:hover img{box-shadow: 0px 0px 0 #00000070;}.uagb-block-b6c54374.wp-block-uagb-image--layout-overlay figure:hover img{box-shadow: 0px 0px 0 #00000070;}@media only screen and (max-width: 976px) {.uagb-block-b6c54374.wp-block-uagb-image .wp-block-uagb-image__figure img{width: px;height: auto;}}@media only screen and (max-width: 767px) {.uagb-block-b6c54374.wp-block-uagb-image .wp-block-uagb-image__figure img{width: px;height: auto;}}.uagb-block-2bdcf70c.wp-block-uagb-image{margin-top: 0px;margin-right: 0px;margin-bottom: 0px;margin-left: 0px;}.uagb-block-2bdcf70c.wp-block-uagb-image--layout-default figure img{box-shadow: 0px 0px 0 #00000070;}.uagb-block-2bdcf70c.wp-block-uagb-image .wp-block-uagb-image__figure figcaption{font-style: normal;align-self: center;}.uagb-block-2bdcf70c.wp-block-uagb-image--layout-overlay figure img{box-shadow: 0px 0px 0 #00000070;}.uagb-block-2bdcf70c.wp-block-uagb-image--layout-overlay .wp-block-uagb-image--layout-overlay__color-wrapper{opacity: 0.2;}.uagb-block-2bdcf70c.wp-block-uagb-image--layout-overlay .wp-block-uagb-image--layout-overlay__inner{left: 15px;right: 15px;top: 15px;bottom: 15px;}.uagb-block-2bdcf70c.wp-block-uagb-image--layout-overlay .wp-block-uagb-image--layout-overlay__inner .uagb-image-heading{font-style: normal;color: #fff;opacity: 1;}.uagb-block-2bdcf70c.wp-block-uagb-image--layout-overlay .wp-block-uagb-image--layout-overlay__inner .uagb-image-heading a{color: #fff;}.uagb-block-2bdcf70c.wp-block-uagb-image--layout-overlay .wp-block-uagb-image--layout-overlay__inner .uagb-image-caption{opacity: 0;}.uagb-block-2bdcf70c.wp-block-uagb-image--layout-overlay .wp-block-uagb-image__figure:hover .wp-block-uagb-image--layout-overlay__color-wrapper{opacity: 1;}.uagb-block-2bdcf70c.wp-block-uagb-image .wp-block-uagb-image--layout-overlay__inner .uagb-image-separator{width: 30%;border-top-width: 2px;border-top-color: #fff;opacity: 0;}.uagb-block-2bdcf70c.wp-block-uagb-image .wp-block-uagb-image__figure img{width: px;height: auto;}.uagb-block-2bdcf70c.wp-block-uagb-image .wp-block-uagb-image__figure:hover .wp-block-uagb-image--layout-overlay__inner .uagb-image-caption{opacity: 1;}.uagb-block-2bdcf70c.wp-block-uagb-image .wp-block-uagb-image__figure:hover .wp-block-uagb-image--layout-overlay__inner .uagb-image-separator{opacity: 1;}.uagb-block-2bdcf70c.wp-block-uagb-image--layout-default figure:hover img{box-shadow: 0px 0px 0 #00000070;}.uagb-block-2bdcf70c.wp-block-uagb-image--layout-overlay figure:hover img{box-shadow: 0px 0px 0 #00000070;}@media only screen and (max-width: 976px) {.uagb-block-2bdcf70c.wp-block-uagb-image .wp-block-uagb-image__figure img{width: px;height: auto;}}@media only screen and (max-width: 767px) {.uagb-block-2bdcf70c.wp-block-uagb-image .wp-block-uagb-image__figure img{width: px;height: auto;}}\";s:2:\"js\";s:0:\"\";s:18:\"current_block_list\";a:28:{i:0;s:10:\"core\/group\";i:2;s:24:\"core\/post-featured-image\";i:3;s:15:\"core\/post-title\";i:5;s:14:\"core\/post-date\";i:6;s:16:\"core\/post-author\";i:7;s:15:\"core\/post-terms\";i:8;s:17:\"core\/post-content\";i:9;s:14:\"core\/separator\";i:10;s:13:\"core\/comments\";i:11;s:19:\"core\/comments-title\";i:12;s:21:\"core\/comment-template\";i:15;s:11:\"core\/avatar\";i:16;s:24:\"core\/comment-author-name\";i:17;s:17:\"core\/comment-date\";i:18;s:20:\"core\/comment-content\";i:19;s:23:\"core\/comment-reply-link\";i:20;s:24:\"core\/comments-pagination\";i:21;s:33:\"core\/comments-pagination-previous\";i:22;s:32:\"core\/comments-pagination-numbers\";i:23;s:29:\"core\/comments-pagination-next\";i:24;s:23:\"core\/post-comments-form\";i:25;s:14:\"core\/tag-cloud\";i:26;s:12:\"core\/heading\";i:27;s:14:\"core\/paragraph\";i:28;s:12:\"core\/buttons\";i:29;s:11:\"core\/button\";i:30;s:10:\"uagb\/image\";i:31;s:10:\"core\/image\";}s:8:\"uag_flag\";b:1;s:11:\"uag_version\";s:10:\"1777464555\";s:6:\"gfonts\";a:0:{}s:10:\"gfonts_url\";s:0:\"\";s:12:\"gfonts_files\";a:0:{}s:14:\"uag_faq_layout\";b:0;}"]},"uagb_featured_image_src":{"full":["https:\/\/mv-sport.de\/c\/wp-content\/uploads\/2022\/06\/start-5-km-2.jpg",1521,884,false],"thumbnail":["https:\/\/mv-sport.de\/c\/wp-content\/uploads\/2022\/06\/start-5-km-2-150x150.jpg",150,150,true],"medium":["https:\/\/mv-sport.de\/c\/wp-content\/uploads\/2022\/06\/start-5-km-2-600x600.jpg",350,350,true],"medium_large":["https:\/\/mv-sport.de\/c\/wp-content\/uploads\/2022\/06\/start-5-km-2.jpg",768,446,false],"large":["https:\/\/mv-sport.de\/c\/wp-content\/uploads\/2022\/06\/start-5-km-2-1400x814.jpg",1024,595,true],"1536x1536":["https:\/\/mv-sport.de\/c\/wp-content\/uploads\/2022\/06\/start-5-km-2.jpg",1521,884,false],"2048x2048":["https:\/\/mv-sport.de\/c\/wp-content\/uploads\/2022\/06\/start-5-km-2.jpg",1521,884,false],"ultp_layout_landscape_large":["https:\/\/mv-sport.de\/c\/wp-content\/uploads\/2022\/06\/start-5-km-2.jpg",1200,697,false],"ultp_layout_landscape":["https:\/\/mv-sport.de\/c\/wp-content\/uploads\/2022\/06\/start-5-km-2.jpg",870,506,false],"ultp_layout_portrait":["https:\/\/mv-sport.de\/c\/wp-content\/uploads\/2022\/06\/start-5-km-2.jpg",600,349,false],"ultp_layout_square":["https:\/\/mv-sport.de\/c\/wp-content\/uploads\/2022\/06\/start-5-km-2.jpg",600,349,false]},"uagb_author_info":{"display_name":"Sportclub Laage e.V.","author_link":"https:\/\/mv-sport.de\/c\/author\/sportclub-laage-e-v\/"},"uagb_comment_info":0,"uagb_excerpt":"Bei hochsommerlichen Bedingungen startete am letzten Juni-Samstag der 1. Sommerlauf in Waren, der zugleich eine Station des Laufcups Mecklenburg-Vorpommern und des INTERSPORT Nachwuchslaufcups war. Organisiert wurde die Veranstaltung\u00a0 vom Laufteam des SV Waren 09 &#8211; und um es vorweg zu nehmen &#8211; nahezu perfekt!\u00a0 Angeboten wurden Distanzen \u00fcber zwei und f\u00fcnf Kilometer sowie \u00fcber zehn&hellip;","_links":{"self":[{"href":"https:\/\/mv-sport.de\/c\/wp-json\/wp\/v2\/posts\/116375","targetHints":{"allow":["GET"]}}],"collection":[{"href":"https:\/\/mv-sport.de\/c\/wp-json\/wp\/v2\/posts"}],"about":[{"href":"https:\/\/mv-sport.de\/c\/wp-json\/wp\/v2\/types\/post"}],"author":[{"embeddable":true,"href":"https:\/\/mv-sport.de\/c\/wp-json\/wp\/v2\/users\/7"}],"replies":[{"embeddable":true,"href":"https:\/\/mv-sport.de\/c\/wp-json\/wp\/v2\/comments?post=116375"}],"version-history":[{"count":0,"href":"https:\/\/mv-sport.de\/c\/wp-json\/wp\/v2\/posts\/116375\/revisions"}],"wp:featuredmedia":[{"embeddable":true,"href":"https:\/\/mv-sport.de\/c\/wp-json\/wp\/v2\/media\/116376"}],"wp:attachment":[{"href":"https:\/\/mv-sport.de\/c\/wp-json\/wp\/v2\/media?parent=116375"}],"wp:term":[{"taxonomy":"category","embeddable":true,"href":"https:\/\/mv-sport.de\/c\/wp-json\/wp\/v2\/categories?post=116375"},{"taxonomy":"post_tag","embeddable":true,"href":"https:\/\/mv-sport.de\/c\/wp-json\/wp\/v2\/tags?post=116375"},{"taxonomy":"ort","embeddable":true,"href":"https:\/\/mv-sport.de\/c\/wp-json\/wp\/v2\/ort?post=116375"}],"curies":[{"name":"wp","href":"https:\/\/api.w.org\/{rel}","templated":true}]}}