{"id":117257,"date":"2022-07-03T11:26:34","date_gmt":"2022-07-03T09:26:34","guid":{"rendered":"https:\/\/mv-sport.de\/?p=117257"},"modified":"2022-07-11T15:57:50","modified_gmt":"2022-07-11T13:57:50","slug":"internationales-lauffestival-in-stettin-sc-laage-stark-dabei","status":"publish","type":"post","link":"https:\/\/mv-sport.de\/c\/internationales-lauffestival-in-stettin-sc-laage-stark-dabei\/","title":{"rendered":"Internationales Lauffestival in Stettin &#8211; SC Laage stark dabei"},"content":{"rendered":"<p><strong>Wenn man der Corona-Pandemie etwas Gutes abgewinnen m\u00f6chte, dann ist das die Tatsache, dass sich \u00fcber viele Monate Dinge entwickeln konnten. F\u00fcr die Laufgruppe des SC Laage ist es die lebendige Sportfreundschaft mit polnischen Lauffreunden in Stettin geworden.<\/strong><\/p>\n<p>Aber der Reihe nach. Im Zuge der Einschr\u00e4nkungen des \u00f6ffentlichen Lebens, w\u00e4hrend der Corona-Pandemie, schossen virtuelle Laufveranstaltungen wie Pilze aus dem Boden. Und nat\u00fcrlich nutzte auch die Laufgruppe des SC Laage die M\u00f6glichkeiten und nahm an solchen Veranstaltungen teil. Dabei entwickelte sich eine echte, zun\u00e4chst virtuelle, Sportfreundschaft zur Bewegungs-und Gesundheitsakademie (RAZ-Szczecin) mit Sitz in Szczecin \/ Polen. In den zur\u00fcckliegenden zweieinhalb Jahren entfaltete sich aus diesen losen Kontakten eine echte Sportfreundschaft, so dass es fast logisch war, dass die Laager Clubl\u00e4ufer einer Einladung nach Polen sehr gerne nachkamen. Diesen Besuch nahmen die polnischen Sportfreunde zum Anlass, um ein Sport- und Integrationsfest im Szczeciner Leichtathletik-Stadion zu organisieren.<\/p>\n<p>\u00dcber mehrere Stunden liefen die Wettk\u00e4mpfe \u00fcber 300 Meter f\u00fcr die J\u00fcngsten. Die schon ambitionierteren Aktiven starteten \u00fcber 1000 oder 3000 Meter. Und den Abschluss bildeten Staffell\u00e4ufe \u00fcber 4&#215;400 Staffeln. Schon mit der Anreise sp\u00fcrten die drei\u00dfig Laager Clubsportler die besondere Herzlichkeit und auch Freude der Gastgeber \u00fcber die Teilnahme an den Wettk\u00e4mpfen. Bei besten \u00e4u\u00dferen Bedingungen zeigten dann die Clubsportler aus der Recknitzstadt auf der hochmodernen Stadionanlage \u00a0ihr K\u00f6nnen und \u00fcberzeugten alle Anwesenden im Stadion. Attraktive Medaillen und Pokale waren immer wieder der Lohn f\u00fcr die tollen Leistungen. Und besonders die Staffell\u00e4ufe am Schluss des Lauffestivals \u00fcber 4 x 400 Meter entwickelten sich zum sportlichen H\u00f6hepunkt des Tages. Hier konnte der Sportclub Laage die Frauen-, M\u00e4nner- und Mixwertung f\u00fcr sich entscheiden.<\/p>\n<figure id=\"attachment_117258\" aria-describedby=\"caption-attachment-117258\" style=\"width: 1024px\" class=\"wp-caption alignnone\"><img loading=\"lazy\" decoding=\"async\" class=\"wp-image-117258 size-large\" src=\"https:\/\/mv-sport.de\/wp-content\/uploads\/2022\/07\/stettin-team-2-2-1024x768.jpg\" alt=\"\" width=\"1024\" height=\"768\" \/><figcaption id=\"caption-attachment-117258\" class=\"wp-caption-text\">Das Foto zeigt die Abordnung des SC Laage. <span style=\"color: #999999;\">Foto: Christine Boldt<\/span><\/figcaption><\/figure>\n<p>Abschlie\u00dfend gilt dem Organisatoren-Team ein besonderer Dank. Robert und Sebastian Szych hatten immer die F\u00e4den in der Hand und das Vater-Sohn Team \u00fcberzeugte die Aktiven und auch die Stadionbesucher durch Engagement, Freude an der Arbeit und eine beeindruckende verbale Kommunikation, die oft mit Mimik und Gestik unterst\u00fctzt wurde. F\u00fcr die Abordnung des SC Laage war es ein toller Tag und ein unvergessliches Erlebnis.<\/p>\n<p><span style=\"color: #999999;\"><em>ast<\/em><\/span><\/p>\n","protected":false},"excerpt":{"rendered":"<p>Wenn man der Corona-Pandemie etwas Gutes abgewinnen m\u00f6chte, dann ist das die Tatsache, dass sich \u00fcber viele Monate Dinge entwickeln konnten. F\u00fcr die Laufgruppe des SC Laage ist es die lebendige Sportfreundschaft mit polnischen Lauffreunden in Stettin geworden. Aber der Reihe nach. Im Zuge der Einschr\u00e4nkungen des \u00f6ffentlichen Lebens, w\u00e4hrend der Corona-Pandemie, schossen virtuelle Laufveranstaltungen [&hellip;]<\/p>\n","protected":false},"author":7,"featured_media":117258,"comment_status":"open","ping_status":"open","sticky":false,"template":"","format":"standard","meta":{"_seopress_robots_primary_cat":"none","_seopress_titles_title":"","_seopress_titles_desc":"","_seopress_robots_index":"","_relevanssi_hide_post":"","_relevanssi_hide_content":"","_relevanssi_pin_for_all":"","_relevanssi_pin_keywords":"","_relevanssi_unpin_keywords":"","_relevanssi_related_keywords":"","_relevanssi_related_include_ids":"","_relevanssi_related_exclude_ids":"","_relevanssi_related_no_append":"","_relevanssi_related_not_related":"","_relevanssi_related_posts":"","_relevanssi_noindex_reason":"","_uag_custom_page_level_css":"","footnotes":""},"categories":[47],"tags":[],"ort":[],"class_list":{"0":"post-117257","1":"post","2":"type-post","3":"status-publish","4":"format-standard","5":"has-post-thumbnail","7":"category-laufsport"},"featured_image_urls":{"medium":"https:\/\/mv-sport.de\/c\/wp-content\/uploads\/2022\/07\/stettin-team-2-2-600x600.jpg","medium_large":"https:\/\/mv-sport.de\/c\/wp-content\/uploads\/2022\/07\/stettin-team-2-2.jpg","large":"https:\/\/mv-sport.de\/c\/wp-content\/uploads\/2022\/07\/stettin-team-2-2-1400x1050.jpg","full":"https:\/\/mv-sport.de\/c\/wp-content\/uploads\/2022\/07\/stettin-team-2-2.jpg","alt":"","caption":"Das Foto zeigt die Abordnung des SC Laage. Foto: Christine Boldt"},"spectra_custom_meta":{"uab_option":["yes"],"uab_meta_position":["default"],"_extra_rating_average":["0"],"_seopress_analysis_data":["a:21:{s:5:\"title\";s:137:\"Internationales Lauffestival in Stettin - SC Laage stark dabei | MV-Sport.de - Sportvereine &amp; Sportnachrichten Mecklenburg-Vorpommern\";s:12:\"link_preview\";s:109:\"https:\/\/mv-sport.de\/internationales-lauffestival-in-stettin-sc-laage-stark-dabei\/?no_admin_bar=1&preview=true\";s:9:\"meta_desc\";s:351:\"Wenn man der Corona-Pandemie etwas Gutes abgewinnen m\u00f6chte, dann ist das die Tatsache, dass sich \u00fcber viele Monate Dinge entwickeln konnten. F\u00fcr die Laufgruppe des SC Laage ist es die lebendige Sportfreundschaft mit polnischen Lauffreunden in Stettin geworden. Aber der Reihe nach. Im Zuge der Einschr\u00e4nkungen des \u00f6ffentlichen Lebens, w\u00e4hrend\u2026\";s:8:\"og_title\";a:2:{s:5:\"count\";i:1;s:6:\"values\";a:1:{i:0;s:137:\"Internationales Lauffestival in Stettin - SC Laage stark dabei | MV-Sport.de - Sportvereine &amp; Sportnachrichten Mecklenburg-Vorpommern\";}}s:7:\"og_desc\";a:2:{s:5:\"count\";i:1;s:6:\"values\";a:1:{i:0;s:351:\"Wenn man der Corona-Pandemie etwas Gutes abgewinnen m\u00f6chte, dann ist das die Tatsache, dass sich \u00fcber viele Monate Dinge entwickeln konnten. F\u00fcr die Laufgruppe des SC Laage ist es die lebendige Sportfreundschaft mit polnischen Lauffreunden in Stettin geworden. Aber der Reihe nach. Im Zuge der Einschr\u00e4nkungen des \u00f6ffentlichen Lebens, w\u00e4hrend\u2026\";}}s:6:\"og_img\";a:2:{s:5:\"count\";i:1;s:6:\"values\";a:1:{i:0;s:67:\"https:\/\/mv-sport.de\/wp-content\/uploads\/2022\/07\/stettin-team-2-2.jpg\";}}s:6:\"og_url\";a:3:{s:5:\"count\";i:1;s:6:\"values\";a:1:{i:0;s:80:\"https:\/\/mv-sport.de\/internationales-lauffestival-in-stettin-sc-laage-stark-dabei\";}s:4:\"host\";s:11:\"mv-sport.de\";}s:12:\"og_site_name\";a:2:{s:5:\"count\";i:1;s:6:\"values\";a:1:{i:0;s:72:\"MV-Sport.de - Sportvereine &amp; Sportnachrichten Mecklenburg-Vorpommern\";}}s:8:\"tw_title\";a:2:{s:5:\"count\";i:1;s:6:\"values\";a:1:{i:0;s:137:\"Internationales Lauffestival in Stettin - SC Laage stark dabei | MV-Sport.de - Sportvereine &amp; Sportnachrichten Mecklenburg-Vorpommern\";}}s:7:\"tw_desc\";a:2:{s:5:\"count\";i:1;s:6:\"values\";a:1:{i:0;s:351:\"Wenn man der Corona-Pandemie etwas Gutes abgewinnen m\u00f6chte, dann ist das die Tatsache, dass sich \u00fcber viele Monate Dinge entwickeln konnten. F\u00fcr die Laufgruppe des SC Laage ist es die lebendige Sportfreundschaft mit polnischen Lauffreunden in Stettin geworden. Aber der Reihe nach. Im Zuge der Einschr\u00e4nkungen des \u00f6ffentlichen Lebens, w\u00e4hrend\u2026\";}}s:6:\"tw_img\";a:2:{s:5:\"count\";i:1;s:6:\"values\";a:1:{i:0;s:76:\"https:\/\/mv-sport.de\/wp-content\/uploads\/2022\/07\/stettin-team-2-2-1024x768.jpg\";}}s:9:\"canonical\";s:81:\"https:\/\/mv-sport.de\/internationales-lauffestival-in-stettin-sc-laage-stark-dabei\/\";s:13:\"all_canonical\";a:1:{i:0;s:81:\"https:\/\/mv-sport.de\/internationales-lauffestival-in-stettin-sc-laage-stark-dabei\/\";}s:2:\"h1\";a:1:{s:9:\"nomatches\";a:1:{s:5:\"count\";i:1;}}s:3:\"img\";a:1:{s:6:\"images\";a:2:{s:11:\"without_alt\";a:6:{i:0;s:76:\"https:\/\/mv-sport.de\/wp-content\/uploads\/2022\/07\/stettin-team-2-2-1024x768.jpg\";i:1;s:59:\"https:\/\/mv-sport.de\/wp-content\/uploads\/2017\/06\/sc_laage.png\";i:2;s:89:\"https:\/\/mv-sport.de\/wp-content\/sabai\/File\/thumbnails\/fdef61e788d19ee6e5e0cc61af544e43.png\";i:3;s:77:\"https:\/\/mv-sport.de\/wp-content\/plugins\/sabai\/assets\/images\/no_image_small.png\";i:4;s:89:\"https:\/\/mv-sport.de\/wp-content\/sabai\/File\/thumbnails\/01892b6cf829a2bb435fec3446b0dbcb.jpg\";i:5;s:61:\"https:\/\/mv-sport.de\/wp-content\/uploads\/2017\/05\/140x70px-3.gif\";}s:8:\"with_alt\";a:1:{i:0;s:46:\"https:\/\/c.ad-mv.de\/matomo.php?idsite=162&rec=1\";}}}s:11:\"meta_robots\";a:1:{i:0;a:1:{i:0;s:13:\"index, follow\";}}s:14:\"outbound_links\";a:9:{i:0;a:1:{s:29:\"http:\/\/www.sportclub-laage.de\";s:29:\"http:\/\/www.sportclub-laage.de\";}i:1;a:1:{s:34:\"https:\/\/www.facebook.com\/MVSportde\";s:0:\"\";}i:2;a:1:{s:37:\"https:\/\/www.instagram.com\/mv_sport.de\";s:0:\"\";}i:4;a:1:{s:28:\"http:\/\/www.elegantthemes.com\";s:14:\"Elegant Themes\";}i:5;a:1:{s:24:\"http:\/\/www.wordpress.org\";s:9:\"WordPress\";}i:6;a:1:{s:20:\"http:\/\/www.web-mv.de\";s:9:\"web-mv.de\";}i:7;a:1:{s:33:\"http:\/\/www.webdesign-schwerin.net\";s:0:\"\";}i:8;a:1:{s:34:\"https:\/\/www.facebook.com\/MVSportde\";s:13:\"\n    Like us!\";}i:9;a:1:{s:37:\"https:\/\/www.instagram.com\/mv_sport.de\";s:15:\"\n    Follow us!\";}}s:13:\"words_counter\";i:334;s:20:\"words_counter_unique\";i:216;s:4:\"json\";a:1:{i:0;s:14:\"BreadcrumbList\";}s:5:\"score\";b:0;}"],"_edit_lock":["1657547872:2"],"_edit_last":["2"],"xyz_fbap_future_to_publish":["a:3:{s:18:\"post_fb_permission\";i:0;s:18:\"xyz_fbap_po_method\";s:1:\"2\";s:16:\"xyz_fbap_message\";s:32:\"{POST_TITLE}\r\n{POST_EXCERPT} ...\";}"],"xyz_fbap":["1"],"xyz_fbap_insert_og":["1"],"_seopress_titles_title":[""],"_seopress_titles_desc":[""],"_seopress_robots_canonical":[""],"_seopress_robots_primary_cat":["none"],"_seopress_robots_breadcrumbs":[""],"_seopress_social_fb_title":[""],"_seopress_social_fb_desc":[""],"_seopress_social_fb_img":[""],"_seopress_social_fb_img_attachment_id":[""],"_seopress_social_fb_img_width":[""],"_seopress_social_fb_img_height":[""],"_seopress_social_twitter_title":[""],"_seopress_social_twitter_desc":[""],"_seopress_social_twitter_img":[""],"_seopress_social_twitter_img_attachment_id":[""],"_seopress_social_twitter_img_width":[""],"_seopress_social_twitter_img_height":[""],"_seopress_redirections_type":["301"],"_seopress_redirections_value":[""],"_seopress_redirections_logged_status":["both"],"_post_review_box_title":["Rezension"],"_post_review_box_summary":[""],"_post_review_box_summary_title":["Zusammenfassung"],"_post_review_box_breakdowns_score":["0"],"_post_review_box_breakdowns_count":["1"],"_post_review_box_breakdowns":["a:1:{i:0;a:2:{s:5:\"title\";s:0:\"\";s:6:\"rating\";i:0;}}"],"_extra_sidebar_location":[""],"_extra_sidebar":[""],"post_views_count":["34"],"_thumbnail_id":["117258"],"_seopress_pro_schemas_manual":["a:1:{i:0;a:1:{s:32:\"_seopress_pro_rich_snippets_type\";s:4:\"none\";}}"],"_seopress_analysis_target_kw":[""],"wp_schema_pro_optimized_structured_data":["<!-- Schema optimized by Schema Pro --><script type=\"application\/ld+json\">{\"@context\":\"https:\/\/schema.org\",\"@type\":\"NewsArticle\",\"mainEntityOfPage\":{\"@type\":\"WebPage\",\"@id\":\"https:\/\/mv-sport.de\/internationales-lauffestival-in-stettin-sc-laage-stark-dabei\/\"},\"headline\":\"Internationales Lauffestival in Stettin - SC Laage stark dabei\",\"image\":{\"@type\":\"ImageObject\",\"url\":\"https:\/\/mv-sport.de\/wp-content\/uploads\/2022\/07\/stettin-team-2-2.jpg\",\"width\":1600,\"height\":1200},\"datePublished\":\"2022-07-03T11:26:34\",\"dateModified\":\"2022-07-11T15:57:50\",\"author\":{\"@type\":\"Person\",\"name\":\"Sportclub Laage e.V.\",\"url\":\"https:\/\/mv-sport.de\/author\/sportclub-laage-e-v\"},\"publisher\":{\"@type\":\"Organization\",\"name\":\"MV-Sport.de - Sportvereine &amp; Sportnachrichten Mecklenburg-Vorpommern\",\"logo\":{\"@type\":\"ImageObject\",\"url\":\"https:\/\/mv-sport.de\/wp-content\/uploads\/2017\/05\/logo-mv-sport-292x60.png\"}}}<\/script><!-- \/ Schema optimized by Schema Pro -->"],"__post_views_count":["687"],"astra_style_timestamp_css":["1757483367"],"_uag_css_file_name":["uag-css-117257.css"],"_uag_page_assets":["a:9:{s:3:\"css\";s:7010:\".uagb-block-88f5875d.wp-block-uagb-image--layout-default figure img{box-shadow: 0px 0px 0 #00000070;}.uagb-block-88f5875d.wp-block-uagb-image .wp-block-uagb-image__figure figcaption{font-style: normal;align-self: center;}.uagb-block-88f5875d.wp-block-uagb-image--layout-overlay figure img{box-shadow: 0px 0px 0 #00000070;}.uagb-block-88f5875d.wp-block-uagb-image--layout-overlay .wp-block-uagb-image--layout-overlay__color-wrapper{opacity: 0.2;}.uagb-block-88f5875d.wp-block-uagb-image--layout-overlay .wp-block-uagb-image--layout-overlay__inner{left: 15px;right: 15px;top: 15px;bottom: 15px;}.uagb-block-88f5875d.wp-block-uagb-image--layout-overlay .wp-block-uagb-image--layout-overlay__inner .uagb-image-heading{font-style: normal;color: #fff;opacity: 1;}.uagb-block-88f5875d.wp-block-uagb-image--layout-overlay .wp-block-uagb-image--layout-overlay__inner .uagb-image-heading a{color: #fff;}.uagb-block-88f5875d.wp-block-uagb-image--layout-overlay .wp-block-uagb-image--layout-overlay__inner .uagb-image-caption{opacity: 0;}.uagb-block-88f5875d.wp-block-uagb-image--layout-overlay .wp-block-uagb-image__figure:hover .wp-block-uagb-image--layout-overlay__color-wrapper{opacity: 1;}.uagb-block-88f5875d.wp-block-uagb-image .wp-block-uagb-image--layout-overlay__inner .uagb-image-separator{width: 30%;border-top-width: 2px;border-top-color: #fff;opacity: 0;}.uagb-block-88f5875d.wp-block-uagb-image .wp-block-uagb-image__figure img{width: 297px;height: auto;}.uagb-block-88f5875d.wp-block-uagb-image .wp-block-uagb-image__figure:hover .wp-block-uagb-image--layout-overlay__inner .uagb-image-caption{opacity: 1;}.uagb-block-88f5875d.wp-block-uagb-image .wp-block-uagb-image__figure:hover .wp-block-uagb-image--layout-overlay__inner .uagb-image-separator{opacity: 1;}.uagb-block-88f5875d.wp-block-uagb-image--layout-default figure:hover img{box-shadow: 0px 0px 0 #00000070;}.uagb-block-88f5875d.wp-block-uagb-image--layout-overlay figure:hover img{box-shadow: 0px 0px 0 #00000070;}@media only screen and (max-width: 976px) {.uagb-block-88f5875d.wp-block-uagb-image .wp-block-uagb-image__figure img{width: 297px;height: auto;}}@media only screen and (max-width: 767px) {.uagb-block-88f5875d.wp-block-uagb-image .wp-block-uagb-image__figure img{width: 297px;height: auto;}}.uagb-block-b6c54374.wp-block-uagb-image{margin-top: 0px;margin-right: 0px;margin-bottom: 0px;margin-left: 0px;}.uagb-block-b6c54374.wp-block-uagb-image--layout-default figure img{box-shadow: 0px 0px 0 #00000070;}.uagb-block-b6c54374.wp-block-uagb-image .wp-block-uagb-image__figure figcaption{font-style: normal;align-self: center;}.uagb-block-b6c54374.wp-block-uagb-image--layout-overlay figure img{box-shadow: 0px 0px 0 #00000070;}.uagb-block-b6c54374.wp-block-uagb-image--layout-overlay .wp-block-uagb-image--layout-overlay__color-wrapper{opacity: 0.2;}.uagb-block-b6c54374.wp-block-uagb-image--layout-overlay .wp-block-uagb-image--layout-overlay__inner{left: 15px;right: 15px;top: 15px;bottom: 15px;}.uagb-block-b6c54374.wp-block-uagb-image--layout-overlay .wp-block-uagb-image--layout-overlay__inner .uagb-image-heading{font-style: normal;color: #fff;opacity: 1;}.uagb-block-b6c54374.wp-block-uagb-image--layout-overlay .wp-block-uagb-image--layout-overlay__inner .uagb-image-heading a{color: #fff;}.uagb-block-b6c54374.wp-block-uagb-image--layout-overlay .wp-block-uagb-image--layout-overlay__inner .uagb-image-caption{opacity: 0;}.uagb-block-b6c54374.wp-block-uagb-image--layout-overlay .wp-block-uagb-image__figure:hover .wp-block-uagb-image--layout-overlay__color-wrapper{opacity: 1;}.uagb-block-b6c54374.wp-block-uagb-image .wp-block-uagb-image--layout-overlay__inner .uagb-image-separator{width: 30%;border-top-width: 2px;border-top-color: #fff;opacity: 0;}.uagb-block-b6c54374.wp-block-uagb-image .wp-block-uagb-image__figure img{width: px;height: auto;}.uagb-block-b6c54374.wp-block-uagb-image .wp-block-uagb-image__figure:hover .wp-block-uagb-image--layout-overlay__inner .uagb-image-caption{opacity: 1;}.uagb-block-b6c54374.wp-block-uagb-image .wp-block-uagb-image__figure:hover .wp-block-uagb-image--layout-overlay__inner .uagb-image-separator{opacity: 1;}.uagb-block-b6c54374.wp-block-uagb-image--layout-default figure:hover img{box-shadow: 0px 0px 0 #00000070;}.uagb-block-b6c54374.wp-block-uagb-image--layout-overlay figure:hover img{box-shadow: 0px 0px 0 #00000070;}@media only screen and (max-width: 976px) {.uagb-block-b6c54374.wp-block-uagb-image .wp-block-uagb-image__figure img{width: px;height: auto;}}@media only screen and (max-width: 767px) {.uagb-block-b6c54374.wp-block-uagb-image .wp-block-uagb-image__figure img{width: px;height: auto;}}.uagb-block-2bdcf70c.wp-block-uagb-image{margin-top: 0px;margin-right: 0px;margin-bottom: 0px;margin-left: 0px;}.uagb-block-2bdcf70c.wp-block-uagb-image--layout-default figure img{box-shadow: 0px 0px 0 #00000070;}.uagb-block-2bdcf70c.wp-block-uagb-image .wp-block-uagb-image__figure figcaption{font-style: normal;align-self: center;}.uagb-block-2bdcf70c.wp-block-uagb-image--layout-overlay figure img{box-shadow: 0px 0px 0 #00000070;}.uagb-block-2bdcf70c.wp-block-uagb-image--layout-overlay .wp-block-uagb-image--layout-overlay__color-wrapper{opacity: 0.2;}.uagb-block-2bdcf70c.wp-block-uagb-image--layout-overlay .wp-block-uagb-image--layout-overlay__inner{left: 15px;right: 15px;top: 15px;bottom: 15px;}.uagb-block-2bdcf70c.wp-block-uagb-image--layout-overlay .wp-block-uagb-image--layout-overlay__inner .uagb-image-heading{font-style: normal;color: #fff;opacity: 1;}.uagb-block-2bdcf70c.wp-block-uagb-image--layout-overlay .wp-block-uagb-image--layout-overlay__inner .uagb-image-heading a{color: #fff;}.uagb-block-2bdcf70c.wp-block-uagb-image--layout-overlay .wp-block-uagb-image--layout-overlay__inner .uagb-image-caption{opacity: 0;}.uagb-block-2bdcf70c.wp-block-uagb-image--layout-overlay .wp-block-uagb-image__figure:hover .wp-block-uagb-image--layout-overlay__color-wrapper{opacity: 1;}.uagb-block-2bdcf70c.wp-block-uagb-image .wp-block-uagb-image--layout-overlay__inner .uagb-image-separator{width: 30%;border-top-width: 2px;border-top-color: #fff;opacity: 0;}.uagb-block-2bdcf70c.wp-block-uagb-image .wp-block-uagb-image__figure img{width: px;height: auto;}.uagb-block-2bdcf70c.wp-block-uagb-image .wp-block-uagb-image__figure:hover .wp-block-uagb-image--layout-overlay__inner .uagb-image-caption{opacity: 1;}.uagb-block-2bdcf70c.wp-block-uagb-image .wp-block-uagb-image__figure:hover .wp-block-uagb-image--layout-overlay__inner .uagb-image-separator{opacity: 1;}.uagb-block-2bdcf70c.wp-block-uagb-image--layout-default figure:hover img{box-shadow: 0px 0px 0 #00000070;}.uagb-block-2bdcf70c.wp-block-uagb-image--layout-overlay figure:hover img{box-shadow: 0px 0px 0 #00000070;}@media only screen and (max-width: 976px) {.uagb-block-2bdcf70c.wp-block-uagb-image .wp-block-uagb-image__figure img{width: px;height: auto;}}@media only screen and (max-width: 767px) {.uagb-block-2bdcf70c.wp-block-uagb-image .wp-block-uagb-image__figure img{width: px;height: auto;}}\";s:2:\"js\";s:0:\"\";s:18:\"current_block_list\";a:28:{i:0;s:10:\"core\/group\";i:2;s:24:\"core\/post-featured-image\";i:3;s:15:\"core\/post-title\";i:5;s:14:\"core\/post-date\";i:6;s:16:\"core\/post-author\";i:7;s:15:\"core\/post-terms\";i:8;s:17:\"core\/post-content\";i:9;s:14:\"core\/separator\";i:10;s:13:\"core\/comments\";i:11;s:19:\"core\/comments-title\";i:12;s:21:\"core\/comment-template\";i:15;s:11:\"core\/avatar\";i:16;s:24:\"core\/comment-author-name\";i:17;s:17:\"core\/comment-date\";i:18;s:20:\"core\/comment-content\";i:19;s:23:\"core\/comment-reply-link\";i:20;s:24:\"core\/comments-pagination\";i:21;s:33:\"core\/comments-pagination-previous\";i:22;s:32:\"core\/comments-pagination-numbers\";i:23;s:29:\"core\/comments-pagination-next\";i:24;s:23:\"core\/post-comments-form\";i:25;s:14:\"core\/tag-cloud\";i:26;s:12:\"core\/heading\";i:27;s:14:\"core\/paragraph\";i:28;s:12:\"core\/buttons\";i:29;s:11:\"core\/button\";i:30;s:10:\"uagb\/image\";i:31;s:10:\"core\/image\";}s:8:\"uag_flag\";b:1;s:11:\"uag_version\";s:10:\"1777798830\";s:6:\"gfonts\";a:0:{}s:10:\"gfonts_url\";s:0:\"\";s:12:\"gfonts_files\";a:0:{}s:14:\"uag_faq_layout\";b:0;}"]},"uagb_featured_image_src":{"full":["https:\/\/mv-sport.de\/c\/wp-content\/uploads\/2022\/07\/stettin-team-2-2.jpg",1600,1200,false],"thumbnail":["https:\/\/mv-sport.de\/c\/wp-content\/uploads\/2022\/07\/stettin-team-2-2-150x150.jpg",150,150,true],"medium":["https:\/\/mv-sport.de\/c\/wp-content\/uploads\/2022\/07\/stettin-team-2-2-600x600.jpg",350,350,true],"medium_large":["https:\/\/mv-sport.de\/c\/wp-content\/uploads\/2022\/07\/stettin-team-2-2.jpg",768,576,false],"large":["https:\/\/mv-sport.de\/c\/wp-content\/uploads\/2022\/07\/stettin-team-2-2-1400x1050.jpg",1024,768,true],"1536x1536":["https:\/\/mv-sport.de\/c\/wp-content\/uploads\/2022\/07\/stettin-team-2-2.jpg",1536,1152,false],"2048x2048":["https:\/\/mv-sport.de\/c\/wp-content\/uploads\/2022\/07\/stettin-team-2-2.jpg",1600,1200,false],"ultp_layout_landscape_large":["https:\/\/mv-sport.de\/c\/wp-content\/uploads\/2022\/07\/stettin-team-2-2.jpg",1067,800,false],"ultp_layout_landscape":["https:\/\/mv-sport.de\/c\/wp-content\/uploads\/2022\/07\/stettin-team-2-2.jpg",760,570,false],"ultp_layout_portrait":["https:\/\/mv-sport.de\/c\/wp-content\/uploads\/2022\/07\/stettin-team-2-2.jpg",600,450,false],"ultp_layout_square":["https:\/\/mv-sport.de\/c\/wp-content\/uploads\/2022\/07\/stettin-team-2-2.jpg",600,450,false]},"uagb_author_info":{"display_name":"Sportclub Laage e.V.","author_link":"https:\/\/mv-sport.de\/c\/author\/sportclub-laage-e-v\/"},"uagb_comment_info":0,"uagb_excerpt":"Wenn man der Corona-Pandemie etwas Gutes abgewinnen m\u00f6chte, dann ist das die Tatsache, dass sich \u00fcber viele Monate Dinge entwickeln konnten. F\u00fcr die Laufgruppe des SC Laage ist es die lebendige Sportfreundschaft mit polnischen Lauffreunden in Stettin geworden. Aber der Reihe nach. Im Zuge der Einschr\u00e4nkungen des \u00f6ffentlichen Lebens, w\u00e4hrend der Corona-Pandemie, schossen virtuelle Laufveranstaltungen&hellip;","_links":{"self":[{"href":"https:\/\/mv-sport.de\/c\/wp-json\/wp\/v2\/posts\/117257","targetHints":{"allow":["GET"]}}],"collection":[{"href":"https:\/\/mv-sport.de\/c\/wp-json\/wp\/v2\/posts"}],"about":[{"href":"https:\/\/mv-sport.de\/c\/wp-json\/wp\/v2\/types\/post"}],"author":[{"embeddable":true,"href":"https:\/\/mv-sport.de\/c\/wp-json\/wp\/v2\/users\/7"}],"replies":[{"embeddable":true,"href":"https:\/\/mv-sport.de\/c\/wp-json\/wp\/v2\/comments?post=117257"}],"version-history":[{"count":0,"href":"https:\/\/mv-sport.de\/c\/wp-json\/wp\/v2\/posts\/117257\/revisions"}],"wp:featuredmedia":[{"embeddable":true,"href":"https:\/\/mv-sport.de\/c\/wp-json\/wp\/v2\/media\/117258"}],"wp:attachment":[{"href":"https:\/\/mv-sport.de\/c\/wp-json\/wp\/v2\/media?parent=117257"}],"wp:term":[{"taxonomy":"category","embeddable":true,"href":"https:\/\/mv-sport.de\/c\/wp-json\/wp\/v2\/categories?post=117257"},{"taxonomy":"post_tag","embeddable":true,"href":"https:\/\/mv-sport.de\/c\/wp-json\/wp\/v2\/tags?post=117257"},{"taxonomy":"ort","embeddable":true,"href":"https:\/\/mv-sport.de\/c\/wp-json\/wp\/v2\/ort?post=117257"}],"curies":[{"name":"wp","href":"https:\/\/api.w.org\/{rel}","templated":true}]}}