{"id":118058,"date":"2022-07-10T21:03:09","date_gmt":"2022-07-10T19:03:09","guid":{"rendered":"https:\/\/mv-sport.de\/?p=118058"},"modified":"2022-07-11T10:15:14","modified_gmt":"2022-07-11T08:15:14","slug":"karl-krull-gedenklauf-in-steinhagen","status":"publish","type":"post","link":"https:\/\/mv-sport.de\/c\/karl-krull-gedenklauf-in-steinhagen\/","title":{"rendered":"Karl Krull Gedenklauf in Steinhagen"},"content":{"rendered":"<p>Seit vielen Jahren ist die kleine Gemeinde mit dem \u00f6rtlichen Sportverein Gastgeber f\u00fcr die Sommerstation des Laufcups Mecklenburg-Vorpommern. Als Wertungslauf im Laufcup bei den Erwachsenen und im Nachwuchslaufcup unseres Bundeslandes ist die Veranstaltung schon fest im Laufkalender vieler Athletinnen und Athleten verankert und erfreut sich immer gr\u00f6\u00dferer Beliebtheit. Der wirklich sehr schnelle Wendekurs auf dem Radweg in Richtung Negast bei Stralsund und nat\u00fcrlich auch die Aussicht auf die begehrten Cup-Punkte spornten wieder \u00fcber mehr als 200 Ausdauersportler aus ganz Mecklenburg-Vorpommern zu ganz tollen Leistungen an und das bei k\u00fchlen \u00e4u\u00dferen Bedingungen und einem kantigen Gegenwind.<\/p>\n<figure id=\"attachment_118059\" aria-describedby=\"caption-attachment-118059\" style=\"width: 1024px\" class=\"wp-caption alignnone\"><img loading=\"lazy\" decoding=\"async\" class=\"wp-image-118059 size-large\" src=\"https:\/\/mv-sport.de\/wp-content\/uploads\/2022\/07\/20220710_121642-2-1024x768.jpg\" alt=\"\" width=\"1024\" height=\"768\" \/><figcaption id=\"caption-attachment-118059\" class=\"wp-caption-text\">Das Foto zeigt Ausdauersportler des SC Laage. <span style=\"color: #999999;\">Foto: Christine Boldt<\/span><\/figcaption><\/figure>\n<p>Der Sportclub Laage war mit 50 L\u00e4uferinnen und L\u00e4ufern aller Altersklassen angereist und konnte durchaus wieder \u00fcberzeugen. Trotz des Fehlens einiger Leistungstr\u00e4ger konnten die Clubl\u00e4ufer*innen in ihren Wertungen\u00a0 sehr ordentlich Punkte erlaufen. Als Schnellster, aus Sicht des SC Laage, lief der 35-j\u00e4hrige Steffen Schirmer nach 39,01 Minuten auf den 2. Rang seiner Wertungsklasse. Altersklassensieger in der Klasse der \u00fcber 55-j\u00e4hrigen M\u00e4nner wurde Stefan Grobbecker. Nach 41,17 Minuten erreichte der Teschower das Ziel auf dem Fu\u00dfballplatz des Gastgebers. Bei den Frauen konnte Sandra Murr nach 45,13 Minuten \u00fcber den 2.Rang und eine neue pers\u00f6nliche Bestleistung jubeln. Ihr folgten vereinsintern die 21-j\u00e4hrige Stella Grobbecker (45,53 min) als 2.ihrer Wertungsklasse und die 19-j\u00e4hrige Joelina Raith. Sie siegte in der Klasse der unter 20-j\u00e4hrigen nach 46,58 Minuten.\u00a0 \u00dcber die 5 Kilometer Strecke, die als Cuplauf der Jugend vorbehalten war, konnten Niclas L\u00fcbs (20,09 min) in der Wertung der unter 18-j\u00e4hrigen und der 12-j\u00e4hrige Lennox Raith (21,26 min) gewinnen. Bei den M\u00e4dchen gelang das der 13-j\u00e4hrigen Johanna Heuck nach 22,40 Minuten. Schnellste Recknitzst\u00e4dterin wurde die fast 16-j\u00e4hrige Juliane G\u00f6llnitz \u00a0nach 21,35 Minuten. Im 2 Kilometer langen Sch\u00fclerlauf konnten die Nachwuchssportler*innen des SC Laage ebenfalls gut punkten. Schnellster Junge wurde vereinsintern Erik Ostertag (3. \/ 8,46 min) vor Maximilian K\u00fchl \u00a0(4. \/ 8,55 min). Paola Alegra Paeschke (2. \/ 9,25 min) wurde als schnellste Laager L\u00e4uferinnen in die Ergebnisliste aufgenommen. Vereinsintern folgte ihr Johanna K\u00fchl (1. U10 \/ 10,05 min) vor Hedi Svenja Schneider (3. U10\/ 10,25 min)<\/p>\n<p><em><span style=\"color: #999999;\">ast<\/span><\/em><\/p>\n","protected":false},"excerpt":{"rendered":"<p>Seit vielen Jahren ist die kleine Gemeinde mit dem \u00f6rtlichen Sportverein Gastgeber f\u00fcr die Sommerstation des Laufcups Mecklenburg-Vorpommern. Als Wertungslauf im Laufcup bei den Erwachsenen und im Nachwuchslaufcup unseres Bundeslandes ist die Veranstaltung schon fest im Laufkalender vieler Athletinnen und Athleten verankert und erfreut sich immer gr\u00f6\u00dferer Beliebtheit. Der wirklich sehr schnelle Wendekurs auf dem [&hellip;]<\/p>\n","protected":false},"author":7,"featured_media":118059,"comment_status":"open","ping_status":"open","sticky":false,"template":"","format":"standard","meta":{"_seopress_robots_primary_cat":"none","_seopress_titles_title":"","_seopress_titles_desc":"","_seopress_robots_index":"","_relevanssi_hide_post":"","_relevanssi_hide_content":"","_relevanssi_pin_for_all":"","_relevanssi_pin_keywords":"","_relevanssi_unpin_keywords":"","_relevanssi_related_keywords":"","_relevanssi_related_include_ids":"","_relevanssi_related_exclude_ids":"","_relevanssi_related_no_append":"","_relevanssi_related_not_related":"","_relevanssi_related_posts":"","_relevanssi_noindex_reason":"","_uag_custom_page_level_css":"","footnotes":""},"categories":[47],"tags":[],"ort":[],"class_list":{"0":"post-118058","1":"post","2":"type-post","3":"status-publish","4":"format-standard","5":"has-post-thumbnail","7":"category-laufsport"},"featured_image_urls":{"medium":"https:\/\/mv-sport.de\/c\/wp-content\/uploads\/2022\/07\/20220710_121642-2-600x600.jpg","medium_large":"https:\/\/mv-sport.de\/c\/wp-content\/uploads\/2022\/07\/20220710_121642-2.jpg","large":"https:\/\/mv-sport.de\/c\/wp-content\/uploads\/2022\/07\/20220710_121642-2.jpg","full":"https:\/\/mv-sport.de\/c\/wp-content\/uploads\/2022\/07\/20220710_121642-2.jpg","alt":"","caption":"Das Foto zeigt Ausdauersportler des SC Laage. Foto: Christine Boldt"},"spectra_custom_meta":{"uab_option":["yes"],"uab_meta_position":["default"],"_extra_rating_average":["0"],"_edit_lock":["1657527275:2"],"_seopress_analysis_data":["a:21:{s:5:\"title\";s:110:\"Karl Krull Gedenklauf in Steinhagen | MV-Sport.de - Sportvereine &amp; Sportnachrichten Mecklenburg-Vorpommern\";s:12:\"link_preview\";s:84:\"https:\/\/mv-sport.de\/karl-krull-gedenklauf-in-steinhagen\/?no_admin_bar=1&preview=true\";s:9:\"meta_desc\";s:390:\"Seit vielen Jahren ist die kleine Gemeinde mit dem \u00f6rtlichen Sportverein Gastgeber f\u00fcr die Sommerstation des Laufcups Mecklenburg-Vorpommern. Als Wertungslauf im Laufcup bei den Erwachsenen und im Nachwuchslaufcup unseres Bundeslandes ist die Veranstaltung schon fest im Laufkalender vieler Athletinnen und Athleten verankert und erfreut sich immer gr\u00f6\u00dferer Beliebtheit. Der wirklich\u2026\";s:8:\"og_title\";a:2:{s:5:\"count\";i:1;s:6:\"values\";a:1:{i:0;s:110:\"Karl Krull Gedenklauf in Steinhagen | MV-Sport.de - Sportvereine &amp; Sportnachrichten Mecklenburg-Vorpommern\";}}s:7:\"og_desc\";a:2:{s:5:\"count\";i:1;s:6:\"values\";a:1:{i:0;s:390:\"Seit vielen Jahren ist die kleine Gemeinde mit dem \u00f6rtlichen Sportverein Gastgeber f\u00fcr die Sommerstation des Laufcups Mecklenburg-Vorpommern. Als Wertungslauf im Laufcup bei den Erwachsenen und im Nachwuchslaufcup unseres Bundeslandes ist die Veranstaltung schon fest im Laufkalender vieler Athletinnen und Athleten verankert und erfreut sich immer gr\u00f6\u00dferer Beliebtheit. Der wirklich\u2026\";}}s:6:\"og_img\";a:2:{s:5:\"count\";i:1;s:6:\"values\";a:1:{i:0;s:68:\"https:\/\/mv-sport.de\/wp-content\/uploads\/2022\/07\/20220710_121642-2.jpg\";}}s:6:\"og_url\";a:3:{s:5:\"count\";i:1;s:6:\"values\";a:1:{i:0;s:55:\"https:\/\/mv-sport.de\/karl-krull-gedenklauf-in-steinhagen\";}s:4:\"host\";s:11:\"mv-sport.de\";}s:12:\"og_site_name\";a:2:{s:5:\"count\";i:1;s:6:\"values\";a:1:{i:0;s:72:\"MV-Sport.de - Sportvereine &amp; Sportnachrichten Mecklenburg-Vorpommern\";}}s:8:\"tw_title\";a:2:{s:5:\"count\";i:1;s:6:\"values\";a:1:{i:0;s:110:\"Karl Krull Gedenklauf in Steinhagen | MV-Sport.de - Sportvereine &amp; Sportnachrichten Mecklenburg-Vorpommern\";}}s:7:\"tw_desc\";a:2:{s:5:\"count\";i:1;s:6:\"values\";a:1:{i:0;s:390:\"Seit vielen Jahren ist die kleine Gemeinde mit dem \u00f6rtlichen Sportverein Gastgeber f\u00fcr die Sommerstation des Laufcups Mecklenburg-Vorpommern. Als Wertungslauf im Laufcup bei den Erwachsenen und im Nachwuchslaufcup unseres Bundeslandes ist die Veranstaltung schon fest im Laufkalender vieler Athletinnen und Athleten verankert und erfreut sich immer gr\u00f6\u00dferer Beliebtheit. Der wirklich\u2026\";}}s:6:\"tw_img\";a:2:{s:5:\"count\";i:1;s:6:\"values\";a:1:{i:0;s:77:\"https:\/\/mv-sport.de\/wp-content\/uploads\/2022\/07\/20220710_121642-2-1024x768.jpg\";}}s:9:\"canonical\";s:56:\"https:\/\/mv-sport.de\/karl-krull-gedenklauf-in-steinhagen\/\";s:13:\"all_canonical\";a:1:{i:0;s:56:\"https:\/\/mv-sport.de\/karl-krull-gedenklauf-in-steinhagen\/\";}s:2:\"h1\";a:1:{s:9:\"nomatches\";a:1:{s:5:\"count\";i:1;}}s:3:\"img\";a:1:{s:6:\"images\";a:2:{s:11:\"without_alt\";a:6:{i:0;s:77:\"https:\/\/mv-sport.de\/wp-content\/uploads\/2022\/07\/20220710_121642-2-1024x768.jpg\";i:1;s:59:\"https:\/\/mv-sport.de\/wp-content\/uploads\/2017\/06\/sc_laage.png\";i:2;s:89:\"https:\/\/mv-sport.de\/wp-content\/sabai\/File\/thumbnails\/00201376851b345a8bfd727a890d4731.jpg\";i:3;s:89:\"https:\/\/mv-sport.de\/wp-content\/sabai\/File\/thumbnails\/2f15007f9e88023d9674421a860940ef.jpg\";i:4;s:89:\"https:\/\/mv-sport.de\/wp-content\/sabai\/File\/thumbnails\/12661701661d4d2a24f6687882d904aa.jpg\";i:5;s:61:\"https:\/\/mv-sport.de\/wp-content\/uploads\/2017\/05\/140x70px-3.gif\";}s:8:\"with_alt\";a:1:{i:0;s:46:\"https:\/\/c.ad-mv.de\/matomo.php?idsite=162&rec=1\";}}}s:11:\"meta_robots\";a:1:{i:0;a:1:{i:0;s:13:\"index, follow\";}}s:14:\"outbound_links\";a:9:{i:0;a:1:{s:29:\"http:\/\/www.sportclub-laage.de\";s:29:\"http:\/\/www.sportclub-laage.de\";}i:1;a:1:{s:34:\"https:\/\/www.facebook.com\/MVSportde\";s:0:\"\";}i:2;a:1:{s:37:\"https:\/\/www.instagram.com\/mv_sport.de\";s:0:\"\";}i:4;a:1:{s:28:\"http:\/\/www.elegantthemes.com\";s:14:\"Elegant Themes\";}i:5;a:1:{s:24:\"http:\/\/www.wordpress.org\";s:9:\"WordPress\";}i:6;a:1:{s:20:\"http:\/\/www.web-mv.de\";s:9:\"web-mv.de\";}i:7;a:1:{s:33:\"http:\/\/www.webdesign-schwerin.net\";s:0:\"\";}i:8;a:1:{s:34:\"https:\/\/www.facebook.com\/MVSportde\";s:13:\"\n    Like us!\";}i:9;a:1:{s:37:\"https:\/\/www.instagram.com\/mv_sport.de\";s:15:\"\n    Follow us!\";}}s:13:\"words_counter\";i:322;s:20:\"words_counter_unique\";i:198;s:4:\"json\";a:1:{i:0;s:14:\"BreadcrumbList\";}s:5:\"score\";b:0;}"],"_edit_last":["2"],"_thumbnail_id":["118059"],"xyz_fbap_future_to_publish":["a:3:{s:18:\"post_fb_permission\";i:0;s:18:\"xyz_fbap_po_method\";s:1:\"2\";s:16:\"xyz_fbap_message\";s:32:\"{POST_TITLE}\r\n{POST_EXCERPT} ...\";}"],"xyz_fbap":["1"],"xyz_fbap_insert_og":["1"],"_seopress_titles_title":[""],"_seopress_titles_desc":[""],"_seopress_robots_canonical":[""],"_seopress_robots_primary_cat":["none"],"_seopress_robots_breadcrumbs":[""],"_seopress_social_fb_title":[""],"_seopress_social_fb_desc":[""],"_seopress_social_fb_img":[""],"_seopress_social_fb_img_attachment_id":[""],"_seopress_social_fb_img_width":[""],"_seopress_social_fb_img_height":[""],"_seopress_social_twitter_title":[""],"_seopress_social_twitter_desc":[""],"_seopress_social_twitter_img":[""],"_seopress_social_twitter_img_attachment_id":[""],"_seopress_social_twitter_img_width":[""],"_seopress_social_twitter_img_height":[""],"_seopress_redirections_type":["301"],"_seopress_redirections_value":[""],"_seopress_redirections_logged_status":["both"],"_post_review_box_title":["Rezension"],"_post_review_box_summary":[""],"_post_review_box_summary_title":["Zusammenfassung"],"_post_review_box_breakdowns_score":["0"],"_post_review_box_breakdowns_count":["1"],"_post_review_box_breakdowns":["a:1:{i:0;a:2:{s:5:\"title\";s:0:\"\";s:6:\"rating\";i:0;}}"],"_extra_sidebar_location":[""],"_extra_sidebar":[""],"post_views_count":["72"],"_seopress_pro_schemas_manual":["a:1:{i:0;a:1:{s:32:\"_seopress_pro_rich_snippets_type\";s:4:\"none\";}}"],"_seopress_analysis_target_kw":[""],"wp_schema_pro_optimized_structured_data":["<!-- Schema optimized by Schema Pro --><script type=\"application\/ld+json\">{\"@context\":\"https:\/\/schema.org\",\"@type\":\"NewsArticle\",\"mainEntityOfPage\":{\"@type\":\"WebPage\",\"@id\":\"https:\/\/mv-sport.de\/karl-krull-gedenklauf-in-steinhagen\/\"},\"headline\":\"Karl Krull Gedenklauf in Steinhagen\",\"image\":{\"@type\":\"ImageObject\",\"url\":\"https:\/\/mv-sport.de\/wp-content\/uploads\/2022\/07\/20220710_121642-2.jpg\",\"width\":1336,\"height\":1002},\"datePublished\":\"2022-07-10T21:03:09\",\"dateModified\":\"2022-07-11T10:15:14\",\"author\":{\"@type\":\"Person\",\"name\":\"Sportclub Laage e.V.\",\"url\":\"https:\/\/mv-sport.de\/author\/sportclub-laage-e-v\"},\"publisher\":{\"@type\":\"Organization\",\"name\":\"MV-Sport.de - Sportvereine &amp; Sportnachrichten Mecklenburg-Vorpommern\",\"logo\":{\"@type\":\"ImageObject\",\"url\":\"https:\/\/mv-sport.de\/wp-content\/uploads\/2017\/05\/logo-mv-sport-292x60.png\"}}}<\/script><!-- \/ Schema optimized by Schema Pro -->"],"__post_views_count":["12412"],"astra_style_timestamp_css":["1757580478"],"_uag_css_file_name":["uag-css-118058.css"],"_uag_page_assets":["a:9:{s:3:\"css\";s:7010:\".uagb-block-88f5875d.wp-block-uagb-image--layout-default figure img{box-shadow: 0px 0px 0 #00000070;}.uagb-block-88f5875d.wp-block-uagb-image .wp-block-uagb-image__figure figcaption{font-style: normal;align-self: center;}.uagb-block-88f5875d.wp-block-uagb-image--layout-overlay figure img{box-shadow: 0px 0px 0 #00000070;}.uagb-block-88f5875d.wp-block-uagb-image--layout-overlay .wp-block-uagb-image--layout-overlay__color-wrapper{opacity: 0.2;}.uagb-block-88f5875d.wp-block-uagb-image--layout-overlay .wp-block-uagb-image--layout-overlay__inner{left: 15px;right: 15px;top: 15px;bottom: 15px;}.uagb-block-88f5875d.wp-block-uagb-image--layout-overlay .wp-block-uagb-image--layout-overlay__inner .uagb-image-heading{font-style: normal;color: #fff;opacity: 1;}.uagb-block-88f5875d.wp-block-uagb-image--layout-overlay .wp-block-uagb-image--layout-overlay__inner .uagb-image-heading a{color: #fff;}.uagb-block-88f5875d.wp-block-uagb-image--layout-overlay .wp-block-uagb-image--layout-overlay__inner .uagb-image-caption{opacity: 0;}.uagb-block-88f5875d.wp-block-uagb-image--layout-overlay .wp-block-uagb-image__figure:hover .wp-block-uagb-image--layout-overlay__color-wrapper{opacity: 1;}.uagb-block-88f5875d.wp-block-uagb-image .wp-block-uagb-image--layout-overlay__inner .uagb-image-separator{width: 30%;border-top-width: 2px;border-top-color: #fff;opacity: 0;}.uagb-block-88f5875d.wp-block-uagb-image .wp-block-uagb-image__figure img{width: 297px;height: auto;}.uagb-block-88f5875d.wp-block-uagb-image .wp-block-uagb-image__figure:hover .wp-block-uagb-image--layout-overlay__inner .uagb-image-caption{opacity: 1;}.uagb-block-88f5875d.wp-block-uagb-image .wp-block-uagb-image__figure:hover .wp-block-uagb-image--layout-overlay__inner .uagb-image-separator{opacity: 1;}.uagb-block-88f5875d.wp-block-uagb-image--layout-default figure:hover img{box-shadow: 0px 0px 0 #00000070;}.uagb-block-88f5875d.wp-block-uagb-image--layout-overlay figure:hover img{box-shadow: 0px 0px 0 #00000070;}@media only screen and (max-width: 976px) {.uagb-block-88f5875d.wp-block-uagb-image .wp-block-uagb-image__figure img{width: 297px;height: auto;}}@media only screen and (max-width: 767px) {.uagb-block-88f5875d.wp-block-uagb-image .wp-block-uagb-image__figure img{width: 297px;height: auto;}}.uagb-block-b6c54374.wp-block-uagb-image{margin-top: 0px;margin-right: 0px;margin-bottom: 0px;margin-left: 0px;}.uagb-block-b6c54374.wp-block-uagb-image--layout-default figure img{box-shadow: 0px 0px 0 #00000070;}.uagb-block-b6c54374.wp-block-uagb-image .wp-block-uagb-image__figure figcaption{font-style: normal;align-self: center;}.uagb-block-b6c54374.wp-block-uagb-image--layout-overlay figure img{box-shadow: 0px 0px 0 #00000070;}.uagb-block-b6c54374.wp-block-uagb-image--layout-overlay .wp-block-uagb-image--layout-overlay__color-wrapper{opacity: 0.2;}.uagb-block-b6c54374.wp-block-uagb-image--layout-overlay .wp-block-uagb-image--layout-overlay__inner{left: 15px;right: 15px;top: 15px;bottom: 15px;}.uagb-block-b6c54374.wp-block-uagb-image--layout-overlay .wp-block-uagb-image--layout-overlay__inner .uagb-image-heading{font-style: normal;color: #fff;opacity: 1;}.uagb-block-b6c54374.wp-block-uagb-image--layout-overlay .wp-block-uagb-image--layout-overlay__inner .uagb-image-heading a{color: #fff;}.uagb-block-b6c54374.wp-block-uagb-image--layout-overlay .wp-block-uagb-image--layout-overlay__inner .uagb-image-caption{opacity: 0;}.uagb-block-b6c54374.wp-block-uagb-image--layout-overlay .wp-block-uagb-image__figure:hover .wp-block-uagb-image--layout-overlay__color-wrapper{opacity: 1;}.uagb-block-b6c54374.wp-block-uagb-image .wp-block-uagb-image--layout-overlay__inner .uagb-image-separator{width: 30%;border-top-width: 2px;border-top-color: #fff;opacity: 0;}.uagb-block-b6c54374.wp-block-uagb-image .wp-block-uagb-image__figure img{width: px;height: auto;}.uagb-block-b6c54374.wp-block-uagb-image .wp-block-uagb-image__figure:hover .wp-block-uagb-image--layout-overlay__inner .uagb-image-caption{opacity: 1;}.uagb-block-b6c54374.wp-block-uagb-image .wp-block-uagb-image__figure:hover .wp-block-uagb-image--layout-overlay__inner .uagb-image-separator{opacity: 1;}.uagb-block-b6c54374.wp-block-uagb-image--layout-default figure:hover img{box-shadow: 0px 0px 0 #00000070;}.uagb-block-b6c54374.wp-block-uagb-image--layout-overlay figure:hover img{box-shadow: 0px 0px 0 #00000070;}@media only screen and (max-width: 976px) {.uagb-block-b6c54374.wp-block-uagb-image .wp-block-uagb-image__figure img{width: px;height: auto;}}@media only screen and (max-width: 767px) {.uagb-block-b6c54374.wp-block-uagb-image .wp-block-uagb-image__figure img{width: px;height: auto;}}.uagb-block-2bdcf70c.wp-block-uagb-image{margin-top: 0px;margin-right: 0px;margin-bottom: 0px;margin-left: 0px;}.uagb-block-2bdcf70c.wp-block-uagb-image--layout-default figure img{box-shadow: 0px 0px 0 #00000070;}.uagb-block-2bdcf70c.wp-block-uagb-image .wp-block-uagb-image__figure figcaption{font-style: normal;align-self: center;}.uagb-block-2bdcf70c.wp-block-uagb-image--layout-overlay figure img{box-shadow: 0px 0px 0 #00000070;}.uagb-block-2bdcf70c.wp-block-uagb-image--layout-overlay .wp-block-uagb-image--layout-overlay__color-wrapper{opacity: 0.2;}.uagb-block-2bdcf70c.wp-block-uagb-image--layout-overlay .wp-block-uagb-image--layout-overlay__inner{left: 15px;right: 15px;top: 15px;bottom: 15px;}.uagb-block-2bdcf70c.wp-block-uagb-image--layout-overlay .wp-block-uagb-image--layout-overlay__inner .uagb-image-heading{font-style: normal;color: #fff;opacity: 1;}.uagb-block-2bdcf70c.wp-block-uagb-image--layout-overlay .wp-block-uagb-image--layout-overlay__inner .uagb-image-heading a{color: #fff;}.uagb-block-2bdcf70c.wp-block-uagb-image--layout-overlay .wp-block-uagb-image--layout-overlay__inner .uagb-image-caption{opacity: 0;}.uagb-block-2bdcf70c.wp-block-uagb-image--layout-overlay .wp-block-uagb-image__figure:hover .wp-block-uagb-image--layout-overlay__color-wrapper{opacity: 1;}.uagb-block-2bdcf70c.wp-block-uagb-image .wp-block-uagb-image--layout-overlay__inner .uagb-image-separator{width: 30%;border-top-width: 2px;border-top-color: #fff;opacity: 0;}.uagb-block-2bdcf70c.wp-block-uagb-image .wp-block-uagb-image__figure img{width: px;height: auto;}.uagb-block-2bdcf70c.wp-block-uagb-image .wp-block-uagb-image__figure:hover .wp-block-uagb-image--layout-overlay__inner .uagb-image-caption{opacity: 1;}.uagb-block-2bdcf70c.wp-block-uagb-image .wp-block-uagb-image__figure:hover .wp-block-uagb-image--layout-overlay__inner .uagb-image-separator{opacity: 1;}.uagb-block-2bdcf70c.wp-block-uagb-image--layout-default figure:hover img{box-shadow: 0px 0px 0 #00000070;}.uagb-block-2bdcf70c.wp-block-uagb-image--layout-overlay figure:hover img{box-shadow: 0px 0px 0 #00000070;}@media only screen and (max-width: 976px) {.uagb-block-2bdcf70c.wp-block-uagb-image .wp-block-uagb-image__figure img{width: px;height: auto;}}@media only screen and (max-width: 767px) {.uagb-block-2bdcf70c.wp-block-uagb-image .wp-block-uagb-image__figure img{width: px;height: auto;}}\";s:2:\"js\";s:0:\"\";s:18:\"current_block_list\";a:28:{i:0;s:10:\"core\/group\";i:2;s:24:\"core\/post-featured-image\";i:3;s:15:\"core\/post-title\";i:5;s:14:\"core\/post-date\";i:6;s:16:\"core\/post-author\";i:7;s:15:\"core\/post-terms\";i:8;s:17:\"core\/post-content\";i:9;s:14:\"core\/separator\";i:10;s:13:\"core\/comments\";i:11;s:19:\"core\/comments-title\";i:12;s:21:\"core\/comment-template\";i:15;s:11:\"core\/avatar\";i:16;s:24:\"core\/comment-author-name\";i:17;s:17:\"core\/comment-date\";i:18;s:20:\"core\/comment-content\";i:19;s:23:\"core\/comment-reply-link\";i:20;s:24:\"core\/comments-pagination\";i:21;s:33:\"core\/comments-pagination-previous\";i:22;s:32:\"core\/comments-pagination-numbers\";i:23;s:29:\"core\/comments-pagination-next\";i:24;s:23:\"core\/post-comments-form\";i:25;s:14:\"core\/tag-cloud\";i:26;s:12:\"core\/heading\";i:27;s:14:\"core\/paragraph\";i:28;s:12:\"core\/buttons\";i:29;s:11:\"core\/button\";i:30;s:10:\"uagb\/image\";i:31;s:10:\"core\/image\";}s:8:\"uag_flag\";b:1;s:11:\"uag_version\";s:10:\"1777464555\";s:6:\"gfonts\";a:0:{}s:10:\"gfonts_url\";s:0:\"\";s:12:\"gfonts_files\";a:0:{}s:14:\"uag_faq_layout\";b:0;}"]},"uagb_featured_image_src":{"full":["https:\/\/mv-sport.de\/c\/wp-content\/uploads\/2022\/07\/20220710_121642-2.jpg",1336,1002,false],"thumbnail":["https:\/\/mv-sport.de\/c\/wp-content\/uploads\/2022\/07\/20220710_121642-2-150x150.jpg",150,150,true],"medium":["https:\/\/mv-sport.de\/c\/wp-content\/uploads\/2022\/07\/20220710_121642-2-600x600.jpg",350,350,true],"medium_large":["https:\/\/mv-sport.de\/c\/wp-content\/uploads\/2022\/07\/20220710_121642-2.jpg",768,576,false],"large":["https:\/\/mv-sport.de\/c\/wp-content\/uploads\/2022\/07\/20220710_121642-2.jpg",1024,768,false],"1536x1536":["https:\/\/mv-sport.de\/c\/wp-content\/uploads\/2022\/07\/20220710_121642-2.jpg",1336,1002,false],"2048x2048":["https:\/\/mv-sport.de\/c\/wp-content\/uploads\/2022\/07\/20220710_121642-2.jpg",1336,1002,false],"ultp_layout_landscape_large":["https:\/\/mv-sport.de\/c\/wp-content\/uploads\/2022\/07\/20220710_121642-2.jpg",1067,800,false],"ultp_layout_landscape":["https:\/\/mv-sport.de\/c\/wp-content\/uploads\/2022\/07\/20220710_121642-2.jpg",760,570,false],"ultp_layout_portrait":["https:\/\/mv-sport.de\/c\/wp-content\/uploads\/2022\/07\/20220710_121642-2.jpg",600,450,false],"ultp_layout_square":["https:\/\/mv-sport.de\/c\/wp-content\/uploads\/2022\/07\/20220710_121642-2.jpg",600,450,false]},"uagb_author_info":{"display_name":"Sportclub Laage e.V.","author_link":"https:\/\/mv-sport.de\/c\/author\/sportclub-laage-e-v\/"},"uagb_comment_info":0,"uagb_excerpt":"Seit vielen Jahren ist die kleine Gemeinde mit dem \u00f6rtlichen Sportverein Gastgeber f\u00fcr die Sommerstation des Laufcups Mecklenburg-Vorpommern. Als Wertungslauf im Laufcup bei den Erwachsenen und im Nachwuchslaufcup unseres Bundeslandes ist die Veranstaltung schon fest im Laufkalender vieler Athletinnen und Athleten verankert und erfreut sich immer gr\u00f6\u00dferer Beliebtheit. Der wirklich sehr schnelle Wendekurs auf dem&hellip;","_links":{"self":[{"href":"https:\/\/mv-sport.de\/c\/wp-json\/wp\/v2\/posts\/118058","targetHints":{"allow":["GET"]}}],"collection":[{"href":"https:\/\/mv-sport.de\/c\/wp-json\/wp\/v2\/posts"}],"about":[{"href":"https:\/\/mv-sport.de\/c\/wp-json\/wp\/v2\/types\/post"}],"author":[{"embeddable":true,"href":"https:\/\/mv-sport.de\/c\/wp-json\/wp\/v2\/users\/7"}],"replies":[{"embeddable":true,"href":"https:\/\/mv-sport.de\/c\/wp-json\/wp\/v2\/comments?post=118058"}],"version-history":[{"count":0,"href":"https:\/\/mv-sport.de\/c\/wp-json\/wp\/v2\/posts\/118058\/revisions"}],"wp:featuredmedia":[{"embeddable":true,"href":"https:\/\/mv-sport.de\/c\/wp-json\/wp\/v2\/media\/118059"}],"wp:attachment":[{"href":"https:\/\/mv-sport.de\/c\/wp-json\/wp\/v2\/media?parent=118058"}],"wp:term":[{"taxonomy":"category","embeddable":true,"href":"https:\/\/mv-sport.de\/c\/wp-json\/wp\/v2\/categories?post=118058"},{"taxonomy":"post_tag","embeddable":true,"href":"https:\/\/mv-sport.de\/c\/wp-json\/wp\/v2\/tags?post=118058"},{"taxonomy":"ort","embeddable":true,"href":"https:\/\/mv-sport.de\/c\/wp-json\/wp\/v2\/ort?post=118058"}],"curies":[{"name":"wp","href":"https:\/\/api.w.org\/{rel}","templated":true}]}}