{"id":118203,"date":"2022-07-11T11:54:14","date_gmt":"2022-07-11T09:54:14","guid":{"rendered":"https:\/\/mv-sport.de\/?p=118203"},"modified":"2022-07-11T11:54:14","modified_gmt":"2022-07-11T09:54:14","slug":"anja-wittwer-gewinnt-den-39-karl-krull-gedenklauf-in-steinhagen","status":"publish","type":"post","link":"https:\/\/mv-sport.de\/c\/anja-wittwer-gewinnt-den-39-karl-krull-gedenklauf-in-steinhagen\/","title":{"rendered":"Anja Wittwer gewinnt den 39. Karl-Krull-Gedenklauf in Steinhagen"},"content":{"rendered":"<p>F\u00fcr die Schweriner L\u00e4uferinnen und L\u00e4ufer ging es am 10. Juli in den Landkreis Vorpommern-R\u00fcgen nach Steinhagen, einer Gemeinde s\u00fcdwestlich von Stralsund. Der Karl-Krull-Gedenklauf geh\u00f6rt seit vielen Jahren zum festen Bestandteil im Laufcup des Landes Mecklenburg-Vorpommern. Es war die 7. Station und damit feierte der Laufcup gleichzeitig Bergfest. Bevor es im Cup in die Sommerpause ging, wurden noch flei\u00dfig Punkte vergeben. In Steinhagen best\u00e4tigte sich der Trend von wieder steigenden Teilnehmerzahlen bei Volksl\u00e4ufen. Die Organisatoren vom SV Steinhagen legten mal wieder den Grundstein f\u00fcr eine ausgezeichnete Laufveranstaltung und das gute Laufwetter tat sein \u00fcbriges.<\/p>\n<figure id=\"attachment_118209\" aria-describedby=\"caption-attachment-118209\" style=\"width: 1024px\" class=\"wp-caption alignnone\"><img loading=\"lazy\" decoding=\"async\" class=\"size-full wp-image-118209\" src=\"https:\/\/mv-sport.de\/wp-content\/uploads\/2022\/07\/krull-gedenklauf_schweriner-sieger_c_privat.jpg\" alt=\"\" width=\"1024\" height=\"768\" \/><figcaption id=\"caption-attachment-118209\" class=\"wp-caption-text\">Die 3 Schweriner Altersklassensieger*innen von Steinhagen | v.l.n.r.: J\u00fcrgen Raupach, Anja Wittwer und Lothar Gajek<br \/><span style=\"color: #999999;\">(Foto: Christian Briesen)<\/span><\/figcaption><\/figure>\n<p>Drei L\u00e4uferinnen und f\u00fcnf L\u00e4ufer der Landeshauptstadt nahmen die Herausforderung Laufcup Mecklenburg-Vorpommern bei der 39. Auflage des Traditionslaufes an. Die Laufcuppunkte wurden den Altersklassen entsprechend \u00fcber 5 und 10 Kilometer vergeben. Mit 33 L\u00e4uferinnen und 22 L\u00e4ufern ging J\u00fcrgen Raupach von der F\u00fcnf-Seen-LG \u00fcber 5 Kilometer auf Punktejagd. J\u00fcrgen Raupach l\u00e4uft in 26:17 Minuten in seiner Altersklasse M80 zum Sieg. F\u00fcr die weiteren Aktiven der Landeshauptstadt wurden die Cuppunkte auf der 10 Kilometer langen flachen Wendestrecke vergeben. Hier beendeten insgesamt 42 L\u00e4uferinnen und 80 L\u00e4ufer erfolgreich das Rennen.<\/p>\n<p>Eine Woche nach den Strapazen von Sandnes (Norwegen) mit der erfolgreichen Qualifikation zur IRONMAN 70.3 Weltmeisterschaft 2023 im finnischen Lahti zeigte sich Anja Wittwer schon wieder recht erholt und sorgte f\u00fcr das Schweriner Highlight. In pers\u00f6nlicher Bestzeit von 40:42 Minuten wird die Athletin von SISU Schwerin souver\u00e4n Gesamtsiegerin. Die beiden Frauen der F\u00fcnf-Seen-LG erzielen ebenfalls gute Ergebnisse. Kathrin Zander wird mit 50:12 Minuten Zweite ihrer Altersklasse W55 und Claudia Buchholz erreicht durch 55:46 Minuten den 4. Platz in ihrer W50.<\/p>\n<p>Lothar Gajek von der Laufgruppe Schwerin \u00fcberl\u00e4uft in seinem 300. Wettkampf in 49:10 Minuten als Sieger seiner M65 die Ziellinie. Vereinskollege Christian Briesen ist mit 45:42 Minuten schnellster L\u00e4ufer der Landeshauptstadt und damit hervorragende Vierter seiner starken Altersklasse M55. In der gleichen Altersklasse erreicht Thomas Meyer von der F\u00fcnf-Seen-LG nach 59:43 Minuten den 13. Platz. Als F\u00fcnfter seiner Altersklasse M60 beendet Frank F\u00e4hnrich (F\u00fcnf-Seen-LG ) in 56:17 Minuten den Wettkampf. Damit konnten alle Schweriner im Laufcup flei\u00dfig punkten und verschafften sich eine gute Ausgangsposition f\u00fcr den Herbst.<\/p>\n<p>Nach der H\u00e4lfte der L\u00e4ufe ergibt sich f\u00fcr die Schweriner L\u00e4uferinnen und L\u00e4ufer folgendes Zwischenfazit, wobei f\u00fcr die Wertung diese Kriterien gelten: Pro Wettkampf gibt es f\u00fcr einen Sieg in der Altersklasse 25 Punkte und f\u00fcr jede weiter Platzierung einen Punkt weniger. Bei Landesmeisterschaften gibt es einen halben Zusatzpunkt. Die 5 besten L\u00e4ufe gehen in die Wertung oder die Athleten haben bei weniger L\u00e4ufen mindestens 60 Punkte auf ihrem Konto.<\/p>\n<h3>Schweriner Ergebnisse Steinhagen 10. Juli 2022:<\/h3>\n<p><span style=\"color: #000080;\"><strong>5 Kilometer<\/strong><\/span><br \/>\n<strong>1.Platz M80 <\/strong>J\u00fcrgen Raupach (F\u00fcnf-Seen-LG Schwerin) 26:17 min<strong><br \/>\n<\/strong><\/p>\n<p><span style=\"color: #000080;\"><strong>10 Kilometer<\/strong><\/span><br \/>\n<strong>1. Platz W35 <\/strong>Anja Wittwer (SISU Schwerin e.V.) | 40:42 min<br \/>\n<strong>4. Platz M55 <\/strong>Christian Briesen (Laufgruppe Schwerin) | 45:42 min<br \/>\n<strong>1. Platz M65 <\/strong>Lothar Gajek (Laufgruppe Schwerin) | 49:10 min<br \/>\n<strong>2. Platz W55 <\/strong>Kathrin Zander (F\u00fcnf-Seen-LG Schwerin) | 50:12 min<br \/>\n<strong>4. Platz W50 <\/strong>Claudia Buchholz (F\u00fcnf-Seen-LG Schwerin) | 55:46 min<br \/>\n<strong>5. Platz M60 <\/strong>Frank F\u00e4hnrich (F\u00fcnf-Seen-LG Schwerin) | 56:17 min<br \/>\n<strong>13. Platz M55 <\/strong>Thomas Meyer (F\u00fcnf-Seen-LG Schwerin) | 59:43 min <strong><br \/>\n<\/strong><\/p>\n<p>Derzeit platzieren sich aus der Landeshauptstadt 3 L\u00e4uferinnen und 10 L\u00e4ufer in der Gesamtwertung und den Altersklassenwertungen:<\/p>\n<h3>Gesamtwertung<\/h3>\n<p><strong>7. Platz W35<\/strong> Anja Wittwer (SISU Schwerin e.V.) 72,5 Punkte bei 3 L\u00e4ufe<\/p>\n<h3>Altersklassenwertungen<\/h3>\n<p><strong>1. Platz M65<\/strong> Lothar Gajek (Laufgruppe Schwerin) 124,0 Punkte bei 6 L\u00e4ufe<br \/>\n<strong>1. Platz M80<\/strong> J\u00fcrgen Raupach (F\u00fcnf-Seen-LG ) 100,5 Punkte bei 4 L\u00e4ufe<br \/>\n<strong>2. Platz W55<\/strong> Kathrin Zander (F\u00fcnf-Seen-LG ) 73,5 Punkte bei 3 L\u00e4ufe<br \/>\n<strong>3. Platz W35<\/strong> Anja Wittwer (SISU Schwerin e.V.) 73,5 Punkte bei 3 L\u00e4ufe<br \/>\n<strong>3. Platz W50<\/strong> Claudia Buchholz (F\u00fcnf-Seen-LG ) 92,5 Punkte bei 4 L\u00e4ufe<br \/>\n<strong>3. Platz M60<\/strong> Frank F\u00e4hnrich (F\u00fcnf-Seen-LG ) 87,5 Punkte bei 4 L\u00e4ufe<br \/>\n<strong>4. Platz M65<\/strong> Udo Hanold (F\u00fcnf-Seen-LG ) 82,5 Punkte bei 4 L\u00e4ufe<br \/>\n<strong>3. Platz M70<\/strong> Reinhard Czirpka (F\u00fcnf-Seen-LG ) 93,5 Punkte bei 4 L\u00e4ufe<br \/>\n<strong>5. Platz M35<\/strong> Frank Tschersich (Laufgruppe Schwerin) 66,5 Punkte bei 3 L\u00e4ufe<br \/>\n<strong>7. Platz M55<\/strong> Christian Briesen (Laufgruppe Schwerin) 68,5 Punkte bei 3 L\u00e4ufe<\/p>\n<p>Nun geht der Laufcup in die Sommerpause, bevor er am 3. September mit dem 16. Warener Herbstlauf wieder Fahrt aufnimmt.<\/p>\n<p><span style=\"color: #999999;\"><em>Text: Lotha Gajek<\/em><\/span><\/p>\n","protected":false},"excerpt":{"rendered":"<p>F\u00fcr die Schweriner L\u00e4uferinnen und L\u00e4ufer ging es am 10. Juli in den Landkreis Vorpommern-R\u00fcgen nach Steinhagen, einer Gemeinde s\u00fcdwestlich von Stralsund. Der Karl-Krull-Gedenklauf geh\u00f6rt seit vielen Jahren zum festen Bestandteil im Laufcup des Landes Mecklenburg-Vorpommern. Es war die 7. Station und damit feierte der Laufcup gleichzeitig Bergfest. Bevor es im Cup in die Sommerpause [&hellip;]<\/p>\n","protected":false},"author":2,"featured_media":118209,"comment_status":"open","ping_status":"open","sticky":false,"template":"","format":"standard","meta":{"_seopress_robots_primary_cat":"none","_seopress_titles_title":"Anja Wittwer gewinnt den 39. Karl-Krull-Gedenklauf in Steinhagen","_seopress_titles_desc":"Der Karl-Krull-Gedenklauf geh\u00f6rt seit vielen Jahren zum festen Bestandteil im Laufcup des Landes Mecklenburg-Vorpommern. Drei L\u00e4uferinnen und f\u00fcnf L\u00e4ufer der Landeshauptstadt nahmen die Herausforderung bei der 39. Auflage des Traditionslaufes an.","_seopress_robots_index":"","_relevanssi_hide_post":"","_relevanssi_hide_content":"","_relevanssi_pin_for_all":"","_relevanssi_pin_keywords":"","_relevanssi_unpin_keywords":"","_relevanssi_related_keywords":"","_relevanssi_related_include_ids":"","_relevanssi_related_exclude_ids":"","_relevanssi_related_no_append":"","_relevanssi_related_not_related":"","_relevanssi_related_posts":"","_relevanssi_noindex_reason":"","_uag_custom_page_level_css":"","footnotes":""},"categories":[47],"tags":[],"ort":[],"class_list":{"0":"post-118203","1":"post","2":"type-post","3":"status-publish","4":"format-standard","5":"has-post-thumbnail","7":"category-laufsport"},"featured_image_urls":{"medium":"https:\/\/mv-sport.de\/c\/wp-content\/uploads\/2022\/07\/krull-gedenklauf_schweriner-sieger_c_privat-600x600.jpg","medium_large":"https:\/\/mv-sport.de\/c\/wp-content\/uploads\/2022\/07\/krull-gedenklauf_schweriner-sieger_c_privat.jpg","large":"https:\/\/mv-sport.de\/c\/wp-content\/uploads\/2022\/07\/krull-gedenklauf_schweriner-sieger_c_privat.jpg","full":"https:\/\/mv-sport.de\/c\/wp-content\/uploads\/2022\/07\/krull-gedenklauf_schweriner-sieger_c_privat.jpg","alt":"","caption":"Die 3 Schweriner Altersklassensieger*innen von Steinhagen | v.l.n.r.: J\u00fcrgen Raupach, Anja Wittwer und Lothar Gajek\n(Foto: Christian Briesen)"},"spectra_custom_meta":{"uab_option":["yes"],"uab_meta_position":["default"],"_extra_rating_average":["0"],"_seopress_analysis_data":["a:21:{s:5:\"title\";s:64:\"Anja Wittwer gewinnt den 39. Karl-Krull-Gedenklauf in Steinhagen\";s:12:\"link_preview\";s:112:\"https:\/\/mv-sport.de\/anja-wittwer-gewinnt-den-39-karl-krull-gedenklauf-in-steinhagen\/?no_admin_bar=1&preview=true\";s:9:\"meta_desc\";s:250:\"Der Karl-Krull-Gedenklauf geh\u00f6rt seit vielen Jahren zum festen Bestandteil im Laufcup des Landes Mecklenburg-Vorpommern. Drei L\u00e4uferinnen und f\u00fcnf L\u00e4ufer der Landeshauptstadt nahmen die Herausforderung bei der 39. Auflage des Traditionslaufes an.\";s:8:\"og_title\";a:2:{s:5:\"count\";i:1;s:6:\"values\";a:1:{i:0;s:64:\"Anja Wittwer gewinnt den 39. Karl-Krull-Gedenklauf in Steinhagen\";}}s:7:\"og_desc\";a:2:{s:5:\"count\";i:1;s:6:\"values\";a:1:{i:0;s:250:\"Der Karl-Krull-Gedenklauf geh\u00f6rt seit vielen Jahren zum festen Bestandteil im Laufcup des Landes Mecklenburg-Vorpommern. Drei L\u00e4uferinnen und f\u00fcnf L\u00e4ufer der Landeshauptstadt nahmen die Herausforderung bei der 39. Auflage des Traditionslaufes an.\";}}s:6:\"og_img\";a:2:{s:5:\"count\";i:1;s:6:\"values\";a:1:{i:0;s:94:\"https:\/\/mv-sport.de\/wp-content\/uploads\/2022\/07\/krull-gedenklauf_schweriner-sieger_c_privat.jpg\";}}s:6:\"og_url\";a:3:{s:5:\"count\";i:1;s:6:\"values\";a:1:{i:0;s:83:\"https:\/\/mv-sport.de\/anja-wittwer-gewinnt-den-39-karl-krull-gedenklauf-in-steinhagen\";}s:4:\"host\";s:11:\"mv-sport.de\";}s:12:\"og_site_name\";a:2:{s:5:\"count\";i:1;s:6:\"values\";a:1:{i:0;s:72:\"MV-Sport.de - Sportvereine &amp; Sportnachrichten Mecklenburg-Vorpommern\";}}s:8:\"tw_title\";a:2:{s:5:\"count\";i:1;s:6:\"values\";a:1:{i:0;s:64:\"Anja Wittwer gewinnt den 39. Karl-Krull-Gedenklauf in Steinhagen\";}}s:7:\"tw_desc\";a:2:{s:5:\"count\";i:1;s:6:\"values\";a:1:{i:0;s:250:\"Der Karl-Krull-Gedenklauf geh\u00f6rt seit vielen Jahren zum festen Bestandteil im Laufcup des Landes Mecklenburg-Vorpommern. Drei L\u00e4uferinnen und f\u00fcnf L\u00e4ufer der Landeshauptstadt nahmen die Herausforderung bei der 39. Auflage des Traditionslaufes an.\";}}s:6:\"tw_img\";a:2:{s:5:\"count\";i:1;s:6:\"values\";a:1:{i:0;s:94:\"https:\/\/mv-sport.de\/wp-content\/uploads\/2022\/07\/krull-gedenklauf_schweriner-sieger_c_privat.jpg\";}}s:9:\"canonical\";s:84:\"https:\/\/mv-sport.de\/anja-wittwer-gewinnt-den-39-karl-krull-gedenklauf-in-steinhagen\/\";s:13:\"all_canonical\";a:1:{i:0;s:84:\"https:\/\/mv-sport.de\/anja-wittwer-gewinnt-den-39-karl-krull-gedenklauf-in-steinhagen\/\";}s:2:\"h1\";a:1:{s:9:\"nomatches\";a:1:{s:5:\"count\";i:1;}}s:3:\"img\";a:1:{s:6:\"images\";a:2:{s:11:\"without_alt\";a:6:{i:0;s:94:\"https:\/\/mv-sport.de\/wp-content\/uploads\/2022\/07\/krull-gedenklauf_schweriner-sieger_c_privat.jpg\";i:1;s:68:\"https:\/\/mv-sport.de\/wp-content\/uploads\/2017\/06\/logo_autor_profil.png\";i:2;s:89:\"https:\/\/mv-sport.de\/wp-content\/sabai\/File\/thumbnails\/daba6d7e3046d161a8983d71bc83ee33.png\";i:3;s:77:\"https:\/\/mv-sport.de\/wp-content\/plugins\/sabai\/assets\/images\/no_image_small.png\";i:4;s:89:\"https:\/\/mv-sport.de\/wp-content\/sabai\/File\/thumbnails\/91eca0e52a91a46999b3a8aaa54dfb43.jpg\";i:5;s:61:\"https:\/\/mv-sport.de\/wp-content\/uploads\/2017\/05\/140x70px-3.gif\";}s:8:\"with_alt\";a:1:{i:0;s:46:\"https:\/\/c.ad-mv.de\/matomo.php?idsite=162&rec=1\";}}}s:11:\"meta_robots\";a:1:{i:0;a:1:{i:0;s:13:\"index, follow\";}}s:14:\"outbound_links\";a:8:{i:0;a:1:{s:34:\"https:\/\/www.facebook.com\/MVSportde\";s:0:\"\";}i:1;a:1:{s:37:\"https:\/\/www.instagram.com\/mv_sport.de\";s:0:\"\";}i:3;a:1:{s:28:\"http:\/\/www.elegantthemes.com\";s:14:\"Elegant Themes\";}i:4;a:1:{s:24:\"http:\/\/www.wordpress.org\";s:9:\"WordPress\";}i:5;a:1:{s:20:\"http:\/\/www.web-mv.de\";s:9:\"web-mv.de\";}i:6;a:1:{s:33:\"http:\/\/www.webdesign-schwerin.net\";s:0:\"\";}i:7;a:1:{s:34:\"https:\/\/www.facebook.com\/MVSportde\";s:13:\"\n    Like us!\";}i:8;a:1:{s:37:\"https:\/\/www.instagram.com\/mv_sport.de\";s:15:\"\n    Follow us!\";}}s:13:\"words_counter\";i:610;s:20:\"words_counter_unique\";i:254;s:4:\"json\";a:1:{i:0;s:14:\"BreadcrumbList\";}s:5:\"score\";b:0;}"],"_edit_lock":["1657533234:2"],"_edit_last":["2"],"xyz_fbap_future_to_publish":["a:3:{s:18:\"post_fb_permission\";i:1;s:18:\"xyz_fbap_po_method\";s:1:\"2\";s:16:\"xyz_fbap_message\";s:32:\"{POST_TITLE}\r\n{POST_EXCERPT} ...\";}"],"_seopress_pro_schemas_manual":["a:1:{i:0;a:1:{s:32:\"_seopress_pro_rich_snippets_type\";s:4:\"none\";}}"],"_seopress_titles_title":["Anja Wittwer gewinnt den 39. Karl-Krull-Gedenklauf in Steinhagen"],"_seopress_titles_desc":["Der Karl-Krull-Gedenklauf geh\u00f6rt seit vielen Jahren zum festen Bestandteil im Laufcup des Landes Mecklenburg-Vorpommern. Drei L\u00e4uferinnen und f\u00fcnf L\u00e4ufer der Landeshauptstadt nahmen die Herausforderung bei der 39. Auflage des Traditionslaufes an."],"_seopress_robots_canonical":[""],"_seopress_robots_primary_cat":["none"],"_seopress_robots_breadcrumbs":[""],"_seopress_social_fb_title":[""],"_seopress_social_fb_desc":[""],"_seopress_social_fb_img":[""],"_seopress_social_fb_img_attachment_id":[""],"_seopress_social_fb_img_width":[""],"_seopress_social_fb_img_height":[""],"_seopress_social_twitter_title":[""],"_seopress_social_twitter_desc":[""],"_seopress_social_twitter_img":[""],"_seopress_social_twitter_img_attachment_id":[""],"_seopress_social_twitter_img_width":[""],"_seopress_social_twitter_img_height":[""],"_seopress_redirections_type":["301"],"_seopress_redirections_value":[""],"_seopress_redirections_logged_status":["both"],"_post_review_box_title":["Rezension"],"_post_review_box_summary":[""],"_post_review_box_summary_title":["Zusammenfassung"],"_post_review_box_breakdowns_score":["0"],"_post_review_box_breakdowns_count":["1"],"_post_review_box_breakdowns":["a:1:{i:0;a:2:{s:5:\"title\";s:0:\"\";s:6:\"rating\";i:0;}}"],"_extra_sidebar_location":[""],"_extra_sidebar":[""],"post_views_count":["86"],"_thumbnail_id":["118209"],"xyz_fbap":["1"],"xyz_fbap_insert_og":["1"],"_seopress_analysis_target_kw":[""],"wp_schema_pro_optimized_structured_data":["<!-- Schema optimized by Schema Pro --><script type=\"application\/ld+json\">{\"@context\":\"https:\/\/schema.org\",\"@type\":\"NewsArticle\",\"mainEntityOfPage\":{\"@type\":\"WebPage\",\"@id\":\"https:\/\/mv-sport.de\/anja-wittwer-gewinnt-den-39-karl-krull-gedenklauf-in-steinhagen\/\"},\"headline\":\"Anja Wittwer gewinnt den 39. Karl-Krull-Gedenklauf in Steinhagen\",\"image\":{\"@type\":\"ImageObject\",\"url\":\"https:\/\/mv-sport.de\/wp-content\/uploads\/2022\/07\/krull-gedenklauf_schweriner-sieger_c_privat.jpg\",\"width\":1024,\"height\":768},\"datePublished\":\"2022-07-11T11:54:14\",\"dateModified\":\"2022-07-11T11:54:14\",\"author\":{\"@type\":\"Person\",\"name\":\"MV-Sport.de\",\"url\":\"https:\/\/mv-sport.de\/author\/mv-sport-de\"},\"publisher\":{\"@type\":\"Organization\",\"name\":\"MV-Sport.de - Sportvereine &amp; Sportnachrichten Mecklenburg-Vorpommern\",\"logo\":{\"@type\":\"ImageObject\",\"url\":\"https:\/\/mv-sport.de\/wp-content\/uploads\/2017\/05\/logo-mv-sport-292x60.png\"}}}<\/script><!-- \/ Schema optimized by Schema Pro -->"],"__post_views_count":["709"],"astra_style_timestamp_css":["1757527355"],"_uag_css_file_name":["uag-css-118203.css"],"_uag_page_assets":["a:9:{s:3:\"css\";s:7010:\".uagb-block-88f5875d.wp-block-uagb-image--layout-default figure img{box-shadow: 0px 0px 0 #00000070;}.uagb-block-88f5875d.wp-block-uagb-image .wp-block-uagb-image__figure figcaption{font-style: normal;align-self: center;}.uagb-block-88f5875d.wp-block-uagb-image--layout-overlay figure img{box-shadow: 0px 0px 0 #00000070;}.uagb-block-88f5875d.wp-block-uagb-image--layout-overlay .wp-block-uagb-image--layout-overlay__color-wrapper{opacity: 0.2;}.uagb-block-88f5875d.wp-block-uagb-image--layout-overlay .wp-block-uagb-image--layout-overlay__inner{left: 15px;right: 15px;top: 15px;bottom: 15px;}.uagb-block-88f5875d.wp-block-uagb-image--layout-overlay .wp-block-uagb-image--layout-overlay__inner .uagb-image-heading{font-style: normal;color: #fff;opacity: 1;}.uagb-block-88f5875d.wp-block-uagb-image--layout-overlay .wp-block-uagb-image--layout-overlay__inner .uagb-image-heading a{color: #fff;}.uagb-block-88f5875d.wp-block-uagb-image--layout-overlay .wp-block-uagb-image--layout-overlay__inner .uagb-image-caption{opacity: 0;}.uagb-block-88f5875d.wp-block-uagb-image--layout-overlay .wp-block-uagb-image__figure:hover .wp-block-uagb-image--layout-overlay__color-wrapper{opacity: 1;}.uagb-block-88f5875d.wp-block-uagb-image .wp-block-uagb-image--layout-overlay__inner .uagb-image-separator{width: 30%;border-top-width: 2px;border-top-color: #fff;opacity: 0;}.uagb-block-88f5875d.wp-block-uagb-image .wp-block-uagb-image__figure img{width: 297px;height: auto;}.uagb-block-88f5875d.wp-block-uagb-image .wp-block-uagb-image__figure:hover .wp-block-uagb-image--layout-overlay__inner .uagb-image-caption{opacity: 1;}.uagb-block-88f5875d.wp-block-uagb-image .wp-block-uagb-image__figure:hover .wp-block-uagb-image--layout-overlay__inner .uagb-image-separator{opacity: 1;}.uagb-block-88f5875d.wp-block-uagb-image--layout-default figure:hover img{box-shadow: 0px 0px 0 #00000070;}.uagb-block-88f5875d.wp-block-uagb-image--layout-overlay figure:hover img{box-shadow: 0px 0px 0 #00000070;}@media only screen and (max-width: 976px) {.uagb-block-88f5875d.wp-block-uagb-image .wp-block-uagb-image__figure img{width: 297px;height: auto;}}@media only screen and (max-width: 767px) {.uagb-block-88f5875d.wp-block-uagb-image .wp-block-uagb-image__figure img{width: 297px;height: auto;}}.uagb-block-b6c54374.wp-block-uagb-image{margin-top: 0px;margin-right: 0px;margin-bottom: 0px;margin-left: 0px;}.uagb-block-b6c54374.wp-block-uagb-image--layout-default figure img{box-shadow: 0px 0px 0 #00000070;}.uagb-block-b6c54374.wp-block-uagb-image .wp-block-uagb-image__figure figcaption{font-style: normal;align-self: center;}.uagb-block-b6c54374.wp-block-uagb-image--layout-overlay figure img{box-shadow: 0px 0px 0 #00000070;}.uagb-block-b6c54374.wp-block-uagb-image--layout-overlay .wp-block-uagb-image--layout-overlay__color-wrapper{opacity: 0.2;}.uagb-block-b6c54374.wp-block-uagb-image--layout-overlay .wp-block-uagb-image--layout-overlay__inner{left: 15px;right: 15px;top: 15px;bottom: 15px;}.uagb-block-b6c54374.wp-block-uagb-image--layout-overlay .wp-block-uagb-image--layout-overlay__inner .uagb-image-heading{font-style: normal;color: #fff;opacity: 1;}.uagb-block-b6c54374.wp-block-uagb-image--layout-overlay .wp-block-uagb-image--layout-overlay__inner .uagb-image-heading a{color: #fff;}.uagb-block-b6c54374.wp-block-uagb-image--layout-overlay .wp-block-uagb-image--layout-overlay__inner .uagb-image-caption{opacity: 0;}.uagb-block-b6c54374.wp-block-uagb-image--layout-overlay .wp-block-uagb-image__figure:hover .wp-block-uagb-image--layout-overlay__color-wrapper{opacity: 1;}.uagb-block-b6c54374.wp-block-uagb-image .wp-block-uagb-image--layout-overlay__inner .uagb-image-separator{width: 30%;border-top-width: 2px;border-top-color: #fff;opacity: 0;}.uagb-block-b6c54374.wp-block-uagb-image .wp-block-uagb-image__figure img{width: px;height: auto;}.uagb-block-b6c54374.wp-block-uagb-image .wp-block-uagb-image__figure:hover .wp-block-uagb-image--layout-overlay__inner .uagb-image-caption{opacity: 1;}.uagb-block-b6c54374.wp-block-uagb-image .wp-block-uagb-image__figure:hover .wp-block-uagb-image--layout-overlay__inner .uagb-image-separator{opacity: 1;}.uagb-block-b6c54374.wp-block-uagb-image--layout-default figure:hover img{box-shadow: 0px 0px 0 #00000070;}.uagb-block-b6c54374.wp-block-uagb-image--layout-overlay figure:hover img{box-shadow: 0px 0px 0 #00000070;}@media only screen and (max-width: 976px) {.uagb-block-b6c54374.wp-block-uagb-image .wp-block-uagb-image__figure img{width: px;height: auto;}}@media only screen and (max-width: 767px) {.uagb-block-b6c54374.wp-block-uagb-image .wp-block-uagb-image__figure img{width: px;height: auto;}}.uagb-block-2bdcf70c.wp-block-uagb-image{margin-top: 0px;margin-right: 0px;margin-bottom: 0px;margin-left: 0px;}.uagb-block-2bdcf70c.wp-block-uagb-image--layout-default figure img{box-shadow: 0px 0px 0 #00000070;}.uagb-block-2bdcf70c.wp-block-uagb-image .wp-block-uagb-image__figure figcaption{font-style: normal;align-self: center;}.uagb-block-2bdcf70c.wp-block-uagb-image--layout-overlay figure img{box-shadow: 0px 0px 0 #00000070;}.uagb-block-2bdcf70c.wp-block-uagb-image--layout-overlay .wp-block-uagb-image--layout-overlay__color-wrapper{opacity: 0.2;}.uagb-block-2bdcf70c.wp-block-uagb-image--layout-overlay .wp-block-uagb-image--layout-overlay__inner{left: 15px;right: 15px;top: 15px;bottom: 15px;}.uagb-block-2bdcf70c.wp-block-uagb-image--layout-overlay .wp-block-uagb-image--layout-overlay__inner .uagb-image-heading{font-style: normal;color: #fff;opacity: 1;}.uagb-block-2bdcf70c.wp-block-uagb-image--layout-overlay .wp-block-uagb-image--layout-overlay__inner .uagb-image-heading a{color: #fff;}.uagb-block-2bdcf70c.wp-block-uagb-image--layout-overlay .wp-block-uagb-image--layout-overlay__inner .uagb-image-caption{opacity: 0;}.uagb-block-2bdcf70c.wp-block-uagb-image--layout-overlay .wp-block-uagb-image__figure:hover .wp-block-uagb-image--layout-overlay__color-wrapper{opacity: 1;}.uagb-block-2bdcf70c.wp-block-uagb-image .wp-block-uagb-image--layout-overlay__inner .uagb-image-separator{width: 30%;border-top-width: 2px;border-top-color: #fff;opacity: 0;}.uagb-block-2bdcf70c.wp-block-uagb-image .wp-block-uagb-image__figure img{width: px;height: auto;}.uagb-block-2bdcf70c.wp-block-uagb-image .wp-block-uagb-image__figure:hover .wp-block-uagb-image--layout-overlay__inner .uagb-image-caption{opacity: 1;}.uagb-block-2bdcf70c.wp-block-uagb-image .wp-block-uagb-image__figure:hover .wp-block-uagb-image--layout-overlay__inner .uagb-image-separator{opacity: 1;}.uagb-block-2bdcf70c.wp-block-uagb-image--layout-default figure:hover img{box-shadow: 0px 0px 0 #00000070;}.uagb-block-2bdcf70c.wp-block-uagb-image--layout-overlay figure:hover img{box-shadow: 0px 0px 0 #00000070;}@media only screen and (max-width: 976px) {.uagb-block-2bdcf70c.wp-block-uagb-image .wp-block-uagb-image__figure img{width: px;height: auto;}}@media only screen and (max-width: 767px) {.uagb-block-2bdcf70c.wp-block-uagb-image .wp-block-uagb-image__figure img{width: px;height: auto;}}\";s:2:\"js\";s:0:\"\";s:18:\"current_block_list\";a:28:{i:0;s:10:\"core\/group\";i:2;s:24:\"core\/post-featured-image\";i:3;s:15:\"core\/post-title\";i:5;s:14:\"core\/post-date\";i:6;s:16:\"core\/post-author\";i:7;s:15:\"core\/post-terms\";i:8;s:17:\"core\/post-content\";i:9;s:14:\"core\/separator\";i:10;s:13:\"core\/comments\";i:11;s:19:\"core\/comments-title\";i:12;s:21:\"core\/comment-template\";i:15;s:11:\"core\/avatar\";i:16;s:24:\"core\/comment-author-name\";i:17;s:17:\"core\/comment-date\";i:18;s:20:\"core\/comment-content\";i:19;s:23:\"core\/comment-reply-link\";i:20;s:24:\"core\/comments-pagination\";i:21;s:33:\"core\/comments-pagination-previous\";i:22;s:32:\"core\/comments-pagination-numbers\";i:23;s:29:\"core\/comments-pagination-next\";i:24;s:23:\"core\/post-comments-form\";i:25;s:14:\"core\/tag-cloud\";i:26;s:12:\"core\/heading\";i:27;s:14:\"core\/paragraph\";i:28;s:12:\"core\/buttons\";i:29;s:11:\"core\/button\";i:30;s:10:\"uagb\/image\";i:31;s:10:\"core\/image\";}s:8:\"uag_flag\";b:1;s:11:\"uag_version\";s:10:\"1777464673\";s:6:\"gfonts\";a:0:{}s:10:\"gfonts_url\";s:0:\"\";s:12:\"gfonts_files\";a:0:{}s:14:\"uag_faq_layout\";b:0;}"]},"uagb_featured_image_src":{"full":["https:\/\/mv-sport.de\/c\/wp-content\/uploads\/2022\/07\/krull-gedenklauf_schweriner-sieger_c_privat.jpg",1024,768,false],"thumbnail":["https:\/\/mv-sport.de\/c\/wp-content\/uploads\/2022\/07\/krull-gedenklauf_schweriner-sieger_c_privat-150x150.jpg",150,150,true],"medium":["https:\/\/mv-sport.de\/c\/wp-content\/uploads\/2022\/07\/krull-gedenklauf_schweriner-sieger_c_privat-600x600.jpg",350,350,true],"medium_large":["https:\/\/mv-sport.de\/c\/wp-content\/uploads\/2022\/07\/krull-gedenklauf_schweriner-sieger_c_privat.jpg",768,576,false],"large":["https:\/\/mv-sport.de\/c\/wp-content\/uploads\/2022\/07\/krull-gedenklauf_schweriner-sieger_c_privat.jpg",1024,768,false],"1536x1536":["https:\/\/mv-sport.de\/c\/wp-content\/uploads\/2022\/07\/krull-gedenklauf_schweriner-sieger_c_privat.jpg",1024,768,false],"2048x2048":["https:\/\/mv-sport.de\/c\/wp-content\/uploads\/2022\/07\/krull-gedenklauf_schweriner-sieger_c_privat.jpg",1024,768,false],"ultp_layout_landscape_large":["https:\/\/mv-sport.de\/c\/wp-content\/uploads\/2022\/07\/krull-gedenklauf_schweriner-sieger_c_privat.jpg",1024,768,false],"ultp_layout_landscape":["https:\/\/mv-sport.de\/c\/wp-content\/uploads\/2022\/07\/krull-gedenklauf_schweriner-sieger_c_privat.jpg",760,570,false],"ultp_layout_portrait":["https:\/\/mv-sport.de\/c\/wp-content\/uploads\/2022\/07\/krull-gedenklauf_schweriner-sieger_c_privat.jpg",600,450,false],"ultp_layout_square":["https:\/\/mv-sport.de\/c\/wp-content\/uploads\/2022\/07\/krull-gedenklauf_schweriner-sieger_c_privat.jpg",600,450,false]},"uagb_author_info":{"display_name":"MV-Sport.de","author_link":"https:\/\/mv-sport.de\/c\/author\/mv-sport-de\/"},"uagb_comment_info":0,"uagb_excerpt":"F\u00fcr die Schweriner L\u00e4uferinnen und L\u00e4ufer ging es am 10. Juli in den Landkreis Vorpommern-R\u00fcgen nach Steinhagen, einer Gemeinde s\u00fcdwestlich von Stralsund. Der Karl-Krull-Gedenklauf geh\u00f6rt seit vielen Jahren zum festen Bestandteil im Laufcup des Landes Mecklenburg-Vorpommern. Es war die 7. Station und damit feierte der Laufcup gleichzeitig Bergfest. Bevor es im Cup in die Sommerpause&hellip;","_links":{"self":[{"href":"https:\/\/mv-sport.de\/c\/wp-json\/wp\/v2\/posts\/118203","targetHints":{"allow":["GET"]}}],"collection":[{"href":"https:\/\/mv-sport.de\/c\/wp-json\/wp\/v2\/posts"}],"about":[{"href":"https:\/\/mv-sport.de\/c\/wp-json\/wp\/v2\/types\/post"}],"author":[{"embeddable":true,"href":"https:\/\/mv-sport.de\/c\/wp-json\/wp\/v2\/users\/2"}],"replies":[{"embeddable":true,"href":"https:\/\/mv-sport.de\/c\/wp-json\/wp\/v2\/comments?post=118203"}],"version-history":[{"count":0,"href":"https:\/\/mv-sport.de\/c\/wp-json\/wp\/v2\/posts\/118203\/revisions"}],"wp:featuredmedia":[{"embeddable":true,"href":"https:\/\/mv-sport.de\/c\/wp-json\/wp\/v2\/media\/118209"}],"wp:attachment":[{"href":"https:\/\/mv-sport.de\/c\/wp-json\/wp\/v2\/media?parent=118203"}],"wp:term":[{"taxonomy":"category","embeddable":true,"href":"https:\/\/mv-sport.de\/c\/wp-json\/wp\/v2\/categories?post=118203"},{"taxonomy":"post_tag","embeddable":true,"href":"https:\/\/mv-sport.de\/c\/wp-json\/wp\/v2\/tags?post=118203"},{"taxonomy":"ort","embeddable":true,"href":"https:\/\/mv-sport.de\/c\/wp-json\/wp\/v2\/ort?post=118203"}],"curies":[{"name":"wp","href":"https:\/\/api.w.org\/{rel}","templated":true}]}}