{"id":118481,"date":"2022-07-13T13:52:07","date_gmt":"2022-07-13T11:52:07","guid":{"rendered":"https:\/\/mv-sport.de\/?p=118481"},"modified":"2022-07-13T13:52:07","modified_gmt":"2022-07-13T11:52:07","slug":"nur-noch-3-wochen-bis-zur-20-hella-marathon-nacht-rostock","status":"publish","type":"post","link":"https:\/\/mv-sport.de\/c\/nur-noch-3-wochen-bis-zur-20-hella-marathon-nacht-rostock\/","title":{"rendered":"Nur noch 3 Wochen bis zur 20. hella marathon nacht rostock"},"content":{"rendered":"<figure id=\"attachment_118483\" aria-describedby=\"caption-attachment-118483\" style=\"width: 900px\" class=\"wp-caption alignnone\"><img loading=\"lazy\" decoding=\"async\" class=\"size-full wp-image-118483\" src=\"https:\/\/mv-sport.de\/wp-content\/uploads\/2022\/07\/marathonnacht_c_olaf-jenjahn_bms.jpg\" alt=\"\" width=\"900\" height=\"600\" \/><figcaption id=\"caption-attachment-118483\" class=\"wp-caption-text\">Im Stadthafen schl\u00e4gt das Herz der 20. hella marathon nacht rostock am 6. August | <span style=\"color: #999999;\">Foto: Olaf Jenjahn\/BMS<\/span><\/figcaption><\/figure>\n<p>In gut drei Wochen werden sich im Rostocker Stadthafen wieder zahlreiche Laufsportfreunde treffen, die sich so lange nicht gesehen haben. Erstmals seit 2019 kann die hella marathon nacht rostock wieder uneingeschr\u00e4nkt stattfinden. Ohne Auflagen, ohne Beschr\u00e4nkungen \u2013 aber dennoch mit Vorsicht und R\u00fccksichtnahme, zum Schutz der eigenen Gesundheit und der der anderen Aktiven.<\/p>\n<p>Die hella marathon ancht rostock hat auch im 20. Jahr ihres Bestehens nichts an ihrer Faszination verloren. F\u00fcnf verschiedene M\u00f6glichkeiten, sich an einem Sommertag laufend durch die Hansestadt Rostock zu bewegen und eine der sch\u00f6nsten Laufveranstaltungen Deutschlands zu erleben. Egal ob Marathon und Halbmarathon, die Rostocker 7, die Marathon-Staffel oder der Sch\u00fclerlauf \u2013 Laufsportfreunde kommen auf jeden Fall auf ihre Kosten. \u201eWir sind zur\u00fcck mit einer kompakten und sch\u00f6nen Veranstaltung\u201c, freut sich Karsten Sch\u00f6lermann vom Veranstalter BMS \u2013 Die Laufgesellschaft.<\/p>\n<p>Sch\u00f6lermann rechnet mit gut 1500 Teilnehmern am 6. August, etwas mehr als 800 Anmeldungen liegen bereits vor. Der Veranstalter kann sich dabei nicht nur auf die Laufcommunity aus Deutschland verlassen, aktuell kommen die Aktiven aus 17 Nationen, darunter aus den USA, Usbekistan oder Lettland. \u201eRostock wird seine Position als wichtiger Sommermarathon behalten\u201c, ist sich Sch\u00f6lermann sicher.<\/p>\n<blockquote><p><span style=\"color: #999999;\">Weitere Informationen und Anmeldungen unter: www.rostocker-marathon-nacht.com<\/span><\/p><\/blockquote>\n<figure id=\"attachment_118484\" aria-describedby=\"caption-attachment-118484\" style=\"width: 778px\" class=\"wp-caption alignnone\"><img loading=\"lazy\" decoding=\"async\" class=\"wp-image-118484 size-full\" src=\"https:\/\/mv-sport.de\/wp-content\/uploads\/2022\/07\/laufstrecke_hella-marathon-rostock_c_bms.jpg\" alt=\"\" width=\"778\" height=\"1024\" \/><figcaption id=\"caption-attachment-118484\" class=\"wp-caption-text\">Streckenplan der 20. hella marathon nacht rostock | Grafik: BMS<\/figcaption><\/figure>\n<p><span style=\"color: #999999;\"><em>Text: BMS<\/em><\/span><\/p>\n","protected":false},"excerpt":{"rendered":"<p>In gut drei Wochen werden sich im Rostocker Stadthafen wieder zahlreiche Laufsportfreunde treffen, die sich so lange nicht gesehen haben. Erstmals seit 2019 kann die hella marathon nacht rostock wieder uneingeschr\u00e4nkt stattfinden. Ohne Auflagen, ohne Beschr\u00e4nkungen \u2013 aber dennoch mit Vorsicht und R\u00fccksichtnahme, zum Schutz der eigenen Gesundheit und der der anderen Aktiven. Die hella [&hellip;]<\/p>\n","protected":false},"author":2,"featured_media":118483,"comment_status":"open","ping_status":"open","sticky":false,"template":"","format":"standard","meta":{"_seopress_robots_primary_cat":"none","_seopress_titles_title":"Nur noch 3 Wochen bis zur 20. hella marathon nacht rostock","_seopress_titles_desc":"","_seopress_robots_index":"","_relevanssi_hide_post":"","_relevanssi_hide_content":"","_relevanssi_pin_for_all":"","_relevanssi_pin_keywords":"","_relevanssi_unpin_keywords":"","_relevanssi_related_keywords":"","_relevanssi_related_include_ids":"","_relevanssi_related_exclude_ids":"","_relevanssi_related_no_append":"","_relevanssi_related_not_related":"","_relevanssi_related_posts":"","_relevanssi_noindex_reason":"","_uag_custom_page_level_css":"","footnotes":""},"categories":[47],"tags":[],"ort":[],"class_list":{"0":"post-118481","1":"post","2":"type-post","3":"status-publish","4":"format-standard","5":"has-post-thumbnail","7":"category-laufsport"},"featured_image_urls":{"medium":"https:\/\/mv-sport.de\/c\/wp-content\/uploads\/2022\/07\/marathonnacht_c_olaf-jenjahn_bms-600x600.jpg","medium_large":"https:\/\/mv-sport.de\/c\/wp-content\/uploads\/2022\/07\/marathonnacht_c_olaf-jenjahn_bms.jpg","large":"https:\/\/mv-sport.de\/c\/wp-content\/uploads\/2022\/07\/marathonnacht_c_olaf-jenjahn_bms.jpg","full":"https:\/\/mv-sport.de\/c\/wp-content\/uploads\/2022\/07\/marathonnacht_c_olaf-jenjahn_bms.jpg","alt":"","caption":"Im Stadthafen schl\u00e4gt das Herz der 20. hella marathon nacht rostock am 6. August Foto: Olaf Jenjahn\/BMS "},"spectra_custom_meta":{"uab_option":["yes"],"uab_meta_position":["default"],"_extra_rating_average":["0"],"_seopress_analysis_data":["a:21:{s:5:\"title\";s:58:\"Nur noch 3 Wochen bis zur 20. hella marathon nacht rostock\";s:12:\"link_preview\";s:106:\"https:\/\/mv-sport.de\/nur-noch-3-wochen-bis-zur-20-hella-marathon-nacht-rostock\/?no_admin_bar=1&preview=true\";s:9:\"meta_desc\";s:363:\"In gut drei Wochen werden sich im Rostocker Stadthafen wieder zahlreiche Laufsportfreunde treffen, die sich so lange nicht gesehen haben. Erstmals seit 2019 kann die hella marathon nacht rostock wieder uneingeschr\u00e4nkt stattfinden. Ohne Auflagen, ohne Beschr\u00e4nkungen \u2013 aber dennoch mit Vorsicht und R\u00fccksichtnahme, zum Schutz der eigenen Gesundheit und der\u2026\";s:8:\"og_title\";a:2:{s:5:\"count\";i:1;s:6:\"values\";a:1:{i:0;s:58:\"Nur noch 3 Wochen bis zur 20. hella marathon nacht rostock\";}}s:7:\"og_desc\";a:2:{s:5:\"count\";i:1;s:6:\"values\";a:1:{i:0;s:363:\"In gut drei Wochen werden sich im Rostocker Stadthafen wieder zahlreiche Laufsportfreunde treffen, die sich so lange nicht gesehen haben. Erstmals seit 2019 kann die hella marathon nacht rostock wieder uneingeschr\u00e4nkt stattfinden. Ohne Auflagen, ohne Beschr\u00e4nkungen \u2013 aber dennoch mit Vorsicht und R\u00fccksichtnahme, zum Schutz der eigenen Gesundheit und der\u2026\";}}s:6:\"og_img\";a:2:{s:5:\"count\";i:1;s:6:\"values\";a:1:{i:0;s:83:\"https:\/\/mv-sport.de\/wp-content\/uploads\/2022\/07\/marathonnacht_c_olaf-jenjahn_bms.jpg\";}}s:6:\"og_url\";a:3:{s:5:\"count\";i:1;s:6:\"values\";a:1:{i:0;s:77:\"https:\/\/mv-sport.de\/nur-noch-3-wochen-bis-zur-20-hella-marathon-nacht-rostock\";}s:4:\"host\";s:11:\"mv-sport.de\";}s:12:\"og_site_name\";a:2:{s:5:\"count\";i:1;s:6:\"values\";a:1:{i:0;s:72:\"MV-Sport.de - Sportvereine &amp; Sportnachrichten Mecklenburg-Vorpommern\";}}s:8:\"tw_title\";a:2:{s:5:\"count\";i:1;s:6:\"values\";a:1:{i:0;s:58:\"Nur noch 3 Wochen bis zur 20. hella marathon nacht rostock\";}}s:7:\"tw_desc\";a:2:{s:5:\"count\";i:1;s:6:\"values\";a:1:{i:0;s:363:\"In gut drei Wochen werden sich im Rostocker Stadthafen wieder zahlreiche Laufsportfreunde treffen, die sich so lange nicht gesehen haben. Erstmals seit 2019 kann die hella marathon nacht rostock wieder uneingeschr\u00e4nkt stattfinden. Ohne Auflagen, ohne Beschr\u00e4nkungen \u2013 aber dennoch mit Vorsicht und R\u00fccksichtnahme, zum Schutz der eigenen Gesundheit und der\u2026\";}}s:6:\"tw_img\";a:2:{s:5:\"count\";i:1;s:6:\"values\";a:1:{i:0;s:83:\"https:\/\/mv-sport.de\/wp-content\/uploads\/2022\/07\/marathonnacht_c_olaf-jenjahn_bms.jpg\";}}s:9:\"canonical\";s:78:\"https:\/\/mv-sport.de\/nur-noch-3-wochen-bis-zur-20-hella-marathon-nacht-rostock\/\";s:13:\"all_canonical\";a:1:{i:0;s:78:\"https:\/\/mv-sport.de\/nur-noch-3-wochen-bis-zur-20-hella-marathon-nacht-rostock\/\";}s:2:\"h1\";a:1:{s:9:\"nomatches\";a:1:{s:5:\"count\";i:1;}}s:3:\"img\";a:1:{s:6:\"images\";a:2:{s:11:\"without_alt\";a:7:{i:0;s:83:\"https:\/\/mv-sport.de\/wp-content\/uploads\/2022\/07\/marathonnacht_c_olaf-jenjahn_bms.jpg\";i:1;s:91:\"https:\/\/mv-sport.de\/wp-content\/uploads\/2022\/07\/laufstrecke_hella-marathon-rostock_c_bms.jpg\";i:2;s:68:\"https:\/\/mv-sport.de\/wp-content\/uploads\/2017\/06\/logo_autor_profil.png\";i:3;s:89:\"https:\/\/mv-sport.de\/wp-content\/sabai\/File\/thumbnails\/fd4d14349ec1466f79f0ff9e6189ad11.jpg\";i:4;s:89:\"https:\/\/mv-sport.de\/wp-content\/sabai\/File\/thumbnails\/582946b331c59da0bbdcd87de5aa49fd.jpg\";i:5;s:89:\"https:\/\/mv-sport.de\/wp-content\/sabai\/File\/thumbnails\/843efa7c69dfdff48d1396be7126ba53.jpg\";i:6;s:61:\"https:\/\/mv-sport.de\/wp-content\/uploads\/2017\/05\/140x70px-3.gif\";}s:8:\"with_alt\";a:1:{i:0;s:46:\"https:\/\/c.ad-mv.de\/matomo.php?idsite=162&rec=1\";}}}s:11:\"meta_robots\";a:1:{i:0;a:1:{i:0;s:13:\"index, follow\";}}s:14:\"outbound_links\";a:8:{i:0;a:1:{s:34:\"https:\/\/www.facebook.com\/MVSportde\";s:0:\"\";}i:1;a:1:{s:37:\"https:\/\/www.instagram.com\/mv_sport.de\";s:0:\"\";}i:3;a:1:{s:28:\"http:\/\/www.elegantthemes.com\";s:14:\"Elegant Themes\";}i:4;a:1:{s:24:\"http:\/\/www.wordpress.org\";s:9:\"WordPress\";}i:5;a:1:{s:20:\"http:\/\/www.web-mv.de\";s:9:\"web-mv.de\";}i:6;a:1:{s:33:\"http:\/\/www.webdesign-schwerin.net\";s:0:\"\";}i:7;a:1:{s:34:\"https:\/\/www.facebook.com\/MVSportde\";s:13:\"\n    Like us!\";}i:8;a:1:{s:37:\"https:\/\/www.instagram.com\/mv_sport.de\";s:15:\"\n    Follow us!\";}}s:13:\"words_counter\";i:213;s:20:\"words_counter_unique\";i:149;s:4:\"json\";a:1:{i:0;s:14:\"BreadcrumbList\";}s:5:\"score\";b:0;}"],"_edit_lock":["1657717046:2"],"_edit_last":["2"],"_thumbnail_id":["118483"],"xyz_fbap_future_to_publish":["a:3:{s:18:\"post_fb_permission\";i:1;s:18:\"xyz_fbap_po_method\";s:1:\"2\";s:16:\"xyz_fbap_message\";s:32:\"{POST_TITLE}\r\n{POST_EXCERPT} ...\";}"],"_seopress_pro_schemas_manual":["a:1:{i:0;a:1:{s:32:\"_seopress_pro_rich_snippets_type\";s:4:\"none\";}}"],"_seopress_titles_title":["Nur noch 3 Wochen bis zur 20. hella marathon nacht rostock"],"_seopress_titles_desc":[""],"_seopress_robots_canonical":[""],"_seopress_robots_primary_cat":["none"],"_seopress_robots_breadcrumbs":[""],"_seopress_social_fb_title":[""],"_seopress_social_fb_desc":[""],"_seopress_social_fb_img":[""],"_seopress_social_fb_img_attachment_id":[""],"_seopress_social_fb_img_width":[""],"_seopress_social_fb_img_height":[""],"_seopress_social_twitter_title":[""],"_seopress_social_twitter_desc":[""],"_seopress_social_twitter_img":[""],"_seopress_social_twitter_img_attachment_id":[""],"_seopress_social_twitter_img_width":[""],"_seopress_social_twitter_img_height":[""],"_seopress_redirections_type":["301"],"_seopress_redirections_value":[""],"_seopress_redirections_logged_status":["both"],"_post_review_box_title":["Rezension"],"_post_review_box_summary":[""],"_post_review_box_summary_title":["Zusammenfassung"],"_post_review_box_breakdowns_score":["0"],"_post_review_box_breakdowns_count":["1"],"_post_review_box_breakdowns":["a:1:{i:0;a:2:{s:5:\"title\";s:0:\"\";s:6:\"rating\";i:0;}}"],"_extra_sidebar_location":[""],"_extra_sidebar":[""],"post_views_count":["40"],"xyz_fbap":["1"],"xyz_fbap_insert_og":["1"],"_seopress_analysis_target_kw":[""],"wp_schema_pro_optimized_structured_data":["<!-- Schema optimized by Schema Pro --><script type=\"application\/ld+json\">{\"@context\":\"https:\/\/schema.org\",\"@type\":\"NewsArticle\",\"mainEntityOfPage\":{\"@type\":\"WebPage\",\"@id\":\"https:\/\/mv-sport.de\/nur-noch-3-wochen-bis-zur-20-hella-marathon-nacht-rostock\/\"},\"headline\":\"Nur noch 3 Wochen bis zur 20. hella marathon nacht rostock\",\"image\":{\"@type\":\"ImageObject\",\"url\":\"https:\/\/mv-sport.de\/wp-content\/uploads\/2022\/07\/marathonnacht_c_olaf-jenjahn_bms.jpg\",\"width\":900,\"height\":600},\"datePublished\":\"2022-07-13T13:52:07\",\"dateModified\":\"2022-07-13T13:52:07\",\"author\":{\"@type\":\"Person\",\"name\":\"MV-Sport.de\",\"url\":\"https:\/\/mv-sport.de\/author\/mv-sport-de\"},\"publisher\":{\"@type\":\"Organization\",\"name\":\"MV-Sport.de - Sportvereine &amp; Sportnachrichten Mecklenburg-Vorpommern\",\"logo\":{\"@type\":\"ImageObject\",\"url\":\"https:\/\/mv-sport.de\/wp-content\/uploads\/2017\/05\/logo-mv-sport-292x60.png\"}}}<\/script><!-- \/ Schema optimized by Schema Pro -->"],"__post_views_count":["791"],"astra_style_timestamp_css":["1757505109"],"_uag_css_file_name":["uag-css-118481.css"],"_uag_page_assets":["a:9:{s:3:\"css\";s:7010:\".uagb-block-88f5875d.wp-block-uagb-image--layout-default figure img{box-shadow: 0px 0px 0 #00000070;}.uagb-block-88f5875d.wp-block-uagb-image .wp-block-uagb-image__figure figcaption{font-style: normal;align-self: center;}.uagb-block-88f5875d.wp-block-uagb-image--layout-overlay figure img{box-shadow: 0px 0px 0 #00000070;}.uagb-block-88f5875d.wp-block-uagb-image--layout-overlay .wp-block-uagb-image--layout-overlay__color-wrapper{opacity: 0.2;}.uagb-block-88f5875d.wp-block-uagb-image--layout-overlay .wp-block-uagb-image--layout-overlay__inner{left: 15px;right: 15px;top: 15px;bottom: 15px;}.uagb-block-88f5875d.wp-block-uagb-image--layout-overlay .wp-block-uagb-image--layout-overlay__inner .uagb-image-heading{font-style: normal;color: #fff;opacity: 1;}.uagb-block-88f5875d.wp-block-uagb-image--layout-overlay .wp-block-uagb-image--layout-overlay__inner .uagb-image-heading a{color: #fff;}.uagb-block-88f5875d.wp-block-uagb-image--layout-overlay .wp-block-uagb-image--layout-overlay__inner .uagb-image-caption{opacity: 0;}.uagb-block-88f5875d.wp-block-uagb-image--layout-overlay .wp-block-uagb-image__figure:hover .wp-block-uagb-image--layout-overlay__color-wrapper{opacity: 1;}.uagb-block-88f5875d.wp-block-uagb-image .wp-block-uagb-image--layout-overlay__inner .uagb-image-separator{width: 30%;border-top-width: 2px;border-top-color: #fff;opacity: 0;}.uagb-block-88f5875d.wp-block-uagb-image .wp-block-uagb-image__figure img{width: 297px;height: auto;}.uagb-block-88f5875d.wp-block-uagb-image .wp-block-uagb-image__figure:hover .wp-block-uagb-image--layout-overlay__inner .uagb-image-caption{opacity: 1;}.uagb-block-88f5875d.wp-block-uagb-image .wp-block-uagb-image__figure:hover .wp-block-uagb-image--layout-overlay__inner .uagb-image-separator{opacity: 1;}.uagb-block-88f5875d.wp-block-uagb-image--layout-default figure:hover img{box-shadow: 0px 0px 0 #00000070;}.uagb-block-88f5875d.wp-block-uagb-image--layout-overlay figure:hover img{box-shadow: 0px 0px 0 #00000070;}@media only screen and (max-width: 976px) {.uagb-block-88f5875d.wp-block-uagb-image .wp-block-uagb-image__figure img{width: 297px;height: auto;}}@media only screen and (max-width: 767px) {.uagb-block-88f5875d.wp-block-uagb-image .wp-block-uagb-image__figure img{width: 297px;height: auto;}}.uagb-block-b6c54374.wp-block-uagb-image{margin-top: 0px;margin-right: 0px;margin-bottom: 0px;margin-left: 0px;}.uagb-block-b6c54374.wp-block-uagb-image--layout-default figure img{box-shadow: 0px 0px 0 #00000070;}.uagb-block-b6c54374.wp-block-uagb-image .wp-block-uagb-image__figure figcaption{font-style: normal;align-self: center;}.uagb-block-b6c54374.wp-block-uagb-image--layout-overlay figure img{box-shadow: 0px 0px 0 #00000070;}.uagb-block-b6c54374.wp-block-uagb-image--layout-overlay .wp-block-uagb-image--layout-overlay__color-wrapper{opacity: 0.2;}.uagb-block-b6c54374.wp-block-uagb-image--layout-overlay .wp-block-uagb-image--layout-overlay__inner{left: 15px;right: 15px;top: 15px;bottom: 15px;}.uagb-block-b6c54374.wp-block-uagb-image--layout-overlay .wp-block-uagb-image--layout-overlay__inner .uagb-image-heading{font-style: normal;color: #fff;opacity: 1;}.uagb-block-b6c54374.wp-block-uagb-image--layout-overlay .wp-block-uagb-image--layout-overlay__inner .uagb-image-heading a{color: #fff;}.uagb-block-b6c54374.wp-block-uagb-image--layout-overlay .wp-block-uagb-image--layout-overlay__inner .uagb-image-caption{opacity: 0;}.uagb-block-b6c54374.wp-block-uagb-image--layout-overlay .wp-block-uagb-image__figure:hover .wp-block-uagb-image--layout-overlay__color-wrapper{opacity: 1;}.uagb-block-b6c54374.wp-block-uagb-image .wp-block-uagb-image--layout-overlay__inner .uagb-image-separator{width: 30%;border-top-width: 2px;border-top-color: #fff;opacity: 0;}.uagb-block-b6c54374.wp-block-uagb-image .wp-block-uagb-image__figure img{width: px;height: auto;}.uagb-block-b6c54374.wp-block-uagb-image .wp-block-uagb-image__figure:hover .wp-block-uagb-image--layout-overlay__inner .uagb-image-caption{opacity: 1;}.uagb-block-b6c54374.wp-block-uagb-image .wp-block-uagb-image__figure:hover .wp-block-uagb-image--layout-overlay__inner .uagb-image-separator{opacity: 1;}.uagb-block-b6c54374.wp-block-uagb-image--layout-default figure:hover img{box-shadow: 0px 0px 0 #00000070;}.uagb-block-b6c54374.wp-block-uagb-image--layout-overlay figure:hover img{box-shadow: 0px 0px 0 #00000070;}@media only screen and (max-width: 976px) {.uagb-block-b6c54374.wp-block-uagb-image .wp-block-uagb-image__figure img{width: px;height: auto;}}@media only screen and (max-width: 767px) {.uagb-block-b6c54374.wp-block-uagb-image .wp-block-uagb-image__figure img{width: px;height: auto;}}.uagb-block-2bdcf70c.wp-block-uagb-image{margin-top: 0px;margin-right: 0px;margin-bottom: 0px;margin-left: 0px;}.uagb-block-2bdcf70c.wp-block-uagb-image--layout-default figure img{box-shadow: 0px 0px 0 #00000070;}.uagb-block-2bdcf70c.wp-block-uagb-image .wp-block-uagb-image__figure figcaption{font-style: normal;align-self: center;}.uagb-block-2bdcf70c.wp-block-uagb-image--layout-overlay figure img{box-shadow: 0px 0px 0 #00000070;}.uagb-block-2bdcf70c.wp-block-uagb-image--layout-overlay .wp-block-uagb-image--layout-overlay__color-wrapper{opacity: 0.2;}.uagb-block-2bdcf70c.wp-block-uagb-image--layout-overlay .wp-block-uagb-image--layout-overlay__inner{left: 15px;right: 15px;top: 15px;bottom: 15px;}.uagb-block-2bdcf70c.wp-block-uagb-image--layout-overlay .wp-block-uagb-image--layout-overlay__inner .uagb-image-heading{font-style: normal;color: #fff;opacity: 1;}.uagb-block-2bdcf70c.wp-block-uagb-image--layout-overlay .wp-block-uagb-image--layout-overlay__inner .uagb-image-heading a{color: #fff;}.uagb-block-2bdcf70c.wp-block-uagb-image--layout-overlay .wp-block-uagb-image--layout-overlay__inner .uagb-image-caption{opacity: 0;}.uagb-block-2bdcf70c.wp-block-uagb-image--layout-overlay .wp-block-uagb-image__figure:hover .wp-block-uagb-image--layout-overlay__color-wrapper{opacity: 1;}.uagb-block-2bdcf70c.wp-block-uagb-image .wp-block-uagb-image--layout-overlay__inner .uagb-image-separator{width: 30%;border-top-width: 2px;border-top-color: #fff;opacity: 0;}.uagb-block-2bdcf70c.wp-block-uagb-image .wp-block-uagb-image__figure img{width: px;height: auto;}.uagb-block-2bdcf70c.wp-block-uagb-image .wp-block-uagb-image__figure:hover .wp-block-uagb-image--layout-overlay__inner .uagb-image-caption{opacity: 1;}.uagb-block-2bdcf70c.wp-block-uagb-image .wp-block-uagb-image__figure:hover .wp-block-uagb-image--layout-overlay__inner .uagb-image-separator{opacity: 1;}.uagb-block-2bdcf70c.wp-block-uagb-image--layout-default figure:hover img{box-shadow: 0px 0px 0 #00000070;}.uagb-block-2bdcf70c.wp-block-uagb-image--layout-overlay figure:hover img{box-shadow: 0px 0px 0 #00000070;}@media only screen and (max-width: 976px) {.uagb-block-2bdcf70c.wp-block-uagb-image .wp-block-uagb-image__figure img{width: px;height: auto;}}@media only screen and (max-width: 767px) {.uagb-block-2bdcf70c.wp-block-uagb-image .wp-block-uagb-image__figure img{width: px;height: auto;}}\";s:2:\"js\";s:0:\"\";s:18:\"current_block_list\";a:28:{i:0;s:10:\"core\/group\";i:2;s:24:\"core\/post-featured-image\";i:3;s:15:\"core\/post-title\";i:5;s:14:\"core\/post-date\";i:6;s:16:\"core\/post-author\";i:7;s:15:\"core\/post-terms\";i:8;s:17:\"core\/post-content\";i:9;s:14:\"core\/separator\";i:10;s:13:\"core\/comments\";i:11;s:19:\"core\/comments-title\";i:12;s:21:\"core\/comment-template\";i:15;s:11:\"core\/avatar\";i:16;s:24:\"core\/comment-author-name\";i:17;s:17:\"core\/comment-date\";i:18;s:20:\"core\/comment-content\";i:19;s:23:\"core\/comment-reply-link\";i:20;s:24:\"core\/comments-pagination\";i:21;s:33:\"core\/comments-pagination-previous\";i:22;s:32:\"core\/comments-pagination-numbers\";i:23;s:29:\"core\/comments-pagination-next\";i:24;s:23:\"core\/post-comments-form\";i:25;s:14:\"core\/tag-cloud\";i:26;s:12:\"core\/heading\";i:27;s:14:\"core\/paragraph\";i:28;s:12:\"core\/buttons\";i:29;s:11:\"core\/button\";i:30;s:10:\"uagb\/image\";i:31;s:10:\"core\/image\";}s:8:\"uag_flag\";b:1;s:11:\"uag_version\";s:10:\"1777464673\";s:6:\"gfonts\";a:0:{}s:10:\"gfonts_url\";s:0:\"\";s:12:\"gfonts_files\";a:0:{}s:14:\"uag_faq_layout\";b:0;}"]},"uagb_featured_image_src":{"full":["https:\/\/mv-sport.de\/c\/wp-content\/uploads\/2022\/07\/marathonnacht_c_olaf-jenjahn_bms.jpg",900,600,false],"thumbnail":["https:\/\/mv-sport.de\/c\/wp-content\/uploads\/2022\/07\/marathonnacht_c_olaf-jenjahn_bms-150x150.jpg",150,150,true],"medium":["https:\/\/mv-sport.de\/c\/wp-content\/uploads\/2022\/07\/marathonnacht_c_olaf-jenjahn_bms-600x600.jpg",350,350,true],"medium_large":["https:\/\/mv-sport.de\/c\/wp-content\/uploads\/2022\/07\/marathonnacht_c_olaf-jenjahn_bms.jpg",768,512,false],"large":["https:\/\/mv-sport.de\/c\/wp-content\/uploads\/2022\/07\/marathonnacht_c_olaf-jenjahn_bms.jpg",900,600,false],"1536x1536":["https:\/\/mv-sport.de\/c\/wp-content\/uploads\/2022\/07\/marathonnacht_c_olaf-jenjahn_bms.jpg",900,600,false],"2048x2048":["https:\/\/mv-sport.de\/c\/wp-content\/uploads\/2022\/07\/marathonnacht_c_olaf-jenjahn_bms.jpg",900,600,false],"ultp_layout_landscape_large":["https:\/\/mv-sport.de\/c\/wp-content\/uploads\/2022\/07\/marathonnacht_c_olaf-jenjahn_bms.jpg",900,600,false],"ultp_layout_landscape":["https:\/\/mv-sport.de\/c\/wp-content\/uploads\/2022\/07\/marathonnacht_c_olaf-jenjahn_bms.jpg",855,570,false],"ultp_layout_portrait":["https:\/\/mv-sport.de\/c\/wp-content\/uploads\/2022\/07\/marathonnacht_c_olaf-jenjahn_bms.jpg",600,400,false],"ultp_layout_square":["https:\/\/mv-sport.de\/c\/wp-content\/uploads\/2022\/07\/marathonnacht_c_olaf-jenjahn_bms.jpg",600,400,false]},"uagb_author_info":{"display_name":"MV-Sport.de","author_link":"https:\/\/mv-sport.de\/c\/author\/mv-sport-de\/"},"uagb_comment_info":0,"uagb_excerpt":"In gut drei Wochen werden sich im Rostocker Stadthafen wieder zahlreiche Laufsportfreunde treffen, die sich so lange nicht gesehen haben. Erstmals seit 2019 kann die hella marathon nacht rostock wieder uneingeschr\u00e4nkt stattfinden. Ohne Auflagen, ohne Beschr\u00e4nkungen \u2013 aber dennoch mit Vorsicht und R\u00fccksichtnahme, zum Schutz der eigenen Gesundheit und der der anderen Aktiven. Die hella&hellip;","_links":{"self":[{"href":"https:\/\/mv-sport.de\/c\/wp-json\/wp\/v2\/posts\/118481","targetHints":{"allow":["GET"]}}],"collection":[{"href":"https:\/\/mv-sport.de\/c\/wp-json\/wp\/v2\/posts"}],"about":[{"href":"https:\/\/mv-sport.de\/c\/wp-json\/wp\/v2\/types\/post"}],"author":[{"embeddable":true,"href":"https:\/\/mv-sport.de\/c\/wp-json\/wp\/v2\/users\/2"}],"replies":[{"embeddable":true,"href":"https:\/\/mv-sport.de\/c\/wp-json\/wp\/v2\/comments?post=118481"}],"version-history":[{"count":0,"href":"https:\/\/mv-sport.de\/c\/wp-json\/wp\/v2\/posts\/118481\/revisions"}],"wp:featuredmedia":[{"embeddable":true,"href":"https:\/\/mv-sport.de\/c\/wp-json\/wp\/v2\/media\/118483"}],"wp:attachment":[{"href":"https:\/\/mv-sport.de\/c\/wp-json\/wp\/v2\/media?parent=118481"}],"wp:term":[{"taxonomy":"category","embeddable":true,"href":"https:\/\/mv-sport.de\/c\/wp-json\/wp\/v2\/categories?post=118481"},{"taxonomy":"post_tag","embeddable":true,"href":"https:\/\/mv-sport.de\/c\/wp-json\/wp\/v2\/tags?post=118481"},{"taxonomy":"ort","embeddable":true,"href":"https:\/\/mv-sport.de\/c\/wp-json\/wp\/v2\/ort?post=118481"}],"curies":[{"name":"wp","href":"https:\/\/api.w.org\/{rel}","templated":true}]}}