{"id":11897,"date":"2018-07-31T15:34:40","date_gmt":"2018-07-31T13:34:40","guid":{"rendered":"https:\/\/mv-sport.de\/?p=11897"},"modified":"2018-07-31T15:34:40","modified_gmt":"2018-07-31T13:34:40","slug":"jtfo-26-schulteams-aus-mv-beim-herbstfinale","status":"publish","type":"post","link":"https:\/\/mv-sport.de\/c\/jtfo-26-schulteams-aus-mv-beim-herbstfinale\/","title":{"rendered":"JTFO: 26 Schulteams aus MV beim Herbstfinale"},"content":{"rendered":"<p>F\u00fcr 26 Schulmannschaften in Mecklenburg-Vorpommern hei\u00dft es: Finale! Sie haben sich in den Landeswettbewerben von \u201eJugend trainiert f\u00fcr Olympia\u201c und \u201eJugend trainiert f\u00fcr Paralympics\u201c in ihren Sportarten durchgesetzt und nehmen am Bundesfinale teil, das vom 23. bis zum 27. September 2018 in Berlin ausgetragen wird.<\/p>\n<p>Sportstaatssekret\u00e4r Sebastian Schr\u00f6der dr\u00fcckt den Sch\u00fclerinnen und Sch\u00fclern schon jetzt die Daumen: \u201eIn Berlin mit dabei zu sein, ist schon ein beachtlicher Erfolg, zu dem ich herzlich gratuliere. Es sind wertvolle Erfahrungen, die Jugendliche bei solchen Wettbewerben machen. Die Sch\u00fclerinnen und Sch\u00fcler stehen f\u00fcr den Sportgeist, den Ehrgeiz und die Leidenschaft, die andere Menschen f\u00fcr den Sport begeistern. Ich w\u00fcnsche ihnen, dass sie ihre pers\u00f6nlichen Ziele in den Finals erreichen.\u201c<\/p>\n<p>Die Schulmannschaften aus MV sind in Berlin in neun Sportarten im Herbstfinale von \u201eJugend trainiert f\u00fcr Olympia\u201c vertreten: Beachvolleyball, Fu\u00dfball, Hockey, Judo, Leichtathletik, Rudern, Schwimmen, Tennis und Triathlon. Die Jugendlichen, die es ins \u201eJugend trainiert f\u00fcr Paralympics\u201c-Finale geschafft haben, bestreiten die Wettk\u00e4mpfe in Fu\u00dfball, Leichtathletik und Schwimmen.<\/p>\n<p>Der Weg in das Bundesfinale f\u00fchrt \u00fcber die Wettbewerbe auf Stadt- oder Kreis-, Regional- und Landesebene. Im gerade zu Ende gegangenen Schuljahr haben sich daran wieder tausende junge Sportlerinnen und Sportler beteiligt.<\/p>\n<p><em>Quelle: PM Ministerium f\u00fcr Bildung, Wissenschaft und Kultur<br \/>\nOriginal PM und \u00dcbersicht der Teilnehmer am Herbstfinale auf <a href=\"https:\/\/www.regierung-mv.de\/Landesregierung\/bm\/Presse\/Aktuelle-Pressemitteilungen?id=140441&amp;processor=processor.sa.pressemitteilung&amp;sa.pressemitteilung.sperrfrist=alle\" target=\"_blank\" rel=\"noopener\">regierung-mv.de<\/a><br \/>\n<\/em><\/p>\n","protected":false},"excerpt":{"rendered":"<p>F\u00fcr 26 Schulmannschaften in Mecklenburg-Vorpommern hei\u00dft es: Finale! Sie haben sich in den Landeswettbewerben von \u201eJugend trainiert f\u00fcr Olympia\u201c und \u201eJugend trainiert f\u00fcr Paralympics\u201c in ihren Sportarten durchgesetzt und nehmen am Bundesfinale teil, das vom 23. bis zum 27. September 2018 in Berlin ausgetragen wird. Sportstaatssekret\u00e4r Sebastian Schr\u00f6der dr\u00fcckt den Sch\u00fclerinnen und Sch\u00fclern schon jetzt [&hellip;]<\/p>\n","protected":false},"author":2,"featured_media":7612,"comment_status":"open","ping_status":"open","sticky":false,"template":"","format":"standard","meta":{"_seopress_robots_primary_cat":"","_seopress_titles_title":"","_seopress_titles_desc":"","_seopress_robots_index":"","_relevanssi_hide_post":"","_relevanssi_hide_content":"","_relevanssi_pin_for_all":"","_relevanssi_pin_keywords":"","_relevanssi_unpin_keywords":"","_relevanssi_related_keywords":"","_relevanssi_related_include_ids":"","_relevanssi_related_exclude_ids":"","_relevanssi_related_no_append":"","_relevanssi_related_not_related":"","_relevanssi_related_posts":"","_relevanssi_noindex_reason":"","_uag_custom_page_level_css":"","footnotes":""},"categories":[24],"tags":[],"ort":[],"class_list":{"0":"post-11897","1":"post","2":"type-post","3":"status-publish","4":"format-standard","5":"has-post-thumbnail","7":"category-sport-allgemein"},"featured_image_urls":{"medium":"https:\/\/mv-sport.de\/c\/wp-content\/uploads\/2017\/12\/judo-beispiel-symbolfoto-600x600.jpg","medium_large":"https:\/\/mv-sport.de\/c\/wp-content\/uploads\/2017\/12\/judo-beispiel-symbolfoto.jpg","large":"https:\/\/mv-sport.de\/c\/wp-content\/uploads\/2017\/12\/judo-beispiel-symbolfoto.jpg","full":"https:\/\/mv-sport.de\/c\/wp-content\/uploads\/2017\/12\/judo-beispiel-symbolfoto.jpg","alt":"","caption":"Judo - Symbolbild"},"spectra_custom_meta":{"uab_option":["yes"],"uab_meta_position":["default"],"_extra_rating_average":["0"],"_edit_lock":["1533044705:2"],"_edit_last":["2"],"_et_pb_use_builder":[""],"_et_builder_version":["BB|Divi|3.10"],"_et_pb_ab_stats_refresh_interval":["hourly"],"_et_pb_old_content":[""],"_et_pb_enable_shortcode_tracking":[""],"_et_pb_custom_css":[""],"_yoast_wpseo_primary_category":["24"],"_post_review_box_title":["Review"],"_post_review_box_summary":[""],"_post_review_box_summary_title":["Summary"],"_post_review_box_breakdowns_score":["0"],"_post_review_box_breakdowns_count":["1"],"_post_review_box_breakdowns":["a:1:{i:0;a:2:{s:5:\"title\";s:0:\"\";s:6:\"rating\";i:0;}}"],"_extra_sidebar_location":[""],"_extra_sidebar":[""],"post_views_count":["623"],"_thumbnail_id":["7612"],"xyz_fbap":["1"],"xyz_fbap_insert_og":["0"],"wp_schema_pro_optimized_structured_data":["<!-- Schema optimized by Schema Pro --><script type=\"application\/ld+json\">{\"@context\":\"https:\/\/schema.org\",\"@type\":\"NewsArticle\",\"mainEntityOfPage\":{\"@type\":\"WebPage\",\"@id\":\"https:\/\/mv-sport.de\/jtfo-26-schulteams-aus-mv-beim-herbstfinale\/\"},\"headline\":\"JTFO: 26 Schulteams aus MV beim Herbstfinale\",\"image\":{\"@type\":\"ImageObject\",\"url\":\"https:\/\/mv-sport.de\/wp-content\/uploads\/2017\/12\/judo-beispiel-symbolfoto.jpg\",\"width\":1000,\"height\":668},\"datePublished\":\"2018-07-31T15:34:40\",\"dateModified\":\"2018-07-31T15:34:40\",\"author\":{\"@type\":\"Person\",\"name\":\"MV-Sport.de\",\"url\":\"https:\/\/mv-sport.de\/author\/mv-sport-de\"},\"publisher\":{\"@type\":\"Organization\",\"name\":\"MV-Sport.de - Sportvereine &amp; Sportnachrichten Mecklenburg-Vorpommern\",\"logo\":{\"@type\":\"ImageObject\",\"url\":\"https:\/\/mv-sport.de\/wp-content\/uploads\/2017\/05\/logo-mv-sport-292x60.png\"}}}<\/script><!-- \/ Schema optimized by Schema Pro -->"],"__post_views_count":["657"],"astra_style_timestamp_css":["1757445563"],"_uag_css_file_name":["uag-css-11897.css"],"_uag_page_assets":["a:9:{s:3:\"css\";s:7010:\".uagb-block-88f5875d.wp-block-uagb-image--layout-default figure img{box-shadow: 0px 0px 0 #00000070;}.uagb-block-88f5875d.wp-block-uagb-image .wp-block-uagb-image__figure figcaption{font-style: normal;align-self: center;}.uagb-block-88f5875d.wp-block-uagb-image--layout-overlay figure img{box-shadow: 0px 0px 0 #00000070;}.uagb-block-88f5875d.wp-block-uagb-image--layout-overlay .wp-block-uagb-image--layout-overlay__color-wrapper{opacity: 0.2;}.uagb-block-88f5875d.wp-block-uagb-image--layout-overlay .wp-block-uagb-image--layout-overlay__inner{left: 15px;right: 15px;top: 15px;bottom: 15px;}.uagb-block-88f5875d.wp-block-uagb-image--layout-overlay .wp-block-uagb-image--layout-overlay__inner .uagb-image-heading{font-style: normal;color: #fff;opacity: 1;}.uagb-block-88f5875d.wp-block-uagb-image--layout-overlay .wp-block-uagb-image--layout-overlay__inner .uagb-image-heading a{color: #fff;}.uagb-block-88f5875d.wp-block-uagb-image--layout-overlay .wp-block-uagb-image--layout-overlay__inner .uagb-image-caption{opacity: 0;}.uagb-block-88f5875d.wp-block-uagb-image--layout-overlay .wp-block-uagb-image__figure:hover .wp-block-uagb-image--layout-overlay__color-wrapper{opacity: 1;}.uagb-block-88f5875d.wp-block-uagb-image .wp-block-uagb-image--layout-overlay__inner .uagb-image-separator{width: 30%;border-top-width: 2px;border-top-color: #fff;opacity: 0;}.uagb-block-88f5875d.wp-block-uagb-image .wp-block-uagb-image__figure img{width: 297px;height: auto;}.uagb-block-88f5875d.wp-block-uagb-image .wp-block-uagb-image__figure:hover .wp-block-uagb-image--layout-overlay__inner .uagb-image-caption{opacity: 1;}.uagb-block-88f5875d.wp-block-uagb-image .wp-block-uagb-image__figure:hover .wp-block-uagb-image--layout-overlay__inner .uagb-image-separator{opacity: 1;}.uagb-block-88f5875d.wp-block-uagb-image--layout-default figure:hover img{box-shadow: 0px 0px 0 #00000070;}.uagb-block-88f5875d.wp-block-uagb-image--layout-overlay figure:hover img{box-shadow: 0px 0px 0 #00000070;}@media only screen and (max-width: 976px) {.uagb-block-88f5875d.wp-block-uagb-image .wp-block-uagb-image__figure img{width: 297px;height: auto;}}@media only screen and (max-width: 767px) {.uagb-block-88f5875d.wp-block-uagb-image .wp-block-uagb-image__figure img{width: 297px;height: auto;}}.uagb-block-b6c54374.wp-block-uagb-image{margin-top: 0px;margin-right: 0px;margin-bottom: 0px;margin-left: 0px;}.uagb-block-b6c54374.wp-block-uagb-image--layout-default figure img{box-shadow: 0px 0px 0 #00000070;}.uagb-block-b6c54374.wp-block-uagb-image .wp-block-uagb-image__figure figcaption{font-style: normal;align-self: center;}.uagb-block-b6c54374.wp-block-uagb-image--layout-overlay figure img{box-shadow: 0px 0px 0 #00000070;}.uagb-block-b6c54374.wp-block-uagb-image--layout-overlay .wp-block-uagb-image--layout-overlay__color-wrapper{opacity: 0.2;}.uagb-block-b6c54374.wp-block-uagb-image--layout-overlay .wp-block-uagb-image--layout-overlay__inner{left: 15px;right: 15px;top: 15px;bottom: 15px;}.uagb-block-b6c54374.wp-block-uagb-image--layout-overlay .wp-block-uagb-image--layout-overlay__inner .uagb-image-heading{font-style: normal;color: #fff;opacity: 1;}.uagb-block-b6c54374.wp-block-uagb-image--layout-overlay .wp-block-uagb-image--layout-overlay__inner .uagb-image-heading a{color: #fff;}.uagb-block-b6c54374.wp-block-uagb-image--layout-overlay .wp-block-uagb-image--layout-overlay__inner .uagb-image-caption{opacity: 0;}.uagb-block-b6c54374.wp-block-uagb-image--layout-overlay .wp-block-uagb-image__figure:hover .wp-block-uagb-image--layout-overlay__color-wrapper{opacity: 1;}.uagb-block-b6c54374.wp-block-uagb-image .wp-block-uagb-image--layout-overlay__inner .uagb-image-separator{width: 30%;border-top-width: 2px;border-top-color: #fff;opacity: 0;}.uagb-block-b6c54374.wp-block-uagb-image .wp-block-uagb-image__figure img{width: px;height: auto;}.uagb-block-b6c54374.wp-block-uagb-image .wp-block-uagb-image__figure:hover .wp-block-uagb-image--layout-overlay__inner .uagb-image-caption{opacity: 1;}.uagb-block-b6c54374.wp-block-uagb-image .wp-block-uagb-image__figure:hover .wp-block-uagb-image--layout-overlay__inner .uagb-image-separator{opacity: 1;}.uagb-block-b6c54374.wp-block-uagb-image--layout-default figure:hover img{box-shadow: 0px 0px 0 #00000070;}.uagb-block-b6c54374.wp-block-uagb-image--layout-overlay figure:hover img{box-shadow: 0px 0px 0 #00000070;}@media only screen and (max-width: 976px) {.uagb-block-b6c54374.wp-block-uagb-image .wp-block-uagb-image__figure img{width: px;height: auto;}}@media only screen and (max-width: 767px) {.uagb-block-b6c54374.wp-block-uagb-image .wp-block-uagb-image__figure img{width: px;height: auto;}}.uagb-block-2bdcf70c.wp-block-uagb-image{margin-top: 0px;margin-right: 0px;margin-bottom: 0px;margin-left: 0px;}.uagb-block-2bdcf70c.wp-block-uagb-image--layout-default figure img{box-shadow: 0px 0px 0 #00000070;}.uagb-block-2bdcf70c.wp-block-uagb-image .wp-block-uagb-image__figure figcaption{font-style: normal;align-self: center;}.uagb-block-2bdcf70c.wp-block-uagb-image--layout-overlay figure img{box-shadow: 0px 0px 0 #00000070;}.uagb-block-2bdcf70c.wp-block-uagb-image--layout-overlay .wp-block-uagb-image--layout-overlay__color-wrapper{opacity: 0.2;}.uagb-block-2bdcf70c.wp-block-uagb-image--layout-overlay .wp-block-uagb-image--layout-overlay__inner{left: 15px;right: 15px;top: 15px;bottom: 15px;}.uagb-block-2bdcf70c.wp-block-uagb-image--layout-overlay .wp-block-uagb-image--layout-overlay__inner .uagb-image-heading{font-style: normal;color: #fff;opacity: 1;}.uagb-block-2bdcf70c.wp-block-uagb-image--layout-overlay .wp-block-uagb-image--layout-overlay__inner .uagb-image-heading a{color: #fff;}.uagb-block-2bdcf70c.wp-block-uagb-image--layout-overlay .wp-block-uagb-image--layout-overlay__inner .uagb-image-caption{opacity: 0;}.uagb-block-2bdcf70c.wp-block-uagb-image--layout-overlay .wp-block-uagb-image__figure:hover .wp-block-uagb-image--layout-overlay__color-wrapper{opacity: 1;}.uagb-block-2bdcf70c.wp-block-uagb-image .wp-block-uagb-image--layout-overlay__inner .uagb-image-separator{width: 30%;border-top-width: 2px;border-top-color: #fff;opacity: 0;}.uagb-block-2bdcf70c.wp-block-uagb-image .wp-block-uagb-image__figure img{width: px;height: auto;}.uagb-block-2bdcf70c.wp-block-uagb-image .wp-block-uagb-image__figure:hover .wp-block-uagb-image--layout-overlay__inner .uagb-image-caption{opacity: 1;}.uagb-block-2bdcf70c.wp-block-uagb-image .wp-block-uagb-image__figure:hover .wp-block-uagb-image--layout-overlay__inner .uagb-image-separator{opacity: 1;}.uagb-block-2bdcf70c.wp-block-uagb-image--layout-default figure:hover img{box-shadow: 0px 0px 0 #00000070;}.uagb-block-2bdcf70c.wp-block-uagb-image--layout-overlay figure:hover img{box-shadow: 0px 0px 0 #00000070;}@media only screen and (max-width: 976px) {.uagb-block-2bdcf70c.wp-block-uagb-image .wp-block-uagb-image__figure img{width: px;height: auto;}}@media only screen and (max-width: 767px) {.uagb-block-2bdcf70c.wp-block-uagb-image .wp-block-uagb-image__figure img{width: px;height: auto;}}\";s:2:\"js\";s:0:\"\";s:18:\"current_block_list\";a:28:{i:0;s:10:\"core\/group\";i:2;s:24:\"core\/post-featured-image\";i:3;s:15:\"core\/post-title\";i:5;s:14:\"core\/post-date\";i:6;s:16:\"core\/post-author\";i:7;s:15:\"core\/post-terms\";i:8;s:17:\"core\/post-content\";i:9;s:14:\"core\/separator\";i:10;s:13:\"core\/comments\";i:11;s:19:\"core\/comments-title\";i:12;s:21:\"core\/comment-template\";i:15;s:11:\"core\/avatar\";i:16;s:24:\"core\/comment-author-name\";i:17;s:17:\"core\/comment-date\";i:18;s:20:\"core\/comment-content\";i:19;s:23:\"core\/comment-reply-link\";i:20;s:24:\"core\/comments-pagination\";i:21;s:33:\"core\/comments-pagination-previous\";i:22;s:32:\"core\/comments-pagination-numbers\";i:23;s:29:\"core\/comments-pagination-next\";i:24;s:23:\"core\/post-comments-form\";i:25;s:14:\"core\/tag-cloud\";i:26;s:12:\"core\/heading\";i:27;s:14:\"core\/paragraph\";i:28;s:12:\"core\/buttons\";i:29;s:11:\"core\/button\";i:30;s:10:\"uagb\/image\";i:31;s:10:\"core\/image\";}s:8:\"uag_flag\";b:1;s:11:\"uag_version\";s:10:\"1777208246\";s:6:\"gfonts\";a:0:{}s:10:\"gfonts_url\";s:0:\"\";s:12:\"gfonts_files\";a:0:{}s:14:\"uag_faq_layout\";b:0;}"]},"uagb_featured_image_src":{"full":["https:\/\/mv-sport.de\/c\/wp-content\/uploads\/2017\/12\/judo-beispiel-symbolfoto.jpg",1000,668,false],"thumbnail":["https:\/\/mv-sport.de\/c\/wp-content\/uploads\/2017\/12\/judo-beispiel-symbolfoto-150x150.jpg",150,150,true],"medium":["https:\/\/mv-sport.de\/c\/wp-content\/uploads\/2017\/12\/judo-beispiel-symbolfoto-600x600.jpg",350,350,true],"medium_large":["https:\/\/mv-sport.de\/c\/wp-content\/uploads\/2017\/12\/judo-beispiel-symbolfoto.jpg",768,513,false],"large":["https:\/\/mv-sport.de\/c\/wp-content\/uploads\/2017\/12\/judo-beispiel-symbolfoto.jpg",1000,668,false],"1536x1536":["https:\/\/mv-sport.de\/c\/wp-content\/uploads\/2017\/12\/judo-beispiel-symbolfoto.jpg",1000,668,false],"2048x2048":["https:\/\/mv-sport.de\/c\/wp-content\/uploads\/2017\/12\/judo-beispiel-symbolfoto.jpg",1000,668,false],"ultp_layout_landscape_large":["https:\/\/mv-sport.de\/c\/wp-content\/uploads\/2017\/12\/judo-beispiel-symbolfoto.jpg",1000,668,false],"ultp_layout_landscape":["https:\/\/mv-sport.de\/c\/wp-content\/uploads\/2017\/12\/judo-beispiel-symbolfoto.jpg",853,570,false],"ultp_layout_portrait":["https:\/\/mv-sport.de\/c\/wp-content\/uploads\/2017\/12\/judo-beispiel-symbolfoto.jpg",600,401,false],"ultp_layout_square":["https:\/\/mv-sport.de\/c\/wp-content\/uploads\/2017\/12\/judo-beispiel-symbolfoto.jpg",600,401,false]},"uagb_author_info":{"display_name":"MV-Sport.de","author_link":"https:\/\/mv-sport.de\/c\/author\/mv-sport-de\/"},"uagb_comment_info":0,"uagb_excerpt":"F\u00fcr 26 Schulmannschaften in Mecklenburg-Vorpommern hei\u00dft es: Finale! Sie haben sich in den Landeswettbewerben von \u201eJugend trainiert f\u00fcr Olympia\u201c und \u201eJugend trainiert f\u00fcr Paralympics\u201c in ihren Sportarten durchgesetzt und nehmen am Bundesfinale teil, das vom 23. bis zum 27. September 2018 in Berlin ausgetragen wird. Sportstaatssekret\u00e4r Sebastian Schr\u00f6der dr\u00fcckt den Sch\u00fclerinnen und Sch\u00fclern schon jetzt&hellip;","_links":{"self":[{"href":"https:\/\/mv-sport.de\/c\/wp-json\/wp\/v2\/posts\/11897","targetHints":{"allow":["GET"]}}],"collection":[{"href":"https:\/\/mv-sport.de\/c\/wp-json\/wp\/v2\/posts"}],"about":[{"href":"https:\/\/mv-sport.de\/c\/wp-json\/wp\/v2\/types\/post"}],"author":[{"embeddable":true,"href":"https:\/\/mv-sport.de\/c\/wp-json\/wp\/v2\/users\/2"}],"replies":[{"embeddable":true,"href":"https:\/\/mv-sport.de\/c\/wp-json\/wp\/v2\/comments?post=11897"}],"version-history":[{"count":0,"href":"https:\/\/mv-sport.de\/c\/wp-json\/wp\/v2\/posts\/11897\/revisions"}],"wp:featuredmedia":[{"embeddable":true,"href":"https:\/\/mv-sport.de\/c\/wp-json\/wp\/v2\/media\/7612"}],"wp:attachment":[{"href":"https:\/\/mv-sport.de\/c\/wp-json\/wp\/v2\/media?parent=11897"}],"wp:term":[{"taxonomy":"category","embeddable":true,"href":"https:\/\/mv-sport.de\/c\/wp-json\/wp\/v2\/categories?post=11897"},{"taxonomy":"post_tag","embeddable":true,"href":"https:\/\/mv-sport.de\/c\/wp-json\/wp\/v2\/tags?post=11897"},{"taxonomy":"ort","embeddable":true,"href":"https:\/\/mv-sport.de\/c\/wp-json\/wp\/v2\/ort?post=11897"}],"curies":[{"name":"wp","href":"https:\/\/api.w.org\/{rel}","templated":true}]}}