{"id":11936,"date":"2018-08-03T14:35:56","date_gmt":"2018-08-03T12:35:56","guid":{"rendered":"https:\/\/mv-sport.de\/?p=11936"},"modified":"2018-08-03T14:35:56","modified_gmt":"2018-08-03T12:35:56","slug":"trainingslager-der-laager-laufgruppe-war-ein-event","status":"publish","type":"post","link":"https:\/\/mv-sport.de\/c\/trainingslager-der-laager-laufgruppe-war-ein-event\/","title":{"rendered":"Trainingslager der Laager Laufgruppe war ein Event"},"content":{"rendered":"<p>Trotz Hitze wurde das diesj\u00e4hrige Trainingslager der Laager Laufgruppe ein voller Erfolg. Dazu hatte sicherlich auch das besondere Engagement des Teams der G\u00fcstrower Sportschule beigetragen, denn die Damen und Herren unterst\u00fctzten die Clubsportler in allen Belangen herausragend. Zum ersten Mal waren die Recknitzst\u00e4dter im Zuge eines Trainingslagers in G\u00fcstrow zu Gast. Morgendliche L\u00e4ufe und harte Einheiten in den Abendstunden verlangten von den Aktiven einiges ab. Aber daf\u00fcr gab es auch immer wieder Entspannung und Spa\u00df. So wurde die G\u00fcstrower OASE\u00a0 zwei Mal besucht und auch hier konnte sehr gut trainiert werden. Der Gesch\u00e4ftsf\u00fchrer des Freizeit-Bades, Holger Schneider, hatte daf\u00fcr die Grundlagen mit seinem Team gelegt und damit sein besonderes Interesse f\u00fcr organisierten Vereinssport gezeigt. Der H\u00f6hepunkt der sportlichen Woche war aber der Besuch des amtierenden\u00a0 Deutschen Meisters im Marathonlauf, Tom Gr\u00f6schel, bei den zum Teil noch sehr jungen Sportlerinnen und Sportlern der Laageer Laufgruppe. Nach seinem morgendlichen 30 Kilometerlauf nahm sich der Ausnahmesportler viel Zeit f\u00fcr die vielen Fragen der Laager Ausdauersportler. Mit zwei weiteren Deutschen Spitzenleichtathleten trainierte der Aktive des TC FIKO Rostock im G\u00fcstrower Stadion, um f\u00fcr die anstehenden Europameisterschaften fit zu sein. Und auch der 1500 Meter L\u00e4ufer, Marius Probst (TV Wattenscheid 01), und sein 800 Meter Teamgef\u00e4hrte, Christoph Kessler (LG Region Karlsruhe), waren sehr aufgeschlossen und f\u00fcr ein gemeinsames Erinnerungsfoto bereit.<br \/>\nNeben dem Sport wurde nat\u00fcrlich auch viel Zeit bei Spa\u00df und Spiel verbracht. Ein Strategiespiel brachte die Sportlerinnen und Sportler immer wieder zur Ruhe und erm\u00f6glichte so eine immer wieder kehrende, notwendige Regeneration. In der traditionellen Abschlussrunde zeigten sich ausnahmslos alle zufrieden und platt. Besonders das gute Essen wurde immer wieder herausgehoben und dabei wurde nicht nur an den Abschluss-Grillabend erinnert. Dieses Trainingslager war sicherlich eines der h\u00e4rtesten in den zur\u00fcckliegenden Jahren. Aber auf Grund der \u00e4u\u00dferen Bedingungen war es auch eines der Besten!<\/p>\n<p>SC Laage<\/p>\n<figure id=\"attachment_11937\" aria-describedby=\"caption-attachment-11937\" style=\"width: 1024px\" class=\"wp-caption aligncenter\"><a href=\"https:\/\/mv-sport.de\/wp-content\/uploads\/2018\/08\/20180801_1130050.jpg\"><img loading=\"lazy\" decoding=\"async\" class=\"size-large wp-image-11937\" src=\"https:\/\/mv-sport.de\/wp-content\/uploads\/2018\/08\/20180801_1130050-1024x576.jpg\" alt=\"\" width=\"1024\" height=\"576\" \/><\/a><figcaption id=\"caption-attachment-11937\" class=\"wp-caption-text\">Das Foto zeigt die Teilnehmer des Trainingslagers in deren Mitte Marius Probst, Tom Gr\u00f6schel und Christoph Kesseler (v.l.) stehen. Foto Maja Eichler<\/figcaption><\/figure>\n","protected":false},"excerpt":{"rendered":"<p>Trotz Hitze wurde das diesj\u00e4hrige Trainingslager der Laager Laufgruppe ein voller Erfolg. Dazu hatte sicherlich auch das besondere Engagement des Teams der G\u00fcstrower Sportschule beigetragen, denn die Damen und Herren unterst\u00fctzten die Clubsportler in allen Belangen herausragend. Zum ersten Mal waren die Recknitzst\u00e4dter im Zuge eines Trainingslagers in G\u00fcstrow zu Gast. Morgendliche L\u00e4ufe und harte [&hellip;]<\/p>\n","protected":false},"author":7,"featured_media":11937,"comment_status":"open","ping_status":"open","sticky":false,"template":"","format":"standard","meta":{"_seopress_robots_primary_cat":"","_seopress_titles_title":"","_seopress_titles_desc":"","_seopress_robots_index":"","_relevanssi_hide_post":"","_relevanssi_hide_content":"","_relevanssi_pin_for_all":"","_relevanssi_pin_keywords":"","_relevanssi_unpin_keywords":"","_relevanssi_related_keywords":"","_relevanssi_related_include_ids":"","_relevanssi_related_exclude_ids":"","_relevanssi_related_no_append":"","_relevanssi_related_not_related":"","_relevanssi_related_posts":"","_relevanssi_noindex_reason":"","_uag_custom_page_level_css":"","footnotes":""},"categories":[47],"tags":[],"ort":[],"class_list":{"0":"post-11936","1":"post","2":"type-post","3":"status-publish","4":"format-standard","5":"has-post-thumbnail","7":"category-laufsport"},"featured_image_urls":{"medium":"https:\/\/mv-sport.de\/c\/wp-content\/uploads\/2018\/08\/20180801_1130050-600x600.jpg","medium_large":"https:\/\/mv-sport.de\/c\/wp-content\/uploads\/2018\/08\/20180801_1130050.jpg","large":"https:\/\/mv-sport.de\/c\/wp-content\/uploads\/2018\/08\/20180801_1130050-1400x788.jpg","full":"https:\/\/mv-sport.de\/c\/wp-content\/uploads\/2018\/08\/20180801_1130050.jpg","alt":"","caption":"Das Foto zeigt die Teilnehmer des Trainingslagers in deren Mitte Marius Probst, Tom Gr\u00f6schel und Christoph Kesseler (v.l.) stehen. Foto Maja Eichler"},"spectra_custom_meta":{"uab_option":["yes"],"uab_meta_position":["default"],"_extra_rating_average":["0"],"_edit_lock":["1533456318:7"],"_edit_last":["7"],"_thumbnail_id":["11937"],"xyz_fbap":["1"],"xyz_fbap_insert_og":["0"],"post_views_count":["642"],"_et_pb_use_builder":[""],"_et_builder_version":["BB|Divi|3.10"],"_et_pb_old_content":[""],"_et_pb_custom_css":[""],"_yoast_wpseo_primary_category":["47"],"_post_review_box_title":["Review"],"_post_review_box_summary":[""],"_post_review_box_summary_title":["Summary"],"_post_review_box_breakdowns_score":["0"],"_post_review_box_breakdowns_count":["1"],"_post_review_box_breakdowns":["a:1:{i:0;a:2:{s:5:\"title\";s:0:\"\";s:6:\"rating\";i:0;}}"],"_extra_sidebar_location":[""],"_extra_sidebar":[""],"wp_schema_pro_optimized_structured_data":["<!-- Schema optimized by Schema Pro --><script type=\"application\/ld+json\">{\"@context\":\"https:\/\/schema.org\",\"@type\":\"NewsArticle\",\"mainEntityOfPage\":{\"@type\":\"WebPage\",\"@id\":\"https:\/\/mv-sport.de\/trainingslager-der-laager-laufgruppe-war-ein-event\/\"},\"headline\":\"Trainingslager der Laager Laufgruppe war ein Event\",\"image\":{\"@type\":\"ImageObject\",\"url\":\"https:\/\/mv-sport.de\/wp-content\/uploads\/2018\/08\/20180801_1130050.jpg\",\"width\":1600,\"height\":900},\"datePublished\":\"2018-08-03T14:35:56\",\"dateModified\":\"2018-08-03T14:35:56\",\"author\":{\"@type\":\"Person\",\"name\":\"Sportclub Laage e.V.\",\"url\":\"https:\/\/mv-sport.de\/author\/sportclub-laage-e-v\"},\"publisher\":{\"@type\":\"Organization\",\"name\":\"MV-Sport.de - Sportvereine &amp; Sportnachrichten Mecklenburg-Vorpommern\",\"logo\":{\"@type\":\"ImageObject\",\"url\":\"https:\/\/mv-sport.de\/wp-content\/uploads\/2017\/05\/logo-mv-sport-292x60.png\"}}}<\/script><!-- \/ Schema optimized by Schema Pro -->"],"__post_views_count":["702"],"astra_style_timestamp_css":["1757523026"],"_uag_css_file_name":["uag-css-11936.css"],"_uag_page_assets":["a:9:{s:3:\"css\";s:7010:\".uagb-block-88f5875d.wp-block-uagb-image--layout-default figure img{box-shadow: 0px 0px 0 #00000070;}.uagb-block-88f5875d.wp-block-uagb-image .wp-block-uagb-image__figure figcaption{font-style: normal;align-self: center;}.uagb-block-88f5875d.wp-block-uagb-image--layout-overlay figure img{box-shadow: 0px 0px 0 #00000070;}.uagb-block-88f5875d.wp-block-uagb-image--layout-overlay .wp-block-uagb-image--layout-overlay__color-wrapper{opacity: 0.2;}.uagb-block-88f5875d.wp-block-uagb-image--layout-overlay .wp-block-uagb-image--layout-overlay__inner{left: 15px;right: 15px;top: 15px;bottom: 15px;}.uagb-block-88f5875d.wp-block-uagb-image--layout-overlay .wp-block-uagb-image--layout-overlay__inner .uagb-image-heading{font-style: normal;color: #fff;opacity: 1;}.uagb-block-88f5875d.wp-block-uagb-image--layout-overlay .wp-block-uagb-image--layout-overlay__inner .uagb-image-heading a{color: #fff;}.uagb-block-88f5875d.wp-block-uagb-image--layout-overlay .wp-block-uagb-image--layout-overlay__inner .uagb-image-caption{opacity: 0;}.uagb-block-88f5875d.wp-block-uagb-image--layout-overlay .wp-block-uagb-image__figure:hover .wp-block-uagb-image--layout-overlay__color-wrapper{opacity: 1;}.uagb-block-88f5875d.wp-block-uagb-image .wp-block-uagb-image--layout-overlay__inner .uagb-image-separator{width: 30%;border-top-width: 2px;border-top-color: #fff;opacity: 0;}.uagb-block-88f5875d.wp-block-uagb-image .wp-block-uagb-image__figure img{width: 297px;height: auto;}.uagb-block-88f5875d.wp-block-uagb-image .wp-block-uagb-image__figure:hover .wp-block-uagb-image--layout-overlay__inner .uagb-image-caption{opacity: 1;}.uagb-block-88f5875d.wp-block-uagb-image .wp-block-uagb-image__figure:hover .wp-block-uagb-image--layout-overlay__inner .uagb-image-separator{opacity: 1;}.uagb-block-88f5875d.wp-block-uagb-image--layout-default figure:hover img{box-shadow: 0px 0px 0 #00000070;}.uagb-block-88f5875d.wp-block-uagb-image--layout-overlay figure:hover img{box-shadow: 0px 0px 0 #00000070;}@media only screen and (max-width: 976px) {.uagb-block-88f5875d.wp-block-uagb-image .wp-block-uagb-image__figure img{width: 297px;height: auto;}}@media only screen and (max-width: 767px) {.uagb-block-88f5875d.wp-block-uagb-image .wp-block-uagb-image__figure img{width: 297px;height: auto;}}.uagb-block-b6c54374.wp-block-uagb-image{margin-top: 0px;margin-right: 0px;margin-bottom: 0px;margin-left: 0px;}.uagb-block-b6c54374.wp-block-uagb-image--layout-default figure img{box-shadow: 0px 0px 0 #00000070;}.uagb-block-b6c54374.wp-block-uagb-image .wp-block-uagb-image__figure figcaption{font-style: normal;align-self: center;}.uagb-block-b6c54374.wp-block-uagb-image--layout-overlay figure img{box-shadow: 0px 0px 0 #00000070;}.uagb-block-b6c54374.wp-block-uagb-image--layout-overlay .wp-block-uagb-image--layout-overlay__color-wrapper{opacity: 0.2;}.uagb-block-b6c54374.wp-block-uagb-image--layout-overlay .wp-block-uagb-image--layout-overlay__inner{left: 15px;right: 15px;top: 15px;bottom: 15px;}.uagb-block-b6c54374.wp-block-uagb-image--layout-overlay .wp-block-uagb-image--layout-overlay__inner .uagb-image-heading{font-style: normal;color: #fff;opacity: 1;}.uagb-block-b6c54374.wp-block-uagb-image--layout-overlay .wp-block-uagb-image--layout-overlay__inner .uagb-image-heading a{color: #fff;}.uagb-block-b6c54374.wp-block-uagb-image--layout-overlay .wp-block-uagb-image--layout-overlay__inner .uagb-image-caption{opacity: 0;}.uagb-block-b6c54374.wp-block-uagb-image--layout-overlay .wp-block-uagb-image__figure:hover .wp-block-uagb-image--layout-overlay__color-wrapper{opacity: 1;}.uagb-block-b6c54374.wp-block-uagb-image .wp-block-uagb-image--layout-overlay__inner .uagb-image-separator{width: 30%;border-top-width: 2px;border-top-color: #fff;opacity: 0;}.uagb-block-b6c54374.wp-block-uagb-image .wp-block-uagb-image__figure img{width: px;height: auto;}.uagb-block-b6c54374.wp-block-uagb-image .wp-block-uagb-image__figure:hover .wp-block-uagb-image--layout-overlay__inner .uagb-image-caption{opacity: 1;}.uagb-block-b6c54374.wp-block-uagb-image .wp-block-uagb-image__figure:hover .wp-block-uagb-image--layout-overlay__inner .uagb-image-separator{opacity: 1;}.uagb-block-b6c54374.wp-block-uagb-image--layout-default figure:hover img{box-shadow: 0px 0px 0 #00000070;}.uagb-block-b6c54374.wp-block-uagb-image--layout-overlay figure:hover img{box-shadow: 0px 0px 0 #00000070;}@media only screen and (max-width: 976px) {.uagb-block-b6c54374.wp-block-uagb-image .wp-block-uagb-image__figure img{width: px;height: auto;}}@media only screen and (max-width: 767px) {.uagb-block-b6c54374.wp-block-uagb-image .wp-block-uagb-image__figure img{width: px;height: auto;}}.uagb-block-2bdcf70c.wp-block-uagb-image{margin-top: 0px;margin-right: 0px;margin-bottom: 0px;margin-left: 0px;}.uagb-block-2bdcf70c.wp-block-uagb-image--layout-default figure img{box-shadow: 0px 0px 0 #00000070;}.uagb-block-2bdcf70c.wp-block-uagb-image .wp-block-uagb-image__figure figcaption{font-style: normal;align-self: center;}.uagb-block-2bdcf70c.wp-block-uagb-image--layout-overlay figure img{box-shadow: 0px 0px 0 #00000070;}.uagb-block-2bdcf70c.wp-block-uagb-image--layout-overlay .wp-block-uagb-image--layout-overlay__color-wrapper{opacity: 0.2;}.uagb-block-2bdcf70c.wp-block-uagb-image--layout-overlay .wp-block-uagb-image--layout-overlay__inner{left: 15px;right: 15px;top: 15px;bottom: 15px;}.uagb-block-2bdcf70c.wp-block-uagb-image--layout-overlay .wp-block-uagb-image--layout-overlay__inner .uagb-image-heading{font-style: normal;color: #fff;opacity: 1;}.uagb-block-2bdcf70c.wp-block-uagb-image--layout-overlay .wp-block-uagb-image--layout-overlay__inner .uagb-image-heading a{color: #fff;}.uagb-block-2bdcf70c.wp-block-uagb-image--layout-overlay .wp-block-uagb-image--layout-overlay__inner .uagb-image-caption{opacity: 0;}.uagb-block-2bdcf70c.wp-block-uagb-image--layout-overlay .wp-block-uagb-image__figure:hover .wp-block-uagb-image--layout-overlay__color-wrapper{opacity: 1;}.uagb-block-2bdcf70c.wp-block-uagb-image .wp-block-uagb-image--layout-overlay__inner .uagb-image-separator{width: 30%;border-top-width: 2px;border-top-color: #fff;opacity: 0;}.uagb-block-2bdcf70c.wp-block-uagb-image .wp-block-uagb-image__figure img{width: px;height: auto;}.uagb-block-2bdcf70c.wp-block-uagb-image .wp-block-uagb-image__figure:hover .wp-block-uagb-image--layout-overlay__inner .uagb-image-caption{opacity: 1;}.uagb-block-2bdcf70c.wp-block-uagb-image .wp-block-uagb-image__figure:hover .wp-block-uagb-image--layout-overlay__inner .uagb-image-separator{opacity: 1;}.uagb-block-2bdcf70c.wp-block-uagb-image--layout-default figure:hover img{box-shadow: 0px 0px 0 #00000070;}.uagb-block-2bdcf70c.wp-block-uagb-image--layout-overlay figure:hover img{box-shadow: 0px 0px 0 #00000070;}@media only screen and (max-width: 976px) {.uagb-block-2bdcf70c.wp-block-uagb-image .wp-block-uagb-image__figure img{width: px;height: auto;}}@media only screen and (max-width: 767px) {.uagb-block-2bdcf70c.wp-block-uagb-image .wp-block-uagb-image__figure img{width: px;height: auto;}}\";s:2:\"js\";s:0:\"\";s:18:\"current_block_list\";a:28:{i:0;s:10:\"core\/group\";i:2;s:24:\"core\/post-featured-image\";i:3;s:15:\"core\/post-title\";i:5;s:14:\"core\/post-date\";i:6;s:16:\"core\/post-author\";i:7;s:15:\"core\/post-terms\";i:8;s:17:\"core\/post-content\";i:9;s:14:\"core\/separator\";i:10;s:13:\"core\/comments\";i:11;s:19:\"core\/comments-title\";i:12;s:21:\"core\/comment-template\";i:15;s:11:\"core\/avatar\";i:16;s:24:\"core\/comment-author-name\";i:17;s:17:\"core\/comment-date\";i:18;s:20:\"core\/comment-content\";i:19;s:23:\"core\/comment-reply-link\";i:20;s:24:\"core\/comments-pagination\";i:21;s:33:\"core\/comments-pagination-previous\";i:22;s:32:\"core\/comments-pagination-numbers\";i:23;s:29:\"core\/comments-pagination-next\";i:24;s:23:\"core\/post-comments-form\";i:25;s:14:\"core\/tag-cloud\";i:26;s:12:\"core\/heading\";i:27;s:14:\"core\/paragraph\";i:28;s:12:\"core\/buttons\";i:29;s:11:\"core\/button\";i:30;s:10:\"uagb\/image\";i:31;s:10:\"core\/image\";}s:8:\"uag_flag\";b:1;s:11:\"uag_version\";s:10:\"1777020433\";s:6:\"gfonts\";a:0:{}s:10:\"gfonts_url\";s:0:\"\";s:12:\"gfonts_files\";a:0:{}s:14:\"uag_faq_layout\";b:0;}"]},"uagb_featured_image_src":{"full":["https:\/\/mv-sport.de\/c\/wp-content\/uploads\/2018\/08\/20180801_1130050.jpg",1600,900,false],"thumbnail":["https:\/\/mv-sport.de\/c\/wp-content\/uploads\/2018\/08\/20180801_1130050-150x150.jpg",150,150,true],"medium":["https:\/\/mv-sport.de\/c\/wp-content\/uploads\/2018\/08\/20180801_1130050-600x600.jpg",350,350,true],"medium_large":["https:\/\/mv-sport.de\/c\/wp-content\/uploads\/2018\/08\/20180801_1130050.jpg",768,432,false],"large":["https:\/\/mv-sport.de\/c\/wp-content\/uploads\/2018\/08\/20180801_1130050-1400x788.jpg",1024,576,true],"1536x1536":["https:\/\/mv-sport.de\/c\/wp-content\/uploads\/2018\/08\/20180801_1130050.jpg",1536,864,false],"2048x2048":["https:\/\/mv-sport.de\/c\/wp-content\/uploads\/2018\/08\/20180801_1130050.jpg",1600,900,false],"ultp_layout_landscape_large":["https:\/\/mv-sport.de\/c\/wp-content\/uploads\/2018\/08\/20180801_1130050.jpg",1200,675,false],"ultp_layout_landscape":["https:\/\/mv-sport.de\/c\/wp-content\/uploads\/2018\/08\/20180801_1130050.jpg",870,489,false],"ultp_layout_portrait":["https:\/\/mv-sport.de\/c\/wp-content\/uploads\/2018\/08\/20180801_1130050.jpg",600,338,false],"ultp_layout_square":["https:\/\/mv-sport.de\/c\/wp-content\/uploads\/2018\/08\/20180801_1130050.jpg",600,338,false]},"uagb_author_info":{"display_name":"Sportclub Laage e.V.","author_link":"https:\/\/mv-sport.de\/c\/author\/sportclub-laage-e-v\/"},"uagb_comment_info":0,"uagb_excerpt":"Trotz Hitze wurde das diesj\u00e4hrige Trainingslager der Laager Laufgruppe ein voller Erfolg. Dazu hatte sicherlich auch das besondere Engagement des Teams der G\u00fcstrower Sportschule beigetragen, denn die Damen und Herren unterst\u00fctzten die Clubsportler in allen Belangen herausragend. Zum ersten Mal waren die Recknitzst\u00e4dter im Zuge eines Trainingslagers in G\u00fcstrow zu Gast. Morgendliche L\u00e4ufe und harte&hellip;","_links":{"self":[{"href":"https:\/\/mv-sport.de\/c\/wp-json\/wp\/v2\/posts\/11936","targetHints":{"allow":["GET"]}}],"collection":[{"href":"https:\/\/mv-sport.de\/c\/wp-json\/wp\/v2\/posts"}],"about":[{"href":"https:\/\/mv-sport.de\/c\/wp-json\/wp\/v2\/types\/post"}],"author":[{"embeddable":true,"href":"https:\/\/mv-sport.de\/c\/wp-json\/wp\/v2\/users\/7"}],"replies":[{"embeddable":true,"href":"https:\/\/mv-sport.de\/c\/wp-json\/wp\/v2\/comments?post=11936"}],"version-history":[{"count":0,"href":"https:\/\/mv-sport.de\/c\/wp-json\/wp\/v2\/posts\/11936\/revisions"}],"wp:featuredmedia":[{"embeddable":true,"href":"https:\/\/mv-sport.de\/c\/wp-json\/wp\/v2\/media\/11937"}],"wp:attachment":[{"href":"https:\/\/mv-sport.de\/c\/wp-json\/wp\/v2\/media?parent=11936"}],"wp:term":[{"taxonomy":"category","embeddable":true,"href":"https:\/\/mv-sport.de\/c\/wp-json\/wp\/v2\/categories?post=11936"},{"taxonomy":"post_tag","embeddable":true,"href":"https:\/\/mv-sport.de\/c\/wp-json\/wp\/v2\/tags?post=11936"},{"taxonomy":"ort","embeddable":true,"href":"https:\/\/mv-sport.de\/c\/wp-json\/wp\/v2\/ort?post=11936"}],"curies":[{"name":"wp","href":"https:\/\/api.w.org\/{rel}","templated":true}]}}