{"id":12017,"date":"2018-08-08T13:09:41","date_gmt":"2018-08-08T11:09:41","guid":{"rendered":"https:\/\/mv-sport.de\/?p=12017"},"modified":"2018-08-08T13:09:41","modified_gmt":"2018-08-08T11:09:41","slug":"spitzenreiter-beim-28-reit-und-springturnier-in-muehlengeez","status":"publish","type":"post","link":"https:\/\/mv-sport.de\/c\/spitzenreiter-beim-28-reit-und-springturnier-in-muehlengeez\/","title":{"rendered":"Spitzenreiter beim 28. Reit- und Springturnier in M\u00fchlengeez"},"content":{"rendered":"<figure id=\"attachment_12019\" aria-describedby=\"caption-attachment-12019\" style=\"width: 800px\" class=\"wp-caption aligncenter\"><a href=\"https:\/\/mv-sport.de\/wp-content\/uploads\/2018\/08\/pferdhund18_dressur_lueders_lohrmann.jpg\"><img loading=\"lazy\" decoding=\"async\" src=\"https:\/\/mv-sport.de\/wp-content\/uploads\/2018\/08\/pferdhund18_dressur_lueders_lohrmann.jpg\" alt=\"\" width=\"800\" height=\"500\" class=\"size-full wp-image-12019\" \/><\/a><figcaption id=\"caption-attachment-12019\" class=\"wp-caption-text\">Roland L\u00fcders konnte seinen Titel als Landesmeister verteidigen und reitet in den Schweren Pr\u00fcfungen der Dressur um Siege. \u00a9 Karl Lohrmann<\/figcaption><\/figure>\n<p>Die Vorbereitungen f\u00fcr die traditionelle Reitsportveranstaltung <strong>\u201ePferd + Hund \u2013 Turnier M\u00fchlengeez\u201c<\/strong>, welches in diesem Jahr bereits zum 28. Mal stattfindet, sind in den letzten Z\u00fcgen. Besucher haben vom <strong>17. bis zum 19. August 2018<\/strong>, t\u00e4glich ab 9:00 Uhr die Gelegenheit, erstklassigen Reitsport live mitzuerleben.<\/p>\n<figure id=\"attachment_12018\" aria-describedby=\"caption-attachment-12018\" style=\"width: 800px\" class=\"wp-caption aligncenter\"><a href=\"https:\/\/mv-sport.de\/wp-content\/uploads\/2018\/08\/pferdhund18_holger-wulschner_apollo-king-de-lauzelle.jpg\"><img loading=\"lazy\" decoding=\"async\" src=\"https:\/\/mv-sport.de\/wp-content\/uploads\/2018\/08\/pferdhund18_holger-wulschner_apollo-king-de-lauzelle.jpg\" alt=\"\" width=\"800\" height=\"500\" class=\"size-full wp-image-12018\" \/><\/a><figcaption id=\"caption-attachment-12018\" class=\"wp-caption-text\">Holger Wulschner bei seinem Siegesritt 2008. In diesem Jahr k\u00f6nnte er den Gro\u00dfen Preis zum vierten Mal f\u00fcr sich entscheiden. \u00a9 Jutta Wego<\/figcaption><\/figure>\n<p>Der Veranstalter rechnet nach Nennschluss mit \u00fcber 200 Reiterinnen und Reitern und \u00fcber 1000 Starts, in 26 Pr\u00fcfungen. H\u00f6hepunkt ist am Turnier-Sonntag der Gro\u00dfe Preis von L\u00fcbzer Pils, ein 3-Sterne-S-Springen. Der Gewinner des letzten Jahres, Andr\u00e9 Thieme, tritt zur Titelverteidigung an. Sollte ihm dies gelingen, h\u00e4tte er den Gro\u00dfen Preis bereits zum 5. Mal f\u00fcr sich entschieden. Konkurrenz bekommt er u. a. vom amtierenden Landesmeister Paul Wiktor, der im Jahr 2015 den Gro\u00dfen Preis ebenfalls bereits f\u00fcr sich entscheiden konnte, und von Holger Wulschner, der bereits zum vierten Mal siegreich sein k\u00f6nnte. In weiteren Springpr\u00fcfungen gehen u. a. Heiko Schmidt, Ulf Ebel und Andr\u00e9 Plath an den Start. Im Dressurviereck startet mit Ronald L\u00fcders ebenfalls der amtierende Landesmeister, der sich u. a. gegen Christina Thieme durchsetzen muss.<\/p>\n<p><figure id=\"attachment_12020\" aria-describedby=\"caption-attachment-12020\" style=\"width: 800px\" class=\"wp-caption aligncenter\"><a href=\"https:\/\/mv-sport.de\/wp-content\/uploads\/2018\/08\/pferdhund18_schauschmieden.jpg\"><img loading=\"lazy\" decoding=\"async\" src=\"https:\/\/mv-sport.de\/wp-content\/uploads\/2018\/08\/pferdhund18_schauschmieden.jpg\" alt=\"\" width=\"800\" height=\"500\" class=\"size-full wp-image-12020\" \/><\/a><figcaption id=\"caption-attachment-12020\" class=\"wp-caption-text\">Schmied Michael Zabel gibt Einblicke in sein altes Handwerk. \u00a9 Jutta Wego<br \/><\/figcaption><\/figure><br \/>\nNeben dem Reitsport findet zum 5. Mal das Hunde-Agility-Turnier statt. Etwa 100 Halter absolvieren an jedem Turniertag mit ihren Hunden anspruchsvolle Parcours in drei Gr\u00f6\u00dfenkategorien. Ein weiteres Highlight f\u00fcr die Besucher war bereits im vergangenen Jahr das Schauschmieden durch Michael Zabel, der einen Einblick in sein altes Handwerk gibt. Auch in diesem Jahr wird er zeigen, was mit Schmiedehammer und Amboss machbar ist. F\u00fcr die kleinen G\u00e4ste stehen verschiedene Geschicklichkeitsspiele bereit. Au\u00dferdem kann versucht werden, mit ca. 15.000 Bausteinen den h\u00f6chsten Turm zu bauen \u2013 auch die Eltern sind herzlich dazu eingeladen.<\/p>\n<p>Der Eintrittspreis betr\u00e4gt am Samstag und Sonntag f\u00fcr Erwachsene f\u00fcnf und f\u00fcr Kinder zwei Euro. Am Freitag ist der Eintritt frei. Weitere Informationen unter www.turnier-pferd-hund.de<\/p>\n<p><em>Quelle: Melanie Schade, MAZ<\/em><\/p>\n","protected":false},"excerpt":{"rendered":"<p>Die Vorbereitungen f\u00fcr die traditionelle Reitsportveranstaltung \u201ePferd + Hund \u2013 Turnier M\u00fchlengeez\u201c, welches in diesem Jahr bereits zum 28. Mal stattfindet, sind in den letzten Z\u00fcgen. Besucher haben vom 17. bis zum 19. August 2018, t\u00e4glich ab 9:00 Uhr die Gelegenheit, erstklassigen Reitsport live mitzuerleben. Der Veranstalter rechnet nach Nennschluss mit \u00fcber 200 Reiterinnen und [&hellip;]<\/p>\n","protected":false},"author":2,"featured_media":12018,"comment_status":"open","ping_status":"open","sticky":false,"template":"","format":"standard","meta":{"_seopress_robots_primary_cat":"","_seopress_titles_title":"","_seopress_titles_desc":"","_seopress_robots_index":"","_relevanssi_hide_post":"","_relevanssi_hide_content":"","_relevanssi_pin_for_all":"","_relevanssi_pin_keywords":"","_relevanssi_unpin_keywords":"","_relevanssi_related_keywords":"","_relevanssi_related_include_ids":"","_relevanssi_related_exclude_ids":"","_relevanssi_related_no_append":"","_relevanssi_related_not_related":"","_relevanssi_related_posts":"","_relevanssi_noindex_reason":"","_uag_custom_page_level_css":"","footnotes":""},"categories":[224],"tags":[],"ort":[],"class_list":{"0":"post-12017","1":"post","2":"type-post","3":"status-publish","4":"format-standard","5":"has-post-thumbnail","7":"category-reiten"},"featured_image_urls":{"medium":"https:\/\/mv-sport.de\/c\/wp-content\/uploads\/2018\/08\/pferdhund18_holger-wulschner_apollo-king-de-lauzelle-600x500.jpg","medium_large":"https:\/\/mv-sport.de\/c\/wp-content\/uploads\/2018\/08\/pferdhund18_holger-wulschner_apollo-king-de-lauzelle.jpg","large":"https:\/\/mv-sport.de\/c\/wp-content\/uploads\/2018\/08\/pferdhund18_holger-wulschner_apollo-king-de-lauzelle.jpg","full":"https:\/\/mv-sport.de\/c\/wp-content\/uploads\/2018\/08\/pferdhund18_holger-wulschner_apollo-king-de-lauzelle.jpg","alt":"","caption":"Holger Wulschner bei seinem Siegesritt 2008. In diesem Jahr k\u00f6nnte er den Gro\u00dfen Preis zum vierten Mal f\u00fcr sich entscheiden. \u00a9 Jutta Wego"},"spectra_custom_meta":{"uab_option":["yes"],"uab_meta_position":["default"],"_extra_rating_average":["0"],"_edit_lock":["1533729007:2"],"_edit_last":["2"],"_thumbnail_id":["12018"],"_et_pb_use_builder":[""],"_et_builder_version":["BB|Divi|3.11.1"],"_et_pb_ab_stats_refresh_interval":["hourly"],"_et_pb_old_content":[""],"_et_pb_enable_shortcode_tracking":[""],"_et_pb_custom_css":[""],"_yoast_wpseo_primary_category":["224"],"_post_review_box_title":["Review"],"_post_review_box_summary":[""],"_post_review_box_summary_title":["Summary"],"_post_review_box_breakdowns_score":["0"],"_post_review_box_breakdowns_count":["1"],"_post_review_box_breakdowns":["a:1:{i:0;a:2:{s:5:\"title\";s:0:\"\";s:6:\"rating\";i:0;}}"],"_extra_sidebar_location":[""],"_extra_sidebar":[""],"post_views_count":["734"],"xyz_fbap":["1"],"xyz_fbap_insert_og":["0"],"wp_schema_pro_optimized_structured_data":["<!-- Schema optimized by Schema Pro --><script type=\"application\/ld+json\">{\"@context\":\"https:\/\/schema.org\",\"@type\":\"NewsArticle\",\"mainEntityOfPage\":{\"@type\":\"WebPage\",\"@id\":\"https:\/\/mv-sport.de\/spitzenreiter-beim-28-reit-und-springturnier-in-muehlengeez\/\"},\"headline\":\"Spitzenreiter beim 28. Reit- und Springturnier in M\u00fchlengeez\",\"image\":{\"@type\":\"ImageObject\",\"url\":\"https:\/\/mv-sport.de\/wp-content\/uploads\/2018\/08\/pferdhund18_holger-wulschner_apollo-king-de-lauzelle.jpg\",\"width\":800,\"height\":500},\"datePublished\":\"2018-08-08T13:09:41\",\"dateModified\":\"2018-08-08T13:09:41\",\"author\":{\"@type\":\"Person\",\"name\":\"MV-Sport.de\",\"url\":\"https:\/\/mv-sport.de\/author\/mv-sport-de\"},\"publisher\":{\"@type\":\"Organization\",\"name\":\"MV-Sport.de - Sportvereine &amp; Sportnachrichten Mecklenburg-Vorpommern\",\"logo\":{\"@type\":\"ImageObject\",\"url\":\"https:\/\/mv-sport.de\/wp-content\/uploads\/2017\/05\/logo-mv-sport-292x60.png\"}}}<\/script><!-- \/ Schema optimized by Schema Pro -->"],"__post_views_count":["678"],"astra_style_timestamp_css":["1757479098"],"_uag_css_file_name":["uag-css-12017.css"],"_uag_page_assets":["a:9:{s:3:\"css\";s:7010:\".uagb-block-88f5875d.wp-block-uagb-image--layout-default figure img{box-shadow: 0px 0px 0 #00000070;}.uagb-block-88f5875d.wp-block-uagb-image .wp-block-uagb-image__figure figcaption{font-style: normal;align-self: center;}.uagb-block-88f5875d.wp-block-uagb-image--layout-overlay figure img{box-shadow: 0px 0px 0 #00000070;}.uagb-block-88f5875d.wp-block-uagb-image--layout-overlay .wp-block-uagb-image--layout-overlay__color-wrapper{opacity: 0.2;}.uagb-block-88f5875d.wp-block-uagb-image--layout-overlay .wp-block-uagb-image--layout-overlay__inner{left: 15px;right: 15px;top: 15px;bottom: 15px;}.uagb-block-88f5875d.wp-block-uagb-image--layout-overlay .wp-block-uagb-image--layout-overlay__inner .uagb-image-heading{font-style: normal;color: #fff;opacity: 1;}.uagb-block-88f5875d.wp-block-uagb-image--layout-overlay .wp-block-uagb-image--layout-overlay__inner .uagb-image-heading a{color: #fff;}.uagb-block-88f5875d.wp-block-uagb-image--layout-overlay .wp-block-uagb-image--layout-overlay__inner .uagb-image-caption{opacity: 0;}.uagb-block-88f5875d.wp-block-uagb-image--layout-overlay .wp-block-uagb-image__figure:hover .wp-block-uagb-image--layout-overlay__color-wrapper{opacity: 1;}.uagb-block-88f5875d.wp-block-uagb-image .wp-block-uagb-image--layout-overlay__inner .uagb-image-separator{width: 30%;border-top-width: 2px;border-top-color: #fff;opacity: 0;}.uagb-block-88f5875d.wp-block-uagb-image .wp-block-uagb-image__figure img{width: 297px;height: auto;}.uagb-block-88f5875d.wp-block-uagb-image .wp-block-uagb-image__figure:hover .wp-block-uagb-image--layout-overlay__inner .uagb-image-caption{opacity: 1;}.uagb-block-88f5875d.wp-block-uagb-image .wp-block-uagb-image__figure:hover .wp-block-uagb-image--layout-overlay__inner .uagb-image-separator{opacity: 1;}.uagb-block-88f5875d.wp-block-uagb-image--layout-default figure:hover img{box-shadow: 0px 0px 0 #00000070;}.uagb-block-88f5875d.wp-block-uagb-image--layout-overlay figure:hover img{box-shadow: 0px 0px 0 #00000070;}@media only screen and (max-width: 976px) {.uagb-block-88f5875d.wp-block-uagb-image .wp-block-uagb-image__figure img{width: 297px;height: auto;}}@media only screen and (max-width: 767px) {.uagb-block-88f5875d.wp-block-uagb-image .wp-block-uagb-image__figure img{width: 297px;height: auto;}}.uagb-block-b6c54374.wp-block-uagb-image{margin-top: 0px;margin-right: 0px;margin-bottom: 0px;margin-left: 0px;}.uagb-block-b6c54374.wp-block-uagb-image--layout-default figure img{box-shadow: 0px 0px 0 #00000070;}.uagb-block-b6c54374.wp-block-uagb-image .wp-block-uagb-image__figure figcaption{font-style: normal;align-self: center;}.uagb-block-b6c54374.wp-block-uagb-image--layout-overlay figure img{box-shadow: 0px 0px 0 #00000070;}.uagb-block-b6c54374.wp-block-uagb-image--layout-overlay .wp-block-uagb-image--layout-overlay__color-wrapper{opacity: 0.2;}.uagb-block-b6c54374.wp-block-uagb-image--layout-overlay .wp-block-uagb-image--layout-overlay__inner{left: 15px;right: 15px;top: 15px;bottom: 15px;}.uagb-block-b6c54374.wp-block-uagb-image--layout-overlay .wp-block-uagb-image--layout-overlay__inner .uagb-image-heading{font-style: normal;color: #fff;opacity: 1;}.uagb-block-b6c54374.wp-block-uagb-image--layout-overlay .wp-block-uagb-image--layout-overlay__inner .uagb-image-heading a{color: #fff;}.uagb-block-b6c54374.wp-block-uagb-image--layout-overlay .wp-block-uagb-image--layout-overlay__inner .uagb-image-caption{opacity: 0;}.uagb-block-b6c54374.wp-block-uagb-image--layout-overlay .wp-block-uagb-image__figure:hover .wp-block-uagb-image--layout-overlay__color-wrapper{opacity: 1;}.uagb-block-b6c54374.wp-block-uagb-image .wp-block-uagb-image--layout-overlay__inner .uagb-image-separator{width: 30%;border-top-width: 2px;border-top-color: #fff;opacity: 0;}.uagb-block-b6c54374.wp-block-uagb-image .wp-block-uagb-image__figure img{width: px;height: auto;}.uagb-block-b6c54374.wp-block-uagb-image .wp-block-uagb-image__figure:hover .wp-block-uagb-image--layout-overlay__inner .uagb-image-caption{opacity: 1;}.uagb-block-b6c54374.wp-block-uagb-image .wp-block-uagb-image__figure:hover .wp-block-uagb-image--layout-overlay__inner .uagb-image-separator{opacity: 1;}.uagb-block-b6c54374.wp-block-uagb-image--layout-default figure:hover img{box-shadow: 0px 0px 0 #00000070;}.uagb-block-b6c54374.wp-block-uagb-image--layout-overlay figure:hover img{box-shadow: 0px 0px 0 #00000070;}@media only screen and (max-width: 976px) {.uagb-block-b6c54374.wp-block-uagb-image .wp-block-uagb-image__figure img{width: px;height: auto;}}@media only screen and (max-width: 767px) {.uagb-block-b6c54374.wp-block-uagb-image .wp-block-uagb-image__figure img{width: px;height: auto;}}.uagb-block-2bdcf70c.wp-block-uagb-image{margin-top: 0px;margin-right: 0px;margin-bottom: 0px;margin-left: 0px;}.uagb-block-2bdcf70c.wp-block-uagb-image--layout-default figure img{box-shadow: 0px 0px 0 #00000070;}.uagb-block-2bdcf70c.wp-block-uagb-image .wp-block-uagb-image__figure figcaption{font-style: normal;align-self: center;}.uagb-block-2bdcf70c.wp-block-uagb-image--layout-overlay figure img{box-shadow: 0px 0px 0 #00000070;}.uagb-block-2bdcf70c.wp-block-uagb-image--layout-overlay .wp-block-uagb-image--layout-overlay__color-wrapper{opacity: 0.2;}.uagb-block-2bdcf70c.wp-block-uagb-image--layout-overlay .wp-block-uagb-image--layout-overlay__inner{left: 15px;right: 15px;top: 15px;bottom: 15px;}.uagb-block-2bdcf70c.wp-block-uagb-image--layout-overlay .wp-block-uagb-image--layout-overlay__inner .uagb-image-heading{font-style: normal;color: #fff;opacity: 1;}.uagb-block-2bdcf70c.wp-block-uagb-image--layout-overlay .wp-block-uagb-image--layout-overlay__inner .uagb-image-heading a{color: #fff;}.uagb-block-2bdcf70c.wp-block-uagb-image--layout-overlay .wp-block-uagb-image--layout-overlay__inner .uagb-image-caption{opacity: 0;}.uagb-block-2bdcf70c.wp-block-uagb-image--layout-overlay .wp-block-uagb-image__figure:hover .wp-block-uagb-image--layout-overlay__color-wrapper{opacity: 1;}.uagb-block-2bdcf70c.wp-block-uagb-image .wp-block-uagb-image--layout-overlay__inner .uagb-image-separator{width: 30%;border-top-width: 2px;border-top-color: #fff;opacity: 0;}.uagb-block-2bdcf70c.wp-block-uagb-image .wp-block-uagb-image__figure img{width: px;height: auto;}.uagb-block-2bdcf70c.wp-block-uagb-image .wp-block-uagb-image__figure:hover .wp-block-uagb-image--layout-overlay__inner .uagb-image-caption{opacity: 1;}.uagb-block-2bdcf70c.wp-block-uagb-image .wp-block-uagb-image__figure:hover .wp-block-uagb-image--layout-overlay__inner .uagb-image-separator{opacity: 1;}.uagb-block-2bdcf70c.wp-block-uagb-image--layout-default figure:hover img{box-shadow: 0px 0px 0 #00000070;}.uagb-block-2bdcf70c.wp-block-uagb-image--layout-overlay figure:hover img{box-shadow: 0px 0px 0 #00000070;}@media only screen and (max-width: 976px) {.uagb-block-2bdcf70c.wp-block-uagb-image .wp-block-uagb-image__figure img{width: px;height: auto;}}@media only screen and (max-width: 767px) {.uagb-block-2bdcf70c.wp-block-uagb-image .wp-block-uagb-image__figure img{width: px;height: auto;}}\";s:2:\"js\";s:0:\"\";s:18:\"current_block_list\";a:28:{i:0;s:10:\"core\/group\";i:2;s:24:\"core\/post-featured-image\";i:3;s:15:\"core\/post-title\";i:5;s:14:\"core\/post-date\";i:6;s:16:\"core\/post-author\";i:7;s:15:\"core\/post-terms\";i:8;s:17:\"core\/post-content\";i:9;s:14:\"core\/separator\";i:10;s:13:\"core\/comments\";i:11;s:19:\"core\/comments-title\";i:12;s:21:\"core\/comment-template\";i:15;s:11:\"core\/avatar\";i:16;s:24:\"core\/comment-author-name\";i:17;s:17:\"core\/comment-date\";i:18;s:20:\"core\/comment-content\";i:19;s:23:\"core\/comment-reply-link\";i:20;s:24:\"core\/comments-pagination\";i:21;s:33:\"core\/comments-pagination-previous\";i:22;s:32:\"core\/comments-pagination-numbers\";i:23;s:29:\"core\/comments-pagination-next\";i:24;s:23:\"core\/post-comments-form\";i:25;s:14:\"core\/tag-cloud\";i:26;s:12:\"core\/heading\";i:27;s:14:\"core\/paragraph\";i:28;s:12:\"core\/buttons\";i:29;s:11:\"core\/button\";i:30;s:10:\"uagb\/image\";i:31;s:10:\"core\/image\";}s:8:\"uag_flag\";b:1;s:11:\"uag_version\";s:10:\"1777286083\";s:6:\"gfonts\";a:0:{}s:10:\"gfonts_url\";s:0:\"\";s:12:\"gfonts_files\";a:0:{}s:14:\"uag_faq_layout\";b:0;}"]},"uagb_featured_image_src":{"full":["https:\/\/mv-sport.de\/c\/wp-content\/uploads\/2018\/08\/pferdhund18_holger-wulschner_apollo-king-de-lauzelle.jpg",800,500,false],"thumbnail":["https:\/\/mv-sport.de\/c\/wp-content\/uploads\/2018\/08\/pferdhund18_holger-wulschner_apollo-king-de-lauzelle-150x150.jpg",150,150,true],"medium":["https:\/\/mv-sport.de\/c\/wp-content\/uploads\/2018\/08\/pferdhund18_holger-wulschner_apollo-king-de-lauzelle-600x500.jpg",350,292,true],"medium_large":["https:\/\/mv-sport.de\/c\/wp-content\/uploads\/2018\/08\/pferdhund18_holger-wulschner_apollo-king-de-lauzelle.jpg",768,480,false],"large":["https:\/\/mv-sport.de\/c\/wp-content\/uploads\/2018\/08\/pferdhund18_holger-wulschner_apollo-king-de-lauzelle.jpg",800,500,false],"1536x1536":["https:\/\/mv-sport.de\/c\/wp-content\/uploads\/2018\/08\/pferdhund18_holger-wulschner_apollo-king-de-lauzelle.jpg",800,500,false],"2048x2048":["https:\/\/mv-sport.de\/c\/wp-content\/uploads\/2018\/08\/pferdhund18_holger-wulschner_apollo-king-de-lauzelle.jpg",800,500,false],"ultp_layout_landscape_large":["https:\/\/mv-sport.de\/c\/wp-content\/uploads\/2018\/08\/pferdhund18_holger-wulschner_apollo-king-de-lauzelle.jpg",800,500,false],"ultp_layout_landscape":["https:\/\/mv-sport.de\/c\/wp-content\/uploads\/2018\/08\/pferdhund18_holger-wulschner_apollo-king-de-lauzelle.jpg",800,500,false],"ultp_layout_portrait":["https:\/\/mv-sport.de\/c\/wp-content\/uploads\/2018\/08\/pferdhund18_holger-wulschner_apollo-king-de-lauzelle.jpg",600,375,false],"ultp_layout_square":["https:\/\/mv-sport.de\/c\/wp-content\/uploads\/2018\/08\/pferdhund18_holger-wulschner_apollo-king-de-lauzelle.jpg",600,375,false]},"uagb_author_info":{"display_name":"MV-Sport.de","author_link":"https:\/\/mv-sport.de\/c\/author\/mv-sport-de\/"},"uagb_comment_info":0,"uagb_excerpt":"Die Vorbereitungen f\u00fcr die traditionelle Reitsportveranstaltung \u201ePferd + Hund \u2013 Turnier M\u00fchlengeez\u201c, welches in diesem Jahr bereits zum 28. Mal stattfindet, sind in den letzten Z\u00fcgen. Besucher haben vom 17. bis zum 19. August 2018, t\u00e4glich ab 9:00 Uhr die Gelegenheit, erstklassigen Reitsport live mitzuerleben. Der Veranstalter rechnet nach Nennschluss mit \u00fcber 200 Reiterinnen und&hellip;","_links":{"self":[{"href":"https:\/\/mv-sport.de\/c\/wp-json\/wp\/v2\/posts\/12017","targetHints":{"allow":["GET"]}}],"collection":[{"href":"https:\/\/mv-sport.de\/c\/wp-json\/wp\/v2\/posts"}],"about":[{"href":"https:\/\/mv-sport.de\/c\/wp-json\/wp\/v2\/types\/post"}],"author":[{"embeddable":true,"href":"https:\/\/mv-sport.de\/c\/wp-json\/wp\/v2\/users\/2"}],"replies":[{"embeddable":true,"href":"https:\/\/mv-sport.de\/c\/wp-json\/wp\/v2\/comments?post=12017"}],"version-history":[{"count":0,"href":"https:\/\/mv-sport.de\/c\/wp-json\/wp\/v2\/posts\/12017\/revisions"}],"wp:featuredmedia":[{"embeddable":true,"href":"https:\/\/mv-sport.de\/c\/wp-json\/wp\/v2\/media\/12018"}],"wp:attachment":[{"href":"https:\/\/mv-sport.de\/c\/wp-json\/wp\/v2\/media?parent=12017"}],"wp:term":[{"taxonomy":"category","embeddable":true,"href":"https:\/\/mv-sport.de\/c\/wp-json\/wp\/v2\/categories?post=12017"},{"taxonomy":"post_tag","embeddable":true,"href":"https:\/\/mv-sport.de\/c\/wp-json\/wp\/v2\/tags?post=12017"},{"taxonomy":"ort","embeddable":true,"href":"https:\/\/mv-sport.de\/c\/wp-json\/wp\/v2\/ort?post=12017"}],"curies":[{"name":"wp","href":"https:\/\/api.w.org\/{rel}","templated":true}]}}