{"id":12355,"date":"2018-08-21T13:21:43","date_gmt":"2018-08-21T11:21:43","guid":{"rendered":"https:\/\/mv-sport.de\/?p=12355"},"modified":"2018-08-21T15:09:47","modified_gmt":"2018-08-21T13:09:47","slug":"die-tolle-resonanz-spricht-eigentlich-fuer-sich","status":"publish","type":"post","link":"https:\/\/mv-sport.de\/c\/die-tolle-resonanz-spricht-eigentlich-fuer-sich\/","title":{"rendered":"&#8222;Die tolle Resonanz spricht eigentlich f\u00fcr sich&#8230;&#8220;"},"content":{"rendered":"<h3><span style=\"color: #808080;\">Interessante Sportwettk\u00e4mpfe w\u00e4hrend des Schwedenfestes in Wismar<\/span><\/h3>\n<figure id=\"attachment_12356\" aria-describedby=\"caption-attachment-12356\" style=\"width: 300px\" class=\"wp-caption alignleft\"><a href=\"https:\/\/mv-sport.de\/wp-content\/uploads\/2018\/08\/swd3.jpg\"><img loading=\"lazy\" decoding=\"async\" class=\"size-medium wp-image-12356\" src=\"https:\/\/mv-sport.de\/wp-content\/uploads\/2018\/08\/swd3-300x244.jpg\" alt=\"\" width=\"300\" height=\"244\" \/><\/a><figcaption id=\"caption-attachment-12356\" class=\"wp-caption-text\">Der Schwedenlauf 2018 hatte eine Rekordbeteiligung. Foto: M.M.<\/figcaption><\/figure>\n<p>Vom 16. bis 19. August fand in der Hanse- und Weltkulturerbe-Stadt Wismar traditionell das Schwedenfest statt. Ein gro\u00dfes Volksfest mit viel historischem Flair, viel Musik, viel Kultur, aber auch viel Sport. Auf dem Programm standen wie jedes Jahr die Schwedenkopfregatta in der Wismarbucht, das Kubb-Turnier in der Altwismarstrasse und der Schwedenlauf.<\/p>\n<p>Der Wismarer Sch\u00fctzenverein Hanse e.V. 1990 pr\u00e4sentierte zudem das beliebte Kanonenb\u00f6llern. Einige Wismarer Drachenbootsportler zeigten im Bereich des Alten Hafens ihr K\u00f6nnen. Und auch sportive Enten-Rennen in der Frischen Grube gab es&#8230;<\/p>\n<h3>Nachgefragt bei Janina Peters, Abteilungsleiterin Sport bei der Stadtverwaltung Wismar<\/h3>\n<p><strong><em>&#8222;Die tolle Resonanz spricht eigentlich f\u00fcr sich&#8230;&#8220;<\/em><\/strong><\/p>\n<p><strong>Frage:<\/strong> Das Schwedenfest 2018 ist schon wieder Geschichte. Ein wichtiger sportiver Bestandteil ist dabei der Schwedenlauf. Wie war die Resonanz? Wer setzte sich im Hauptlauf \u00fcber die 10 Kilometer durch?<\/p>\n<figure id=\"attachment_12357\" aria-describedby=\"caption-attachment-12357\" style=\"width: 300px\" class=\"wp-caption alignright\"><a href=\"https:\/\/mv-sport.de\/wp-content\/uploads\/2018\/08\/swd4.jpg\"><img loading=\"lazy\" decoding=\"async\" class=\"size-medium wp-image-12357\" src=\"https:\/\/mv-sport.de\/wp-content\/uploads\/2018\/08\/swd4-300x180.jpg\" alt=\"\" width=\"300\" height=\"180\" \/><\/a><figcaption id=\"caption-attachment-12357\" class=\"wp-caption-text\">Start beim Schwedenlauf. Foto: M.M.<\/figcaption><\/figure>\n<p><strong>Janina Peters:<\/strong> Es waren 1164 L\u00e4uferinnen und L\u00e4ufer angemeldet, von denen 1076 an den Start gingen. 1066 erreichten schlie\u00dflich auch das Ziel. Damit wurde ein Teilnehmerrekord aufgestellt. Unter anderem waren mit Roger Kaliff und Johannes Rapp auch zwei L\u00e4ufer aus unserer Partnerstadt Kalmar mit dabei. Neben einigen internationalen L\u00e4uferinnen bzw. L\u00e4ufern war das gesamte Bundesgebiet vertreten und es gab viele positive R\u00fcckmeldungen, das freut uns nat\u00fcrlich ganz besonders.<\/p>\n<p>Bei den Frauen gewann Lisa Jaschke (F\u00fcnf Freunde) mit einer Zeit von 38:50 Minuten vor Laura Michel (Sportteam Corpus, 39:40 Minuten und Anja Wittwer (Mecklenburg Runners, 41:54 Minuten) die 10,2 Kilometer. Matthias Weippert (Fiko Rostock)\u00a0 war hingegen bei den Herren \u00fcber die 10,2 Kilometer mit einer Zeit von 33:07 Minuten der Beste, vor Simon Dahl (F\u00fcnf Freunde, 33:17 Minuten) und Uwe Kleinschmidt (Fiko Rostock, 34:34 Minuten).<\/p>\n<p><strong>Frage:<\/strong> Und der Zuspruch zum Kubb-Turnier? Wer konnte da jubeln?<\/p>\n<figure id=\"attachment_12358\" aria-describedby=\"caption-attachment-12358\" style=\"width: 300px\" class=\"wp-caption alignright\"><a href=\"https:\/\/mv-sport.de\/wp-content\/uploads\/2018\/08\/swd1.jpg\"><img loading=\"lazy\" decoding=\"async\" class=\"size-medium wp-image-12358\" src=\"https:\/\/mv-sport.de\/wp-content\/uploads\/2018\/08\/swd1-300x205.jpg\" alt=\"\" width=\"300\" height=\"205\" \/><\/a><figcaption id=\"caption-attachment-12358\" class=\"wp-caption-text\">Impression vom Kubbturnier 2018. Foto: M.M.<\/figcaption><\/figure>\n<p><strong>Janina Peters:<\/strong>\u00a0 Das Kubb-Turnier w\u00e4hrend des Schwedenfestes ist einfach Kult und nicht nur f\u00fcr diejenigen, die spielen, sondern auch f\u00fcr die Zuschauer ein tolles Erlebnis. Beim Showspiel zur Er\u00f6ffnung sind vier Teams gegeneinander angetreten.<\/p>\n<p>Ein Team aus unserer Partnerstadt Kalmar mit dem Vorsitzenden der Stadtvertretung Roger Kaliff an der Spitze und drei Teams aus der Verwaltung mit B\u00fcrgermeister Thomas Beyer, Senator Michael Berkhahn und Senatorin Heike Bansemer an der Spitze. Das Spiel konnten Heike Bansemer und ihre Wikinger f\u00fcr sich entscheiden.<\/p>\n<p>Beim Kubb-Turnier selbst sind dann 24 Teams an den Start gegangen. Es hat das Team &#8222;Elbtalhaue&#8220; gewonnen. Der Vorjahressieger &#8222;Ahoi Disco Fischers&#8220; kam auf Platz zwei.<\/p>\n<p><strong>Frage: <\/strong>Die Segel wurden beim Schwedenfest auch gehisst &#8211; bei der Schwedenkopfregatta. Wie verlief dieses Event?<\/p>\n<figure id=\"attachment_12359\" aria-describedby=\"caption-attachment-12359\" style=\"width: 300px\" class=\"wp-caption alignleft\"><a href=\"https:\/\/mv-sport.de\/wp-content\/uploads\/2018\/08\/swd2.jpg\"><img loading=\"lazy\" decoding=\"async\" class=\"size-medium wp-image-12359\" src=\"https:\/\/mv-sport.de\/wp-content\/uploads\/2018\/08\/swd2-300x225.jpg\" alt=\"\" width=\"300\" height=\"225\" \/><\/a><figcaption id=\"caption-attachment-12359\" class=\"wp-caption-text\">Wismarer Drachenbootsportler pr\u00e4sentierten sich im Alten Hafen. Foto: M.M.<\/figcaption><\/figure>\n<p><strong>Janina Peters:<\/strong> Bei 3-4 Beaufort sind bei sonnigem Wetter 17 Boote an den Start gegangen. Etwa 200 Zuschauer sahen sich den Start vom Alten Hafen aus an.\u00a0 Organisiert wurde das Event dabei, wie in den Vorjahren, vom Club Maritim. Wettfahrtleiter war Michael Geist.<\/p>\n<p>Bei der Regatta triumphierte letztendlich Skipper Christian Bremer aus Rerik mit seiner Yacht Nordost. Die Siegerehrung gab es dann in Anwesenheit des Pr\u00e4sidenten der B\u00fcrgerschaft, Tilo Gundlack, im Brauhaus am Lohberg.<\/p>\n<p><strong>Frage:<\/strong> Welche Bedeutung und welchen Stellenwert haben aus Ihrer Sicht die Sportwettk\u00e4mpfe im Rahmen des Schwedenfestes?<\/p>\n<figure id=\"attachment_12360\" aria-describedby=\"caption-attachment-12360\" style=\"width: 300px\" class=\"wp-caption alignright\"><a href=\"https:\/\/mv-sport.de\/wp-content\/uploads\/2018\/08\/swd6.jpg\"><img loading=\"lazy\" decoding=\"async\" class=\"size-medium wp-image-12360\" src=\"https:\/\/mv-sport.de\/wp-content\/uploads\/2018\/08\/swd6-300x181.jpg\" alt=\"\" width=\"300\" height=\"181\" \/><\/a><figcaption id=\"caption-attachment-12360\" class=\"wp-caption-text\">Impression vom Schwedenlauf. Foto: M.M.<\/figcaption><\/figure>\n<p><strong>Janina Peters:<\/strong> Die sportlichen Veranstaltungen sind ein fester Bestandteil des Schwedenfestes und die tolle Resonanz spricht eigentlich f\u00fcr sich. Es werden immer mehr Teilnehmer, gerade beim Schwedenlauf.<\/p>\n<p>F\u00fcr das Schwedenfest haben diese sportliche Wettk\u00e4mpfe eine gro\u00dfe Bedeutung, denn diese sprechen Zielgruppen an, die ansonsten wahrscheinlich nicht zum Schwedenfest kommen w\u00fcrden. Dieses Programm k\u00f6nnen wir auch deshalb in so einer guten Qualit\u00e4t und Vielfalt anbieten, weil wir von so vielen Vereinen der Stadt und dem Kreissportbund unterst\u00fctzt werden.<\/p>\n<p><strong>Letzte Frage:<\/strong> Wismar ist Sportstadt: eine Hochburg des Frauen-Handballs, des Boxsportes, der Leichtathletik, des Segelsportes, der Sportakrobatik und des Fu\u00dfballs. Welche Events stehen in den kommenden Wochen auf der Agenda?<\/p>\n<figure id=\"attachment_12361\" aria-describedby=\"caption-attachment-12361\" style=\"width: 300px\" class=\"wp-caption alignleft\"><a href=\"https:\/\/mv-sport.de\/wp-content\/uploads\/2018\/08\/swd7.jpg\"><img loading=\"lazy\" decoding=\"async\" class=\"size-medium wp-image-12361\" src=\"https:\/\/mv-sport.de\/wp-content\/uploads\/2018\/08\/swd7-300x246.jpg\" alt=\"\" width=\"300\" height=\"246\" \/><\/a><figcaption id=\"caption-attachment-12361\" class=\"wp-caption-text\">Impression vom Schwedenlauf. Foto: M.M.<\/figcaption><\/figure>\n<p><strong>Janina Peters:<\/strong> Ja, das Programm ist sehr reichhaltig und vielf\u00e4ltig. Am 26. August finden gleich zwei Sportevents statt &#8211; das Beach-Volleyballturnier RT-Cup auf dem Marktplatz und das Wismarbuchtschwimmen \u00fcber 3,5 Kilometer.<\/p>\n<p>Im Rahmen des Beachvolleyballturniers wird es auch ein kleines Kubb-Turnier geben. Am 8. September folgen die nationalen Akrobatik-Wettk\u00e4mpfe in der gro\u00dfen Sporthalle \u00a0und am 15. September startet die Handballliga der Frauen mit den Damen der TSG Wismar.<\/p>\n<p>Und abwechslungsreich geht es weiter: Vom 28. September bis zum 3. Oktober treten bei den Internationalen Meisterschaften die Seglerinnen und Segler der 420er und 470er Bootsklassen in der Wismarbucht gegeneinander an.<\/p>\n<p><strong>Vielen Dank und weiterhin bestes Engagement f\u00fcr den Sport in Wismar!<\/strong><\/p>\n<p><em>M. Michels<\/em><\/p>\n<p>[box]<strong>\u00dcbrigens:<\/strong> Den\u00a0Erl\u00f6s der gewonnenen Stadtwette zur\u00a0NDR-Sommertour w\u00e4hrend des 19.Schwedenfestes in Wismar erhielt der Behindertensportverein Wismar.[\/box]<\/p>\n","protected":false},"excerpt":{"rendered":"<p>Interessante Sportwettk\u00e4mpfe w\u00e4hrend des Schwedenfestes in Wismar Vom 16. bis 19. August fand in der Hanse- und Weltkulturerbe-Stadt Wismar traditionell das Schwedenfest statt. Ein gro\u00dfes Volksfest mit viel historischem Flair, viel Musik, viel Kultur, aber auch viel Sport. Auf dem Programm standen wie jedes Jahr die Schwedenkopfregatta in der Wismarbucht, das Kubb-Turnier in der Altwismarstrasse [&hellip;]<\/p>\n","protected":false},"author":3,"featured_media":12361,"comment_status":"open","ping_status":"open","sticky":false,"template":"","format":"standard","meta":{"_seopress_robots_primary_cat":"","_seopress_titles_title":"","_seopress_titles_desc":"","_seopress_robots_index":"","_relevanssi_hide_post":"","_relevanssi_hide_content":"","_relevanssi_pin_for_all":"","_relevanssi_pin_keywords":"","_relevanssi_unpin_keywords":"","_relevanssi_related_keywords":"","_relevanssi_related_include_ids":"","_relevanssi_related_exclude_ids":"","_relevanssi_related_no_append":"","_relevanssi_related_not_related":"","_relevanssi_related_posts":"","_relevanssi_noindex_reason":"","_uag_custom_page_level_css":"","footnotes":""},"categories":[24],"tags":[],"ort":[],"class_list":{"0":"post-12355","1":"post","2":"type-post","3":"status-publish","4":"format-standard","5":"has-post-thumbnail","7":"category-sport-allgemein"},"featured_image_urls":{"medium":"https:\/\/mv-sport.de\/c\/wp-content\/uploads\/2018\/08\/swd7.jpg","medium_large":"https:\/\/mv-sport.de\/c\/wp-content\/uploads\/2018\/08\/swd7.jpg","large":"https:\/\/mv-sport.de\/c\/wp-content\/uploads\/2018\/08\/swd7.jpg","full":"https:\/\/mv-sport.de\/c\/wp-content\/uploads\/2018\/08\/swd7.jpg","alt":"","caption":"Impression vom Schwedenlauf. Foto: M.M."},"spectra_custom_meta":{"uab_option":["yes"],"uab_meta_position":["default"],"_extra_rating_average":["0"],"_edit_lock":["1534857112:2"],"_edit_last":["2"],"_thumbnail_id":["12361"],"xyz_fbap":["1"],"xyz_fbap_insert_og":["0"],"post_views_count":["901"],"_et_pb_use_builder":[""],"_et_builder_version":["BB|Divi|3.12.2"],"_et_pb_old_content":[""],"_et_pb_custom_css":[""],"_yoast_wpseo_primary_category":["24"],"_post_review_box_title":["Review"],"_post_review_box_summary":[""],"_post_review_box_summary_title":["Summary"],"_post_review_box_breakdowns_score":["0"],"_post_review_box_breakdowns_count":["1"],"_post_review_box_breakdowns":["a:1:{i:0;a:2:{s:5:\"title\";s:0:\"\";s:6:\"rating\";i:0;}}"],"_extra_sidebar_location":[""],"_extra_sidebar":[""],"_post_extra_featured_image_hide_single":["1"],"_et_pb_ab_stats_refresh_interval":["hourly"],"_et_pb_enable_shortcode_tracking":[""],"wp_schema_pro_optimized_structured_data":["<!-- Schema optimized by Schema Pro --><script type=\"application\/ld+json\">{\"@context\":\"https:\/\/schema.org\",\"@type\":\"NewsArticle\",\"mainEntityOfPage\":{\"@type\":\"WebPage\",\"@id\":\"https:\/\/mv-sport.de\/die-tolle-resonanz-spricht-eigentlich-fuer-sich\/\"},\"headline\":\"\\\"Die tolle Resonanz spricht eigentlich f\u00fcr sich...\\\"\",\"image\":{\"@type\":\"ImageObject\",\"url\":\"https:\/\/mv-sport.de\/wp-content\/uploads\/2018\/08\/swd7.jpg\",\"width\":507,\"height\":415},\"datePublished\":\"2018-08-21T13:21:43\",\"dateModified\":\"2018-08-21T15:09:47\",\"author\":{\"@type\":\"Person\",\"name\":\"Marko Michels\",\"url\":\"https:\/\/mv-sport.de\/author\/marko-michels\"},\"publisher\":{\"@type\":\"Organization\",\"name\":\"MV-Sport.de - Sportvereine &amp; Sportnachrichten Mecklenburg-Vorpommern\",\"logo\":{\"@type\":\"ImageObject\",\"url\":\"https:\/\/mv-sport.de\/wp-content\/uploads\/2017\/05\/logo-mv-sport-292x60.png\"}}}<\/script><!-- \/ Schema optimized by Schema Pro -->"],"__post_views_count":["38985"],"astra_style_timestamp_css":["1757554767"],"_uag_css_file_name":["uag-css-12355.css"],"_uag_page_assets":["a:9:{s:3:\"css\";s:7010:\".uagb-block-88f5875d.wp-block-uagb-image--layout-default figure img{box-shadow: 0px 0px 0 #00000070;}.uagb-block-88f5875d.wp-block-uagb-image .wp-block-uagb-image__figure figcaption{font-style: normal;align-self: center;}.uagb-block-88f5875d.wp-block-uagb-image--layout-overlay figure img{box-shadow: 0px 0px 0 #00000070;}.uagb-block-88f5875d.wp-block-uagb-image--layout-overlay .wp-block-uagb-image--layout-overlay__color-wrapper{opacity: 0.2;}.uagb-block-88f5875d.wp-block-uagb-image--layout-overlay .wp-block-uagb-image--layout-overlay__inner{left: 15px;right: 15px;top: 15px;bottom: 15px;}.uagb-block-88f5875d.wp-block-uagb-image--layout-overlay .wp-block-uagb-image--layout-overlay__inner .uagb-image-heading{font-style: normal;color: #fff;opacity: 1;}.uagb-block-88f5875d.wp-block-uagb-image--layout-overlay .wp-block-uagb-image--layout-overlay__inner .uagb-image-heading a{color: #fff;}.uagb-block-88f5875d.wp-block-uagb-image--layout-overlay .wp-block-uagb-image--layout-overlay__inner .uagb-image-caption{opacity: 0;}.uagb-block-88f5875d.wp-block-uagb-image--layout-overlay .wp-block-uagb-image__figure:hover .wp-block-uagb-image--layout-overlay__color-wrapper{opacity: 1;}.uagb-block-88f5875d.wp-block-uagb-image .wp-block-uagb-image--layout-overlay__inner .uagb-image-separator{width: 30%;border-top-width: 2px;border-top-color: #fff;opacity: 0;}.uagb-block-88f5875d.wp-block-uagb-image .wp-block-uagb-image__figure img{width: 297px;height: auto;}.uagb-block-88f5875d.wp-block-uagb-image .wp-block-uagb-image__figure:hover .wp-block-uagb-image--layout-overlay__inner .uagb-image-caption{opacity: 1;}.uagb-block-88f5875d.wp-block-uagb-image .wp-block-uagb-image__figure:hover .wp-block-uagb-image--layout-overlay__inner .uagb-image-separator{opacity: 1;}.uagb-block-88f5875d.wp-block-uagb-image--layout-default figure:hover img{box-shadow: 0px 0px 0 #00000070;}.uagb-block-88f5875d.wp-block-uagb-image--layout-overlay figure:hover img{box-shadow: 0px 0px 0 #00000070;}@media only screen and (max-width: 976px) {.uagb-block-88f5875d.wp-block-uagb-image .wp-block-uagb-image__figure img{width: 297px;height: auto;}}@media only screen and (max-width: 767px) {.uagb-block-88f5875d.wp-block-uagb-image .wp-block-uagb-image__figure img{width: 297px;height: auto;}}.uagb-block-b6c54374.wp-block-uagb-image{margin-top: 0px;margin-right: 0px;margin-bottom: 0px;margin-left: 0px;}.uagb-block-b6c54374.wp-block-uagb-image--layout-default figure img{box-shadow: 0px 0px 0 #00000070;}.uagb-block-b6c54374.wp-block-uagb-image .wp-block-uagb-image__figure figcaption{font-style: normal;align-self: center;}.uagb-block-b6c54374.wp-block-uagb-image--layout-overlay figure img{box-shadow: 0px 0px 0 #00000070;}.uagb-block-b6c54374.wp-block-uagb-image--layout-overlay .wp-block-uagb-image--layout-overlay__color-wrapper{opacity: 0.2;}.uagb-block-b6c54374.wp-block-uagb-image--layout-overlay .wp-block-uagb-image--layout-overlay__inner{left: 15px;right: 15px;top: 15px;bottom: 15px;}.uagb-block-b6c54374.wp-block-uagb-image--layout-overlay .wp-block-uagb-image--layout-overlay__inner .uagb-image-heading{font-style: normal;color: #fff;opacity: 1;}.uagb-block-b6c54374.wp-block-uagb-image--layout-overlay .wp-block-uagb-image--layout-overlay__inner .uagb-image-heading a{color: #fff;}.uagb-block-b6c54374.wp-block-uagb-image--layout-overlay .wp-block-uagb-image--layout-overlay__inner .uagb-image-caption{opacity: 0;}.uagb-block-b6c54374.wp-block-uagb-image--layout-overlay .wp-block-uagb-image__figure:hover .wp-block-uagb-image--layout-overlay__color-wrapper{opacity: 1;}.uagb-block-b6c54374.wp-block-uagb-image .wp-block-uagb-image--layout-overlay__inner .uagb-image-separator{width: 30%;border-top-width: 2px;border-top-color: #fff;opacity: 0;}.uagb-block-b6c54374.wp-block-uagb-image .wp-block-uagb-image__figure img{width: px;height: auto;}.uagb-block-b6c54374.wp-block-uagb-image .wp-block-uagb-image__figure:hover .wp-block-uagb-image--layout-overlay__inner .uagb-image-caption{opacity: 1;}.uagb-block-b6c54374.wp-block-uagb-image .wp-block-uagb-image__figure:hover .wp-block-uagb-image--layout-overlay__inner .uagb-image-separator{opacity: 1;}.uagb-block-b6c54374.wp-block-uagb-image--layout-default figure:hover img{box-shadow: 0px 0px 0 #00000070;}.uagb-block-b6c54374.wp-block-uagb-image--layout-overlay figure:hover img{box-shadow: 0px 0px 0 #00000070;}@media only screen and (max-width: 976px) {.uagb-block-b6c54374.wp-block-uagb-image .wp-block-uagb-image__figure img{width: px;height: auto;}}@media only screen and (max-width: 767px) {.uagb-block-b6c54374.wp-block-uagb-image .wp-block-uagb-image__figure img{width: px;height: auto;}}.uagb-block-2bdcf70c.wp-block-uagb-image{margin-top: 0px;margin-right: 0px;margin-bottom: 0px;margin-left: 0px;}.uagb-block-2bdcf70c.wp-block-uagb-image--layout-default figure img{box-shadow: 0px 0px 0 #00000070;}.uagb-block-2bdcf70c.wp-block-uagb-image .wp-block-uagb-image__figure figcaption{font-style: normal;align-self: center;}.uagb-block-2bdcf70c.wp-block-uagb-image--layout-overlay figure img{box-shadow: 0px 0px 0 #00000070;}.uagb-block-2bdcf70c.wp-block-uagb-image--layout-overlay .wp-block-uagb-image--layout-overlay__color-wrapper{opacity: 0.2;}.uagb-block-2bdcf70c.wp-block-uagb-image--layout-overlay .wp-block-uagb-image--layout-overlay__inner{left: 15px;right: 15px;top: 15px;bottom: 15px;}.uagb-block-2bdcf70c.wp-block-uagb-image--layout-overlay .wp-block-uagb-image--layout-overlay__inner .uagb-image-heading{font-style: normal;color: #fff;opacity: 1;}.uagb-block-2bdcf70c.wp-block-uagb-image--layout-overlay .wp-block-uagb-image--layout-overlay__inner .uagb-image-heading a{color: #fff;}.uagb-block-2bdcf70c.wp-block-uagb-image--layout-overlay .wp-block-uagb-image--layout-overlay__inner .uagb-image-caption{opacity: 0;}.uagb-block-2bdcf70c.wp-block-uagb-image--layout-overlay .wp-block-uagb-image__figure:hover .wp-block-uagb-image--layout-overlay__color-wrapper{opacity: 1;}.uagb-block-2bdcf70c.wp-block-uagb-image .wp-block-uagb-image--layout-overlay__inner .uagb-image-separator{width: 30%;border-top-width: 2px;border-top-color: #fff;opacity: 0;}.uagb-block-2bdcf70c.wp-block-uagb-image .wp-block-uagb-image__figure img{width: px;height: auto;}.uagb-block-2bdcf70c.wp-block-uagb-image .wp-block-uagb-image__figure:hover .wp-block-uagb-image--layout-overlay__inner .uagb-image-caption{opacity: 1;}.uagb-block-2bdcf70c.wp-block-uagb-image .wp-block-uagb-image__figure:hover .wp-block-uagb-image--layout-overlay__inner .uagb-image-separator{opacity: 1;}.uagb-block-2bdcf70c.wp-block-uagb-image--layout-default figure:hover img{box-shadow: 0px 0px 0 #00000070;}.uagb-block-2bdcf70c.wp-block-uagb-image--layout-overlay figure:hover img{box-shadow: 0px 0px 0 #00000070;}@media only screen and (max-width: 976px) {.uagb-block-2bdcf70c.wp-block-uagb-image .wp-block-uagb-image__figure img{width: px;height: auto;}}@media only screen and (max-width: 767px) {.uagb-block-2bdcf70c.wp-block-uagb-image .wp-block-uagb-image__figure img{width: px;height: auto;}}\";s:2:\"js\";s:0:\"\";s:18:\"current_block_list\";a:28:{i:0;s:10:\"core\/group\";i:2;s:24:\"core\/post-featured-image\";i:3;s:15:\"core\/post-title\";i:5;s:14:\"core\/post-date\";i:6;s:16:\"core\/post-author\";i:7;s:15:\"core\/post-terms\";i:8;s:17:\"core\/post-content\";i:9;s:14:\"core\/separator\";i:10;s:13:\"core\/comments\";i:11;s:19:\"core\/comments-title\";i:12;s:21:\"core\/comment-template\";i:15;s:11:\"core\/avatar\";i:16;s:24:\"core\/comment-author-name\";i:17;s:17:\"core\/comment-date\";i:18;s:20:\"core\/comment-content\";i:19;s:23:\"core\/comment-reply-link\";i:20;s:24:\"core\/comments-pagination\";i:21;s:33:\"core\/comments-pagination-previous\";i:22;s:32:\"core\/comments-pagination-numbers\";i:23;s:29:\"core\/comments-pagination-next\";i:24;s:23:\"core\/post-comments-form\";i:25;s:14:\"core\/tag-cloud\";i:26;s:12:\"core\/heading\";i:27;s:14:\"core\/paragraph\";i:28;s:12:\"core\/buttons\";i:29;s:11:\"core\/button\";i:30;s:10:\"uagb\/image\";i:31;s:10:\"core\/image\";}s:8:\"uag_flag\";b:1;s:11:\"uag_version\";s:10:\"1777208246\";s:6:\"gfonts\";a:0:{}s:10:\"gfonts_url\";s:0:\"\";s:12:\"gfonts_files\";a:0:{}s:14:\"uag_faq_layout\";b:0;}"]},"uagb_featured_image_src":{"full":["https:\/\/mv-sport.de\/c\/wp-content\/uploads\/2018\/08\/swd7.jpg",507,415,false],"thumbnail":["https:\/\/mv-sport.de\/c\/wp-content\/uploads\/2018\/08\/swd7-150x150.jpg",150,150,true],"medium":["https:\/\/mv-sport.de\/c\/wp-content\/uploads\/2018\/08\/swd7.jpg",350,286,false],"medium_large":["https:\/\/mv-sport.de\/c\/wp-content\/uploads\/2018\/08\/swd7.jpg",507,415,false],"large":["https:\/\/mv-sport.de\/c\/wp-content\/uploads\/2018\/08\/swd7.jpg",507,415,false],"1536x1536":["https:\/\/mv-sport.de\/c\/wp-content\/uploads\/2018\/08\/swd7.jpg",507,415,false],"2048x2048":["https:\/\/mv-sport.de\/c\/wp-content\/uploads\/2018\/08\/swd7.jpg",507,415,false],"ultp_layout_landscape_large":["https:\/\/mv-sport.de\/c\/wp-content\/uploads\/2018\/08\/swd7.jpg",507,415,false],"ultp_layout_landscape":["https:\/\/mv-sport.de\/c\/wp-content\/uploads\/2018\/08\/swd7.jpg",507,415,false],"ultp_layout_portrait":["https:\/\/mv-sport.de\/c\/wp-content\/uploads\/2018\/08\/swd7.jpg",507,415,false],"ultp_layout_square":["https:\/\/mv-sport.de\/c\/wp-content\/uploads\/2018\/08\/swd7.jpg",507,415,false]},"uagb_author_info":{"display_name":"Marko Michels","author_link":"https:\/\/mv-sport.de\/c\/author\/marko-michels\/"},"uagb_comment_info":0,"uagb_excerpt":"Interessante Sportwettk\u00e4mpfe w\u00e4hrend des Schwedenfestes in Wismar Vom 16. bis 19. August fand in der Hanse- und Weltkulturerbe-Stadt Wismar traditionell das Schwedenfest statt. Ein gro\u00dfes Volksfest mit viel historischem Flair, viel Musik, viel Kultur, aber auch viel Sport. Auf dem Programm standen wie jedes Jahr die Schwedenkopfregatta in der Wismarbucht, das Kubb-Turnier in der Altwismarstrasse&hellip;","_links":{"self":[{"href":"https:\/\/mv-sport.de\/c\/wp-json\/wp\/v2\/posts\/12355","targetHints":{"allow":["GET"]}}],"collection":[{"href":"https:\/\/mv-sport.de\/c\/wp-json\/wp\/v2\/posts"}],"about":[{"href":"https:\/\/mv-sport.de\/c\/wp-json\/wp\/v2\/types\/post"}],"author":[{"embeddable":true,"href":"https:\/\/mv-sport.de\/c\/wp-json\/wp\/v2\/users\/3"}],"replies":[{"embeddable":true,"href":"https:\/\/mv-sport.de\/c\/wp-json\/wp\/v2\/comments?post=12355"}],"version-history":[{"count":0,"href":"https:\/\/mv-sport.de\/c\/wp-json\/wp\/v2\/posts\/12355\/revisions"}],"wp:featuredmedia":[{"embeddable":true,"href":"https:\/\/mv-sport.de\/c\/wp-json\/wp\/v2\/media\/12361"}],"wp:attachment":[{"href":"https:\/\/mv-sport.de\/c\/wp-json\/wp\/v2\/media?parent=12355"}],"wp:term":[{"taxonomy":"category","embeddable":true,"href":"https:\/\/mv-sport.de\/c\/wp-json\/wp\/v2\/categories?post=12355"},{"taxonomy":"post_tag","embeddable":true,"href":"https:\/\/mv-sport.de\/c\/wp-json\/wp\/v2\/tags?post=12355"},{"taxonomy":"ort","embeddable":true,"href":"https:\/\/mv-sport.de\/c\/wp-json\/wp\/v2\/ort?post=12355"}],"curies":[{"name":"wp","href":"https:\/\/api.w.org\/{rel}","templated":true}]}}