{"id":12438,"date":"2018-08-24T10:48:41","date_gmt":"2018-08-24T08:48:41","guid":{"rendered":"https:\/\/mv-sport.de\/?p=12438"},"modified":"2018-08-27T21:27:26","modified_gmt":"2018-08-27T19:27:26","slug":"es-wurden-klasse-leistungen-gezeigt","status":"publish","type":"post","link":"https:\/\/mv-sport.de\/c\/es-wurden-klasse-leistungen-gezeigt\/","title":{"rendered":"&#8222;Es wurden klasse Leistungen gezeigt&#8230;&#8220;"},"content":{"rendered":"<h3><span style=\"color: #808080;\">Andre Wilde, Landestrainer im Para-Schwimmen, \u00fcber die EM in Dublin<\/span><\/h3>\n<p>In den Monaten Juli und August 2018 gab es eine Reihe herausragender Sportveranstaltungen &#8211; auch f\u00fcr die Athletinnen und Athleten mit Handicap. Insbesondere die EM im Para-Schwimmen in Dublin (13.-19.08.) und die EM in der Para-Leichtathletik in Berlin (20.-26.8.) fanden und finden viel Zuspruch. Aktiv dabei waren wieder Sportlerinnen und Sportler aus M-V.<\/p>\n<figure id=\"attachment_4440\" aria-describedby=\"caption-attachment-4440\" style=\"width: 1000px\" class=\"wp-caption alignnone\"><a href=\"https:\/\/mv-sport.de\/wp-content\/uploads\/2017\/07\/schwimmen-beispiel-symbolfoto-2.jpg\"><img loading=\"lazy\" decoding=\"async\" class=\"size-full wp-image-4440\" src=\"https:\/\/mv-sport.de\/wp-content\/uploads\/2017\/07\/schwimmen-beispiel-symbolfoto-2.jpg\" alt=\"Schwimmen Symbolfoto\" width=\"1000\" height=\"667\" \/><\/a><figcaption id=\"caption-attachment-4440\" class=\"wp-caption-text\">Symbolfoto Schwimmen<\/figcaption><\/figure>\n<h2>Interview<\/h2>\n<p><strong><em>&#8222;Es wurden klasse Leistungen gezeigt&#8230;&#8220;<\/em><\/strong><\/p>\n<p><strong>Frage:<\/strong> Zu den EM-Wettk\u00e4mpfen in Dublin, bei denen es f\u00fcr die deutsche Mannschaft 22 Medaillen gab: Wie lautet Ihr Res\u00fcmee?<\/p>\n<p><strong>Andre Wilde:<\/strong> Die europ\u00e4ische Spitze ist im Para-Schwimmen noch enger zusammen ger\u00fcckt. Insgesamt konnten Schwimmerinnen und Schwimmer aus 28 L\u00e4ndern Medaillen gewinnen. 19 Nationen davon erk\u00e4mpften eine oder mehrere Titel. Erwartungsgem\u00e4\u00df war das ukrainische Team mit 33 Goldenen dominierend. Hinter Italien (28 x Gold), Gro\u00dfbritannien (20 x Gold), den Niederlanden (20 x Gold), Spanien (13 x Gold) und Wei\u00dfrussland (10 x Gold) folgt das starke deutsche Team mit 8 x Gold.<\/p>\n<figure id=\"attachment_7254\" aria-describedby=\"caption-attachment-7254\" style=\"width: 300px\" class=\"wp-caption alignleft\"><a href=\"https:\/\/mv-sport.de\/wp-content\/uploads\/2017\/11\/denise-grahl.jpg\"><img loading=\"lazy\" decoding=\"async\" class=\"size-medium wp-image-7254\" src=\"https:\/\/mv-sport.de\/wp-content\/uploads\/2017\/11\/denise-grahl-300x200.jpg\" alt=\"\" width=\"300\" height=\"200\" \/><\/a><figcaption id=\"caption-attachment-7254\" class=\"wp-caption-text\">Denise Grahl gewann bei den EM im Para-Schwimmen in Dublin 2018 dreimal Gold und einmal Silber. Ihr gro\u00dfes Ziel sind die Paralympics 2020 in Tokyo. Foto: Wolfgang Gross<\/figcaption><\/figure>\n<p>Die Leistungen waren global betrachtet \u00e4u\u00dferst stark. Die Schwimmerinnen und Schwimmer aus Europa werden auch bei den kommenden IPC-WM 2019 in Kuching und bei den Paralympics 2020 in Tokyo mit der Konkurrenz aus China, den USA, Australien, Brasilien, Neuseeland oder Japan gut mithalten k\u00f6nnen. In einigen Disziplinen bestimmen die Europ\u00e4erinnen und Europ\u00e4er auch das Welt-Niveau ma\u00dfgeblich mit.<\/p>\n<p>Aus deutscher Sicht sind nat\u00fcrlich die acht Goldmedaillen durch Denise Grahl vom Hanse SV Rostock (100 Meter Freistil, 50 Meter Schmetterling bzw. 50 Meter Freistil), Elena Krawzow (100 Meter R\u00fccken, 200 Meter Lagen bzw. 50 Meter Freistil), Naomi Schnittger (400 Meter Freistil) und Verena Schott (100 Meter R\u00fccken) \u00fcberragend.<\/p>\n<p><strong>Frage:<\/strong> MV war mit drei Athletinnen in der irischen Hauptstadt vertreten. Namentlich Denise Grahl, Neele Labudde und Katherina R\u00f6sler (alle SV Hanse Rostock). Wie bewerten Sie deren Resultate?<\/p>\n<p><strong>Andre Wilde:<\/strong> Was Denise leistete ist schon ganz gro\u00dfe Klasse. Dreimal Gold und dazu noch Silber \u00fcber die 400 Meter Freistil. Das macht Mut f\u00fcr die kommenden Herausforderungen 2019 und 2020. Aber auch die beiden Youngster \u00fcberzeugten &#8211; sowohl Neele Labudde als auch Katherina R\u00f6sler. Neele schaffte sogar Bronze \u00fcber die 200 Meter Lagen und Katherina erreichte tolle Zeiten. Beide sind ja erst 15 Jahre bzw. 16 Jahre jung und haben eine gute Perspektive.<\/p>\n<p><strong>Frage:<\/strong> Welche Herausforderungen warten auf die Schwimmerinnen und Schwimmer mit Handicaps 2019? Was werden die H\u00f6hepunkte sein?<\/p>\n<p><strong>Andre Wilde:<\/strong> Im kommenden Jahr, vom 29. Juli bis 4. August 2019, werden die IPC-WM in Kuching (Malaysia) ausgetragen. Dort geht es bereits um die Quotenpl\u00e4tze f\u00fcr die einzelnen Nationen bei den paralympischen Schwimm-Wettbewerben 2020. F\u00fcr eine Gold- bzw. Silbermedaille gibt es jeweils einen Quotenplatz f\u00fcr die jeweilige Nation.<\/p>\n<p><strong>Letzte Frage:<\/strong> Wie ist es eigentlich um den Nachwuchs im Handicap-Schwimmen in M-V bestellt?<\/p>\n<p><strong>Andre Wilde:<\/strong> Die Anzahl der aktiven Leistungsschwimmerinnen und -schwimmer ist in M-V sehr \u00fcberschaubar. Um so mehr ist die Arbeit am Mecklenburgischen F\u00f6rderzentrum f\u00fcr Menschen mit k\u00f6rperlichen Handicaps in Schwerin zu w\u00fcrdigen. Gunnar M\u00fcller leistet dort als Trainer eine ausgezeichnete Arbeit &#8211; insbesondere bei der Sichtung neuer Talente. Rund vierzig Leistungsschwimmerinnen und -schwimmer mit Handicaps sind in M-V sehr ambitioniert und nehmen auch an den entsprechenden Landesmeisterschaften teil.<\/p>\n<p><strong>Vielen Dank und weiterhin bestes Engagement f\u00fcr den Schwimmsport!<\/strong><\/p>\n<p>[box]<strong>Zur Info:<\/strong> Mit der\u00a0geb\u00fcrtigen Greifswalderin Verena Schott (BPRSV Cottbus) und dem geb\u00fcrtigen Schweriner Torben Schmidtke (SC Potsdam) waren in Dublin auch zwei Schwimmer mit &#8222;MV-Background&#8220; am Start. Verena Schott schafte \u00fcber die 100 Meter R\u00fccken Gold und jeweils Bronze \u00fcber die 200 Meter Lagen, 100 Meter Brust und mit der 4 x 50 Meter Mixed-Staffel. Torben Schmidtke belegte \u00fcber die 100 Meter R\u00fccken den Silber-Rang.[\/box]<\/p>\n<p>&nbsp;<\/p>\n<hr \/>\n<h3><span style=\"color: #808080;\">Angemerkt: Von der EM im Para-Schwimmen zur EM in der Para-Leichtathletik<\/span><\/h3>\n<p><span style=\"color: #808080;\">Auch die Para-EM der Leichtathleten in Berlin (noch bis 26. August) findet gro\u00dfe Resonanz. Aus M-V dabei sind: <\/span><\/p>\n<ul>\n<li><span style=\"color: #808080;\">L\u00e4uferin und Weitspringerin Lindy Ave (Jahrgang 1998; HSG Uni Greifswald) <\/span><\/li>\n<li><span style=\"color: #808080;\">Kugelsto\u00dferin Hanna Wichmann (Jahrgang 1996; HSG Uni Greifswald) &#8211; <\/span><span style=\"color: #808080;\">2016 Junioren-Weltmeisterin mit der Keule und JWM-Zweite mit der Kugel<\/span><\/li>\n<li><span style=\"color: #808080;\">Kugelsto\u00dferin, Diskus- und Speerwerferin Martina Willing (geb. 1959 in Pasewalk; startet f\u00fcr den BPRSV Cottbus) <\/span><\/li>\n<\/ul>\n<p><span style=\"color: #808080;\">Lindy Ave triumphierte bis dato \u00fcber die 400 Meter und gewann Silber im Weitsprung sowie \u00fcber die 200 Meter. Hanna Wichmann wurde Dritte im Kugelsto\u00dfen und Martina Willing jubelte \u00fcber Silber im Diskuswerfen. (Stand: 24.8.2018)<\/span><\/p>\n<p><em>Text und Interview: M. Michels<\/em><\/p>\n<p>&nbsp;<\/p>\n<p>&nbsp;<\/p>\n","protected":false},"excerpt":{"rendered":"<p>Andre Wilde, Landestrainer im Para-Schwimmen, \u00fcber die EM in Dublin In den Monaten Juli und August 2018 gab es eine Reihe herausragender Sportveranstaltungen &#8211; auch f\u00fcr die Athletinnen und Athleten mit Handicap. Insbesondere die EM im Para-Schwimmen in Dublin (13.-19.08.) und die EM in der Para-Leichtathletik in Berlin (20.-26.8.) fanden und finden viel Zuspruch. Aktiv [&hellip;]<\/p>\n","protected":false},"author":3,"featured_media":4440,"comment_status":"open","ping_status":"open","sticky":false,"template":"","format":"standard","meta":{"_seopress_robots_primary_cat":"","_seopress_titles_title":"","_seopress_titles_desc":"","_seopress_robots_index":"","_relevanssi_hide_post":"","_relevanssi_hide_content":"","_relevanssi_pin_for_all":"","_relevanssi_pin_keywords":"","_relevanssi_unpin_keywords":"","_relevanssi_related_keywords":"","_relevanssi_related_include_ids":"","_relevanssi_related_exclude_ids":"","_relevanssi_related_no_append":"","_relevanssi_related_not_related":"","_relevanssi_related_posts":"","_relevanssi_noindex_reason":"","_uag_custom_page_level_css":"","footnotes":""},"categories":[32,19],"tags":[],"ort":[],"class_list":{"0":"post-12438","1":"post","2":"type-post","3":"status-publish","4":"format-standard","5":"has-post-thumbnail","7":"category-parasport","8":"category-schwimmen"},"featured_image_urls":{"medium":"https:\/\/mv-sport.de\/c\/wp-content\/uploads\/2017\/07\/schwimmen-beispiel-symbolfoto-2-600x600.jpg","medium_large":"https:\/\/mv-sport.de\/c\/wp-content\/uploads\/2017\/07\/schwimmen-beispiel-symbolfoto-2.jpg","large":"https:\/\/mv-sport.de\/c\/wp-content\/uploads\/2017\/07\/schwimmen-beispiel-symbolfoto-2.jpg","full":"https:\/\/mv-sport.de\/c\/wp-content\/uploads\/2017\/07\/schwimmen-beispiel-symbolfoto-2.jpg","alt":"Schwimmen Symbolfoto","caption":"Symbolfoto Schwimmen"},"spectra_custom_meta":{"uab_option":["yes"],"uab_meta_position":["default"],"_extra_rating_average":["0"],"_edit_lock":["1535397911:3"],"_edit_last":["3"],"_thumbnail_id":["4440"],"xyz_fbap":["1"],"xyz_fbap_insert_og":["0"],"post_views_count":["724"],"_et_pb_use_builder":[""],"_et_builder_version":["BB|Divi|3.12.2"],"_et_pb_old_content":[""],"_et_pb_custom_css":[""],"_yoast_wpseo_primary_category":["19"],"_post_review_box_title":["Review"],"_post_review_box_summary":[""],"_post_review_box_summary_title":["Summary"],"_post_review_box_breakdowns_score":["0"],"_post_review_box_breakdowns_count":["1"],"_post_review_box_breakdowns":["a:1:{i:0;a:2:{s:5:\"title\";s:0:\"\";s:6:\"rating\";i:0;}}"],"_extra_sidebar_location":[""],"_extra_sidebar":[""],"_post_extra_featured_image_hide_single":["1"],"_et_pb_ab_stats_refresh_interval":["hourly"],"_et_pb_enable_shortcode_tracking":[""],"wp_schema_pro_optimized_structured_data":["<!-- Schema optimized by Schema Pro --><script type=\"application\/ld+json\">{\"@context\":\"https:\/\/schema.org\",\"@type\":\"NewsArticle\",\"mainEntityOfPage\":{\"@type\":\"WebPage\",\"@id\":\"https:\/\/mv-sport.de\/es-wurden-klasse-leistungen-gezeigt\/\"},\"headline\":\"\\\"Es wurden klasse Leistungen gezeigt...\\\"\",\"image\":{\"@type\":\"ImageObject\",\"url\":\"https:\/\/mv-sport.de\/wp-content\/uploads\/2017\/07\/schwimmen-beispiel-symbolfoto-2.jpg\",\"width\":1000,\"height\":667},\"datePublished\":\"2018-08-24T10:48:41\",\"dateModified\":\"2018-08-27T21:27:26\",\"author\":{\"@type\":\"Person\",\"name\":\"Marko Michels\",\"url\":\"https:\/\/mv-sport.de\/author\/marko-michels\"},\"publisher\":{\"@type\":\"Organization\",\"name\":\"MV-Sport.de - Sportvereine &amp; Sportnachrichten Mecklenburg-Vorpommern\",\"logo\":{\"@type\":\"ImageObject\",\"url\":\"https:\/\/mv-sport.de\/wp-content\/uploads\/2017\/05\/logo-mv-sport-292x60.png\"}}}<\/script><!-- \/ Schema optimized by Schema Pro -->"],"__post_views_count":["730"],"astra_style_timestamp_css":["1757397948"],"_uag_css_file_name":["uag-css-12438.css"],"_uag_page_assets":["a:9:{s:3:\"css\";s:7010:\".uagb-block-88f5875d.wp-block-uagb-image--layout-default figure img{box-shadow: 0px 0px 0 #00000070;}.uagb-block-88f5875d.wp-block-uagb-image .wp-block-uagb-image__figure figcaption{font-style: normal;align-self: center;}.uagb-block-88f5875d.wp-block-uagb-image--layout-overlay figure img{box-shadow: 0px 0px 0 #00000070;}.uagb-block-88f5875d.wp-block-uagb-image--layout-overlay .wp-block-uagb-image--layout-overlay__color-wrapper{opacity: 0.2;}.uagb-block-88f5875d.wp-block-uagb-image--layout-overlay .wp-block-uagb-image--layout-overlay__inner{left: 15px;right: 15px;top: 15px;bottom: 15px;}.uagb-block-88f5875d.wp-block-uagb-image--layout-overlay .wp-block-uagb-image--layout-overlay__inner .uagb-image-heading{font-style: normal;color: #fff;opacity: 1;}.uagb-block-88f5875d.wp-block-uagb-image--layout-overlay .wp-block-uagb-image--layout-overlay__inner .uagb-image-heading a{color: #fff;}.uagb-block-88f5875d.wp-block-uagb-image--layout-overlay .wp-block-uagb-image--layout-overlay__inner .uagb-image-caption{opacity: 0;}.uagb-block-88f5875d.wp-block-uagb-image--layout-overlay .wp-block-uagb-image__figure:hover .wp-block-uagb-image--layout-overlay__color-wrapper{opacity: 1;}.uagb-block-88f5875d.wp-block-uagb-image .wp-block-uagb-image--layout-overlay__inner .uagb-image-separator{width: 30%;border-top-width: 2px;border-top-color: #fff;opacity: 0;}.uagb-block-88f5875d.wp-block-uagb-image .wp-block-uagb-image__figure img{width: 297px;height: auto;}.uagb-block-88f5875d.wp-block-uagb-image .wp-block-uagb-image__figure:hover .wp-block-uagb-image--layout-overlay__inner .uagb-image-caption{opacity: 1;}.uagb-block-88f5875d.wp-block-uagb-image .wp-block-uagb-image__figure:hover .wp-block-uagb-image--layout-overlay__inner .uagb-image-separator{opacity: 1;}.uagb-block-88f5875d.wp-block-uagb-image--layout-default figure:hover img{box-shadow: 0px 0px 0 #00000070;}.uagb-block-88f5875d.wp-block-uagb-image--layout-overlay figure:hover img{box-shadow: 0px 0px 0 #00000070;}@media only screen and (max-width: 976px) {.uagb-block-88f5875d.wp-block-uagb-image .wp-block-uagb-image__figure img{width: 297px;height: auto;}}@media only screen and (max-width: 767px) {.uagb-block-88f5875d.wp-block-uagb-image .wp-block-uagb-image__figure img{width: 297px;height: auto;}}.uagb-block-b6c54374.wp-block-uagb-image{margin-top: 0px;margin-right: 0px;margin-bottom: 0px;margin-left: 0px;}.uagb-block-b6c54374.wp-block-uagb-image--layout-default figure img{box-shadow: 0px 0px 0 #00000070;}.uagb-block-b6c54374.wp-block-uagb-image .wp-block-uagb-image__figure figcaption{font-style: normal;align-self: center;}.uagb-block-b6c54374.wp-block-uagb-image--layout-overlay figure img{box-shadow: 0px 0px 0 #00000070;}.uagb-block-b6c54374.wp-block-uagb-image--layout-overlay .wp-block-uagb-image--layout-overlay__color-wrapper{opacity: 0.2;}.uagb-block-b6c54374.wp-block-uagb-image--layout-overlay .wp-block-uagb-image--layout-overlay__inner{left: 15px;right: 15px;top: 15px;bottom: 15px;}.uagb-block-b6c54374.wp-block-uagb-image--layout-overlay .wp-block-uagb-image--layout-overlay__inner .uagb-image-heading{font-style: normal;color: #fff;opacity: 1;}.uagb-block-b6c54374.wp-block-uagb-image--layout-overlay .wp-block-uagb-image--layout-overlay__inner .uagb-image-heading a{color: #fff;}.uagb-block-b6c54374.wp-block-uagb-image--layout-overlay .wp-block-uagb-image--layout-overlay__inner .uagb-image-caption{opacity: 0;}.uagb-block-b6c54374.wp-block-uagb-image--layout-overlay .wp-block-uagb-image__figure:hover .wp-block-uagb-image--layout-overlay__color-wrapper{opacity: 1;}.uagb-block-b6c54374.wp-block-uagb-image .wp-block-uagb-image--layout-overlay__inner .uagb-image-separator{width: 30%;border-top-width: 2px;border-top-color: #fff;opacity: 0;}.uagb-block-b6c54374.wp-block-uagb-image .wp-block-uagb-image__figure img{width: px;height: auto;}.uagb-block-b6c54374.wp-block-uagb-image .wp-block-uagb-image__figure:hover .wp-block-uagb-image--layout-overlay__inner .uagb-image-caption{opacity: 1;}.uagb-block-b6c54374.wp-block-uagb-image .wp-block-uagb-image__figure:hover .wp-block-uagb-image--layout-overlay__inner .uagb-image-separator{opacity: 1;}.uagb-block-b6c54374.wp-block-uagb-image--layout-default figure:hover img{box-shadow: 0px 0px 0 #00000070;}.uagb-block-b6c54374.wp-block-uagb-image--layout-overlay figure:hover img{box-shadow: 0px 0px 0 #00000070;}@media only screen and (max-width: 976px) {.uagb-block-b6c54374.wp-block-uagb-image .wp-block-uagb-image__figure img{width: px;height: auto;}}@media only screen and (max-width: 767px) {.uagb-block-b6c54374.wp-block-uagb-image .wp-block-uagb-image__figure img{width: px;height: auto;}}.uagb-block-2bdcf70c.wp-block-uagb-image{margin-top: 0px;margin-right: 0px;margin-bottom: 0px;margin-left: 0px;}.uagb-block-2bdcf70c.wp-block-uagb-image--layout-default figure img{box-shadow: 0px 0px 0 #00000070;}.uagb-block-2bdcf70c.wp-block-uagb-image .wp-block-uagb-image__figure figcaption{font-style: normal;align-self: center;}.uagb-block-2bdcf70c.wp-block-uagb-image--layout-overlay figure img{box-shadow: 0px 0px 0 #00000070;}.uagb-block-2bdcf70c.wp-block-uagb-image--layout-overlay .wp-block-uagb-image--layout-overlay__color-wrapper{opacity: 0.2;}.uagb-block-2bdcf70c.wp-block-uagb-image--layout-overlay .wp-block-uagb-image--layout-overlay__inner{left: 15px;right: 15px;top: 15px;bottom: 15px;}.uagb-block-2bdcf70c.wp-block-uagb-image--layout-overlay .wp-block-uagb-image--layout-overlay__inner .uagb-image-heading{font-style: normal;color: #fff;opacity: 1;}.uagb-block-2bdcf70c.wp-block-uagb-image--layout-overlay .wp-block-uagb-image--layout-overlay__inner .uagb-image-heading a{color: #fff;}.uagb-block-2bdcf70c.wp-block-uagb-image--layout-overlay .wp-block-uagb-image--layout-overlay__inner .uagb-image-caption{opacity: 0;}.uagb-block-2bdcf70c.wp-block-uagb-image--layout-overlay .wp-block-uagb-image__figure:hover .wp-block-uagb-image--layout-overlay__color-wrapper{opacity: 1;}.uagb-block-2bdcf70c.wp-block-uagb-image .wp-block-uagb-image--layout-overlay__inner .uagb-image-separator{width: 30%;border-top-width: 2px;border-top-color: #fff;opacity: 0;}.uagb-block-2bdcf70c.wp-block-uagb-image .wp-block-uagb-image__figure img{width: px;height: auto;}.uagb-block-2bdcf70c.wp-block-uagb-image .wp-block-uagb-image__figure:hover .wp-block-uagb-image--layout-overlay__inner .uagb-image-caption{opacity: 1;}.uagb-block-2bdcf70c.wp-block-uagb-image .wp-block-uagb-image__figure:hover .wp-block-uagb-image--layout-overlay__inner .uagb-image-separator{opacity: 1;}.uagb-block-2bdcf70c.wp-block-uagb-image--layout-default figure:hover img{box-shadow: 0px 0px 0 #00000070;}.uagb-block-2bdcf70c.wp-block-uagb-image--layout-overlay figure:hover img{box-shadow: 0px 0px 0 #00000070;}@media only screen and (max-width: 976px) {.uagb-block-2bdcf70c.wp-block-uagb-image .wp-block-uagb-image__figure img{width: px;height: auto;}}@media only screen and (max-width: 767px) {.uagb-block-2bdcf70c.wp-block-uagb-image .wp-block-uagb-image__figure img{width: px;height: auto;}}\";s:2:\"js\";s:0:\"\";s:18:\"current_block_list\";a:28:{i:0;s:10:\"core\/group\";i:2;s:24:\"core\/post-featured-image\";i:3;s:15:\"core\/post-title\";i:5;s:14:\"core\/post-date\";i:6;s:16:\"core\/post-author\";i:7;s:15:\"core\/post-terms\";i:8;s:17:\"core\/post-content\";i:9;s:14:\"core\/separator\";i:10;s:13:\"core\/comments\";i:11;s:19:\"core\/comments-title\";i:12;s:21:\"core\/comment-template\";i:15;s:11:\"core\/avatar\";i:16;s:24:\"core\/comment-author-name\";i:17;s:17:\"core\/comment-date\";i:18;s:20:\"core\/comment-content\";i:19;s:23:\"core\/comment-reply-link\";i:20;s:24:\"core\/comments-pagination\";i:21;s:33:\"core\/comments-pagination-previous\";i:22;s:32:\"core\/comments-pagination-numbers\";i:23;s:29:\"core\/comments-pagination-next\";i:24;s:23:\"core\/post-comments-form\";i:25;s:14:\"core\/tag-cloud\";i:26;s:12:\"core\/heading\";i:27;s:14:\"core\/paragraph\";i:28;s:12:\"core\/buttons\";i:29;s:11:\"core\/button\";i:30;s:10:\"uagb\/image\";i:31;s:10:\"core\/image\";}s:8:\"uag_flag\";b:1;s:11:\"uag_version\";s:10:\"1777172876\";s:6:\"gfonts\";a:0:{}s:10:\"gfonts_url\";s:0:\"\";s:12:\"gfonts_files\";a:0:{}s:14:\"uag_faq_layout\";b:0;}"]},"uagb_featured_image_src":{"full":["https:\/\/mv-sport.de\/c\/wp-content\/uploads\/2017\/07\/schwimmen-beispiel-symbolfoto-2.jpg",1000,667,false],"thumbnail":["https:\/\/mv-sport.de\/c\/wp-content\/uploads\/2017\/07\/schwimmen-beispiel-symbolfoto-2-150x150.jpg",150,150,true],"medium":["https:\/\/mv-sport.de\/c\/wp-content\/uploads\/2017\/07\/schwimmen-beispiel-symbolfoto-2-600x600.jpg",350,350,true],"medium_large":["https:\/\/mv-sport.de\/c\/wp-content\/uploads\/2017\/07\/schwimmen-beispiel-symbolfoto-2.jpg",768,512,false],"large":["https:\/\/mv-sport.de\/c\/wp-content\/uploads\/2017\/07\/schwimmen-beispiel-symbolfoto-2.jpg",1000,667,false],"1536x1536":["https:\/\/mv-sport.de\/c\/wp-content\/uploads\/2017\/07\/schwimmen-beispiel-symbolfoto-2.jpg",1000,667,false],"2048x2048":["https:\/\/mv-sport.de\/c\/wp-content\/uploads\/2017\/07\/schwimmen-beispiel-symbolfoto-2.jpg",1000,667,false],"ultp_layout_landscape_large":["https:\/\/mv-sport.de\/c\/wp-content\/uploads\/2017\/07\/schwimmen-beispiel-symbolfoto-2.jpg",1000,667,false],"ultp_layout_landscape":["https:\/\/mv-sport.de\/c\/wp-content\/uploads\/2017\/07\/schwimmen-beispiel-symbolfoto-2.jpg",855,570,false],"ultp_layout_portrait":["https:\/\/mv-sport.de\/c\/wp-content\/uploads\/2017\/07\/schwimmen-beispiel-symbolfoto-2.jpg",600,400,false],"ultp_layout_square":["https:\/\/mv-sport.de\/c\/wp-content\/uploads\/2017\/07\/schwimmen-beispiel-symbolfoto-2.jpg",600,400,false]},"uagb_author_info":{"display_name":"Marko Michels","author_link":"https:\/\/mv-sport.de\/c\/author\/marko-michels\/"},"uagb_comment_info":0,"uagb_excerpt":"Andre Wilde, Landestrainer im Para-Schwimmen, \u00fcber die EM in Dublin In den Monaten Juli und August 2018 gab es eine Reihe herausragender Sportveranstaltungen &#8211; auch f\u00fcr die Athletinnen und Athleten mit Handicap. Insbesondere die EM im Para-Schwimmen in Dublin (13.-19.08.) und die EM in der Para-Leichtathletik in Berlin (20.-26.8.) fanden und finden viel Zuspruch. Aktiv&hellip;","_links":{"self":[{"href":"https:\/\/mv-sport.de\/c\/wp-json\/wp\/v2\/posts\/12438","targetHints":{"allow":["GET"]}}],"collection":[{"href":"https:\/\/mv-sport.de\/c\/wp-json\/wp\/v2\/posts"}],"about":[{"href":"https:\/\/mv-sport.de\/c\/wp-json\/wp\/v2\/types\/post"}],"author":[{"embeddable":true,"href":"https:\/\/mv-sport.de\/c\/wp-json\/wp\/v2\/users\/3"}],"replies":[{"embeddable":true,"href":"https:\/\/mv-sport.de\/c\/wp-json\/wp\/v2\/comments?post=12438"}],"version-history":[{"count":0,"href":"https:\/\/mv-sport.de\/c\/wp-json\/wp\/v2\/posts\/12438\/revisions"}],"wp:featuredmedia":[{"embeddable":true,"href":"https:\/\/mv-sport.de\/c\/wp-json\/wp\/v2\/media\/4440"}],"wp:attachment":[{"href":"https:\/\/mv-sport.de\/c\/wp-json\/wp\/v2\/media?parent=12438"}],"wp:term":[{"taxonomy":"category","embeddable":true,"href":"https:\/\/mv-sport.de\/c\/wp-json\/wp\/v2\/categories?post=12438"},{"taxonomy":"post_tag","embeddable":true,"href":"https:\/\/mv-sport.de\/c\/wp-json\/wp\/v2\/tags?post=12438"},{"taxonomy":"ort","embeddable":true,"href":"https:\/\/mv-sport.de\/c\/wp-json\/wp\/v2\/ort?post=12438"}],"curies":[{"name":"wp","href":"https:\/\/api.w.org\/{rel}","templated":true}]}}