{"id":12877,"date":"2018-08-31T20:30:06","date_gmt":"2018-08-31T18:30:06","guid":{"rendered":"https:\/\/mv-sport.de\/?p=12877"},"modified":"2018-08-31T20:30:06","modified_gmt":"2018-08-31T18:30:06","slug":"25-ferienfreizeit-in-laage-bist-du-dabei","status":"publish","type":"post","link":"https:\/\/mv-sport.de\/c\/25-ferienfreizeit-in-laage-bist-du-dabei\/","title":{"rendered":"25. Ferienfreizeit in Laage &#8211; bist Du dabei?"},"content":{"rendered":"<p>Es ist kaum zu glauben, aber in den Herbstferien wird die Laufgruppe des SC Laage ihre 25.Ferienfreizeit anbieten und wieder vielen Kindern Freude bereiten und eine sinnvolle Ferienzeit pr\u00e4sentieren. Hier erlernen die Kinder ihre F\u00e4higkeiten und Grenzen auszuloten und auch mit Erfolg und Misserfolg umzugehen. Sie lernen mit anderen auszukommen, sich in eine Gruppe einzufinden und als Team f\u00fcr ein gemeinsames Ziel zu k\u00e4mpfen.<br \/>\nUnd sie erfahren, was gegenseitiger Respekt bedeutet. Das alles sind wichtige Schritte auf dem Weg zu einer starken Pers\u00f6nlichkeit.<br \/>\nIn diesem Herbst finden die sportlichen Tage in den Laager Recknitz- Sporthallen, vom 08.10.-10.10.2018, f\u00fcr Kinder vom siebten Lebensjahr statt. Die M\u00e4dchen und Jungen werden von erfahrenen \u00dcbungsleitern, von 09.00 -14.00 Uhr, betreut.<br \/>\nEin ausgewogenes Mittagessen sowie Trink- und Obstpausen runden die beliebte sportliche Aktion ab. Interessenten k\u00f6nnen sich unter 0179 630 40 63 anmelden und selbstverst\u00e4ndlich auch weitere Einzelheiten erfragen. Allerdings m\u00fcssen die Veranstalter auch anmerken, dass eine z\u00fcgige Anmeldung durchaus von Vorteil ist. Mehr als drei\u00dfig Kinder werden die Verantwortlichen nicht betreuen, um den Kindern auch gerecht zu werden und die Individualit\u00e4t bei der Betreuung nicht aus den Augen zu verlieren. Am Ende der drei tollen Tage werden alle Kinder mit einem Pr\u00e4sent und einer Urkunde geehrt. Selbstverst\u00e4ndlich sind auch wieder Kinder willkommen, die nicht in Sportvereinen organisiert sind. Weitere Informationen findet man auch unter www.sportclub-laage.de oder auf www.laage-online.de.<\/p>\n<p>SC Laage<\/p>\n<figure id=\"attachment_12878\" aria-describedby=\"caption-attachment-12878\" style=\"width: 695px\" class=\"wp-caption aligncenter\"><a href=\"https:\/\/mv-sport.de\/wp-content\/uploads\/2018\/08\/dsc_0652-23404.jpg\"><img loading=\"lazy\" decoding=\"async\" class=\" wp-image-12878\" src=\"https:\/\/mv-sport.de\/wp-content\/uploads\/2018\/08\/dsc_0652-23404-1024x681.jpg\" alt=\"\" width=\"695\" height=\"462\" \/><\/a><figcaption id=\"caption-attachment-12878\" class=\"wp-caption-text\">Und bei gutem Wetter geh\u00f6ren auch Waldl\u00e4ufe ins Programm. Foto: SC Laage<\/figcaption><\/figure>\n","protected":false},"excerpt":{"rendered":"<p>Es ist kaum zu glauben, aber in den Herbstferien wird die Laufgruppe des SC Laage ihre 25.Ferienfreizeit anbieten und wieder vielen Kindern Freude bereiten und eine sinnvolle Ferienzeit pr\u00e4sentieren. Hier erlernen die Kinder ihre F\u00e4higkeiten und Grenzen auszuloten und auch mit Erfolg und Misserfolg umzugehen. Sie lernen mit anderen auszukommen, sich in eine Gruppe einzufinden [&hellip;]<\/p>\n","protected":false},"author":7,"featured_media":12878,"comment_status":"open","ping_status":"open","sticky":false,"template":"","format":"standard","meta":{"_seopress_robots_primary_cat":"","_seopress_titles_title":"","_seopress_titles_desc":"","_seopress_robots_index":"","_relevanssi_hide_post":"","_relevanssi_hide_content":"","_relevanssi_pin_for_all":"","_relevanssi_pin_keywords":"","_relevanssi_unpin_keywords":"","_relevanssi_related_keywords":"","_relevanssi_related_include_ids":"","_relevanssi_related_exclude_ids":"","_relevanssi_related_no_append":"","_relevanssi_related_not_related":"","_relevanssi_related_posts":"","_relevanssi_noindex_reason":"","_uag_custom_page_level_css":"","footnotes":""},"categories":[47],"tags":[],"ort":[],"class_list":{"0":"post-12877","1":"post","2":"type-post","3":"status-publish","4":"format-standard","5":"has-post-thumbnail","7":"category-laufsport"},"featured_image_urls":{"medium":"https:\/\/mv-sport.de\/c\/wp-content\/uploads\/2018\/08\/dsc_0652-23404-600x600.jpg","medium_large":"https:\/\/mv-sport.de\/c\/wp-content\/uploads\/2018\/08\/dsc_0652-23404.jpg","large":"https:\/\/mv-sport.de\/c\/wp-content\/uploads\/2018\/08\/dsc_0652-23404-1400x931.jpg","full":"https:\/\/mv-sport.de\/c\/wp-content\/uploads\/2018\/08\/dsc_0652-23404.jpg","alt":"","caption":"Und bei gutem Wetter geh\u00f6ren auch Waldl\u00e4ufe ins Programm. Foto: SC Laage"},"spectra_custom_meta":{"uab_option":["yes"],"uab_meta_position":["default"],"_extra_rating_average":["0"],"_edit_lock":["1535961631:2"],"_edit_last":["7"],"_thumbnail_id":["12878"],"xyz_fbap":["1"],"xyz_fbap_insert_og":["0"],"post_views_count":["720"],"_et_pb_use_builder":[""],"_et_builder_version":["BB|Divi|3.12.2"],"_et_pb_old_content":[""],"_et_pb_custom_css":[""],"_yoast_wpseo_primary_category":["47"],"_post_review_box_title":["Review"],"_post_review_box_summary":[""],"_post_review_box_summary_title":["Summary"],"_post_review_box_breakdowns_score":["0"],"_post_review_box_breakdowns_count":["1"],"_post_review_box_breakdowns":["a:1:{i:0;a:2:{s:5:\"title\";s:0:\"\";s:6:\"rating\";i:0;}}"],"_extra_sidebar_location":[""],"_extra_sidebar":[""],"wp_schema_pro_optimized_structured_data":["<!-- Schema optimized by Schema Pro --><script type=\"application\/ld+json\">{\"@context\":\"https:\/\/schema.org\",\"@type\":\"NewsArticle\",\"mainEntityOfPage\":{\"@type\":\"WebPage\",\"@id\":\"https:\/\/mv-sport.de\/25-ferienfreizeit-in-laage-bist-du-dabei\/\"},\"headline\":\"25. Ferienfreizeit in Laage - bist Du dabei?\",\"image\":{\"@type\":\"ImageObject\",\"url\":\"https:\/\/mv-sport.de\/wp-content\/uploads\/2018\/08\/dsc_0652-23404.jpg\",\"width\":1600,\"height\":1064},\"datePublished\":\"2018-08-31T20:30:06\",\"dateModified\":\"2018-08-31T20:30:06\",\"author\":{\"@type\":\"Person\",\"name\":\"Sportclub Laage e.V.\",\"url\":\"https:\/\/mv-sport.de\/author\/sportclub-laage-e-v\"},\"publisher\":{\"@type\":\"Organization\",\"name\":\"MV-Sport.de - Sportvereine &amp; Sportnachrichten Mecklenburg-Vorpommern\",\"logo\":{\"@type\":\"ImageObject\",\"url\":\"https:\/\/mv-sport.de\/wp-content\/uploads\/2017\/05\/logo-mv-sport-292x60.png\"}}}<\/script><!-- \/ Schema optimized by Schema Pro -->"],"__post_views_count":["759"],"astra_style_timestamp_css":["1757422791"],"_uag_css_file_name":["uag-css-12877.css"],"_uag_page_assets":["a:9:{s:3:\"css\";s:7010:\".uagb-block-88f5875d.wp-block-uagb-image--layout-default figure img{box-shadow: 0px 0px 0 #00000070;}.uagb-block-88f5875d.wp-block-uagb-image .wp-block-uagb-image__figure figcaption{font-style: normal;align-self: center;}.uagb-block-88f5875d.wp-block-uagb-image--layout-overlay figure img{box-shadow: 0px 0px 0 #00000070;}.uagb-block-88f5875d.wp-block-uagb-image--layout-overlay .wp-block-uagb-image--layout-overlay__color-wrapper{opacity: 0.2;}.uagb-block-88f5875d.wp-block-uagb-image--layout-overlay .wp-block-uagb-image--layout-overlay__inner{left: 15px;right: 15px;top: 15px;bottom: 15px;}.uagb-block-88f5875d.wp-block-uagb-image--layout-overlay .wp-block-uagb-image--layout-overlay__inner .uagb-image-heading{font-style: normal;color: #fff;opacity: 1;}.uagb-block-88f5875d.wp-block-uagb-image--layout-overlay .wp-block-uagb-image--layout-overlay__inner .uagb-image-heading a{color: #fff;}.uagb-block-88f5875d.wp-block-uagb-image--layout-overlay .wp-block-uagb-image--layout-overlay__inner .uagb-image-caption{opacity: 0;}.uagb-block-88f5875d.wp-block-uagb-image--layout-overlay .wp-block-uagb-image__figure:hover .wp-block-uagb-image--layout-overlay__color-wrapper{opacity: 1;}.uagb-block-88f5875d.wp-block-uagb-image .wp-block-uagb-image--layout-overlay__inner .uagb-image-separator{width: 30%;border-top-width: 2px;border-top-color: #fff;opacity: 0;}.uagb-block-88f5875d.wp-block-uagb-image .wp-block-uagb-image__figure img{width: 297px;height: auto;}.uagb-block-88f5875d.wp-block-uagb-image .wp-block-uagb-image__figure:hover .wp-block-uagb-image--layout-overlay__inner .uagb-image-caption{opacity: 1;}.uagb-block-88f5875d.wp-block-uagb-image .wp-block-uagb-image__figure:hover .wp-block-uagb-image--layout-overlay__inner .uagb-image-separator{opacity: 1;}.uagb-block-88f5875d.wp-block-uagb-image--layout-default figure:hover img{box-shadow: 0px 0px 0 #00000070;}.uagb-block-88f5875d.wp-block-uagb-image--layout-overlay figure:hover img{box-shadow: 0px 0px 0 #00000070;}@media only screen and (max-width: 976px) {.uagb-block-88f5875d.wp-block-uagb-image .wp-block-uagb-image__figure img{width: 297px;height: auto;}}@media only screen and (max-width: 767px) {.uagb-block-88f5875d.wp-block-uagb-image .wp-block-uagb-image__figure img{width: 297px;height: auto;}}.uagb-block-b6c54374.wp-block-uagb-image{margin-top: 0px;margin-right: 0px;margin-bottom: 0px;margin-left: 0px;}.uagb-block-b6c54374.wp-block-uagb-image--layout-default figure img{box-shadow: 0px 0px 0 #00000070;}.uagb-block-b6c54374.wp-block-uagb-image .wp-block-uagb-image__figure figcaption{font-style: normal;align-self: center;}.uagb-block-b6c54374.wp-block-uagb-image--layout-overlay figure img{box-shadow: 0px 0px 0 #00000070;}.uagb-block-b6c54374.wp-block-uagb-image--layout-overlay .wp-block-uagb-image--layout-overlay__color-wrapper{opacity: 0.2;}.uagb-block-b6c54374.wp-block-uagb-image--layout-overlay .wp-block-uagb-image--layout-overlay__inner{left: 15px;right: 15px;top: 15px;bottom: 15px;}.uagb-block-b6c54374.wp-block-uagb-image--layout-overlay .wp-block-uagb-image--layout-overlay__inner .uagb-image-heading{font-style: normal;color: #fff;opacity: 1;}.uagb-block-b6c54374.wp-block-uagb-image--layout-overlay .wp-block-uagb-image--layout-overlay__inner .uagb-image-heading a{color: #fff;}.uagb-block-b6c54374.wp-block-uagb-image--layout-overlay .wp-block-uagb-image--layout-overlay__inner .uagb-image-caption{opacity: 0;}.uagb-block-b6c54374.wp-block-uagb-image--layout-overlay .wp-block-uagb-image__figure:hover .wp-block-uagb-image--layout-overlay__color-wrapper{opacity: 1;}.uagb-block-b6c54374.wp-block-uagb-image .wp-block-uagb-image--layout-overlay__inner .uagb-image-separator{width: 30%;border-top-width: 2px;border-top-color: #fff;opacity: 0;}.uagb-block-b6c54374.wp-block-uagb-image .wp-block-uagb-image__figure img{width: px;height: auto;}.uagb-block-b6c54374.wp-block-uagb-image .wp-block-uagb-image__figure:hover .wp-block-uagb-image--layout-overlay__inner .uagb-image-caption{opacity: 1;}.uagb-block-b6c54374.wp-block-uagb-image .wp-block-uagb-image__figure:hover .wp-block-uagb-image--layout-overlay__inner .uagb-image-separator{opacity: 1;}.uagb-block-b6c54374.wp-block-uagb-image--layout-default figure:hover img{box-shadow: 0px 0px 0 #00000070;}.uagb-block-b6c54374.wp-block-uagb-image--layout-overlay figure:hover img{box-shadow: 0px 0px 0 #00000070;}@media only screen and (max-width: 976px) {.uagb-block-b6c54374.wp-block-uagb-image .wp-block-uagb-image__figure img{width: px;height: auto;}}@media only screen and (max-width: 767px) {.uagb-block-b6c54374.wp-block-uagb-image .wp-block-uagb-image__figure img{width: px;height: auto;}}.uagb-block-2bdcf70c.wp-block-uagb-image{margin-top: 0px;margin-right: 0px;margin-bottom: 0px;margin-left: 0px;}.uagb-block-2bdcf70c.wp-block-uagb-image--layout-default figure img{box-shadow: 0px 0px 0 #00000070;}.uagb-block-2bdcf70c.wp-block-uagb-image .wp-block-uagb-image__figure figcaption{font-style: normal;align-self: center;}.uagb-block-2bdcf70c.wp-block-uagb-image--layout-overlay figure img{box-shadow: 0px 0px 0 #00000070;}.uagb-block-2bdcf70c.wp-block-uagb-image--layout-overlay .wp-block-uagb-image--layout-overlay__color-wrapper{opacity: 0.2;}.uagb-block-2bdcf70c.wp-block-uagb-image--layout-overlay .wp-block-uagb-image--layout-overlay__inner{left: 15px;right: 15px;top: 15px;bottom: 15px;}.uagb-block-2bdcf70c.wp-block-uagb-image--layout-overlay .wp-block-uagb-image--layout-overlay__inner .uagb-image-heading{font-style: normal;color: #fff;opacity: 1;}.uagb-block-2bdcf70c.wp-block-uagb-image--layout-overlay .wp-block-uagb-image--layout-overlay__inner .uagb-image-heading a{color: #fff;}.uagb-block-2bdcf70c.wp-block-uagb-image--layout-overlay .wp-block-uagb-image--layout-overlay__inner .uagb-image-caption{opacity: 0;}.uagb-block-2bdcf70c.wp-block-uagb-image--layout-overlay .wp-block-uagb-image__figure:hover .wp-block-uagb-image--layout-overlay__color-wrapper{opacity: 1;}.uagb-block-2bdcf70c.wp-block-uagb-image .wp-block-uagb-image--layout-overlay__inner .uagb-image-separator{width: 30%;border-top-width: 2px;border-top-color: #fff;opacity: 0;}.uagb-block-2bdcf70c.wp-block-uagb-image .wp-block-uagb-image__figure img{width: px;height: auto;}.uagb-block-2bdcf70c.wp-block-uagb-image .wp-block-uagb-image__figure:hover .wp-block-uagb-image--layout-overlay__inner .uagb-image-caption{opacity: 1;}.uagb-block-2bdcf70c.wp-block-uagb-image .wp-block-uagb-image__figure:hover .wp-block-uagb-image--layout-overlay__inner .uagb-image-separator{opacity: 1;}.uagb-block-2bdcf70c.wp-block-uagb-image--layout-default figure:hover img{box-shadow: 0px 0px 0 #00000070;}.uagb-block-2bdcf70c.wp-block-uagb-image--layout-overlay figure:hover img{box-shadow: 0px 0px 0 #00000070;}@media only screen and (max-width: 976px) {.uagb-block-2bdcf70c.wp-block-uagb-image .wp-block-uagb-image__figure img{width: px;height: auto;}}@media only screen and (max-width: 767px) {.uagb-block-2bdcf70c.wp-block-uagb-image .wp-block-uagb-image__figure img{width: px;height: auto;}}\";s:2:\"js\";s:0:\"\";s:18:\"current_block_list\";a:28:{i:0;s:10:\"core\/group\";i:2;s:24:\"core\/post-featured-image\";i:3;s:15:\"core\/post-title\";i:5;s:14:\"core\/post-date\";i:6;s:16:\"core\/post-author\";i:7;s:15:\"core\/post-terms\";i:8;s:17:\"core\/post-content\";i:9;s:14:\"core\/separator\";i:10;s:13:\"core\/comments\";i:11;s:19:\"core\/comments-title\";i:12;s:21:\"core\/comment-template\";i:15;s:11:\"core\/avatar\";i:16;s:24:\"core\/comment-author-name\";i:17;s:17:\"core\/comment-date\";i:18;s:20:\"core\/comment-content\";i:19;s:23:\"core\/comment-reply-link\";i:20;s:24:\"core\/comments-pagination\";i:21;s:33:\"core\/comments-pagination-previous\";i:22;s:32:\"core\/comments-pagination-numbers\";i:23;s:29:\"core\/comments-pagination-next\";i:24;s:23:\"core\/post-comments-form\";i:25;s:14:\"core\/tag-cloud\";i:26;s:12:\"core\/heading\";i:27;s:14:\"core\/paragraph\";i:28;s:12:\"core\/buttons\";i:29;s:11:\"core\/button\";i:30;s:10:\"uagb\/image\";i:31;s:10:\"core\/image\";}s:8:\"uag_flag\";b:1;s:11:\"uag_version\";s:10:\"1776893903\";s:6:\"gfonts\";a:0:{}s:10:\"gfonts_url\";s:0:\"\";s:12:\"gfonts_files\";a:0:{}s:14:\"uag_faq_layout\";b:0;}"]},"uagb_featured_image_src":{"full":["https:\/\/mv-sport.de\/c\/wp-content\/uploads\/2018\/08\/dsc_0652-23404.jpg",1600,1064,false],"thumbnail":["https:\/\/mv-sport.de\/c\/wp-content\/uploads\/2018\/08\/dsc_0652-23404-150x150.jpg",150,150,true],"medium":["https:\/\/mv-sport.de\/c\/wp-content\/uploads\/2018\/08\/dsc_0652-23404-600x600.jpg",350,350,true],"medium_large":["https:\/\/mv-sport.de\/c\/wp-content\/uploads\/2018\/08\/dsc_0652-23404.jpg",768,511,false],"large":["https:\/\/mv-sport.de\/c\/wp-content\/uploads\/2018\/08\/dsc_0652-23404-1400x931.jpg",1024,681,true],"1536x1536":["https:\/\/mv-sport.de\/c\/wp-content\/uploads\/2018\/08\/dsc_0652-23404.jpg",1536,1021,false],"2048x2048":["https:\/\/mv-sport.de\/c\/wp-content\/uploads\/2018\/08\/dsc_0652-23404.jpg",1600,1064,false],"ultp_layout_landscape_large":["https:\/\/mv-sport.de\/c\/wp-content\/uploads\/2018\/08\/dsc_0652-23404.jpg",1200,798,false],"ultp_layout_landscape":["https:\/\/mv-sport.de\/c\/wp-content\/uploads\/2018\/08\/dsc_0652-23404.jpg",857,570,false],"ultp_layout_portrait":["https:\/\/mv-sport.de\/c\/wp-content\/uploads\/2018\/08\/dsc_0652-23404.jpg",600,399,false],"ultp_layout_square":["https:\/\/mv-sport.de\/c\/wp-content\/uploads\/2018\/08\/dsc_0652-23404.jpg",600,399,false]},"uagb_author_info":{"display_name":"Sportclub Laage e.V.","author_link":"https:\/\/mv-sport.de\/c\/author\/sportclub-laage-e-v\/"},"uagb_comment_info":0,"uagb_excerpt":"Es ist kaum zu glauben, aber in den Herbstferien wird die Laufgruppe des SC Laage ihre 25.Ferienfreizeit anbieten und wieder vielen Kindern Freude bereiten und eine sinnvolle Ferienzeit pr\u00e4sentieren. Hier erlernen die Kinder ihre F\u00e4higkeiten und Grenzen auszuloten und auch mit Erfolg und Misserfolg umzugehen. Sie lernen mit anderen auszukommen, sich in eine Gruppe einzufinden&hellip;","_links":{"self":[{"href":"https:\/\/mv-sport.de\/c\/wp-json\/wp\/v2\/posts\/12877","targetHints":{"allow":["GET"]}}],"collection":[{"href":"https:\/\/mv-sport.de\/c\/wp-json\/wp\/v2\/posts"}],"about":[{"href":"https:\/\/mv-sport.de\/c\/wp-json\/wp\/v2\/types\/post"}],"author":[{"embeddable":true,"href":"https:\/\/mv-sport.de\/c\/wp-json\/wp\/v2\/users\/7"}],"replies":[{"embeddable":true,"href":"https:\/\/mv-sport.de\/c\/wp-json\/wp\/v2\/comments?post=12877"}],"version-history":[{"count":0,"href":"https:\/\/mv-sport.de\/c\/wp-json\/wp\/v2\/posts\/12877\/revisions"}],"wp:featuredmedia":[{"embeddable":true,"href":"https:\/\/mv-sport.de\/c\/wp-json\/wp\/v2\/media\/12878"}],"wp:attachment":[{"href":"https:\/\/mv-sport.de\/c\/wp-json\/wp\/v2\/media?parent=12877"}],"wp:term":[{"taxonomy":"category","embeddable":true,"href":"https:\/\/mv-sport.de\/c\/wp-json\/wp\/v2\/categories?post=12877"},{"taxonomy":"post_tag","embeddable":true,"href":"https:\/\/mv-sport.de\/c\/wp-json\/wp\/v2\/tags?post=12877"},{"taxonomy":"ort","embeddable":true,"href":"https:\/\/mv-sport.de\/c\/wp-json\/wp\/v2\/ort?post=12877"}],"curies":[{"name":"wp","href":"https:\/\/api.w.org\/{rel}","templated":true}]}}