{"id":128797,"date":"2022-08-19T10:59:26","date_gmt":"2022-08-19T08:59:26","guid":{"rendered":"https:\/\/mv-sport.de\/?p=128797"},"modified":"2022-08-19T10:59:27","modified_gmt":"2022-08-19T08:59:27","slug":"laufcup-mv-legt-sommerpause-ein","status":"publish","type":"post","link":"https:\/\/mv-sport.de\/c\/laufcup-mv-legt-sommerpause-ein\/","title":{"rendered":"Laufcup MV legt Sommerpause ein"},"content":{"rendered":"\n<h3 class=\"wp-block-heading\">Positives Zwischenfazit f\u00fcr Schweriner L\u00e4ufer und L\u00e4uferinnen<\/h3>\n\n\n\n<p>Der Laufcup Mecklenburg-Vorpommern legt eine Sommerpause bis Anfang September ein, Zeit f\u00fcr ein Schweriner Zwischenfazit. Nachdem es 2020 keinen Laufcup Mecklenburg-Vorpommern gab und 2021 dann wenigstens eine \u201eabgespeckte\u201c L\u00f6sung, ist in diesem Jahr fast wieder Normalit\u00e4t eingetreten. Der Laufcup 2022 ist mit 3 Absagen holprig gestartet, jedoch wurden inzwischen 7 Wertungsl\u00e4ufe absolviert. Am Ende sollten es 13 Veranstaltungen und dazu der f\u00fcr die Vereinswertung mitentscheidende Staffelmarathon sein.<\/p>\n\n\n\n<p>F\u00fcr die Laufgruppe Schwerin absolvierten bisher 9 Sportler\/innen L\u00e4ufe und 3 davon kamen in die Wertung. Bei der F\u00fcnf-Seen-LG sieht die Quote gut aus, von 7 Teilnehmer\/innen schaffen es bereits 6 in den Ranglisten und von SISU Schwerin ist Anja Wittwer von 3 Teilnehmer\/innen mit dabei. In der Vereinswertung spiegelt sich dieses dann wie folgt wider: Mit 529 Punkten ist die F\u00fcnf-Seen-LG Siebenter. 259 Punkte hat die Laufgruppe Schwerin auf ihrem Konto und liegt damit auf dem 12. Platz. SISU Schwerin kommt auf 146 Punkte und hat den 17. Platz inne.<\/p>\n\n\n\n<figure class=\"wp-block-image size-large\"><img decoding=\"async\" src=\"https:\/\/mv-sport.de\/wp-content\/uploads\/2022\/08\/raupach-gajek-wittwer_c_christian-briesen.jpg\" alt=\"\"\/><figcaption>Die derzeit in ihren Altersklassen f\u00fchrenden J\u00fcrgen Raupach (links), Lothar Gajek (rechts) und die Gesamtsiebente Anja Wittwer | Foto: privat<\/figcaption><\/figure>\n\n\n\n<p>In der Gesamtwertung kann sich bisher nur Anja Wittwer platzieren und hat hier mit 72,5 Punkten nach 3 L\u00e4ufen als Achte eine sehr gute Ausgangsposition um ihren Gesamtsieg aus dem Vorjahr zu verteidigen. In der Altersklassenwertung liegt Anja Wittwer mit 73,5 Punkte als Dritte in ihrer W35 ebenfalls sehr gut im Rennen und der 7. Altersklassensieg seit 2015 in Folge ist im Bereich des Machbaren.<\/p>\n\n\n\n<p>Mit bisher 4 Siegen bei 4 Starts hat J\u00fcrgen Raupach von der F\u00fcnf-Seen-LG bei 100,5 Punkten die F\u00fchrung in seiner Altersklasse M80 inne und ist somit voll auf Kurs zum Altersklassensieg. Lothar Gajek von der Laufgruppe Schwerin hat bisher 6 L\u00e4ufe absolviert und damit stehen bei einem Streichwert 3 Siege und 2 zweite Pl\u00e4tze im Protokoll. Dieses ergibt derzeit bei 124 Punkten den 1. Platz in der M65. <\/p>\n\n\n\n<p>Einen zweiten Platz in ihrer W55 h\u00e4lt Kathrin Zander von der F\u00fcnf-Seen-LG nach 3 L\u00e4ufen mit 73,5 Punkten. Vereinskollegin Claudia Buchholz liegt nach 4 L\u00e4ufen bei 92,5 Punkten als Dritte ihrer W50 sehr gut im Rennen. Gleiches gilt f\u00fcr ihren Vereinskollegen Frank F\u00e4hnrich mit 86,5 Punkten nach 4 L\u00e4ufen auf Platz Drei der M60. Ebenfalls auf dem 3.Platz liegt Reinhard Czirpka (F\u00fcnf-Seen-LG ) durch 93,5 Punkte bei 4 L\u00e4ufen. Vierter in der M65 ist Udo Hanold (F\u00fcnf-Seen-LG ) mit 82,5 Punkte ebenfalls mit 4 L\u00e4ufen. Jeweils 3 L\u00e4ufe haben bisher Frank Tschersich und Christian Briesen von der Laufgruppe Schwerin absolviert. Frank Tschersich erreichte dabei 66,5 Punkte und ist F\u00fcnfter seiner Altersklasse M35. Christian Briesen kommt auf 68,5 Punkte und ist damit Siebenter seiner M55.<\/p>\n\n\n\n<p>Da noch 6 Einzell\u00e4ufe und der Staffelmarathon anstehen, kann das Feld noch m\u00e4chtig durchgew\u00fcrfelt werden und wer bisher noch nicht einen Wettkampf bestritten hat, kann am Ende triumphieren. Der Laufcup nimmt am 3. September mit dem 16. Warener Herbstlauf wieder Fahrt auf.<\/p>\n\n\n\n<p class=\"has-cyan-bluish-gray-color has-text-color\"><\/p>\n\n\n\n<figure class=\"wp-block-table has-small-font-size\"><table><tbody><tr><td><strong>Statistik<\/strong><\/td><td><\/td><td><\/td><td><\/td><td><\/td><\/tr><tr><td><\/td><td><strong>Teilnehmer\/innen<\/strong><\/td><td><strong>L\u00e4ufer\/innen in der Wertung<\/strong><\/td><td><strong>Platzierung<\/strong><\/td><td><strong>Gesamtpunkte<\/strong><\/td><\/tr><tr><td>F\u00fcnf-Seen-Lauf<\/td><td>7<\/td><td>6<\/td><td>7. Platz<\/td><td>529<\/td><\/tr><tr><td>Laufgruppe Schwerin e.V.<\/td><td>9<\/td><td>3<\/td><td>12. Platz<\/td><td>259<\/td><\/tr><tr><td>SISU Schwerin e.V.<\/td><td>3<\/td><td>1<\/td><td>17. Platz<\/td><td>146<br><\/td><\/tr><\/tbody><\/table><\/figure>\n\n\n\n<p><\/p>\n\n\n\n<p class=\"has-small-font-size\"><strong>Gesamtwertung<\/strong><br>8. Platz W35 Anja Wittwer (SISU Schwerin e.V.) 72,5 Punkte \/ 3 L\u00e4ufe<\/p>\n\n\n\n<figure class=\"wp-block-table has-small-font-size\"><table><tbody><tr><td><strong>Altersklassenwertungen<\/strong><\/td><td><\/td><td><\/td><td><\/td><\/tr><tr><td>1. Platz M65 <\/td><td>Lothar Gajek (Laufgruppe Schwerin)<\/td><td>124,0 Punkte<\/td><td>6 L\u00e4ufe<\/td><\/tr><tr><td>1. Platz M80 <\/td><td>J\u00fcrgen Raupach (F\u00fcnf-Seen-LG )<\/td><td>100,5 Punkte<\/td><td>4 L\u00e4ufe<\/td><\/tr><tr><td>2. Platz W55 <\/td><td>Kathrin Zander (F\u00fcnf-Seen-LG )<\/td><td>73,5 Punkte<\/td><td>3 L\u00e4ufe<\/td><\/tr><tr><td>3. Platz W35   <\/td><td>Anja Wittwer (SISU Schwerin e.V.)<\/td><td>73,5 Punkte <\/td><td>3 L\u00e4ufe<\/td><\/tr><tr><td>3. Platz W50 <\/td><td>Claudia Buchholz (F\u00fcnf-Seen-LG)<\/td><td>92,5 Punkte<\/td><td>4 L\u00e4ufe<\/td><\/tr><tr><td>3. Platz M60  <\/td><td>Frank F\u00e4hnrich (F\u00fcnf-Seen-LG)<\/td><td>86,5 Punkte<\/td><td>4 L\u00e4ufe<\/td><\/tr><tr><td>4. Platz M65   <\/td><td>Udo Hanold (F\u00fcnf-Seen-LG)<\/td><td>82,5 Punkte<\/td><td>4 L\u00e4ufe<\/td><\/tr><tr><td>3. Platz M70 <\/td><td>Reinhard Czirpka (F\u00fcnf-Seen-LG)<\/td><td>93,5 Punkte<\/td><td>4 L\u00e4ufe<\/td><\/tr><tr><td>5. Platz M35 <\/td><td>Tschersich (Laufgruppe Schwerin)<\/td><td>66,5 Punkte<\/td><td>3 L\u00e4ufe<\/td><\/tr><tr><td>7. Platz M55 <\/td><td>M55 Christian Briesen (Laufgruppe Schwerin)<\/td><td>68,5 Punkte<\/td><td>3 L\u00e4ufe<\/td><\/tr><\/tbody><\/table><\/figure>\n\n\n\n<p><\/p>\n\n\n\n<div class=\"wp-block-uagb-info-box uagb-block-6a45e6ed uagb-infobox__content-wrap  uagb-infobox-icon-above-title uagb-infobox-image-valign-top\"><div class=\"uagb-ifb-content\"><div class=\"uagb-ifb-icon-wrap\"><svg xmlns=\"https:\/\/www.w3.org\/2000\/svg\" viewBox=\"0 0 512 512\"><path d=\"M0 256C0 114.6 114.6 0 256 0C397.4 0 512 114.6 512 256C512 397.4 397.4 512 256 512C114.6 512 0 397.4 0 256zM371.8 211.8C382.7 200.9 382.7 183.1 371.8 172.2C360.9 161.3 343.1 161.3 332.2 172.2L224 280.4L179.8 236.2C168.9 225.3 151.1 225.3 140.2 236.2C129.3 247.1 129.3 264.9 140.2 275.8L204.2 339.8C215.1 350.7 232.9 350.7 243.8 339.8L371.8 211.8z\"><\/path><\/svg><\/div><div class=\"uagb-ifb-title-wrap\"><h3 class=\"uagb-ifb-title\">F\u00fcr die Wertungen gelten diese Kriterien:<\/h3><\/div><p class=\"uagb-ifb-desc\">Bei jedem Einzellauf erhalten die Klassensieger\/innen sowohl in der Gesamtwertung als auch in der AK-Wertung 25 Wertungspunkte, die Zweiten 24 usw. bis Platz 25 mit einem Wertungspunkt. Bei L\u00e4ufen, die gleichzeitig als Landesmeisterschaften ausge- schrieben sind, gibt es einen Punktzuschlag von jeweils 0,5 Punkten.<br><br>Der Laufcup-Endstand (AK- und Gesamteinzelwertung) ergibt sich aus der Addition der f\u00fcnf punktbesten Ergebnisse aller vom Aktiven angetretenen Einzell\u00e4ufe. In die Abschlusswertung (Gesamteinzelwertung und AK-Wertung) kommen alle Laufcupteilnehmer\/innen, die mindestens jeweils 60 Wertungspunkte erreicht haben. In der Laufcup-AK-Wertung kommen auch die Laufcupteilnehmer\/innen in die Abschlusswertung, die insgesamt weniger als 60 Punkte erreicht haben, aber bei mindestens 5 Einzell\u00e4ufen in die Punkter\u00e4nge gelaufen sind.<br>In die Vereinswertung gehen alle von den in der Abschlusswertung vertretenen Aktiven der jeweiligen Vereine erreichten Punkte (Altersklassen- und Gesamteinzelwertung) sowie die im Staffelwettbewerb erreichten Punkte ein.<\/p><\/div><\/div>\n\n\n\n<p class=\"has-cyan-bluish-gray-color has-text-color\"><em>Text: Lothar Gajek<\/em><\/p>\n","protected":false},"excerpt":{"rendered":"<p>Positives Zwischenfazit f\u00fcr Schweriner L\u00e4ufer und L\u00e4uferinnen Der Laufcup Mecklenburg-Vorpommern legt eine Sommerpause bis Anfang September ein, Zeit f\u00fcr ein Schweriner Zwischenfazit. Nachdem es 2020 keinen Laufcup Mecklenburg-Vorpommern gab und 2021 dann wenigstens eine \u201eabgespeckte\u201c L\u00f6sung, ist in diesem Jahr fast wieder Normalit\u00e4t eingetreten. Der Laufcup 2022 ist mit 3 Absagen holprig gestartet, jedoch wurden [&hellip;]<\/p>\n","protected":false},"author":2,"featured_media":128805,"comment_status":"closed","ping_status":"closed","sticky":false,"template":"","format":"standard","meta":{"_seopress_robots_primary_cat":"none","_seopress_titles_title":"","_seopress_titles_desc":"","_seopress_robots_index":"","_relevanssi_hide_post":"","_relevanssi_hide_content":"","_relevanssi_pin_for_all":"","_relevanssi_pin_keywords":"","_relevanssi_unpin_keywords":"","_relevanssi_related_keywords":"","_relevanssi_related_include_ids":"","_relevanssi_related_exclude_ids":"","_relevanssi_related_no_append":"","_relevanssi_related_not_related":"","_relevanssi_related_posts":"","_relevanssi_noindex_reason":"","_uag_custom_page_level_css":"","footnotes":""},"categories":[47],"tags":[],"ort":[1684],"class_list":{"0":"post-128797","1":"post","2":"type-post","3":"status-publish","4":"format-standard","5":"has-post-thumbnail","7":"category-laufsport","8":"ort-schwerin"},"featured_image_urls":{"medium":"https:\/\/mv-sport.de\/c\/wp-content\/uploads\/2022\/08\/raupach-gajek-wittwer_c_christian-briesen-600x600.jpg","medium_large":"https:\/\/mv-sport.de\/c\/wp-content\/uploads\/2022\/08\/raupach-gajek-wittwer_c_christian-briesen.jpg","large":"https:\/\/mv-sport.de\/c\/wp-content\/uploads\/2022\/08\/raupach-gajek-wittwer_c_christian-briesen.jpg","full":"https:\/\/mv-sport.de\/c\/wp-content\/uploads\/2022\/08\/raupach-gajek-wittwer_c_christian-briesen.jpg","alt":"","caption":"Die derzeit in ihren Altersklassen f\u00fchrenden J\u00fcrgen Raupach (links), Lothar Gajek (rechts) sowie die Gesamtachte Anja Wittwer (Foto: Christian Briesen)"},"spectra_custom_meta":{"_wpv_contains_gutenberg_views":[""],"_edit_lock":["1660899569:2"],"classic-editor-remember":["block-editor"],"_seopress_analysis_data":["a:19:{s:5:\"title\";s:57:\"Laufcup MV legt Sommerpause ein \ud83c\udfc3\u200d\u2640\ufe0f MV-Sport.de\";s:12:\"link_preview\";s:80:\"https:\/\/mv-sport.de\/laufcup-mv-legt-sommerpause-ein\/?no_admin_bar=1&preview=true\";s:9:\"meta_desc\";s:388:\"Positives Zwischenfazit f\u00fcr Schweriner L\u00e4ufer und L\u00e4uferinnen Der Laufcup Mecklenburg-Vorpommern legt eine Sommerpause bis Anfang September ein, Zeit f\u00fcr ein Schweriner Zwischenfazit. Nachdem es 2020 keinen Laufcup Mecklenburg-Vorpommern gab und 2021 dann wenigstens eine \u201eabgespeckte\u201c L\u00f6sung, ist in diesem Jahr fast wieder Normalit\u00e4t eingetreten. Der Laufcup 2022 ist mit 3\u2026\";s:8:\"og_title\";a:2:{s:5:\"count\";i:1;s:6:\"values\";a:1:{i:0;s:57:\"Laufcup MV legt Sommerpause ein \ud83c\udfc3\u200d\u2640\ufe0f MV-Sport.de\";}}s:7:\"og_desc\";a:2:{s:5:\"count\";i:1;s:6:\"values\";a:1:{i:0;s:388:\"Positives Zwischenfazit f\u00fcr Schweriner L\u00e4ufer und L\u00e4uferinnen Der Laufcup Mecklenburg-Vorpommern legt eine Sommerpause bis Anfang September ein, Zeit f\u00fcr ein Schweriner Zwischenfazit. Nachdem es 2020 keinen Laufcup Mecklenburg-Vorpommern gab und 2021 dann wenigstens eine \u201eabgespeckte\u201c L\u00f6sung, ist in diesem Jahr fast wieder Normalit\u00e4t eingetreten. Der Laufcup 2022 ist mit 3\u2026\";}}s:6:\"og_img\";a:2:{s:5:\"count\";i:1;s:6:\"values\";a:1:{i:0;s:92:\"https:\/\/mv-sport.de\/wp-content\/uploads\/2022\/08\/raupach-gajek-wittwer_c_christian-briesen.jpg\";}}s:6:\"og_url\";a:3:{s:5:\"count\";i:1;s:6:\"values\";a:1:{i:0;s:52:\"https:\/\/mv-sport.de\/laufcup-mv-legt-sommerpause-ein\/\";}s:4:\"host\";s:11:\"mv-sport.de\";}s:12:\"og_site_name\";a:2:{s:5:\"count\";i:1;s:6:\"values\";a:1:{i:0;s:72:\"MV-Sport.de - Sportvereine &amp; Sportnachrichten Mecklenburg-Vorpommern\";}}s:8:\"tw_title\";a:2:{s:5:\"count\";i:1;s:6:\"values\";a:1:{i:0;s:57:\"Laufcup MV legt Sommerpause ein \ud83c\udfc3\u200d\u2640\ufe0f MV-Sport.de\";}}s:7:\"tw_desc\";a:2:{s:5:\"count\";i:1;s:6:\"values\";a:1:{i:0;s:388:\"Positives Zwischenfazit f\u00fcr Schweriner L\u00e4ufer und L\u00e4uferinnen Der Laufcup Mecklenburg-Vorpommern legt eine Sommerpause bis Anfang September ein, Zeit f\u00fcr ein Schweriner Zwischenfazit. Nachdem es 2020 keinen Laufcup Mecklenburg-Vorpommern gab und 2021 dann wenigstens eine \u201eabgespeckte\u201c L\u00f6sung, ist in diesem Jahr fast wieder Normalit\u00e4t eingetreten. Der Laufcup 2022 ist mit 3\u2026\";}}s:6:\"tw_img\";a:2:{s:5:\"count\";i:1;s:6:\"values\";a:1:{i:0;s:92:\"https:\/\/mv-sport.de\/wp-content\/uploads\/2022\/08\/raupach-gajek-wittwer_c_christian-briesen.jpg\";}}s:9:\"canonical\";s:52:\"https:\/\/mv-sport.de\/laufcup-mv-legt-sommerpause-ein\/\";s:13:\"all_canonical\";a:1:{i:0;s:52:\"https:\/\/mv-sport.de\/laufcup-mv-legt-sommerpause-ein\/\";}s:2:\"h1\";a:1:{s:9:\"nomatches\";a:1:{s:5:\"count\";i:0;}}s:3:\"img\";a:1:{s:6:\"images\";a:2:{s:11:\"without_alt\";a:3:{i:0;s:92:\"https:\/\/mv-sport.de\/wp-content\/uploads\/2022\/08\/raupach-gajek-wittwer_c_christian-briesen.jpg\";i:1;s:68:\"https:\/\/mv-sport.de\/wp-content\/uploads\/2017\/05\/img_6811-1024x474.jpg\";i:2;s:74:\"https:\/\/mv-sport.de\/wp-content\/uploads\/2017\/05\/zwischenablage-444x1024.jpg\";}s:8:\"with_alt\";a:4:{i:0;s:71:\"https:\/\/mv-sport.de\/wp-content\/uploads\/2017\/05\/logo-mv-sport-290x60.png\";i:1;s:71:\"https:\/\/mv-sport.de\/wp-content\/uploads\/2017\/05\/logo-mv-sport-290x60.png\";i:2;s:92:\"https:\/\/mv-sport.de\/wp-content\/uploads\/2022\/08\/raupach-gajek-wittwer_c_christian-briesen.jpg\";i:3;s:46:\"https:\/\/c.ad-mv.de\/matomo.php?idsite=162&rec=1\";}}}s:11:\"meta_robots\";a:1:{i:0;a:1:{i:0;s:13:\"index, follow\";}}s:14:\"outbound_links\";a:3:{i:4;a:1:{s:34:\"https:\/\/www.facebook.com\/MVSportde\";s:0:\"\";}i:5;a:1:{s:29:\"https:\/\/twitter.com\/MVSportde\";s:0:\"\";}i:6;a:1:{s:37:\"https:\/\/www.instagram.com\/mv_sport.de\";s:0:\"\";}}s:13:\"words_counter\";i:683;s:20:\"words_counter_unique\";i:276;}"],"_edit_last":["2"],"xyz_fbap_future_to_publish":["a:3:{s:18:\"post_fb_permission\";i:1;s:18:\"xyz_fbap_po_method\";s:1:\"2\";s:16:\"xyz_fbap_message\";s:32:\"{POST_TITLE}\r\n{POST_EXCERPT} ...\";}"],"_seopress_pro_schemas_manual":["a:1:{i:0;a:1:{s:32:\"_seopress_pro_rich_snippets_type\";s:4:\"none\";}}"],"_seopress_titles_title":[""],"_seopress_titles_desc":[""],"_seopress_robots_canonical":[""],"_seopress_robots_primary_cat":["none"],"_seopress_robots_breadcrumbs":[""],"_seopress_social_fb_title":[""],"_seopress_social_fb_desc":[""],"_seopress_social_fb_img":[""],"_seopress_social_fb_img_attachment_id":[""],"_seopress_social_fb_img_width":[""],"_seopress_social_fb_img_height":[""],"_seopress_social_twitter_title":[""],"_seopress_social_twitter_desc":[""],"_seopress_social_twitter_img":[""],"_seopress_social_twitter_img_attachment_id":[""],"_seopress_social_twitter_img_width":[""],"_seopress_social_twitter_img_height":[""],"_seopress_redirections_type":["301"],"_seopress_redirections_value":[""],"_seopress_redirections_logged_status":["both"],"_thumbnail_id":["128805"],"xyz_fbap":["1"],"xyz_fbap_insert_og":["1"],"_seopress_analysis_target_kw":[""],"wp_schema_pro_optimized_structured_data":["<!-- Schema optimized by Schema Pro --><script type=\"application\/ld+json\">{\"@context\":\"https:\/\/schema.org\",\"@type\":\"NewsArticle\",\"mainEntityOfPage\":{\"@type\":\"WebPage\",\"@id\":\"https:\/\/mv-sport.de\/laufcup-mv-legt-sommerpause-ein\/\"},\"headline\":\"Laufcup MV legt Sommerpause ein\",\"image\":{\"@type\":\"ImageObject\",\"url\":\"https:\/\/mv-sport.de\/wp-content\/uploads\/2022\/08\/raupach-gajek-wittwer_c_christian-briesen.jpg\",\"width\":1024,\"height\":768},\"datePublished\":\"2022-08-19T10:59:26\",\"dateModified\":\"2022-08-19T10:59:27\",\"author\":{\"@type\":\"Person\",\"name\":\"MV-Sport.de\",\"url\":\"https:\/\/mv-sport.de\/author\/mv-sport-de\"},\"publisher\":{\"@type\":\"Organization\",\"name\":\"MV-Sport.de - Sportvereine &amp; Sportnachrichten Mecklenburg-Vorpommern\",\"logo\":{\"@type\":\"ImageObject\",\"url\":\"https:\/\/mv-sport.de\/wp-content\/uploads\/2017\/05\/logo-mv-sport-292x60.png\"}}}<\/script><!-- \/ Schema optimized by Schema Pro -->"],"__post_views_count":["12378"],"astra_style_timestamp_css":["1757580790"],"_uag_css_file_name":["uag-css-128797.css"],"_uagb_previous_block_counts":["a:90:{s:21:\"uagb\/advanced-heading\";i:0;s:15:\"uagb\/blockquote\";i:0;s:12:\"uagb\/buttons\";i:0;s:18:\"uagb\/buttons-child\";i:0;s:19:\"uagb\/call-to-action\";i:0;s:15:\"uagb\/cf7-styler\";i:0;s:11:\"uagb\/column\";i:0;s:12:\"uagb\/columns\";i:0;s:14:\"uagb\/container\";i:0;s:21:\"uagb\/content-timeline\";i:0;s:27:\"uagb\/content-timeline-child\";i:0;s:14:\"uagb\/countdown\";i:0;s:12:\"uagb\/counter\";i:0;s:8:\"uagb\/faq\";i:0;s:14:\"uagb\/faq-child\";i:0;s:10:\"uagb\/forms\";i:0;s:17:\"uagb\/forms-accept\";i:0;s:19:\"uagb\/forms-checkbox\";i:0;s:15:\"uagb\/forms-date\";i:0;s:16:\"uagb\/forms-email\";i:0;s:17:\"uagb\/forms-hidden\";i:0;s:15:\"uagb\/forms-name\";i:0;s:16:\"uagb\/forms-phone\";i:0;s:16:\"uagb\/forms-radio\";i:0;s:17:\"uagb\/forms-select\";i:0;s:19:\"uagb\/forms-textarea\";i:0;s:17:\"uagb\/forms-toggle\";i:0;s:14:\"uagb\/forms-url\";i:0;s:14:\"uagb\/gf-styler\";i:0;s:15:\"uagb\/google-map\";i:0;s:11:\"uagb\/how-to\";i:0;s:16:\"uagb\/how-to-step\";i:0;s:9:\"uagb\/icon\";i:0;s:14:\"uagb\/icon-list\";i:0;s:20:\"uagb\/icon-list-child\";i:0;s:10:\"uagb\/image\";i:0;s:18:\"uagb\/image-gallery\";i:0;s:13:\"uagb\/info-box\";i:1;s:18:\"uagb\/inline-notice\";i:0;s:11:\"uagb\/lottie\";i:0;s:21:\"uagb\/marketing-button\";i:0;s:10:\"uagb\/modal\";i:0;s:18:\"uagb\/popup-builder\";i:0;s:16:\"uagb\/post-button\";i:0;s:18:\"uagb\/post-carousel\";i:0;s:17:\"uagb\/post-excerpt\";i:0;s:14:\"uagb\/post-grid\";i:0;s:15:\"uagb\/post-image\";i:0;s:17:\"uagb\/post-masonry\";i:0;s:14:\"uagb\/post-meta\";i:0;s:18:\"uagb\/post-taxonomy\";i:0;s:18:\"uagb\/post-timeline\";i:0;s:15:\"uagb\/post-title\";i:0;s:20:\"uagb\/restaurant-menu\";i:0;s:26:\"uagb\/restaurant-menu-child\";i:0;s:11:\"uagb\/review\";i:0;s:12:\"uagb\/section\";i:0;s:14:\"uagb\/separator\";i:0;s:11:\"uagb\/slider\";i:0;s:17:\"uagb\/slider-child\";i:0;s:17:\"uagb\/social-share\";i:0;s:23:\"uagb\/social-share-child\";i:0;s:16:\"uagb\/star-rating\";i:0;s:23:\"uagb\/sure-cart-checkout\";i:0;s:22:\"uagb\/sure-cart-product\";i:0;s:15:\"uagb\/sure-forms\";i:0;s:22:\"uagb\/table-of-contents\";i:0;s:9:\"uagb\/tabs\";i:0;s:15:\"uagb\/tabs-child\";i:0;s:18:\"uagb\/taxonomy-list\";i:0;s:9:\"uagb\/team\";i:0;s:16:\"uagb\/testimonial\";i:0;s:14:\"uagb\/wp-search\";i:0;s:19:\"uagb\/instagram-feed\";i:0;s:10:\"uagb\/login\";i:0;s:17:\"uagb\/loop-builder\";i:0;s:18:\"uagb\/loop-category\";i:0;s:20:\"uagb\/loop-pagination\";i:0;s:15:\"uagb\/loop-reset\";i:0;s:16:\"uagb\/loop-search\";i:0;s:14:\"uagb\/loop-sort\";i:0;s:17:\"uagb\/loop-wrapper\";i:0;s:13:\"uagb\/register\";i:0;s:19:\"uagb\/register-email\";i:0;s:24:\"uagb\/register-first-name\";i:0;s:23:\"uagb\/register-last-name\";i:0;s:22:\"uagb\/register-password\";i:0;s:30:\"uagb\/register-reenter-password\";i:0;s:19:\"uagb\/register-terms\";i:0;s:22:\"uagb\/register-username\";i:0;}"],"_uagb_last_spectra_edit":["1776794548"],"_uag_page_assets":["a:9:{s:3:\"css\";s:13772:\".uagb-block-6a45e6ed .uagb-ifb-icon{width: 30px;line-height: 30px;}.uagb-block-6a45e6ed .uagb-ifb-icon > span{font-size: 30px;width: 30px;line-height: 30px;color: #333;}.uagb-block-6a45e6ed .uagb-ifb-icon svg{fill: #333;}.uagb-block-6a45e6ed.uagb-infobox__content-wrap .uagb-ifb-icon-wrap svg{width: 30px;height: 30px;line-height: 30px;font-size: 30px;color: #333;fill: #333;}.uagb-block-6a45e6ed .uagb-ifb-content .uagb-ifb-icon-wrap svg{line-height: 30px;font-size: 30px;color: #333;fill: #333;}.uagb-block-6a45e6ed .uagb-iconbox-icon-wrap{margin: auto;display: inline-flex;align-items: center;justify-content: center;box-sizing: content-box;width: 30px;height: 30px;line-height: 30px;padding-left: 0px;padding-right: 0px;padding-top: 0px;padding-bottom: 0px;}.uagb-block-6a45e6ed.uagb-infobox__content-wrap .uagb-ifb-icon-wrap > svg{padding-left: 0px;padding-right: 0px;padding-top: 0px;padding-bottom: 0px;}.uagb-block-6a45e6ed.uagb-infobox__content-wrap .uagb-ifb-content .uagb-ifb-icon-wrap > svg{padding-left: 0px;padding-right: 0px;padding-top: 0px;padding-bottom: 0px;}.uagb-block-6a45e6ed .uagb-ifb-content .uagb-ifb-left-title-image svg{width: 30px;line-height: 30px;font-size: 30px;color: #333;fill: #333;}.uagb-block-6a45e6ed .uagb-ifb-content .uagb-ifb-right-title-image svg{width: 30px;line-height: 30px;font-size: 30px;color: #333;fill: #333;}.uagb-block-6a45e6ed .uagb-infobox__content-wrap .uagb-ifb-imgicon-wrap{padding-left: 0px;padding-right: 0px;padding-top: 0px;padding-bottom: 0px;}.uagb-block-6a45e6ed .uagb-infobox .uagb-ifb-image-content img{border-radius: 0px;}.uagb-block-6a45e6ed.uagb-infobox__content-wrap img{padding-left: 0px;padding-right: 0px;padding-top: 0px;padding-bottom: 0px;border-radius: 0px;}.uagb-block-6a45e6ed.uagb-infobox__content-wrap .uagb-ifb-content .uagb-ifb-right-title-image > img{padding-left: 0px;padding-right: 0px;padding-top: 0px;padding-bottom: 0px;border-radius: 0px;}.uagb-block-6a45e6ed.uagb-infobox__content-wrap .uagb-ifb-content .uagb-ifb-left-title-image > img{padding-left: 0px;padding-right: 0px;padding-top: 0px;padding-bottom: 0px;border-radius: 0px;}.uagb-block-6a45e6ed.uagb-infobox__content-wrap .uagb-ifb-content > img{padding-left: 0px;padding-right: 0px;padding-top: 0px;padding-bottom: 0px;border-radius: 0px;}.uagb-block-6a45e6ed .uagb-ifb-title-wrap .uagb-ifb-title-prefix{margin-bottom: 10px;margin-top: 5px;}.uagb-block-6a45e6ed.wp-block-uagb-info-box .uagb-ifb-title{margin-bottom: 10px;}.uagb-block-6a45e6ed.wp-block-uagb-info-box .uagb-ifb-desc{margin-bottom: 20px;}.uagb-block-6a45e6ed .uagb-ifb-separator{width: 30%;border-top-width: 2px;border-top-color: #333;border-top-style: solid;margin-bottom: 0px;}.uagb-block-6a45e6ed .uagb-infobox__content-wrap .uagb-ifb-separator{width: 30%;border-top-width: 2px;border-top-color: #333;border-top-style: solid;}.uagb-block-6a45e6ed .uagb-ifb-align-icon-after{margin-left: 5px;}.uagb-block-6a45e6ed .uagb-ifb-align-icon-before{margin-right: 5px;}.uagb-block-6a45e6ed.uagb-infobox__content-wrap .uagb-ifb-content svg{box-sizing: content-box;}.uagb-block-6a45e6ed.uagb-infobox__content-wrap .uagb-ifb-content img{box-sizing: content-box;}.uagb-block-6a45e6ed .uagb-infobox__content-wrap{text-align: center;}.uagb-block-6a45e6ed.uagb-infobox-icon-above-title{text-align: center;}.uagb-block-6a45e6ed.uagb-infobox__content-wrap .uagb-infobox-cta-link > svg {margin-left: 5px;}[dir=rtl] .uagb-block-6a45e6ed .uagb-iconbox-icon-wrap{padding-right: 0px;padding-left: 0px;}[dir=rtl] .uagb-block-6a45e6ed.uagb-infobox__content-wrap .uagb-ifb-icon-wrap > svg{padding-right: 0px;padding-left: 0px;}[dir=rtl] .uagb-block-6a45e6ed.uagb-infobox__content-wrap .uagb-ifb-content .uagb-ifb-icon-wrap > svg{padding-right: 0px;padding-left: 0px;}[dir=rtl] .uagb-block-6a45e6ed.uagb-infobox__content-wrap img{padding-right: 0px;padding-left: 0px;}[dir=rtl] .uagb-block-6a45e6ed.uagb-infobox__content-wrap .uagb-ifb-content .uagb-ifb-right-title-image > img{padding-right: 0px;padding-left: 0px;}[dir=rtl] .uagb-block-6a45e6ed.uagb-infobox__content-wrap .uagb-ifb-content .uagb-ifb-left-title-image > img{padding-right: 0px;padding-left: 0px;}[dir=rtl] .uagb-block-6a45e6ed.uagb-infobox__content-wrap .uagb-ifb-content > img{padding-right: 0px;padding-left: 0px;}[dir=rtl] .uagb-block-6a45e6ed.uagb-infobox__content-wrap{text-align: center;}[dir=rtl] .uagb-block-6a45e6ed.uagb-infobox-icon-above-title{text-align: center;}[dir=rtl] .uagb-block-6a45e6ed.uagb-infobox__content-wrap .uagb-infobox-cta-link > svg{margin-right: 5px;margin-left: 0px;}@media only screen and (max-width: 976px) {.uagb-block-6a45e6ed.uagb-infobox__content-wrap .uagb-ifb-icon-wrap > svg{width: 30px;height: 30px;line-height: 30px;font-size: 30px;}.uagb-block-6a45e6ed.uagb-infobox__content-wrap .uagb-ifb-content .uagb-ifb-icon-wrap > svg{line-height: 30px;font-size: 30px;}.uagb-block-6a45e6ed.uagb-infobox__content-wrap .uagb-ifb-content img{box-sizing: content-box;}.uagb-block-6a45e6ed .uagb-ifb-icon{width: 30px;line-height: 30px;}.uagb-block-6a45e6ed .uagb-ifb-icon > span{font-size: 30px;width: 30px;line-height: 30px;}.uagb-block-6a45e6ed .uagb-iconbox-icon-wrap{width: 30px;height: 30px;line-height: 30px;}.uagb-block-6a45e6ed .uagb-ifb-content .uagb-ifb-left-title-image > svg{width: 30px;line-height: 30px;font-size: 30px;}.uagb-block-6a45e6ed .uagb-ifb-content .uagb-ifb-right-title-image > svg{width: 30px;line-height: 30px;font-size: 30px;}.uagb-block-6a45e6ed.uagb-infobox__content-wrap .uagb-infobox-cta-link > svg {margin-left: 5px;}[dir=rtl] .uagb-block-6a45e6ed.uagb-infobox__content-wrap .uagb-infobox-cta-link > svg{margin-right: 5px;margin-left: 0px;}}@media only screen and (max-width: 767px) {.uagb-block-6a45e6ed.uagb-infobox__content-wrap .uagb-ifb-icon-wrap > svg{width: 30px;height: 30px;line-height: 30px;font-size: 30px;}.uagb-block-6a45e6ed.uagb-infobox__content-wrap .uagb-ifb-content .uagb-ifb-icon-wrap > svg{line-height: 30px;font-size: 30px;}.uagb-block-6a45e6ed .uagb-ifb-content .uagb-ifb-left-title-image > svg{width: 30px;line-height: 30px;font-size: 30px;}.uagb-block-6a45e6ed .uagb-ifb-content .uagb-ifb-right-title-image > svg{width: 30px;line-height: 30px;font-size: 30px;}.uagb-block-6a45e6ed.uagb-infobox__content-wrap .uagb-ifb-content img{box-sizing: content-box;}.uagb-block-6a45e6ed .uagb-ifb-icon{width: 30px;line-height: 30px;}.uagb-block-6a45e6ed .uagb-ifb-icon > span{font-size: 30px;width: 30px;line-height: 30px;}.uagb-block-6a45e6ed .uagb-iconbox-icon-wrap{width: 30px;height: 30px;line-height: 30px;}.uagb-block-6a45e6ed.uagb-infobox__content-wrap .uagb-infobox-cta-link > svg {margin-left: 5px;}[dir=rtl] .uagb-block-6a45e6ed.uagb-infobox__content-wrap .uagb-infobox-cta-link > svg{margin-right: 5px;margin-left: 0px;}}.uagb-block-88f5875d.wp-block-uagb-image--layout-default figure img{box-shadow: 0px 0px 0 #00000070;}.uagb-block-88f5875d.wp-block-uagb-image .wp-block-uagb-image__figure figcaption{font-style: normal;align-self: center;}.uagb-block-88f5875d.wp-block-uagb-image--layout-overlay figure img{box-shadow: 0px 0px 0 #00000070;}.uagb-block-88f5875d.wp-block-uagb-image--layout-overlay .wp-block-uagb-image--layout-overlay__color-wrapper{opacity: 0.2;}.uagb-block-88f5875d.wp-block-uagb-image--layout-overlay .wp-block-uagb-image--layout-overlay__inner{left: 15px;right: 15px;top: 15px;bottom: 15px;}.uagb-block-88f5875d.wp-block-uagb-image--layout-overlay .wp-block-uagb-image--layout-overlay__inner .uagb-image-heading{font-style: normal;color: #fff;opacity: 1;}.uagb-block-88f5875d.wp-block-uagb-image--layout-overlay .wp-block-uagb-image--layout-overlay__inner .uagb-image-heading a{color: #fff;}.uagb-block-88f5875d.wp-block-uagb-image--layout-overlay .wp-block-uagb-image--layout-overlay__inner .uagb-image-caption{opacity: 0;}.uagb-block-88f5875d.wp-block-uagb-image--layout-overlay .wp-block-uagb-image__figure:hover .wp-block-uagb-image--layout-overlay__color-wrapper{opacity: 1;}.uagb-block-88f5875d.wp-block-uagb-image .wp-block-uagb-image--layout-overlay__inner .uagb-image-separator{width: 30%;border-top-width: 2px;border-top-color: #fff;opacity: 0;}.uagb-block-88f5875d.wp-block-uagb-image .wp-block-uagb-image__figure img{width: 297px;height: auto;}.uagb-block-88f5875d.wp-block-uagb-image .wp-block-uagb-image__figure:hover .wp-block-uagb-image--layout-overlay__inner .uagb-image-caption{opacity: 1;}.uagb-block-88f5875d.wp-block-uagb-image .wp-block-uagb-image__figure:hover .wp-block-uagb-image--layout-overlay__inner .uagb-image-separator{opacity: 1;}.uagb-block-88f5875d.wp-block-uagb-image--layout-default figure:hover img{box-shadow: 0px 0px 0 #00000070;}.uagb-block-88f5875d.wp-block-uagb-image--layout-overlay figure:hover img{box-shadow: 0px 0px 0 #00000070;}@media only screen and (max-width: 976px) {.uagb-block-88f5875d.wp-block-uagb-image .wp-block-uagb-image__figure img{width: 297px;height: auto;}}@media only screen and (max-width: 767px) {.uagb-block-88f5875d.wp-block-uagb-image .wp-block-uagb-image__figure img{width: 297px;height: auto;}}.uagb-block-b6c54374.wp-block-uagb-image{margin-top: 0px;margin-right: 0px;margin-bottom: 0px;margin-left: 0px;}.uagb-block-b6c54374.wp-block-uagb-image--layout-default figure img{box-shadow: 0px 0px 0 #00000070;}.uagb-block-b6c54374.wp-block-uagb-image .wp-block-uagb-image__figure figcaption{font-style: normal;align-self: center;}.uagb-block-b6c54374.wp-block-uagb-image--layout-overlay figure img{box-shadow: 0px 0px 0 #00000070;}.uagb-block-b6c54374.wp-block-uagb-image--layout-overlay .wp-block-uagb-image--layout-overlay__color-wrapper{opacity: 0.2;}.uagb-block-b6c54374.wp-block-uagb-image--layout-overlay .wp-block-uagb-image--layout-overlay__inner{left: 15px;right: 15px;top: 15px;bottom: 15px;}.uagb-block-b6c54374.wp-block-uagb-image--layout-overlay .wp-block-uagb-image--layout-overlay__inner .uagb-image-heading{font-style: normal;color: #fff;opacity: 1;}.uagb-block-b6c54374.wp-block-uagb-image--layout-overlay .wp-block-uagb-image--layout-overlay__inner .uagb-image-heading a{color: #fff;}.uagb-block-b6c54374.wp-block-uagb-image--layout-overlay .wp-block-uagb-image--layout-overlay__inner .uagb-image-caption{opacity: 0;}.uagb-block-b6c54374.wp-block-uagb-image--layout-overlay .wp-block-uagb-image__figure:hover .wp-block-uagb-image--layout-overlay__color-wrapper{opacity: 1;}.uagb-block-b6c54374.wp-block-uagb-image .wp-block-uagb-image--layout-overlay__inner .uagb-image-separator{width: 30%;border-top-width: 2px;border-top-color: #fff;opacity: 0;}.uagb-block-b6c54374.wp-block-uagb-image .wp-block-uagb-image__figure img{width: px;height: auto;}.uagb-block-b6c54374.wp-block-uagb-image .wp-block-uagb-image__figure:hover .wp-block-uagb-image--layout-overlay__inner .uagb-image-caption{opacity: 1;}.uagb-block-b6c54374.wp-block-uagb-image .wp-block-uagb-image__figure:hover .wp-block-uagb-image--layout-overlay__inner .uagb-image-separator{opacity: 1;}.uagb-block-b6c54374.wp-block-uagb-image--layout-default figure:hover img{box-shadow: 0px 0px 0 #00000070;}.uagb-block-b6c54374.wp-block-uagb-image--layout-overlay figure:hover img{box-shadow: 0px 0px 0 #00000070;}@media only screen and (max-width: 976px) {.uagb-block-b6c54374.wp-block-uagb-image .wp-block-uagb-image__figure img{width: px;height: auto;}}@media only screen and (max-width: 767px) {.uagb-block-b6c54374.wp-block-uagb-image .wp-block-uagb-image__figure img{width: px;height: auto;}}.uagb-block-2bdcf70c.wp-block-uagb-image{margin-top: 0px;margin-right: 0px;margin-bottom: 0px;margin-left: 0px;}.uagb-block-2bdcf70c.wp-block-uagb-image--layout-default figure img{box-shadow: 0px 0px 0 #00000070;}.uagb-block-2bdcf70c.wp-block-uagb-image .wp-block-uagb-image__figure figcaption{font-style: normal;align-self: center;}.uagb-block-2bdcf70c.wp-block-uagb-image--layout-overlay figure img{box-shadow: 0px 0px 0 #00000070;}.uagb-block-2bdcf70c.wp-block-uagb-image--layout-overlay .wp-block-uagb-image--layout-overlay__color-wrapper{opacity: 0.2;}.uagb-block-2bdcf70c.wp-block-uagb-image--layout-overlay .wp-block-uagb-image--layout-overlay__inner{left: 15px;right: 15px;top: 15px;bottom: 15px;}.uagb-block-2bdcf70c.wp-block-uagb-image--layout-overlay .wp-block-uagb-image--layout-overlay__inner .uagb-image-heading{font-style: normal;color: #fff;opacity: 1;}.uagb-block-2bdcf70c.wp-block-uagb-image--layout-overlay .wp-block-uagb-image--layout-overlay__inner .uagb-image-heading a{color: #fff;}.uagb-block-2bdcf70c.wp-block-uagb-image--layout-overlay .wp-block-uagb-image--layout-overlay__inner .uagb-image-caption{opacity: 0;}.uagb-block-2bdcf70c.wp-block-uagb-image--layout-overlay .wp-block-uagb-image__figure:hover .wp-block-uagb-image--layout-overlay__color-wrapper{opacity: 1;}.uagb-block-2bdcf70c.wp-block-uagb-image .wp-block-uagb-image--layout-overlay__inner .uagb-image-separator{width: 30%;border-top-width: 2px;border-top-color: #fff;opacity: 0;}.uagb-block-2bdcf70c.wp-block-uagb-image .wp-block-uagb-image__figure img{width: px;height: auto;}.uagb-block-2bdcf70c.wp-block-uagb-image .wp-block-uagb-image__figure:hover .wp-block-uagb-image--layout-overlay__inner .uagb-image-caption{opacity: 1;}.uagb-block-2bdcf70c.wp-block-uagb-image .wp-block-uagb-image__figure:hover .wp-block-uagb-image--layout-overlay__inner .uagb-image-separator{opacity: 1;}.uagb-block-2bdcf70c.wp-block-uagb-image--layout-default figure:hover img{box-shadow: 0px 0px 0 #00000070;}.uagb-block-2bdcf70c.wp-block-uagb-image--layout-overlay figure:hover img{box-shadow: 0px 0px 0 #00000070;}@media only screen and (max-width: 976px) {.uagb-block-2bdcf70c.wp-block-uagb-image .wp-block-uagb-image__figure img{width: px;height: auto;}}@media only screen and (max-width: 767px) {.uagb-block-2bdcf70c.wp-block-uagb-image .wp-block-uagb-image__figure img{width: px;height: auto;}}\";s:2:\"js\";s:0:\"\";s:18:\"current_block_list\";a:30:{i:0;s:10:\"core\/group\";i:2;s:24:\"core\/post-featured-image\";i:3;s:15:\"core\/post-title\";i:5;s:14:\"core\/post-date\";i:6;s:16:\"core\/post-author\";i:7;s:15:\"core\/post-terms\";i:8;s:17:\"core\/post-content\";i:9;s:14:\"core\/separator\";i:10;s:13:\"core\/comments\";i:11;s:19:\"core\/comments-title\";i:12;s:21:\"core\/comment-template\";i:15;s:11:\"core\/avatar\";i:16;s:24:\"core\/comment-author-name\";i:17;s:17:\"core\/comment-date\";i:18;s:20:\"core\/comment-content\";i:19;s:23:\"core\/comment-reply-link\";i:20;s:24:\"core\/comments-pagination\";i:21;s:33:\"core\/comments-pagination-previous\";i:22;s:32:\"core\/comments-pagination-numbers\";i:23;s:29:\"core\/comments-pagination-next\";i:24;s:23:\"core\/post-comments-form\";i:25;s:12:\"core\/heading\";i:26;s:14:\"core\/paragraph\";i:27;s:10:\"core\/image\";i:28;s:10:\"core\/table\";i:29;s:13:\"uagb\/info-box\";i:30;s:14:\"core\/tag-cloud\";i:31;s:12:\"core\/buttons\";i:32;s:11:\"core\/button\";i:33;s:10:\"uagb\/image\";}s:8:\"uag_flag\";b:1;s:11:\"uag_version\";s:10:\"1777469752\";s:6:\"gfonts\";a:0:{}s:10:\"gfonts_url\";s:0:\"\";s:12:\"gfonts_files\";a:0:{}s:14:\"uag_faq_layout\";b:0;}"]},"uagb_featured_image_src":{"full":["https:\/\/mv-sport.de\/c\/wp-content\/uploads\/2022\/08\/raupach-gajek-wittwer_c_christian-briesen.jpg",1024,768,false],"thumbnail":["https:\/\/mv-sport.de\/c\/wp-content\/uploads\/2022\/08\/raupach-gajek-wittwer_c_christian-briesen-150x150.jpg",150,150,true],"medium":["https:\/\/mv-sport.de\/c\/wp-content\/uploads\/2022\/08\/raupach-gajek-wittwer_c_christian-briesen-600x600.jpg",350,350,true],"medium_large":["https:\/\/mv-sport.de\/c\/wp-content\/uploads\/2022\/08\/raupach-gajek-wittwer_c_christian-briesen.jpg",768,576,false],"large":["https:\/\/mv-sport.de\/c\/wp-content\/uploads\/2022\/08\/raupach-gajek-wittwer_c_christian-briesen.jpg",1024,768,false],"1536x1536":["https:\/\/mv-sport.de\/c\/wp-content\/uploads\/2022\/08\/raupach-gajek-wittwer_c_christian-briesen.jpg",1024,768,false],"2048x2048":["https:\/\/mv-sport.de\/c\/wp-content\/uploads\/2022\/08\/raupach-gajek-wittwer_c_christian-briesen.jpg",1024,768,false],"ultp_layout_landscape_large":["https:\/\/mv-sport.de\/c\/wp-content\/uploads\/2022\/08\/raupach-gajek-wittwer_c_christian-briesen.jpg",1024,768,false],"ultp_layout_landscape":["https:\/\/mv-sport.de\/c\/wp-content\/uploads\/2022\/08\/raupach-gajek-wittwer_c_christian-briesen.jpg",760,570,false],"ultp_layout_portrait":["https:\/\/mv-sport.de\/c\/wp-content\/uploads\/2022\/08\/raupach-gajek-wittwer_c_christian-briesen.jpg",600,450,false],"ultp_layout_square":["https:\/\/mv-sport.de\/c\/wp-content\/uploads\/2022\/08\/raupach-gajek-wittwer_c_christian-briesen.jpg",600,450,false]},"uagb_author_info":{"display_name":"MV-Sport.de","author_link":"https:\/\/mv-sport.de\/c\/author\/mv-sport-de\/"},"uagb_comment_info":0,"uagb_excerpt":"Positives Zwischenfazit f\u00fcr Schweriner L\u00e4ufer und L\u00e4uferinnen Der Laufcup Mecklenburg-Vorpommern legt eine Sommerpause bis Anfang September ein, Zeit f\u00fcr ein Schweriner Zwischenfazit. Nachdem es 2020 keinen Laufcup Mecklenburg-Vorpommern gab und 2021 dann wenigstens eine \u201eabgespeckte\u201c L\u00f6sung, ist in diesem Jahr fast wieder Normalit\u00e4t eingetreten. Der Laufcup 2022 ist mit 3 Absagen holprig gestartet, jedoch wurden&hellip;","_links":{"self":[{"href":"https:\/\/mv-sport.de\/c\/wp-json\/wp\/v2\/posts\/128797","targetHints":{"allow":["GET"]}}],"collection":[{"href":"https:\/\/mv-sport.de\/c\/wp-json\/wp\/v2\/posts"}],"about":[{"href":"https:\/\/mv-sport.de\/c\/wp-json\/wp\/v2\/types\/post"}],"author":[{"embeddable":true,"href":"https:\/\/mv-sport.de\/c\/wp-json\/wp\/v2\/users\/2"}],"replies":[{"embeddable":true,"href":"https:\/\/mv-sport.de\/c\/wp-json\/wp\/v2\/comments?post=128797"}],"version-history":[{"count":0,"href":"https:\/\/mv-sport.de\/c\/wp-json\/wp\/v2\/posts\/128797\/revisions"}],"wp:featuredmedia":[{"embeddable":true,"href":"https:\/\/mv-sport.de\/c\/wp-json\/wp\/v2\/media\/128805"}],"wp:attachment":[{"href":"https:\/\/mv-sport.de\/c\/wp-json\/wp\/v2\/media?parent=128797"}],"wp:term":[{"taxonomy":"category","embeddable":true,"href":"https:\/\/mv-sport.de\/c\/wp-json\/wp\/v2\/categories?post=128797"},{"taxonomy":"post_tag","embeddable":true,"href":"https:\/\/mv-sport.de\/c\/wp-json\/wp\/v2\/tags?post=128797"},{"taxonomy":"ort","embeddable":true,"href":"https:\/\/mv-sport.de\/c\/wp-json\/wp\/v2\/ort?post=128797"}],"curies":[{"name":"wp","href":"https:\/\/api.w.org\/{rel}","templated":true}]}}