{"id":13522,"date":"2018-09-13T13:42:40","date_gmt":"2018-09-13T11:42:40","guid":{"rendered":"https:\/\/mv-sport.de\/?p=13522"},"modified":"2018-09-13T13:48:01","modified_gmt":"2018-09-13T11:48:01","slug":"speedway-gp-adi-schlaak-wir-sind-geruestet","status":"publish","type":"post","link":"https:\/\/mv-sport.de\/c\/speedway-gp-adi-schlaak-wir-sind-geruestet\/","title":{"rendered":"Speedway-GP. Adi Schlaak: &#8222;Wir sind ger\u00fcstet!&#8220;"},"content":{"rendered":"<h3><span style=\"color: #808080;\">Am 22. September kommt der Speedway-Grand-Prix zum dritten Mal nach Teterow. Hans-Werner Ruge sprach mit dem Organisationschef:<\/span><\/h3>\n<figure id=\"attachment_13523\" aria-describedby=\"caption-attachment-13523\" style=\"width: 300px\" class=\"wp-caption alignright\"><img loading=\"lazy\" decoding=\"async\" class=\"size-medium wp-image-13523\" src=\"https:\/\/mv-sport.de\/wp-content\/uploads\/2018\/09\/speedway-orga-chef-schlaak_c_hw-ruge-300x286.jpg\" alt=\"\" width=\"300\" height=\"286\" \/><figcaption id=\"caption-attachment-13523\" class=\"wp-caption-text\">Speedway Organisationschef Adi Schlaak &#8211; FOTO: HW Ruge<\/figcaption><\/figure>\n<p><strong>Herr Schlaak, wie ist der Stand der Vorbereitungen f\u00fcr den Jahresh\u00f6hepunkt?<\/strong><\/p>\n<p>Alle Arbeiten verlaufen planm\u00e4\u00dfig, wir sind ger\u00fcstet. In diesen Tagen wird mit dem Aufbau der Zusatztrib\u00fcnen sowie des Pressezentrums und der Arbeitsbereiche f\u00fcr die TV-Anstalten begonnen.<\/p>\n<p><strong>Gibt es weitere bauliche Ver\u00e4nderungen in der Arena?<\/strong><\/p>\n<p>In der Fahrerlagerkurve haben wir ein festes Plateau f\u00fcr ca. 20 Rollstuhlfahrer einschlie\u00dflich einer behindertengerechten Toilette errichtet. Hinter den mobilen Trib\u00fcnen wurde nach Fanhinweisen Platz f\u00fcr eine verbesserte Versorgung geschaffen und f\u00fcr die Medienvertreter konnten die digitalen Anschl\u00fcsse weiter verbessert werden.<\/p>\n<p><strong>Wieviele Offizielle werden am GP-Wochenende eigentlich in Teterow erwartet?<\/strong><\/p>\n<p>F\u00fcr den gesamten Tross mit Fahrern, Mechanikern, BSI-Funktion\u00e4ren und TV-Mitarbeitern m\u00fcssen ca. 180 Unterk\u00fcnfte bereitgestellt werden. Zus\u00e4tzlich sind etwa 60 ehrenamtliche Helfer aus der Region im Einsatz.<\/p>\n<p><strong>Kritisiert wurde von Besuchern in den Vorjahren das Mitnahmeverbot von Sitzgelegenheiten aus Sicherheitsgr\u00fcnden?<\/strong><\/p>\n<p>Wir haben auf Grund der Weitl\u00e4ufigkeit der Arena f\u00fcr dieses Jahr eine Ausnahmegenehmigung erwirkt, so dass Camping- und Klappst\u00fchle zul\u00e4ssig sind. Im Innenring des Bergrings gibt es zudem Campingm\u00f6glichkeiten f\u00fcr Wohnmobile von Freitag bis Sonntag.<\/p>\n<p><strong>Wie sieht der zeitliche Ablauf aus?<\/strong><\/p>\n<p>Bereits am Freitag findet von 17 bis 19 Uhr ein \u00f6ffentliches Training statt. der Kauf eines Programms gilt als Eintrittskarte. Am Sonnabend \u00f6ffnet die Fanzone vor dem Fahrerlager um 15 Uhr, um 17.10 Uhr gibt es hier eine Autogrammstunde. Die Arena \u00f6ffnet um 17 Uhr. Die Fahrerpr\u00e4sentation beginnt 18.45 Uhr. Ein H\u00f6henfeuerwerk beendet schlie\u00dflich den Renntag.<\/p>\n<p><strong>Wie k\u00f6nnen sich die anreisenden Fans orientieren?<\/strong><\/p>\n<p>Ausreichend Parkpl\u00e4tze befinden sich in unmittelbarer Umgebung der Arena. An allen Einfallstra\u00dfen sind Hinweise zum Park- und Leitsystem installiert. Au\u00dferdem gibt es an beiden Tagen einen Shuttle-Verkehr von der Stadt zur Rennstrecke.<\/p>\n<p><strong>Welche M\u00f6glichkeiten des Vorverkaufs haben die Fans noch?<\/strong><\/p>\n<p>Bis zum 20. September k\u00f6nnen Tickets noch erm\u00e4\u00dfigt online bei speedwaygp.com oder bei der Teterower Touristinformation erworben werden. F\u00fcr ADAC Mitglieder gibt es einen zus\u00e4tzlichen Rabatt von 20%.<\/p>\n<p><strong>Vielen Dank f\u00fcr das Gespr\u00e4ch und viel Erfolg!<\/strong><\/p>\n","protected":false},"excerpt":{"rendered":"<p>Am 22. September kommt der Speedway-Grand-Prix zum dritten Mal nach Teterow. Hans-Werner Ruge sprach mit dem Organisationschef: Herr Schlaak, wie ist der Stand der Vorbereitungen f\u00fcr den Jahresh\u00f6hepunkt? Alle Arbeiten verlaufen planm\u00e4\u00dfig, wir sind ger\u00fcstet. In diesen Tagen wird mit dem Aufbau der Zusatztrib\u00fcnen sowie des Pressezentrums und der Arbeitsbereiche f\u00fcr die TV-Anstalten begonnen. Gibt [&hellip;]<\/p>\n","protected":false},"author":2,"featured_media":13523,"comment_status":"open","ping_status":"open","sticky":false,"template":"","format":"standard","meta":{"_seopress_robots_primary_cat":"","_seopress_titles_title":"","_seopress_titles_desc":"","_seopress_robots_index":"","_relevanssi_hide_post":"","_relevanssi_hide_content":"","_relevanssi_pin_for_all":"","_relevanssi_pin_keywords":"","_relevanssi_unpin_keywords":"","_relevanssi_related_keywords":"","_relevanssi_related_include_ids":"","_relevanssi_related_exclude_ids":"","_relevanssi_related_no_append":"","_relevanssi_related_not_related":"","_relevanssi_related_posts":"","_relevanssi_noindex_reason":"","_uag_custom_page_level_css":"","footnotes":""},"categories":[70],"tags":[],"ort":[],"class_list":{"0":"post-13522","1":"post","2":"type-post","3":"status-publish","4":"format-standard","5":"has-post-thumbnail","7":"category-motorsport"},"featured_image_urls":{"medium":"https:\/\/mv-sport.de\/c\/wp-content\/uploads\/2018\/09\/speedway-orga-chef-schlaak_c_hw-ruge-600x600.jpg","medium_large":"https:\/\/mv-sport.de\/c\/wp-content\/uploads\/2018\/09\/speedway-orga-chef-schlaak_c_hw-ruge.jpg","large":"https:\/\/mv-sport.de\/c\/wp-content\/uploads\/2018\/09\/speedway-orga-chef-schlaak_c_hw-ruge.jpg","full":"https:\/\/mv-sport.de\/c\/wp-content\/uploads\/2018\/09\/speedway-orga-chef-schlaak_c_hw-ruge.jpg","alt":"","caption":"Speedway Organisationschef Adi Schlaak - FOTO: HW Ruge"},"spectra_custom_meta":{"uab_option":["yes"],"uab_meta_position":["default"],"_extra_rating_average":["0"],"_edit_lock":["1536843629:2"],"_edit_last":["2"],"_thumbnail_id":["13523"],"_et_pb_use_builder":[""],"_et_builder_version":["BB|Divi|3.14"],"_et_pb_ab_stats_refresh_interval":["hourly"],"_et_pb_old_content":[""],"_et_pb_enable_shortcode_tracking":[""],"_et_pb_custom_css":[""],"_yoast_wpseo_primary_category":["70"],"_post_review_box_title":["Review"],"_post_review_box_summary":[""],"_post_review_box_summary_title":["Summary"],"_post_review_box_breakdowns_score":["0"],"_post_review_box_breakdowns_count":["1"],"_post_review_box_breakdowns":["a:1:{i:0;a:2:{s:5:\"title\";s:0:\"\";s:6:\"rating\";i:0;}}"],"_extra_sidebar_location":[""],"_extra_sidebar":[""],"post_views_count":["745"],"xyz_fbap":["1"],"xyz_fbap_insert_og":["0"],"wp_schema_pro_optimized_structured_data":["<!-- Schema optimized by Schema Pro --><script type=\"application\/ld+json\">{\"@context\":\"https:\/\/schema.org\",\"@type\":\"NewsArticle\",\"mainEntityOfPage\":{\"@type\":\"WebPage\",\"@id\":\"https:\/\/mv-sport.de\/speedway-gp-adi-schlaak-wir-sind-geruestet\/\"},\"headline\":\"Speedway-GP. Adi Schlaak: \\\"Wir sind ger\u00fcstet!\\\"\",\"image\":{\"@type\":\"ImageObject\",\"url\":\"https:\/\/mv-sport.de\/wp-content\/uploads\/2018\/09\/speedway-orga-chef-schlaak_c_hw-ruge.jpg\",\"width\":1000,\"height\":954},\"datePublished\":\"2018-09-13T13:42:40\",\"dateModified\":\"2018-09-13T13:48:01\",\"author\":{\"@type\":\"Person\",\"name\":\"MV-Sport.de\",\"url\":\"https:\/\/mv-sport.de\/author\/mv-sport-de\"},\"publisher\":{\"@type\":\"Organization\",\"name\":\"MV-Sport.de - Sportvereine &amp; Sportnachrichten Mecklenburg-Vorpommern\",\"logo\":{\"@type\":\"ImageObject\",\"url\":\"https:\/\/mv-sport.de\/wp-content\/uploads\/2017\/05\/logo-mv-sport-292x60.png\"}}}<\/script><!-- \/ Schema optimized by Schema Pro -->"],"__post_views_count":["934"],"astra_style_timestamp_css":["1757485391"],"_uag_css_file_name":["uag-css-13522.css"],"_uag_page_assets":["a:9:{s:3:\"css\";s:7010:\".uagb-block-88f5875d.wp-block-uagb-image--layout-default figure img{box-shadow: 0px 0px 0 #00000070;}.uagb-block-88f5875d.wp-block-uagb-image .wp-block-uagb-image__figure figcaption{font-style: normal;align-self: center;}.uagb-block-88f5875d.wp-block-uagb-image--layout-overlay figure img{box-shadow: 0px 0px 0 #00000070;}.uagb-block-88f5875d.wp-block-uagb-image--layout-overlay .wp-block-uagb-image--layout-overlay__color-wrapper{opacity: 0.2;}.uagb-block-88f5875d.wp-block-uagb-image--layout-overlay .wp-block-uagb-image--layout-overlay__inner{left: 15px;right: 15px;top: 15px;bottom: 15px;}.uagb-block-88f5875d.wp-block-uagb-image--layout-overlay .wp-block-uagb-image--layout-overlay__inner .uagb-image-heading{font-style: normal;color: #fff;opacity: 1;}.uagb-block-88f5875d.wp-block-uagb-image--layout-overlay .wp-block-uagb-image--layout-overlay__inner .uagb-image-heading a{color: #fff;}.uagb-block-88f5875d.wp-block-uagb-image--layout-overlay .wp-block-uagb-image--layout-overlay__inner .uagb-image-caption{opacity: 0;}.uagb-block-88f5875d.wp-block-uagb-image--layout-overlay .wp-block-uagb-image__figure:hover .wp-block-uagb-image--layout-overlay__color-wrapper{opacity: 1;}.uagb-block-88f5875d.wp-block-uagb-image .wp-block-uagb-image--layout-overlay__inner .uagb-image-separator{width: 30%;border-top-width: 2px;border-top-color: #fff;opacity: 0;}.uagb-block-88f5875d.wp-block-uagb-image .wp-block-uagb-image__figure img{width: 297px;height: auto;}.uagb-block-88f5875d.wp-block-uagb-image .wp-block-uagb-image__figure:hover .wp-block-uagb-image--layout-overlay__inner .uagb-image-caption{opacity: 1;}.uagb-block-88f5875d.wp-block-uagb-image .wp-block-uagb-image__figure:hover .wp-block-uagb-image--layout-overlay__inner .uagb-image-separator{opacity: 1;}.uagb-block-88f5875d.wp-block-uagb-image--layout-default figure:hover img{box-shadow: 0px 0px 0 #00000070;}.uagb-block-88f5875d.wp-block-uagb-image--layout-overlay figure:hover img{box-shadow: 0px 0px 0 #00000070;}@media only screen and (max-width: 976px) {.uagb-block-88f5875d.wp-block-uagb-image .wp-block-uagb-image__figure img{width: 297px;height: auto;}}@media only screen and (max-width: 767px) {.uagb-block-88f5875d.wp-block-uagb-image .wp-block-uagb-image__figure img{width: 297px;height: auto;}}.uagb-block-b6c54374.wp-block-uagb-image{margin-top: 0px;margin-right: 0px;margin-bottom: 0px;margin-left: 0px;}.uagb-block-b6c54374.wp-block-uagb-image--layout-default figure img{box-shadow: 0px 0px 0 #00000070;}.uagb-block-b6c54374.wp-block-uagb-image .wp-block-uagb-image__figure figcaption{font-style: normal;align-self: center;}.uagb-block-b6c54374.wp-block-uagb-image--layout-overlay figure img{box-shadow: 0px 0px 0 #00000070;}.uagb-block-b6c54374.wp-block-uagb-image--layout-overlay .wp-block-uagb-image--layout-overlay__color-wrapper{opacity: 0.2;}.uagb-block-b6c54374.wp-block-uagb-image--layout-overlay .wp-block-uagb-image--layout-overlay__inner{left: 15px;right: 15px;top: 15px;bottom: 15px;}.uagb-block-b6c54374.wp-block-uagb-image--layout-overlay .wp-block-uagb-image--layout-overlay__inner .uagb-image-heading{font-style: normal;color: #fff;opacity: 1;}.uagb-block-b6c54374.wp-block-uagb-image--layout-overlay .wp-block-uagb-image--layout-overlay__inner .uagb-image-heading a{color: #fff;}.uagb-block-b6c54374.wp-block-uagb-image--layout-overlay .wp-block-uagb-image--layout-overlay__inner .uagb-image-caption{opacity: 0;}.uagb-block-b6c54374.wp-block-uagb-image--layout-overlay .wp-block-uagb-image__figure:hover .wp-block-uagb-image--layout-overlay__color-wrapper{opacity: 1;}.uagb-block-b6c54374.wp-block-uagb-image .wp-block-uagb-image--layout-overlay__inner .uagb-image-separator{width: 30%;border-top-width: 2px;border-top-color: #fff;opacity: 0;}.uagb-block-b6c54374.wp-block-uagb-image .wp-block-uagb-image__figure img{width: px;height: auto;}.uagb-block-b6c54374.wp-block-uagb-image .wp-block-uagb-image__figure:hover .wp-block-uagb-image--layout-overlay__inner .uagb-image-caption{opacity: 1;}.uagb-block-b6c54374.wp-block-uagb-image .wp-block-uagb-image__figure:hover .wp-block-uagb-image--layout-overlay__inner .uagb-image-separator{opacity: 1;}.uagb-block-b6c54374.wp-block-uagb-image--layout-default figure:hover img{box-shadow: 0px 0px 0 #00000070;}.uagb-block-b6c54374.wp-block-uagb-image--layout-overlay figure:hover img{box-shadow: 0px 0px 0 #00000070;}@media only screen and (max-width: 976px) {.uagb-block-b6c54374.wp-block-uagb-image .wp-block-uagb-image__figure img{width: px;height: auto;}}@media only screen and (max-width: 767px) {.uagb-block-b6c54374.wp-block-uagb-image .wp-block-uagb-image__figure img{width: px;height: auto;}}.uagb-block-2bdcf70c.wp-block-uagb-image{margin-top: 0px;margin-right: 0px;margin-bottom: 0px;margin-left: 0px;}.uagb-block-2bdcf70c.wp-block-uagb-image--layout-default figure img{box-shadow: 0px 0px 0 #00000070;}.uagb-block-2bdcf70c.wp-block-uagb-image .wp-block-uagb-image__figure figcaption{font-style: normal;align-self: center;}.uagb-block-2bdcf70c.wp-block-uagb-image--layout-overlay figure img{box-shadow: 0px 0px 0 #00000070;}.uagb-block-2bdcf70c.wp-block-uagb-image--layout-overlay .wp-block-uagb-image--layout-overlay__color-wrapper{opacity: 0.2;}.uagb-block-2bdcf70c.wp-block-uagb-image--layout-overlay .wp-block-uagb-image--layout-overlay__inner{left: 15px;right: 15px;top: 15px;bottom: 15px;}.uagb-block-2bdcf70c.wp-block-uagb-image--layout-overlay .wp-block-uagb-image--layout-overlay__inner .uagb-image-heading{font-style: normal;color: #fff;opacity: 1;}.uagb-block-2bdcf70c.wp-block-uagb-image--layout-overlay .wp-block-uagb-image--layout-overlay__inner .uagb-image-heading a{color: #fff;}.uagb-block-2bdcf70c.wp-block-uagb-image--layout-overlay .wp-block-uagb-image--layout-overlay__inner .uagb-image-caption{opacity: 0;}.uagb-block-2bdcf70c.wp-block-uagb-image--layout-overlay .wp-block-uagb-image__figure:hover .wp-block-uagb-image--layout-overlay__color-wrapper{opacity: 1;}.uagb-block-2bdcf70c.wp-block-uagb-image .wp-block-uagb-image--layout-overlay__inner .uagb-image-separator{width: 30%;border-top-width: 2px;border-top-color: #fff;opacity: 0;}.uagb-block-2bdcf70c.wp-block-uagb-image .wp-block-uagb-image__figure img{width: px;height: auto;}.uagb-block-2bdcf70c.wp-block-uagb-image .wp-block-uagb-image__figure:hover .wp-block-uagb-image--layout-overlay__inner .uagb-image-caption{opacity: 1;}.uagb-block-2bdcf70c.wp-block-uagb-image .wp-block-uagb-image__figure:hover .wp-block-uagb-image--layout-overlay__inner .uagb-image-separator{opacity: 1;}.uagb-block-2bdcf70c.wp-block-uagb-image--layout-default figure:hover img{box-shadow: 0px 0px 0 #00000070;}.uagb-block-2bdcf70c.wp-block-uagb-image--layout-overlay figure:hover img{box-shadow: 0px 0px 0 #00000070;}@media only screen and (max-width: 976px) {.uagb-block-2bdcf70c.wp-block-uagb-image .wp-block-uagb-image__figure img{width: px;height: auto;}}@media only screen and (max-width: 767px) {.uagb-block-2bdcf70c.wp-block-uagb-image .wp-block-uagb-image__figure img{width: px;height: auto;}}\";s:2:\"js\";s:0:\"\";s:18:\"current_block_list\";a:28:{i:0;s:10:\"core\/group\";i:2;s:24:\"core\/post-featured-image\";i:3;s:15:\"core\/post-title\";i:5;s:14:\"core\/post-date\";i:6;s:16:\"core\/post-author\";i:7;s:15:\"core\/post-terms\";i:8;s:17:\"core\/post-content\";i:9;s:14:\"core\/separator\";i:10;s:13:\"core\/comments\";i:11;s:19:\"core\/comments-title\";i:12;s:21:\"core\/comment-template\";i:15;s:11:\"core\/avatar\";i:16;s:24:\"core\/comment-author-name\";i:17;s:17:\"core\/comment-date\";i:18;s:20:\"core\/comment-content\";i:19;s:23:\"core\/comment-reply-link\";i:20;s:24:\"core\/comments-pagination\";i:21;s:33:\"core\/comments-pagination-previous\";i:22;s:32:\"core\/comments-pagination-numbers\";i:23;s:29:\"core\/comments-pagination-next\";i:24;s:23:\"core\/post-comments-form\";i:25;s:14:\"core\/tag-cloud\";i:26;s:12:\"core\/heading\";i:27;s:14:\"core\/paragraph\";i:28;s:12:\"core\/buttons\";i:29;s:11:\"core\/button\";i:30;s:10:\"uagb\/image\";i:31;s:10:\"core\/image\";}s:8:\"uag_flag\";b:1;s:11:\"uag_version\";s:10:\"1777499733\";s:6:\"gfonts\";a:0:{}s:10:\"gfonts_url\";s:0:\"\";s:12:\"gfonts_files\";a:0:{}s:14:\"uag_faq_layout\";b:0;}"]},"uagb_featured_image_src":{"full":["https:\/\/mv-sport.de\/c\/wp-content\/uploads\/2018\/09\/speedway-orga-chef-schlaak_c_hw-ruge.jpg",1000,954,false],"thumbnail":["https:\/\/mv-sport.de\/c\/wp-content\/uploads\/2018\/09\/speedway-orga-chef-schlaak_c_hw-ruge-150x150.jpg",150,150,true],"medium":["https:\/\/mv-sport.de\/c\/wp-content\/uploads\/2018\/09\/speedway-orga-chef-schlaak_c_hw-ruge-600x600.jpg",350,350,true],"medium_large":["https:\/\/mv-sport.de\/c\/wp-content\/uploads\/2018\/09\/speedway-orga-chef-schlaak_c_hw-ruge.jpg",768,733,false],"large":["https:\/\/mv-sport.de\/c\/wp-content\/uploads\/2018\/09\/speedway-orga-chef-schlaak_c_hw-ruge.jpg",1000,954,false],"1536x1536":["https:\/\/mv-sport.de\/c\/wp-content\/uploads\/2018\/09\/speedway-orga-chef-schlaak_c_hw-ruge.jpg",1000,954,false],"2048x2048":["https:\/\/mv-sport.de\/c\/wp-content\/uploads\/2018\/09\/speedway-orga-chef-schlaak_c_hw-ruge.jpg",1000,954,false],"ultp_layout_landscape_large":["https:\/\/mv-sport.de\/c\/wp-content\/uploads\/2018\/09\/speedway-orga-chef-schlaak_c_hw-ruge.jpg",839,800,false],"ultp_layout_landscape":["https:\/\/mv-sport.de\/c\/wp-content\/uploads\/2018\/09\/speedway-orga-chef-schlaak_c_hw-ruge.jpg",597,570,false],"ultp_layout_portrait":["https:\/\/mv-sport.de\/c\/wp-content\/uploads\/2018\/09\/speedway-orga-chef-schlaak_c_hw-ruge.jpg",600,572,false],"ultp_layout_square":["https:\/\/mv-sport.de\/c\/wp-content\/uploads\/2018\/09\/speedway-orga-chef-schlaak_c_hw-ruge.jpg",600,572,false]},"uagb_author_info":{"display_name":"MV-Sport.de","author_link":"https:\/\/mv-sport.de\/c\/author\/mv-sport-de\/"},"uagb_comment_info":0,"uagb_excerpt":"Am 22. September kommt der Speedway-Grand-Prix zum dritten Mal nach Teterow. Hans-Werner Ruge sprach mit dem Organisationschef: Herr Schlaak, wie ist der Stand der Vorbereitungen f\u00fcr den Jahresh\u00f6hepunkt? Alle Arbeiten verlaufen planm\u00e4\u00dfig, wir sind ger\u00fcstet. In diesen Tagen wird mit dem Aufbau der Zusatztrib\u00fcnen sowie des Pressezentrums und der Arbeitsbereiche f\u00fcr die TV-Anstalten begonnen. Gibt&hellip;","_links":{"self":[{"href":"https:\/\/mv-sport.de\/c\/wp-json\/wp\/v2\/posts\/13522","targetHints":{"allow":["GET"]}}],"collection":[{"href":"https:\/\/mv-sport.de\/c\/wp-json\/wp\/v2\/posts"}],"about":[{"href":"https:\/\/mv-sport.de\/c\/wp-json\/wp\/v2\/types\/post"}],"author":[{"embeddable":true,"href":"https:\/\/mv-sport.de\/c\/wp-json\/wp\/v2\/users\/2"}],"replies":[{"embeddable":true,"href":"https:\/\/mv-sport.de\/c\/wp-json\/wp\/v2\/comments?post=13522"}],"version-history":[{"count":0,"href":"https:\/\/mv-sport.de\/c\/wp-json\/wp\/v2\/posts\/13522\/revisions"}],"wp:featuredmedia":[{"embeddable":true,"href":"https:\/\/mv-sport.de\/c\/wp-json\/wp\/v2\/media\/13523"}],"wp:attachment":[{"href":"https:\/\/mv-sport.de\/c\/wp-json\/wp\/v2\/media?parent=13522"}],"wp:term":[{"taxonomy":"category","embeddable":true,"href":"https:\/\/mv-sport.de\/c\/wp-json\/wp\/v2\/categories?post=13522"},{"taxonomy":"post_tag","embeddable":true,"href":"https:\/\/mv-sport.de\/c\/wp-json\/wp\/v2\/tags?post=13522"},{"taxonomy":"ort","embeddable":true,"href":"https:\/\/mv-sport.de\/c\/wp-json\/wp\/v2\/ort?post=13522"}],"curies":[{"name":"wp","href":"https:\/\/api.w.org\/{rel}","templated":true}]}}