{"id":13539,"date":"2018-09-16T14:21:02","date_gmt":"2018-09-16T12:21:02","guid":{"rendered":"https:\/\/mv-sport.de\/?p=13539"},"modified":"2018-09-17T11:52:21","modified_gmt":"2018-09-17T09:52:21","slug":"ruder-wm-2018","status":"publish","type":"post","link":"https:\/\/mv-sport.de\/c\/ruder-wm-2018\/","title":{"rendered":"Wieder WM-Gold f\u00fcr Deutschland-Achter"},"content":{"rendered":"<h3><span style=\"color: #808080;\"><span style=\"font-family: Arial, sans-serif;\"><span style=\"font-size: medium;\">Erneuter Weltmeistertitel f\u00fcr das deutsche Flaggschiff mit dem Mecklenburger Hannes Ocik<\/span><\/span><\/span><\/h3>\n<figure id=\"attachment_1203\" aria-describedby=\"caption-attachment-1203\" style=\"width: 300px\" class=\"wp-caption alignright\"><a href=\"https:\/\/mv-sport.de\/wp-content\/uploads\/2017\/05\/hannesociksn.jpg\"><img loading=\"lazy\" decoding=\"async\" class=\"size-medium wp-image-1203\" src=\"https:\/\/mv-sport.de\/wp-content\/uploads\/2017\/05\/hannesociksn-300x224.jpg\" alt=\"\" width=\"300\" height=\"224\" \/><\/a><figcaption id=\"caption-attachment-1203\" class=\"wp-caption-text\">Hannes Ocik, der MV-Erfolgsruderer. Foto: M.M.<\/figcaption><\/figure>\n<p><span style=\"color: #000000;\"><span style=\"font-family: Arial, sans-serif;\"><span style=\"font-size: medium;\">Am letzten Wettkampftag der Ruder-Weltmeisterschaften in Plovdiv (10.9.18-16.9.18) hat der Deutschland-Achter seinen WM-Titel erfolgreich verteidigt. Sowohl Oliver Zeidler als auch Annekatrin Thiele wurden Sechste im Einer, der M\u00e4nner-Doppelzweier ruderte auf den f\u00fcnften Rang und Sylvia Pille-Steppat wurde Vierte im Para-Einer-Finale. Damit hat der DRV als Dritter der Gesamtwertung insgesamt f\u00fcnf Medaillen (dreimal Gold, einmal Silber und einmal Bronze) bei der diesj\u00e4hrigen WM geholt \u2013 drei davon in den nichtolympischen Bootsklassen. Die meisten WM-Medaillen in Plowdiw gewannen die USA mit zehn, darunter auch dreimal Gold. Italien sicherte sich drei WM-Titel. Insgesamt holten 28 L\u00e4nder Medaillen, darunter 16 Nationen eine oder mehrere <\/span><\/span><\/span><span style=\"color: #000000;\"><span style=\"font-family: Arial, sans-serif;\"><span style=\"font-size: medium;\">Goldmedaillen.<\/span><\/span><\/span><\/p>\n<p><span style=\"color: #000000;\"><span style=\"font-family: Arial, sans-serif;\"><span style=\"font-size: medium;\">An den Wettk\u00e4mpfen nahmen auch zwei Ruderinnen und vier Ruderer aus MV teil. Bei den Frauen Marie-Louise Dr\u00e4ger (einst ORC Rostock, jetzt Schweriner RG) im Leichtgewichts-Einer und Frauke Hacker (fr\u00fcher RRC, jetzt ORC Rostock) im Vierer ohne. Das Herren-Quartett bestand neben dem geb\u00fcrtigen Rostocker Hannes Ocik (Schweriner RG) aus Stephan Kr\u00fcger (ehemals ORC Rostock, jetzt Frankfurter RG &#8222;Germania&#8220; von 1869) im Doppelvierer, Felix Drahotta (fr\u00fcher Rostocker RC von 1885, jetzt Bayer Leverkusen) im Vierer ohne und Marcus Klemp (Ribnitzer SV) im Para-Rudern. Neben Hannes Ocik erreichte nur Felix Drahotta das A-Finale, wo er schlie\u00dflich Platz Sechs erreichte.<\/span><\/span><\/span><\/p>\n<p>&nbsp;<\/p>\n<hr \/>\n<p><strong>Zum Herren-Achter&#8230;<\/strong><\/p>\n<p><span style=\"color: #808080;\">PM: DRV, Judith Garbe, DRV:<\/span><\/p>\n<p><span style=\"color: #000000;\"><span style=\"font-family: Arial, sans-serif;\"><span style=\"font-size: medium;\">Aufgrund des angek\u00fcndigten Windes hatte das FISA-Fairness-Committee im Vorfeld der Finals die Bahnen neu verteilt.<\/span><\/span><\/span><\/p>\n<p><span style=\"color: #000000;\"><span style=\"font-family: Arial, sans-serif;\"><span style=\"font-size: medium;\">Der Deutschland-Achter ging auf Bahn f\u00fcnf ins Rennen. Johannes Wei\u00dfenfeld (Ruderclub &#8218;Westfalen&#8216;\u00a0 1929 e.V. Herdecke), Felix Wimberger (Passauer Ruderverein von 1874 e.V.), Maximilian Planer (Bernburger Ruderclub e.V.), Torben Johannesen (Ruder-Club Favorite Hammonia), Jakob Schneider (Ruderklub am Baldeneysee e.V.), Malte Jakschik (Ruderverein Rauxel von 1922 e.V.), Richard Schmidt (Ruderverein &#8218;Treviris 1921&#8216; e.V.), Schlagmann Hannes Ocik (Schweriner Rudergesellschaft von 1874\/75 e.V.) und Steuermann Martin Sauer (Berliner RC) hatten sich fest vorgenommen, ihren Titel zu verteidigen.<\/span><\/span><\/span><\/p>\n<p><span style=\"color: #000000;\"><span style=\"font-family: Arial, sans-serif;\"><span style=\"font-size: medium;\">Und so gingen die Jungs von Trainer Uwe Bender das Rennen auch an. Nach einem z\u00fcgigen Start konnte sich das DRV-Flaggschiff schnell einige Meter von der Konkurrenz l\u00f6sen und lag nach 500 m knapp eine Sekunde vor den Australiern und Briten. Auf der zweiten Teilstrecke konnte das deutsche Boot seinen Vorsprung verdoppeln und als F\u00fchrender auf die zweite Streckenh\u00e4lfte gehen. Das Boot aus Gro\u00dfbritannien auf der Au\u00dfenbahn versuchte, die L\u00fccke etwas zu schlie\u00dfen, doch die Deutschen hielten dagegen. Angefeuert von den Zuschauern auf der ausverkauften Trib\u00fcne ging es auf die letzten 500 m. Mit ihrer Erfahrung und Abgekl\u00e4rtheit ruderte das DRV-Flaggschiff den Sieg souver\u00e4n ins Ziel &#8211; vor Australien, Gro\u00dfbritannien, den USA, Italien und Rum\u00e4nien.<\/span><\/span><\/span><\/p>\n<p><span style=\"color: #000000;\">\u201e<span style=\"font-family: Arial, sans-serif;\"><span style=\"font-size: medium;\">Wir hatten uns vorgenommen, vorne stramm und z\u00fcgig rauszufahren und dem Rennen als Titelverteidiger schnell unseren Stempel aufzudr\u00fccken. Das hat auf den ersten 1.000 m auch gut geklappt. Unser Steuermann Martin Sauer hat schon vor dem Rennen gesagt, dass die dritten 500 m die Entscheidenden sind \u2013 das haben wir dann auch gut gel\u00f6st. Am Ende haben dann die Briten noch einmal versucht, uns anzugreifen, aber das hat nicht geklappt. Jetzt sind wir einfach super happy \u00fcber die Goldmedaille\u201c, freut sich Schlagmann der geb\u00fcrtige Rostocker Hannes Ocik, der f\u00fcr die Schweriner Rudergesellschaft startet, nach dem Rennen.<\/span><\/span><\/span><\/p>\n<hr \/>\n<p>&nbsp;<\/p>\n<h2>Interview<\/h2>\n<p><strong><span style=\"color: #000000;\"><span style=\"font-family: Arial, sans-serif;\"><span style=\"font-size: medium;\">Christian Kohlhof, Vorsitzender der Schweriner Rudergesellschaft, \u00fcber den Erfolg von Hannes Ocik und das WM-Resultat von Marie-Louise Dr\u00e4ger<\/span><\/span><\/span><\/strong><\/p>\n<p><em><span style=\"color: #000000;\">\u201e<span style=\"font-family: Arial, sans-serif;\"><span style=\"font-size: medium;\">Der Deutschland-Achter ist derzeit das Ma\u00df aller Dinge&#8230;\u201c<\/span><\/span><\/span><\/em><\/p>\n<p><span style=\"color: #000000;\"><span style=\"font-family: Arial, sans-serif;\"><span style=\"font-size: medium;\"><strong>Frage: <\/strong>Der Deutschland-Achter hat seinen Titel verteidigt. Wie beurteilen Sie die WM-Entscheidung?<\/span><\/span><\/span><\/p>\n<p><span style=\"color: #000000;\"><span style=\"font-family: Arial, sans-serif;\"><span style=\"font-size: medium;\"><strong>Christian Kohlhof:<\/strong> Das war ein super Rennen. Es wird schon daran deutlich, dass die ersten vier Boote alle binnen zwei Sekunden \u00fcber die Ziellinie gefahren sind. Der Deutschland-Achter mit Hannes ist aber zur Zeit das Ma\u00df aller Dinge, und wir freuen uns sehr, dass Hannes Ocik Teil dieses Teams ist.<\/span><\/span><\/span><\/p>\n<p><span style=\"color: #000000;\"><span style=\"font-family: Arial, sans-serif;\"><span style=\"font-size: medium;\"><strong>Frage:<\/strong> Was zeichnet Hannes Ocik aus?<\/span><\/span><\/span><\/p>\n<p><span style=\"color: #000000;\"><span style=\"font-family: Arial, sans-serif;\"><span style=\"font-size: medium;\"><strong>Christian Kohlhof:<\/strong> Rudern ist Team-Sport, insofern ist Hannes\u2019 Leistung im Boot nicht nur aus sportlicher Hinsicht entscheidend, sondern auch, was das Gemeinschaftsgef\u00fchl angeht. Und da macht dem Deutschland-Achter so schnell keiner was vor.<\/span><\/span><\/span><\/p>\n<p><span style=\"color: #000000;\"><span style=\"font-family: Arial, sans-serif;\"><span style=\"font-size: medium;\"><strong>Frage:<\/strong> Kurz auch ein paar Worte zur Wahl-Schwerinerin\u00a0 Marie Dr\u00e4ger, die in Plowdiw im leichten Frauen-Einer startete&#8230;<\/span><\/span><\/span><\/p>\n<p><span style=\"color: #000000;\"><span style=\"font-family: Arial, sans-serif;\"><span style=\"font-size: medium;\"><strong>Christian Kohlhof:<\/strong> Sie hat es nur ins Finale B geschafft, was sehr schade ist. Diese Saison war nicht optimal, Stichwort EM. Wir sind sicher, dass Marie bald wieder ganz vorn mitfahren kann.<\/span><\/span><\/span><\/p>\n<p><strong><span style=\"color: #000000;\"><span style=\"font-family: Arial, sans-serif;\"><span style=\"font-size: medium;\">Vielen Dank!<\/span><\/span><\/span><\/strong><\/p>\n<p><em><span style=\"color: #000000;\"><span style=\"font-family: Arial, sans-serif;\"><span style=\"font-size: medium;\">M.M.<\/span><\/span><\/span><\/em><\/p>\n<hr \/>\n<hr \/>\n<p>&nbsp;<\/p>\n<h2><span style=\"color: #808080;\">Historisches zum Rudersport<\/span><\/h2>\n<p><strong><span style=\"color: #808080;\">Blick zum olympischen Herren-Achter aus M-V-Sicht<\/span><\/strong><\/p>\n<p><span style=\"color: #808080;\">Aus M-V-Blickwinkel konnten bislang vierzehn Ruderer olympisches Edelmetall in der K\u00f6nigsdisziplin erringen, so Werner Klatt, Hans-Joachim L\u00fcck, Ulrich Karnatz (2 x), Karl-Heinz Prud\u00f6hl, Karl-Heinz Danielowski, Ulrich Kons, Karl-Heinz Groddeck (2 x), Klaus Aeffke, Hans-J\u00fcrgen Wallbrecht, Peter Thiede, Manfred Schneider, Hans Sennewald, Felix Drahotta und Hannes Ocik.<\/span><\/p>\n<p><span style=\"color: #808080;\">Goldene Momente erlebte 1960 in Rom Karl-Heinrich von Groddeck (<\/span><span style=\"color: #808080;\">Ratzeburger RC) &#8211;<\/span><span style=\"color: #808080;\"> d<\/span><span style=\"color: #808080;\">as erste Achter-Gold f\u00fcr Deutschland, seinerzeit vor Kanada und der Tschechoslowakei. <\/span><span style=\"color: #808080;\">In Tokyo 1964 folgte f\u00fcr den geb\u00fcrtigen Tutower (Vorpommern) Silber, u.a. zusammen mit <\/span><span style=\"color: #808080;\">dem geb\u00fcrtigen Neustrelitzer Klaus Aeffke und dem in<\/span><span style=\"color: #808080;\"> Neubrandenburg geborenen <\/span><span style=\"color: #808080;\">Hans-J\u00fcrgen Wallbrecht (beide ebenfalls f\u00fcr den Ratzeburger RC startend) &#8211; auf Platz eins ruderte sich das US-Team. Sein erstes Olympia-Silber sicherte sich von Groddek \u00fcbrigens schon 1956, mit der gesamtdeutschen Mannschaft im &#8218;Zweier mit&#8216;.<br \/>\n<\/span><\/p>\n<p><span style=\"color: #808080;\">In Montreal 1976 jubelten gleich f\u00fcnf Ruderer vom ASK Vorw\u00e4rts Rostock \u00fcber Gold: Werner Klatt, Hans-Joachim L\u00fcck, Ulrich Karnatz, Karl-Heinz Prud\u00f6hl und Karl-Heinz Danielowski. Der DDR-Achter verwies damals Gro\u00dfbritannien auf Platz zwei. <\/span><span style=\"color: #808080;\">Vier Jahre sp\u00e4ter, in Moskau 1980, waren wieder zwei Ruderer des ASK Vorw\u00e4rts Rostock am Achter-Gold der DDR beteiligt: erneut Ulrich Karnatz und zudem Ulrich Kons. Wieder wurde Gro\u00dfbritannien auf Rang zwei distanziert.<\/span><\/p>\n<p><span style=\"color: #808080;\">Weitere olympische Medaillen gewannen 1972 der geb\u00fcrtige Schweriner Manfred Schneider (SC Dynamo Berlin &#8211; Bronze mit dem DDR-Team), 1992 Hans Sennewald (Olympischer Ruder-Club von 1956 Rostock &#8211; Bronze im BRD-Boot) und 1996 der geb\u00fcrtige Ueckerm\u00fcnder Peter Thiede (unter anderem ASK Vorw\u00e4rts Rostock, Olympischer Ruder-Club von 1956 Rostock, RC Hansa Dortmund &#8211; Silber mit der vereinten deutschen Mannschaft).<\/span><\/p>\n<p><em><span style=\"color: #808080;\">Die Entscheidung von Rio 2016<\/span><\/em><\/p>\n<p><span style=\"color: #808080;\">Bei den vorerst letzten Olympischen Spielen 2016 in Rio konnten <\/span><span style=\"color: #808080;\">&#8222;zwei Neue&#8220; aus M-V, also die &#8222;Nummern 13 und 14&#8220;, Edelmetall errudern &#8211;<\/span><span style=\"color: #808080;\"> und zwar der geb\u00fcrtige Rostocker Hannes Ocik (Schweriner Rudergesellschaft) und der geb\u00fcrtige Bad Doberaner Felix Drahotta (fr\u00fcher Rostocker Ruder-Club von 1885, jetzt Bayer Leverkusen).<\/span><\/p>\n<p><strong><span style=\"color: #808080;\">Die weltmeisterlichen Achter-Regatten der Herren<\/span><\/strong><\/p>\n<p><span style=\"color: #808080;\">Zwischen den ersten Ruder-WM 1962 in Luzern und den vorerst Letzten 2018 in Plowdiw triumphierten die Deutschen Achter insgesamt achtzehnmal.\u00a0 An den Goldenen waren elfmal Ruderer aus M-V beteiligt. Als sich das (west-)deutsche Boot &#8217;62 den ersten Titel sicherte waren mit an Bort Klaus Aeffke, Hans-J\u00fcrgen Wallbrecht und Karl-Heinrich von Groddeck.<br \/>\n<\/span><\/p>\n<p><span style=\"color: #808080;\">Besonders erfolgreich war der geb\u00fcrtige Rostocker Ulrich Karnatz (ASK Vorw\u00e4rts Rostock). Er avancierte zum vierfachen Weltmeister (1975, 1977, 1978 und 1979) und zweifachen Olympiasieger (1976 in Montreal und 1980 in Moskau). D<\/span><span style=\"color: #808080;\">er geb\u00fcrtige Ueckerm\u00fcnder Peter Thiede (bis 1992 ASK Vorw\u00e4rts Rostock\/ORC Rostock) wurde in der K\u00f6nigsklasse dreimal Weltmeister (1993, 1995 und 2006). Bei viermaliger Teilnahme an Olympischen Spielen (1992 im Zweier mit, 1996, 2004 und 2008 im Achter) sprang jedoch nur einmal Edelmetall heraus: Silber &#8217;96).<\/span><\/p>\n<p><span style=\"color: #808080;\">Die aktuellsten WM-Goldenen f\u00fcr M-V sicherte sicherte 2017 und 2018 Hannes Ocik (Schweriner Rudergesellschaft).<\/span><\/p>\n<p><span style=\"color: #808080;\">Insgesamt wurden zwischen der ersten WM \u00fcberhaupt (1962 in Luzern) und der vorerst letzten Welttitelk\u00e4mpfen (2018 in Plowdiw) 37 Entscheidungen im Herren-Achter ausgetragen. Hinter Deutschland mit 18 Titeln rangieren die USA (sieben Titel), Gro\u00dfbritannien bzw. Kanada (jeweils drei Titel), Neuseeland bzw. die Sowjetunion (jeweils zwei Titel) und Australien bzw. Rum\u00e4nien (je ein Titel).<\/span><\/p>\n<p>&nbsp;<\/p>\n<p><em><span style=\"color: #808080;\">M.Michels<\/span><\/em><\/p>\n<p>&nbsp;<\/p>\n","protected":false},"excerpt":{"rendered":"<p>Erneuter Weltmeistertitel f\u00fcr das deutsche Flaggschiff mit dem Mecklenburger Hannes Ocik Am letzten Wettkampftag der Ruder-Weltmeisterschaften in Plovdiv (10.9.18-16.9.18) hat der Deutschland-Achter seinen WM-Titel erfolgreich verteidigt. Sowohl Oliver Zeidler als auch Annekatrin Thiele wurden Sechste im Einer, der M\u00e4nner-Doppelzweier ruderte auf den f\u00fcnften Rang und Sylvia Pille-Steppat wurde Vierte im Para-Einer-Finale. Damit hat der DRV [&hellip;]<\/p>\n","protected":false},"author":3,"featured_media":1203,"comment_status":"open","ping_status":"open","sticky":false,"template":"","format":"standard","meta":{"_seopress_robots_primary_cat":"","_seopress_titles_title":"","_seopress_titles_desc":"","_seopress_robots_index":"","_relevanssi_hide_post":"","_relevanssi_hide_content":"","_relevanssi_pin_for_all":"","_relevanssi_pin_keywords":"","_relevanssi_unpin_keywords":"","_relevanssi_related_keywords":"","_relevanssi_related_include_ids":"","_relevanssi_related_exclude_ids":"","_relevanssi_related_no_append":"","_relevanssi_related_not_related":"","_relevanssi_related_posts":"","_relevanssi_noindex_reason":"","_uag_custom_page_level_css":"","footnotes":""},"categories":[27],"tags":[],"ort":[],"class_list":{"0":"post-13539","1":"post","2":"type-post","3":"status-publish","4":"format-standard","5":"has-post-thumbnail","7":"category-rudern"},"featured_image_urls":{"medium":"https:\/\/mv-sport.de\/c\/wp-content\/uploads\/2017\/05\/hannesociksn.jpg","medium_large":"https:\/\/mv-sport.de\/c\/wp-content\/uploads\/2017\/05\/hannesociksn.jpg","large":"https:\/\/mv-sport.de\/c\/wp-content\/uploads\/2017\/05\/hannesociksn.jpg","full":"https:\/\/mv-sport.de\/c\/wp-content\/uploads\/2017\/05\/hannesociksn.jpg","alt":"","caption":"Hannes Ocik, der MV-Erfolgsruderer. Foto: M.M."},"spectra_custom_meta":{"uab_option":["yes"],"uab_meta_position":["default"],"_extra_rating_average":["0"],"_edit_lock":["1537177999:2"],"_edit_last":["2"],"_et_pb_use_builder":[""],"_et_builder_version":["BB|Divi|3.14"],"_et_pb_old_content":[""],"_et_pb_custom_css":[""],"_yoast_wpseo_primary_category":["27"],"_post_review_box_title":["Review"],"_post_review_box_summary":[""],"_post_review_box_summary_title":["Summary"],"_post_review_box_breakdowns_score":["0"],"_post_review_box_breakdowns_count":["1"],"_post_review_box_breakdowns":["a:1:{i:0;a:2:{s:5:\"title\";s:0:\"\";s:6:\"rating\";i:0;}}"],"_extra_sidebar_location":[""],"_extra_sidebar":[""],"post_views_count":["899"],"_thumbnail_id":["1203"],"_wp_old_date":["2018-09-17"],"_post_extra_featured_image_hide_single":["1"],"_et_pb_ab_stats_refresh_interval":["hourly"],"_et_pb_enable_shortcode_tracking":[""],"wp_schema_pro_optimized_structured_data":["<!-- Schema optimized by Schema Pro --><script type=\"application\/ld+json\">{\"@context\":\"https:\/\/schema.org\",\"@type\":\"NewsArticle\",\"mainEntityOfPage\":{\"@type\":\"WebPage\",\"@id\":\"https:\/\/mv-sport.de\/ruder-wm-2018\/\"},\"headline\":\"Wieder WM-Gold f\u00fcr Deutschland-Achter\",\"image\":{\"@type\":\"ImageObject\",\"url\":\"https:\/\/mv-sport.de\/wp-content\/uploads\/2017\/05\/hannesociksn.jpg\",\"width\":484,\"height\":361},\"datePublished\":\"2018-09-16T14:21:02\",\"dateModified\":\"2018-09-17T11:52:21\",\"author\":{\"@type\":\"Person\",\"name\":\"Marko Michels\",\"url\":\"https:\/\/mv-sport.de\/author\/marko-michels\"},\"publisher\":{\"@type\":\"Organization\",\"name\":\"MV-Sport.de - Sportvereine &amp; Sportnachrichten Mecklenburg-Vorpommern\",\"logo\":{\"@type\":\"ImageObject\",\"url\":\"https:\/\/mv-sport.de\/wp-content\/uploads\/2017\/05\/logo-mv-sport-292x60.png\"}}}<\/script><!-- \/ Schema optimized by Schema Pro -->"],"__post_views_count":["987"],"astra_style_timestamp_css":["1757418681"],"_uag_css_file_name":["uag-css-13539.css"],"_uag_page_assets":["a:9:{s:3:\"css\";s:7010:\".uagb-block-88f5875d.wp-block-uagb-image--layout-default figure img{box-shadow: 0px 0px 0 #00000070;}.uagb-block-88f5875d.wp-block-uagb-image .wp-block-uagb-image__figure figcaption{font-style: normal;align-self: center;}.uagb-block-88f5875d.wp-block-uagb-image--layout-overlay figure img{box-shadow: 0px 0px 0 #00000070;}.uagb-block-88f5875d.wp-block-uagb-image--layout-overlay .wp-block-uagb-image--layout-overlay__color-wrapper{opacity: 0.2;}.uagb-block-88f5875d.wp-block-uagb-image--layout-overlay .wp-block-uagb-image--layout-overlay__inner{left: 15px;right: 15px;top: 15px;bottom: 15px;}.uagb-block-88f5875d.wp-block-uagb-image--layout-overlay .wp-block-uagb-image--layout-overlay__inner .uagb-image-heading{font-style: normal;color: #fff;opacity: 1;}.uagb-block-88f5875d.wp-block-uagb-image--layout-overlay .wp-block-uagb-image--layout-overlay__inner .uagb-image-heading a{color: #fff;}.uagb-block-88f5875d.wp-block-uagb-image--layout-overlay .wp-block-uagb-image--layout-overlay__inner .uagb-image-caption{opacity: 0;}.uagb-block-88f5875d.wp-block-uagb-image--layout-overlay .wp-block-uagb-image__figure:hover .wp-block-uagb-image--layout-overlay__color-wrapper{opacity: 1;}.uagb-block-88f5875d.wp-block-uagb-image .wp-block-uagb-image--layout-overlay__inner .uagb-image-separator{width: 30%;border-top-width: 2px;border-top-color: #fff;opacity: 0;}.uagb-block-88f5875d.wp-block-uagb-image .wp-block-uagb-image__figure img{width: 297px;height: auto;}.uagb-block-88f5875d.wp-block-uagb-image .wp-block-uagb-image__figure:hover .wp-block-uagb-image--layout-overlay__inner .uagb-image-caption{opacity: 1;}.uagb-block-88f5875d.wp-block-uagb-image .wp-block-uagb-image__figure:hover .wp-block-uagb-image--layout-overlay__inner .uagb-image-separator{opacity: 1;}.uagb-block-88f5875d.wp-block-uagb-image--layout-default figure:hover img{box-shadow: 0px 0px 0 #00000070;}.uagb-block-88f5875d.wp-block-uagb-image--layout-overlay figure:hover img{box-shadow: 0px 0px 0 #00000070;}@media only screen and (max-width: 976px) {.uagb-block-88f5875d.wp-block-uagb-image .wp-block-uagb-image__figure img{width: 297px;height: auto;}}@media only screen and (max-width: 767px) {.uagb-block-88f5875d.wp-block-uagb-image .wp-block-uagb-image__figure img{width: 297px;height: auto;}}.uagb-block-b6c54374.wp-block-uagb-image{margin-top: 0px;margin-right: 0px;margin-bottom: 0px;margin-left: 0px;}.uagb-block-b6c54374.wp-block-uagb-image--layout-default figure img{box-shadow: 0px 0px 0 #00000070;}.uagb-block-b6c54374.wp-block-uagb-image .wp-block-uagb-image__figure figcaption{font-style: normal;align-self: center;}.uagb-block-b6c54374.wp-block-uagb-image--layout-overlay figure img{box-shadow: 0px 0px 0 #00000070;}.uagb-block-b6c54374.wp-block-uagb-image--layout-overlay .wp-block-uagb-image--layout-overlay__color-wrapper{opacity: 0.2;}.uagb-block-b6c54374.wp-block-uagb-image--layout-overlay .wp-block-uagb-image--layout-overlay__inner{left: 15px;right: 15px;top: 15px;bottom: 15px;}.uagb-block-b6c54374.wp-block-uagb-image--layout-overlay .wp-block-uagb-image--layout-overlay__inner .uagb-image-heading{font-style: normal;color: #fff;opacity: 1;}.uagb-block-b6c54374.wp-block-uagb-image--layout-overlay .wp-block-uagb-image--layout-overlay__inner .uagb-image-heading a{color: #fff;}.uagb-block-b6c54374.wp-block-uagb-image--layout-overlay .wp-block-uagb-image--layout-overlay__inner .uagb-image-caption{opacity: 0;}.uagb-block-b6c54374.wp-block-uagb-image--layout-overlay .wp-block-uagb-image__figure:hover .wp-block-uagb-image--layout-overlay__color-wrapper{opacity: 1;}.uagb-block-b6c54374.wp-block-uagb-image .wp-block-uagb-image--layout-overlay__inner .uagb-image-separator{width: 30%;border-top-width: 2px;border-top-color: #fff;opacity: 0;}.uagb-block-b6c54374.wp-block-uagb-image .wp-block-uagb-image__figure img{width: px;height: auto;}.uagb-block-b6c54374.wp-block-uagb-image .wp-block-uagb-image__figure:hover .wp-block-uagb-image--layout-overlay__inner .uagb-image-caption{opacity: 1;}.uagb-block-b6c54374.wp-block-uagb-image .wp-block-uagb-image__figure:hover .wp-block-uagb-image--layout-overlay__inner .uagb-image-separator{opacity: 1;}.uagb-block-b6c54374.wp-block-uagb-image--layout-default figure:hover img{box-shadow: 0px 0px 0 #00000070;}.uagb-block-b6c54374.wp-block-uagb-image--layout-overlay figure:hover img{box-shadow: 0px 0px 0 #00000070;}@media only screen and (max-width: 976px) {.uagb-block-b6c54374.wp-block-uagb-image .wp-block-uagb-image__figure img{width: px;height: auto;}}@media only screen and (max-width: 767px) {.uagb-block-b6c54374.wp-block-uagb-image .wp-block-uagb-image__figure img{width: px;height: auto;}}.uagb-block-2bdcf70c.wp-block-uagb-image{margin-top: 0px;margin-right: 0px;margin-bottom: 0px;margin-left: 0px;}.uagb-block-2bdcf70c.wp-block-uagb-image--layout-default figure img{box-shadow: 0px 0px 0 #00000070;}.uagb-block-2bdcf70c.wp-block-uagb-image .wp-block-uagb-image__figure figcaption{font-style: normal;align-self: center;}.uagb-block-2bdcf70c.wp-block-uagb-image--layout-overlay figure img{box-shadow: 0px 0px 0 #00000070;}.uagb-block-2bdcf70c.wp-block-uagb-image--layout-overlay .wp-block-uagb-image--layout-overlay__color-wrapper{opacity: 0.2;}.uagb-block-2bdcf70c.wp-block-uagb-image--layout-overlay .wp-block-uagb-image--layout-overlay__inner{left: 15px;right: 15px;top: 15px;bottom: 15px;}.uagb-block-2bdcf70c.wp-block-uagb-image--layout-overlay .wp-block-uagb-image--layout-overlay__inner .uagb-image-heading{font-style: normal;color: #fff;opacity: 1;}.uagb-block-2bdcf70c.wp-block-uagb-image--layout-overlay .wp-block-uagb-image--layout-overlay__inner .uagb-image-heading a{color: #fff;}.uagb-block-2bdcf70c.wp-block-uagb-image--layout-overlay .wp-block-uagb-image--layout-overlay__inner .uagb-image-caption{opacity: 0;}.uagb-block-2bdcf70c.wp-block-uagb-image--layout-overlay .wp-block-uagb-image__figure:hover .wp-block-uagb-image--layout-overlay__color-wrapper{opacity: 1;}.uagb-block-2bdcf70c.wp-block-uagb-image .wp-block-uagb-image--layout-overlay__inner .uagb-image-separator{width: 30%;border-top-width: 2px;border-top-color: #fff;opacity: 0;}.uagb-block-2bdcf70c.wp-block-uagb-image .wp-block-uagb-image__figure img{width: px;height: auto;}.uagb-block-2bdcf70c.wp-block-uagb-image .wp-block-uagb-image__figure:hover .wp-block-uagb-image--layout-overlay__inner .uagb-image-caption{opacity: 1;}.uagb-block-2bdcf70c.wp-block-uagb-image .wp-block-uagb-image__figure:hover .wp-block-uagb-image--layout-overlay__inner .uagb-image-separator{opacity: 1;}.uagb-block-2bdcf70c.wp-block-uagb-image--layout-default figure:hover img{box-shadow: 0px 0px 0 #00000070;}.uagb-block-2bdcf70c.wp-block-uagb-image--layout-overlay figure:hover img{box-shadow: 0px 0px 0 #00000070;}@media only screen and (max-width: 976px) {.uagb-block-2bdcf70c.wp-block-uagb-image .wp-block-uagb-image__figure img{width: px;height: auto;}}@media only screen and (max-width: 767px) {.uagb-block-2bdcf70c.wp-block-uagb-image .wp-block-uagb-image__figure img{width: px;height: auto;}}\";s:2:\"js\";s:0:\"\";s:18:\"current_block_list\";a:28:{i:0;s:10:\"core\/group\";i:2;s:24:\"core\/post-featured-image\";i:3;s:15:\"core\/post-title\";i:5;s:14:\"core\/post-date\";i:6;s:16:\"core\/post-author\";i:7;s:15:\"core\/post-terms\";i:8;s:17:\"core\/post-content\";i:9;s:14:\"core\/separator\";i:10;s:13:\"core\/comments\";i:11;s:19:\"core\/comments-title\";i:12;s:21:\"core\/comment-template\";i:15;s:11:\"core\/avatar\";i:16;s:24:\"core\/comment-author-name\";i:17;s:17:\"core\/comment-date\";i:18;s:20:\"core\/comment-content\";i:19;s:23:\"core\/comment-reply-link\";i:20;s:24:\"core\/comments-pagination\";i:21;s:33:\"core\/comments-pagination-previous\";i:22;s:32:\"core\/comments-pagination-numbers\";i:23;s:29:\"core\/comments-pagination-next\";i:24;s:23:\"core\/post-comments-form\";i:25;s:14:\"core\/tag-cloud\";i:26;s:12:\"core\/heading\";i:27;s:14:\"core\/paragraph\";i:28;s:12:\"core\/buttons\";i:29;s:11:\"core\/button\";i:30;s:10:\"uagb\/image\";i:31;s:10:\"core\/image\";}s:8:\"uag_flag\";b:1;s:11:\"uag_version\";s:10:\"1777027703\";s:6:\"gfonts\";a:0:{}s:10:\"gfonts_url\";s:0:\"\";s:12:\"gfonts_files\";a:0:{}s:14:\"uag_faq_layout\";b:0;}"]},"uagb_featured_image_src":{"full":["https:\/\/mv-sport.de\/c\/wp-content\/uploads\/2017\/05\/hannesociksn.jpg",484,361,false],"thumbnail":["https:\/\/mv-sport.de\/c\/wp-content\/uploads\/2017\/05\/hannesociksn-150x150.jpg",150,150,true],"medium":["https:\/\/mv-sport.de\/c\/wp-content\/uploads\/2017\/05\/hannesociksn.jpg",350,261,false],"medium_large":["https:\/\/mv-sport.de\/c\/wp-content\/uploads\/2017\/05\/hannesociksn.jpg",484,361,false],"large":["https:\/\/mv-sport.de\/c\/wp-content\/uploads\/2017\/05\/hannesociksn.jpg",484,361,false],"1536x1536":["https:\/\/mv-sport.de\/c\/wp-content\/uploads\/2017\/05\/hannesociksn.jpg",484,361,false],"2048x2048":["https:\/\/mv-sport.de\/c\/wp-content\/uploads\/2017\/05\/hannesociksn.jpg",484,361,false],"ultp_layout_landscape_large":["https:\/\/mv-sport.de\/c\/wp-content\/uploads\/2017\/05\/hannesociksn.jpg",484,361,false],"ultp_layout_landscape":["https:\/\/mv-sport.de\/c\/wp-content\/uploads\/2017\/05\/hannesociksn.jpg",484,361,false],"ultp_layout_portrait":["https:\/\/mv-sport.de\/c\/wp-content\/uploads\/2017\/05\/hannesociksn.jpg",484,361,false],"ultp_layout_square":["https:\/\/mv-sport.de\/c\/wp-content\/uploads\/2017\/05\/hannesociksn.jpg",484,361,false]},"uagb_author_info":{"display_name":"Marko Michels","author_link":"https:\/\/mv-sport.de\/c\/author\/marko-michels\/"},"uagb_comment_info":0,"uagb_excerpt":"Erneuter Weltmeistertitel f\u00fcr das deutsche Flaggschiff mit dem Mecklenburger Hannes Ocik Am letzten Wettkampftag der Ruder-Weltmeisterschaften in Plovdiv (10.9.18-16.9.18) hat der Deutschland-Achter seinen WM-Titel erfolgreich verteidigt. Sowohl Oliver Zeidler als auch Annekatrin Thiele wurden Sechste im Einer, der M\u00e4nner-Doppelzweier ruderte auf den f\u00fcnften Rang und Sylvia Pille-Steppat wurde Vierte im Para-Einer-Finale. Damit hat der DRV&hellip;","_links":{"self":[{"href":"https:\/\/mv-sport.de\/c\/wp-json\/wp\/v2\/posts\/13539","targetHints":{"allow":["GET"]}}],"collection":[{"href":"https:\/\/mv-sport.de\/c\/wp-json\/wp\/v2\/posts"}],"about":[{"href":"https:\/\/mv-sport.de\/c\/wp-json\/wp\/v2\/types\/post"}],"author":[{"embeddable":true,"href":"https:\/\/mv-sport.de\/c\/wp-json\/wp\/v2\/users\/3"}],"replies":[{"embeddable":true,"href":"https:\/\/mv-sport.de\/c\/wp-json\/wp\/v2\/comments?post=13539"}],"version-history":[{"count":0,"href":"https:\/\/mv-sport.de\/c\/wp-json\/wp\/v2\/posts\/13539\/revisions"}],"wp:featuredmedia":[{"embeddable":true,"href":"https:\/\/mv-sport.de\/c\/wp-json\/wp\/v2\/media\/1203"}],"wp:attachment":[{"href":"https:\/\/mv-sport.de\/c\/wp-json\/wp\/v2\/media?parent=13539"}],"wp:term":[{"taxonomy":"category","embeddable":true,"href":"https:\/\/mv-sport.de\/c\/wp-json\/wp\/v2\/categories?post=13539"},{"taxonomy":"post_tag","embeddable":true,"href":"https:\/\/mv-sport.de\/c\/wp-json\/wp\/v2\/tags?post=13539"},{"taxonomy":"ort","embeddable":true,"href":"https:\/\/mv-sport.de\/c\/wp-json\/wp\/v2\/ort?post=13539"}],"curies":[{"name":"wp","href":"https:\/\/api.w.org\/{rel}","templated":true}]}}