{"id":13625,"date":"2018-09-18T18:17:26","date_gmt":"2018-09-18T16:17:26","guid":{"rendered":"https:\/\/mv-sport.de\/?p=13625"},"modified":"2018-09-18T11:24:54","modified_gmt":"2018-09-18T09:24:54","slug":"amateursport-und-rechtsextremismus-gefahren-und-chancen-in-der-auseinandersetzung","status":"publish","type":"post","link":"https:\/\/mv-sport.de\/c\/amateursport-und-rechtsextremismus-gefahren-und-chancen-in-der-auseinandersetzung\/","title":{"rendered":"\u201eAmateursport und Rechtsextremismus: Gefahren und Chancen in der Auseinandersetzung\u201c"},"content":{"rendered":"<h3><span style=\"color: #808080;\">Ausstellung und Fachtagung am Sportgymnasium Schwerin<\/span><\/h3>\n<p>Schon lange vor der Diskussion um den Fu\u00dfballer Mesut \u00d6zil haben Sch\u00fcler, Lehrer und Mitarbeiter des Sportgymnasiums Schwerin beschlossen, sich um den Titel \u201eSchule ohne Rassismus \u2013 Schule mit Courage\u201c zu bewerben. Dieser wird nun am 5.12.2018 anl\u00e4sslich der traditionellen Sportlerehrung des Sportgymnasiums verliehen. \u201eNun wollen wir uns dieses Titels auch w\u00fcrdig erweisen und ihn mit Leben f\u00fcllen.\u201c, sagt die koordinierende Lehrerin Ines Krakow. Deshalb beteiligt sich die Schule mit gro\u00dfem Engagement an der Umsetzung einer Tagung und holt die Ausstellung \u201eDemokratie st\u00e4rken- Rechtsextremismus bek\u00e4mpfen\u201c der Friedrich-Ebert-Stiftung an ihre Schule.<\/p>\n<figure id=\"attachment_13626\" aria-describedby=\"caption-attachment-13626\" style=\"width: 1000px\" class=\"wp-caption alignnone\"><img loading=\"lazy\" decoding=\"async\" class=\"size-full wp-image-13626\" src=\"https:\/\/mv-sport.de\/wp-content\/uploads\/2018\/09\/ausstellung-rechtsextremismus_c_sportgymnasium-schwerin-lsb.jpg\" alt=\"\" width=\"1000\" height=\"667\" \/><figcaption id=\"caption-attachment-13626\" class=\"wp-caption-text\">Am Schweriner Sportgymnasium wird die Ausstellung \u201eDemokratie st\u00e4rken- Rechtsextremismus bek\u00e4mpfen\u201c der Friedrich-Ebert-Stiftung gezeigt. FOTO: LSB<\/figcaption><\/figure>\n<p>Was ist Demokratie und wie kann man sie gemeinsam (er)leben? Welche Formen von und welche Auswirkungen hat Rechtsextremismus? Und vor allem: Wie st\u00e4rkt man durch sein pers\u00f6nliches Engagement die Demokratie? Diese Fragen greift die Wanderausstellung der Friedrich-Ebert-Stiftung auf. Die Ausstellung wird vom 17. bis zum 18. Oktober im Foyer der Schule zu sehen sein.<\/p>\n<p>An gleicher Stelle findet am 22. September die Fachtagung mit dem Titel \u201eAmateursport und Rechtsextremismus &#8211; Gefahren und Chancen in der Auseinandersetzung\u201c statt.<\/p>\n<p>Diese wird in Kooperation von Regionalzentrum f\u00fcr demokratische Kultur Westmecklenburg der RAA M-V e.V., der Friedrich-Ebert-Stiftung MV, dem Landessportbund M-V \/ \u201eMobile Beratung im Sport\u201c sowie in Zusammenarbeit mit und am Sportgymnasium Schwerin veranstaltet. Ein sowohl informatives, als auch praxisorientiert gestaltetes Programm behandelt eine Vielzahl wichtiger Themen aus dem Spektrum Rechtsextremismus und -populismus im Sport. Ein Thema, das in den letzten Tagen und Wochen einmal mehr an Brisanz gewonnen hat.<\/p>\n<p>\u201eDie Ausstellung und die Tagung werden daher auch in der Pr\u00e4vention ihre Wirkung zeigen\u201c, ist sich die Lehrerin Krakow sicher und hofft auf eine rege Teilnahme auch aus den Reihen ihrer Sch\u00fcler und Eltern.<\/p>\n<p>Aber auch alle interessierten B\u00fcrgerrinnen und B\u00fcrger sind eingeladen, mit Fachreferenten sowie insbesondere Teilnehmenden aus Sportvereinen und -verb\u00e4nden, Sportinteressierten, Bildungsarbeiter und Demokratiemultiplikator ins Gespr\u00e4ch zu kommen. Beginn ist um 9.30 Uhr. Die Tagung geht bis 16 Uhr und die Teilnahme ist kostenfrei. Um Anmeldung wird gebeten unter schwerin@fes.de oder Telefon 0385\/ 51 25 96<\/p>\n<p>Weitere Informationen zur Fachtagung unter www.fes.de\/lnk\/amateursport sowie www.lsb-mv.de\/sportwelten\/sport-und-gesellschaft\/demokratische-Kultur-im-Sport<\/p>\n<p>&nbsp;<\/p>\n<p><span style=\"color: #808080;\"><em>Quelle: PM LSB MV<\/em><\/span><\/p>\n","protected":false},"excerpt":{"rendered":"<p>Ausstellung und Fachtagung am Sportgymnasium Schwerin Schon lange vor der Diskussion um den Fu\u00dfballer Mesut \u00d6zil haben Sch\u00fcler, Lehrer und Mitarbeiter des Sportgymnasiums Schwerin beschlossen, sich um den Titel \u201eSchule ohne Rassismus \u2013 Schule mit Courage\u201c zu bewerben. Dieser wird nun am 5.12.2018 anl\u00e4sslich der traditionellen Sportlerehrung des Sportgymnasiums verliehen. \u201eNun wollen wir uns dieses [&hellip;]<\/p>\n","protected":false},"author":2,"featured_media":13626,"comment_status":"open","ping_status":"open","sticky":false,"template":"","format":"standard","meta":{"_seopress_robots_primary_cat":"","_seopress_titles_title":"","_seopress_titles_desc":"","_seopress_robots_index":"","_relevanssi_hide_post":"","_relevanssi_hide_content":"","_relevanssi_pin_for_all":"","_relevanssi_pin_keywords":"","_relevanssi_unpin_keywords":"","_relevanssi_related_keywords":"","_relevanssi_related_include_ids":"","_relevanssi_related_exclude_ids":"","_relevanssi_related_no_append":"","_relevanssi_related_not_related":"","_relevanssi_related_posts":"","_relevanssi_noindex_reason":"","_uag_custom_page_level_css":"","footnotes":""},"categories":[24],"tags":[],"ort":[],"class_list":{"0":"post-13625","1":"post","2":"type-post","3":"status-publish","4":"format-standard","5":"has-post-thumbnail","7":"category-sport-allgemein"},"featured_image_urls":{"medium":"https:\/\/mv-sport.de\/c\/wp-content\/uploads\/2018\/09\/ausstellung-rechtsextremismus_c_sportgymnasium-schwerin-lsb-600x600.jpg","medium_large":"https:\/\/mv-sport.de\/c\/wp-content\/uploads\/2018\/09\/ausstellung-rechtsextremismus_c_sportgymnasium-schwerin-lsb.jpg","large":"https:\/\/mv-sport.de\/c\/wp-content\/uploads\/2018\/09\/ausstellung-rechtsextremismus_c_sportgymnasium-schwerin-lsb.jpg","full":"https:\/\/mv-sport.de\/c\/wp-content\/uploads\/2018\/09\/ausstellung-rechtsextremismus_c_sportgymnasium-schwerin-lsb.jpg","alt":"","caption":"Am Schweriner Sportgymnasium wird die Ausstellung \u201eDemokratie st\u00e4rken- Rechtsextremismus bek\u00e4mpfen\u201c der Friedrich-Ebert-Stiftung gezeigt. FOTO: LSB"},"spectra_custom_meta":{"uab_option":[""],"uab_meta_position":[""],"_extra_rating_average":["0"],"_edit_lock":["1537262576:2"],"_edit_last":["2"],"_thumbnail_id":["13626"],"_et_pb_use_builder":[""],"_et_builder_version":["BB|Divi|3.15"],"_et_pb_ab_stats_refresh_interval":["hourly"],"_et_pb_old_content":[""],"_et_pb_enable_shortcode_tracking":[""],"_et_pb_custom_css":[""],"_yoast_wpseo_primary_category":["24"],"_post_review_box_title":["Review"],"_post_review_box_summary":[""],"_post_review_box_summary_title":["Summary"],"_post_review_box_breakdowns_score":["0"],"_post_review_box_breakdowns_count":["1"],"_post_review_box_breakdowns":["a:1:{i:0;a:2:{s:5:\"title\";s:0:\"\";s:6:\"rating\";i:0;}}"],"_extra_sidebar_location":[""],"_extra_sidebar":[""],"xyz_fbap":["1"],"xyz_fbap_insert_og":["0"],"post_views_count":["748"],"wp_schema_pro_optimized_structured_data":["<!-- Schema optimized by Schema Pro --><script type=\"application\/ld+json\">{\"@context\":\"https:\/\/schema.org\",\"@type\":\"NewsArticle\",\"mainEntityOfPage\":{\"@type\":\"WebPage\",\"@id\":\"https:\/\/mv-sport.de\/amateursport-und-rechtsextremismus-gefahren-und-chancen-in-der-auseinandersetzung\/\"},\"headline\":\"\u201eAmateursport und Rechtsextremismus: Gefahren und Chancen in der Auseinandersetzung\u201c\",\"image\":{\"@type\":\"ImageObject\",\"url\":\"https:\/\/mv-sport.de\/wp-content\/uploads\/2018\/09\/ausstellung-rechtsextremismus_c_sportgymnasium-schwerin-lsb.jpg\",\"width\":1000,\"height\":667},\"datePublished\":\"2018-09-18T18:17:26\",\"dateModified\":\"2018-09-18T11:24:54\",\"author\":{\"@type\":\"Person\",\"name\":\"MV-Sport.de\",\"url\":\"https:\/\/mv-sport.de\/author\/mv-sport-de\"},\"publisher\":{\"@type\":\"Organization\",\"name\":\"MV-Sport.de - Sportvereine &amp; Sportnachrichten Mecklenburg-Vorpommern\",\"logo\":{\"@type\":\"ImageObject\",\"url\":\"https:\/\/mv-sport.de\/wp-content\/uploads\/2017\/05\/logo-mv-sport-292x60.png\"}}}<\/script><!-- \/ Schema optimized by Schema Pro -->"],"__post_views_count":["1000"],"astra_style_timestamp_css":["1757487342"],"_uag_css_file_name":["uag-css-13625.css"],"_uag_page_assets":["a:9:{s:3:\"css\";s:7010:\".uagb-block-88f5875d.wp-block-uagb-image--layout-default figure img{box-shadow: 0px 0px 0 #00000070;}.uagb-block-88f5875d.wp-block-uagb-image .wp-block-uagb-image__figure figcaption{font-style: normal;align-self: center;}.uagb-block-88f5875d.wp-block-uagb-image--layout-overlay figure img{box-shadow: 0px 0px 0 #00000070;}.uagb-block-88f5875d.wp-block-uagb-image--layout-overlay .wp-block-uagb-image--layout-overlay__color-wrapper{opacity: 0.2;}.uagb-block-88f5875d.wp-block-uagb-image--layout-overlay .wp-block-uagb-image--layout-overlay__inner{left: 15px;right: 15px;top: 15px;bottom: 15px;}.uagb-block-88f5875d.wp-block-uagb-image--layout-overlay .wp-block-uagb-image--layout-overlay__inner .uagb-image-heading{font-style: normal;color: #fff;opacity: 1;}.uagb-block-88f5875d.wp-block-uagb-image--layout-overlay .wp-block-uagb-image--layout-overlay__inner .uagb-image-heading a{color: #fff;}.uagb-block-88f5875d.wp-block-uagb-image--layout-overlay .wp-block-uagb-image--layout-overlay__inner .uagb-image-caption{opacity: 0;}.uagb-block-88f5875d.wp-block-uagb-image--layout-overlay .wp-block-uagb-image__figure:hover .wp-block-uagb-image--layout-overlay__color-wrapper{opacity: 1;}.uagb-block-88f5875d.wp-block-uagb-image .wp-block-uagb-image--layout-overlay__inner .uagb-image-separator{width: 30%;border-top-width: 2px;border-top-color: #fff;opacity: 0;}.uagb-block-88f5875d.wp-block-uagb-image .wp-block-uagb-image__figure img{width: 297px;height: auto;}.uagb-block-88f5875d.wp-block-uagb-image .wp-block-uagb-image__figure:hover .wp-block-uagb-image--layout-overlay__inner .uagb-image-caption{opacity: 1;}.uagb-block-88f5875d.wp-block-uagb-image .wp-block-uagb-image__figure:hover .wp-block-uagb-image--layout-overlay__inner .uagb-image-separator{opacity: 1;}.uagb-block-88f5875d.wp-block-uagb-image--layout-default figure:hover img{box-shadow: 0px 0px 0 #00000070;}.uagb-block-88f5875d.wp-block-uagb-image--layout-overlay figure:hover img{box-shadow: 0px 0px 0 #00000070;}@media only screen and (max-width: 976px) {.uagb-block-88f5875d.wp-block-uagb-image .wp-block-uagb-image__figure img{width: 297px;height: auto;}}@media only screen and (max-width: 767px) {.uagb-block-88f5875d.wp-block-uagb-image .wp-block-uagb-image__figure img{width: 297px;height: auto;}}.uagb-block-b6c54374.wp-block-uagb-image{margin-top: 0px;margin-right: 0px;margin-bottom: 0px;margin-left: 0px;}.uagb-block-b6c54374.wp-block-uagb-image--layout-default figure img{box-shadow: 0px 0px 0 #00000070;}.uagb-block-b6c54374.wp-block-uagb-image .wp-block-uagb-image__figure figcaption{font-style: normal;align-self: center;}.uagb-block-b6c54374.wp-block-uagb-image--layout-overlay figure img{box-shadow: 0px 0px 0 #00000070;}.uagb-block-b6c54374.wp-block-uagb-image--layout-overlay .wp-block-uagb-image--layout-overlay__color-wrapper{opacity: 0.2;}.uagb-block-b6c54374.wp-block-uagb-image--layout-overlay .wp-block-uagb-image--layout-overlay__inner{left: 15px;right: 15px;top: 15px;bottom: 15px;}.uagb-block-b6c54374.wp-block-uagb-image--layout-overlay .wp-block-uagb-image--layout-overlay__inner .uagb-image-heading{font-style: normal;color: #fff;opacity: 1;}.uagb-block-b6c54374.wp-block-uagb-image--layout-overlay .wp-block-uagb-image--layout-overlay__inner .uagb-image-heading a{color: #fff;}.uagb-block-b6c54374.wp-block-uagb-image--layout-overlay .wp-block-uagb-image--layout-overlay__inner .uagb-image-caption{opacity: 0;}.uagb-block-b6c54374.wp-block-uagb-image--layout-overlay .wp-block-uagb-image__figure:hover .wp-block-uagb-image--layout-overlay__color-wrapper{opacity: 1;}.uagb-block-b6c54374.wp-block-uagb-image .wp-block-uagb-image--layout-overlay__inner .uagb-image-separator{width: 30%;border-top-width: 2px;border-top-color: #fff;opacity: 0;}.uagb-block-b6c54374.wp-block-uagb-image .wp-block-uagb-image__figure img{width: px;height: auto;}.uagb-block-b6c54374.wp-block-uagb-image .wp-block-uagb-image__figure:hover .wp-block-uagb-image--layout-overlay__inner .uagb-image-caption{opacity: 1;}.uagb-block-b6c54374.wp-block-uagb-image .wp-block-uagb-image__figure:hover .wp-block-uagb-image--layout-overlay__inner .uagb-image-separator{opacity: 1;}.uagb-block-b6c54374.wp-block-uagb-image--layout-default figure:hover img{box-shadow: 0px 0px 0 #00000070;}.uagb-block-b6c54374.wp-block-uagb-image--layout-overlay figure:hover img{box-shadow: 0px 0px 0 #00000070;}@media only screen and (max-width: 976px) {.uagb-block-b6c54374.wp-block-uagb-image .wp-block-uagb-image__figure img{width: px;height: auto;}}@media only screen and (max-width: 767px) {.uagb-block-b6c54374.wp-block-uagb-image .wp-block-uagb-image__figure img{width: px;height: auto;}}.uagb-block-2bdcf70c.wp-block-uagb-image{margin-top: 0px;margin-right: 0px;margin-bottom: 0px;margin-left: 0px;}.uagb-block-2bdcf70c.wp-block-uagb-image--layout-default figure img{box-shadow: 0px 0px 0 #00000070;}.uagb-block-2bdcf70c.wp-block-uagb-image .wp-block-uagb-image__figure figcaption{font-style: normal;align-self: center;}.uagb-block-2bdcf70c.wp-block-uagb-image--layout-overlay figure img{box-shadow: 0px 0px 0 #00000070;}.uagb-block-2bdcf70c.wp-block-uagb-image--layout-overlay .wp-block-uagb-image--layout-overlay__color-wrapper{opacity: 0.2;}.uagb-block-2bdcf70c.wp-block-uagb-image--layout-overlay .wp-block-uagb-image--layout-overlay__inner{left: 15px;right: 15px;top: 15px;bottom: 15px;}.uagb-block-2bdcf70c.wp-block-uagb-image--layout-overlay .wp-block-uagb-image--layout-overlay__inner .uagb-image-heading{font-style: normal;color: #fff;opacity: 1;}.uagb-block-2bdcf70c.wp-block-uagb-image--layout-overlay .wp-block-uagb-image--layout-overlay__inner .uagb-image-heading a{color: #fff;}.uagb-block-2bdcf70c.wp-block-uagb-image--layout-overlay .wp-block-uagb-image--layout-overlay__inner .uagb-image-caption{opacity: 0;}.uagb-block-2bdcf70c.wp-block-uagb-image--layout-overlay .wp-block-uagb-image__figure:hover .wp-block-uagb-image--layout-overlay__color-wrapper{opacity: 1;}.uagb-block-2bdcf70c.wp-block-uagb-image .wp-block-uagb-image--layout-overlay__inner .uagb-image-separator{width: 30%;border-top-width: 2px;border-top-color: #fff;opacity: 0;}.uagb-block-2bdcf70c.wp-block-uagb-image .wp-block-uagb-image__figure img{width: px;height: auto;}.uagb-block-2bdcf70c.wp-block-uagb-image .wp-block-uagb-image__figure:hover .wp-block-uagb-image--layout-overlay__inner .uagb-image-caption{opacity: 1;}.uagb-block-2bdcf70c.wp-block-uagb-image .wp-block-uagb-image__figure:hover .wp-block-uagb-image--layout-overlay__inner .uagb-image-separator{opacity: 1;}.uagb-block-2bdcf70c.wp-block-uagb-image--layout-default figure:hover img{box-shadow: 0px 0px 0 #00000070;}.uagb-block-2bdcf70c.wp-block-uagb-image--layout-overlay figure:hover img{box-shadow: 0px 0px 0 #00000070;}@media only screen and (max-width: 976px) {.uagb-block-2bdcf70c.wp-block-uagb-image .wp-block-uagb-image__figure img{width: px;height: auto;}}@media only screen and (max-width: 767px) {.uagb-block-2bdcf70c.wp-block-uagb-image .wp-block-uagb-image__figure img{width: px;height: auto;}}\";s:2:\"js\";s:0:\"\";s:18:\"current_block_list\";a:28:{i:0;s:10:\"core\/group\";i:2;s:24:\"core\/post-featured-image\";i:3;s:15:\"core\/post-title\";i:5;s:14:\"core\/post-date\";i:6;s:16:\"core\/post-author\";i:7;s:15:\"core\/post-terms\";i:8;s:17:\"core\/post-content\";i:9;s:14:\"core\/separator\";i:10;s:13:\"core\/comments\";i:11;s:19:\"core\/comments-title\";i:12;s:21:\"core\/comment-template\";i:15;s:11:\"core\/avatar\";i:16;s:24:\"core\/comment-author-name\";i:17;s:17:\"core\/comment-date\";i:18;s:20:\"core\/comment-content\";i:19;s:23:\"core\/comment-reply-link\";i:20;s:24:\"core\/comments-pagination\";i:21;s:33:\"core\/comments-pagination-previous\";i:22;s:32:\"core\/comments-pagination-numbers\";i:23;s:29:\"core\/comments-pagination-next\";i:24;s:23:\"core\/post-comments-form\";i:25;s:14:\"core\/tag-cloud\";i:26;s:12:\"core\/heading\";i:27;s:14:\"core\/paragraph\";i:28;s:12:\"core\/buttons\";i:29;s:11:\"core\/button\";i:30;s:10:\"uagb\/image\";i:31;s:10:\"core\/image\";}s:8:\"uag_flag\";b:1;s:11:\"uag_version\";s:10:\"1777208550\";s:6:\"gfonts\";a:0:{}s:10:\"gfonts_url\";s:0:\"\";s:12:\"gfonts_files\";a:0:{}s:14:\"uag_faq_layout\";b:0;}"]},"uagb_featured_image_src":{"full":["https:\/\/mv-sport.de\/c\/wp-content\/uploads\/2018\/09\/ausstellung-rechtsextremismus_c_sportgymnasium-schwerin-lsb.jpg",1000,667,false],"thumbnail":["https:\/\/mv-sport.de\/c\/wp-content\/uploads\/2018\/09\/ausstellung-rechtsextremismus_c_sportgymnasium-schwerin-lsb-150x150.jpg",150,150,true],"medium":["https:\/\/mv-sport.de\/c\/wp-content\/uploads\/2018\/09\/ausstellung-rechtsextremismus_c_sportgymnasium-schwerin-lsb-600x600.jpg",350,350,true],"medium_large":["https:\/\/mv-sport.de\/c\/wp-content\/uploads\/2018\/09\/ausstellung-rechtsextremismus_c_sportgymnasium-schwerin-lsb.jpg",768,512,false],"large":["https:\/\/mv-sport.de\/c\/wp-content\/uploads\/2018\/09\/ausstellung-rechtsextremismus_c_sportgymnasium-schwerin-lsb.jpg",1000,667,false],"1536x1536":["https:\/\/mv-sport.de\/c\/wp-content\/uploads\/2018\/09\/ausstellung-rechtsextremismus_c_sportgymnasium-schwerin-lsb.jpg",1000,667,false],"2048x2048":["https:\/\/mv-sport.de\/c\/wp-content\/uploads\/2018\/09\/ausstellung-rechtsextremismus_c_sportgymnasium-schwerin-lsb.jpg",1000,667,false],"ultp_layout_landscape_large":["https:\/\/mv-sport.de\/c\/wp-content\/uploads\/2018\/09\/ausstellung-rechtsextremismus_c_sportgymnasium-schwerin-lsb.jpg",1000,667,false],"ultp_layout_landscape":["https:\/\/mv-sport.de\/c\/wp-content\/uploads\/2018\/09\/ausstellung-rechtsextremismus_c_sportgymnasium-schwerin-lsb.jpg",855,570,false],"ultp_layout_portrait":["https:\/\/mv-sport.de\/c\/wp-content\/uploads\/2018\/09\/ausstellung-rechtsextremismus_c_sportgymnasium-schwerin-lsb.jpg",600,400,false],"ultp_layout_square":["https:\/\/mv-sport.de\/c\/wp-content\/uploads\/2018\/09\/ausstellung-rechtsextremismus_c_sportgymnasium-schwerin-lsb.jpg",600,400,false]},"uagb_author_info":{"display_name":"MV-Sport.de","author_link":"https:\/\/mv-sport.de\/c\/author\/mv-sport-de\/"},"uagb_comment_info":0,"uagb_excerpt":"Ausstellung und Fachtagung am Sportgymnasium Schwerin Schon lange vor der Diskussion um den Fu\u00dfballer Mesut \u00d6zil haben Sch\u00fcler, Lehrer und Mitarbeiter des Sportgymnasiums Schwerin beschlossen, sich um den Titel \u201eSchule ohne Rassismus \u2013 Schule mit Courage\u201c zu bewerben. Dieser wird nun am 5.12.2018 anl\u00e4sslich der traditionellen Sportlerehrung des Sportgymnasiums verliehen. \u201eNun wollen wir uns dieses&hellip;","_links":{"self":[{"href":"https:\/\/mv-sport.de\/c\/wp-json\/wp\/v2\/posts\/13625","targetHints":{"allow":["GET"]}}],"collection":[{"href":"https:\/\/mv-sport.de\/c\/wp-json\/wp\/v2\/posts"}],"about":[{"href":"https:\/\/mv-sport.de\/c\/wp-json\/wp\/v2\/types\/post"}],"author":[{"embeddable":true,"href":"https:\/\/mv-sport.de\/c\/wp-json\/wp\/v2\/users\/2"}],"replies":[{"embeddable":true,"href":"https:\/\/mv-sport.de\/c\/wp-json\/wp\/v2\/comments?post=13625"}],"version-history":[{"count":0,"href":"https:\/\/mv-sport.de\/c\/wp-json\/wp\/v2\/posts\/13625\/revisions"}],"wp:featuredmedia":[{"embeddable":true,"href":"https:\/\/mv-sport.de\/c\/wp-json\/wp\/v2\/media\/13626"}],"wp:attachment":[{"href":"https:\/\/mv-sport.de\/c\/wp-json\/wp\/v2\/media?parent=13625"}],"wp:term":[{"taxonomy":"category","embeddable":true,"href":"https:\/\/mv-sport.de\/c\/wp-json\/wp\/v2\/categories?post=13625"},{"taxonomy":"post_tag","embeddable":true,"href":"https:\/\/mv-sport.de\/c\/wp-json\/wp\/v2\/tags?post=13625"},{"taxonomy":"ort","embeddable":true,"href":"https:\/\/mv-sport.de\/c\/wp-json\/wp\/v2\/ort?post=13625"}],"curies":[{"name":"wp","href":"https:\/\/api.w.org\/{rel}","templated":true}]}}