{"id":13671,"date":"2018-09-20T10:12:58","date_gmt":"2018-09-20T08:12:58","guid":{"rendered":"https:\/\/mv-sport.de\/?p=13671"},"modified":"2018-09-20T12:26:07","modified_gmt":"2018-09-20T10:26:07","slug":"nationenpreissieg-fuer-wulschner-und-thieme","status":"publish","type":"post","link":"https:\/\/mv-sport.de\/c\/nationenpreissieg-fuer-wulschner-und-thieme\/","title":{"rendered":"Nationenpreissieg f\u00fcr Wulschner und Thieme"},"content":{"rendered":"<p><span style=\"font-family: 'Arial','sans-serif'; font-size: 11pt;\">Das deutsche Team mit Holger Wulschner (Gro\u00df Viegeln) auf BSC Skipper, Andr\u00e9 Thieme (Plau am See) auf Aretino, Marcus Ehning (Borken) auf Funky Fred und Philipp Weishaupt (H\u00f6rstel) auf Sansibar gewinnt den Nationenpreis beim F\u00fcnf-Sterne Turnier in Calgary, Kanada. Mit zwei makellosen Nullrunden schufen die Landsm\u00e4nner Holger Wulschner und Andr\u00e9 Thieme mit einem Zeitstrafpunkt im 2. Umlauf beste Voraussetzungen f\u00fcr diesen Sieg. Mit der Nullrunde von Marcus Ehning im 1. Umlauf brauchte Ehning als Schlussreiter im 2. Umlauf gar nicht mehr antreten. Mit insgesamt sechs Fehlern siegte das deutsche Team vor Gastgeber Canada (13 Fehler) und Irland (15 Fehler).<\/span><\/p>\n<p><span style=\"font-family: 'Arial','sans-serif'; font-size: 11pt;\">Im Gro\u00dfen Preis wurde Andr\u00e9 Thieme mit neun Strafpunkten aus beiden Uml\u00e4ufen auf dem 10 Jahre alten Aretino (v. Artani) Zehnter. Der Sieg ging nach \u00c4gypten an Semeh el Dahan auf dem 14 Jahre alten Iren Suma\u2019s Zorro, der sich mit dem Belgier Maikel van der Vleute ein Stechen lieferte, in dem der \u00c4gypter sieben zehntel Sekunden schneller war. Dritte wurde die US-Amerikanerin Beezie Madden auf Coach.<\/span><\/p>\n<p><span style=\"font-family: 'Arial','sans-serif'; font-size: 11pt;\">Auf der elfj\u00e4hrigen Stute Zuckersuess D\u2019Argilla gewann Holger Wulschner das Barrierenspringen bei einer fehlerfrei \u00fcbersprungenen H\u00f6he von 1,90 m gemeinsam mit dem Iren Lennon Dermot auf MJM Pursuit. Andr\u00e9 Thieme wurde in diesem Springen auf Cupertino Vierter. In einem 1,60 m Springen gab es f\u00fcr Andr\u00e9 Thieme auf dem zehnj\u00e4hrigen Hengst Contadur den 5. Platz und in einem weiteren 1,50m Springen auf Rang 10 eine Platzierung. <\/span><\/p>\n<figure id=\"attachment_13674\" aria-describedby=\"caption-attachment-13674\" style=\"width: 300px\" class=\"wp-caption alignnone\"><img loading=\"lazy\" decoding=\"async\" class=\"wp-image-13674 size-medium\" src=\"https:\/\/mv-sport.de\/wp-content\/uploads\/2018\/09\/nationenpreistraeger_wulschner-thiemecwulschner-300x225.jpg\" alt=\"\" width=\"300\" height=\"225\" \/><figcaption id=\"caption-attachment-13674\" class=\"wp-caption-text\">(c) Reitstall Wulschner<\/figcaption><\/figure>\n<p>&nbsp;<\/p>\n","protected":false},"excerpt":{"rendered":"<p>Das deutsche Team mit Holger Wulschner (Gro\u00df Viegeln) auf BSC Skipper, Andr\u00e9 Thieme (Plau am See) auf Aretino, Marcus Ehning (Borken) auf Funky Fred und Philipp Weishaupt (H\u00f6rstel) auf Sansibar gewinnt den Nationenpreis beim F\u00fcnf-Sterne Turnier in Calgary, Kanada. Mit zwei makellosen Nullrunden schufen die Landsm\u00e4nner Holger Wulschner und Andr\u00e9 Thieme mit einem Zeitstrafpunkt im [&hellip;]<\/p>\n","protected":false},"author":19,"featured_media":13674,"comment_status":"open","ping_status":"open","sticky":false,"template":"","format":"standard","meta":{"_seopress_robots_primary_cat":"","_seopress_titles_title":"","_seopress_titles_desc":"","_seopress_robots_index":"","_relevanssi_hide_post":"","_relevanssi_hide_content":"","_relevanssi_pin_for_all":"","_relevanssi_pin_keywords":"","_relevanssi_unpin_keywords":"","_relevanssi_related_keywords":"","_relevanssi_related_include_ids":"","_relevanssi_related_exclude_ids":"","_relevanssi_related_no_append":"","_relevanssi_related_not_related":"","_relevanssi_related_posts":"","_relevanssi_noindex_reason":"","_uag_custom_page_level_css":"","footnotes":""},"categories":[224],"tags":[],"ort":[],"class_list":{"0":"post-13671","1":"post","2":"type-post","3":"status-publish","4":"format-standard","5":"has-post-thumbnail","7":"category-reiten"},"featured_image_urls":{"medium":"https:\/\/mv-sport.de\/c\/wp-content\/uploads\/2018\/09\/nationenpreistraeger_wulschner-thiemecwulschner.jpg","medium_large":"https:\/\/mv-sport.de\/c\/wp-content\/uploads\/2018\/09\/nationenpreistraeger_wulschner-thiemecwulschner.jpg","large":"https:\/\/mv-sport.de\/c\/wp-content\/uploads\/2018\/09\/nationenpreistraeger_wulschner-thiemecwulschner.jpg","full":"https:\/\/mv-sport.de\/c\/wp-content\/uploads\/2018\/09\/nationenpreistraeger_wulschner-thiemecwulschner.jpg","alt":"","caption":"(c) Reitstall Wulschner"},"spectra_custom_meta":{"uab_option":["yes"],"uab_meta_position":["default"],"_extra_rating_average":["0"],"_edit_lock":["1537439145:2"],"_edit_last":["2"],"xyz_fbap":["1"],"xyz_fbap_insert_og":["0"],"post_views_count":["575"],"_et_pb_use_builder":[""],"_et_pb_old_content":[""],"_et_pb_custom_css":[""],"_yoast_wpseo_primary_category":["224"],"_post_review_box_title":["Review"],"_post_review_box_summary":[""],"_post_review_box_summary_title":["Summary"],"_post_review_box_breakdowns_score":["0"],"_post_review_box_breakdowns_count":["1"],"_post_review_box_breakdowns":["a:1:{i:0;a:2:{s:5:\"title\";s:0:\"\";s:6:\"rating\";i:0;}}"],"_extra_sidebar_location":[""],"_extra_sidebar":[""],"_et_builder_version":["BB|Divi|3.15"],"_thumbnail_id":["13674"],"_et_pb_ab_stats_refresh_interval":["hourly"],"_et_pb_enable_shortcode_tracking":[""],"wp_schema_pro_optimized_structured_data":["<!-- Schema optimized by Schema Pro --><script type=\"application\/ld+json\">{\"@context\":\"https:\/\/schema.org\",\"@type\":\"NewsArticle\",\"mainEntityOfPage\":{\"@type\":\"WebPage\",\"@id\":\"https:\/\/mv-sport.de\/nationenpreissieg-fuer-wulschner-und-thieme\/\"},\"headline\":\"Nationenpreissieg f\u00fcr Wulschner und Thieme\",\"image\":{\"@type\":\"ImageObject\",\"url\":\"https:\/\/mv-sport.de\/wp-content\/uploads\/2018\/09\/nationenpreistraeger_wulschner-thiemecwulschner.jpg\",\"width\":300,\"height\":225},\"datePublished\":\"2018-09-20T10:12:58\",\"dateModified\":\"2018-09-20T12:26:07\",\"author\":{\"@type\":\"Person\",\"name\":\"Landesverband Mecklenburg-Vorpommern f\u00fcr Reiten, Fahren und Voltigieren e.V.\",\"url\":\"https:\/\/mv-sport.de\/author\/hans-joachim-begall\"},\"publisher\":{\"@type\":\"Organization\",\"name\":\"MV-Sport.de - Sportvereine &amp; Sportnachrichten Mecklenburg-Vorpommern\",\"logo\":{\"@type\":\"ImageObject\",\"url\":\"https:\/\/mv-sport.de\/wp-content\/uploads\/2017\/05\/logo-mv-sport-292x60.png\"}}}<\/script><!-- \/ Schema optimized by Schema Pro -->"],"__post_views_count":["553"],"astra_style_timestamp_css":["1757364854"],"_uag_css_file_name":["uag-css-13671.css"],"_uag_page_assets":["a:9:{s:3:\"css\";s:7010:\".uagb-block-88f5875d.wp-block-uagb-image--layout-default figure img{box-shadow: 0px 0px 0 #00000070;}.uagb-block-88f5875d.wp-block-uagb-image .wp-block-uagb-image__figure figcaption{font-style: normal;align-self: center;}.uagb-block-88f5875d.wp-block-uagb-image--layout-overlay figure img{box-shadow: 0px 0px 0 #00000070;}.uagb-block-88f5875d.wp-block-uagb-image--layout-overlay .wp-block-uagb-image--layout-overlay__color-wrapper{opacity: 0.2;}.uagb-block-88f5875d.wp-block-uagb-image--layout-overlay .wp-block-uagb-image--layout-overlay__inner{left: 15px;right: 15px;top: 15px;bottom: 15px;}.uagb-block-88f5875d.wp-block-uagb-image--layout-overlay .wp-block-uagb-image--layout-overlay__inner .uagb-image-heading{font-style: normal;color: #fff;opacity: 1;}.uagb-block-88f5875d.wp-block-uagb-image--layout-overlay .wp-block-uagb-image--layout-overlay__inner .uagb-image-heading a{color: #fff;}.uagb-block-88f5875d.wp-block-uagb-image--layout-overlay .wp-block-uagb-image--layout-overlay__inner .uagb-image-caption{opacity: 0;}.uagb-block-88f5875d.wp-block-uagb-image--layout-overlay .wp-block-uagb-image__figure:hover .wp-block-uagb-image--layout-overlay__color-wrapper{opacity: 1;}.uagb-block-88f5875d.wp-block-uagb-image .wp-block-uagb-image--layout-overlay__inner .uagb-image-separator{width: 30%;border-top-width: 2px;border-top-color: #fff;opacity: 0;}.uagb-block-88f5875d.wp-block-uagb-image .wp-block-uagb-image__figure img{width: 297px;height: auto;}.uagb-block-88f5875d.wp-block-uagb-image .wp-block-uagb-image__figure:hover .wp-block-uagb-image--layout-overlay__inner .uagb-image-caption{opacity: 1;}.uagb-block-88f5875d.wp-block-uagb-image .wp-block-uagb-image__figure:hover .wp-block-uagb-image--layout-overlay__inner .uagb-image-separator{opacity: 1;}.uagb-block-88f5875d.wp-block-uagb-image--layout-default figure:hover img{box-shadow: 0px 0px 0 #00000070;}.uagb-block-88f5875d.wp-block-uagb-image--layout-overlay figure:hover img{box-shadow: 0px 0px 0 #00000070;}@media only screen and (max-width: 976px) {.uagb-block-88f5875d.wp-block-uagb-image .wp-block-uagb-image__figure img{width: 297px;height: auto;}}@media only screen and (max-width: 767px) {.uagb-block-88f5875d.wp-block-uagb-image .wp-block-uagb-image__figure img{width: 297px;height: auto;}}.uagb-block-b6c54374.wp-block-uagb-image{margin-top: 0px;margin-right: 0px;margin-bottom: 0px;margin-left: 0px;}.uagb-block-b6c54374.wp-block-uagb-image--layout-default figure img{box-shadow: 0px 0px 0 #00000070;}.uagb-block-b6c54374.wp-block-uagb-image .wp-block-uagb-image__figure figcaption{font-style: normal;align-self: center;}.uagb-block-b6c54374.wp-block-uagb-image--layout-overlay figure img{box-shadow: 0px 0px 0 #00000070;}.uagb-block-b6c54374.wp-block-uagb-image--layout-overlay .wp-block-uagb-image--layout-overlay__color-wrapper{opacity: 0.2;}.uagb-block-b6c54374.wp-block-uagb-image--layout-overlay .wp-block-uagb-image--layout-overlay__inner{left: 15px;right: 15px;top: 15px;bottom: 15px;}.uagb-block-b6c54374.wp-block-uagb-image--layout-overlay .wp-block-uagb-image--layout-overlay__inner .uagb-image-heading{font-style: normal;color: #fff;opacity: 1;}.uagb-block-b6c54374.wp-block-uagb-image--layout-overlay .wp-block-uagb-image--layout-overlay__inner .uagb-image-heading a{color: #fff;}.uagb-block-b6c54374.wp-block-uagb-image--layout-overlay .wp-block-uagb-image--layout-overlay__inner .uagb-image-caption{opacity: 0;}.uagb-block-b6c54374.wp-block-uagb-image--layout-overlay .wp-block-uagb-image__figure:hover .wp-block-uagb-image--layout-overlay__color-wrapper{opacity: 1;}.uagb-block-b6c54374.wp-block-uagb-image .wp-block-uagb-image--layout-overlay__inner .uagb-image-separator{width: 30%;border-top-width: 2px;border-top-color: #fff;opacity: 0;}.uagb-block-b6c54374.wp-block-uagb-image .wp-block-uagb-image__figure img{width: px;height: auto;}.uagb-block-b6c54374.wp-block-uagb-image .wp-block-uagb-image__figure:hover .wp-block-uagb-image--layout-overlay__inner .uagb-image-caption{opacity: 1;}.uagb-block-b6c54374.wp-block-uagb-image .wp-block-uagb-image__figure:hover .wp-block-uagb-image--layout-overlay__inner .uagb-image-separator{opacity: 1;}.uagb-block-b6c54374.wp-block-uagb-image--layout-default figure:hover img{box-shadow: 0px 0px 0 #00000070;}.uagb-block-b6c54374.wp-block-uagb-image--layout-overlay figure:hover img{box-shadow: 0px 0px 0 #00000070;}@media only screen and (max-width: 976px) {.uagb-block-b6c54374.wp-block-uagb-image .wp-block-uagb-image__figure img{width: px;height: auto;}}@media only screen and (max-width: 767px) {.uagb-block-b6c54374.wp-block-uagb-image .wp-block-uagb-image__figure img{width: px;height: auto;}}.uagb-block-2bdcf70c.wp-block-uagb-image{margin-top: 0px;margin-right: 0px;margin-bottom: 0px;margin-left: 0px;}.uagb-block-2bdcf70c.wp-block-uagb-image--layout-default figure img{box-shadow: 0px 0px 0 #00000070;}.uagb-block-2bdcf70c.wp-block-uagb-image .wp-block-uagb-image__figure figcaption{font-style: normal;align-self: center;}.uagb-block-2bdcf70c.wp-block-uagb-image--layout-overlay figure img{box-shadow: 0px 0px 0 #00000070;}.uagb-block-2bdcf70c.wp-block-uagb-image--layout-overlay .wp-block-uagb-image--layout-overlay__color-wrapper{opacity: 0.2;}.uagb-block-2bdcf70c.wp-block-uagb-image--layout-overlay .wp-block-uagb-image--layout-overlay__inner{left: 15px;right: 15px;top: 15px;bottom: 15px;}.uagb-block-2bdcf70c.wp-block-uagb-image--layout-overlay .wp-block-uagb-image--layout-overlay__inner .uagb-image-heading{font-style: normal;color: #fff;opacity: 1;}.uagb-block-2bdcf70c.wp-block-uagb-image--layout-overlay .wp-block-uagb-image--layout-overlay__inner .uagb-image-heading a{color: #fff;}.uagb-block-2bdcf70c.wp-block-uagb-image--layout-overlay .wp-block-uagb-image--layout-overlay__inner .uagb-image-caption{opacity: 0;}.uagb-block-2bdcf70c.wp-block-uagb-image--layout-overlay .wp-block-uagb-image__figure:hover .wp-block-uagb-image--layout-overlay__color-wrapper{opacity: 1;}.uagb-block-2bdcf70c.wp-block-uagb-image .wp-block-uagb-image--layout-overlay__inner .uagb-image-separator{width: 30%;border-top-width: 2px;border-top-color: #fff;opacity: 0;}.uagb-block-2bdcf70c.wp-block-uagb-image .wp-block-uagb-image__figure img{width: px;height: auto;}.uagb-block-2bdcf70c.wp-block-uagb-image .wp-block-uagb-image__figure:hover .wp-block-uagb-image--layout-overlay__inner .uagb-image-caption{opacity: 1;}.uagb-block-2bdcf70c.wp-block-uagb-image .wp-block-uagb-image__figure:hover .wp-block-uagb-image--layout-overlay__inner .uagb-image-separator{opacity: 1;}.uagb-block-2bdcf70c.wp-block-uagb-image--layout-default figure:hover img{box-shadow: 0px 0px 0 #00000070;}.uagb-block-2bdcf70c.wp-block-uagb-image--layout-overlay figure:hover img{box-shadow: 0px 0px 0 #00000070;}@media only screen and (max-width: 976px) {.uagb-block-2bdcf70c.wp-block-uagb-image .wp-block-uagb-image__figure img{width: px;height: auto;}}@media only screen and (max-width: 767px) {.uagb-block-2bdcf70c.wp-block-uagb-image .wp-block-uagb-image__figure img{width: px;height: auto;}}\";s:2:\"js\";s:0:\"\";s:18:\"current_block_list\";a:28:{i:0;s:10:\"core\/group\";i:2;s:24:\"core\/post-featured-image\";i:3;s:15:\"core\/post-title\";i:5;s:14:\"core\/post-date\";i:6;s:16:\"core\/post-author\";i:7;s:15:\"core\/post-terms\";i:8;s:17:\"core\/post-content\";i:9;s:14:\"core\/separator\";i:10;s:13:\"core\/comments\";i:11;s:19:\"core\/comments-title\";i:12;s:21:\"core\/comment-template\";i:15;s:11:\"core\/avatar\";i:16;s:24:\"core\/comment-author-name\";i:17;s:17:\"core\/comment-date\";i:18;s:20:\"core\/comment-content\";i:19;s:23:\"core\/comment-reply-link\";i:20;s:24:\"core\/comments-pagination\";i:21;s:33:\"core\/comments-pagination-previous\";i:22;s:32:\"core\/comments-pagination-numbers\";i:23;s:29:\"core\/comments-pagination-next\";i:24;s:23:\"core\/post-comments-form\";i:25;s:14:\"core\/tag-cloud\";i:26;s:12:\"core\/heading\";i:27;s:14:\"core\/paragraph\";i:28;s:12:\"core\/buttons\";i:29;s:11:\"core\/button\";i:30;s:10:\"uagb\/image\";i:31;s:10:\"core\/image\";}s:8:\"uag_flag\";b:1;s:11:\"uag_version\";s:10:\"1777286319\";s:6:\"gfonts\";a:0:{}s:10:\"gfonts_url\";s:0:\"\";s:12:\"gfonts_files\";a:0:{}s:14:\"uag_faq_layout\";b:0;}"]},"uagb_featured_image_src":{"full":["https:\/\/mv-sport.de\/c\/wp-content\/uploads\/2018\/09\/nationenpreistraeger_wulschner-thiemecwulschner.jpg",300,225,false],"thumbnail":["https:\/\/mv-sport.de\/c\/wp-content\/uploads\/2018\/09\/nationenpreistraeger_wulschner-thiemecwulschner-150x150.jpg",150,150,true],"medium":["https:\/\/mv-sport.de\/c\/wp-content\/uploads\/2018\/09\/nationenpreistraeger_wulschner-thiemecwulschner.jpg",300,225,false],"medium_large":["https:\/\/mv-sport.de\/c\/wp-content\/uploads\/2018\/09\/nationenpreistraeger_wulschner-thiemecwulschner.jpg",300,225,false],"large":["https:\/\/mv-sport.de\/c\/wp-content\/uploads\/2018\/09\/nationenpreistraeger_wulschner-thiemecwulschner.jpg",300,225,false],"1536x1536":["https:\/\/mv-sport.de\/c\/wp-content\/uploads\/2018\/09\/nationenpreistraeger_wulschner-thiemecwulschner.jpg",300,225,false],"2048x2048":["https:\/\/mv-sport.de\/c\/wp-content\/uploads\/2018\/09\/nationenpreistraeger_wulschner-thiemecwulschner.jpg",300,225,false],"ultp_layout_landscape_large":["https:\/\/mv-sport.de\/c\/wp-content\/uploads\/2018\/09\/nationenpreistraeger_wulschner-thiemecwulschner.jpg",300,225,false],"ultp_layout_landscape":["https:\/\/mv-sport.de\/c\/wp-content\/uploads\/2018\/09\/nationenpreistraeger_wulschner-thiemecwulschner.jpg",300,225,false],"ultp_layout_portrait":["https:\/\/mv-sport.de\/c\/wp-content\/uploads\/2018\/09\/nationenpreistraeger_wulschner-thiemecwulschner.jpg",300,225,false],"ultp_layout_square":["https:\/\/mv-sport.de\/c\/wp-content\/uploads\/2018\/09\/nationenpreistraeger_wulschner-thiemecwulschner.jpg",300,225,false]},"uagb_author_info":{"display_name":"Pferdesportverband MV","author_link":"https:\/\/mv-sport.de\/c\/author\/hans-joachim-begall\/"},"uagb_comment_info":0,"uagb_excerpt":"Das deutsche Team mit Holger Wulschner (Gro\u00df Viegeln) auf BSC Skipper, Andr\u00e9 Thieme (Plau am See) auf Aretino, Marcus Ehning (Borken) auf Funky Fred und Philipp Weishaupt (H\u00f6rstel) auf Sansibar gewinnt den Nationenpreis beim F\u00fcnf-Sterne Turnier in Calgary, Kanada. Mit zwei makellosen Nullrunden schufen die Landsm\u00e4nner Holger Wulschner und Andr\u00e9 Thieme mit einem Zeitstrafpunkt im&hellip;","_links":{"self":[{"href":"https:\/\/mv-sport.de\/c\/wp-json\/wp\/v2\/posts\/13671","targetHints":{"allow":["GET"]}}],"collection":[{"href":"https:\/\/mv-sport.de\/c\/wp-json\/wp\/v2\/posts"}],"about":[{"href":"https:\/\/mv-sport.de\/c\/wp-json\/wp\/v2\/types\/post"}],"author":[{"embeddable":true,"href":"https:\/\/mv-sport.de\/c\/wp-json\/wp\/v2\/users\/19"}],"replies":[{"embeddable":true,"href":"https:\/\/mv-sport.de\/c\/wp-json\/wp\/v2\/comments?post=13671"}],"version-history":[{"count":0,"href":"https:\/\/mv-sport.de\/c\/wp-json\/wp\/v2\/posts\/13671\/revisions"}],"wp:featuredmedia":[{"embeddable":true,"href":"https:\/\/mv-sport.de\/c\/wp-json\/wp\/v2\/media\/13674"}],"wp:attachment":[{"href":"https:\/\/mv-sport.de\/c\/wp-json\/wp\/v2\/media?parent=13671"}],"wp:term":[{"taxonomy":"category","embeddable":true,"href":"https:\/\/mv-sport.de\/c\/wp-json\/wp\/v2\/categories?post=13671"},{"taxonomy":"post_tag","embeddable":true,"href":"https:\/\/mv-sport.de\/c\/wp-json\/wp\/v2\/tags?post=13671"},{"taxonomy":"ort","embeddable":true,"href":"https:\/\/mv-sport.de\/c\/wp-json\/wp\/v2\/ort?post=13671"}],"curies":[{"name":"wp","href":"https:\/\/api.w.org\/{rel}","templated":true}]}}