{"id":14164,"date":"2018-10-17T06:51:39","date_gmt":"2018-10-17T04:51:39","guid":{"rendered":"https:\/\/mv-sport.de\/?p=14164"},"modified":"2018-10-17T10:31:25","modified_gmt":"2018-10-17T08:31:25","slug":"die-wm-2019-und-olympia-2020-sind-schon-ziele-fuer-mich","status":"publish","type":"post","link":"https:\/\/mv-sport.de\/c\/die-wm-2019-und-olympia-2020-sind-schon-ziele-fuer-mich\/","title":{"rendered":"&#8222;Die WM 2019 und Olympia 2020 sind schon Ziele f\u00fcr mich&#8230;&#8220;"},"content":{"rendered":"<h3><span style=\"color: #808080;\">Schwimmer Carl Louis Schwarz \u00fcber seine Ambitionen<\/span><\/h3>\n<p><strong>Der geb\u00fcrtige Schweriner Carl Louis Schwarz (Potsdamer SV) verpasste in diesem Jahr zwar die EM-Qualifikation konnte jedoch bei den Deutschen Hochschulmeisterschaften in W\u00fcrzburg mit dreimal Gold und einmal Silber auftrumpfen. Im Gespr\u00e4ch erz\u00e4hlt der 23-J\u00e4hrige \u00fcber seine Schwimm-Highlights in den letzten Monaten und seine n\u00e4chsten Ziele.<br \/>\n<\/strong><\/p>\n<figure id=\"attachment_4440\" aria-describedby=\"caption-attachment-4440\" style=\"width: 1000px\" class=\"wp-caption alignnone\"><a href=\"https:\/\/mv-sport.de\/wp-content\/uploads\/2017\/07\/schwimmen-beispiel-symbolfoto-2.jpg\"><img loading=\"lazy\" decoding=\"async\" class=\"wp-image-4440 size-full\" src=\"https:\/\/mv-sport.de\/wp-content\/uploads\/2017\/07\/schwimmen-beispiel-symbolfoto-2.jpg\" alt=\"Schwimmen Symbolfoto\" width=\"1000\" height=\"667\" \/><\/a><figcaption id=\"caption-attachment-4440\" class=\"wp-caption-text\">Symbolfoto Schwimmen<\/figcaption><\/figure>\n<h2><strong>Interview<\/strong><\/h2>\n<p><strong>Frage:<\/strong> Carl, wenn du auf die letzten zehn Monate zur\u00fcckblickst&#8230; Was waren f\u00fcr dich pers\u00f6nlich deine schwimmsportlichen H\u00f6hepunkte 2018?<\/p>\n<p><strong>Carl Louis Schwarz:<\/strong> In den letzten 10 Monaten waren mein ganz besonderer sportlicher H\u00f6hepunkt leider nur die Deutschen Meisterschaften, da ich leider die Qualifikation f\u00fcr die EM verpasste. Ansonsten gab es einen sportlichen Highlight gleich zu Beginn des Jahres, als ich bei den Deutschen Mannschaftsmeisterschaften Anfang Februar mit dem Potsdamer SV den Vize-Meister-Titel erk\u00e4mpfte. Ansonsten war ich auch mit meinen drei Siegen und einem zweiten Platz bei den Deutschen Hochschul-Meisterschaften im Fr\u00fchsommer in W\u00fcrzburg sehr zufrieden. Die Zeiten waren zwar nicht so schnell wie erhofft, aber dennoch waren es gute Titelk\u00e4mpfe f\u00fcr mich.<\/p>\n<p><strong>Frage:<\/strong> International betrachtet&#8230; Welche Leistungen beeindruckten dich zuletzt?<\/p>\n<p><strong>Carl Louis Schwarz:<\/strong> Der internationale H\u00f6hepunkt in diesem Jahr waren die EM im August in Glasgow. Dort gab es zahlreiche herausragende Leistungen.\u00a0 Kompakt betrachtet wurden 2018 zudem einige Weltrekorde aufgestellt, wie zum Beispiel auf meiner Parade-Disziplin, den 50 Meter\u00a0 R\u00fccken. Aber auch die 1500 Meter Freistil-Zeit von Florian Wellbrock war aus deutscher Sicht sehr stark.<\/p>\n<p><strong>Frage:<\/strong> 2019 stehen die WM in Gwangju an. 2020 ruft dann Olympia in Tokyo. Was sind deine Ziele?<\/p>\n<p><strong>Carl Louis Schwarz:<\/strong> Die obersten Ziele f\u00fcr 2019 und 2020 sind die WM und die Olympischen Spiele. Wie weit ich diese Ziele realisieren kann, werde ich sehen.<\/p>\n<p><strong>Frage:<\/strong> Bei den Junioren-WM 2013 in Dubai konntest du Silber \u00fcber 50 Meter R\u00fccken gewinnen. Du warst Teilnehmer an den WM 2015 in Kazan und an den EM 2016 in London. Welche Erinnerungen verbindest du mit den Events?<\/p>\n<p><strong>Carl Louis Schwarz:<\/strong> Die Junioren-WM 2013 in Dubai bleiben mir nachhaltig in Erinnerung, denn dort gewann ich an meinem 18. Geburtstag die Silbermedaille &#8211; \u00a0mein bis dato gr\u00f6\u00dfter Erfolg . Bei den WM 2015 und bei den EM 2016 war es berauschend, vor so vielen Zuschauer zu schwimmen, weil so eine beeindruckende Kulisse\u00a0 eher untypisch f\u00fcr normale Schwimm-Wettk\u00e4mpfe ist.<\/p>\n<p><strong>Letzte Frage:<\/strong> Wie sieht dein Trainingsalltag w\u00e4hrend des Studiums aus? Wie weit bist du eigentlich mit deinem Studium?<\/p>\n<p><strong>Carl Louis Schwarz: <\/strong>Ich studiere Wirtschaftsingenieurswesen an der TH Wildau. Bis jetzt war es immer so, dass zwischen 6 Uhr bzw. 8 Uhr \u00a0Training auf dem Plan stand. Danach ging es\u00a0 an die Uni und \u00a0nach der Uni wieder zum Training zwischen\u00a0 16 Uhr und 19 Uhr. So gestaltete sich der Tages- und Trainingsablauf in den letzten zwei Jahren, was mich sportlich nicht weiter brachte. Mir fehlten ganz einfach die Regenerationsphasen. Deswegen habe ich mit in meinem mein Studium eine Pause eingelegt, \u00a0um noch einmal zu schauen,\u00a0 was sportlich f\u00fcr mich m\u00f6glich ist. Studieren kann ich auch noch in zwei Jahren.<\/p>\n<p><strong>Vielen Dank und erfolgreiche Schwimm-Jahre!<\/strong><\/p>\n<p>[box type=&#8220;info&#8220;]<\/p>\n<p><strong>Die Schwimm-Wettk\u00e4mpfen bei den dritten Olympischen Jugendspielen in Zahlen<em><br \/>\n<\/em><\/strong><\/p>\n<p>Bei den dritten Olympischen Jugend-Spielen in Buenos Aires (7. bis 12. Oktober 2018), starteten 390 Schwimmerinnen und Schwimmern aus 139 Nationen. Es gab es insgesamt 36 Entscheidungen. Erfolgreichste Schwimm-Nation wurde Russland mit 19 Medaillen, darunter dreizehnmal Gold. Sehr stark waren auch Ungarn (siebenmal Gold), China (dreimal Gold) sowie Japan und Tschechien (je zweimal Gold). F\u00fcr das deutsche Team gab es in der Hauptstadt Argentiniens zwei Medaillen durch Angelina K\u00f6hler (Hannover 96). Sie erk\u00e4mpfte Silber \u00fcber 100 Meter Schmetterling und Bronze \u00fcber 50 Meter Schmetterling (zusammen mit Polina Jegorowa aus Russland).<\/p>\n<p>[\/box]<\/p>\n<p>&nbsp;<\/p>\n<figure id=\"attachment_7248\" aria-describedby=\"caption-attachment-7248\" style=\"width: 300px\" class=\"wp-caption alignright\"><a href=\"https:\/\/mv-sport.de\/wp-content\/uploads\/2017\/11\/flosse1.jpg\"><img loading=\"lazy\" decoding=\"async\" class=\"size-medium wp-image-7248\" src=\"https:\/\/mv-sport.de\/wp-content\/uploads\/2017\/11\/flosse1-300x200.jpg\" alt=\"\" width=\"300\" height=\"200\" \/><\/a><figcaption id=\"caption-attachment-7248\" class=\"wp-caption-text\">Impression vom Flossenschwimmen in Rostock. Foto: Wolfgang Gross<\/figcaption><\/figure>\n<h3><strong>Kommende Termine in Rostock<\/strong><\/h3>\n<ul>\n<li>63. Internationales Neptunschwimmfest vom 26. bis 28. Oktober 2018 in der Rostocker Neptunschwimmhalle<\/li>\n<li>52. Internationaler Pokal der Hanse- und Universit\u00e4tsstadt Rostock im Flossenschwimmen und im Tauchsport &#8211; vom 9. bis 11. November 2018, ebenfalls in der Neptunschwimmhalle<\/li>\n<\/ul>\n<p><span style=\"color: #808080;\"><em>Text und Interview: M.Michels<\/em><\/span><\/p>\n","protected":false},"excerpt":{"rendered":"<p>Schwimmer Carl Louis Schwarz \u00fcber seine Ambitionen Der geb\u00fcrtige Schweriner Carl Louis Schwarz (Potsdamer SV) verpasste in diesem Jahr zwar die EM-Qualifikation konnte jedoch bei den Deutschen Hochschulmeisterschaften in W\u00fcrzburg mit dreimal Gold und einmal Silber auftrumpfen. Im Gespr\u00e4ch erz\u00e4hlt der 23-J\u00e4hrige \u00fcber seine Schwimm-Highlights in den letzten Monaten und seine n\u00e4chsten Ziele. Interview Frage: [&hellip;]<\/p>\n","protected":false},"author":3,"featured_media":4440,"comment_status":"open","ping_status":"open","sticky":false,"template":"","format":"standard","meta":{"_seopress_robots_primary_cat":"","_seopress_titles_title":"","_seopress_titles_desc":"","_seopress_robots_index":"","_relevanssi_hide_post":"","_relevanssi_hide_content":"","_relevanssi_pin_for_all":"","_relevanssi_pin_keywords":"","_relevanssi_unpin_keywords":"","_relevanssi_related_keywords":"","_relevanssi_related_include_ids":"","_relevanssi_related_exclude_ids":"","_relevanssi_related_no_append":"","_relevanssi_related_not_related":"","_relevanssi_related_posts":"","_relevanssi_noindex_reason":"","_uag_custom_page_level_css":"","footnotes":""},"categories":[19],"tags":[],"ort":[],"class_list":{"0":"post-14164","1":"post","2":"type-post","3":"status-publish","4":"format-standard","5":"has-post-thumbnail","7":"category-schwimmen"},"featured_image_urls":{"medium":"https:\/\/mv-sport.de\/c\/wp-content\/uploads\/2017\/07\/schwimmen-beispiel-symbolfoto-2-600x600.jpg","medium_large":"https:\/\/mv-sport.de\/c\/wp-content\/uploads\/2017\/07\/schwimmen-beispiel-symbolfoto-2.jpg","large":"https:\/\/mv-sport.de\/c\/wp-content\/uploads\/2017\/07\/schwimmen-beispiel-symbolfoto-2.jpg","full":"https:\/\/mv-sport.de\/c\/wp-content\/uploads\/2017\/07\/schwimmen-beispiel-symbolfoto-2.jpg","alt":"Schwimmen Symbolfoto","caption":"Symbolfoto Schwimmen"},"spectra_custom_meta":{"uab_option":["yes"],"uab_meta_position":["default"],"_extra_rating_average":["0"],"_edit_lock":["1539765096:2"],"_edit_last":["2"],"_thumbnail_id":["4440"],"_et_pb_use_builder":[""],"_et_builder_version":["BB|Divi|3.16"],"_et_pb_old_content":[""],"_et_pb_custom_css":[""],"_yoast_wpseo_primary_category":["19"],"_post_review_box_title":["Review"],"_post_review_box_summary":[""],"_post_review_box_summary_title":["Summary"],"_post_review_box_breakdowns_score":["0"],"_post_review_box_breakdowns_count":["1"],"_post_review_box_breakdowns":["a:1:{i:0;a:2:{s:5:\"title\";s:0:\"\";s:6:\"rating\";i:0;}}"],"_extra_sidebar_location":[""],"_extra_sidebar":[""],"_post_extra_featured_image_hide_single":["1"],"post_views_count":["576"],"xyz_fbap":["1"],"xyz_fbap_insert_og":["0"],"_et_pb_ab_stats_refresh_interval":["hourly"],"_et_pb_enable_shortcode_tracking":[""],"wp_schema_pro_optimized_structured_data":["<!-- Schema optimized by Schema Pro --><script type=\"application\/ld+json\">{\"@context\":\"https:\/\/schema.org\",\"@type\":\"NewsArticle\",\"mainEntityOfPage\":{\"@type\":\"WebPage\",\"@id\":\"https:\/\/mv-sport.de\/die-wm-2019-und-olympia-2020-sind-schon-ziele-fuer-mich\/\"},\"headline\":\"\\\"Die WM 2019 und Olympia 2020 sind schon Ziele f\u00fcr mich...\\\"\",\"image\":{\"@type\":\"ImageObject\",\"url\":\"https:\/\/mv-sport.de\/wp-content\/uploads\/2017\/07\/schwimmen-beispiel-symbolfoto-2.jpg\",\"width\":1000,\"height\":667},\"datePublished\":\"2018-10-17T06:51:39\",\"dateModified\":\"2018-10-17T10:31:25\",\"author\":{\"@type\":\"Person\",\"name\":\"Marko Michels\",\"url\":\"https:\/\/mv-sport.de\/author\/marko-michels\"},\"publisher\":{\"@type\":\"Organization\",\"name\":\"MV-Sport.de - Sportvereine &amp; Sportnachrichten Mecklenburg-Vorpommern\",\"logo\":{\"@type\":\"ImageObject\",\"url\":\"https:\/\/mv-sport.de\/wp-content\/uploads\/2017\/05\/logo-mv-sport-292x60.png\"}}}<\/script><!-- \/ Schema optimized by Schema Pro -->"],"__post_views_count":["693"],"astra_style_timestamp_css":["1757229540"],"_uag_css_file_name":["uag-css-14164.css"],"_uag_page_assets":["a:9:{s:3:\"css\";s:7010:\".uagb-block-88f5875d.wp-block-uagb-image--layout-default figure img{box-shadow: 0px 0px 0 #00000070;}.uagb-block-88f5875d.wp-block-uagb-image .wp-block-uagb-image__figure figcaption{font-style: normal;align-self: center;}.uagb-block-88f5875d.wp-block-uagb-image--layout-overlay figure img{box-shadow: 0px 0px 0 #00000070;}.uagb-block-88f5875d.wp-block-uagb-image--layout-overlay .wp-block-uagb-image--layout-overlay__color-wrapper{opacity: 0.2;}.uagb-block-88f5875d.wp-block-uagb-image--layout-overlay .wp-block-uagb-image--layout-overlay__inner{left: 15px;right: 15px;top: 15px;bottom: 15px;}.uagb-block-88f5875d.wp-block-uagb-image--layout-overlay .wp-block-uagb-image--layout-overlay__inner .uagb-image-heading{font-style: normal;color: #fff;opacity: 1;}.uagb-block-88f5875d.wp-block-uagb-image--layout-overlay .wp-block-uagb-image--layout-overlay__inner .uagb-image-heading a{color: #fff;}.uagb-block-88f5875d.wp-block-uagb-image--layout-overlay .wp-block-uagb-image--layout-overlay__inner .uagb-image-caption{opacity: 0;}.uagb-block-88f5875d.wp-block-uagb-image--layout-overlay .wp-block-uagb-image__figure:hover .wp-block-uagb-image--layout-overlay__color-wrapper{opacity: 1;}.uagb-block-88f5875d.wp-block-uagb-image .wp-block-uagb-image--layout-overlay__inner .uagb-image-separator{width: 30%;border-top-width: 2px;border-top-color: #fff;opacity: 0;}.uagb-block-88f5875d.wp-block-uagb-image .wp-block-uagb-image__figure img{width: 297px;height: auto;}.uagb-block-88f5875d.wp-block-uagb-image .wp-block-uagb-image__figure:hover .wp-block-uagb-image--layout-overlay__inner .uagb-image-caption{opacity: 1;}.uagb-block-88f5875d.wp-block-uagb-image .wp-block-uagb-image__figure:hover .wp-block-uagb-image--layout-overlay__inner .uagb-image-separator{opacity: 1;}.uagb-block-88f5875d.wp-block-uagb-image--layout-default figure:hover img{box-shadow: 0px 0px 0 #00000070;}.uagb-block-88f5875d.wp-block-uagb-image--layout-overlay figure:hover img{box-shadow: 0px 0px 0 #00000070;}@media only screen and (max-width: 976px) {.uagb-block-88f5875d.wp-block-uagb-image .wp-block-uagb-image__figure img{width: 297px;height: auto;}}@media only screen and (max-width: 767px) {.uagb-block-88f5875d.wp-block-uagb-image .wp-block-uagb-image__figure img{width: 297px;height: auto;}}.uagb-block-b6c54374.wp-block-uagb-image{margin-top: 0px;margin-right: 0px;margin-bottom: 0px;margin-left: 0px;}.uagb-block-b6c54374.wp-block-uagb-image--layout-default figure img{box-shadow: 0px 0px 0 #00000070;}.uagb-block-b6c54374.wp-block-uagb-image .wp-block-uagb-image__figure figcaption{font-style: normal;align-self: center;}.uagb-block-b6c54374.wp-block-uagb-image--layout-overlay figure img{box-shadow: 0px 0px 0 #00000070;}.uagb-block-b6c54374.wp-block-uagb-image--layout-overlay .wp-block-uagb-image--layout-overlay__color-wrapper{opacity: 0.2;}.uagb-block-b6c54374.wp-block-uagb-image--layout-overlay .wp-block-uagb-image--layout-overlay__inner{left: 15px;right: 15px;top: 15px;bottom: 15px;}.uagb-block-b6c54374.wp-block-uagb-image--layout-overlay .wp-block-uagb-image--layout-overlay__inner .uagb-image-heading{font-style: normal;color: #fff;opacity: 1;}.uagb-block-b6c54374.wp-block-uagb-image--layout-overlay .wp-block-uagb-image--layout-overlay__inner .uagb-image-heading a{color: #fff;}.uagb-block-b6c54374.wp-block-uagb-image--layout-overlay .wp-block-uagb-image--layout-overlay__inner .uagb-image-caption{opacity: 0;}.uagb-block-b6c54374.wp-block-uagb-image--layout-overlay .wp-block-uagb-image__figure:hover .wp-block-uagb-image--layout-overlay__color-wrapper{opacity: 1;}.uagb-block-b6c54374.wp-block-uagb-image .wp-block-uagb-image--layout-overlay__inner .uagb-image-separator{width: 30%;border-top-width: 2px;border-top-color: #fff;opacity: 0;}.uagb-block-b6c54374.wp-block-uagb-image .wp-block-uagb-image__figure img{width: px;height: auto;}.uagb-block-b6c54374.wp-block-uagb-image .wp-block-uagb-image__figure:hover .wp-block-uagb-image--layout-overlay__inner .uagb-image-caption{opacity: 1;}.uagb-block-b6c54374.wp-block-uagb-image .wp-block-uagb-image__figure:hover .wp-block-uagb-image--layout-overlay__inner .uagb-image-separator{opacity: 1;}.uagb-block-b6c54374.wp-block-uagb-image--layout-default figure:hover img{box-shadow: 0px 0px 0 #00000070;}.uagb-block-b6c54374.wp-block-uagb-image--layout-overlay figure:hover img{box-shadow: 0px 0px 0 #00000070;}@media only screen and (max-width: 976px) {.uagb-block-b6c54374.wp-block-uagb-image .wp-block-uagb-image__figure img{width: px;height: auto;}}@media only screen and (max-width: 767px) {.uagb-block-b6c54374.wp-block-uagb-image .wp-block-uagb-image__figure img{width: px;height: auto;}}.uagb-block-2bdcf70c.wp-block-uagb-image{margin-top: 0px;margin-right: 0px;margin-bottom: 0px;margin-left: 0px;}.uagb-block-2bdcf70c.wp-block-uagb-image--layout-default figure img{box-shadow: 0px 0px 0 #00000070;}.uagb-block-2bdcf70c.wp-block-uagb-image .wp-block-uagb-image__figure figcaption{font-style: normal;align-self: center;}.uagb-block-2bdcf70c.wp-block-uagb-image--layout-overlay figure img{box-shadow: 0px 0px 0 #00000070;}.uagb-block-2bdcf70c.wp-block-uagb-image--layout-overlay .wp-block-uagb-image--layout-overlay__color-wrapper{opacity: 0.2;}.uagb-block-2bdcf70c.wp-block-uagb-image--layout-overlay .wp-block-uagb-image--layout-overlay__inner{left: 15px;right: 15px;top: 15px;bottom: 15px;}.uagb-block-2bdcf70c.wp-block-uagb-image--layout-overlay .wp-block-uagb-image--layout-overlay__inner .uagb-image-heading{font-style: normal;color: #fff;opacity: 1;}.uagb-block-2bdcf70c.wp-block-uagb-image--layout-overlay .wp-block-uagb-image--layout-overlay__inner .uagb-image-heading a{color: #fff;}.uagb-block-2bdcf70c.wp-block-uagb-image--layout-overlay .wp-block-uagb-image--layout-overlay__inner .uagb-image-caption{opacity: 0;}.uagb-block-2bdcf70c.wp-block-uagb-image--layout-overlay .wp-block-uagb-image__figure:hover .wp-block-uagb-image--layout-overlay__color-wrapper{opacity: 1;}.uagb-block-2bdcf70c.wp-block-uagb-image .wp-block-uagb-image--layout-overlay__inner .uagb-image-separator{width: 30%;border-top-width: 2px;border-top-color: #fff;opacity: 0;}.uagb-block-2bdcf70c.wp-block-uagb-image .wp-block-uagb-image__figure img{width: px;height: auto;}.uagb-block-2bdcf70c.wp-block-uagb-image .wp-block-uagb-image__figure:hover .wp-block-uagb-image--layout-overlay__inner .uagb-image-caption{opacity: 1;}.uagb-block-2bdcf70c.wp-block-uagb-image .wp-block-uagb-image__figure:hover .wp-block-uagb-image--layout-overlay__inner .uagb-image-separator{opacity: 1;}.uagb-block-2bdcf70c.wp-block-uagb-image--layout-default figure:hover img{box-shadow: 0px 0px 0 #00000070;}.uagb-block-2bdcf70c.wp-block-uagb-image--layout-overlay figure:hover img{box-shadow: 0px 0px 0 #00000070;}@media only screen and (max-width: 976px) {.uagb-block-2bdcf70c.wp-block-uagb-image .wp-block-uagb-image__figure img{width: px;height: auto;}}@media only screen and (max-width: 767px) {.uagb-block-2bdcf70c.wp-block-uagb-image .wp-block-uagb-image__figure img{width: px;height: auto;}}\";s:2:\"js\";s:0:\"\";s:18:\"current_block_list\";a:28:{i:0;s:10:\"core\/group\";i:2;s:24:\"core\/post-featured-image\";i:3;s:15:\"core\/post-title\";i:5;s:14:\"core\/post-date\";i:6;s:16:\"core\/post-author\";i:7;s:15:\"core\/post-terms\";i:8;s:17:\"core\/post-content\";i:9;s:14:\"core\/separator\";i:10;s:13:\"core\/comments\";i:11;s:19:\"core\/comments-title\";i:12;s:21:\"core\/comment-template\";i:15;s:11:\"core\/avatar\";i:16;s:24:\"core\/comment-author-name\";i:17;s:17:\"core\/comment-date\";i:18;s:20:\"core\/comment-content\";i:19;s:23:\"core\/comment-reply-link\";i:20;s:24:\"core\/comments-pagination\";i:21;s:33:\"core\/comments-pagination-previous\";i:22;s:32:\"core\/comments-pagination-numbers\";i:23;s:29:\"core\/comments-pagination-next\";i:24;s:23:\"core\/post-comments-form\";i:25;s:14:\"core\/tag-cloud\";i:26;s:12:\"core\/heading\";i:27;s:14:\"core\/paragraph\";i:28;s:12:\"core\/buttons\";i:29;s:11:\"core\/button\";i:30;s:10:\"uagb\/image\";i:31;s:10:\"core\/image\";}s:8:\"uag_flag\";b:1;s:11:\"uag_version\";s:10:\"1777173070\";s:6:\"gfonts\";a:0:{}s:10:\"gfonts_url\";s:0:\"\";s:12:\"gfonts_files\";a:0:{}s:14:\"uag_faq_layout\";b:0;}"]},"uagb_featured_image_src":{"full":["https:\/\/mv-sport.de\/c\/wp-content\/uploads\/2017\/07\/schwimmen-beispiel-symbolfoto-2.jpg",1000,667,false],"thumbnail":["https:\/\/mv-sport.de\/c\/wp-content\/uploads\/2017\/07\/schwimmen-beispiel-symbolfoto-2-150x150.jpg",150,150,true],"medium":["https:\/\/mv-sport.de\/c\/wp-content\/uploads\/2017\/07\/schwimmen-beispiel-symbolfoto-2-600x600.jpg",350,350,true],"medium_large":["https:\/\/mv-sport.de\/c\/wp-content\/uploads\/2017\/07\/schwimmen-beispiel-symbolfoto-2.jpg",768,512,false],"large":["https:\/\/mv-sport.de\/c\/wp-content\/uploads\/2017\/07\/schwimmen-beispiel-symbolfoto-2.jpg",1000,667,false],"1536x1536":["https:\/\/mv-sport.de\/c\/wp-content\/uploads\/2017\/07\/schwimmen-beispiel-symbolfoto-2.jpg",1000,667,false],"2048x2048":["https:\/\/mv-sport.de\/c\/wp-content\/uploads\/2017\/07\/schwimmen-beispiel-symbolfoto-2.jpg",1000,667,false],"ultp_layout_landscape_large":["https:\/\/mv-sport.de\/c\/wp-content\/uploads\/2017\/07\/schwimmen-beispiel-symbolfoto-2.jpg",1000,667,false],"ultp_layout_landscape":["https:\/\/mv-sport.de\/c\/wp-content\/uploads\/2017\/07\/schwimmen-beispiel-symbolfoto-2.jpg",855,570,false],"ultp_layout_portrait":["https:\/\/mv-sport.de\/c\/wp-content\/uploads\/2017\/07\/schwimmen-beispiel-symbolfoto-2.jpg",600,400,false],"ultp_layout_square":["https:\/\/mv-sport.de\/c\/wp-content\/uploads\/2017\/07\/schwimmen-beispiel-symbolfoto-2.jpg",600,400,false]},"uagb_author_info":{"display_name":"Marko Michels","author_link":"https:\/\/mv-sport.de\/c\/author\/marko-michels\/"},"uagb_comment_info":0,"uagb_excerpt":"Schwimmer Carl Louis Schwarz \u00fcber seine Ambitionen Der geb\u00fcrtige Schweriner Carl Louis Schwarz (Potsdamer SV) verpasste in diesem Jahr zwar die EM-Qualifikation konnte jedoch bei den Deutschen Hochschulmeisterschaften in W\u00fcrzburg mit dreimal Gold und einmal Silber auftrumpfen. Im Gespr\u00e4ch erz\u00e4hlt der 23-J\u00e4hrige \u00fcber seine Schwimm-Highlights in den letzten Monaten und seine n\u00e4chsten Ziele. Interview Frage:&hellip;","_links":{"self":[{"href":"https:\/\/mv-sport.de\/c\/wp-json\/wp\/v2\/posts\/14164","targetHints":{"allow":["GET"]}}],"collection":[{"href":"https:\/\/mv-sport.de\/c\/wp-json\/wp\/v2\/posts"}],"about":[{"href":"https:\/\/mv-sport.de\/c\/wp-json\/wp\/v2\/types\/post"}],"author":[{"embeddable":true,"href":"https:\/\/mv-sport.de\/c\/wp-json\/wp\/v2\/users\/3"}],"replies":[{"embeddable":true,"href":"https:\/\/mv-sport.de\/c\/wp-json\/wp\/v2\/comments?post=14164"}],"version-history":[{"count":0,"href":"https:\/\/mv-sport.de\/c\/wp-json\/wp\/v2\/posts\/14164\/revisions"}],"wp:featuredmedia":[{"embeddable":true,"href":"https:\/\/mv-sport.de\/c\/wp-json\/wp\/v2\/media\/4440"}],"wp:attachment":[{"href":"https:\/\/mv-sport.de\/c\/wp-json\/wp\/v2\/media?parent=14164"}],"wp:term":[{"taxonomy":"category","embeddable":true,"href":"https:\/\/mv-sport.de\/c\/wp-json\/wp\/v2\/categories?post=14164"},{"taxonomy":"post_tag","embeddable":true,"href":"https:\/\/mv-sport.de\/c\/wp-json\/wp\/v2\/tags?post=14164"},{"taxonomy":"ort","embeddable":true,"href":"https:\/\/mv-sport.de\/c\/wp-json\/wp\/v2\/ort?post=14164"}],"curies":[{"name":"wp","href":"https:\/\/api.w.org\/{rel}","templated":true}]}}