{"id":14829,"date":"2018-11-19T15:06:00","date_gmt":"2018-11-19T14:06:00","guid":{"rendered":"https:\/\/mv-sport.de\/?p=14829"},"modified":"2018-11-20T10:18:22","modified_gmt":"2018-11-20T09:18:22","slug":"top-ten-rang-fuer-bjoern-feldt-vom-mc-grevesmuehlen","status":"publish","type":"post","link":"https:\/\/mv-sport.de\/c\/top-ten-rang-fuer-bjoern-feldt-vom-mc-grevesmuehlen\/","title":{"rendered":"Top Ten-Rang f\u00fcr Bj\u00f6rn Feldt vom MC Grevesm\u00fchlen"},"content":{"rendered":"<h3><span style=\"color: #808080;\">Deutschland mit Bj\u00f6rn Feldt wird Zehnter bei Six Days in Chile<\/span><\/h3>\n<figure id=\"attachment_14845\" aria-describedby=\"caption-attachment-14845\" style=\"width: 400px\" class=\"wp-caption alignleft\"><a href=\"https:\/\/mv-sport.de\/wp-content\/uploads\/2018\/11\/20181117_002622-1.jpg\"><img loading=\"lazy\" decoding=\"async\" class=\"wp-image-14845\" src=\"https:\/\/mv-sport.de\/wp-content\/uploads\/2018\/11\/20181117_002622-1-300x289.jpg\" alt=\"\" width=\"400\" height=\"386\" \/><\/a><figcaption id=\"caption-attachment-14845\" class=\"wp-caption-text\">Bj\u00f6rn Feldt bei den Six Days in Chile um die Enduro Team-WM 2018<\/figcaption><\/figure>\n<p><strong>Chile<\/strong>: Im chilenischen Vina del Mar am Pazifik wurden die 93. Six Days um die Enduro Team-WM ausgetragen. 445 Endurofahrer aus 25 Nationen.\u00a0darunter 34 aus Deutschland, beteiligten sich in f\u00fcnf Wertungen, an diesem\u00a0Spektakel. Die wichtigste Klasse ist dabei die Trophy um die Teamweltmeisterschaft. 17 Nationen mit jeweils vier Fahrern, von denen\u00a0die besten Drei in die t\u00e4gliche Wertung kamen, starteten in Vina del Mar.<\/p>\n<p>F\u00fcr Deutschland waren es Davide von Zitzewitz (Karlshof), Edward H\u00fcbner (Penig), Robert Riedel (Woltersdorf) und der Roduchelstorfer Bj\u00f6rn Feldt vom\u00a0MC Grevesm\u00fchlen. Bj\u00f6rn Feldt kam kurzfristig ins Aufgebot, da sich Tilman Krause vom MC Rehna wenige Tage vor dem Abflug nach Chile beim\u00a0Training verletzte. Aus der\u00a0Zielstellung, im Idealfall unter die ersten F\u00fcnf gegen die \u00fcberwiegend aus Profis bestehenden Teams zu kommen, wurde es f\u00fcr die ehrgeizigen\u00a0deutschen Amateure nichts.<\/p>\n<p>Die ersten sechs\u00a0Pl\u00e4tze belegten Australien, USA, Italien,\u00a0Frankreich, Spanien und der 2019 Six Days- Veranstalter Portugal. Erschwerend f\u00fcr Deutschland kam hinzu, dass sich Edward H\u00fcbner bereits am zweiten Tag verletzte und nicht mehr zur Verf\u00fcgung stand.<\/p>\n<p>&#8222;Da musste wir zu Dritt durchhalten, denn ein weiterer Ausfall h\u00e4tte uns aller Chancen beraubt. Wir haben alles gegeben und f\u00fcr mich wurde es nach einer Handverletzung am vierten Tag noch schwerer, aber eine Aufgabe stand nicht zur Debatte. Sechs Tage am St\u00fcck bei viel Staub und schwierigsten Leistungspr\u00fcfungen waren f\u00fcr uns, die wir bei den Deutschen Meisterschaften h\u00f6chstens\u00a0zwei Tage in Folge fahren, die h\u00e4rtesten Bedingungen und ich habe das Gef\u00fchl, dass ich an jedem Tag ein Kilogramm leichter geworden bin!&#8220; gibt Bj\u00f6rn Feldt zur Kenntnis.<\/p>\n<p>Welche Rolle spielte dabei, dass Bj\u00f6rn die\u00a0Maschine\u00a0von Tilman Krause nutzen musste, denn f\u00fcr einen Transport seiner 500 ccm 4-Takt KTM nach Chile war es schon zu sp\u00e4t?! Dazu Bj\u00f6rn: &#8222;Ich bin Tilmann dankbar, dass ich seine 300 ccm 2-Takt KTM fahren durfte, aber es dauerte bis zwei Tage ehe ich diese Technik wieder voll drauf hatte.&#8220; Es waren f\u00fcr Bj\u00f6rn Feldt nach Italien die zweiten Six Days.<\/p>\n<p>Ob er in Portugal 2019 dabei sein m\u00f6chte, ist ihm noch nicht klar.\u00a0&#8222;Die Teilnahme in diesem Jahr so kurzfristig abzusichern, war nicht einfach. Ich bin meinem Arbeitgeber dankbar daf\u00fcr, dass er mir\u00a0f\u00fcr die nahezu zwei Wochen Sonderurlaub gegeben hat. Meine Familie hat mich unterst\u00fctzt und auch Sponsoren, der Landesmotorsportverband sowie\u00a0Freunde haben mir geholfen, um meinen finanziellen Eigenanteil abzusichern. Daf\u00fcr m\u00f6chte ich mich bei allen\u00a0bedanken,&#8220; sagt Bj\u00f6rner erleichtert.<\/p>\n<p>Die Saison ist f\u00fcr ihn jedoch noch nicht zu Ende, denn am 24. November findet in F\u00fcrstenwalde die\u00a0abschlie\u00dfende f\u00fcnfte Fahrt um die Enduro-Landesmeisterschaft\u00a0statt und dort k\u00e4mpfen\u00a0er sowie\u00a0der Woltersdorfer Robert Riedel noch um die Titel.<\/p>\n<p><em>Text: Horst Kaiser<\/em><\/p>\n<hr \/>\n<h2><span style=\"color: #808080;\"><strong>Exkurs <\/strong><\/span><\/h2>\n<h3><span style=\"color: #808080;\"><strong>Schwerin und die Anf\u00e4nge des Motorsportes<\/strong><\/span><\/h3>\n<p><span style=\"color: #808080;\">Nach 1900 erfuhren die motorsportlichen Disziplinen wie Motorradsport, Automobilsport, Motorbootsport und Motorflugsport in Schwerin eine zunehmend positive Resonanz unter der einheimischen Bev\u00f6lkerung. Insbesondere der Gro\u00dfherzoglich Mecklenburgische Automobil-Club 1911 und <\/span><span style=\"color: #808080;\">der Schweriner Motorrad-Club von 1924 <\/span><span style=\"color: #808080;\">konnten echte Begeisterung bei den Hauptst\u00e4dtern entfachen.<\/span><\/p>\n<p><span style=\"color: #808080;\">Der Motorbootsport fand mit Ende des<\/span><span style=\"color: #808080;\"> ersten Weltkriegs seine Anh\u00e4nger. Der neu gegr\u00fcndete \u201eSchweriner Motorboot-Club e.V.\u201c veranstaltete bis 1933 j\u00e4hrlich Club-Regatten mit ausw\u00e4rtiger Beteiligung, die meistens in der Zippendorfer Bucht, auf dem Gro\u00dfen Schweriner See oder auf dem Burgsee stattfanden. F\u00fcr diese Regatten stiftete der Magistrat Schwerin einen Wanderpreis.<\/span><\/p>\n<p><em><span style=\"color: #808080;\">M.Michels<\/span><\/em><\/p>\n","protected":false},"excerpt":{"rendered":"<p>Deutschland mit Bj\u00f6rn Feldt wird Zehnter bei Six Days in Chile Chile: Im chilenischen Vina del Mar am Pazifik wurden die 93. Six Days um die Enduro Team-WM ausgetragen. 445 Endurofahrer aus 25 Nationen.\u00a0darunter 34 aus Deutschland, beteiligten sich in f\u00fcnf Wertungen, an diesem\u00a0Spektakel. Die wichtigste Klasse ist dabei die Trophy um die Teamweltmeisterschaft. 17 [&hellip;]<\/p>\n","protected":false},"author":3,"featured_media":14845,"comment_status":"open","ping_status":"open","sticky":false,"template":"","format":"standard","meta":{"_seopress_robots_primary_cat":"","_seopress_titles_title":"","_seopress_titles_desc":"","_seopress_robots_index":"","_relevanssi_hide_post":"","_relevanssi_hide_content":"","_relevanssi_pin_for_all":"","_relevanssi_pin_keywords":"","_relevanssi_unpin_keywords":"","_relevanssi_related_keywords":"","_relevanssi_related_include_ids":"","_relevanssi_related_exclude_ids":"","_relevanssi_related_no_append":"","_relevanssi_related_not_related":"","_relevanssi_related_posts":"","_relevanssi_noindex_reason":"","_uag_custom_page_level_css":"","footnotes":""},"categories":[70],"tags":[],"ort":[],"class_list":{"0":"post-14829","1":"post","2":"type-post","3":"status-publish","4":"format-standard","5":"has-post-thumbnail","7":"category-motorsport"},"featured_image_urls":{"medium":"https:\/\/mv-sport.de\/c\/wp-content\/uploads\/2018\/11\/20181117_002622-1-600x600.jpg","medium_large":"https:\/\/mv-sport.de\/c\/wp-content\/uploads\/2018\/11\/20181117_002622-1.jpg","large":"https:\/\/mv-sport.de\/c\/wp-content\/uploads\/2018\/11\/20181117_002622-1.jpg","full":"https:\/\/mv-sport.de\/c\/wp-content\/uploads\/2018\/11\/20181117_002622-1.jpg","alt":"","caption":"Bj\u00f6rn Feldt bei den Six Days in Chile um die Enduro Team-WM 2018"},"spectra_custom_meta":{"uab_option":["yes"],"uab_meta_position":["default"],"_extra_rating_average":["0"],"_edit_lock":["1542706458:2"],"_edit_last":["2"],"_thumbnail_id":["14845"],"xyz_fbap":["1"],"xyz_fbap_insert_og":["0"],"post_views_count":["687"],"_et_pb_use_builder":[""],"_et_builder_version":["BB|Divi|3.17.6"],"_et_pb_old_content":[""],"_et_pb_custom_css":[""],"_yoast_wpseo_primary_category":["70"],"_post_review_box_title":["Review"],"_post_review_box_summary":[""],"_post_review_box_summary_title":["Summary"],"_post_review_box_breakdowns_score":["0"],"_post_review_box_breakdowns_count":["1"],"_post_review_box_breakdowns":["a:1:{i:0;a:2:{s:5:\"title\";s:0:\"\";s:6:\"rating\";i:0;}}"],"_extra_sidebar_location":[""],"_extra_sidebar":[""],"_post_extra_featured_image_hide_single":["1"],"_et_pb_ab_stats_refresh_interval":["hourly"],"_et_pb_enable_shortcode_tracking":[""],"wp_schema_pro_optimized_structured_data":["<!-- Schema optimized by Schema Pro --><script type=\"application\/ld+json\">{\"@context\":\"https:\/\/schema.org\",\"@type\":\"NewsArticle\",\"mainEntityOfPage\":{\"@type\":\"WebPage\",\"@id\":\"https:\/\/mv-sport.de\/top-ten-rang-fuer-bjoern-feldt-vom-mc-grevesmuehlen\/\"},\"headline\":\"Top Ten-Rang f\u00fcr Bj\u00f6rn Feldt vom MC Grevesm\u00fchlen\",\"image\":{\"@type\":\"ImageObject\",\"url\":\"https:\/\/mv-sport.de\/wp-content\/uploads\/2018\/11\/20181117_002622-1.jpg\",\"width\":720,\"height\":694},\"datePublished\":\"2018-11-19T15:06:00\",\"dateModified\":\"2018-11-20T10:18:22\",\"author\":{\"@type\":\"Person\",\"name\":\"Marko Michels\",\"url\":\"https:\/\/mv-sport.de\/author\/marko-michels\"},\"publisher\":{\"@type\":\"Organization\",\"name\":\"MV-Sport.de - Sportvereine &amp; Sportnachrichten Mecklenburg-Vorpommern\",\"logo\":{\"@type\":\"ImageObject\",\"url\":\"https:\/\/mv-sport.de\/wp-content\/uploads\/2017\/05\/logo-mv-sport-292x60.png\"}}}<\/script><!-- \/ Schema optimized by Schema Pro -->"],"__post_views_count":["866"],"astra_style_timestamp_css":["1757567172"],"_uag_css_file_name":["uag-css-14829.css"],"_uag_page_assets":["a:9:{s:3:\"css\";s:7010:\".uagb-block-88f5875d.wp-block-uagb-image--layout-default figure img{box-shadow: 0px 0px 0 #00000070;}.uagb-block-88f5875d.wp-block-uagb-image .wp-block-uagb-image__figure figcaption{font-style: normal;align-self: center;}.uagb-block-88f5875d.wp-block-uagb-image--layout-overlay figure img{box-shadow: 0px 0px 0 #00000070;}.uagb-block-88f5875d.wp-block-uagb-image--layout-overlay .wp-block-uagb-image--layout-overlay__color-wrapper{opacity: 0.2;}.uagb-block-88f5875d.wp-block-uagb-image--layout-overlay .wp-block-uagb-image--layout-overlay__inner{left: 15px;right: 15px;top: 15px;bottom: 15px;}.uagb-block-88f5875d.wp-block-uagb-image--layout-overlay .wp-block-uagb-image--layout-overlay__inner .uagb-image-heading{font-style: normal;color: #fff;opacity: 1;}.uagb-block-88f5875d.wp-block-uagb-image--layout-overlay .wp-block-uagb-image--layout-overlay__inner .uagb-image-heading a{color: #fff;}.uagb-block-88f5875d.wp-block-uagb-image--layout-overlay .wp-block-uagb-image--layout-overlay__inner .uagb-image-caption{opacity: 0;}.uagb-block-88f5875d.wp-block-uagb-image--layout-overlay .wp-block-uagb-image__figure:hover .wp-block-uagb-image--layout-overlay__color-wrapper{opacity: 1;}.uagb-block-88f5875d.wp-block-uagb-image .wp-block-uagb-image--layout-overlay__inner .uagb-image-separator{width: 30%;border-top-width: 2px;border-top-color: #fff;opacity: 0;}.uagb-block-88f5875d.wp-block-uagb-image .wp-block-uagb-image__figure img{width: 297px;height: auto;}.uagb-block-88f5875d.wp-block-uagb-image .wp-block-uagb-image__figure:hover .wp-block-uagb-image--layout-overlay__inner .uagb-image-caption{opacity: 1;}.uagb-block-88f5875d.wp-block-uagb-image .wp-block-uagb-image__figure:hover .wp-block-uagb-image--layout-overlay__inner .uagb-image-separator{opacity: 1;}.uagb-block-88f5875d.wp-block-uagb-image--layout-default figure:hover img{box-shadow: 0px 0px 0 #00000070;}.uagb-block-88f5875d.wp-block-uagb-image--layout-overlay figure:hover img{box-shadow: 0px 0px 0 #00000070;}@media only screen and (max-width: 976px) {.uagb-block-88f5875d.wp-block-uagb-image .wp-block-uagb-image__figure img{width: 297px;height: auto;}}@media only screen and (max-width: 767px) {.uagb-block-88f5875d.wp-block-uagb-image .wp-block-uagb-image__figure img{width: 297px;height: auto;}}.uagb-block-b6c54374.wp-block-uagb-image{margin-top: 0px;margin-right: 0px;margin-bottom: 0px;margin-left: 0px;}.uagb-block-b6c54374.wp-block-uagb-image--layout-default figure img{box-shadow: 0px 0px 0 #00000070;}.uagb-block-b6c54374.wp-block-uagb-image .wp-block-uagb-image__figure figcaption{font-style: normal;align-self: center;}.uagb-block-b6c54374.wp-block-uagb-image--layout-overlay figure img{box-shadow: 0px 0px 0 #00000070;}.uagb-block-b6c54374.wp-block-uagb-image--layout-overlay .wp-block-uagb-image--layout-overlay__color-wrapper{opacity: 0.2;}.uagb-block-b6c54374.wp-block-uagb-image--layout-overlay .wp-block-uagb-image--layout-overlay__inner{left: 15px;right: 15px;top: 15px;bottom: 15px;}.uagb-block-b6c54374.wp-block-uagb-image--layout-overlay .wp-block-uagb-image--layout-overlay__inner .uagb-image-heading{font-style: normal;color: #fff;opacity: 1;}.uagb-block-b6c54374.wp-block-uagb-image--layout-overlay .wp-block-uagb-image--layout-overlay__inner .uagb-image-heading a{color: #fff;}.uagb-block-b6c54374.wp-block-uagb-image--layout-overlay .wp-block-uagb-image--layout-overlay__inner .uagb-image-caption{opacity: 0;}.uagb-block-b6c54374.wp-block-uagb-image--layout-overlay .wp-block-uagb-image__figure:hover .wp-block-uagb-image--layout-overlay__color-wrapper{opacity: 1;}.uagb-block-b6c54374.wp-block-uagb-image .wp-block-uagb-image--layout-overlay__inner .uagb-image-separator{width: 30%;border-top-width: 2px;border-top-color: #fff;opacity: 0;}.uagb-block-b6c54374.wp-block-uagb-image .wp-block-uagb-image__figure img{width: px;height: auto;}.uagb-block-b6c54374.wp-block-uagb-image .wp-block-uagb-image__figure:hover .wp-block-uagb-image--layout-overlay__inner .uagb-image-caption{opacity: 1;}.uagb-block-b6c54374.wp-block-uagb-image .wp-block-uagb-image__figure:hover .wp-block-uagb-image--layout-overlay__inner .uagb-image-separator{opacity: 1;}.uagb-block-b6c54374.wp-block-uagb-image--layout-default figure:hover img{box-shadow: 0px 0px 0 #00000070;}.uagb-block-b6c54374.wp-block-uagb-image--layout-overlay figure:hover img{box-shadow: 0px 0px 0 #00000070;}@media only screen and (max-width: 976px) {.uagb-block-b6c54374.wp-block-uagb-image .wp-block-uagb-image__figure img{width: px;height: auto;}}@media only screen and (max-width: 767px) {.uagb-block-b6c54374.wp-block-uagb-image .wp-block-uagb-image__figure img{width: px;height: auto;}}.uagb-block-2bdcf70c.wp-block-uagb-image{margin-top: 0px;margin-right: 0px;margin-bottom: 0px;margin-left: 0px;}.uagb-block-2bdcf70c.wp-block-uagb-image--layout-default figure img{box-shadow: 0px 0px 0 #00000070;}.uagb-block-2bdcf70c.wp-block-uagb-image .wp-block-uagb-image__figure figcaption{font-style: normal;align-self: center;}.uagb-block-2bdcf70c.wp-block-uagb-image--layout-overlay figure img{box-shadow: 0px 0px 0 #00000070;}.uagb-block-2bdcf70c.wp-block-uagb-image--layout-overlay .wp-block-uagb-image--layout-overlay__color-wrapper{opacity: 0.2;}.uagb-block-2bdcf70c.wp-block-uagb-image--layout-overlay .wp-block-uagb-image--layout-overlay__inner{left: 15px;right: 15px;top: 15px;bottom: 15px;}.uagb-block-2bdcf70c.wp-block-uagb-image--layout-overlay .wp-block-uagb-image--layout-overlay__inner .uagb-image-heading{font-style: normal;color: #fff;opacity: 1;}.uagb-block-2bdcf70c.wp-block-uagb-image--layout-overlay .wp-block-uagb-image--layout-overlay__inner .uagb-image-heading a{color: #fff;}.uagb-block-2bdcf70c.wp-block-uagb-image--layout-overlay .wp-block-uagb-image--layout-overlay__inner .uagb-image-caption{opacity: 0;}.uagb-block-2bdcf70c.wp-block-uagb-image--layout-overlay .wp-block-uagb-image__figure:hover .wp-block-uagb-image--layout-overlay__color-wrapper{opacity: 1;}.uagb-block-2bdcf70c.wp-block-uagb-image .wp-block-uagb-image--layout-overlay__inner .uagb-image-separator{width: 30%;border-top-width: 2px;border-top-color: #fff;opacity: 0;}.uagb-block-2bdcf70c.wp-block-uagb-image .wp-block-uagb-image__figure img{width: px;height: auto;}.uagb-block-2bdcf70c.wp-block-uagb-image .wp-block-uagb-image__figure:hover .wp-block-uagb-image--layout-overlay__inner .uagb-image-caption{opacity: 1;}.uagb-block-2bdcf70c.wp-block-uagb-image .wp-block-uagb-image__figure:hover .wp-block-uagb-image--layout-overlay__inner .uagb-image-separator{opacity: 1;}.uagb-block-2bdcf70c.wp-block-uagb-image--layout-default figure:hover img{box-shadow: 0px 0px 0 #00000070;}.uagb-block-2bdcf70c.wp-block-uagb-image--layout-overlay figure:hover img{box-shadow: 0px 0px 0 #00000070;}@media only screen and (max-width: 976px) {.uagb-block-2bdcf70c.wp-block-uagb-image .wp-block-uagb-image__figure img{width: px;height: auto;}}@media only screen and (max-width: 767px) {.uagb-block-2bdcf70c.wp-block-uagb-image .wp-block-uagb-image__figure img{width: px;height: auto;}}\";s:2:\"js\";s:0:\"\";s:18:\"current_block_list\";a:28:{i:0;s:10:\"core\/group\";i:2;s:24:\"core\/post-featured-image\";i:3;s:15:\"core\/post-title\";i:5;s:14:\"core\/post-date\";i:6;s:16:\"core\/post-author\";i:7;s:15:\"core\/post-terms\";i:8;s:17:\"core\/post-content\";i:9;s:14:\"core\/separator\";i:10;s:13:\"core\/comments\";i:11;s:19:\"core\/comments-title\";i:12;s:21:\"core\/comment-template\";i:15;s:11:\"core\/avatar\";i:16;s:24:\"core\/comment-author-name\";i:17;s:17:\"core\/comment-date\";i:18;s:20:\"core\/comment-content\";i:19;s:23:\"core\/comment-reply-link\";i:20;s:24:\"core\/comments-pagination\";i:21;s:33:\"core\/comments-pagination-previous\";i:22;s:32:\"core\/comments-pagination-numbers\";i:23;s:29:\"core\/comments-pagination-next\";i:24;s:23:\"core\/post-comments-form\";i:25;s:14:\"core\/tag-cloud\";i:26;s:12:\"core\/heading\";i:27;s:14:\"core\/paragraph\";i:28;s:12:\"core\/buttons\";i:29;s:11:\"core\/button\";i:30;s:10:\"uagb\/image\";i:31;s:10:\"core\/image\";}s:8:\"uag_flag\";b:1;s:11:\"uag_version\";s:10:\"1777494953\";s:6:\"gfonts\";a:0:{}s:10:\"gfonts_url\";s:0:\"\";s:12:\"gfonts_files\";a:0:{}s:14:\"uag_faq_layout\";b:0;}"]},"uagb_featured_image_src":{"full":["https:\/\/mv-sport.de\/c\/wp-content\/uploads\/2018\/11\/20181117_002622-1.jpg",720,694,false],"thumbnail":["https:\/\/mv-sport.de\/c\/wp-content\/uploads\/2018\/11\/20181117_002622-1-150x150.jpg",150,150,true],"medium":["https:\/\/mv-sport.de\/c\/wp-content\/uploads\/2018\/11\/20181117_002622-1-600x600.jpg",350,350,true],"medium_large":["https:\/\/mv-sport.de\/c\/wp-content\/uploads\/2018\/11\/20181117_002622-1.jpg",720,694,false],"large":["https:\/\/mv-sport.de\/c\/wp-content\/uploads\/2018\/11\/20181117_002622-1.jpg",720,694,false],"1536x1536":["https:\/\/mv-sport.de\/c\/wp-content\/uploads\/2018\/11\/20181117_002622-1.jpg",720,694,false],"2048x2048":["https:\/\/mv-sport.de\/c\/wp-content\/uploads\/2018\/11\/20181117_002622-1.jpg",720,694,false],"ultp_layout_landscape_large":["https:\/\/mv-sport.de\/c\/wp-content\/uploads\/2018\/11\/20181117_002622-1.jpg",720,694,false],"ultp_layout_landscape":["https:\/\/mv-sport.de\/c\/wp-content\/uploads\/2018\/11\/20181117_002622-1.jpg",591,570,false],"ultp_layout_portrait":["https:\/\/mv-sport.de\/c\/wp-content\/uploads\/2018\/11\/20181117_002622-1.jpg",600,578,false],"ultp_layout_square":["https:\/\/mv-sport.de\/c\/wp-content\/uploads\/2018\/11\/20181117_002622-1.jpg",600,578,false]},"uagb_author_info":{"display_name":"Marko Michels","author_link":"https:\/\/mv-sport.de\/c\/author\/marko-michels\/"},"uagb_comment_info":0,"uagb_excerpt":"Deutschland mit Bj\u00f6rn Feldt wird Zehnter bei Six Days in Chile Chile: Im chilenischen Vina del Mar am Pazifik wurden die 93. Six Days um die Enduro Team-WM ausgetragen. 445 Endurofahrer aus 25 Nationen.\u00a0darunter 34 aus Deutschland, beteiligten sich in f\u00fcnf Wertungen, an diesem\u00a0Spektakel. Die wichtigste Klasse ist dabei die Trophy um die Teamweltmeisterschaft. 17&hellip;","_links":{"self":[{"href":"https:\/\/mv-sport.de\/c\/wp-json\/wp\/v2\/posts\/14829","targetHints":{"allow":["GET"]}}],"collection":[{"href":"https:\/\/mv-sport.de\/c\/wp-json\/wp\/v2\/posts"}],"about":[{"href":"https:\/\/mv-sport.de\/c\/wp-json\/wp\/v2\/types\/post"}],"author":[{"embeddable":true,"href":"https:\/\/mv-sport.de\/c\/wp-json\/wp\/v2\/users\/3"}],"replies":[{"embeddable":true,"href":"https:\/\/mv-sport.de\/c\/wp-json\/wp\/v2\/comments?post=14829"}],"version-history":[{"count":0,"href":"https:\/\/mv-sport.de\/c\/wp-json\/wp\/v2\/posts\/14829\/revisions"}],"wp:featuredmedia":[{"embeddable":true,"href":"https:\/\/mv-sport.de\/c\/wp-json\/wp\/v2\/media\/14845"}],"wp:attachment":[{"href":"https:\/\/mv-sport.de\/c\/wp-json\/wp\/v2\/media?parent=14829"}],"wp:term":[{"taxonomy":"category","embeddable":true,"href":"https:\/\/mv-sport.de\/c\/wp-json\/wp\/v2\/categories?post=14829"},{"taxonomy":"post_tag","embeddable":true,"href":"https:\/\/mv-sport.de\/c\/wp-json\/wp\/v2\/tags?post=14829"},{"taxonomy":"ort","embeddable":true,"href":"https:\/\/mv-sport.de\/c\/wp-json\/wp\/v2\/ort?post=14829"}],"curies":[{"name":"wp","href":"https:\/\/api.w.org\/{rel}","templated":true}]}}