{"id":15236,"date":"2018-12-17T15:09:54","date_gmt":"2018-12-17T14:09:54","guid":{"rendered":"https:\/\/mv-sport.de\/?p=15236"},"modified":"2018-12-17T15:25:07","modified_gmt":"2018-12-17T14:25:07","slug":"neue-jugendsprecher","status":"publish","type":"post","link":"https:\/\/mv-sport.de\/c\/neue-jugendsprecher\/","title":{"rendered":"Neue Jugendsprecher"},"content":{"rendered":"<p><span style=\"font-family: 'Arial','sans-serif'; font-size: 11pt;\"><span style=\"color: #000000;\">Die Jugendlichen und Jugendwarte der Kreisreiterb\u00fcnde sowie die Junioren und Jungen Reiter der Reit-, Fahr- und Voltigiervereine bilden die Reiterjugend des Landes Mecklenburg-Vorpommern. Diese Reiterjugend hat im Rahmen des Pferdesportjugendtages durch ihre Delegierten ihren Jugendsprecher und Jugendwart samt Stellvertreter gew\u00e4hlt. Neue Jugendsprecherin f\u00fcr die n\u00e4chsten vier Jahre ist Henriette Dierkes. Als gute Freundin der ausgeschiedenen Landesjugendsprecherin Franziska Jaensch, die via Videobotschaft lobende Worte f\u00fcr das Ehrenamt formulierte, steht Henriette zur G\u00e4nze in den Strukturen, kennt die Aufgabenbereiche und sprudelt voller Ideen. Sie ist Ansprechpartnerin f\u00fcr Jugendthemen und Kontaktperson zum Jugendwart. Robin Roos ist in seiner Funktion als Jugendwart und Tatjana Zahn als stellvertretende Jugendwartin wiedergew\u00e4hlt worden. Henriette Dierkes wird als Vertretung der Interessen der Jugendlichen von Johanna Jaensch, als ihre Stellvertreterin, unterst\u00fctzt. Zweck der Pferdesportjugend ist die F\u00f6rderung des Jugend- Reit-, Fahr- und Voltigiersports und die Wahrung seines ideellen Charakters, die Charakterbildung junger Menschen durch Pflege des Gemeinschaftssinnes sowie die Erziehung zu reiterlichen Verhalten und die F\u00f6rderung der Jugendgesundheit durch den Reit-, Fahr- und Voltigiersport. Die Gesch\u00e4ftsstelle des Landesverbandes MV f\u00fcr Reiten, Fahren und Voltigieren stellt gerne den Kontakt zu den Jugendsprechern im Lande her oder folgt dem Jugendsprecherteam \u00fcber Instagram \u201ejugendteammv\u201c. <\/span><\/span><\/p>\n<figure id=\"attachment_15237\" aria-describedby=\"caption-attachment-15237\" style=\"width: 300px\" class=\"wp-caption alignleft\"><a href=\"https:\/\/mv-sport.de\/wp-content\/uploads\/2018\/12\/tag-der-pferdesportjugend_2018-12-15_landesjugendsprecherteamclandesverband-mv-krempien.jpg\"><img loading=\"lazy\" decoding=\"async\" class=\"wp-image-15237 size-medium\" src=\"https:\/\/mv-sport.de\/wp-content\/uploads\/2018\/12\/tag-der-pferdesportjugend_2018-12-15_landesjugendsprecherteamclandesverband-mv-krempien-300x284.jpg\" alt=\"\" width=\"300\" height=\"284\" \/><\/a><figcaption id=\"caption-attachment-15237\" class=\"wp-caption-text\">Landesjugendsprecherteam MV v.l.n.r. stellv. Landesjugendwartin Tatjana Zahn, Landesjugendwart Robin Ross, Landesjugendsprecherin Henriette Dierkes und stellv. Landesjugendsprecherin Johanna Jaensch<\/figcaption><\/figure>\n<p>&nbsp;<\/p>\n","protected":false},"excerpt":{"rendered":"<p>Die Jugendlichen und Jugendwarte der Kreisreiterb\u00fcnde sowie die Junioren und Jungen Reiter der Reit-, Fahr- und Voltigiervereine bilden die Reiterjugend des Landes Mecklenburg-Vorpommern. Diese Reiterjugend hat im Rahmen des Pferdesportjugendtages durch ihre Delegierten ihren Jugendsprecher und Jugendwart samt Stellvertreter gew\u00e4hlt. Neue Jugendsprecherin f\u00fcr die n\u00e4chsten vier Jahre ist Henriette Dierkes. Als gute Freundin der ausgeschiedenen [&hellip;]<\/p>\n","protected":false},"author":19,"featured_media":15237,"comment_status":"open","ping_status":"open","sticky":false,"template":"","format":"standard","meta":{"_seopress_robots_primary_cat":"","_seopress_titles_title":"","_seopress_titles_desc":"","_seopress_robots_index":"","_relevanssi_hide_post":"","_relevanssi_hide_content":"","_relevanssi_pin_for_all":"","_relevanssi_pin_keywords":"","_relevanssi_unpin_keywords":"","_relevanssi_related_keywords":"","_relevanssi_related_include_ids":"","_relevanssi_related_exclude_ids":"","_relevanssi_related_no_append":"","_relevanssi_related_not_related":"","_relevanssi_related_posts":"","_relevanssi_noindex_reason":"","_uag_custom_page_level_css":"","footnotes":""},"categories":[224],"tags":[],"ort":[],"class_list":{"0":"post-15236","1":"post","2":"type-post","3":"status-publish","4":"format-standard","5":"has-post-thumbnail","7":"category-reiten"},"featured_image_urls":{"medium":"https:\/\/mv-sport.de\/c\/wp-content\/uploads\/2018\/12\/tag-der-pferdesportjugend_2018-12-15_landesjugendsprecherteamclandesverband-mv-krempien-600x600.jpg","medium_large":"https:\/\/mv-sport.de\/c\/wp-content\/uploads\/2018\/12\/tag-der-pferdesportjugend_2018-12-15_landesjugendsprecherteamclandesverband-mv-krempien.jpg","large":"https:\/\/mv-sport.de\/c\/wp-content\/uploads\/2018\/12\/tag-der-pferdesportjugend_2018-12-15_landesjugendsprecherteamclandesverband-mv-krempien-1400x1327.jpg","full":"https:\/\/mv-sport.de\/c\/wp-content\/uploads\/2018\/12\/tag-der-pferdesportjugend_2018-12-15_landesjugendsprecherteamclandesverband-mv-krempien.jpg","alt":"","caption":"Landesjugendsprecherteam MV v.l.n.r. stellv. Landesjugendwartin Tatjana Zahn, Landesjugendwart Robin Ross, Landesjugendsprecherin Henriette Dierkes und stellv. Landesjugendsprecherin Johanna Jaensch"},"spectra_custom_meta":{"uab_option":["yes"],"uab_meta_position":["default"],"_extra_rating_average":["0"],"_edit_lock":["1545056582:2"],"_edit_last":["2"],"_thumbnail_id":["15237"],"xyz_fbap":["1"],"xyz_fbap_insert_og":["0"],"post_views_count":["946"],"_et_pb_use_builder":[""],"_et_builder_version":["BB|Divi|3.18.7"],"_et_pb_old_content":[""],"_et_pb_custom_css":[""],"_yoast_wpseo_primary_category":["224"],"_post_review_box_title":["Review"],"_post_review_box_summary":[""],"_post_review_box_summary_title":["Summary"],"_post_review_box_breakdowns_score":["0"],"_post_review_box_breakdowns_count":["1"],"_post_review_box_breakdowns":["a:1:{i:0;a:2:{s:5:\"title\";s:0:\"\";s:6:\"rating\";i:0;}}"],"_extra_sidebar_location":[""],"_extra_sidebar":[""],"_et_pb_ab_stats_refresh_interval":["hourly"],"_et_pb_enable_shortcode_tracking":[""],"wp_schema_pro_optimized_structured_data":["<!-- Schema optimized by Schema Pro --><script type=\"application\/ld+json\">{\"@context\":\"https:\/\/schema.org\",\"@type\":\"NewsArticle\",\"mainEntityOfPage\":{\"@type\":\"WebPage\",\"@id\":\"https:\/\/mv-sport.de\/neue-jugendsprecher\/\"},\"headline\":\"Neue Jugendsprecher\",\"image\":{\"@type\":\"ImageObject\",\"url\":\"https:\/\/mv-sport.de\/wp-content\/uploads\/2018\/12\/tag-der-pferdesportjugend_2018-12-15_landesjugendsprecherteamclandesverband-mv-krempien.jpg\",\"width\":1971,\"height\":1868},\"datePublished\":\"2018-12-17T15:09:54\",\"dateModified\":\"2018-12-17T15:25:07\",\"author\":{\"@type\":\"Person\",\"name\":\"Landesverband Mecklenburg-Vorpommern f\u00fcr Reiten, Fahren und Voltigieren e.V.\",\"url\":\"https:\/\/mv-sport.de\/author\/hans-joachim-begall\"},\"publisher\":{\"@type\":\"Organization\",\"name\":\"MV-Sport.de - Sportvereine &amp; Sportnachrichten Mecklenburg-Vorpommern\",\"logo\":{\"@type\":\"ImageObject\",\"url\":\"https:\/\/mv-sport.de\/wp-content\/uploads\/2017\/05\/logo-mv-sport-292x60.png\"}}}<\/script><!-- \/ Schema optimized by Schema Pro -->"],"__post_views_count":["975"],"astra_style_timestamp_css":["1757383327"],"_uag_css_file_name":["uag-css-15236.css"],"_uag_page_assets":["a:9:{s:3:\"css\";s:7010:\".uagb-block-88f5875d.wp-block-uagb-image--layout-default figure img{box-shadow: 0px 0px 0 #00000070;}.uagb-block-88f5875d.wp-block-uagb-image .wp-block-uagb-image__figure figcaption{font-style: normal;align-self: center;}.uagb-block-88f5875d.wp-block-uagb-image--layout-overlay figure img{box-shadow: 0px 0px 0 #00000070;}.uagb-block-88f5875d.wp-block-uagb-image--layout-overlay .wp-block-uagb-image--layout-overlay__color-wrapper{opacity: 0.2;}.uagb-block-88f5875d.wp-block-uagb-image--layout-overlay .wp-block-uagb-image--layout-overlay__inner{left: 15px;right: 15px;top: 15px;bottom: 15px;}.uagb-block-88f5875d.wp-block-uagb-image--layout-overlay .wp-block-uagb-image--layout-overlay__inner .uagb-image-heading{font-style: normal;color: #fff;opacity: 1;}.uagb-block-88f5875d.wp-block-uagb-image--layout-overlay .wp-block-uagb-image--layout-overlay__inner .uagb-image-heading a{color: #fff;}.uagb-block-88f5875d.wp-block-uagb-image--layout-overlay .wp-block-uagb-image--layout-overlay__inner .uagb-image-caption{opacity: 0;}.uagb-block-88f5875d.wp-block-uagb-image--layout-overlay .wp-block-uagb-image__figure:hover .wp-block-uagb-image--layout-overlay__color-wrapper{opacity: 1;}.uagb-block-88f5875d.wp-block-uagb-image .wp-block-uagb-image--layout-overlay__inner .uagb-image-separator{width: 30%;border-top-width: 2px;border-top-color: #fff;opacity: 0;}.uagb-block-88f5875d.wp-block-uagb-image .wp-block-uagb-image__figure img{width: 297px;height: auto;}.uagb-block-88f5875d.wp-block-uagb-image .wp-block-uagb-image__figure:hover .wp-block-uagb-image--layout-overlay__inner .uagb-image-caption{opacity: 1;}.uagb-block-88f5875d.wp-block-uagb-image .wp-block-uagb-image__figure:hover .wp-block-uagb-image--layout-overlay__inner .uagb-image-separator{opacity: 1;}.uagb-block-88f5875d.wp-block-uagb-image--layout-default figure:hover img{box-shadow: 0px 0px 0 #00000070;}.uagb-block-88f5875d.wp-block-uagb-image--layout-overlay figure:hover img{box-shadow: 0px 0px 0 #00000070;}@media only screen and (max-width: 976px) {.uagb-block-88f5875d.wp-block-uagb-image .wp-block-uagb-image__figure img{width: 297px;height: auto;}}@media only screen and (max-width: 767px) {.uagb-block-88f5875d.wp-block-uagb-image .wp-block-uagb-image__figure img{width: 297px;height: auto;}}.uagb-block-b6c54374.wp-block-uagb-image{margin-top: 0px;margin-right: 0px;margin-bottom: 0px;margin-left: 0px;}.uagb-block-b6c54374.wp-block-uagb-image--layout-default figure img{box-shadow: 0px 0px 0 #00000070;}.uagb-block-b6c54374.wp-block-uagb-image .wp-block-uagb-image__figure figcaption{font-style: normal;align-self: center;}.uagb-block-b6c54374.wp-block-uagb-image--layout-overlay figure img{box-shadow: 0px 0px 0 #00000070;}.uagb-block-b6c54374.wp-block-uagb-image--layout-overlay .wp-block-uagb-image--layout-overlay__color-wrapper{opacity: 0.2;}.uagb-block-b6c54374.wp-block-uagb-image--layout-overlay .wp-block-uagb-image--layout-overlay__inner{left: 15px;right: 15px;top: 15px;bottom: 15px;}.uagb-block-b6c54374.wp-block-uagb-image--layout-overlay .wp-block-uagb-image--layout-overlay__inner .uagb-image-heading{font-style: normal;color: #fff;opacity: 1;}.uagb-block-b6c54374.wp-block-uagb-image--layout-overlay .wp-block-uagb-image--layout-overlay__inner .uagb-image-heading a{color: #fff;}.uagb-block-b6c54374.wp-block-uagb-image--layout-overlay .wp-block-uagb-image--layout-overlay__inner .uagb-image-caption{opacity: 0;}.uagb-block-b6c54374.wp-block-uagb-image--layout-overlay .wp-block-uagb-image__figure:hover .wp-block-uagb-image--layout-overlay__color-wrapper{opacity: 1;}.uagb-block-b6c54374.wp-block-uagb-image .wp-block-uagb-image--layout-overlay__inner .uagb-image-separator{width: 30%;border-top-width: 2px;border-top-color: #fff;opacity: 0;}.uagb-block-b6c54374.wp-block-uagb-image .wp-block-uagb-image__figure img{width: px;height: auto;}.uagb-block-b6c54374.wp-block-uagb-image .wp-block-uagb-image__figure:hover .wp-block-uagb-image--layout-overlay__inner .uagb-image-caption{opacity: 1;}.uagb-block-b6c54374.wp-block-uagb-image .wp-block-uagb-image__figure:hover .wp-block-uagb-image--layout-overlay__inner .uagb-image-separator{opacity: 1;}.uagb-block-b6c54374.wp-block-uagb-image--layout-default figure:hover img{box-shadow: 0px 0px 0 #00000070;}.uagb-block-b6c54374.wp-block-uagb-image--layout-overlay figure:hover img{box-shadow: 0px 0px 0 #00000070;}@media only screen and (max-width: 976px) {.uagb-block-b6c54374.wp-block-uagb-image .wp-block-uagb-image__figure img{width: px;height: auto;}}@media only screen and (max-width: 767px) {.uagb-block-b6c54374.wp-block-uagb-image .wp-block-uagb-image__figure img{width: px;height: auto;}}.uagb-block-2bdcf70c.wp-block-uagb-image{margin-top: 0px;margin-right: 0px;margin-bottom: 0px;margin-left: 0px;}.uagb-block-2bdcf70c.wp-block-uagb-image--layout-default figure img{box-shadow: 0px 0px 0 #00000070;}.uagb-block-2bdcf70c.wp-block-uagb-image .wp-block-uagb-image__figure figcaption{font-style: normal;align-self: center;}.uagb-block-2bdcf70c.wp-block-uagb-image--layout-overlay figure img{box-shadow: 0px 0px 0 #00000070;}.uagb-block-2bdcf70c.wp-block-uagb-image--layout-overlay .wp-block-uagb-image--layout-overlay__color-wrapper{opacity: 0.2;}.uagb-block-2bdcf70c.wp-block-uagb-image--layout-overlay .wp-block-uagb-image--layout-overlay__inner{left: 15px;right: 15px;top: 15px;bottom: 15px;}.uagb-block-2bdcf70c.wp-block-uagb-image--layout-overlay .wp-block-uagb-image--layout-overlay__inner .uagb-image-heading{font-style: normal;color: #fff;opacity: 1;}.uagb-block-2bdcf70c.wp-block-uagb-image--layout-overlay .wp-block-uagb-image--layout-overlay__inner .uagb-image-heading a{color: #fff;}.uagb-block-2bdcf70c.wp-block-uagb-image--layout-overlay .wp-block-uagb-image--layout-overlay__inner .uagb-image-caption{opacity: 0;}.uagb-block-2bdcf70c.wp-block-uagb-image--layout-overlay .wp-block-uagb-image__figure:hover .wp-block-uagb-image--layout-overlay__color-wrapper{opacity: 1;}.uagb-block-2bdcf70c.wp-block-uagb-image .wp-block-uagb-image--layout-overlay__inner .uagb-image-separator{width: 30%;border-top-width: 2px;border-top-color: #fff;opacity: 0;}.uagb-block-2bdcf70c.wp-block-uagb-image .wp-block-uagb-image__figure img{width: px;height: auto;}.uagb-block-2bdcf70c.wp-block-uagb-image .wp-block-uagb-image__figure:hover .wp-block-uagb-image--layout-overlay__inner .uagb-image-caption{opacity: 1;}.uagb-block-2bdcf70c.wp-block-uagb-image .wp-block-uagb-image__figure:hover .wp-block-uagb-image--layout-overlay__inner .uagb-image-separator{opacity: 1;}.uagb-block-2bdcf70c.wp-block-uagb-image--layout-default figure:hover img{box-shadow: 0px 0px 0 #00000070;}.uagb-block-2bdcf70c.wp-block-uagb-image--layout-overlay figure:hover img{box-shadow: 0px 0px 0 #00000070;}@media only screen and (max-width: 976px) {.uagb-block-2bdcf70c.wp-block-uagb-image .wp-block-uagb-image__figure img{width: px;height: auto;}}@media only screen and (max-width: 767px) {.uagb-block-2bdcf70c.wp-block-uagb-image .wp-block-uagb-image__figure img{width: px;height: auto;}}\";s:2:\"js\";s:0:\"\";s:18:\"current_block_list\";a:28:{i:0;s:10:\"core\/group\";i:2;s:24:\"core\/post-featured-image\";i:3;s:15:\"core\/post-title\";i:5;s:14:\"core\/post-date\";i:6;s:16:\"core\/post-author\";i:7;s:15:\"core\/post-terms\";i:8;s:17:\"core\/post-content\";i:9;s:14:\"core\/separator\";i:10;s:13:\"core\/comments\";i:11;s:19:\"core\/comments-title\";i:12;s:21:\"core\/comment-template\";i:15;s:11:\"core\/avatar\";i:16;s:24:\"core\/comment-author-name\";i:17;s:17:\"core\/comment-date\";i:18;s:20:\"core\/comment-content\";i:19;s:23:\"core\/comment-reply-link\";i:20;s:24:\"core\/comments-pagination\";i:21;s:33:\"core\/comments-pagination-previous\";i:22;s:32:\"core\/comments-pagination-numbers\";i:23;s:29:\"core\/comments-pagination-next\";i:24;s:23:\"core\/post-comments-form\";i:25;s:14:\"core\/tag-cloud\";i:26;s:12:\"core\/heading\";i:27;s:14:\"core\/paragraph\";i:28;s:12:\"core\/buttons\";i:29;s:11:\"core\/button\";i:30;s:10:\"uagb\/image\";i:31;s:10:\"core\/image\";}s:8:\"uag_flag\";b:1;s:11:\"uag_version\";s:10:\"1777278183\";s:6:\"gfonts\";a:0:{}s:10:\"gfonts_url\";s:0:\"\";s:12:\"gfonts_files\";a:0:{}s:14:\"uag_faq_layout\";b:0;}"]},"uagb_featured_image_src":{"full":["https:\/\/mv-sport.de\/c\/wp-content\/uploads\/2018\/12\/tag-der-pferdesportjugend_2018-12-15_landesjugendsprecherteamclandesverband-mv-krempien.jpg",1971,1868,false],"thumbnail":["https:\/\/mv-sport.de\/c\/wp-content\/uploads\/2018\/12\/tag-der-pferdesportjugend_2018-12-15_landesjugendsprecherteamclandesverband-mv-krempien-150x150.jpg",150,150,true],"medium":["https:\/\/mv-sport.de\/c\/wp-content\/uploads\/2018\/12\/tag-der-pferdesportjugend_2018-12-15_landesjugendsprecherteamclandesverband-mv-krempien-600x600.jpg",350,350,true],"medium_large":["https:\/\/mv-sport.de\/c\/wp-content\/uploads\/2018\/12\/tag-der-pferdesportjugend_2018-12-15_landesjugendsprecherteamclandesverband-mv-krempien.jpg",768,728,false],"large":["https:\/\/mv-sport.de\/c\/wp-content\/uploads\/2018\/12\/tag-der-pferdesportjugend_2018-12-15_landesjugendsprecherteamclandesverband-mv-krempien-1400x1327.jpg",1024,971,true],"1536x1536":["https:\/\/mv-sport.de\/c\/wp-content\/uploads\/2018\/12\/tag-der-pferdesportjugend_2018-12-15_landesjugendsprecherteamclandesverband-mv-krempien.jpg",1536,1456,false],"2048x2048":["https:\/\/mv-sport.de\/c\/wp-content\/uploads\/2018\/12\/tag-der-pferdesportjugend_2018-12-15_landesjugendsprecherteamclandesverband-mv-krempien.jpg",1971,1868,false],"ultp_layout_landscape_large":["https:\/\/mv-sport.de\/c\/wp-content\/uploads\/2018\/12\/tag-der-pferdesportjugend_2018-12-15_landesjugendsprecherteamclandesverband-mv-krempien.jpg",844,800,false],"ultp_layout_landscape":["https:\/\/mv-sport.de\/c\/wp-content\/uploads\/2018\/12\/tag-der-pferdesportjugend_2018-12-15_landesjugendsprecherteamclandesverband-mv-krempien.jpg",601,570,false],"ultp_layout_portrait":["https:\/\/mv-sport.de\/c\/wp-content\/uploads\/2018\/12\/tag-der-pferdesportjugend_2018-12-15_landesjugendsprecherteamclandesverband-mv-krempien.jpg",600,569,false],"ultp_layout_square":["https:\/\/mv-sport.de\/c\/wp-content\/uploads\/2018\/12\/tag-der-pferdesportjugend_2018-12-15_landesjugendsprecherteamclandesverband-mv-krempien.jpg",600,569,false]},"uagb_author_info":{"display_name":"Pferdesportverband MV","author_link":"https:\/\/mv-sport.de\/c\/author\/hans-joachim-begall\/"},"uagb_comment_info":0,"uagb_excerpt":"Die Jugendlichen und Jugendwarte der Kreisreiterb\u00fcnde sowie die Junioren und Jungen Reiter der Reit-, Fahr- und Voltigiervereine bilden die Reiterjugend des Landes Mecklenburg-Vorpommern. Diese Reiterjugend hat im Rahmen des Pferdesportjugendtages durch ihre Delegierten ihren Jugendsprecher und Jugendwart samt Stellvertreter gew\u00e4hlt. Neue Jugendsprecherin f\u00fcr die n\u00e4chsten vier Jahre ist Henriette Dierkes. Als gute Freundin der ausgeschiedenen&hellip;","_links":{"self":[{"href":"https:\/\/mv-sport.de\/c\/wp-json\/wp\/v2\/posts\/15236","targetHints":{"allow":["GET"]}}],"collection":[{"href":"https:\/\/mv-sport.de\/c\/wp-json\/wp\/v2\/posts"}],"about":[{"href":"https:\/\/mv-sport.de\/c\/wp-json\/wp\/v2\/types\/post"}],"author":[{"embeddable":true,"href":"https:\/\/mv-sport.de\/c\/wp-json\/wp\/v2\/users\/19"}],"replies":[{"embeddable":true,"href":"https:\/\/mv-sport.de\/c\/wp-json\/wp\/v2\/comments?post=15236"}],"version-history":[{"count":0,"href":"https:\/\/mv-sport.de\/c\/wp-json\/wp\/v2\/posts\/15236\/revisions"}],"wp:featuredmedia":[{"embeddable":true,"href":"https:\/\/mv-sport.de\/c\/wp-json\/wp\/v2\/media\/15237"}],"wp:attachment":[{"href":"https:\/\/mv-sport.de\/c\/wp-json\/wp\/v2\/media?parent=15236"}],"wp:term":[{"taxonomy":"category","embeddable":true,"href":"https:\/\/mv-sport.de\/c\/wp-json\/wp\/v2\/categories?post=15236"},{"taxonomy":"post_tag","embeddable":true,"href":"https:\/\/mv-sport.de\/c\/wp-json\/wp\/v2\/tags?post=15236"},{"taxonomy":"ort","embeddable":true,"href":"https:\/\/mv-sport.de\/c\/wp-json\/wp\/v2\/ort?post=15236"}],"curies":[{"name":"wp","href":"https:\/\/api.w.org\/{rel}","templated":true}]}}