{"id":18757,"date":"2019-03-03T22:23:36","date_gmt":"2019-03-03T21:23:36","guid":{"rendered":"https:\/\/mv-sport.de\/?p=18757"},"modified":"2019-03-04T09:54:09","modified_gmt":"2019-03-04T08:54:09","slug":"laager-laufgruppe-startet-in-die-laufcup-saison-sehr-stark","status":"publish","type":"post","link":"https:\/\/mv-sport.de\/c\/laager-laufgruppe-startet-in-die-laufcup-saison-sehr-stark\/","title":{"rendered":"Laager Laufgruppe startet in die Laufcup-Saison sehr stark"},"content":{"rendered":"<div>\n<p class=\"tiny_p\">Endlich geht es wieder los! Die Laufcup-Saison wurde traditionell, ganz im \u00e4u\u00dfersten Westen Mecklenburg-Vorpommerns, in Wittenburg er\u00f6ffnet und alles was in der Laufszene Rang und Namen hat, war am Start. Die Vorfreude auf den Lauf war dabei riesig.<br \/>\nFast jedes zweite Mitglied der Laager Laufgruppe startete beim 31.M\u00fchlenlauf und als Team konnte der Sportclub Laage nicht nur mit der hohen Teilnehmerzahl beeindrucken. Dabei ist der Laufcup in Mecklenburg-Vorpommern der wichtigste Ma\u00dfstab f\u00fcr die Ausdauersportler. Wenn man einen Vergleich f\u00fcr weniger Fachkundige heranziehen m\u00fcsste, w\u00fcrde man feststellen, dass er eine Art Verbandsliga der L\u00e4ufer ist.<\/p>\n<figure id=\"attachment_18758\" aria-describedby=\"caption-attachment-18758\" style=\"width: 338px\" class=\"wp-caption aligncenter\"><a href=\"https:\/\/mv-sport.de\/wp-content\/uploads\/2019\/03\/20190303_123852-2.jpg\"><img loading=\"lazy\" decoding=\"async\" class=\" wp-image-18758\" src=\"https:\/\/mv-sport.de\/wp-content\/uploads\/2019\/03\/20190303_123852-2-576x1024.jpg\" alt=\"\" width=\"338\" height=\"601\" \/><\/a><figcaption id=\"caption-attachment-18758\" class=\"wp-caption-text\">Foto: Das Foto zeigt die 6-j\u00e4hrige Hannah Beu mit dem Pokal f\u00fcr die teilnehmerst\u00e4rkste Mannschaft. Foto: Andr\u00e9 Stache<\/figcaption><\/figure>\n<p class=\"tiny_p\">W\u00e4hrend es f\u00fcr die Cupl\u00e4ufer im Erwachsenenbereich auf die 10 Kilometer Distanz ging, konnten die Jugendlichen die 4,8 Kilometer Distanz bew\u00e4ltigen. Die Kinder liefen eine Distanz von 1500 Metern. Und die L\u00e4ufer zeigten zu diesem fr\u00fchen Zeitpunkt der neuen Saison, bei leichtem Nieselregen, etwas Wind auf einigen Streckenabschnitten und k\u00fchlen Temperaturen, bereits beachtliche Leistungen. Herausragend waren aus Sicht des SC Laage die Ergebnisse der Kinder und Jugendlichen. Insgesamt brachten es die Aktiven der Laager Laufgruppe auf 9 Podest Pl\u00e4tze und 3 Altersklassensiege!<br \/>\nUnd das alles bei 950 Teilnehmern.<br \/>\nWittenburg und sein M\u00fchlenlauf sind tats\u00e4chlich immer etwas Besonderes. Auffallend ist immer die Organisation am Rande der Strecke. Die Absicherung durch die Polizei, die Kr\u00e4fte verschiedener Freiwilligen Feuerwehren und die Unterst\u00fctzung der Bundeswehr sind beispielhaft. Die vollst\u00e4ndige Ergebnisliste findet man unter: www.ziel-zeit.de .<\/p>\n<p>SC Laage<\/p>\n<\/div>\n","protected":false},"excerpt":{"rendered":"<p>Endlich geht es wieder los! Die Laufcup-Saison wurde traditionell, ganz im \u00e4u\u00dfersten Westen Mecklenburg-Vorpommerns, in Wittenburg er\u00f6ffnet und alles was in der Laufszene Rang und Namen hat, war am Start. Die Vorfreude auf den Lauf war dabei riesig. Fast jedes zweite Mitglied der Laager Laufgruppe startete beim 31.M\u00fchlenlauf und als Team konnte der Sportclub Laage [&hellip;]<\/p>\n","protected":false},"author":7,"featured_media":18758,"comment_status":"open","ping_status":"open","sticky":false,"template":"","format":"standard","meta":{"_seopress_robots_primary_cat":"none","_seopress_titles_title":"","_seopress_titles_desc":"","_seopress_robots_index":"","_relevanssi_hide_post":"","_relevanssi_hide_content":"","_relevanssi_pin_for_all":"","_relevanssi_pin_keywords":"","_relevanssi_unpin_keywords":"","_relevanssi_related_keywords":"","_relevanssi_related_include_ids":"","_relevanssi_related_exclude_ids":"","_relevanssi_related_no_append":"","_relevanssi_related_not_related":"","_relevanssi_related_posts":"","_relevanssi_noindex_reason":"","_uag_custom_page_level_css":"","footnotes":""},"categories":[47],"tags":[],"ort":[],"class_list":{"0":"post-18757","1":"post","2":"type-post","3":"status-publish","4":"format-standard","5":"has-post-thumbnail","7":"category-laufsport"},"featured_image_urls":{"medium":"https:\/\/mv-sport.de\/c\/wp-content\/uploads\/2019\/03\/20190303_123852-2-600x600.jpg","medium_large":"https:\/\/mv-sport.de\/c\/wp-content\/uploads\/2019\/03\/20190303_123852-2.jpg","large":"https:\/\/mv-sport.de\/c\/wp-content\/uploads\/2019\/03\/20190303_123852-2-788x1400.jpg","full":"https:\/\/mv-sport.de\/c\/wp-content\/uploads\/2019\/03\/20190303_123852-2.jpg","alt":"","caption":"Foto: Das Foto zeigt die 6-j\u00e4hrige Hannah Beu mit dem Pokal f\u00fcr die teilnehmerst\u00e4rkste Mannschaft. Foto: Andr\u00e9 Stache"},"spectra_custom_meta":{"uab_option":["yes"],"uab_meta_position":["default"],"_extra_rating_average":["0"],"_seopress_analysis_data":["a:14:{s:5:\"title\";s:72:\"Laager Laufgruppe startet in die Laufcup-Saison sehr stark | MV-Sport.de\";s:10:\"meta_title\";a:1:{s:7:\"matches\";a:1:{s:0:\"\";a:1:{i:0;a:24:{i:0;s:0:\"\";i:1;s:0:\"\";i:2;s:0:\"\";i:3;s:0:\"\";i:4;s:0:\"\";i:5;s:0:\"\";i:6;s:0:\"\";i:7;s:0:\"\";i:8;s:0:\"\";i:9;s:0:\"\";i:10;s:0:\"\";i:11;s:0:\"\";i:12;s:0:\"\";i:13;s:0:\"\";i:14;s:0:\"\";i:15;s:0:\"\";i:16;s:0:\"\";i:17;s:0:\"\";i:18;s:0:\"\";i:19;s:0:\"\";i:20;s:0:\"\";i:21;s:0:\"\";i:22;s:0:\"\";i:23;s:0:\"\";}}}}s:9:\"meta_desc\";s:341:\"Endlich geht es wieder los! Die Laufcup-Saison wurde traditionell, ganz im \u00e4u\u00dfersten Westen Mecklenburg-Vorpommerns, in Wittenburg er\u00f6ffnet und alles was in der Laufszene Rang und Namen hat, war am Start. Die Vorfreude auf den Lauf war dabei riesig. Fast jedes zweite Mitglied der Laager Laufgruppe startete beim 31.M\u00fchlenlauf und als\u2026\";s:16:\"meta_description\";a:1:{s:7:\"matches\";a:1:{s:0:\"\";a:1:{i:0;a:106:{i:0;s:0:\"\";i:1;s:0:\"\";i:2;s:0:\"\";i:3;s:0:\"\";i:4;s:0:\"\";i:5;s:0:\"\";i:6;s:0:\"\";i:7;s:0:\"\";i:8;s:0:\"\";i:9;s:0:\"\";i:10;s:0:\"\";i:11;s:0:\"\";i:12;s:0:\"\";i:13;s:0:\"\";i:14;s:0:\"\";i:15;s:0:\"\";i:16;s:0:\"\";i:17;s:0:\"\";i:18;s:0:\"\";i:19;s:0:\"\";i:20;s:0:\"\";i:21;s:0:\"\";i:22;s:0:\"\";i:23;s:0:\"\";i:24;s:0:\"\";i:25;s:0:\"\";i:26;s:0:\"\";i:27;s:0:\"\";i:28;s:0:\"\";i:29;s:0:\"\";i:30;s:0:\"\";i:31;s:0:\"\";i:32;s:0:\"\";i:33;s:0:\"\";i:34;s:0:\"\";i:35;s:0:\"\";i:36;s:0:\"\";i:37;s:0:\"\";i:38;s:0:\"\";i:39;s:0:\"\";i:40;s:0:\"\";i:41;s:0:\"\";i:42;s:0:\"\";i:43;s:0:\"\";i:44;s:0:\"\";i:45;s:0:\"\";i:46;s:0:\"\";i:47;s:0:\"\";i:48;s:0:\"\";i:49;s:0:\"\";i:50;s:0:\"\";i:51;s:0:\"\";i:52;s:0:\"\";i:53;s:0:\"\";i:54;s:0:\"\";i:55;s:0:\"\";i:56;s:0:\"\";i:57;s:0:\"\";i:58;s:0:\"\";i:59;s:0:\"\";i:60;s:0:\"\";i:61;s:0:\"\";i:62;s:0:\"\";i:63;s:0:\"\";i:64;s:0:\"\";i:65;s:0:\"\";i:66;s:0:\"\";i:67;s:0:\"\";i:68;s:0:\"\";i:69;s:0:\"\";i:70;s:0:\"\";i:71;s:0:\"\";i:72;s:0:\"\";i:73;s:0:\"\";i:74;s:0:\"\";i:75;s:0:\"\";i:76;s:0:\"\";i:77;s:0:\"\";i:78;s:0:\"\";i:79;s:0:\"\";i:80;s:0:\"\";i:81;s:0:\"\";i:82;s:0:\"\";i:83;s:0:\"\";i:84;s:0:\"\";i:85;s:0:\"\";i:86;s:0:\"\";i:87;s:0:\"\";i:88;s:0:\"\";i:89;s:0:\"\";i:90;s:0:\"\";i:91;s:0:\"\";i:92;s:0:\"\";i:93;s:0:\"\";i:94;s:0:\"\";i:95;s:0:\"\";i:96;s:0:\"\";i:97;s:0:\"\";i:98;s:0:\"\";i:99;s:0:\"\";i:100;s:0:\"\";i:101;s:0:\"\";i:102;s:0:\"\";i:103;s:0:\"\";i:104;s:0:\"\";i:105;s:0:\"\";}}}}s:8:\"og_title\";s:72:\"Laager Laufgruppe startet in die Laufcup-Saison sehr stark | MV-Sport.de\";s:7:\"og_desc\";s:341:\"Endlich geht es wieder los! Die Laufcup-Saison wurde traditionell, ganz im \u00e4u\u00dfersten Westen Mecklenburg-Vorpommerns, in Wittenburg er\u00f6ffnet und alles was in der Laufszene Rang und Namen hat, war am Start. Die Vorfreude auf den Lauf war dabei riesig. Fast jedes zweite Mitglied der Laager Laufgruppe startete beim 31.M\u00fchlenlauf und als\u2026\";s:6:\"og_img\";s:68:\"https:\/\/mv-sport.de\/wp-content\/uploads\/2019\/03\/20190303_123852-2.jpg\";s:8:\"tw_title\";s:72:\"Laager Laufgruppe startet in die Laufcup-Saison sehr stark | MV-Sport.de\";s:7:\"tw_desc\";s:341:\"Endlich geht es wieder los! Die Laufcup-Saison wurde traditionell, ganz im \u00e4u\u00dfersten Westen Mecklenburg-Vorpommerns, in Wittenburg er\u00f6ffnet und alles was in der Laufszene Rang und Namen hat, war am Start. Die Vorfreude auf den Lauf war dabei riesig. Fast jedes zweite Mitglied der Laager Laufgruppe startete beim 31.M\u00fchlenlauf und als\u2026\";s:2:\"h1\";a:2:{s:9:\"nomatches\";a:1:{s:5:\"count\";i:1;}s:7:\"matches\";a:1:{s:0:\"\";a:1:{i:0;a:18:{i:0;s:0:\"\";i:1;s:0:\"\";i:2;s:0:\"\";i:3;s:0:\"\";i:4;s:0:\"\";i:5;s:0:\"\";i:6;s:0:\"\";i:7;s:0:\"\";i:8;s:0:\"\";i:9;s:0:\"\";i:10;s:0:\"\";i:11;s:0:\"\";i:12;s:0:\"\";i:13;s:0:\"\";i:14;s:0:\"\";i:15;s:0:\"\";i:16;s:0:\"\";i:17;s:0:\"\";}}}}s:2:\"h3\";a:1:{s:7:\"matches\";a:1:{s:0:\"\";a:1:{i:0;a:4:{i:0;s:0:\"\";i:1;s:0:\"\";i:2;s:0:\"\";i:3;s:0:\"\";}}}}s:3:\"img\";a:1:{s:6:\"images\";a:7:{i:0;s:77:\"https:\/\/mv-sport.de\/wp-content\/uploads\/2019\/03\/20190303_123852-2-576x1024.jpg\";i:1;s:77:\"https:\/\/mv-sport.de\/wp-content\/plugins\/sabai\/assets\/images\/no_image_small.png\";i:2;s:89:\"https:\/\/mv-sport.de\/wp-content\/sabai\/File\/thumbnails\/582946b331c59da0bbdcd87de5aa49fd.jpg\";i:3;s:89:\"https:\/\/mv-sport.de\/wp-content\/sabai\/File\/thumbnails\/5be5bd106fe5f6b445a7bc0c34c1d056.jpg\";i:4;s:59:\"https:\/\/mv-sport.de\/wp-content\/uploads\/2017\/06\/sc_laage.png\";i:5;s:61:\"https:\/\/mv-sport.de\/wp-content\/uploads\/2017\/05\/140x70px-3.gif\";i:6;s:43:\"\/\/ads.ad-mv.de\/c\/piwik.php?idsite=162&rec=1\";}}s:13:\"words_counter\";i:240;s:20:\"words_counter_unique\";i:165;}"],"_edit_lock":["1551871638:7"],"_edit_last":["2"],"xyz_fbap":["1"],"xyz_fbap_insert_og":["0"],"post_views_count":["507"],"seopress_sw_done":["1"],"_seopress_titles_title":[""],"_seopress_titles_desc":[""],"_seopress_robots_canonical":[""],"_seopress_robots_primary_cat":["none"],"_seopress_robots_breadcrumbs":[""],"_seopress_social_fb_title":[""],"_seopress_social_fb_desc":[""],"_seopress_social_fb_img":[""],"_seopress_social_twitter_title":[""],"_seopress_social_twitter_desc":[""],"_seopress_social_twitter_img":[""],"_seopress_redirections_type":["301"],"_seopress_redirections_value":[""],"_seopress_video":["a:1:{i:0;a:9:{s:3:\"url\";s:0:\"\";s:5:\"title\";s:0:\"\";s:4:\"desc\";s:0:\"\";s:9:\"thumbnail\";s:0:\"\";s:8:\"duration\";s:0:\"\";s:6:\"rating\";s:0:\"\";s:10:\"view_count\";s:0:\"\";s:3:\"tag\";s:0:\"\";s:3:\"cat\";s:0:\"\";}}"],"_post_review_box_title":["Review"],"_post_review_box_summary":[""],"_post_review_box_summary_title":["Summary"],"_post_review_box_breakdowns_score":["0"],"_post_review_box_breakdowns_count":["1"],"_post_review_box_breakdowns":["a:1:{i:0;a:2:{s:5:\"title\";s:0:\"\";s:6:\"rating\";i:0;}}"],"_extra_sidebar_location":[""],"_extra_sidebar":[""],"_thumbnail_id":["18758"],"_seopress_rich_snippets_events_offers_valid_from_date":[""],"_seopress_rich_snippets_events_offers_valid_from_time":[""],"_seopress_analysis_target_kw":[""],"_seopress_pro_schemas_manual":["a:70:{s:45:\"_seopress_pro_rich_snippets_videos_img_height\";s:0:\"\";s:45:\"_seopress_pro_rich_snippets_article_img_width\";s:0:\"\";s:46:\"_seopress_pro_rich_snippets_article_img_height\";s:0:\"\";s:39:\"_seopress_pro_rich_snippets_article_img\";s:0:\"\";s:32:\"_seopress_pro_rich_snippets_type\";s:4:\"none\";s:40:\"_seopress_pro_rich_snippets_article_type\";s:11:\"NewsArticle\";s:41:\"_seopress_pro_rich_snippets_article_title\";s:0:\"\";s:35:\"_seopress_pro_rich_snippets_lb_name\";s:0:\"\";s:35:\"_seopress_pro_rich_snippets_lb_type\";s:13:\"LocalBusiness\";s:34:\"_seopress_pro_rich_snippets_lb_img\";s:0:\"\";s:36:\"_seopress_pro_rich_snippets_lb_state\";s:0:\"\";s:35:\"_seopress_pro_rich_snippets_lb_city\";s:0:\"\";s:40:\"_seopress_pro_rich_snippets_lb_img_width\";s:0:\"\";s:41:\"_seopress_pro_rich_snippets_lb_img_height\";s:0:\"\";s:42:\"_seopress_pro_rich_snippets_lb_street_addr\";s:0:\"\";s:33:\"_seopress_pro_rich_snippets_lb_pc\";s:0:\"\";s:38:\"_seopress_pro_rich_snippets_lb_country\";s:0:\"\";s:34:\"_seopress_pro_rich_snippets_lb_lat\";s:0:\"\";s:44:\"_seopress_pro_rich_snippets_lb_opening_hours\";a:1:{s:37:\"seopress_local_business_opening_hours\";a:7:{i:0;a:2:{s:2:\"am\";a:2:{s:5:\"start\";a:2:{s:5:\"hours\";s:2:\"00\";s:4:\"mins\";s:2:\"00\";}s:3:\"end\";a:2:{s:5:\"hours\";s:2:\"00\";s:4:\"mins\";s:2:\"00\";}}s:2:\"pm\";a:2:{s:5:\"start\";a:2:{s:5:\"hours\";s:2:\"00\";s:4:\"mins\";s:2:\"00\";}s:3:\"end\";a:2:{s:5:\"hours\";s:2:\"00\";s:4:\"mins\";s:2:\"00\";}}}i:1;a:2:{s:2:\"am\";a:2:{s:5:\"start\";a:2:{s:5:\"hours\";s:2:\"00\";s:4:\"mins\";s:2:\"00\";}s:3:\"end\";a:2:{s:5:\"hours\";s:2:\"00\";s:4:\"mins\";s:2:\"00\";}}s:2:\"pm\";a:2:{s:5:\"start\";a:2:{s:5:\"hours\";s:2:\"00\";s:4:\"mins\";s:2:\"00\";}s:3:\"end\";a:2:{s:5:\"hours\";s:2:\"00\";s:4:\"mins\";s:2:\"00\";}}}i:2;a:2:{s:2:\"am\";a:2:{s:5:\"start\";a:2:{s:5:\"hours\";s:2:\"00\";s:4:\"mins\";s:2:\"00\";}s:3:\"end\";a:2:{s:5:\"hours\";s:2:\"00\";s:4:\"mins\";s:2:\"00\";}}s:2:\"pm\";a:2:{s:5:\"start\";a:2:{s:5:\"hours\";s:2:\"00\";s:4:\"mins\";s:2:\"00\";}s:3:\"end\";a:2:{s:5:\"hours\";s:2:\"00\";s:4:\"mins\";s:2:\"00\";}}}i:3;a:2:{s:2:\"am\";a:2:{s:5:\"start\";a:2:{s:5:\"hours\";s:2:\"00\";s:4:\"mins\";s:2:\"00\";}s:3:\"end\";a:2:{s:5:\"hours\";s:2:\"00\";s:4:\"mins\";s:2:\"00\";}}s:2:\"pm\";a:2:{s:5:\"start\";a:2:{s:5:\"hours\";s:2:\"00\";s:4:\"mins\";s:2:\"00\";}s:3:\"end\";a:2:{s:5:\"hours\";s:2:\"00\";s:4:\"mins\";s:2:\"00\";}}}i:4;a:2:{s:2:\"am\";a:2:{s:5:\"start\";a:2:{s:5:\"hours\";s:2:\"00\";s:4:\"mins\";s:2:\"00\";}s:3:\"end\";a:2:{s:5:\"hours\";s:2:\"00\";s:4:\"mins\";s:2:\"00\";}}s:2:\"pm\";a:2:{s:5:\"start\";a:2:{s:5:\"hours\";s:2:\"00\";s:4:\"mins\";s:2:\"00\";}s:3:\"end\";a:2:{s:5:\"hours\";s:2:\"00\";s:4:\"mins\";s:2:\"00\";}}}i:5;a:2:{s:2:\"am\";a:2:{s:5:\"start\";a:2:{s:5:\"hours\";s:2:\"00\";s:4:\"mins\";s:2:\"00\";}s:3:\"end\";a:2:{s:5:\"hours\";s:2:\"00\";s:4:\"mins\";s:2:\"00\";}}s:2:\"pm\";a:2:{s:5:\"start\";a:2:{s:5:\"hours\";s:2:\"00\";s:4:\"mins\";s:2:\"00\";}s:3:\"end\";a:2:{s:5:\"hours\";s:2:\"00\";s:4:\"mins\";s:2:\"00\";}}}i:6;a:2:{s:2:\"am\";a:2:{s:5:\"start\";a:2:{s:5:\"hours\";s:2:\"00\";s:4:\"mins\";s:2:\"00\";}s:3:\"end\";a:2:{s:5:\"hours\";s:2:\"00\";s:4:\"mins\";s:2:\"00\";}}s:2:\"pm\";a:2:{s:5:\"start\";a:2:{s:5:\"hours\";s:2:\"00\";s:4:\"mins\";s:2:\"00\";}s:3:\"end\";a:2:{s:5:\"hours\";s:2:\"00\";s:4:\"mins\";s:2:\"00\";}}}}}s:36:\"_seopress_pro_rich_snippets_lb_price\";s:0:\"\";s:34:\"_seopress_pro_rich_snippets_lb_tel\";s:0:\"\";s:38:\"_seopress_pro_rich_snippets_lb_website\";s:0:\"\";s:34:\"_seopress_pro_rich_snippets_lb_lon\";s:0:\"\";s:41:\"_seopress_pro_rich_snippets_courses_title\";s:0:\"\";s:31:\"_seopress_pro_rich_snippets_faq\";a:1:{i:0;a:2:{s:8:\"question\";s:0:\"\";s:6:\"answer\";s:0:\"\";}}s:44:\"_seopress_pro_rich_snippets_recipes_calories\";s:0:\"\";s:45:\"_seopress_pro_rich_snippets_recipes_cook_time\";s:0:\"\";s:45:\"_seopress_pro_rich_snippets_recipes_prep_time\";s:0:\"\";s:40:\"_seopress_pro_rich_snippets_recipes_desc\";s:0:\"\";s:39:\"_seopress_pro_rich_snippets_recipes_cat\";s:0:\"\";s:39:\"_seopress_pro_rich_snippets_recipes_img\";s:0:\"\";s:44:\"_seopress_pro_rich_snippets_videos_img_width\";s:0:\"\";s:38:\"_seopress_pro_rich_snippets_videos_img\";s:0:\"\";s:41:\"_seopress_pro_rich_snippets_recipes_yield\";s:0:\"\";s:39:\"_seopress_pro_rich_snippets_videos_name\";s:0:\"\";s:46:\"_seopress_pro_rich_snippets_videos_description\";s:0:\"\";s:43:\"_seopress_pro_rich_snippets_videos_duration\";s:0:\"\";s:38:\"_seopress_pro_rich_snippets_videos_url\";s:0:\"\";s:39:\"_seopress_pro_rich_snippets_events_type\";s:13:\"BusinessEvent\";s:45:\"_seopress_pro_rich_snippets_events_start_time\";s:0:\"\";s:45:\"_seopress_pro_rich_snippets_events_start_date\";s:0:\"\";s:39:\"_seopress_pro_rich_snippets_events_name\";s:0:\"\";s:39:\"_seopress_pro_rich_snippets_events_desc\";s:0:\"\";s:38:\"_seopress_pro_rich_snippets_events_img\";s:0:\"\";s:40:\"_seopress_pro_rich_snippets_courses_desc\";s:0:\"\";s:42:\"_seopress_pro_rich_snippets_courses_school\";s:0:\"\";s:43:\"_seopress_pro_rich_snippets_courses_website\";s:0:\"\";s:40:\"_seopress_pro_rich_snippets_recipes_name\";s:0:\"\";s:51:\"_seopress_pro_rich_snippets_events_location_address\";s:0:\"\";s:47:\"_seopress_pro_rich_snippets_events_location_url\";s:0:\"\";s:43:\"_seopress_pro_rich_snippets_events_end_date\";s:0:\"\";s:43:\"_seopress_pro_rich_snippets_events_end_time\";s:0:\"\";s:48:\"_seopress_pro_rich_snippets_events_location_name\";s:0:\"\";s:54:\"_seopress_pro_rich_snippets_events_offers_availability\";s:7:\"InStock\";s:56:\"_seopress_pro_rich_snippets_events_offers_price_currency\";s:4:\"none\";s:47:\"_seopress_pro_rich_snippets_events_offers_price\";s:0:\"\";s:46:\"_seopress_pro_rich_snippets_events_offers_name\";s:0:\"\";s:45:\"_seopress_pro_rich_snippets_events_offers_cat\";s:7:\"Primary\";s:45:\"_seopress_pro_rich_snippets_events_offers_url\";s:0:\"\";s:44:\"_seopress_pro_rich_snippets_events_performer\";s:0:\"\";s:40:\"_seopress_pro_rich_snippets_product_name\";s:0:\"\";s:45:\"_seopress_pro_rich_snippets_product_condition\";s:12:\"NewCondition\";s:50:\"_seopress_pro_rich_snippets_product_price_currency\";s:4:\"none\";s:39:\"_seopress_pro_rich_snippets_product_img\";s:0:\"\";s:41:\"_seopress_pro_rich_snippets_product_price\";s:0:\"\";s:47:\"_seopress_pro_rich_snippets_product_description\";s:0:\"\";s:41:\"_seopress_pro_rich_snippets_review_rating\";s:0:\"\";s:48:\"_seopress_pro_rich_snippets_product_availability\";s:7:\"InStock\";s:39:\"_seopress_pro_rich_snippets_review_item\";s:0:\"\";s:38:\"_seopress_pro_rich_snippets_review_img\";s:0:\"\";}"],"wp_schema_pro_optimized_structured_data":["<!-- Schema optimized by Schema Pro --><script type=\"application\/ld+json\">{\"@context\":\"https:\/\/schema.org\",\"@type\":\"NewsArticle\",\"mainEntityOfPage\":{\"@type\":\"WebPage\",\"@id\":\"https:\/\/mv-sport.de\/laager-laufgruppe-startet-in-die-laufcup-saison-sehr-stark\/\"},\"headline\":\"Laager Laufgruppe startet in die Laufcup-Saison sehr stark\",\"image\":{\"@type\":\"ImageObject\",\"url\":\"https:\/\/mv-sport.de\/wp-content\/uploads\/2019\/03\/20190303_123852-2.jpg\",\"width\":900,\"height\":1600},\"datePublished\":\"2019-03-03T22:23:36\",\"dateModified\":\"2019-03-04T09:54:09\",\"author\":{\"@type\":\"Person\",\"name\":\"Sportclub Laage e.V.\",\"url\":\"https:\/\/mv-sport.de\/author\/sportclub-laage-e-v\"},\"publisher\":{\"@type\":\"Organization\",\"name\":\"MV-Sport.de - Sportvereine &amp; Sportnachrichten Mecklenburg-Vorpommern\",\"logo\":{\"@type\":\"ImageObject\",\"url\":\"https:\/\/mv-sport.de\/wp-content\/uploads\/2017\/05\/logo-mv-sport-292x60.png\"}}}<\/script><!-- \/ Schema optimized by Schema Pro -->"],"__post_views_count":["579"],"astra_style_timestamp_css":["1757429389"],"_uag_css_file_name":["uag-css-18757.css"],"_uag_page_assets":["a:9:{s:3:\"css\";s:7010:\".uagb-block-88f5875d.wp-block-uagb-image--layout-default figure img{box-shadow: 0px 0px 0 #00000070;}.uagb-block-88f5875d.wp-block-uagb-image .wp-block-uagb-image__figure figcaption{font-style: normal;align-self: center;}.uagb-block-88f5875d.wp-block-uagb-image--layout-overlay figure img{box-shadow: 0px 0px 0 #00000070;}.uagb-block-88f5875d.wp-block-uagb-image--layout-overlay .wp-block-uagb-image--layout-overlay__color-wrapper{opacity: 0.2;}.uagb-block-88f5875d.wp-block-uagb-image--layout-overlay .wp-block-uagb-image--layout-overlay__inner{left: 15px;right: 15px;top: 15px;bottom: 15px;}.uagb-block-88f5875d.wp-block-uagb-image--layout-overlay .wp-block-uagb-image--layout-overlay__inner .uagb-image-heading{font-style: normal;color: #fff;opacity: 1;}.uagb-block-88f5875d.wp-block-uagb-image--layout-overlay .wp-block-uagb-image--layout-overlay__inner .uagb-image-heading a{color: #fff;}.uagb-block-88f5875d.wp-block-uagb-image--layout-overlay .wp-block-uagb-image--layout-overlay__inner .uagb-image-caption{opacity: 0;}.uagb-block-88f5875d.wp-block-uagb-image--layout-overlay .wp-block-uagb-image__figure:hover .wp-block-uagb-image--layout-overlay__color-wrapper{opacity: 1;}.uagb-block-88f5875d.wp-block-uagb-image .wp-block-uagb-image--layout-overlay__inner .uagb-image-separator{width: 30%;border-top-width: 2px;border-top-color: #fff;opacity: 0;}.uagb-block-88f5875d.wp-block-uagb-image .wp-block-uagb-image__figure img{width: 297px;height: auto;}.uagb-block-88f5875d.wp-block-uagb-image .wp-block-uagb-image__figure:hover .wp-block-uagb-image--layout-overlay__inner .uagb-image-caption{opacity: 1;}.uagb-block-88f5875d.wp-block-uagb-image .wp-block-uagb-image__figure:hover .wp-block-uagb-image--layout-overlay__inner .uagb-image-separator{opacity: 1;}.uagb-block-88f5875d.wp-block-uagb-image--layout-default figure:hover img{box-shadow: 0px 0px 0 #00000070;}.uagb-block-88f5875d.wp-block-uagb-image--layout-overlay figure:hover img{box-shadow: 0px 0px 0 #00000070;}@media only screen and (max-width: 976px) {.uagb-block-88f5875d.wp-block-uagb-image .wp-block-uagb-image__figure img{width: 297px;height: auto;}}@media only screen and (max-width: 767px) {.uagb-block-88f5875d.wp-block-uagb-image .wp-block-uagb-image__figure img{width: 297px;height: auto;}}.uagb-block-b6c54374.wp-block-uagb-image{margin-top: 0px;margin-right: 0px;margin-bottom: 0px;margin-left: 0px;}.uagb-block-b6c54374.wp-block-uagb-image--layout-default figure img{box-shadow: 0px 0px 0 #00000070;}.uagb-block-b6c54374.wp-block-uagb-image .wp-block-uagb-image__figure figcaption{font-style: normal;align-self: center;}.uagb-block-b6c54374.wp-block-uagb-image--layout-overlay figure img{box-shadow: 0px 0px 0 #00000070;}.uagb-block-b6c54374.wp-block-uagb-image--layout-overlay .wp-block-uagb-image--layout-overlay__color-wrapper{opacity: 0.2;}.uagb-block-b6c54374.wp-block-uagb-image--layout-overlay .wp-block-uagb-image--layout-overlay__inner{left: 15px;right: 15px;top: 15px;bottom: 15px;}.uagb-block-b6c54374.wp-block-uagb-image--layout-overlay .wp-block-uagb-image--layout-overlay__inner .uagb-image-heading{font-style: normal;color: #fff;opacity: 1;}.uagb-block-b6c54374.wp-block-uagb-image--layout-overlay .wp-block-uagb-image--layout-overlay__inner .uagb-image-heading a{color: #fff;}.uagb-block-b6c54374.wp-block-uagb-image--layout-overlay .wp-block-uagb-image--layout-overlay__inner .uagb-image-caption{opacity: 0;}.uagb-block-b6c54374.wp-block-uagb-image--layout-overlay .wp-block-uagb-image__figure:hover .wp-block-uagb-image--layout-overlay__color-wrapper{opacity: 1;}.uagb-block-b6c54374.wp-block-uagb-image .wp-block-uagb-image--layout-overlay__inner .uagb-image-separator{width: 30%;border-top-width: 2px;border-top-color: #fff;opacity: 0;}.uagb-block-b6c54374.wp-block-uagb-image .wp-block-uagb-image__figure img{width: px;height: auto;}.uagb-block-b6c54374.wp-block-uagb-image .wp-block-uagb-image__figure:hover .wp-block-uagb-image--layout-overlay__inner .uagb-image-caption{opacity: 1;}.uagb-block-b6c54374.wp-block-uagb-image .wp-block-uagb-image__figure:hover .wp-block-uagb-image--layout-overlay__inner .uagb-image-separator{opacity: 1;}.uagb-block-b6c54374.wp-block-uagb-image--layout-default figure:hover img{box-shadow: 0px 0px 0 #00000070;}.uagb-block-b6c54374.wp-block-uagb-image--layout-overlay figure:hover img{box-shadow: 0px 0px 0 #00000070;}@media only screen and (max-width: 976px) {.uagb-block-b6c54374.wp-block-uagb-image .wp-block-uagb-image__figure img{width: px;height: auto;}}@media only screen and (max-width: 767px) {.uagb-block-b6c54374.wp-block-uagb-image .wp-block-uagb-image__figure img{width: px;height: auto;}}.uagb-block-2bdcf70c.wp-block-uagb-image{margin-top: 0px;margin-right: 0px;margin-bottom: 0px;margin-left: 0px;}.uagb-block-2bdcf70c.wp-block-uagb-image--layout-default figure img{box-shadow: 0px 0px 0 #00000070;}.uagb-block-2bdcf70c.wp-block-uagb-image .wp-block-uagb-image__figure figcaption{font-style: normal;align-self: center;}.uagb-block-2bdcf70c.wp-block-uagb-image--layout-overlay figure img{box-shadow: 0px 0px 0 #00000070;}.uagb-block-2bdcf70c.wp-block-uagb-image--layout-overlay .wp-block-uagb-image--layout-overlay__color-wrapper{opacity: 0.2;}.uagb-block-2bdcf70c.wp-block-uagb-image--layout-overlay .wp-block-uagb-image--layout-overlay__inner{left: 15px;right: 15px;top: 15px;bottom: 15px;}.uagb-block-2bdcf70c.wp-block-uagb-image--layout-overlay .wp-block-uagb-image--layout-overlay__inner .uagb-image-heading{font-style: normal;color: #fff;opacity: 1;}.uagb-block-2bdcf70c.wp-block-uagb-image--layout-overlay .wp-block-uagb-image--layout-overlay__inner .uagb-image-heading a{color: #fff;}.uagb-block-2bdcf70c.wp-block-uagb-image--layout-overlay .wp-block-uagb-image--layout-overlay__inner .uagb-image-caption{opacity: 0;}.uagb-block-2bdcf70c.wp-block-uagb-image--layout-overlay .wp-block-uagb-image__figure:hover .wp-block-uagb-image--layout-overlay__color-wrapper{opacity: 1;}.uagb-block-2bdcf70c.wp-block-uagb-image .wp-block-uagb-image--layout-overlay__inner .uagb-image-separator{width: 30%;border-top-width: 2px;border-top-color: #fff;opacity: 0;}.uagb-block-2bdcf70c.wp-block-uagb-image .wp-block-uagb-image__figure img{width: px;height: auto;}.uagb-block-2bdcf70c.wp-block-uagb-image .wp-block-uagb-image__figure:hover .wp-block-uagb-image--layout-overlay__inner .uagb-image-caption{opacity: 1;}.uagb-block-2bdcf70c.wp-block-uagb-image .wp-block-uagb-image__figure:hover .wp-block-uagb-image--layout-overlay__inner .uagb-image-separator{opacity: 1;}.uagb-block-2bdcf70c.wp-block-uagb-image--layout-default figure:hover img{box-shadow: 0px 0px 0 #00000070;}.uagb-block-2bdcf70c.wp-block-uagb-image--layout-overlay figure:hover img{box-shadow: 0px 0px 0 #00000070;}@media only screen and (max-width: 976px) {.uagb-block-2bdcf70c.wp-block-uagb-image .wp-block-uagb-image__figure img{width: px;height: auto;}}@media only screen and (max-width: 767px) {.uagb-block-2bdcf70c.wp-block-uagb-image .wp-block-uagb-image__figure img{width: px;height: auto;}}\";s:2:\"js\";s:0:\"\";s:18:\"current_block_list\";a:28:{i:0;s:10:\"core\/group\";i:2;s:24:\"core\/post-featured-image\";i:3;s:15:\"core\/post-title\";i:5;s:14:\"core\/post-date\";i:6;s:16:\"core\/post-author\";i:7;s:15:\"core\/post-terms\";i:8;s:17:\"core\/post-content\";i:9;s:14:\"core\/separator\";i:10;s:13:\"core\/comments\";i:11;s:19:\"core\/comments-title\";i:12;s:21:\"core\/comment-template\";i:15;s:11:\"core\/avatar\";i:16;s:24:\"core\/comment-author-name\";i:17;s:17:\"core\/comment-date\";i:18;s:20:\"core\/comment-content\";i:19;s:23:\"core\/comment-reply-link\";i:20;s:24:\"core\/comments-pagination\";i:21;s:33:\"core\/comments-pagination-previous\";i:22;s:32:\"core\/comments-pagination-numbers\";i:23;s:29:\"core\/comments-pagination-next\";i:24;s:23:\"core\/post-comments-form\";i:25;s:14:\"core\/tag-cloud\";i:26;s:12:\"core\/heading\";i:27;s:14:\"core\/paragraph\";i:28;s:12:\"core\/buttons\";i:29;s:11:\"core\/button\";i:30;s:10:\"uagb\/image\";i:31;s:10:\"core\/image\";}s:8:\"uag_flag\";b:1;s:11:\"uag_version\";s:10:\"1776905437\";s:6:\"gfonts\";a:0:{}s:10:\"gfonts_url\";s:0:\"\";s:12:\"gfonts_files\";a:0:{}s:14:\"uag_faq_layout\";b:0;}"]},"uagb_featured_image_src":{"full":["https:\/\/mv-sport.de\/c\/wp-content\/uploads\/2019\/03\/20190303_123852-2.jpg",900,1600,false],"thumbnail":["https:\/\/mv-sport.de\/c\/wp-content\/uploads\/2019\/03\/20190303_123852-2-150x150.jpg",150,150,true],"medium":["https:\/\/mv-sport.de\/c\/wp-content\/uploads\/2019\/03\/20190303_123852-2-600x600.jpg",350,350,true],"medium_large":["https:\/\/mv-sport.de\/c\/wp-content\/uploads\/2019\/03\/20190303_123852-2.jpg",768,1365,false],"large":["https:\/\/mv-sport.de\/c\/wp-content\/uploads\/2019\/03\/20190303_123852-2-788x1400.jpg",576,1024,true],"1536x1536":["https:\/\/mv-sport.de\/c\/wp-content\/uploads\/2019\/03\/20190303_123852-2.jpg",864,1536,false],"2048x2048":["https:\/\/mv-sport.de\/c\/wp-content\/uploads\/2019\/03\/20190303_123852-2.jpg",900,1600,false],"ultp_layout_landscape_large":["https:\/\/mv-sport.de\/c\/wp-content\/uploads\/2019\/03\/20190303_123852-2.jpg",450,800,false],"ultp_layout_landscape":["https:\/\/mv-sport.de\/c\/wp-content\/uploads\/2019\/03\/20190303_123852-2.jpg",321,570,false],"ultp_layout_portrait":["https:\/\/mv-sport.de\/c\/wp-content\/uploads\/2019\/03\/20190303_123852-2.jpg",506,900,false],"ultp_layout_square":["https:\/\/mv-sport.de\/c\/wp-content\/uploads\/2019\/03\/20190303_123852-2.jpg",338,600,false]},"uagb_author_info":{"display_name":"Sportclub Laage e.V.","author_link":"https:\/\/mv-sport.de\/c\/author\/sportclub-laage-e-v\/"},"uagb_comment_info":0,"uagb_excerpt":"Endlich geht es wieder los! Die Laufcup-Saison wurde traditionell, ganz im \u00e4u\u00dfersten Westen Mecklenburg-Vorpommerns, in Wittenburg er\u00f6ffnet und alles was in der Laufszene Rang und Namen hat, war am Start. Die Vorfreude auf den Lauf war dabei riesig. Fast jedes zweite Mitglied der Laager Laufgruppe startete beim 31.M\u00fchlenlauf und als Team konnte der Sportclub Laage&hellip;","_links":{"self":[{"href":"https:\/\/mv-sport.de\/c\/wp-json\/wp\/v2\/posts\/18757","targetHints":{"allow":["GET"]}}],"collection":[{"href":"https:\/\/mv-sport.de\/c\/wp-json\/wp\/v2\/posts"}],"about":[{"href":"https:\/\/mv-sport.de\/c\/wp-json\/wp\/v2\/types\/post"}],"author":[{"embeddable":true,"href":"https:\/\/mv-sport.de\/c\/wp-json\/wp\/v2\/users\/7"}],"replies":[{"embeddable":true,"href":"https:\/\/mv-sport.de\/c\/wp-json\/wp\/v2\/comments?post=18757"}],"version-history":[{"count":0,"href":"https:\/\/mv-sport.de\/c\/wp-json\/wp\/v2\/posts\/18757\/revisions"}],"wp:featuredmedia":[{"embeddable":true,"href":"https:\/\/mv-sport.de\/c\/wp-json\/wp\/v2\/media\/18758"}],"wp:attachment":[{"href":"https:\/\/mv-sport.de\/c\/wp-json\/wp\/v2\/media?parent=18757"}],"wp:term":[{"taxonomy":"category","embeddable":true,"href":"https:\/\/mv-sport.de\/c\/wp-json\/wp\/v2\/categories?post=18757"},{"taxonomy":"post_tag","embeddable":true,"href":"https:\/\/mv-sport.de\/c\/wp-json\/wp\/v2\/tags?post=18757"},{"taxonomy":"ort","embeddable":true,"href":"https:\/\/mv-sport.de\/c\/wp-json\/wp\/v2\/ort?post=18757"}],"curies":[{"name":"wp","href":"https:\/\/api.w.org\/{rel}","templated":true}]}}