{"id":20027,"date":"2019-03-19T11:35:58","date_gmt":"2019-03-19T10:35:58","guid":{"rendered":"https:\/\/mv-sport.de\/?p=20027"},"modified":"2022-09-27T13:00:34","modified_gmt":"2022-09-27T11:00:34","slug":"in-unseren-herzen-wird-sie-immer-einen-platz-haben","status":"publish","type":"post","link":"https:\/\/mv-sport.de\/c\/in-unseren-herzen-wird-sie-immer-einen-platz-haben\/","title":{"rendered":"&#8222;In unseren Herzen wird sie immer einen Platz haben&#8230;&#8220;"},"content":{"rendered":"<h3><span style=\"color: #333333;\">Die vierfache Schwimm-Weltmeisterin Rosemarie Gabriel \u00fcber den Tod ihrer sportlichen und beruflichen Weggef\u00e4hrtin Andrea Pollack<\/span><\/h3>\n<p>K\u00fcrzlich verstarb die dreifache Schwimm-Olympiasiegerin Andrea Pollack, verheiratete Pinske, aufgrund einer Krebserkrankung im Alter von nur 57 Jahren. 1976 in Montreal sorgte Andrea Pollack f\u00fcr die ersten Olympiasiege aus Schweriner Sicht: am 18. Juli mit der 4 x 100 Meter-Lagen-Staffel der DDR und am 19. Juli \u00fcber die 200 Meter Schmetterling. Vier Jahre sp\u00e4ter in Moskau erneuerte sie ihr Staffel-Gold. 1987 wurde sie in die International Swimming Hall of Fame aufgenommen.<\/p>\n<p>Eine sportliche Weggef\u00e4hrtin von Andrea Pollack ist die Schwimmerin und ebenfalls geb\u00fcrtige Schwerinerin Rosemarie Gabriel (Jahrgang 1956). Wie Pollack war sie Mitglied des SC Dynamo Berlin und Spezialistin im Schmetterlingsschwimmen.<\/p>\n<h2>Im Gespr\u00e4ch mit Rosemarie Gabriel<\/h2>\n<p><strong> \u00dcber die gemeinsame sportliche und berufliche Zeit und <\/strong><strong>den Menschen Andrea Pollack\u2026<\/strong><\/p>\n<p><strong>Frage:<\/strong> Mitte M\u00e4rz verstarb die Schwimm-Olympiasiegerin Andrea Pollack. Sie selbst waren eine sportliche Weggef\u00e4hrtin von Andrea&#8230;. Was zeichnete sie aus Ihrer Sicht als Menschen und als Sportlerin aus?<\/p>\n<p><strong>Rosemarie Gabriel:<\/strong> Andrea kannte ich immer als einen lebensbejahenden, fr\u00f6hlichen und zielstrebigen Menschen. Sie konnte sich immer gut in andere Menschen hineinversetzen<br \/>\nund hatte immer eine hohe Akzeptanz bei Freunden, Kollegen und Sportlern.<\/p>\n<p><strong>Frage: <\/strong>Sie und Andrea waren sportliche Konkurrentinnen. Wie war Ihr Verh\u00e4ltnis zueinander?<\/p>\n<p><strong>Rosemarie Gabriel:<\/strong> In den Wettk\u00e4mpfen waren wir zwar Konkurrentinnen, bei denen jeweils die jeweils Bessere gewann, im Leben neben dem Schwimmbecken hatten wir jedoch viele Gemeinsamkeiten. Wir waren nicht nur in der gleichen Trainingsgruppe, sondern wir haben auch beide den gleichen Beruf, den einer Physiotherapeutin, \u00a0gew\u00e4hlt. Lange Zeit haben wir zusammen gearbeitet und gemeinsam einige Jahre unsere Schwimmer betreut. Wir waren stets ein gutes Team.<\/p>\n<figure id=\"attachment_20028\" aria-describedby=\"caption-attachment-20028\" style=\"width: 300px\" class=\"wp-caption alignright\"><a href=\"https:\/\/mv-sport.de\/wp-content\/uploads\/2019\/03\/gedenkenschwimmen.jpg\"><img loading=\"lazy\" decoding=\"async\" class=\"size-medium wp-image-20028\" src=\"https:\/\/mv-sport.de\/wp-content\/uploads\/2019\/03\/gedenkenschwimmen-300x225.jpg\" alt=\"\" width=\"300\" height=\"225\" \/><\/a><figcaption id=\"caption-attachment-20028\" class=\"wp-caption-text\">Die Schwimmwelt trauert \u00fcber den Tod von Andrea Pollack, verheiratete Pinske. Foto: M.M.<\/figcaption><\/figure>\n<p><strong>Rosemarie Gabriel &#8211; Internaltionale Erfolge <\/strong><\/p>\n<ul>\n<li>Vier mal WM-Gold: 1973 und 1975 jeweils \u00fcber die 4 x 100 Meter Lagen sowie \u00fcber die 200 Meter Schmetterling.<\/li>\n<li>Zweifache Vizeweltmeisterin \u00fcber 100 Meter Schmetterling (1973 und 1975)<\/li>\n<li>Olympia-Dritte 1976 \u00fcber die 200 Meter Schmetterling<\/li>\n<li>Dreifache Europameisterin von Wien 1974: 100 und 200 m Schmetterling sowie 4\u00d7100 m Lagen<\/li>\n<\/ul>\n<p><strong>Frage:<\/strong> Bei den Spielen 1976 in Montreal wurde Andrea zweifache Olympiasiegerin &#8211; Sie mu\u00dften sich mit Bronze begn\u00fcgen. Wie verliefen damals die Spiele von 1976 in Montreal aus Ihrer Sicht?<\/p>\n<p><strong>Rosemarie Gabriel:<\/strong> F\u00fcr mich verliefen die Olympischen Spiele 1976 in Montreal \u00a0nicht so optimal, wie es von vielen erwartet wurde. Aber ich war am Ende meiner Karriere, da wachsen so manch einem jungen und unbeschwertem Sportler Fl\u00fcgel. Aber Polli (In Montreal 1976 erst 15 Jahre alt! &#8211; red. Anm.) \u00a0hat es mich sp\u00e4ter nie sp\u00fcren lassen, dass sie die Bessere war!<\/p>\n<p><strong>Frage:<\/strong> Sind Sie noch sportlich aktiv?<\/p>\n<p><strong>Rosemarie Gabriel: <\/strong>Heute treibe ich je nach Zeit und Ziel Sport, unter anderem Athletik, Gymnastik, und Schwimmen.<\/p>\n<p><strong>Frage:<\/strong> Nach 1990 gab Andrea Doping zu. Wie beurteilen Sie diese Geschehnisse?<\/p>\n<p><strong>Rosemarie Gabriel: <\/strong>Ich lehne Doping ab!<\/p>\n<p><strong>Frage:<\/strong> Haben Sie noch Kontakt zu fr\u00fcheren Schwimmer_innen? Wie sah der\u00a0 zu Andrea aus?<\/p>\n<p><strong>Rosemarie Gabriel: <\/strong>Zu meinen Mitstreiterinnen und Mitstreitern von einst habe ich durch verschiedene Sportler-Treffen, einigen freundschaftlichen Verbindungen und meiner beruflichen T\u00e4tigkeit regelm\u00e4\u00dfig Kontakte, \u00a0die mich immer wieder erfreuen! Zu Polli hatte ich zwar unregelm\u00e4\u00dfige, aber immer herzliche und freundschaftliche Begegnungen. \u00dcber ihren Tod bin ich best\u00fcrzt und traurig! Sie wird uns allen sehr fehlen.\u00a0 Aber in unseren Herzen wird sie immer einen Platz haben&#8230;<\/p>\n<p><strong>Vielen Dank und alles erdenklich Gute!<\/strong><\/p>\n<p><span style=\"color: #999999;\"><em>mic<\/em><\/span><\/p>\n<p>[box type=&#8220;info&#8220;] Bei den Spielen 1976 in Montreal folgten nach Pollacks Siegen \u00fcbrigens noch weitere olympische Goldmedaillen f\u00fcr Schweriner Athleten. So jene f\u00fcr den Ruderer Michael Wolfgramm und den Boxer Jochen Bachfeld.[\/box]<\/p>\n","protected":false},"excerpt":{"rendered":"<p>Die vierfache Schwimm-Weltmeisterin Rosemarie Gabriel \u00fcber den Tod ihrer sportlichen und beruflichen Weggef\u00e4hrtin Andrea Pollack K\u00fcrzlich verstarb die dreifache Schwimm-Olympiasiegerin Andrea Pollack, verheiratete Pinske, aufgrund einer Krebserkrankung im Alter von nur 57 Jahren. 1976 in Montreal sorgte Andrea Pollack f\u00fcr die ersten Olympiasiege aus Schweriner Sicht: am 18. Juli mit der 4 x 100 Meter-Lagen-Staffel [&hellip;]<\/p>\n","protected":false},"author":3,"featured_media":20028,"comment_status":"open","ping_status":"open","sticky":false,"template":"","format":"standard","meta":{"_seopress_robots_primary_cat":"none","_seopress_titles_title":"","_seopress_titles_desc":"","_seopress_robots_index":"","_relevanssi_hide_post":"","_relevanssi_hide_content":"","_relevanssi_pin_for_all":"","_relevanssi_pin_keywords":"","_relevanssi_unpin_keywords":"","_relevanssi_related_keywords":"","_relevanssi_related_include_ids":"","_relevanssi_related_exclude_ids":"","_relevanssi_related_no_append":"","_relevanssi_related_not_related":"","_relevanssi_related_posts":"","_relevanssi_noindex_reason":"","_uag_custom_page_level_css":"","footnotes":""},"categories":[19],"tags":[],"ort":[],"class_list":{"0":"post-20027","1":"post","2":"type-post","3":"status-publish","4":"format-standard","5":"has-post-thumbnail","7":"category-schwimmen"},"featured_image_urls":{"medium":"https:\/\/mv-sport.de\/c\/wp-content\/uploads\/2019\/03\/gedenkenschwimmen.jpg","medium_large":"https:\/\/mv-sport.de\/c\/wp-content\/uploads\/2019\/03\/gedenkenschwimmen.jpg","large":"https:\/\/mv-sport.de\/c\/wp-content\/uploads\/2019\/03\/gedenkenschwimmen.jpg","full":"https:\/\/mv-sport.de\/c\/wp-content\/uploads\/2019\/03\/gedenkenschwimmen.jpg","alt":"","caption":"Die Schwimmwelt trauert \u00fcber den Tod von Andrea Pollack, verheiratete Pinske. Foto: M.M."},"spectra_custom_meta":{"uab_option":["yes"],"uab_meta_position":["default"],"_extra_rating_average":["0"],"_seopress_analysis_data":["a:16:{s:5:\"title\";s:73:\"\u201eIn unseren Herzen wird sie immer einen Platz haben\u2026\u201c | MV-Sport.de\";s:10:\"target_kws\";s:0:\"\";s:10:\"meta_title\";a:1:{s:7:\"matches\";a:1:{s:0:\"\";a:1:{i:0;a:24:{i:0;s:0:\"\";i:1;s:0:\"\";i:2;s:0:\"\";i:3;s:0:\"\";i:4;s:0:\"\";i:5;s:0:\"\";i:6;s:0:\"\";i:7;s:0:\"\";i:8;s:0:\"\";i:9;s:0:\"\";i:10;s:0:\"\";i:11;s:0:\"\";i:12;s:0:\"\";i:13;s:0:\"\";i:14;s:0:\"\";i:15;s:0:\"\";i:16;s:0:\"\";i:17;s:0:\"\";i:18;s:0:\"\";i:19;s:0:\"\";i:20;s:0:\"\";i:21;s:0:\"\";i:22;s:0:\"\";i:23;s:0:\"\";}}}}s:9:\"meta_desc\";s:392:\"Die vierfache Schwimm-Weltmeisterin Rosemarie Gabriel \u00fcber den Tod ihrer sportlichen und beruflichen Weggef\u00e4hrtin Andrea Pollack K\u00fcrzlich verstarb die dreifache Schwimm-Olympiasiegerin Andrea Pollack, verheiratete Pinske, aufgrund einer Krebserkrankung im Alter von nur 57 Jahren. 1976 in Montreal sorgte Andrea Pollack f\u00fcr die ersten Olympiasiege aus Schweriner Sicht: am 18. Juli mit\u2026\";s:16:\"meta_description\";a:1:{s:7:\"matches\";a:1:{s:0:\"\";a:1:{i:0;a:104:{i:0;s:0:\"\";i:1;s:0:\"\";i:2;s:0:\"\";i:3;s:0:\"\";i:4;s:0:\"\";i:5;s:0:\"\";i:6;s:0:\"\";i:7;s:0:\"\";i:8;s:0:\"\";i:9;s:0:\"\";i:10;s:0:\"\";i:11;s:0:\"\";i:12;s:0:\"\";i:13;s:0:\"\";i:14;s:0:\"\";i:15;s:0:\"\";i:16;s:0:\"\";i:17;s:0:\"\";i:18;s:0:\"\";i:19;s:0:\"\";i:20;s:0:\"\";i:21;s:0:\"\";i:22;s:0:\"\";i:23;s:0:\"\";i:24;s:0:\"\";i:25;s:0:\"\";i:26;s:0:\"\";i:27;s:0:\"\";i:28;s:0:\"\";i:29;s:0:\"\";i:30;s:0:\"\";i:31;s:0:\"\";i:32;s:0:\"\";i:33;s:0:\"\";i:34;s:0:\"\";i:35;s:0:\"\";i:36;s:0:\"\";i:37;s:0:\"\";i:38;s:0:\"\";i:39;s:0:\"\";i:40;s:0:\"\";i:41;s:0:\"\";i:42;s:0:\"\";i:43;s:0:\"\";i:44;s:0:\"\";i:45;s:0:\"\";i:46;s:0:\"\";i:47;s:0:\"\";i:48;s:0:\"\";i:49;s:0:\"\";i:50;s:0:\"\";i:51;s:0:\"\";i:52;s:0:\"\";i:53;s:0:\"\";i:54;s:0:\"\";i:55;s:0:\"\";i:56;s:0:\"\";i:57;s:0:\"\";i:58;s:0:\"\";i:59;s:0:\"\";i:60;s:0:\"\";i:61;s:0:\"\";i:62;s:0:\"\";i:63;s:0:\"\";i:64;s:0:\"\";i:65;s:0:\"\";i:66;s:0:\"\";i:67;s:0:\"\";i:68;s:0:\"\";i:69;s:0:\"\";i:70;s:0:\"\";i:71;s:0:\"\";i:72;s:0:\"\";i:73;s:0:\"\";i:74;s:0:\"\";i:75;s:0:\"\";i:76;s:0:\"\";i:77;s:0:\"\";i:78;s:0:\"\";i:79;s:0:\"\";i:80;s:0:\"\";i:81;s:0:\"\";i:82;s:0:\"\";i:83;s:0:\"\";i:84;s:0:\"\";i:85;s:0:\"\";i:86;s:0:\"\";i:87;s:0:\"\";i:88;s:0:\"\";i:89;s:0:\"\";i:90;s:0:\"\";i:91;s:0:\"\";i:92;s:0:\"\";i:93;s:0:\"\";i:94;s:0:\"\";i:95;s:0:\"\";i:96;s:0:\"\";i:97;s:0:\"\";i:98;s:0:\"\";i:99;s:0:\"\";i:100;s:0:\"\";i:101;s:0:\"\";i:102;s:0:\"\";i:103;s:0:\"\";}}}}s:8:\"og_title\";s:73:\"\u201eIn unseren Herzen wird sie immer einen Platz haben\u2026\u201c | MV-Sport.de\";s:7:\"og_desc\";s:392:\"Die vierfache Schwimm-Weltmeisterin Rosemarie Gabriel \u00fcber den Tod ihrer sportlichen und beruflichen Weggef\u00e4hrtin Andrea Pollack K\u00fcrzlich verstarb die dreifache Schwimm-Olympiasiegerin Andrea Pollack, verheiratete Pinske, aufgrund einer Krebserkrankung im Alter von nur 57 Jahren. 1976 in Montreal sorgte Andrea Pollack f\u00fcr die ersten Olympiasiege aus Schweriner Sicht: am 18. Juli mit\u2026\";s:6:\"og_img\";s:68:\"https:\/\/mv-sport.de\/wp-content\/uploads\/2019\/03\/gedenkenschwimmen.jpg\";s:8:\"tw_title\";s:73:\"\u201eIn unseren Herzen wird sie immer einen Platz haben\u2026\u201c | MV-Sport.de\";s:7:\"tw_desc\";s:392:\"Die vierfache Schwimm-Weltmeisterin Rosemarie Gabriel \u00fcber den Tod ihrer sportlichen und beruflichen Weggef\u00e4hrtin Andrea Pollack K\u00fcrzlich verstarb die dreifache Schwimm-Olympiasiegerin Andrea Pollack, verheiratete Pinske, aufgrund einer Krebserkrankung im Alter von nur 57 Jahren. 1976 in Montreal sorgte Andrea Pollack f\u00fcr die ersten Olympiasiege aus Schweriner Sicht: am 18. Juli mit\u2026\";s:2:\"h1\";a:2:{s:9:\"nomatches\";a:1:{s:5:\"count\";i:1;}s:7:\"matches\";a:1:{s:0:\"\";a:1:{i:0;a:18:{i:0;s:0:\"\";i:1;s:0:\"\";i:2;s:0:\"\";i:3;s:0:\"\";i:4;s:0:\"\";i:5;s:0:\"\";i:6;s:0:\"\";i:7;s:0:\"\";i:8;s:0:\"\";i:9;s:0:\"\";i:10;s:0:\"\";i:11;s:0:\"\";i:12;s:0:\"\";i:13;s:0:\"\";i:14;s:0:\"\";i:15;s:0:\"\";i:16;s:0:\"\";i:17;s:0:\"\";}}}}s:2:\"h2\";a:1:{s:7:\"matches\";a:1:{s:0:\"\";a:1:{i:0;a:10:{i:0;s:0:\"\";i:1;s:0:\"\";i:2;s:0:\"\";i:3;s:0:\"\";i:4;s:0:\"\";i:5;s:0:\"\";i:6;s:0:\"\";i:7;s:0:\"\";i:8;s:0:\"\";i:9;s:0:\"\";}}}}s:2:\"h3\";a:1:{s:7:\"matches\";a:1:{s:0:\"\";a:2:{i:0;a:32:{i:0;s:0:\"\";i:1;s:0:\"\";i:2;s:0:\"\";i:3;s:0:\"\";i:4;s:0:\"\";i:5;s:0:\"\";i:6;s:0:\"\";i:7;s:0:\"\";i:8;s:0:\"\";i:9;s:0:\"\";i:10;s:0:\"\";i:11;s:0:\"\";i:12;s:0:\"\";i:13;s:0:\"\";i:14;s:0:\"\";i:15;s:0:\"\";i:16;s:0:\"\";i:17;s:0:\"\";i:18;s:0:\"\";i:19;s:0:\"\";i:20;s:0:\"\";i:21;s:0:\"\";i:22;s:0:\"\";i:23;s:0:\"\";i:24;s:0:\"\";i:25;s:0:\"\";i:26;s:0:\"\";i:27;s:0:\"\";i:28;s:0:\"\";i:29;s:0:\"\";i:30;s:0:\"\";i:31;s:0:\"\";}i:1;a:4:{i:0;s:0:\"\";i:1;s:0:\"\";i:2;s:0:\"\";i:3;s:0:\"\";}}}}s:3:\"img\";a:1:{s:6:\"images\";a:7:{i:0;s:76:\"https:\/\/mv-sport.de\/wp-content\/uploads\/2019\/03\/gedenkenschwimmen-300x225.jpg\";i:1;s:77:\"https:\/\/mv-sport.de\/wp-content\/plugins\/sabai\/assets\/images\/no_image_small.png\";i:2;s:89:\"https:\/\/mv-sport.de\/wp-content\/sabai\/File\/thumbnails\/4632e6d18bab2e64ca0d2b3887c7ac24.jpg\";i:3;s:89:\"https:\/\/mv-sport.de\/wp-content\/sabai\/File\/thumbnails\/e439e966ce41f1aa47c18562b9303812.jpg\";i:4;s:58:\"https:\/\/mv-sport.de\/wp-content\/uploads\/2017\/06\/michels.png\";i:5;s:61:\"https:\/\/mv-sport.de\/wp-content\/uploads\/2017\/05\/140x70px-3.gif\";i:6;s:43:\"\/\/ads.ad-mv.de\/c\/piwik.php?idsite=162&rec=1\";}}s:13:\"words_counter\";i:555;s:20:\"words_counter_unique\";i:305;}"],"_edit_lock":["1664276293:2"],"_edit_last":["2"],"_thumbnail_id":["20028"],"xyz_fbap":["1"],"xyz_fbap_insert_og":["0"],"post_views_count":["641"],"seopress_sw_done":["1"],"_seopress_rich_snippets_events_offers_valid_from_date":[""],"_seopress_rich_snippets_events_offers_valid_from_time":[""],"_seopress_titles_title":[""],"_seopress_titles_desc":[""],"_seopress_robots_canonical":[""],"_seopress_robots_primary_cat":["none"],"_seopress_robots_breadcrumbs":[""],"_seopress_social_fb_title":[""],"_seopress_social_fb_desc":[""],"_seopress_social_fb_img":[""],"_seopress_social_twitter_title":[""],"_seopress_social_twitter_desc":[""],"_seopress_social_twitter_img":[""],"_seopress_redirections_type":["301"],"_seopress_redirections_value":[""],"_seopress_video":["a:1:{i:0;a:9:{s:3:\"url\";s:0:\"\";s:5:\"title\";s:0:\"\";s:4:\"desc\";s:0:\"\";s:9:\"thumbnail\";s:0:\"\";s:8:\"duration\";s:0:\"\";s:6:\"rating\";s:0:\"\";s:10:\"view_count\";s:0:\"\";s:3:\"tag\";s:0:\"\";s:3:\"cat\";s:0:\"\";}}"],"_post_review_box_title":["Review"],"_post_review_box_summary":[""],"_post_review_box_summary_title":["Summary"],"_post_review_box_breakdowns_score":["0"],"_post_review_box_breakdowns_count":["1"],"_post_review_box_breakdowns":["a:1:{i:0;a:2:{s:5:\"title\";s:0:\"\";s:6:\"rating\";i:0;}}"],"_extra_sidebar_location":[""],"_extra_sidebar":[""],"_post_extra_featured_image_hide_single":["1"],"_seopress_analysis_target_kw":[""],"_seopress_pro_schemas_manual":["a:1:{i:0;a:1:{s:32:\"_seopress_pro_rich_snippets_type\";s:4:\"none\";}}"],"classic-editor-remember":["classic-editor"],"xyz_fbap_future_to_publish":["a:3:{s:18:\"post_fb_permission\";i:0;s:18:\"xyz_fbap_po_method\";s:1:\"2\";s:16:\"xyz_fbap_message\";s:32:\"{POST_TITLE}\r\n{POST_EXCERPT} ...\";}"],"_seopress_social_fb_img_attachment_id":[""],"_seopress_social_fb_img_width":[""],"_seopress_social_fb_img_height":[""],"_seopress_social_twitter_img_attachment_id":[""],"_seopress_social_twitter_img_width":[""],"_seopress_social_twitter_img_height":[""],"_seopress_redirections_logged_status":["both"],"site-sidebar-layout":["default"],"site-content-layout":["default"],"theme-transparent-header-meta":["default"],"stick-header-meta":["default"],"_wpv_contains_gutenberg_views":[""],"wp_schema_pro_optimized_structured_data":["<!-- Schema optimized by Schema Pro --><script type=\"application\/ld+json\">{\"@context\":\"https:\/\/schema.org\",\"@type\":\"NewsArticle\",\"mainEntityOfPage\":{\"@type\":\"WebPage\",\"@id\":\"https:\/\/mv-sport.de\/in-unseren-herzen-wird-sie-immer-einen-platz-haben\/\"},\"headline\":\"\\\"In unseren Herzen wird sie immer einen Platz haben...\\\"\",\"image\":{\"@type\":\"ImageObject\",\"url\":\"https:\/\/mv-sport.de\/wp-content\/uploads\/2019\/03\/gedenkenschwimmen.jpg\",\"width\":525,\"height\":394},\"datePublished\":\"2019-03-19T11:35:58\",\"dateModified\":\"2022-09-27T13:00:34\",\"author\":{\"@type\":\"Person\",\"name\":\"Marko Michels\",\"url\":\"https:\/\/mv-sport.de\/author\/marko-michels\"},\"publisher\":{\"@type\":\"Organization\",\"name\":\"MV-Sport.de - Sportvereine &amp; Sportnachrichten Mecklenburg-Vorpommern\",\"logo\":{\"@type\":\"ImageObject\",\"url\":\"https:\/\/mv-sport.de\/wp-content\/uploads\/2017\/05\/logo-mv-sport-292x60.png\"}}}<\/script><!-- \/ Schema optimized by Schema Pro -->"],"__post_views_count":["705"],"astra_style_timestamp_css":["1757501890"],"_uag_css_file_name":["uag-css-20027.css"],"_uag_page_assets":["a:9:{s:3:\"css\";s:7010:\".uagb-block-88f5875d.wp-block-uagb-image--layout-default figure img{box-shadow: 0px 0px 0 #00000070;}.uagb-block-88f5875d.wp-block-uagb-image .wp-block-uagb-image__figure figcaption{font-style: normal;align-self: center;}.uagb-block-88f5875d.wp-block-uagb-image--layout-overlay figure img{box-shadow: 0px 0px 0 #00000070;}.uagb-block-88f5875d.wp-block-uagb-image--layout-overlay .wp-block-uagb-image--layout-overlay__color-wrapper{opacity: 0.2;}.uagb-block-88f5875d.wp-block-uagb-image--layout-overlay .wp-block-uagb-image--layout-overlay__inner{left: 15px;right: 15px;top: 15px;bottom: 15px;}.uagb-block-88f5875d.wp-block-uagb-image--layout-overlay .wp-block-uagb-image--layout-overlay__inner .uagb-image-heading{font-style: normal;color: #fff;opacity: 1;}.uagb-block-88f5875d.wp-block-uagb-image--layout-overlay .wp-block-uagb-image--layout-overlay__inner .uagb-image-heading a{color: #fff;}.uagb-block-88f5875d.wp-block-uagb-image--layout-overlay .wp-block-uagb-image--layout-overlay__inner .uagb-image-caption{opacity: 0;}.uagb-block-88f5875d.wp-block-uagb-image--layout-overlay .wp-block-uagb-image__figure:hover .wp-block-uagb-image--layout-overlay__color-wrapper{opacity: 1;}.uagb-block-88f5875d.wp-block-uagb-image .wp-block-uagb-image--layout-overlay__inner .uagb-image-separator{width: 30%;border-top-width: 2px;border-top-color: #fff;opacity: 0;}.uagb-block-88f5875d.wp-block-uagb-image .wp-block-uagb-image__figure img{width: 297px;height: auto;}.uagb-block-88f5875d.wp-block-uagb-image .wp-block-uagb-image__figure:hover .wp-block-uagb-image--layout-overlay__inner .uagb-image-caption{opacity: 1;}.uagb-block-88f5875d.wp-block-uagb-image .wp-block-uagb-image__figure:hover .wp-block-uagb-image--layout-overlay__inner .uagb-image-separator{opacity: 1;}.uagb-block-88f5875d.wp-block-uagb-image--layout-default figure:hover img{box-shadow: 0px 0px 0 #00000070;}.uagb-block-88f5875d.wp-block-uagb-image--layout-overlay figure:hover img{box-shadow: 0px 0px 0 #00000070;}@media only screen and (max-width: 976px) {.uagb-block-88f5875d.wp-block-uagb-image .wp-block-uagb-image__figure img{width: 297px;height: auto;}}@media only screen and (max-width: 767px) {.uagb-block-88f5875d.wp-block-uagb-image .wp-block-uagb-image__figure img{width: 297px;height: auto;}}.uagb-block-b6c54374.wp-block-uagb-image{margin-top: 0px;margin-right: 0px;margin-bottom: 0px;margin-left: 0px;}.uagb-block-b6c54374.wp-block-uagb-image--layout-default figure img{box-shadow: 0px 0px 0 #00000070;}.uagb-block-b6c54374.wp-block-uagb-image .wp-block-uagb-image__figure figcaption{font-style: normal;align-self: center;}.uagb-block-b6c54374.wp-block-uagb-image--layout-overlay figure img{box-shadow: 0px 0px 0 #00000070;}.uagb-block-b6c54374.wp-block-uagb-image--layout-overlay .wp-block-uagb-image--layout-overlay__color-wrapper{opacity: 0.2;}.uagb-block-b6c54374.wp-block-uagb-image--layout-overlay .wp-block-uagb-image--layout-overlay__inner{left: 15px;right: 15px;top: 15px;bottom: 15px;}.uagb-block-b6c54374.wp-block-uagb-image--layout-overlay .wp-block-uagb-image--layout-overlay__inner .uagb-image-heading{font-style: normal;color: #fff;opacity: 1;}.uagb-block-b6c54374.wp-block-uagb-image--layout-overlay .wp-block-uagb-image--layout-overlay__inner .uagb-image-heading a{color: #fff;}.uagb-block-b6c54374.wp-block-uagb-image--layout-overlay .wp-block-uagb-image--layout-overlay__inner .uagb-image-caption{opacity: 0;}.uagb-block-b6c54374.wp-block-uagb-image--layout-overlay .wp-block-uagb-image__figure:hover .wp-block-uagb-image--layout-overlay__color-wrapper{opacity: 1;}.uagb-block-b6c54374.wp-block-uagb-image .wp-block-uagb-image--layout-overlay__inner .uagb-image-separator{width: 30%;border-top-width: 2px;border-top-color: #fff;opacity: 0;}.uagb-block-b6c54374.wp-block-uagb-image .wp-block-uagb-image__figure img{width: px;height: auto;}.uagb-block-b6c54374.wp-block-uagb-image .wp-block-uagb-image__figure:hover .wp-block-uagb-image--layout-overlay__inner .uagb-image-caption{opacity: 1;}.uagb-block-b6c54374.wp-block-uagb-image .wp-block-uagb-image__figure:hover .wp-block-uagb-image--layout-overlay__inner .uagb-image-separator{opacity: 1;}.uagb-block-b6c54374.wp-block-uagb-image--layout-default figure:hover img{box-shadow: 0px 0px 0 #00000070;}.uagb-block-b6c54374.wp-block-uagb-image--layout-overlay figure:hover img{box-shadow: 0px 0px 0 #00000070;}@media only screen and (max-width: 976px) {.uagb-block-b6c54374.wp-block-uagb-image .wp-block-uagb-image__figure img{width: px;height: auto;}}@media only screen and (max-width: 767px) {.uagb-block-b6c54374.wp-block-uagb-image .wp-block-uagb-image__figure img{width: px;height: auto;}}.uagb-block-2bdcf70c.wp-block-uagb-image{margin-top: 0px;margin-right: 0px;margin-bottom: 0px;margin-left: 0px;}.uagb-block-2bdcf70c.wp-block-uagb-image--layout-default figure img{box-shadow: 0px 0px 0 #00000070;}.uagb-block-2bdcf70c.wp-block-uagb-image .wp-block-uagb-image__figure figcaption{font-style: normal;align-self: center;}.uagb-block-2bdcf70c.wp-block-uagb-image--layout-overlay figure img{box-shadow: 0px 0px 0 #00000070;}.uagb-block-2bdcf70c.wp-block-uagb-image--layout-overlay .wp-block-uagb-image--layout-overlay__color-wrapper{opacity: 0.2;}.uagb-block-2bdcf70c.wp-block-uagb-image--layout-overlay .wp-block-uagb-image--layout-overlay__inner{left: 15px;right: 15px;top: 15px;bottom: 15px;}.uagb-block-2bdcf70c.wp-block-uagb-image--layout-overlay .wp-block-uagb-image--layout-overlay__inner .uagb-image-heading{font-style: normal;color: #fff;opacity: 1;}.uagb-block-2bdcf70c.wp-block-uagb-image--layout-overlay .wp-block-uagb-image--layout-overlay__inner .uagb-image-heading a{color: #fff;}.uagb-block-2bdcf70c.wp-block-uagb-image--layout-overlay .wp-block-uagb-image--layout-overlay__inner .uagb-image-caption{opacity: 0;}.uagb-block-2bdcf70c.wp-block-uagb-image--layout-overlay .wp-block-uagb-image__figure:hover .wp-block-uagb-image--layout-overlay__color-wrapper{opacity: 1;}.uagb-block-2bdcf70c.wp-block-uagb-image .wp-block-uagb-image--layout-overlay__inner .uagb-image-separator{width: 30%;border-top-width: 2px;border-top-color: #fff;opacity: 0;}.uagb-block-2bdcf70c.wp-block-uagb-image .wp-block-uagb-image__figure img{width: px;height: auto;}.uagb-block-2bdcf70c.wp-block-uagb-image .wp-block-uagb-image__figure:hover .wp-block-uagb-image--layout-overlay__inner .uagb-image-caption{opacity: 1;}.uagb-block-2bdcf70c.wp-block-uagb-image .wp-block-uagb-image__figure:hover .wp-block-uagb-image--layout-overlay__inner .uagb-image-separator{opacity: 1;}.uagb-block-2bdcf70c.wp-block-uagb-image--layout-default figure:hover img{box-shadow: 0px 0px 0 #00000070;}.uagb-block-2bdcf70c.wp-block-uagb-image--layout-overlay figure:hover img{box-shadow: 0px 0px 0 #00000070;}@media only screen and (max-width: 976px) {.uagb-block-2bdcf70c.wp-block-uagb-image .wp-block-uagb-image__figure img{width: px;height: auto;}}@media only screen and (max-width: 767px) {.uagb-block-2bdcf70c.wp-block-uagb-image .wp-block-uagb-image__figure img{width: px;height: auto;}}\";s:2:\"js\";s:0:\"\";s:18:\"current_block_list\";a:28:{i:0;s:10:\"core\/group\";i:2;s:24:\"core\/post-featured-image\";i:3;s:15:\"core\/post-title\";i:5;s:14:\"core\/post-date\";i:6;s:16:\"core\/post-author\";i:7;s:15:\"core\/post-terms\";i:8;s:17:\"core\/post-content\";i:9;s:14:\"core\/separator\";i:10;s:13:\"core\/comments\";i:11;s:19:\"core\/comments-title\";i:12;s:21:\"core\/comment-template\";i:15;s:11:\"core\/avatar\";i:16;s:24:\"core\/comment-author-name\";i:17;s:17:\"core\/comment-date\";i:18;s:20:\"core\/comment-content\";i:19;s:23:\"core\/comment-reply-link\";i:20;s:24:\"core\/comments-pagination\";i:21;s:33:\"core\/comments-pagination-previous\";i:22;s:32:\"core\/comments-pagination-numbers\";i:23;s:29:\"core\/comments-pagination-next\";i:24;s:23:\"core\/post-comments-form\";i:25;s:14:\"core\/tag-cloud\";i:26;s:12:\"core\/heading\";i:27;s:14:\"core\/paragraph\";i:28;s:12:\"core\/buttons\";i:29;s:11:\"core\/button\";i:30;s:10:\"uagb\/image\";i:31;s:10:\"core\/image\";}s:8:\"uag_flag\";b:1;s:11:\"uag_version\";s:10:\"1777802028\";s:6:\"gfonts\";a:0:{}s:10:\"gfonts_url\";s:0:\"\";s:12:\"gfonts_files\";a:0:{}s:14:\"uag_faq_layout\";b:0;}"]},"uagb_featured_image_src":{"full":["https:\/\/mv-sport.de\/c\/wp-content\/uploads\/2019\/03\/gedenkenschwimmen.jpg",525,394,false],"thumbnail":["https:\/\/mv-sport.de\/c\/wp-content\/uploads\/2019\/03\/gedenkenschwimmen-150x150.jpg",150,150,true],"medium":["https:\/\/mv-sport.de\/c\/wp-content\/uploads\/2019\/03\/gedenkenschwimmen.jpg",350,263,false],"medium_large":["https:\/\/mv-sport.de\/c\/wp-content\/uploads\/2019\/03\/gedenkenschwimmen.jpg",525,394,false],"large":["https:\/\/mv-sport.de\/c\/wp-content\/uploads\/2019\/03\/gedenkenschwimmen.jpg",525,394,false],"1536x1536":["https:\/\/mv-sport.de\/c\/wp-content\/uploads\/2019\/03\/gedenkenschwimmen.jpg",525,394,false],"2048x2048":["https:\/\/mv-sport.de\/c\/wp-content\/uploads\/2019\/03\/gedenkenschwimmen.jpg",525,394,false],"ultp_layout_landscape_large":["https:\/\/mv-sport.de\/c\/wp-content\/uploads\/2019\/03\/gedenkenschwimmen.jpg",525,394,false],"ultp_layout_landscape":["https:\/\/mv-sport.de\/c\/wp-content\/uploads\/2019\/03\/gedenkenschwimmen.jpg",525,394,false],"ultp_layout_portrait":["https:\/\/mv-sport.de\/c\/wp-content\/uploads\/2019\/03\/gedenkenschwimmen.jpg",525,394,false],"ultp_layout_square":["https:\/\/mv-sport.de\/c\/wp-content\/uploads\/2019\/03\/gedenkenschwimmen.jpg",525,394,false]},"uagb_author_info":{"display_name":"Marko Michels","author_link":"https:\/\/mv-sport.de\/c\/author\/marko-michels\/"},"uagb_comment_info":0,"uagb_excerpt":"Die vierfache Schwimm-Weltmeisterin Rosemarie Gabriel \u00fcber den Tod ihrer sportlichen und beruflichen Weggef\u00e4hrtin Andrea Pollack K\u00fcrzlich verstarb die dreifache Schwimm-Olympiasiegerin Andrea Pollack, verheiratete Pinske, aufgrund einer Krebserkrankung im Alter von nur 57 Jahren. 1976 in Montreal sorgte Andrea Pollack f\u00fcr die ersten Olympiasiege aus Schweriner Sicht: am 18. Juli mit der 4 x 100 Meter-Lagen-Staffel&hellip;","_links":{"self":[{"href":"https:\/\/mv-sport.de\/c\/wp-json\/wp\/v2\/posts\/20027","targetHints":{"allow":["GET"]}}],"collection":[{"href":"https:\/\/mv-sport.de\/c\/wp-json\/wp\/v2\/posts"}],"about":[{"href":"https:\/\/mv-sport.de\/c\/wp-json\/wp\/v2\/types\/post"}],"author":[{"embeddable":true,"href":"https:\/\/mv-sport.de\/c\/wp-json\/wp\/v2\/users\/3"}],"replies":[{"embeddable":true,"href":"https:\/\/mv-sport.de\/c\/wp-json\/wp\/v2\/comments?post=20027"}],"version-history":[{"count":0,"href":"https:\/\/mv-sport.de\/c\/wp-json\/wp\/v2\/posts\/20027\/revisions"}],"wp:featuredmedia":[{"embeddable":true,"href":"https:\/\/mv-sport.de\/c\/wp-json\/wp\/v2\/media\/20028"}],"wp:attachment":[{"href":"https:\/\/mv-sport.de\/c\/wp-json\/wp\/v2\/media?parent=20027"}],"wp:term":[{"taxonomy":"category","embeddable":true,"href":"https:\/\/mv-sport.de\/c\/wp-json\/wp\/v2\/categories?post=20027"},{"taxonomy":"post_tag","embeddable":true,"href":"https:\/\/mv-sport.de\/c\/wp-json\/wp\/v2\/tags?post=20027"},{"taxonomy":"ort","embeddable":true,"href":"https:\/\/mv-sport.de\/c\/wp-json\/wp\/v2\/ort?post=20027"}],"curies":[{"name":"wp","href":"https:\/\/api.w.org\/{rel}","templated":true}]}}