{"id":2319,"date":"2017-06-04T10:16:33","date_gmt":"2017-06-04T08:16:33","guid":{"rendered":"https:\/\/mv-sport.de\/?p=2319"},"modified":"2017-06-04T19:05:42","modified_gmt":"2017-06-04T17:05:42","slug":"2319-2","status":"publish","type":"post","link":"https:\/\/mv-sport.de\/c\/2319-2\/","title":{"rendered":"Kanu-Weltcup in Belgrad mit deutschen Erfolgen"},"content":{"rendered":"<p>Auch der geb\u00fcrtige Schweriner Peter Kretschmer siegreich<\/p>\n<p>In den 500m-Finals am Schlusstag des Weltcups in Belgrad pr\u00e4sentierten sich die Kajak-Damen gegen\u00fcber der Woche zuvor in Szeged diesmal mit einem deutlich verbesserten Ergebnis. Zudem kn\u00fcpfte der Herren-K4 nahtlos an seinen Erfolg von der Vorwoche an. Auf der Langstrecke am Nachmittag erk\u00e4mpfte Sebastian Brendel eine weitere Goldmedaille, somit stehen f\u00fcr das DKV-Team in Belgrad f\u00fcnfmal Gold und zweimal Silber zu Buche.<\/p>\n<p>Die K2-Olympiasiegerinnen von London und Silbermedaillengewinnerinnen von Rio Franziska Weber (Potsdam) und Tina Dietze (Leipzig) hatten die WM-Qualifikation noch nicht in der Tasche, entsprechend fokussiert fanden beide nach einem \u00fcberzeugenden Vorlauf gestern heute Vormittag im 500m-Finale zu ihren St\u00e4rken zur\u00fcck und fuhren mit einem souver\u00e4nen Rennen zu ihrem ersten Sieg der Saison. Sie setzten sich dabei eine knappe Sekunde vor dem polnischen Boot Anna Pulawska und Beata Mikolajczyk durch, Dritte wurden Lize Broekx und Hermien Peters aus Belgien.<\/p>\n<p>Mit diesem Ergebnis erf\u00fcllten beide zugleich die Nominierungskriterien f\u00fcr die WM-Mannschaft. Auch das zweite deutsche Boot mit Jasmin Fritz und Nina Krankemann (beide Magdeburg) schlug sich auf Rang f\u00fcnf \u00fcberaus achtbar.<\/p>\n<p>Tina Dietze bekannte nach dem Rennen: \u201eWir sind erstmal wirklich erleichtert, mit der Goldmedaille im Gep\u00e4ck nach Hause fahren zu k\u00f6nnen. Im Vorfeld waren wir schon etwas beunruhigt, weil wir noch nicht so in unser Gef\u00fchl, das wir sonst im Zweier haben, hineingefunden haben. Letzte Woche in Szeged lief es ja \u00fcberhaupt nicht gut. Der Druck ist nun ein bisschen weg, aber es ist nat\u00fcrlich noch viel zu machen Richtung EM und WM.\u201c Franziska Weber erg\u00e4nzte: \u201eMit dem heutigen Abschneiden sind wir erstmal soweit zufrieden. Zwar haben unsere gr\u00f6\u00dften Gegner heute gefehlt, wenngleich das Feld nicht schwach war, doch wir sind zuversichtlich, dass wir nach der langen Pause wieder zu unserer alten Form zur\u00fcckfinden.\u201c<\/p>\n<p>Knapp eine Stunde sp\u00e4ter standen Weber\/Dietze schon wieder im n\u00e4chsten A-Finale: Zusammen mit Steffi Kriegerstein (Dresden) und Katharina K\u00f6ther (Essen) waren sie im K4 \u00fcber 500m ebenfalls auf Medaillenkurs, am Ende jedoch schnappte ihnen das Quartett aus Serbien Bronze um zweieinhalb Zehntelsekunden weg. So blieb dem deutschen Boot Rang vier, der zweite DKV-Vierer Jasmin Fritz, Nina Krankemann, Melanie Gebhardt (Leipzig) und Tabea Medert (Potsdam) kam hinter Spanien auf Rang sechs. Der Sieg ging an Frankreich vor dem Boot aus Polen.<\/p>\n<p>Wenige Minuten zuvor hatte allerdings der K4 der Herren f\u00fcr einen weiteren goldenen Moment f\u00fcr das DKV-Team gesorgt. Max Rendschmidt (Essen), Ronald Rauhe (Potsdam), Tom Liebscher (Dresden) und Max Lemke (Mannheim) lie\u00dfen sich vom Schnellstart der Boote aus Litauen und Serbien nicht irritieren und fuhren nach ihrem Erfolg von Szeged souver\u00e4n den n\u00e4chsten Sieg ein. Frankreich sicherte sich Silber, auf den Bronzerang kam wie schon in Szeged Tschechien.<\/p>\n<p>Weitere Medaillenerfolge blieben den DKV-Athleten in den heutigen Finals leider versagt. Im C2 \u00fcber 500m mussten die 1000m-Olympiasieger Sebastian Brendel und Jan Vandrey (beide Potsdam) mit Platz sechs Vorlieb nehmen. Ihre Klubkameradinnen Annika Loske und Ophelia Preller paddelten im C2 der Damen \u00fcber 200m ebenfalls auf Rang sechs und \u00fcber 500m auf den siebenten Platz. Rang sieben erk\u00e4mpften auch Caroline Arft (Essen) und Katharina K\u00f6ther im 200m-Finale der Kajak-Damen.<\/p>\n<p>Bereits am Morgen konnte Timo Haseleu (Potsdam) das B-Finale im K1 der Herren \u00fcber 200m f\u00fcr sich entscheiden. Im K1 \u00fcber 500m fuhren Lukas Reuschenbach (Oberhausen) im B-Finale auf Rang sieben und Max Hoff (Essen) im C-Finale auf Rang vier. Im C1 der Damen \u00fcber 200m belegte Ophelia Preller im B-Finale Platz sieben und Sophie Koch (Karlsruhe) im C-Finale Platz vier.<\/p>\n<p>Zum Auftakt der Langstreckenrennen \u00fcber 5000m am Nachmittag erk\u00e4mpfte 1000m-Silbermedaillengewiner Sebastian Brendel doch noch sein erstes Weltcup-Gold in diesem Jahr. Er verwies im C1 den Russen Pavel Petrov und den Polen Mateusz Kaminski auf die weiteren Medaillenpl\u00e4tze, Jan Vandrey kam auf Rang zehn.<\/p>\n<p><strong>Schon am ersten Wettkampftag mit Erfolgen<\/strong><\/p>\n<p>Bereits am ersten Finaltag des Weltcups in Belgrad bewiesen die DKV-Rennkanuten, dass sie den verhaltenen Saisonstart vor einer Woche in Szeged ausb\u00fcgeln wollen. Mit zwei Gold- und zwei Silbermedaillen am Vormittag des 3.Juni 2017 zeigte sich die deutsche Flotte wieder auf Kurs. Dabei l\u00f6sten die Olympiasieger Sebastian Brendel, Max Hoff und Marcus Gro\u00df auch das WM-Ticket.<\/p>\n<p>Die Bronzemedaillengewinner von Szeged Melanie Gebhardt (Leipzig) sowie Yul Oeltze (Magdeburg) und Peter Kretschmer (Leipzig) kleideten die deutschen Finalteilnahmen diesmal in einen goldenen Rahmen: Gleich im ersten A-Finale des Tages paddelte die Leipzigerin im K1 der Damen \u00fcber 1000m vor der Australierin Jo Brigden-Jones und der Schwedin Karin Johansson zu ihrem ersten Weltcup-Gold. Eine Stunde sp\u00e4ter sorgte im letzten 1000m-Finale der C2 der Herren Oeltze\/Kretschmer erneut f\u00fcr einen DKV-Erfolg. Das Magdeburg-Leipziger Duo gewann diesmal vor den Siegern von Szeged Kaminski\/Slominski (POL) und dem spanischen Boot Vallejo\/Sieiro und setzte sich damit auch gegen das zweite DKV-Boot mit Conrad Robin Scheibner (Berlin) und Michael M\u00fcller (Magdeburg), die Rang acht belegten, durch.<\/p>\n<p>Olympiasieger Sebastian Brendel (Potsdam) nahm nach der verpassten WM-Qualifikation im C2 vor Wochenfrist in Belgrad nunmehr die Qualifikation im C1 \u00fcber 1000m in Angriff und sicherte sich nach einer von ihm gewohnten Aufholjagt auf dem letzten Streckenviertel noch Silber vor dem Polen Tomasz Kaczor. Wie schon beim Weltcupauftakt in Montemor konnte er lediglich den enteilten 500m-Europameister Martin Fuksa (CZE) nicht mehr erreichen.<\/p>\n<p>Auf dem Silberrang hinter dem spanischen Duo Cubelos\/Pena beendeten auch die amtierenden Europameister im K2 \u00fcber 1000m Max Hoff (Essen) und Marcus Gro\u00df (Berlin) das A-Finale und verwiesen dabei die Litauer Nekriosius\/Olijnik auf Rang drei. Das in diesem Rennen mit einem Blitzstart zun\u00e4chst in F\u00fchrung gegangene zweite deutsche Boot mit Tamas Gecs\u00f6 (Potsdam) und Kai Spenner (Essen) km am Ende auf Rang sieben. Das Essen-Berliner Duo erf\u00fcllte damit ebenso wie zuvor Sebastian Brendel die Nominierungskriterien f\u00fcr das WM-Team.<\/p>\n<p>Im K2 der Herren \u00fcber 500m blieb Maximilian Zaremba (Potsdam) und Kostja Stroinski (Berlin) nach einem couragierten Rennen leider ein Medaillenrang verwehrt. Zeitgleich mit den Franzosen Moel\/Bayle landeten sie auf Platz vier, die Medaillen gingen hier an Carrera\/Germade (ESP) gefolgt von Jouve\/Decorchemont (FRA) und Slouf\/Sterba (CZE).<\/p>\n<p>Im K1 der Herren \u00fcber 1000m schlug sich K4-Olmpiasieger Tom Liebscher ein weiteres Mal \u00fcberaus achtbar und fuhr 3,8 Sekunden hinter dem Sieger Aleh Yurenia (BLR) auf Rang sechs. Silber holte Rene Holten Poulsen (DEN), Bronze erk\u00e4mpfte Roi Rodriguez (ESP).<\/p>\n<p>Nicht in den Kampf um die Medaillen eingreifen konnte auch Annika Loske (Potsdam) im C1-Finale der Damen \u00fcber 500m, sie kam auf Rang neun. In den B-Finals holte sich Stefan Kiraj (Potsdam) im C1 \u00fcber 1000m den Sieg, Steffi Kriegerstein (Dresden) und Tabea Medert (Potsdam) belegten im K1 der Damen \u00fcber 500m die Pl\u00e4tze vier und f\u00fcnf und Max Rendschmidt (Essen) wurde im C-Finale der Kajak-Herren \u00fcber 1000m Dritter.<\/p>\n<p>DKV-Sportdirektor Dr. Jens Kahl zeigte sich insgesamt zufrieden mit dem Abschneiden bei Halbzeit des Weltcups und hob hervor: \u201eMan muss nat\u00fcrlich beim Vergleich von Szeged und hier auch in Betracht ziehen, wie die Beteiligung seitens der Konkurrenz war. Aber mit den Ergebnissen des heutigen Tages haben sich unsere Athleten auf jeden Fall Selbstvertrauen f\u00fcr die n\u00e4chste schwere Trainingsetappe bis zur Europameisterschaft geholt.\u201c<\/p>\n<p>Pressemitteilung \/ Deutscher Kanu-Verband<\/p>\n","protected":false},"excerpt":{"rendered":"<p>Auch der geb\u00fcrtige Schweriner Peter Kretschmer siegreich In den 500m-Finals am Schlusstag des Weltcups in Belgrad pr\u00e4sentierten sich die Kajak-Damen gegen\u00fcber der Woche zuvor in Szeged diesmal mit einem deutlich verbesserten Ergebnis. Zudem kn\u00fcpfte der Herren-K4 nahtlos an seinen Erfolg von der Vorwoche an. Auf der Langstrecke am Nachmittag erk\u00e4mpfte Sebastian Brendel eine weitere Goldmedaille, [&hellip;]<\/p>\n","protected":false},"author":3,"featured_media":0,"comment_status":"open","ping_status":"open","sticky":false,"template":"","format":"standard","meta":{"_seopress_robots_primary_cat":"","_seopress_titles_title":"","_seopress_titles_desc":"","_seopress_robots_index":"","_relevanssi_hide_post":"","_relevanssi_hide_content":"","_relevanssi_pin_for_all":"","_relevanssi_pin_keywords":"","_relevanssi_unpin_keywords":"","_relevanssi_related_keywords":"","_relevanssi_related_include_ids":"","_relevanssi_related_exclude_ids":"","_relevanssi_related_no_append":"","_relevanssi_related_not_related":"","_relevanssi_related_posts":"","_relevanssi_noindex_reason":"","_uag_custom_page_level_css":"","footnotes":""},"categories":[29],"tags":[],"ort":[],"class_list":{"0":"post-2319","1":"post","2":"type-post","3":"status-publish","4":"format-standard","6":"category-kanusport"},"featured_image_urls":null,"spectra_custom_meta":{"_extra_rating_average":["0"],"_edit_lock":["1496595945:3"],"_edit_last":["3"],"xyz_fbap":["1"],"_et_pb_use_builder":[""],"_et_pb_old_content":[""],"_et_pb_custom_css":[""],"_et_pb_light_text_color":["#ffffff"],"_et_pb_dark_text_color":["#666666"],"_et_pb_content_area_background_color":["rgba(255,255,255,0)"],"_et_pb_section_background_color":["#ffffff"],"_yoast_wpseo_primary_category":["29"],"_post_review_box_title":["Review"],"_post_review_box_summary":[""],"_post_review_box_summary_title":["Summary"],"_post_review_box_breakdowns_score":["0"],"_post_review_box_breakdowns_count":["1"],"_post_review_box_breakdowns":["a:1:{i:0;a:2:{s:5:\"title\";s:0:\"\";s:6:\"rating\";i:0;}}"],"_extra_sidebar_location":[""],"_extra_sidebar":[""],"post_views_count":["1056"],"_et_core_cached_page_resources":["a:3:{s:36:\"et-core-unified-cached-inline-styles\";O:20:\"ET_Core_PageResource\":10:{s:9:\"BASE_PATH\";s:57:\"\/www\/htdocs\/w015c783\/mv-sport.de\/wp-content\/cache\/et\/2319\";s:4:\"PATH\";s:94:\"\/www\/htdocs\/w015c783\/mv-sport.de\/wp-content\/cache\/et\/2319\/et-core-unified-149943970576.min.css\";s:3:\"URL\";s:81:\"https:\/\/mv-sport.de\/wp-content\/cache\/et\/2319\/et-core-unified-149943970576.min.css\";s:8:\"filename\";s:15:\"et-core-unified\";s:8:\"location\";s:9:\"head-late\";s:5:\"owner\";s:4:\"core\";s:7:\"post_id\";i:2319;s:8:\"priority\";i:10;s:4:\"slug\";s:36:\"et-core-unified-cached-inline-styles\";s:4:\"type\";s:5:\"style\";}s:39:\"et-core-unified-vb-cached-inline-styles\";O:20:\"ET_Core_PageResource\":10:{s:9:\"BASE_PATH\";s:57:\"\/www\/htdocs\/w015c783\/mv-sport.de\/wp-content\/cache\/et\/2319\";s:4:\"PATH\";s:97:\"\/www\/htdocs\/w015c783\/mv-sport.de\/wp-content\/cache\/et\/2319\/et-core-unified-vb-149943970576.min.css\";s:3:\"URL\";s:84:\"https:\/\/mv-sport.de\/wp-content\/cache\/et\/2319\/et-core-unified-vb-149943970576.min.css\";s:8:\"filename\";s:18:\"et-core-unified-vb\";s:8:\"location\";s:6:\"footer\";s:5:\"owner\";s:4:\"core\";s:7:\"post_id\";i:2319;s:8:\"priority\";i:10;s:4:\"slug\";s:39:\"et-core-unified-vb-cached-inline-styles\";s:4:\"type\";s:5:\"style\";}s:45:\"et-builder-module-design-cached-inline-styles\";O:20:\"ET_Core_PageResource\":10:{s:9:\"BASE_PATH\";s:57:\"\/www\/htdocs\/w015c783\/mv-sport.de\/wp-content\/cache\/et\/2319\";s:4:\"PATH\";s:103:\"\/www\/htdocs\/w015c783\/mv-sport.de\/wp-content\/cache\/et\/2319\/et-builder-module-design-149943970576.min.css\";s:3:\"URL\";s:90:\"https:\/\/mv-sport.de\/wp-content\/cache\/et\/2319\/et-builder-module-design-149943970576.min.css\";s:8:\"filename\";s:24:\"et-builder-module-design\";s:8:\"location\";s:6:\"footer\";s:5:\"owner\";s:7:\"builder\";s:7:\"post_id\";i:2319;s:8:\"priority\";i:40;s:4:\"slug\";s:45:\"et-builder-module-design-cached-inline-styles\";s:4:\"type\";s:5:\"style\";}}"],"wp_schema_pro_optimized_structured_data":["<!-- Schema optimized by Schema Pro --><script type=\"application\/ld+json\">{\"@context\":\"https:\/\/schema.org\",\"@type\":\"NewsArticle\",\"mainEntityOfPage\":{\"@type\":\"WebPage\",\"@id\":\"https:\/\/mv-sport.de\/2319-2\/\"},\"headline\":\"Kanu-Weltcup in Belgrad mit deutschen Erfolgen\",\"datePublished\":\"2017-06-04T10:16:33\",\"dateModified\":\"2017-06-04T19:05:42\",\"author\":{\"@type\":\"Person\",\"name\":\"Marko Michels\",\"url\":\"https:\/\/mv-sport.de\/author\/marko-michels\"},\"publisher\":{\"@type\":\"Organization\",\"name\":\"MV-Sport.de - Sportvereine &amp; Sportnachrichten Mecklenburg-Vorpommern\",\"logo\":{\"@type\":\"ImageObject\",\"url\":\"https:\/\/mv-sport.de\/wp-content\/uploads\/2017\/05\/logo-mv-sport-292x60.png\"}}}<\/script><!-- \/ Schema optimized by Schema Pro -->"],"__post_views_count":["1166"],"astra_style_timestamp_css":["1757320946"],"_uag_css_file_name":["uag-css-2319.css"],"_uag_page_assets":["a:9:{s:3:\"css\";s:7010:\".uagb-block-88f5875d.wp-block-uagb-image--layout-default figure img{box-shadow: 0px 0px 0 #00000070;}.uagb-block-88f5875d.wp-block-uagb-image .wp-block-uagb-image__figure figcaption{font-style: normal;align-self: center;}.uagb-block-88f5875d.wp-block-uagb-image--layout-overlay figure img{box-shadow: 0px 0px 0 #00000070;}.uagb-block-88f5875d.wp-block-uagb-image--layout-overlay .wp-block-uagb-image--layout-overlay__color-wrapper{opacity: 0.2;}.uagb-block-88f5875d.wp-block-uagb-image--layout-overlay .wp-block-uagb-image--layout-overlay__inner{left: 15px;right: 15px;top: 15px;bottom: 15px;}.uagb-block-88f5875d.wp-block-uagb-image--layout-overlay .wp-block-uagb-image--layout-overlay__inner .uagb-image-heading{font-style: normal;color: #fff;opacity: 1;}.uagb-block-88f5875d.wp-block-uagb-image--layout-overlay .wp-block-uagb-image--layout-overlay__inner .uagb-image-heading a{color: #fff;}.uagb-block-88f5875d.wp-block-uagb-image--layout-overlay .wp-block-uagb-image--layout-overlay__inner .uagb-image-caption{opacity: 0;}.uagb-block-88f5875d.wp-block-uagb-image--layout-overlay .wp-block-uagb-image__figure:hover .wp-block-uagb-image--layout-overlay__color-wrapper{opacity: 1;}.uagb-block-88f5875d.wp-block-uagb-image .wp-block-uagb-image--layout-overlay__inner .uagb-image-separator{width: 30%;border-top-width: 2px;border-top-color: #fff;opacity: 0;}.uagb-block-88f5875d.wp-block-uagb-image .wp-block-uagb-image__figure img{width: 297px;height: auto;}.uagb-block-88f5875d.wp-block-uagb-image .wp-block-uagb-image__figure:hover .wp-block-uagb-image--layout-overlay__inner .uagb-image-caption{opacity: 1;}.uagb-block-88f5875d.wp-block-uagb-image .wp-block-uagb-image__figure:hover .wp-block-uagb-image--layout-overlay__inner .uagb-image-separator{opacity: 1;}.uagb-block-88f5875d.wp-block-uagb-image--layout-default figure:hover img{box-shadow: 0px 0px 0 #00000070;}.uagb-block-88f5875d.wp-block-uagb-image--layout-overlay figure:hover img{box-shadow: 0px 0px 0 #00000070;}@media only screen and (max-width: 976px) {.uagb-block-88f5875d.wp-block-uagb-image .wp-block-uagb-image__figure img{width: 297px;height: auto;}}@media only screen and (max-width: 767px) {.uagb-block-88f5875d.wp-block-uagb-image .wp-block-uagb-image__figure img{width: 297px;height: auto;}}.uagb-block-b6c54374.wp-block-uagb-image{margin-top: 0px;margin-right: 0px;margin-bottom: 0px;margin-left: 0px;}.uagb-block-b6c54374.wp-block-uagb-image--layout-default figure img{box-shadow: 0px 0px 0 #00000070;}.uagb-block-b6c54374.wp-block-uagb-image .wp-block-uagb-image__figure figcaption{font-style: normal;align-self: center;}.uagb-block-b6c54374.wp-block-uagb-image--layout-overlay figure img{box-shadow: 0px 0px 0 #00000070;}.uagb-block-b6c54374.wp-block-uagb-image--layout-overlay .wp-block-uagb-image--layout-overlay__color-wrapper{opacity: 0.2;}.uagb-block-b6c54374.wp-block-uagb-image--layout-overlay .wp-block-uagb-image--layout-overlay__inner{left: 15px;right: 15px;top: 15px;bottom: 15px;}.uagb-block-b6c54374.wp-block-uagb-image--layout-overlay .wp-block-uagb-image--layout-overlay__inner .uagb-image-heading{font-style: normal;color: #fff;opacity: 1;}.uagb-block-b6c54374.wp-block-uagb-image--layout-overlay .wp-block-uagb-image--layout-overlay__inner .uagb-image-heading a{color: #fff;}.uagb-block-b6c54374.wp-block-uagb-image--layout-overlay .wp-block-uagb-image--layout-overlay__inner .uagb-image-caption{opacity: 0;}.uagb-block-b6c54374.wp-block-uagb-image--layout-overlay .wp-block-uagb-image__figure:hover .wp-block-uagb-image--layout-overlay__color-wrapper{opacity: 1;}.uagb-block-b6c54374.wp-block-uagb-image .wp-block-uagb-image--layout-overlay__inner .uagb-image-separator{width: 30%;border-top-width: 2px;border-top-color: #fff;opacity: 0;}.uagb-block-b6c54374.wp-block-uagb-image .wp-block-uagb-image__figure img{width: px;height: auto;}.uagb-block-b6c54374.wp-block-uagb-image .wp-block-uagb-image__figure:hover .wp-block-uagb-image--layout-overlay__inner .uagb-image-caption{opacity: 1;}.uagb-block-b6c54374.wp-block-uagb-image .wp-block-uagb-image__figure:hover .wp-block-uagb-image--layout-overlay__inner .uagb-image-separator{opacity: 1;}.uagb-block-b6c54374.wp-block-uagb-image--layout-default figure:hover img{box-shadow: 0px 0px 0 #00000070;}.uagb-block-b6c54374.wp-block-uagb-image--layout-overlay figure:hover img{box-shadow: 0px 0px 0 #00000070;}@media only screen and (max-width: 976px) {.uagb-block-b6c54374.wp-block-uagb-image .wp-block-uagb-image__figure img{width: px;height: auto;}}@media only screen and (max-width: 767px) {.uagb-block-b6c54374.wp-block-uagb-image .wp-block-uagb-image__figure img{width: px;height: auto;}}.uagb-block-2bdcf70c.wp-block-uagb-image{margin-top: 0px;margin-right: 0px;margin-bottom: 0px;margin-left: 0px;}.uagb-block-2bdcf70c.wp-block-uagb-image--layout-default figure img{box-shadow: 0px 0px 0 #00000070;}.uagb-block-2bdcf70c.wp-block-uagb-image .wp-block-uagb-image__figure figcaption{font-style: normal;align-self: center;}.uagb-block-2bdcf70c.wp-block-uagb-image--layout-overlay figure img{box-shadow: 0px 0px 0 #00000070;}.uagb-block-2bdcf70c.wp-block-uagb-image--layout-overlay .wp-block-uagb-image--layout-overlay__color-wrapper{opacity: 0.2;}.uagb-block-2bdcf70c.wp-block-uagb-image--layout-overlay .wp-block-uagb-image--layout-overlay__inner{left: 15px;right: 15px;top: 15px;bottom: 15px;}.uagb-block-2bdcf70c.wp-block-uagb-image--layout-overlay .wp-block-uagb-image--layout-overlay__inner .uagb-image-heading{font-style: normal;color: #fff;opacity: 1;}.uagb-block-2bdcf70c.wp-block-uagb-image--layout-overlay .wp-block-uagb-image--layout-overlay__inner .uagb-image-heading a{color: #fff;}.uagb-block-2bdcf70c.wp-block-uagb-image--layout-overlay .wp-block-uagb-image--layout-overlay__inner .uagb-image-caption{opacity: 0;}.uagb-block-2bdcf70c.wp-block-uagb-image--layout-overlay .wp-block-uagb-image__figure:hover .wp-block-uagb-image--layout-overlay__color-wrapper{opacity: 1;}.uagb-block-2bdcf70c.wp-block-uagb-image .wp-block-uagb-image--layout-overlay__inner .uagb-image-separator{width: 30%;border-top-width: 2px;border-top-color: #fff;opacity: 0;}.uagb-block-2bdcf70c.wp-block-uagb-image .wp-block-uagb-image__figure img{width: px;height: auto;}.uagb-block-2bdcf70c.wp-block-uagb-image .wp-block-uagb-image__figure:hover .wp-block-uagb-image--layout-overlay__inner .uagb-image-caption{opacity: 1;}.uagb-block-2bdcf70c.wp-block-uagb-image .wp-block-uagb-image__figure:hover .wp-block-uagb-image--layout-overlay__inner .uagb-image-separator{opacity: 1;}.uagb-block-2bdcf70c.wp-block-uagb-image--layout-default figure:hover img{box-shadow: 0px 0px 0 #00000070;}.uagb-block-2bdcf70c.wp-block-uagb-image--layout-overlay figure:hover img{box-shadow: 0px 0px 0 #00000070;}@media only screen and (max-width: 976px) {.uagb-block-2bdcf70c.wp-block-uagb-image .wp-block-uagb-image__figure img{width: px;height: auto;}}@media only screen and (max-width: 767px) {.uagb-block-2bdcf70c.wp-block-uagb-image .wp-block-uagb-image__figure img{width: px;height: auto;}}\";s:2:\"js\";s:0:\"\";s:18:\"current_block_list\";a:28:{i:0;s:10:\"core\/group\";i:2;s:24:\"core\/post-featured-image\";i:3;s:15:\"core\/post-title\";i:5;s:14:\"core\/post-date\";i:6;s:16:\"core\/post-author\";i:7;s:15:\"core\/post-terms\";i:8;s:17:\"core\/post-content\";i:9;s:14:\"core\/separator\";i:10;s:13:\"core\/comments\";i:11;s:19:\"core\/comments-title\";i:12;s:21:\"core\/comment-template\";i:15;s:11:\"core\/avatar\";i:16;s:24:\"core\/comment-author-name\";i:17;s:17:\"core\/comment-date\";i:18;s:20:\"core\/comment-content\";i:19;s:23:\"core\/comment-reply-link\";i:20;s:24:\"core\/comments-pagination\";i:21;s:33:\"core\/comments-pagination-previous\";i:22;s:32:\"core\/comments-pagination-numbers\";i:23;s:29:\"core\/comments-pagination-next\";i:24;s:23:\"core\/post-comments-form\";i:25;s:14:\"core\/tag-cloud\";i:26;s:12:\"core\/heading\";i:27;s:14:\"core\/paragraph\";i:28;s:12:\"core\/buttons\";i:29;s:11:\"core\/button\";i:30;s:10:\"uagb\/image\";i:31;s:10:\"core\/image\";}s:8:\"uag_flag\";b:1;s:11:\"uag_version\";s:10:\"1777102008\";s:6:\"gfonts\";a:0:{}s:10:\"gfonts_url\";s:0:\"\";s:12:\"gfonts_files\";a:0:{}s:14:\"uag_faq_layout\";b:0;}"]},"uagb_featured_image_src":{"full":false,"thumbnail":false,"medium":false,"medium_large":false,"large":false,"1536x1536":false,"2048x2048":false,"ultp_layout_landscape_large":false,"ultp_layout_landscape":false,"ultp_layout_portrait":false,"ultp_layout_square":false},"uagb_author_info":{"display_name":"Marko Michels","author_link":"https:\/\/mv-sport.de\/c\/author\/marko-michels\/"},"uagb_comment_info":0,"uagb_excerpt":"Auch der geb\u00fcrtige Schweriner Peter Kretschmer siegreich In den 500m-Finals am Schlusstag des Weltcups in Belgrad pr\u00e4sentierten sich die Kajak-Damen gegen\u00fcber der Woche zuvor in Szeged diesmal mit einem deutlich verbesserten Ergebnis. Zudem kn\u00fcpfte der Herren-K4 nahtlos an seinen Erfolg von der Vorwoche an. Auf der Langstrecke am Nachmittag erk\u00e4mpfte Sebastian Brendel eine weitere Goldmedaille,&hellip;","_links":{"self":[{"href":"https:\/\/mv-sport.de\/c\/wp-json\/wp\/v2\/posts\/2319","targetHints":{"allow":["GET"]}}],"collection":[{"href":"https:\/\/mv-sport.de\/c\/wp-json\/wp\/v2\/posts"}],"about":[{"href":"https:\/\/mv-sport.de\/c\/wp-json\/wp\/v2\/types\/post"}],"author":[{"embeddable":true,"href":"https:\/\/mv-sport.de\/c\/wp-json\/wp\/v2\/users\/3"}],"replies":[{"embeddable":true,"href":"https:\/\/mv-sport.de\/c\/wp-json\/wp\/v2\/comments?post=2319"}],"version-history":[{"count":0,"href":"https:\/\/mv-sport.de\/c\/wp-json\/wp\/v2\/posts\/2319\/revisions"}],"wp:attachment":[{"href":"https:\/\/mv-sport.de\/c\/wp-json\/wp\/v2\/media?parent=2319"}],"wp:term":[{"taxonomy":"category","embeddable":true,"href":"https:\/\/mv-sport.de\/c\/wp-json\/wp\/v2\/categories?post=2319"},{"taxonomy":"post_tag","embeddable":true,"href":"https:\/\/mv-sport.de\/c\/wp-json\/wp\/v2\/tags?post=2319"},{"taxonomy":"ort","embeddable":true,"href":"https:\/\/mv-sport.de\/c\/wp-json\/wp\/v2\/ort?post=2319"}],"curies":[{"name":"wp","href":"https:\/\/api.w.org\/{rel}","templated":true}]}}