{"id":30489,"date":"2019-05-31T09:41:11","date_gmt":"2019-05-31T07:41:11","guid":{"rendered":"https:\/\/mv-sport.de\/?p=30489"},"modified":"2019-05-31T09:41:11","modified_gmt":"2019-05-31T07:41:11","slug":"recknitztallauf-mit-neuem-streckenprofil-und-teilnehmerrekord","status":"publish","type":"post","link":"https:\/\/mv-sport.de\/c\/recknitztallauf-mit-neuem-streckenprofil-und-teilnehmerrekord\/","title":{"rendered":"Recknitztallauf mit neuem Streckenprofil und Teilnehmerrekord"},"content":{"rendered":"<p>Als der B\u00fcrgermeister der Gemeinde Eixen und Gesamtverantwortliche des Recknitztallaufes, Andr\u00e9 Boniz, die fast 600 Teilnehmer des diesj\u00e4hrigen Recknitztallaufes begr\u00fc\u00dfte, konnten viele ihre Entt\u00e4uschung nicht verbergen, als von Streckenver\u00e4nderungen zum Schutz von Schreiadlern gesprochen wurde. Denn in den zur\u00fcckliegenden Jahren waren besonders die anspruchsvollen Rundkurse f\u00fcr viele ein Grund am Himmelfahrtsvormittag in der kleinen Gemeinde zu starten. Im Laufe der Wettk\u00e4mpfe wurde allerdings vielen schnell bewusst, dass die Verlegung der Strecken keine Verschlechterungen darstellen sollte. Besonders die Waldabschnitte setzten den Ausdauersportlern heftig zu und im Ziel waren sich alle einig: Das war schon echt heftig und hat die meisten echt gefordert! Und so erging es nat\u00fcrlich auch den 48 L\u00e4uferinnen und L\u00e4ufern des SC Laage. F\u00fcr sie war es viel mehr als die Umwandlung einer Trainingseinheit in einem freundbetonten Wettkampf mit Gleichgesinnten.<\/p>\n<figure id=\"attachment_30490\" aria-describedby=\"caption-attachment-30490\" style=\"width: 1024px\" class=\"wp-caption aligncenter\"><a href=\"https:\/\/mv-sport.de\/wp-content\/uploads\/2019\/05\/eixen-219.jpg\"><img loading=\"lazy\" decoding=\"async\" class=\"size-large wp-image-30490\" src=\"https:\/\/mv-sport.de\/wp-content\/uploads\/2019\/05\/eixen-219-1024x576.jpg\" alt=\"\" width=\"1024\" height=\"576\" \/><\/a><figcaption id=\"caption-attachment-30490\" class=\"wp-caption-text\">Das Foto zeigt Laager Ausdauersportler bei der Ehrung der Teilnehmer st\u00e4rksten Mannschaft. Foto: Christine Boldt<\/figcaption><\/figure>\n<p>Immerhin 9 Altersklassensiege und 19 weitere Podest-Pl\u00e4tze nahmen die Athletinnen und Athleten mit nach Hause. Herausragend war wieder einmal der Gesamtsieg bei den Damen von der 15-j\u00e4hrigen Joelina Raith im ausgeschriebenen 5 Kilometer Lauf. Auf der etwas l\u00e4nger als 5 Kilometer langen Distanz \u00a0gab sie wie immer alles und st\u00fcrmte nach 21,51 Minuten ins Ziel. W\u00e4hrend Joelina bei einigen Gesamtsiegen in ihren L\u00e4ufen in den vergangenen Wochen oft nicht die n\u00f6tige Anerkennung f\u00fcr ihre Leistungen erfuhr, wartete in Eixen ein toller Pokal und ein Gutschein f\u00fcr den Darss Marathon 2020, auf einer Strecke ihrer Wahl, auf die in Breesen lebende Sch\u00fclerin.<br \/>\nSeinen Ursprung hat dieser Volkslauf in der Meilenlaufbewegung der ehemaligen DDR und den damals inoffiziellen Feierlichkeiten zum \u201eHerrentag\u201c. Die Tradition, an besagtem \u201eHerrentag\u201c (Himmelfahrt) eine Sportveranstaltung durchzuf\u00fchren, hat sich der Kavelsdorfer Sportverein bewahrt und ausgebaut.<\/p>\n<p>SC Laage<\/p>\n","protected":false},"excerpt":{"rendered":"<p>Als der B\u00fcrgermeister der Gemeinde Eixen und Gesamtverantwortliche des Recknitztallaufes, Andr\u00e9 Boniz, die fast 600 Teilnehmer des diesj\u00e4hrigen Recknitztallaufes begr\u00fc\u00dfte, konnten viele ihre Entt\u00e4uschung nicht verbergen, als von Streckenver\u00e4nderungen zum Schutz von Schreiadlern gesprochen wurde. Denn in den zur\u00fcckliegenden Jahren waren besonders die anspruchsvollen Rundkurse f\u00fcr viele ein Grund am Himmelfahrtsvormittag in der kleinen Gemeinde [&hellip;]<\/p>\n","protected":false},"author":7,"featured_media":30490,"comment_status":"open","ping_status":"open","sticky":false,"template":"","format":"standard","meta":{"_seopress_robots_primary_cat":"none","_seopress_titles_title":"","_seopress_titles_desc":"","_seopress_robots_index":"","_relevanssi_hide_post":"","_relevanssi_hide_content":"","_relevanssi_pin_for_all":"","_relevanssi_pin_keywords":"","_relevanssi_unpin_keywords":"","_relevanssi_related_keywords":"","_relevanssi_related_include_ids":"","_relevanssi_related_exclude_ids":"","_relevanssi_related_no_append":"","_relevanssi_related_not_related":"","_relevanssi_related_posts":"","_relevanssi_noindex_reason":"","_uag_custom_page_level_css":"","footnotes":""},"categories":[47],"tags":[],"ort":[],"class_list":{"0":"post-30489","1":"post","2":"type-post","3":"status-publish","4":"format-standard","5":"has-post-thumbnail","7":"category-laufsport"},"featured_image_urls":{"medium":"https:\/\/mv-sport.de\/c\/wp-content\/uploads\/2019\/05\/eixen-219-600x600.jpg","medium_large":"https:\/\/mv-sport.de\/c\/wp-content\/uploads\/2019\/05\/eixen-219.jpg","large":"https:\/\/mv-sport.de\/c\/wp-content\/uploads\/2019\/05\/eixen-219.jpg","full":"https:\/\/mv-sport.de\/c\/wp-content\/uploads\/2019\/05\/eixen-219.jpg","alt":"","caption":"Das Foto zeigt Laager Ausdauersportler bei der Ehrung der Teilnehmer st\u00e4rksten Mannschaft. Foto: Christine Boldt"},"spectra_custom_meta":{"uab_option":["yes"],"uab_meta_position":["default"],"_extra_rating_average":["0"],"_seopress_analysis_data":["a:12:{s:5:\"title\";s:75:\"Recknitztallauf mit neuem Streckenprofil und Teilnehmerrekord | MV-Sport.de\";s:9:\"meta_desc\";s:412:\"Als der B\u00fcrgermeister der Gemeinde Eixen und Gesamtverantwortliche des Recknitztallaufes, Andr\u00e9 Boniz, die fast 600 Teilnehmer des diesj\u00e4hrigen Recknitztallaufes begr\u00fc\u00dfte, konnten viele ihre Entt\u00e4uschung nicht verbergen, als von Streckenver\u00e4nderungen zum Schutz von Schreiadlern gesprochen wurde. Denn in den zur\u00fcckliegenden Jahren waren besonders die anspruchsvollen Rundkurse f\u00fcr viele ein Grund am\u2026\";s:8:\"og_title\";s:75:\"Recknitztallauf mit neuem Streckenprofil und Teilnehmerrekord | MV-Sport.de\";s:7:\"og_desc\";s:412:\"Als der B\u00fcrgermeister der Gemeinde Eixen und Gesamtverantwortliche des Recknitztallaufes, Andr\u00e9 Boniz, die fast 600 Teilnehmer des diesj\u00e4hrigen Recknitztallaufes begr\u00fc\u00dfte, konnten viele ihre Entt\u00e4uschung nicht verbergen, als von Streckenver\u00e4nderungen zum Schutz von Schreiadlern gesprochen wurde. Denn in den zur\u00fcckliegenden Jahren waren besonders die anspruchsvollen Rundkurse f\u00fcr viele ein Grund am\u2026\";s:6:\"og_img\";s:60:\"https:\/\/mv-sport.de\/wp-content\/uploads\/2019\/05\/eixen-219.jpg\";s:8:\"tw_title\";s:75:\"Recknitztallauf mit neuem Streckenprofil und Teilnehmerrekord | MV-Sport.de\";s:7:\"tw_desc\";s:412:\"Als der B\u00fcrgermeister der Gemeinde Eixen und Gesamtverantwortliche des Recknitztallaufes, Andr\u00e9 Boniz, die fast 600 Teilnehmer des diesj\u00e4hrigen Recknitztallaufes begr\u00fc\u00dfte, konnten viele ihre Entt\u00e4uschung nicht verbergen, als von Streckenver\u00e4nderungen zum Schutz von Schreiadlern gesprochen wurde. Denn in den zur\u00fcckliegenden Jahren waren besonders die anspruchsvollen Rundkurse f\u00fcr viele ein Grund am\u2026\";s:9:\"canonical\";s:82:\"https:\/\/mv-sport.de\/recknitztallauf-mit-neuem-streckenprofil-und-teilnehmerrekord\/\";s:3:\"img\";a:1:{s:6:\"images\";a:8:{i:0;s:69:\"https:\/\/mv-sport.de\/wp-content\/uploads\/2019\/05\/eixen-219-1024x576.jpg\";i:1;s:59:\"https:\/\/mv-sport.de\/wp-content\/uploads\/2017\/06\/sc_laage.png\";i:2;s:89:\"https:\/\/mv-sport.de\/wp-content\/sabai\/File\/thumbnails\/5fcf97cfc2a67d176539ac61ac8f86ee.jpg\";i:3;s:89:\"https:\/\/mv-sport.de\/wp-content\/sabai\/File\/thumbnails\/c68816eac74700ad5a8f6f04dd442b01.jpg\";i:4;s:89:\"https:\/\/mv-sport.de\/wp-content\/sabai\/File\/thumbnails\/eb65bb376e041ece8511e30e1eaa750c.jpg\";i:5;s:44:\"https:\/\/www.paypal.com\/de_DE\/i\/scr\/pixel.gif\";i:6;s:61:\"https:\/\/mv-sport.de\/wp-content\/uploads\/2017\/05\/140x70px-3.gif\";i:7;s:43:\"\/\/ads.ad-mv.de\/c\/piwik.php?idsite=162&rec=1\";}}s:14:\"outbound_links\";a:7:{i:0;a:1:{s:29:\"http:\/\/www.sportclub-laage.de\";s:29:\"http:\/\/www.sportclub-laage.de\";}i:1;a:1:{s:34:\"https:\/\/www.facebook.com\/MVSportde\";s:0:\"\";}i:2;a:1:{s:37:\"https:\/\/www.instagram.com\/mv_sport.de\";s:0:\"\";}i:3;a:1:{s:20:\"http:\/\/www.web-mv.de\";s:9:\"web-mv.de\";}i:4;a:1:{s:33:\"http:\/\/www.webdesign-schwerin.net\";s:0:\"\";}i:5;a:1:{s:34:\"https:\/\/www.facebook.com\/MVSportde\";s:13:\"\n    Like us!\";}i:6;a:1:{s:37:\"https:\/\/www.instagram.com\/mv_sport.de\";s:15:\"\n    Follow us!\";}}s:13:\"words_counter\";i:277;s:20:\"words_counter_unique\";i:190;}"],"_edit_lock":["1567622140:7"],"_edit_last":["7"],"_thumbnail_id":["30490"],"xyz_fbap":["1"],"xyz_fbap_insert_og":["0"],"post_views_count":["563"],"seopress_sw_done":["1"],"_seopress_titles_title":[""],"_seopress_titles_desc":[""],"_seopress_robots_canonical":[""],"_seopress_robots_primary_cat":["none"],"_seopress_robots_breadcrumbs":[""],"_seopress_social_fb_title":[""],"_seopress_social_fb_desc":[""],"_seopress_social_fb_img":[""],"_seopress_social_twitter_title":[""],"_seopress_social_twitter_desc":[""],"_seopress_social_twitter_img":[""],"_seopress_redirections_type":["301"],"_seopress_redirections_value":[""],"_seopress_video":["a:1:{i:0;a:9:{s:3:\"url\";s:0:\"\";s:5:\"title\";s:0:\"\";s:4:\"desc\";s:0:\"\";s:9:\"thumbnail\";s:0:\"\";s:8:\"duration\";s:0:\"\";s:6:\"rating\";s:0:\"\";s:10:\"view_count\";s:0:\"\";s:3:\"tag\";s:0:\"\";s:3:\"cat\";s:0:\"\";}}"],"_post_review_box_title":["Rezension"],"_post_review_box_summary":[""],"_post_review_box_summary_title":["Zusammenfassung"],"_post_review_box_breakdowns_score":["0"],"_post_review_box_breakdowns_count":["1"],"_post_review_box_breakdowns":["a:1:{i:0;a:2:{s:5:\"title\";s:0:\"\";s:6:\"rating\";i:0;}}"],"_extra_sidebar_location":[""],"_extra_sidebar":[""],"wp_schema_pro_optimized_structured_data":["<!-- Schema optimized by Schema Pro --><script type=\"application\/ld+json\">{\"@context\":\"https:\/\/schema.org\",\"@type\":\"NewsArticle\",\"mainEntityOfPage\":{\"@type\":\"WebPage\",\"@id\":\"https:\/\/mv-sport.de\/recknitztallauf-mit-neuem-streckenprofil-und-teilnehmerrekord\/\"},\"headline\":\"Recknitztallauf mit neuem Streckenprofil und Teilnehmerrekord\",\"image\":{\"@type\":\"ImageObject\",\"url\":\"https:\/\/mv-sport.de\/wp-content\/uploads\/2019\/05\/eixen-219.jpg\",\"width\":1170,\"height\":658},\"datePublished\":\"2019-05-31T09:41:11\",\"dateModified\":\"2019-05-31T09:41:11\",\"author\":{\"@type\":\"Person\",\"name\":\"Sportclub Laage e.V.\",\"url\":\"https:\/\/mv-sport.de\/author\/sportclub-laage-e-v\"},\"publisher\":{\"@type\":\"Organization\",\"name\":\"MV-Sport.de - Sportvereine &amp; Sportnachrichten Mecklenburg-Vorpommern\",\"logo\":{\"@type\":\"ImageObject\",\"url\":\"https:\/\/mv-sport.de\/wp-content\/uploads\/2017\/05\/logo-mv-sport-292x60.png\"}}}<\/script><!-- \/ Schema optimized by Schema Pro -->"],"__post_views_count":["704"],"astra_style_timestamp_css":["1757386923"],"_uag_css_file_name":["uag-css-30489.css"],"_uag_page_assets":["a:9:{s:3:\"css\";s:7010:\".uagb-block-88f5875d.wp-block-uagb-image--layout-default figure img{box-shadow: 0px 0px 0 #00000070;}.uagb-block-88f5875d.wp-block-uagb-image .wp-block-uagb-image__figure figcaption{font-style: normal;align-self: center;}.uagb-block-88f5875d.wp-block-uagb-image--layout-overlay figure img{box-shadow: 0px 0px 0 #00000070;}.uagb-block-88f5875d.wp-block-uagb-image--layout-overlay .wp-block-uagb-image--layout-overlay__color-wrapper{opacity: 0.2;}.uagb-block-88f5875d.wp-block-uagb-image--layout-overlay .wp-block-uagb-image--layout-overlay__inner{left: 15px;right: 15px;top: 15px;bottom: 15px;}.uagb-block-88f5875d.wp-block-uagb-image--layout-overlay .wp-block-uagb-image--layout-overlay__inner .uagb-image-heading{font-style: normal;color: #fff;opacity: 1;}.uagb-block-88f5875d.wp-block-uagb-image--layout-overlay .wp-block-uagb-image--layout-overlay__inner .uagb-image-heading a{color: #fff;}.uagb-block-88f5875d.wp-block-uagb-image--layout-overlay .wp-block-uagb-image--layout-overlay__inner .uagb-image-caption{opacity: 0;}.uagb-block-88f5875d.wp-block-uagb-image--layout-overlay .wp-block-uagb-image__figure:hover .wp-block-uagb-image--layout-overlay__color-wrapper{opacity: 1;}.uagb-block-88f5875d.wp-block-uagb-image .wp-block-uagb-image--layout-overlay__inner .uagb-image-separator{width: 30%;border-top-width: 2px;border-top-color: #fff;opacity: 0;}.uagb-block-88f5875d.wp-block-uagb-image .wp-block-uagb-image__figure img{width: 297px;height: auto;}.uagb-block-88f5875d.wp-block-uagb-image .wp-block-uagb-image__figure:hover .wp-block-uagb-image--layout-overlay__inner .uagb-image-caption{opacity: 1;}.uagb-block-88f5875d.wp-block-uagb-image .wp-block-uagb-image__figure:hover .wp-block-uagb-image--layout-overlay__inner .uagb-image-separator{opacity: 1;}.uagb-block-88f5875d.wp-block-uagb-image--layout-default figure:hover img{box-shadow: 0px 0px 0 #00000070;}.uagb-block-88f5875d.wp-block-uagb-image--layout-overlay figure:hover img{box-shadow: 0px 0px 0 #00000070;}@media only screen and (max-width: 976px) {.uagb-block-88f5875d.wp-block-uagb-image .wp-block-uagb-image__figure img{width: 297px;height: auto;}}@media only screen and (max-width: 767px) {.uagb-block-88f5875d.wp-block-uagb-image .wp-block-uagb-image__figure img{width: 297px;height: auto;}}.uagb-block-b6c54374.wp-block-uagb-image{margin-top: 0px;margin-right: 0px;margin-bottom: 0px;margin-left: 0px;}.uagb-block-b6c54374.wp-block-uagb-image--layout-default figure img{box-shadow: 0px 0px 0 #00000070;}.uagb-block-b6c54374.wp-block-uagb-image .wp-block-uagb-image__figure figcaption{font-style: normal;align-self: center;}.uagb-block-b6c54374.wp-block-uagb-image--layout-overlay figure img{box-shadow: 0px 0px 0 #00000070;}.uagb-block-b6c54374.wp-block-uagb-image--layout-overlay .wp-block-uagb-image--layout-overlay__color-wrapper{opacity: 0.2;}.uagb-block-b6c54374.wp-block-uagb-image--layout-overlay .wp-block-uagb-image--layout-overlay__inner{left: 15px;right: 15px;top: 15px;bottom: 15px;}.uagb-block-b6c54374.wp-block-uagb-image--layout-overlay .wp-block-uagb-image--layout-overlay__inner .uagb-image-heading{font-style: normal;color: #fff;opacity: 1;}.uagb-block-b6c54374.wp-block-uagb-image--layout-overlay .wp-block-uagb-image--layout-overlay__inner .uagb-image-heading a{color: #fff;}.uagb-block-b6c54374.wp-block-uagb-image--layout-overlay .wp-block-uagb-image--layout-overlay__inner .uagb-image-caption{opacity: 0;}.uagb-block-b6c54374.wp-block-uagb-image--layout-overlay .wp-block-uagb-image__figure:hover .wp-block-uagb-image--layout-overlay__color-wrapper{opacity: 1;}.uagb-block-b6c54374.wp-block-uagb-image .wp-block-uagb-image--layout-overlay__inner .uagb-image-separator{width: 30%;border-top-width: 2px;border-top-color: #fff;opacity: 0;}.uagb-block-b6c54374.wp-block-uagb-image .wp-block-uagb-image__figure img{width: px;height: auto;}.uagb-block-b6c54374.wp-block-uagb-image .wp-block-uagb-image__figure:hover .wp-block-uagb-image--layout-overlay__inner .uagb-image-caption{opacity: 1;}.uagb-block-b6c54374.wp-block-uagb-image .wp-block-uagb-image__figure:hover .wp-block-uagb-image--layout-overlay__inner .uagb-image-separator{opacity: 1;}.uagb-block-b6c54374.wp-block-uagb-image--layout-default figure:hover img{box-shadow: 0px 0px 0 #00000070;}.uagb-block-b6c54374.wp-block-uagb-image--layout-overlay figure:hover img{box-shadow: 0px 0px 0 #00000070;}@media only screen and (max-width: 976px) {.uagb-block-b6c54374.wp-block-uagb-image .wp-block-uagb-image__figure img{width: px;height: auto;}}@media only screen and (max-width: 767px) {.uagb-block-b6c54374.wp-block-uagb-image .wp-block-uagb-image__figure img{width: px;height: auto;}}.uagb-block-2bdcf70c.wp-block-uagb-image{margin-top: 0px;margin-right: 0px;margin-bottom: 0px;margin-left: 0px;}.uagb-block-2bdcf70c.wp-block-uagb-image--layout-default figure img{box-shadow: 0px 0px 0 #00000070;}.uagb-block-2bdcf70c.wp-block-uagb-image .wp-block-uagb-image__figure figcaption{font-style: normal;align-self: center;}.uagb-block-2bdcf70c.wp-block-uagb-image--layout-overlay figure img{box-shadow: 0px 0px 0 #00000070;}.uagb-block-2bdcf70c.wp-block-uagb-image--layout-overlay .wp-block-uagb-image--layout-overlay__color-wrapper{opacity: 0.2;}.uagb-block-2bdcf70c.wp-block-uagb-image--layout-overlay .wp-block-uagb-image--layout-overlay__inner{left: 15px;right: 15px;top: 15px;bottom: 15px;}.uagb-block-2bdcf70c.wp-block-uagb-image--layout-overlay .wp-block-uagb-image--layout-overlay__inner .uagb-image-heading{font-style: normal;color: #fff;opacity: 1;}.uagb-block-2bdcf70c.wp-block-uagb-image--layout-overlay .wp-block-uagb-image--layout-overlay__inner .uagb-image-heading a{color: #fff;}.uagb-block-2bdcf70c.wp-block-uagb-image--layout-overlay .wp-block-uagb-image--layout-overlay__inner .uagb-image-caption{opacity: 0;}.uagb-block-2bdcf70c.wp-block-uagb-image--layout-overlay .wp-block-uagb-image__figure:hover .wp-block-uagb-image--layout-overlay__color-wrapper{opacity: 1;}.uagb-block-2bdcf70c.wp-block-uagb-image .wp-block-uagb-image--layout-overlay__inner .uagb-image-separator{width: 30%;border-top-width: 2px;border-top-color: #fff;opacity: 0;}.uagb-block-2bdcf70c.wp-block-uagb-image .wp-block-uagb-image__figure img{width: px;height: auto;}.uagb-block-2bdcf70c.wp-block-uagb-image .wp-block-uagb-image__figure:hover .wp-block-uagb-image--layout-overlay__inner .uagb-image-caption{opacity: 1;}.uagb-block-2bdcf70c.wp-block-uagb-image .wp-block-uagb-image__figure:hover .wp-block-uagb-image--layout-overlay__inner .uagb-image-separator{opacity: 1;}.uagb-block-2bdcf70c.wp-block-uagb-image--layout-default figure:hover img{box-shadow: 0px 0px 0 #00000070;}.uagb-block-2bdcf70c.wp-block-uagb-image--layout-overlay figure:hover img{box-shadow: 0px 0px 0 #00000070;}@media only screen and (max-width: 976px) {.uagb-block-2bdcf70c.wp-block-uagb-image .wp-block-uagb-image__figure img{width: px;height: auto;}}@media only screen and (max-width: 767px) {.uagb-block-2bdcf70c.wp-block-uagb-image .wp-block-uagb-image__figure img{width: px;height: auto;}}\";s:2:\"js\";s:0:\"\";s:18:\"current_block_list\";a:28:{i:0;s:10:\"core\/group\";i:2;s:24:\"core\/post-featured-image\";i:3;s:15:\"core\/post-title\";i:5;s:14:\"core\/post-date\";i:6;s:16:\"core\/post-author\";i:7;s:15:\"core\/post-terms\";i:8;s:17:\"core\/post-content\";i:9;s:14:\"core\/separator\";i:10;s:13:\"core\/comments\";i:11;s:19:\"core\/comments-title\";i:12;s:21:\"core\/comment-template\";i:15;s:11:\"core\/avatar\";i:16;s:24:\"core\/comment-author-name\";i:17;s:17:\"core\/comment-date\";i:18;s:20:\"core\/comment-content\";i:19;s:23:\"core\/comment-reply-link\";i:20;s:24:\"core\/comments-pagination\";i:21;s:33:\"core\/comments-pagination-previous\";i:22;s:32:\"core\/comments-pagination-numbers\";i:23;s:29:\"core\/comments-pagination-next\";i:24;s:23:\"core\/post-comments-form\";i:25;s:14:\"core\/tag-cloud\";i:26;s:12:\"core\/heading\";i:27;s:14:\"core\/paragraph\";i:28;s:12:\"core\/buttons\";i:29;s:11:\"core\/button\";i:30;s:10:\"uagb\/image\";i:31;s:10:\"core\/image\";}s:8:\"uag_flag\";b:1;s:11:\"uag_version\";s:10:\"1777104837\";s:6:\"gfonts\";a:0:{}s:10:\"gfonts_url\";s:0:\"\";s:12:\"gfonts_files\";a:0:{}s:14:\"uag_faq_layout\";b:0;}"]},"uagb_featured_image_src":{"full":["https:\/\/mv-sport.de\/c\/wp-content\/uploads\/2019\/05\/eixen-219.jpg",1170,658,false],"thumbnail":["https:\/\/mv-sport.de\/c\/wp-content\/uploads\/2019\/05\/eixen-219-150x150.jpg",150,150,true],"medium":["https:\/\/mv-sport.de\/c\/wp-content\/uploads\/2019\/05\/eixen-219-600x600.jpg",350,350,true],"medium_large":["https:\/\/mv-sport.de\/c\/wp-content\/uploads\/2019\/05\/eixen-219.jpg",768,432,false],"large":["https:\/\/mv-sport.de\/c\/wp-content\/uploads\/2019\/05\/eixen-219.jpg",1024,576,false],"1536x1536":["https:\/\/mv-sport.de\/c\/wp-content\/uploads\/2019\/05\/eixen-219.jpg",1170,658,false],"2048x2048":["https:\/\/mv-sport.de\/c\/wp-content\/uploads\/2019\/05\/eixen-219.jpg",1170,658,false],"ultp_layout_landscape_large":["https:\/\/mv-sport.de\/c\/wp-content\/uploads\/2019\/05\/eixen-219.jpg",1170,658,false],"ultp_layout_landscape":["https:\/\/mv-sport.de\/c\/wp-content\/uploads\/2019\/05\/eixen-219.jpg",870,489,false],"ultp_layout_portrait":["https:\/\/mv-sport.de\/c\/wp-content\/uploads\/2019\/05\/eixen-219.jpg",600,337,false],"ultp_layout_square":["https:\/\/mv-sport.de\/c\/wp-content\/uploads\/2019\/05\/eixen-219.jpg",600,337,false]},"uagb_author_info":{"display_name":"Sportclub Laage e.V.","author_link":"https:\/\/mv-sport.de\/c\/author\/sportclub-laage-e-v\/"},"uagb_comment_info":0,"uagb_excerpt":"Als der B\u00fcrgermeister der Gemeinde Eixen und Gesamtverantwortliche des Recknitztallaufes, Andr\u00e9 Boniz, die fast 600 Teilnehmer des diesj\u00e4hrigen Recknitztallaufes begr\u00fc\u00dfte, konnten viele ihre Entt\u00e4uschung nicht verbergen, als von Streckenver\u00e4nderungen zum Schutz von Schreiadlern gesprochen wurde. Denn in den zur\u00fcckliegenden Jahren waren besonders die anspruchsvollen Rundkurse f\u00fcr viele ein Grund am Himmelfahrtsvormittag in der kleinen Gemeinde&hellip;","_links":{"self":[{"href":"https:\/\/mv-sport.de\/c\/wp-json\/wp\/v2\/posts\/30489","targetHints":{"allow":["GET"]}}],"collection":[{"href":"https:\/\/mv-sport.de\/c\/wp-json\/wp\/v2\/posts"}],"about":[{"href":"https:\/\/mv-sport.de\/c\/wp-json\/wp\/v2\/types\/post"}],"author":[{"embeddable":true,"href":"https:\/\/mv-sport.de\/c\/wp-json\/wp\/v2\/users\/7"}],"replies":[{"embeddable":true,"href":"https:\/\/mv-sport.de\/c\/wp-json\/wp\/v2\/comments?post=30489"}],"version-history":[{"count":0,"href":"https:\/\/mv-sport.de\/c\/wp-json\/wp\/v2\/posts\/30489\/revisions"}],"wp:featuredmedia":[{"embeddable":true,"href":"https:\/\/mv-sport.de\/c\/wp-json\/wp\/v2\/media\/30490"}],"wp:attachment":[{"href":"https:\/\/mv-sport.de\/c\/wp-json\/wp\/v2\/media?parent=30489"}],"wp:term":[{"taxonomy":"category","embeddable":true,"href":"https:\/\/mv-sport.de\/c\/wp-json\/wp\/v2\/categories?post=30489"},{"taxonomy":"post_tag","embeddable":true,"href":"https:\/\/mv-sport.de\/c\/wp-json\/wp\/v2\/tags?post=30489"},{"taxonomy":"ort","embeddable":true,"href":"https:\/\/mv-sport.de\/c\/wp-json\/wp\/v2\/ort?post=30489"}],"curies":[{"name":"wp","href":"https:\/\/api.w.org\/{rel}","templated":true}]}}