{"id":31716,"date":"2019-06-21T01:08:41","date_gmt":"2019-06-20T23:08:41","guid":{"rendered":"https:\/\/mv-sport.de\/?p=31716"},"modified":"2019-06-21T01:08:41","modified_gmt":"2019-06-20T23:08:41","slug":"kleiner-ostseeweg-der-name-ist-programm","status":"publish","type":"post","link":"https:\/\/mv-sport.de\/c\/kleiner-ostseeweg-der-name-ist-programm\/","title":{"rendered":"KLEINER OSTSEEWEG &#8211; Der Name ist Programm"},"content":{"rendered":"<p>Unter dem Motto \u201cBeweg Dein Leben\u201d veranstaltet das Team um den Organisator Torsten Dunkelmann seit 2016 erfolgreich Wanderveranstaltungen der etwas l\u00e4ngeren Art an der Ostseek\u00fcste von Mecklenburg-Vorpommern. Denn 2016 startete zum ersten Mal \u201cDEIN OSTSEEWEG\u201d mit 100 km in 24 h.<\/p>\n<p>Mittlerweile gibt es ein paar kleinere Ableger, wo man bereits nach 50 oder 25 km das Ziel erblicken kann.<\/p>\n<p>Da ich in sportlicher Hinsicht nicht nur gern laufe, sondern auch gern mit Familie oder Freunden wandern gehe, hatte ich den OSTSEEWEG schon l\u00e4nger auf der \u201cMu\u00dfte mal machen \u2013 Liste\u201d.<\/p>\n<p>Tja, und so hab ich mich dann dieses Jahr als Teilnehmer des KLEINEN OSTSEEWEGS angemeldet, immerhin auch 50 km.<\/p>\n<p>Ein bi\u00dfchen leichtfertig war es vielleicht schon, ohne l\u00e4ngere Probewanderungen oder andere Vorbereitungen mal eben gleich 50 km am St\u00fcck zu wandern.<\/p>\n<p>Aber passend dazu stand an der Strecke bei KM 25 ein Motivationsschild mit dem Spruch: <em>\u201cNiemand wei\u00df, was er kann, bis er es probiert hat.\u201d<\/em><\/p>\n<p>Au\u00dferdem sind 50 km keine 100 km, das wird schon irgendwie gehen, sagte der innere Optimist.<\/p>\n<p>Schlie\u00dflich bin ich gerade locker 20 km gelaufen, da werde ich wohl auch 50 km gehen k\u00f6nnen!<\/p>\n<p>Und alle, die den OSTSEEWEG schon mal absolviert haben, werden bei solchen Spr\u00fcchen (mit Recht) mitleidig l\u00e4cheln.<\/p>\n<p><u>Aber nun von Anfang an:<\/u><\/p>\n<p>Der Morgen des 08.06. begann tr\u00fcbe und nieslig, aber mit Aussicht auf Verbesserung. Da der Start bereits 9:00 Uhr sein sollte, und ich nicht wu\u00dfte, welches Get\u00fcmmel mich erwartet, war ich nach einem zeitigen Fr\u00fchst\u00fcck bereits 07:30 Uhr vor Ort.Parkpl\u00e4tze waren noch genug da, problemlose Abholung der Startunterlagen und erste Gespr\u00e4che mit bekannten Gesichtern.<\/p>\n<p>Die Bad Doberaner Mehrzweckhalle f\u00fcllte sich rasch. Interessant war die Mischung der Wanderer, sowohl bei Alter und Figur als auch bei der Ausr\u00fcstung. Es gab da \u201cGenie\u00dfer\u201d, leistungsorientierte \u201cSportwanderer\u201d und noch viele Abstufungen dazwischen. Mit meiner Proviant-Grundausstattung z\u00e4hlte ich mich mehr zu den Genie\u00dfern.<\/p>\n<p>Nach ein paar letzten Hinweisen vom Organisator und ein paar Worten vom B\u00fcrgermeister ging es dann endlich los.<\/p>\n<p>Das Starterfeld war schon sehr eindrucksvoll. Die \u00fcber 500 gestarteten Wanderer bildeten ein scheinbar endloses buntes Band auf dem Radweg von Bad Doberan nach B\u00f6rgerende.<\/p>\n<p>Ich wanderte mich langsam nach vorne durch, verweilte immer wieder bei einem netten Gespr\u00e4ch und genoss die Landschaft bei immer besser werdendem Wetter. Die d\u00fcnne Jacke war bereits im Rucksack verschwunden.<\/p>\n<p>Bis Nienhagen hatte sich der Wanderzug schon sehr auseinandergezogen. Hier gab es am Strandrestaurant Nienhagen auch bereits den ersten Verpflegungspunkt, der ein so tolles B\u00fcffet bereithielt, dass man nach einer kleinen St\u00e4rkung mit noch besserer Stimmung weiterwanderte. Obst, belegte Br\u00f6tchen, Wasser, Kaffee, &#8230; freier Ostseeblick, &#8230; mehr geht nicht!<\/p>\n<p>Frisch gest\u00e4rkt ging es also weiter Richtung B\u00f6rgerende, erst durch den Gespensterwald und dann ein St\u00fcck direkt am Strand entlang. Hier am Strand war der Name OSTSEEWEG quasi Programm. Der Strandabschnitt war das anstrengendste St\u00fcck Weg, aber eben auch sch\u00f6n und zugleich erschreckend angesichts der sichtbaren Zerst\u00f6rungen der letzten Unwetter. Wenn man direkt neben der 3 m hohen Abbruchkante der ehemaligen D\u00fcne entlangwandert, nur 1 m neben der neuen Wasserlinie, beginnt man den Begriff Naturgewalt zu verstehen.<\/p>\n<p>Weiter ging es von B\u00f6rgerende aus \u00fcber Heiligendamm Richtung K\u00fchlungsborn, immer der K\u00fcstenlinie folgend. Das Wetter blieb trocken, wechselte aber bei teils kr\u00e4ftiger Brise zwischen bew\u00f6lkt und sonnig hin und her. Der Wechsel des Lichtes bescherte zwischendurch immer wieder traumhafte Ansichten bzw. Aussichten in die Landschaften. Ein Gerstenfeld voller Kornblumen sieht z.B. noch toller aus, wenn ganz pl\u00f6tzlich die Sonne wieder auftaucht.<\/p>\n<p>Kurz vor K\u00fchlungsborn ca. bei KM 19 war beim Wohnmobilstellplatz Sanddornstrand der n\u00e4chste Verpflegungspunkt. Ich hatte aber gerade unterwegs etwas aus dem Rucksack gegessen und wollte nicht aus dem Tritt kommen, also bin ich daran vorbei. Mir war auch gar nicht so richtig bewu\u00dft, dass ich da schon \u00fcber 3 Stunden unterwegs war.<\/p>\n<p>Bald kam die Marina K\u00fchlungsborn in Sicht. Bei KM 21 kam ich mit zwei Jungs ins Gespr\u00e4ch, welche genau wie ich \u00fcber die architektonische Gro\u00dfartigkeit der Touristenburgen l\u00e4sterten. Wir blieben dann bis KM 39 zusammen. Aber erstmal mussten wir zusehen, den Touristenslalom auf der Promenade kollisionsfrei zu \u00fcberstehen. Das Teilnehmerfeld hatte sich mittlerweile weit auseinandergezogen, wir hatten keine anderen Wanderer mehr in Sichtweite. Und K\u00fchlungsborn wollte irgendwie kein Ende nehmen! Doch irgendwann lag auch K\u00fchlungsborn hinter uns und wir n\u00e4herten uns auf verschlungenen Pfaden dem Leuchtturm Buk bei Bastorf. Der Leuchtturm war nat\u00fcrlich eines der Highlights der Wanderung, Betonung liegt auf \u201chigh\u201d. Von der H\u00f6he des Leuchturmh\u00fcgels hatte man einen herrlichen Blick weit auf die Ostsee hinaus. Hier war auch ein Getr\u00e4nkest\u00fctzpunkt eingerichtet, pers\u00f6nlich betreut vom Chef-Organisator Torsten. \u00dcberhaupt schien Torsten irgendwie \u00fcberall zu sein. Au\u00dfer am Start und am Ziel habe ich Torsten noch an 5 anderen Punkten der Strecke erblickt.<\/p>\n<p>Auf dem Berg schnell was zum Knabbern aus dem Rucksack geholt und dann ging es gleich weiter, damit die Beine nicht in den Pausen-Modus \u00fcbergehen. Es ging eine Weile bergab, ein paar Kurven, ein paar Abzweige, .. und pl\u00f6tzlich kam uns die Gegend irgendwie bekannt vor. Wir waren wieder in K\u00fchlungsborn, nur dass die Streckenmarkierungen jetzt noch eine Pfeilspitze in der anderen Richtung hatten. Also nochmal Touristenslalom auf der Promenade. Nach K\u00fchlungsborn n\u00e4herten wir uns wieder dem 2. Verpflegungspunkt, der nun also auch\u00a0 der 3. und letzte Verpflegungspunkt auf der Strecke war. Hier bei KM 39 musste ich doch mal eine Pause einlegen, da ich gef\u00fchlt schon im Reservemodus ging. Mir wurde bewu\u00dft, dass ich schon 7 Stunden unterwegs war und meine Energiezufuhr etwas vernachl\u00e4ssigt hatte. Das lie\u00df sich aber am Verpflegungspunkt problemlos beheben. W\u00e4hrend ich mir Zeit nahm, zogen meine etwas j\u00fcngeren Wegbegleiter schon weiter. Als ich nach dem 2. Becher Kaffee so laaangsam wieder aufbrechen wollte, trudelte Antje, eine Kollegin meiner Frau, beim Verpflegungspunkt ein. Also hab ich mir noch einen weiteren Becher Kaffee Zeit genommen, um dann mit Antje gemeinsam zur letzten Etappe aufzubrechen.<\/p>\n<p>Aua, die ersten Schritte mach der langen Pause waren irgendwie nicht mehr ganz fl\u00fcssig. Die Oberschenkel waren fest und die Fersen hatten in der Schmerzempfindlichkeit auch nicht nachgelassen. Die ersten 50 m hab ich nur so\u2019ne Art Tippelschritte gemacht, .. sah bestimmt lustig aus. Aber die Schritte wurde wieder l\u00e4nger, das Wetter war immer noch wechselhaft sch\u00f6n und die restlichen Kilometer waren bald nur noch einstellig. Ich h\u00e4tte gern noch l\u00e4ngere und kr\u00e4ftigere Schritte gemacht, aber beide Fersen meldeten kontinuierlich bad sectors. Bei KM 45 meldete Ferse links schlagartig eine aufgegangene Blase an, aber der Fu\u00df war noch dran, .. also weiterwandern. Wie sch\u00f6n, wenn man dann endlich Bad Doberan erreicht und sich dem Ausgangspunkt der Wanderung wieder n\u00e4hert.<\/p>\n<p>Und wenn man dann endlich unter dem Beifall der bereits angekommenen Wanderer \u00fcber das breite rote Teppichband durch den Zielbogen schreitet, &#8230; einfach nur sch\u00f6n.<\/p>\n<p>Ich bin dann noch eine ganze Weile in der Halle geblieben, habe die Partystimmung genossen und nat\u00fcrlich ebenso allen anderen Ank\u00f6mmlingen begeistert applaudiert.<\/p>\n<p>Am Tag danach habe ich meine Wanderschuhe untersucht und unter den Einlegesohlen im Fersenbereich ein in die Sohle integriertes ovales Gummist\u00fcck mit ca. 2 mm \u00dcberh\u00f6hung(!?) gefunden. Im Internet fand ich heraus , dass dies ein D\u00e4mpfungselement sein soll. Hallo lieber Wanderschuh-Designer! Ein so hohes D\u00e4mpfungselement hat einen Rand bzw. eine Kante, welche auf l\u00e4ngeren Strecken durch die Einlegesohle hindurch dr\u00fcckt. Da kann man sich doch gleich ein 2-Euro-St\u00fcck unter die Ferse legen!!!<\/p>\n<p>&nbsp;<\/p>\n<p>\u00dcbrigens waren bereits 2017 Christine und Steffi aus unserer Laufgruppe beim OSTSEEWEG dabei, allerdings auf dem langen Kanten \u00fcber 100 km.<\/p>\n<p>Christine musste bei 70 km aussteigen und Steffi hat das Ziel erreicht, &#8230; allerg\u00f6\u00dften Respekt f\u00fcr euch beide!<\/p>\n<p><u>Jedenfalls hab ich jetzt 2 Ziele:<\/u><\/p>\n<ol>\n<li>Leichte Wanderschuhe finden, mit denen man 50 km blasenfrei \u00fcbersteht.<\/li>\n<li>100 km OSTSEEWEG:<\/li>\n<\/ol>\n<p>&nbsp;<\/p>\n<p>Steffen Ostertag<\/p>\n<figure id=\"attachment_31719\" aria-describedby=\"caption-attachment-31719\" style=\"width: 449px\" class=\"wp-caption aligncenter\"><a href=\"https:\/\/mv-sport.de\/wp-content\/uploads\/2019\/06\/190608-022-1.jpg\"><img loading=\"lazy\" decoding=\"async\" class=\"wp-image-31719 \" src=\"https:\/\/mv-sport.de\/wp-content\/uploads\/2019\/06\/190608-022-1-766x1024.jpg\" alt=\"\" width=\"449\" height=\"600\" \/><\/a><figcaption id=\"caption-attachment-31719\" class=\"wp-caption-text\">Das Foto zeigt Steffen im Ziel. Foto: Ostertag<\/figcaption><\/figure>\n","protected":false},"excerpt":{"rendered":"<p>Unter dem Motto \u201cBeweg Dein Leben\u201d veranstaltet das Team um den Organisator Torsten Dunkelmann seit 2016 erfolgreich Wanderveranstaltungen der etwas l\u00e4ngeren Art an der Ostseek\u00fcste von Mecklenburg-Vorpommern. Denn 2016 startete zum ersten Mal \u201cDEIN OSTSEEWEG\u201d mit 100 km in 24 h. Mittlerweile gibt es ein paar kleinere Ableger, wo man bereits nach 50 oder 25 [&hellip;]<\/p>\n","protected":false},"author":7,"featured_media":31719,"comment_status":"open","ping_status":"open","sticky":false,"template":"","format":"standard","meta":{"_seopress_robots_primary_cat":"none","_seopress_titles_title":"","_seopress_titles_desc":"","_seopress_robots_index":"","_relevanssi_hide_post":"","_relevanssi_hide_content":"","_relevanssi_pin_for_all":"","_relevanssi_pin_keywords":"","_relevanssi_unpin_keywords":"","_relevanssi_related_keywords":"","_relevanssi_related_include_ids":"","_relevanssi_related_exclude_ids":"","_relevanssi_related_no_append":"","_relevanssi_related_not_related":"","_relevanssi_related_posts":"","_relevanssi_noindex_reason":"","_uag_custom_page_level_css":"","footnotes":""},"categories":[24],"tags":[],"ort":[],"class_list":{"0":"post-31716","1":"post","2":"type-post","3":"status-publish","4":"format-standard","5":"has-post-thumbnail","7":"category-sport-allgemein"},"featured_image_urls":{"medium":"https:\/\/mv-sport.de\/c\/wp-content\/uploads\/2019\/06\/190608-022-1-600x600.jpg","medium_large":"https:\/\/mv-sport.de\/c\/wp-content\/uploads\/2019\/06\/190608-022-1.jpg","large":"https:\/\/mv-sport.de\/c\/wp-content\/uploads\/2019\/06\/190608-022-1-1047x1400.jpg","full":"https:\/\/mv-sport.de\/c\/wp-content\/uploads\/2019\/06\/190608-022-1.jpg","alt":"","caption":""},"spectra_custom_meta":{"uab_option":["yes"],"uab_meta_position":["default"],"_extra_rating_average":["0"],"_seopress_analysis_data":["a:10:{s:5:\"title\";s:57:\"KLEINER OSTSEEWEG \u2013 Der Name ist Programm | MV-Sport.de\";s:9:\"meta_desc\";s:347:\"Unter dem Motto \u201cBeweg Dein Leben\u201d veranstaltet das Team um den Organisator Torsten Dunkelmann seit 2016 erfolgreich Wanderveranstaltungen der etwas l\u00e4ngeren Art an der Ostseek\u00fcste von Mecklenburg-Vorpommern. Denn 2016 startete zum ersten Mal \u201cDEIN OSTSEEWEG\u201d mit 100 km in 24 h. Mittlerweile gibt es ein paar kleinere Ableger, wo man\u2026\";s:8:\"og_title\";s:57:\"KLEINER OSTSEEWEG \u2013 Der Name ist Programm | MV-Sport.de\";s:7:\"og_desc\";s:347:\"Unter dem Motto \u201cBeweg Dein Leben\u201d veranstaltet das Team um den Organisator Torsten Dunkelmann seit 2016 erfolgreich Wanderveranstaltungen der etwas l\u00e4ngeren Art an der Ostseek\u00fcste von Mecklenburg-Vorpommern. Denn 2016 startete zum ersten Mal \u201cDEIN OSTSEEWEG\u201d mit 100 km in 24 h. Mittlerweile gibt es ein paar kleinere Ableger, wo man\u2026\";s:6:\"og_img\";s:63:\"https:\/\/mv-sport.de\/wp-content\/uploads\/2019\/06\/190608-022-1.jpg\";s:8:\"tw_title\";s:57:\"KLEINER OSTSEEWEG \u2013 Der Name ist Programm | MV-Sport.de\";s:7:\"tw_desc\";s:347:\"Unter dem Motto \u201cBeweg Dein Leben\u201d veranstaltet das Team um den Organisator Torsten Dunkelmann seit 2016 erfolgreich Wanderveranstaltungen der etwas l\u00e4ngeren Art an der Ostseek\u00fcste von Mecklenburg-Vorpommern. Denn 2016 startete zum ersten Mal \u201cDEIN OSTSEEWEG\u201d mit 100 km in 24 h. Mittlerweile gibt es ein paar kleinere Ableger, wo man\u2026\";s:3:\"img\";a:1:{s:6:\"images\";a:7:{i:0;s:72:\"https:\/\/mv-sport.de\/wp-content\/uploads\/2019\/06\/190608-022-1-766x1024.jpg\";i:1;s:59:\"https:\/\/mv-sport.de\/wp-content\/uploads\/2017\/06\/sc_laage.png\";i:2;s:89:\"https:\/\/mv-sport.de\/wp-content\/sabai\/File\/thumbnails\/095830d223ec1109a28c4e229b866e9f.png\";i:3;s:89:\"https:\/\/mv-sport.de\/wp-content\/sabai\/File\/thumbnails\/c2f578cc2ab287244475d661bd4d02a7.jpg\";i:4;s:89:\"https:\/\/mv-sport.de\/wp-content\/sabai\/File\/thumbnails\/bfce1940ca7c36d4284086791a01ca44.jpg\";i:5;s:61:\"https:\/\/mv-sport.de\/wp-content\/uploads\/2017\/05\/140x70px-3.gif\";i:6;s:43:\"\/\/ads.ad-mv.de\/c\/piwik.php?idsite=162&rec=1\";}}s:13:\"words_counter\";i:1229;s:20:\"words_counter_unique\";i:618;}"],"_edit_lock":["1561212774:7"],"_edit_last":["7"],"_thumbnail_id":["31719"],"xyz_fbap_future_to_publish":["a:3:{s:18:\"post_fb_permission\";i:1;s:18:\"xyz_fbap_po_method\";s:1:\"2\";s:16:\"xyz_fbap_message\";s:17:\"{POST_EXCERPT}...\";}"],"xyz_fbap":["1"],"xyz_fbap_insert_og":["0"],"post_views_count":["559"],"seopress_sw_done":["1"],"_seopress_titles_title":[""],"_seopress_titles_desc":[""],"_seopress_robots_canonical":[""],"_seopress_robots_primary_cat":["none"],"_seopress_robots_breadcrumbs":[""],"_seopress_social_fb_title":[""],"_seopress_social_fb_desc":[""],"_seopress_social_fb_img":[""],"_seopress_social_twitter_title":[""],"_seopress_social_twitter_desc":[""],"_seopress_social_twitter_img":[""],"_seopress_redirections_type":["301"],"_seopress_redirections_value":[""],"_seopress_video":["a:1:{i:0;a:9:{s:3:\"url\";s:0:\"\";s:5:\"title\";s:0:\"\";s:4:\"desc\";s:0:\"\";s:9:\"thumbnail\";s:0:\"\";s:8:\"duration\";s:0:\"\";s:6:\"rating\";s:0:\"\";s:10:\"view_count\";s:0:\"\";s:3:\"tag\";s:0:\"\";s:3:\"cat\";s:0:\"\";}}"],"_post_review_box_title":["Rezension"],"_post_review_box_summary":[""],"_post_review_box_summary_title":["Zusammenfassung"],"_post_review_box_breakdowns_score":["0"],"_post_review_box_breakdowns_count":["1"],"_post_review_box_breakdowns":["a:1:{i:0;a:2:{s:5:\"title\";s:0:\"\";s:6:\"rating\";i:0;}}"],"_extra_sidebar_location":[""],"_extra_sidebar":[""],"wp_schema_pro_optimized_structured_data":["<!-- Schema optimized by Schema Pro --><script type=\"application\/ld+json\">{\"@context\":\"https:\/\/schema.org\",\"@type\":\"NewsArticle\",\"mainEntityOfPage\":{\"@type\":\"WebPage\",\"@id\":\"https:\/\/mv-sport.de\/kleiner-ostseeweg-der-name-ist-programm\/\"},\"headline\":\"KLEINER OSTSEEWEG - Der Name ist Programm\",\"image\":{\"@type\":\"ImageObject\",\"url\":\"https:\/\/mv-sport.de\/wp-content\/uploads\/2019\/06\/190608-022-1.jpg\",\"width\":1197,\"height\":1600},\"datePublished\":\"2019-06-21T01:08:41\",\"dateModified\":\"2019-06-21T01:08:41\",\"author\":{\"@type\":\"Person\",\"name\":\"Sportclub Laage e.V.\",\"url\":\"https:\/\/mv-sport.de\/author\/sportclub-laage-e-v\"},\"publisher\":{\"@type\":\"Organization\",\"name\":\"MV-Sport.de - Sportvereine &amp; Sportnachrichten Mecklenburg-Vorpommern\",\"logo\":{\"@type\":\"ImageObject\",\"url\":\"https:\/\/mv-sport.de\/wp-content\/uploads\/2017\/05\/logo-mv-sport-292x60.png\"}}}<\/script><!-- \/ Schema optimized by Schema Pro -->"],"__post_views_count":["4218"],"astra_style_timestamp_css":["1757539268"],"_uag_css_file_name":["uag-css-31716.css"],"_uag_page_assets":["a:9:{s:3:\"css\";s:7010:\".uagb-block-88f5875d.wp-block-uagb-image--layout-default figure img{box-shadow: 0px 0px 0 #00000070;}.uagb-block-88f5875d.wp-block-uagb-image .wp-block-uagb-image__figure figcaption{font-style: normal;align-self: center;}.uagb-block-88f5875d.wp-block-uagb-image--layout-overlay figure img{box-shadow: 0px 0px 0 #00000070;}.uagb-block-88f5875d.wp-block-uagb-image--layout-overlay .wp-block-uagb-image--layout-overlay__color-wrapper{opacity: 0.2;}.uagb-block-88f5875d.wp-block-uagb-image--layout-overlay .wp-block-uagb-image--layout-overlay__inner{left: 15px;right: 15px;top: 15px;bottom: 15px;}.uagb-block-88f5875d.wp-block-uagb-image--layout-overlay .wp-block-uagb-image--layout-overlay__inner .uagb-image-heading{font-style: normal;color: #fff;opacity: 1;}.uagb-block-88f5875d.wp-block-uagb-image--layout-overlay .wp-block-uagb-image--layout-overlay__inner .uagb-image-heading a{color: #fff;}.uagb-block-88f5875d.wp-block-uagb-image--layout-overlay .wp-block-uagb-image--layout-overlay__inner .uagb-image-caption{opacity: 0;}.uagb-block-88f5875d.wp-block-uagb-image--layout-overlay .wp-block-uagb-image__figure:hover .wp-block-uagb-image--layout-overlay__color-wrapper{opacity: 1;}.uagb-block-88f5875d.wp-block-uagb-image .wp-block-uagb-image--layout-overlay__inner .uagb-image-separator{width: 30%;border-top-width: 2px;border-top-color: #fff;opacity: 0;}.uagb-block-88f5875d.wp-block-uagb-image .wp-block-uagb-image__figure img{width: 297px;height: auto;}.uagb-block-88f5875d.wp-block-uagb-image .wp-block-uagb-image__figure:hover .wp-block-uagb-image--layout-overlay__inner .uagb-image-caption{opacity: 1;}.uagb-block-88f5875d.wp-block-uagb-image .wp-block-uagb-image__figure:hover .wp-block-uagb-image--layout-overlay__inner .uagb-image-separator{opacity: 1;}.uagb-block-88f5875d.wp-block-uagb-image--layout-default figure:hover img{box-shadow: 0px 0px 0 #00000070;}.uagb-block-88f5875d.wp-block-uagb-image--layout-overlay figure:hover img{box-shadow: 0px 0px 0 #00000070;}@media only screen and (max-width: 976px) {.uagb-block-88f5875d.wp-block-uagb-image .wp-block-uagb-image__figure img{width: 297px;height: auto;}}@media only screen and (max-width: 767px) {.uagb-block-88f5875d.wp-block-uagb-image .wp-block-uagb-image__figure img{width: 297px;height: auto;}}.uagb-block-b6c54374.wp-block-uagb-image{margin-top: 0px;margin-right: 0px;margin-bottom: 0px;margin-left: 0px;}.uagb-block-b6c54374.wp-block-uagb-image--layout-default figure img{box-shadow: 0px 0px 0 #00000070;}.uagb-block-b6c54374.wp-block-uagb-image .wp-block-uagb-image__figure figcaption{font-style: normal;align-self: center;}.uagb-block-b6c54374.wp-block-uagb-image--layout-overlay figure img{box-shadow: 0px 0px 0 #00000070;}.uagb-block-b6c54374.wp-block-uagb-image--layout-overlay .wp-block-uagb-image--layout-overlay__color-wrapper{opacity: 0.2;}.uagb-block-b6c54374.wp-block-uagb-image--layout-overlay .wp-block-uagb-image--layout-overlay__inner{left: 15px;right: 15px;top: 15px;bottom: 15px;}.uagb-block-b6c54374.wp-block-uagb-image--layout-overlay .wp-block-uagb-image--layout-overlay__inner .uagb-image-heading{font-style: normal;color: #fff;opacity: 1;}.uagb-block-b6c54374.wp-block-uagb-image--layout-overlay .wp-block-uagb-image--layout-overlay__inner .uagb-image-heading a{color: #fff;}.uagb-block-b6c54374.wp-block-uagb-image--layout-overlay .wp-block-uagb-image--layout-overlay__inner .uagb-image-caption{opacity: 0;}.uagb-block-b6c54374.wp-block-uagb-image--layout-overlay .wp-block-uagb-image__figure:hover .wp-block-uagb-image--layout-overlay__color-wrapper{opacity: 1;}.uagb-block-b6c54374.wp-block-uagb-image .wp-block-uagb-image--layout-overlay__inner .uagb-image-separator{width: 30%;border-top-width: 2px;border-top-color: #fff;opacity: 0;}.uagb-block-b6c54374.wp-block-uagb-image .wp-block-uagb-image__figure img{width: px;height: auto;}.uagb-block-b6c54374.wp-block-uagb-image .wp-block-uagb-image__figure:hover .wp-block-uagb-image--layout-overlay__inner .uagb-image-caption{opacity: 1;}.uagb-block-b6c54374.wp-block-uagb-image .wp-block-uagb-image__figure:hover .wp-block-uagb-image--layout-overlay__inner .uagb-image-separator{opacity: 1;}.uagb-block-b6c54374.wp-block-uagb-image--layout-default figure:hover img{box-shadow: 0px 0px 0 #00000070;}.uagb-block-b6c54374.wp-block-uagb-image--layout-overlay figure:hover img{box-shadow: 0px 0px 0 #00000070;}@media only screen and (max-width: 976px) {.uagb-block-b6c54374.wp-block-uagb-image .wp-block-uagb-image__figure img{width: px;height: auto;}}@media only screen and (max-width: 767px) {.uagb-block-b6c54374.wp-block-uagb-image .wp-block-uagb-image__figure img{width: px;height: auto;}}.uagb-block-2bdcf70c.wp-block-uagb-image{margin-top: 0px;margin-right: 0px;margin-bottom: 0px;margin-left: 0px;}.uagb-block-2bdcf70c.wp-block-uagb-image--layout-default figure img{box-shadow: 0px 0px 0 #00000070;}.uagb-block-2bdcf70c.wp-block-uagb-image .wp-block-uagb-image__figure figcaption{font-style: normal;align-self: center;}.uagb-block-2bdcf70c.wp-block-uagb-image--layout-overlay figure img{box-shadow: 0px 0px 0 #00000070;}.uagb-block-2bdcf70c.wp-block-uagb-image--layout-overlay .wp-block-uagb-image--layout-overlay__color-wrapper{opacity: 0.2;}.uagb-block-2bdcf70c.wp-block-uagb-image--layout-overlay .wp-block-uagb-image--layout-overlay__inner{left: 15px;right: 15px;top: 15px;bottom: 15px;}.uagb-block-2bdcf70c.wp-block-uagb-image--layout-overlay .wp-block-uagb-image--layout-overlay__inner .uagb-image-heading{font-style: normal;color: #fff;opacity: 1;}.uagb-block-2bdcf70c.wp-block-uagb-image--layout-overlay .wp-block-uagb-image--layout-overlay__inner .uagb-image-heading a{color: #fff;}.uagb-block-2bdcf70c.wp-block-uagb-image--layout-overlay .wp-block-uagb-image--layout-overlay__inner .uagb-image-caption{opacity: 0;}.uagb-block-2bdcf70c.wp-block-uagb-image--layout-overlay .wp-block-uagb-image__figure:hover .wp-block-uagb-image--layout-overlay__color-wrapper{opacity: 1;}.uagb-block-2bdcf70c.wp-block-uagb-image .wp-block-uagb-image--layout-overlay__inner .uagb-image-separator{width: 30%;border-top-width: 2px;border-top-color: #fff;opacity: 0;}.uagb-block-2bdcf70c.wp-block-uagb-image .wp-block-uagb-image__figure img{width: px;height: auto;}.uagb-block-2bdcf70c.wp-block-uagb-image .wp-block-uagb-image__figure:hover .wp-block-uagb-image--layout-overlay__inner .uagb-image-caption{opacity: 1;}.uagb-block-2bdcf70c.wp-block-uagb-image .wp-block-uagb-image__figure:hover .wp-block-uagb-image--layout-overlay__inner .uagb-image-separator{opacity: 1;}.uagb-block-2bdcf70c.wp-block-uagb-image--layout-default figure:hover img{box-shadow: 0px 0px 0 #00000070;}.uagb-block-2bdcf70c.wp-block-uagb-image--layout-overlay figure:hover img{box-shadow: 0px 0px 0 #00000070;}@media only screen and (max-width: 976px) {.uagb-block-2bdcf70c.wp-block-uagb-image .wp-block-uagb-image__figure img{width: px;height: auto;}}@media only screen and (max-width: 767px) {.uagb-block-2bdcf70c.wp-block-uagb-image .wp-block-uagb-image__figure img{width: px;height: auto;}}\";s:2:\"js\";s:0:\"\";s:18:\"current_block_list\";a:28:{i:0;s:10:\"core\/group\";i:2;s:24:\"core\/post-featured-image\";i:3;s:15:\"core\/post-title\";i:5;s:14:\"core\/post-date\";i:6;s:16:\"core\/post-author\";i:7;s:15:\"core\/post-terms\";i:8;s:17:\"core\/post-content\";i:9;s:14:\"core\/separator\";i:10;s:13:\"core\/comments\";i:11;s:19:\"core\/comments-title\";i:12;s:21:\"core\/comment-template\";i:15;s:11:\"core\/avatar\";i:16;s:24:\"core\/comment-author-name\";i:17;s:17:\"core\/comment-date\";i:18;s:20:\"core\/comment-content\";i:19;s:23:\"core\/comment-reply-link\";i:20;s:24:\"core\/comments-pagination\";i:21;s:33:\"core\/comments-pagination-previous\";i:22;s:32:\"core\/comments-pagination-numbers\";i:23;s:29:\"core\/comments-pagination-next\";i:24;s:23:\"core\/post-comments-form\";i:25;s:14:\"core\/tag-cloud\";i:26;s:12:\"core\/heading\";i:27;s:14:\"core\/paragraph\";i:28;s:12:\"core\/buttons\";i:29;s:11:\"core\/button\";i:30;s:10:\"uagb\/image\";i:31;s:10:\"core\/image\";}s:8:\"uag_flag\";b:1;s:11:\"uag_version\";s:10:\"1777225373\";s:6:\"gfonts\";a:0:{}s:10:\"gfonts_url\";s:0:\"\";s:12:\"gfonts_files\";a:0:{}s:14:\"uag_faq_layout\";b:0;}"]},"uagb_featured_image_src":{"full":["https:\/\/mv-sport.de\/c\/wp-content\/uploads\/2019\/06\/190608-022-1.jpg",1197,1600,false],"thumbnail":["https:\/\/mv-sport.de\/c\/wp-content\/uploads\/2019\/06\/190608-022-1-150x150.jpg",150,150,true],"medium":["https:\/\/mv-sport.de\/c\/wp-content\/uploads\/2019\/06\/190608-022-1-600x600.jpg",350,350,true],"medium_large":["https:\/\/mv-sport.de\/c\/wp-content\/uploads\/2019\/06\/190608-022-1.jpg",768,1027,false],"large":["https:\/\/mv-sport.de\/c\/wp-content\/uploads\/2019\/06\/190608-022-1-1047x1400.jpg",766,1024,true],"1536x1536":["https:\/\/mv-sport.de\/c\/wp-content\/uploads\/2019\/06\/190608-022-1.jpg",1149,1536,false],"2048x2048":["https:\/\/mv-sport.de\/c\/wp-content\/uploads\/2019\/06\/190608-022-1.jpg",1197,1600,false],"ultp_layout_landscape_large":["https:\/\/mv-sport.de\/c\/wp-content\/uploads\/2019\/06\/190608-022-1.jpg",599,800,false],"ultp_layout_landscape":["https:\/\/mv-sport.de\/c\/wp-content\/uploads\/2019\/06\/190608-022-1.jpg",426,570,false],"ultp_layout_portrait":["https:\/\/mv-sport.de\/c\/wp-content\/uploads\/2019\/06\/190608-022-1.jpg",600,802,false],"ultp_layout_square":["https:\/\/mv-sport.de\/c\/wp-content\/uploads\/2019\/06\/190608-022-1.jpg",449,600,false]},"uagb_author_info":{"display_name":"Sportclub Laage e.V.","author_link":"https:\/\/mv-sport.de\/c\/author\/sportclub-laage-e-v\/"},"uagb_comment_info":0,"uagb_excerpt":"Unter dem Motto \u201cBeweg Dein Leben\u201d veranstaltet das Team um den Organisator Torsten Dunkelmann seit 2016 erfolgreich Wanderveranstaltungen der etwas l\u00e4ngeren Art an der Ostseek\u00fcste von Mecklenburg-Vorpommern. Denn 2016 startete zum ersten Mal \u201cDEIN OSTSEEWEG\u201d mit 100 km in 24 h. Mittlerweile gibt es ein paar kleinere Ableger, wo man bereits nach 50 oder 25&hellip;","_links":{"self":[{"href":"https:\/\/mv-sport.de\/c\/wp-json\/wp\/v2\/posts\/31716","targetHints":{"allow":["GET"]}}],"collection":[{"href":"https:\/\/mv-sport.de\/c\/wp-json\/wp\/v2\/posts"}],"about":[{"href":"https:\/\/mv-sport.de\/c\/wp-json\/wp\/v2\/types\/post"}],"author":[{"embeddable":true,"href":"https:\/\/mv-sport.de\/c\/wp-json\/wp\/v2\/users\/7"}],"replies":[{"embeddable":true,"href":"https:\/\/mv-sport.de\/c\/wp-json\/wp\/v2\/comments?post=31716"}],"version-history":[{"count":0,"href":"https:\/\/mv-sport.de\/c\/wp-json\/wp\/v2\/posts\/31716\/revisions"}],"wp:featuredmedia":[{"embeddable":true,"href":"https:\/\/mv-sport.de\/c\/wp-json\/wp\/v2\/media\/31719"}],"wp:attachment":[{"href":"https:\/\/mv-sport.de\/c\/wp-json\/wp\/v2\/media?parent=31716"}],"wp:term":[{"taxonomy":"category","embeddable":true,"href":"https:\/\/mv-sport.de\/c\/wp-json\/wp\/v2\/categories?post=31716"},{"taxonomy":"post_tag","embeddable":true,"href":"https:\/\/mv-sport.de\/c\/wp-json\/wp\/v2\/tags?post=31716"},{"taxonomy":"ort","embeddable":true,"href":"https:\/\/mv-sport.de\/c\/wp-json\/wp\/v2\/ort?post=31716"}],"curies":[{"name":"wp","href":"https:\/\/api.w.org\/{rel}","templated":true}]}}