{"id":32293,"date":"2019-07-01T20:26:16","date_gmt":"2019-07-01T18:26:16","guid":{"rendered":"https:\/\/mv-sport.de\/?p=32293"},"modified":"2019-07-01T20:26:16","modified_gmt":"2019-07-01T18:26:16","slug":"sc-laage-unterstuetzt-grundschule-mit-laufabzeichen-projekt","status":"publish","type":"post","link":"https:\/\/mv-sport.de\/c\/sc-laage-unterstuetzt-grundschule-mit-laufabzeichen-projekt\/","title":{"rendered":"SC Laage unterst\u00fctzt Grundschule mit Laufabzeichen -Projekt"},"content":{"rendered":"<p>Schon vor einem halben Jahr trafen sich der Laager Grundschullehrer Bastian W\u00f6stenberg und der verantwortliche \u00dcbungsleiter der Laager Laufgruppe zu ersten Planungsgespr\u00e4chen, die das Ziel hatten, Laager Kindern die M\u00f6glichkeit zu geben ein Laufabzeichen abzulegen.<br \/>\nIm Zuge mehrerer Schul-Projekttage organisierte die Laufgruppe des Sportclubs Laage , in enger partnerschaftlicher Zusammenarbeit mit Herrn W\u00f6stenberg, nun vor wenigen Tagen zwei Laufabzeichentage f\u00fcr die M\u00e4dchen und Jungen der Klassenstufen 1 bis 4. Die Voraussetzungen f\u00fcr \u00fcber 50 M\u00e4dchen und Jungen waren dabei denkbar einfach und gleich.<br \/>\nUnter der Anleitung und einer Tempovorgabe eines erfahrenen Ausdauersportlers galt es, 15-Minuten oder f\u00fcr die etwas Fitteren 30 Minuten lang zu laufen.<br \/>\nEs ging dabei nicht um Schnelligkeit und Platzierungen, sondern vielmehr um die Verbesserung der individuellen Leistung.<br \/>\nAusdauerndes Laufen war das Thema und die Kinder stellten sich dieser Aufgabe ganz toll. Und damit trug jeder einzelne so zum Gelingen der Laufabzeichen-Tage bei.<br \/>\nNat\u00fcrlich war bei vielen Kindern das pers\u00f6nliche Ziel nach 30 Minuten erreicht und danach wurde ganz stolz die Medaille und eine dazugeh\u00f6rige Urkunde, die extra f\u00fcr diese Art der sportlichen Idee vom Leichtathletik-Verband Mecklenburg-Vorpommern und der DAK-Gesundheit kreiert wurde, stolz in Empfang genommen. Bei frischem Wasser und Obst, gro\u00dfz\u00fcgig bereitgestellt vom Fruchtexpress Haker, wurde dann, fast wie bei den Gro\u00dfen, philosophiert und nat\u00fcrlich schon geplant, was beim n\u00e4chsten Mal wohl m\u00f6glich sein k\u00f6nnte. Der Plan in diesem Jahr einen Lauf \u00fcber 60 Minuten anzubieten, mussten die Organisatoren aufgrund der Wetterlage allerdings verwerfen. Aber vielleicht gibt es ja daf\u00fcr im kommenden Jahr die Gelegenheit. Grunds\u00e4tzlich war das Projekt aus Sicht der Laufgruppe ein Erfolg. Das alles war aber nur m\u00f6glich, weil mit der 13-j\u00e4hrigen Sch\u00fclerin Juliane G\u00f6llnitz, dem frischgebackenem Abiturienten Maximilian Heise, den Eheleuten Petra und Ronny Behn und dem Laager Lauftrainer Andr\u00e9 Stache Sport-Enthusiasten\u00a0 die Veranstaltung nach Kr\u00e4ften organisierten.<strong><\/p>\n<p><\/strong>SC Laage<\/p>\n<figure id=\"attachment_32294\" aria-describedby=\"caption-attachment-32294\" style=\"width: 834px\" class=\"wp-caption aligncenter\"><a href=\"https:\/\/mv-sport.de\/wp-content\/uploads\/2019\/07\/20190629_092139-2.jpg\"><img loading=\"lazy\" decoding=\"async\" class=\" wp-image-32294\" src=\"https:\/\/mv-sport.de\/wp-content\/uploads\/2019\/07\/20190629_092139-2-1024x576.jpg\" alt=\"\" width=\"834\" height=\"469\" \/><\/a><figcaption id=\"caption-attachment-32294\" class=\"wp-caption-text\">Das Foto zeigt Lennox, Emi, Johanna und Pia. Sie fanden das\u00a0 Laufabzeichen-Projekt toll. Foto: Andr\u00e9 Stache<\/figcaption><\/figure>\n","protected":false},"excerpt":{"rendered":"<p>Schon vor einem halben Jahr trafen sich der Laager Grundschullehrer Bastian W\u00f6stenberg und der verantwortliche \u00dcbungsleiter der Laager Laufgruppe zu ersten Planungsgespr\u00e4chen, die das Ziel hatten, Laager Kindern die M\u00f6glichkeit zu geben ein Laufabzeichen abzulegen. Im Zuge mehrerer Schul-Projekttage organisierte die Laufgruppe des Sportclubs Laage , in enger partnerschaftlicher Zusammenarbeit mit Herrn W\u00f6stenberg, nun vor [&hellip;]<\/p>\n","protected":false},"author":7,"featured_media":32294,"comment_status":"open","ping_status":"open","sticky":false,"template":"","format":"standard","meta":{"_seopress_robots_primary_cat":"none","_seopress_titles_title":"","_seopress_titles_desc":"","_seopress_robots_index":"","_relevanssi_hide_post":"","_relevanssi_hide_content":"","_relevanssi_pin_for_all":"","_relevanssi_pin_keywords":"","_relevanssi_unpin_keywords":"","_relevanssi_related_keywords":"","_relevanssi_related_include_ids":"","_relevanssi_related_exclude_ids":"","_relevanssi_related_no_append":"","_relevanssi_related_not_related":"","_relevanssi_related_posts":"","_relevanssi_noindex_reason":"","_uag_custom_page_level_css":"","footnotes":""},"categories":[24],"tags":[],"ort":[],"class_list":{"0":"post-32293","1":"post","2":"type-post","3":"status-publish","4":"format-standard","5":"has-post-thumbnail","7":"category-sport-allgemein"},"featured_image_urls":{"medium":"https:\/\/mv-sport.de\/c\/wp-content\/uploads\/2019\/07\/20190629_092139-2-600x600.jpg","medium_large":"https:\/\/mv-sport.de\/c\/wp-content\/uploads\/2019\/07\/20190629_092139-2.jpg","large":"https:\/\/mv-sport.de\/c\/wp-content\/uploads\/2019\/07\/20190629_092139-2-1400x788.jpg","full":"https:\/\/mv-sport.de\/c\/wp-content\/uploads\/2019\/07\/20190629_092139-2.jpg","alt":"","caption":"Das Foto zeigt Lennox, Emi, Johanna und Pia. Sie fanden das\u00a0 Laufabzeichen-Projekt toll. Foto: Andr\u00e9 Stache"},"spectra_custom_meta":{"uab_option":["yes"],"uab_meta_position":["default"],"_extra_rating_average":["0"],"_seopress_analysis_data":["a:11:{s:5:\"title\";s:74:\"SC Laage unterst\u00fctzt Grundschule mit Laufabzeichen -Projekt | MV-Sport.de\";s:9:\"meta_desc\";s:402:\"Schon vor einem halben Jahr trafen sich der Laager Grundschullehrer Bastian W\u00f6stenberg und der verantwortliche \u00dcbungsleiter der Laager Laufgruppe zu ersten Planungsgespr\u00e4chen, die das Ziel hatten, Laager Kindern die M\u00f6glichkeit zu geben ein Laufabzeichen abzulegen. Im Zuge mehrerer Schul-Projekttage organisierte die Laufgruppe des Sportclubs Laage , in enger partnerschaftlicher Zusammenarbeit\u2026\";s:8:\"og_title\";s:74:\"SC Laage unterst\u00fctzt Grundschule mit Laufabzeichen -Projekt | MV-Sport.de\";s:7:\"og_desc\";s:402:\"Schon vor einem halben Jahr trafen sich der Laager Grundschullehrer Bastian W\u00f6stenberg und der verantwortliche \u00dcbungsleiter der Laager Laufgruppe zu ersten Planungsgespr\u00e4chen, die das Ziel hatten, Laager Kindern die M\u00f6glichkeit zu geben ein Laufabzeichen abzulegen. Im Zuge mehrerer Schul-Projekttage organisierte die Laufgruppe des Sportclubs Laage , in enger partnerschaftlicher Zusammenarbeit\u2026\";s:6:\"og_img\";s:68:\"https:\/\/mv-sport.de\/wp-content\/uploads\/2019\/07\/20190629_092139-2.jpg\";s:8:\"tw_title\";s:74:\"SC Laage unterst\u00fctzt Grundschule mit Laufabzeichen -Projekt | MV-Sport.de\";s:7:\"tw_desc\";s:402:\"Schon vor einem halben Jahr trafen sich der Laager Grundschullehrer Bastian W\u00f6stenberg und der verantwortliche \u00dcbungsleiter der Laager Laufgruppe zu ersten Planungsgespr\u00e4chen, die das Ziel hatten, Laager Kindern die M\u00f6glichkeit zu geben ein Laufabzeichen abzulegen. Im Zuge mehrerer Schul-Projekttage organisierte die Laufgruppe des Sportclubs Laage , in enger partnerschaftlicher Zusammenarbeit\u2026\";s:3:\"img\";a:1:{s:6:\"images\";a:8:{i:0;s:77:\"https:\/\/mv-sport.de\/wp-content\/uploads\/2019\/07\/20190629_092139-2-1024x576.jpg\";i:1;s:59:\"https:\/\/mv-sport.de\/wp-content\/uploads\/2017\/06\/sc_laage.png\";i:2;s:89:\"https:\/\/mv-sport.de\/wp-content\/sabai\/File\/thumbnails\/01892b6cf829a2bb435fec3446b0dbcb.jpg\";i:3;s:77:\"https:\/\/mv-sport.de\/wp-content\/plugins\/sabai\/assets\/images\/no_image_small.png\";i:4;s:89:\"https:\/\/mv-sport.de\/wp-content\/sabai\/File\/thumbnails\/5fcf97cfc2a67d176539ac61ac8f86ee.jpg\";i:5;s:81:\"https:\/\/www.adcell.de\/promotion\/image\/encodingId\/0af2788404427b26e77fd03a3bd17c97\";i:6;s:61:\"https:\/\/mv-sport.de\/wp-content\/uploads\/2017\/05\/140x70px-3.gif\";i:7;s:43:\"\/\/ads.ad-mv.de\/c\/piwik.php?idsite=162&rec=1\";}}s:14:\"nofollow_links\";a:1:{i:0;a:1:{i:0;s:0:\"\";}}s:13:\"words_counter\";i:306;s:20:\"words_counter_unique\";i:216;}"],"_edit_lock":["1562005512:7"],"_edit_last":["7"],"_thumbnail_id":["32294"],"xyz_fbap_future_to_publish":["a:3:{s:18:\"post_fb_permission\";i:1;s:18:\"xyz_fbap_po_method\";s:1:\"2\";s:16:\"xyz_fbap_message\";s:17:\"{POST_EXCERPT}...\";}"],"xyz_fbap":["1"],"xyz_fbap_insert_og":["0"],"post_views_count":["573"],"seopress_sw_done":["1"],"_seopress_titles_title":[""],"_seopress_titles_desc":[""],"_seopress_robots_canonical":[""],"_seopress_robots_primary_cat":["none"],"_seopress_robots_breadcrumbs":[""],"_seopress_social_fb_title":[""],"_seopress_social_fb_desc":[""],"_seopress_social_fb_img":[""],"_seopress_social_twitter_title":[""],"_seopress_social_twitter_desc":[""],"_seopress_social_twitter_img":[""],"_seopress_redirections_type":["301"],"_seopress_redirections_value":[""],"_seopress_video":["a:1:{i:0;a:9:{s:3:\"url\";s:0:\"\";s:5:\"title\";s:0:\"\";s:4:\"desc\";s:0:\"\";s:9:\"thumbnail\";s:0:\"\";s:8:\"duration\";s:0:\"\";s:6:\"rating\";s:0:\"\";s:10:\"view_count\";s:0:\"\";s:3:\"tag\";s:0:\"\";s:3:\"cat\";s:0:\"\";}}"],"_post_review_box_title":["Rezension"],"_post_review_box_summary":[""],"_post_review_box_summary_title":["Zusammenfassung"],"_post_review_box_breakdowns_score":["0"],"_post_review_box_breakdowns_count":["1"],"_post_review_box_breakdowns":["a:1:{i:0;a:2:{s:5:\"title\";s:0:\"\";s:6:\"rating\";i:0;}}"],"_extra_sidebar_location":[""],"_extra_sidebar":[""],"wp_schema_pro_optimized_structured_data":["<!-- Schema optimized by Schema Pro --><script type=\"application\/ld+json\">{\"@context\":\"https:\/\/schema.org\",\"@type\":\"NewsArticle\",\"mainEntityOfPage\":{\"@type\":\"WebPage\",\"@id\":\"https:\/\/mv-sport.de\/sc-laage-unterstuetzt-grundschule-mit-laufabzeichen-projekt\/\"},\"headline\":\"SC Laage unterst\u00fctzt Grundschule mit Laufabzeichen -Projekt\",\"image\":{\"@type\":\"ImageObject\",\"url\":\"https:\/\/mv-sport.de\/wp-content\/uploads\/2019\/07\/20190629_092139-2.jpg\",\"width\":1600,\"height\":900},\"datePublished\":\"2019-07-01T20:26:16\",\"dateModified\":\"2019-07-01T20:26:16\",\"author\":{\"@type\":\"Person\",\"name\":\"Sportclub Laage e.V.\",\"url\":\"https:\/\/mv-sport.de\/author\/sportclub-laage-e-v\"},\"publisher\":{\"@type\":\"Organization\",\"name\":\"MV-Sport.de - Sportvereine &amp; Sportnachrichten Mecklenburg-Vorpommern\",\"logo\":{\"@type\":\"ImageObject\",\"url\":\"https:\/\/mv-sport.de\/wp-content\/uploads\/2017\/05\/logo-mv-sport-292x60.png\"}}}<\/script><!-- \/ Schema optimized by Schema Pro -->"],"__post_views_count":["11484"],"astra_style_timestamp_css":["1757513146"],"_uag_css_file_name":["uag-css-32293.css"],"_uag_page_assets":["a:9:{s:3:\"css\";s:7010:\".uagb-block-88f5875d.wp-block-uagb-image--layout-default figure img{box-shadow: 0px 0px 0 #00000070;}.uagb-block-88f5875d.wp-block-uagb-image .wp-block-uagb-image__figure figcaption{font-style: normal;align-self: center;}.uagb-block-88f5875d.wp-block-uagb-image--layout-overlay figure img{box-shadow: 0px 0px 0 #00000070;}.uagb-block-88f5875d.wp-block-uagb-image--layout-overlay .wp-block-uagb-image--layout-overlay__color-wrapper{opacity: 0.2;}.uagb-block-88f5875d.wp-block-uagb-image--layout-overlay .wp-block-uagb-image--layout-overlay__inner{left: 15px;right: 15px;top: 15px;bottom: 15px;}.uagb-block-88f5875d.wp-block-uagb-image--layout-overlay .wp-block-uagb-image--layout-overlay__inner .uagb-image-heading{font-style: normal;color: #fff;opacity: 1;}.uagb-block-88f5875d.wp-block-uagb-image--layout-overlay .wp-block-uagb-image--layout-overlay__inner .uagb-image-heading a{color: #fff;}.uagb-block-88f5875d.wp-block-uagb-image--layout-overlay .wp-block-uagb-image--layout-overlay__inner .uagb-image-caption{opacity: 0;}.uagb-block-88f5875d.wp-block-uagb-image--layout-overlay .wp-block-uagb-image__figure:hover .wp-block-uagb-image--layout-overlay__color-wrapper{opacity: 1;}.uagb-block-88f5875d.wp-block-uagb-image .wp-block-uagb-image--layout-overlay__inner .uagb-image-separator{width: 30%;border-top-width: 2px;border-top-color: #fff;opacity: 0;}.uagb-block-88f5875d.wp-block-uagb-image .wp-block-uagb-image__figure img{width: 297px;height: auto;}.uagb-block-88f5875d.wp-block-uagb-image .wp-block-uagb-image__figure:hover .wp-block-uagb-image--layout-overlay__inner .uagb-image-caption{opacity: 1;}.uagb-block-88f5875d.wp-block-uagb-image .wp-block-uagb-image__figure:hover .wp-block-uagb-image--layout-overlay__inner .uagb-image-separator{opacity: 1;}.uagb-block-88f5875d.wp-block-uagb-image--layout-default figure:hover img{box-shadow: 0px 0px 0 #00000070;}.uagb-block-88f5875d.wp-block-uagb-image--layout-overlay figure:hover img{box-shadow: 0px 0px 0 #00000070;}@media only screen and (max-width: 976px) {.uagb-block-88f5875d.wp-block-uagb-image .wp-block-uagb-image__figure img{width: 297px;height: auto;}}@media only screen and (max-width: 767px) {.uagb-block-88f5875d.wp-block-uagb-image .wp-block-uagb-image__figure img{width: 297px;height: auto;}}.uagb-block-b6c54374.wp-block-uagb-image{margin-top: 0px;margin-right: 0px;margin-bottom: 0px;margin-left: 0px;}.uagb-block-b6c54374.wp-block-uagb-image--layout-default figure img{box-shadow: 0px 0px 0 #00000070;}.uagb-block-b6c54374.wp-block-uagb-image .wp-block-uagb-image__figure figcaption{font-style: normal;align-self: center;}.uagb-block-b6c54374.wp-block-uagb-image--layout-overlay figure img{box-shadow: 0px 0px 0 #00000070;}.uagb-block-b6c54374.wp-block-uagb-image--layout-overlay .wp-block-uagb-image--layout-overlay__color-wrapper{opacity: 0.2;}.uagb-block-b6c54374.wp-block-uagb-image--layout-overlay .wp-block-uagb-image--layout-overlay__inner{left: 15px;right: 15px;top: 15px;bottom: 15px;}.uagb-block-b6c54374.wp-block-uagb-image--layout-overlay .wp-block-uagb-image--layout-overlay__inner .uagb-image-heading{font-style: normal;color: #fff;opacity: 1;}.uagb-block-b6c54374.wp-block-uagb-image--layout-overlay .wp-block-uagb-image--layout-overlay__inner .uagb-image-heading a{color: #fff;}.uagb-block-b6c54374.wp-block-uagb-image--layout-overlay .wp-block-uagb-image--layout-overlay__inner .uagb-image-caption{opacity: 0;}.uagb-block-b6c54374.wp-block-uagb-image--layout-overlay .wp-block-uagb-image__figure:hover .wp-block-uagb-image--layout-overlay__color-wrapper{opacity: 1;}.uagb-block-b6c54374.wp-block-uagb-image .wp-block-uagb-image--layout-overlay__inner .uagb-image-separator{width: 30%;border-top-width: 2px;border-top-color: #fff;opacity: 0;}.uagb-block-b6c54374.wp-block-uagb-image .wp-block-uagb-image__figure img{width: px;height: auto;}.uagb-block-b6c54374.wp-block-uagb-image .wp-block-uagb-image__figure:hover .wp-block-uagb-image--layout-overlay__inner .uagb-image-caption{opacity: 1;}.uagb-block-b6c54374.wp-block-uagb-image .wp-block-uagb-image__figure:hover .wp-block-uagb-image--layout-overlay__inner .uagb-image-separator{opacity: 1;}.uagb-block-b6c54374.wp-block-uagb-image--layout-default figure:hover img{box-shadow: 0px 0px 0 #00000070;}.uagb-block-b6c54374.wp-block-uagb-image--layout-overlay figure:hover img{box-shadow: 0px 0px 0 #00000070;}@media only screen and (max-width: 976px) {.uagb-block-b6c54374.wp-block-uagb-image .wp-block-uagb-image__figure img{width: px;height: auto;}}@media only screen and (max-width: 767px) {.uagb-block-b6c54374.wp-block-uagb-image .wp-block-uagb-image__figure img{width: px;height: auto;}}.uagb-block-2bdcf70c.wp-block-uagb-image{margin-top: 0px;margin-right: 0px;margin-bottom: 0px;margin-left: 0px;}.uagb-block-2bdcf70c.wp-block-uagb-image--layout-default figure img{box-shadow: 0px 0px 0 #00000070;}.uagb-block-2bdcf70c.wp-block-uagb-image .wp-block-uagb-image__figure figcaption{font-style: normal;align-self: center;}.uagb-block-2bdcf70c.wp-block-uagb-image--layout-overlay figure img{box-shadow: 0px 0px 0 #00000070;}.uagb-block-2bdcf70c.wp-block-uagb-image--layout-overlay .wp-block-uagb-image--layout-overlay__color-wrapper{opacity: 0.2;}.uagb-block-2bdcf70c.wp-block-uagb-image--layout-overlay .wp-block-uagb-image--layout-overlay__inner{left: 15px;right: 15px;top: 15px;bottom: 15px;}.uagb-block-2bdcf70c.wp-block-uagb-image--layout-overlay .wp-block-uagb-image--layout-overlay__inner .uagb-image-heading{font-style: normal;color: #fff;opacity: 1;}.uagb-block-2bdcf70c.wp-block-uagb-image--layout-overlay .wp-block-uagb-image--layout-overlay__inner .uagb-image-heading a{color: #fff;}.uagb-block-2bdcf70c.wp-block-uagb-image--layout-overlay .wp-block-uagb-image--layout-overlay__inner .uagb-image-caption{opacity: 0;}.uagb-block-2bdcf70c.wp-block-uagb-image--layout-overlay .wp-block-uagb-image__figure:hover .wp-block-uagb-image--layout-overlay__color-wrapper{opacity: 1;}.uagb-block-2bdcf70c.wp-block-uagb-image .wp-block-uagb-image--layout-overlay__inner .uagb-image-separator{width: 30%;border-top-width: 2px;border-top-color: #fff;opacity: 0;}.uagb-block-2bdcf70c.wp-block-uagb-image .wp-block-uagb-image__figure img{width: px;height: auto;}.uagb-block-2bdcf70c.wp-block-uagb-image .wp-block-uagb-image__figure:hover .wp-block-uagb-image--layout-overlay__inner .uagb-image-caption{opacity: 1;}.uagb-block-2bdcf70c.wp-block-uagb-image .wp-block-uagb-image__figure:hover .wp-block-uagb-image--layout-overlay__inner .uagb-image-separator{opacity: 1;}.uagb-block-2bdcf70c.wp-block-uagb-image--layout-default figure:hover img{box-shadow: 0px 0px 0 #00000070;}.uagb-block-2bdcf70c.wp-block-uagb-image--layout-overlay figure:hover img{box-shadow: 0px 0px 0 #00000070;}@media only screen and (max-width: 976px) {.uagb-block-2bdcf70c.wp-block-uagb-image .wp-block-uagb-image__figure img{width: px;height: auto;}}@media only screen and (max-width: 767px) {.uagb-block-2bdcf70c.wp-block-uagb-image .wp-block-uagb-image__figure img{width: px;height: auto;}}\";s:2:\"js\";s:0:\"\";s:18:\"current_block_list\";a:28:{i:0;s:10:\"core\/group\";i:2;s:24:\"core\/post-featured-image\";i:3;s:15:\"core\/post-title\";i:5;s:14:\"core\/post-date\";i:6;s:16:\"core\/post-author\";i:7;s:15:\"core\/post-terms\";i:8;s:17:\"core\/post-content\";i:9;s:14:\"core\/separator\";i:10;s:13:\"core\/comments\";i:11;s:19:\"core\/comments-title\";i:12;s:21:\"core\/comment-template\";i:15;s:11:\"core\/avatar\";i:16;s:24:\"core\/comment-author-name\";i:17;s:17:\"core\/comment-date\";i:18;s:20:\"core\/comment-content\";i:19;s:23:\"core\/comment-reply-link\";i:20;s:24:\"core\/comments-pagination\";i:21;s:33:\"core\/comments-pagination-previous\";i:22;s:32:\"core\/comments-pagination-numbers\";i:23;s:29:\"core\/comments-pagination-next\";i:24;s:23:\"core\/post-comments-form\";i:25;s:14:\"core\/tag-cloud\";i:26;s:12:\"core\/heading\";i:27;s:14:\"core\/paragraph\";i:28;s:12:\"core\/buttons\";i:29;s:11:\"core\/button\";i:30;s:10:\"uagb\/image\";i:31;s:10:\"core\/image\";}s:8:\"uag_flag\";b:1;s:11:\"uag_version\";s:10:\"1777231297\";s:6:\"gfonts\";a:0:{}s:10:\"gfonts_url\";s:0:\"\";s:12:\"gfonts_files\";a:0:{}s:14:\"uag_faq_layout\";b:0;}"]},"uagb_featured_image_src":{"full":["https:\/\/mv-sport.de\/c\/wp-content\/uploads\/2019\/07\/20190629_092139-2.jpg",1600,900,false],"thumbnail":["https:\/\/mv-sport.de\/c\/wp-content\/uploads\/2019\/07\/20190629_092139-2-150x150.jpg",150,150,true],"medium":["https:\/\/mv-sport.de\/c\/wp-content\/uploads\/2019\/07\/20190629_092139-2-600x600.jpg",350,350,true],"medium_large":["https:\/\/mv-sport.de\/c\/wp-content\/uploads\/2019\/07\/20190629_092139-2.jpg",768,432,false],"large":["https:\/\/mv-sport.de\/c\/wp-content\/uploads\/2019\/07\/20190629_092139-2-1400x788.jpg",1024,576,true],"1536x1536":["https:\/\/mv-sport.de\/c\/wp-content\/uploads\/2019\/07\/20190629_092139-2.jpg",1536,864,false],"2048x2048":["https:\/\/mv-sport.de\/c\/wp-content\/uploads\/2019\/07\/20190629_092139-2.jpg",1600,900,false],"ultp_layout_landscape_large":["https:\/\/mv-sport.de\/c\/wp-content\/uploads\/2019\/07\/20190629_092139-2.jpg",1200,675,false],"ultp_layout_landscape":["https:\/\/mv-sport.de\/c\/wp-content\/uploads\/2019\/07\/20190629_092139-2.jpg",870,489,false],"ultp_layout_portrait":["https:\/\/mv-sport.de\/c\/wp-content\/uploads\/2019\/07\/20190629_092139-2.jpg",600,338,false],"ultp_layout_square":["https:\/\/mv-sport.de\/c\/wp-content\/uploads\/2019\/07\/20190629_092139-2.jpg",600,338,false]},"uagb_author_info":{"display_name":"Sportclub Laage e.V.","author_link":"https:\/\/mv-sport.de\/c\/author\/sportclub-laage-e-v\/"},"uagb_comment_info":0,"uagb_excerpt":"Schon vor einem halben Jahr trafen sich der Laager Grundschullehrer Bastian W\u00f6stenberg und der verantwortliche \u00dcbungsleiter der Laager Laufgruppe zu ersten Planungsgespr\u00e4chen, die das Ziel hatten, Laager Kindern die M\u00f6glichkeit zu geben ein Laufabzeichen abzulegen. Im Zuge mehrerer Schul-Projekttage organisierte die Laufgruppe des Sportclubs Laage , in enger partnerschaftlicher Zusammenarbeit mit Herrn W\u00f6stenberg, nun vor&hellip;","_links":{"self":[{"href":"https:\/\/mv-sport.de\/c\/wp-json\/wp\/v2\/posts\/32293","targetHints":{"allow":["GET"]}}],"collection":[{"href":"https:\/\/mv-sport.de\/c\/wp-json\/wp\/v2\/posts"}],"about":[{"href":"https:\/\/mv-sport.de\/c\/wp-json\/wp\/v2\/types\/post"}],"author":[{"embeddable":true,"href":"https:\/\/mv-sport.de\/c\/wp-json\/wp\/v2\/users\/7"}],"replies":[{"embeddable":true,"href":"https:\/\/mv-sport.de\/c\/wp-json\/wp\/v2\/comments?post=32293"}],"version-history":[{"count":0,"href":"https:\/\/mv-sport.de\/c\/wp-json\/wp\/v2\/posts\/32293\/revisions"}],"wp:featuredmedia":[{"embeddable":true,"href":"https:\/\/mv-sport.de\/c\/wp-json\/wp\/v2\/media\/32294"}],"wp:attachment":[{"href":"https:\/\/mv-sport.de\/c\/wp-json\/wp\/v2\/media?parent=32293"}],"wp:term":[{"taxonomy":"category","embeddable":true,"href":"https:\/\/mv-sport.de\/c\/wp-json\/wp\/v2\/categories?post=32293"},{"taxonomy":"post_tag","embeddable":true,"href":"https:\/\/mv-sport.de\/c\/wp-json\/wp\/v2\/tags?post=32293"},{"taxonomy":"ort","embeddable":true,"href":"https:\/\/mv-sport.de\/c\/wp-json\/wp\/v2\/ort?post=32293"}],"curies":[{"name":"wp","href":"https:\/\/api.w.org\/{rel}","templated":true}]}}