{"id":32855,"date":"2019-07-16T20:48:07","date_gmt":"2019-07-16T18:48:07","guid":{"rendered":"https:\/\/mv-sport.de\/?p=32855"},"modified":"2022-09-27T12:49:29","modified_gmt":"2022-09-27T10:49:29","slug":"es-ist-wichtig-eine-gewisse-balance-zu-finden","status":"publish","type":"post","link":"https:\/\/mv-sport.de\/c\/es-ist-wichtig-eine-gewisse-balance-zu-finden\/","title":{"rendered":"&#8222;Es ist wichtig, eine gewisse Balance zu finden&#8230;&#8220;"},"content":{"rendered":"<h3>Silber bei der U 23-EM in Schweden &#8211; Im Gespr\u00e4ch mit Siebenk\u00e4mpferin Sophie Wei\u00dfenberg<\/h3>\n<p>Zwei junge Leichtathletinnen aus Mecklenburg-Vorpommern sorgten im Juli f\u00fcr internationalen Silber-Glanz. Beide kommen sie vom SC Neubrandenburg. Die eine, Diskuswerferin <a href=\"https:\/\/mv-sport.de\/auf-dem-weg-nach-neapel\/\">Claudine Vita<\/a>, geboren 1996 in Frankfurt Oder, \u00fcberzeugte bei der Universiade in Neapel. Die andere ist Sophie Wei\u00dfenberg. Im schwedischen G\u00e4vle avanzierte die 21-J\u00e4hrige Siebenk\u00e4mpferin im zweitbesten Wettkampf ihrer Karriere zur U 23 Vize-Europameisterin.<\/p>\n<figure id=\"attachment_9165\" aria-describedby=\"caption-attachment-9165\" style=\"width: 1000px\" class=\"wp-caption alignnone\"><a href=\"https:\/\/mv-sport.de\/wp-content\/uploads\/2018\/02\/weitsprung-beispiel-symbolfoto.jpg\"><img loading=\"lazy\" decoding=\"async\" class=\"wp-image-9165 size-full\" src=\"https:\/\/mv-sport.de\/wp-content\/uploads\/2018\/02\/weitsprung-beispiel-symbolfoto.jpg\" alt=\"Weitspringerin beim Absprung. Leichtathletik in Mecklenburg-Vorpommern\" width=\"1000\" height=\"667\" \/><\/a><figcaption id=\"caption-attachment-9165\" class=\"wp-caption-text\">Weitsprung &#8211; Symbolfoto<\/figcaption><\/figure>\n<h2>Interview<\/h2>\n<p><strong>Sophie Wei\u00dfenberg \u00fcber die U 23-EM, ihre pers\u00f6nliche Entwicklung, den Mehrkampf allgemein und weitere sportliche Herausforderungen<\/strong><\/p>\n<p><strong>Frage:<\/strong> Gl\u00fcckwunsch zu Siebenkampf-Silber. Vor dem abschlie\u00dfenden 800 Meter-Lauf schimmerte die Medaille sogar &#8222;goldig&#8220;&#8230; Wie verlief der Siebenkampf aus deiner Sicht?<\/p>\n<p><strong>Sophie Wei\u00dfenberg:<\/strong> Der Wettkampf war einerseits super-cool und hat echt viel Spa\u00df gemacht. Dieser war aber andererseits auch extrem kr\u00e4ftezehrend und anstrengend. Ein Siebenkampf bei einer Meisterschaft \u00a0ist im Vergleich zu einem Siebenkampf bei einem Meeting doch um einiges anders. Der Tag ist wirklich &#8222;lang gezogen&#8220;. Hat man ein paar Stunden Mittagspause, \u00a0ist das schon ungewohnt, weil man ansonsten praktisch von Disziplin zu Disziplin geht.<\/p>\n<p>Wie der Siebenkampf verlief?! &#8230; Es gab H\u00f6hen und Tiefen, aber so ist nun einmal der Mehrkampf. Alles in allem z\u00e4hlt die Platzierung und damit bin ich zufrieden.<\/p>\n<p><strong>Frage: <\/strong>Die 800 Meter, das Kugelsto\u00dfen und das Speerwerfen gelten ja eher als deine &#8222;Baustellen&#8220;. Im Weitsprung wurdest du 2016 U 20-Vize-Weltmeisterin. Was machst du, um die besagten &#8222;Baustellen&#8220; zu beseitigen?<\/p>\n<p><strong>Sophie Wei\u00dfenberg:<\/strong> Ich versuche einfach, keine Disziplin zu vernachl\u00e4ssigen. In meinen schlechteren Disziplinen muss ich mehr Zeit investieren, dort sind die Einheiten dann etwas l\u00e4nger. Trotzdem habe ich aber auch noch genug an meinen St\u00e4rken zu arbeiten. Klar setzt man jedes Jahr neue Schwerpunkte, alles gleichzeitig kann man nicht in Angriff nehmen. Es ist aber wichtig, eine gewisse Balance zu finden.<\/p>\n<p><strong>Frage:<\/strong> Stimmte der Teamspirit in G\u00e4vle? Wie war das ganze EM-Drumherum?<\/p>\n<p><strong>Sophie Wei\u00dfenberg:<\/strong> Die U 23-EM war schon ein sch\u00f6nes Erlebnis! Der Teamspirit war &#8211; soweit es m\u00f6glich war \u00a0&#8211; da. Nat\u00fcrlich konzentriert sich jede\/jeder auf ihren\/seinen Wettkampf, will gute Leistungen zeigen und ist dementsprechend fokussiert. Am Ende wurde sich jedoch innerhalb des Teams \u00fcber jede Leistung gefreut. Wer Zeit hatte, war auch im Stadion zum Anfeuern.<\/p>\n<p>[box type=&#8220;bio&#8220;]<\/p>\n<h3><strong>U 23-EM in G\u00e4vle<\/strong><\/h3>\n<p>Die zw\u00f6lften U 23-EM seit 1997 fanden vom 11. bis 14. Juli 2019 in der schwedischen Stadt G\u00e4vle statt. An diesen EM nahmen mehr als 1100 Athletinnen und Athleten aus 50 L\u00e4ndern teil. Medaillen wurden dabei in 44 Disziplinen vergeben.<\/p>\n<p>Deutschland \u00a0stellte mit 21 gewonnenen Medaillen, darunter neunmal Gold, das \u00a0beste Team &#8211; vor Frankreich (17 Medaillen, f\u00fcnfmal Gold), Gro\u00dfbritannien (14 Medaillen, dreimal Gold) und Polen (12 Medaillen, sechsmal Gold).<\/p>\n<p>Am erfolgreichsten waren mit je zweimal Gold die Britin Jemma Reekie (800 Meter \/ 1500 Meter) und der Franzose Jimmy Gressier (5000 Meter \/ 10000 Meter).<\/p>\n<p>Aus MV-Sicht gewann neben Sophie Wei\u00dfenberg auch der geb\u00fcrtige Rostocker Clemens Pr\u00fcfer (jetzt SC Potsdam; ehemalige Vereine: LAC M\u00fchl Rosin G\u00fcstrow und SC Neubrandenburg) eine Medaille &#8211; Silber im Diskuswerfen.[\/box]<\/p>\n<p><strong>Frage:<\/strong> Du machtest 2017 dein Abi, bist dann auf Australien-Tour gegangen. Was brachte dir diese Reise pers\u00f6nlich und auch sportlich?<\/p>\n<p><strong>Sophie Wei\u00dfenberg:<\/strong> Ich wollte einfach den Kopf frei bekommen. Ich denke schon, dass es wichtig ist, sich ebenfalls f\u00fcr ein Leben au\u00dferhalb des Sports zu interessieren &#8211; zumindest bei mir. Da war es gut, Abstand zu gewinnen und den Sport komplett in den Hintergrund zu stellen, um so wieder richtig Lust und Motivation aufbringen zu k\u00f6nnen. In der Zeit habe ich gemerkt, was ich an meinem Sport habe und dass ich ohne ihn nicht kann.<\/p>\n<p><strong>Frage:<\/strong> Wie geht es jetzt f\u00fcr dich weiter? Die Elite-WM in Doha 2019 d\u00fcrften bei deiner k\u00fcrzlich aufgestellten Bestleistung von 6293 Punkten ja weiterhin ein Thema sein&#8230;<\/p>\n<p><strong>Sophie Wei\u00dfenberg:<\/strong> Zun\u00e4chst habe ich &#8211; zumindest ein wenig &#8211; eine sportfreie Zeit vor mir. Ich werde meinem K\u00f6rper Ruhe g\u00f6nnen und dann noch einmal in Richtung WM in den Aufbau gehen. Die Nominierung ist noch nicht durch &#8211;\u00a0 und ich wei\u00df noch nicht, ob es am Ende wirklich klappt, aber ich bereite mich darauf vor!<\/p>\n<p><strong>Frage: <\/strong>Hast du eigentlich schon Pl\u00e4ne f\u00fcr ein Studium?<\/p>\n<p><strong>Sophie Wei\u00dfenberg:<\/strong> Ja. Ich werde im Oktober definitiv ein Studium aufnehmen, um einen Ausgleich zum Sport zu haben.<\/p>\n<p><strong>Frage:<\/strong> Deine Vereinskollegin Claudine Vita holte bei der Universiade in Neapel Silber. Hast du Ihren Wettkampf verfolgen k\u00f6nnen? Was zeichnet Claudine aus deiner Sicht aus?<\/p>\n<p><strong>Sophie Wei\u00dfenberg:<\/strong> Nat\u00fcrlich habe ich den Wettkampf von Claudine mit verfolgt, so gut es m\u00f6glich war. Sie ist nicht nur eine Vereinskollegin, sondern auch eine sehr gute Freundin von mir.\u00a0Ich denke, Claudine ist einfach sehr engagiert und motiviert. Sie wei\u00df, was sie erreichen will und gibt alles daf\u00fcr, ihre Ziele zu erreichen, ohne dabei zu verbissen zu sein.<\/p>\n<p><strong>Letzte Frage:<\/strong> Sprinterin Cheyenne Kuhn, ebenfalls vom SC Neubrandenburg, wird beim Europ\u00e4ischen Olympischen Jugendfestival (EYOF) in Baku Ende Juli starten. Welche Bedeutung hat aus deiner Sicht dieses Jugendfestival?<\/p>\n<p><strong>Sophie Wei\u00dfenberg:<\/strong> Mit dem EYOF habe ich mich noch nicht wirklich im Detail besch\u00e4ftigt. Aber ich finde, dass solche internationalen Wettk\u00e4mpfe f\u00fcr junge Sportler sehr wichtig sind. Man kann so Erfahrungen sammeln, lernt die Abl\u00e4ufe von internationalen Meisterschaften kennen und bekommt ein wenig Routine, so dass man bei internationalen Meisterschaften in den folgenden Jahren nicht mehr ganz so aufgeregt wie beim ersten Mal ist.<\/p>\n<p><strong>Vielen Dank und weiterhin maximale Erfolge!<\/strong><\/p>\n<p>[box type=&#8220;bio&#8220;]<\/p>\n<h3><strong>Das Europ\u00e4ische Olympische Jugendfestival in Baku<\/strong> <strong><em><br \/>\n<\/em><\/strong><\/h3>\n<p>EOYFs\u00a0 finden seit 1991 statt. In diesem Jahr wird es vom 21. bis 27. Juli zum f\u00fcnfzehnten Mal organisiert. Teilnahmeberechtigt sind Athletinnen und Athleten im Alter zwischen 14 und 18 Jahren. Diese wetteifern in zehn Sportarten um die Medaillen.<br \/>\nDas deutsche Team umfasst 120 Sportlerinnen und Sportler. F\u00fcr MV sind Sprinterin Cheyenne Kuhn (SC Neubrandenburg), Dreispringerin Hannah Bittorf (1. LAV Rostock) und Ringerin Rebekka March (SV Warnem\u00fcnde, Gewichtsklasse bis 49 Kilogramm) dabei.[\/box]<\/p>\n<p><span style=\"color: #808080;\"><em>mm<\/em><\/span><\/p>\n","protected":false},"excerpt":{"rendered":"<p>Silber bei der U 23-EM in Schweden &#8211; Im Gespr\u00e4ch mit Siebenk\u00e4mpferin Sophie Wei\u00dfenberg Zwei junge Leichtathletinnen aus Mecklenburg-Vorpommern sorgten im Juli f\u00fcr internationalen Silber-Glanz. Beide kommen sie vom SC Neubrandenburg. Die eine, Diskuswerferin Claudine Vita, geboren 1996 in Frankfurt Oder, \u00fcberzeugte bei der Universiade in Neapel. Die andere ist Sophie Wei\u00dfenberg. Im schwedischen G\u00e4vle [&hellip;]<\/p>\n","protected":false},"author":3,"featured_media":9165,"comment_status":"open","ping_status":"open","sticky":false,"template":"","format":"standard","meta":{"_seopress_robots_primary_cat":"none","_seopress_titles_title":"Im Gespr\u00e4ch mit Siebenk\u00e4mpferin Sophie Wei\u00dfenberg | MV-Sport.de","_seopress_titles_desc":"Sophie Wei\u00dfenberg vom SC Neubrandenburg macht im schwedischen G\u00e4vle den zweitbesten Wettkampf ihrer Karriere und avanciert zur U 23 Fize-Europameisterin. Interview","_seopress_robots_index":"","_relevanssi_hide_post":"","_relevanssi_hide_content":"","_relevanssi_pin_for_all":"","_relevanssi_pin_keywords":"","_relevanssi_unpin_keywords":"","_relevanssi_related_keywords":"","_relevanssi_related_include_ids":"","_relevanssi_related_exclude_ids":"","_relevanssi_related_no_append":"","_relevanssi_related_not_related":"","_relevanssi_related_posts":"","_relevanssi_noindex_reason":"","_uag_custom_page_level_css":"","footnotes":""},"categories":[18],"tags":[],"ort":[],"class_list":{"0":"post-32855","1":"post","2":"type-post","3":"status-publish","4":"format-standard","5":"has-post-thumbnail","7":"category-leichtathletik"},"featured_image_urls":{"medium":"https:\/\/mv-sport.de\/c\/wp-content\/uploads\/2018\/02\/weitsprung-beispiel-symbolfoto-600x600.jpg","medium_large":"https:\/\/mv-sport.de\/c\/wp-content\/uploads\/2018\/02\/weitsprung-beispiel-symbolfoto.jpg","large":"https:\/\/mv-sport.de\/c\/wp-content\/uploads\/2018\/02\/weitsprung-beispiel-symbolfoto.jpg","full":"https:\/\/mv-sport.de\/c\/wp-content\/uploads\/2018\/02\/weitsprung-beispiel-symbolfoto.jpg","alt":"","caption":"Weitsprung - Symbolfoto"},"spectra_custom_meta":{"uab_option":["yes"],"uab_meta_position":["default"],"_extra_rating_average":["0"],"_seopress_analysis_data":["a:12:{s:5:\"title\";s:66:\"Im Gespr\u00e4ch mit Siebenk\u00e4mpferin Sophie Wei\u00dfenberg | MV-Sport.de\";s:9:\"meta_desc\";s:165:\"Sophie Wei\u00dfenberg vom SC Neubrandenburg macht im schwedischen G\u00e4vle den zweitbesten Wettkampf ihrer Karriere und avanciert zur U 23 Fize-Europameisterin. Interview\";s:8:\"og_title\";s:66:\"Im Gespr\u00e4ch mit Siebenk\u00e4mpferin Sophie Wei\u00dfenberg | MV-Sport.de\";s:7:\"og_desc\";s:165:\"Sophie Wei\u00dfenberg vom SC Neubrandenburg macht im schwedischen G\u00e4vle den zweitbesten Wettkampf ihrer Karriere und avanciert zur U 23 Fize-Europameisterin. Interview\";s:6:\"og_img\";s:81:\"https:\/\/mv-sport.de\/wp-content\/uploads\/2018\/02\/weitsprung-beispiel-symbolfoto.jpg\";s:8:\"tw_title\";s:66:\"Im Gespr\u00e4ch mit Siebenk\u00e4mpferin Sophie Wei\u00dfenberg | MV-Sport.de\";s:7:\"tw_desc\";s:165:\"Sophie Wei\u00dfenberg vom SC Neubrandenburg macht im schwedischen G\u00e4vle den zweitbesten Wettkampf ihrer Karriere und avanciert zur U 23 Fize-Europameisterin. Interview\";s:9:\"canonical\";s:66:\"https:\/\/mv-sport.de\/es-ist-wichtig-eine-gewisse-balance-zu-finden\/\";s:3:\"img\";a:1:{s:6:\"images\";a:7:{i:0;s:58:\"https:\/\/mv-sport.de\/wp-content\/uploads\/2017\/06\/michels.png\";i:1;s:89:\"https:\/\/mv-sport.de\/wp-content\/sabai\/File\/thumbnails\/7e841a4bf2631661828e72554bdcaa47.jpg\";i:2;s:89:\"https:\/\/mv-sport.de\/wp-content\/sabai\/File\/thumbnails\/daba6d7e3046d161a8983d71bc83ee33.png\";i:3;s:89:\"https:\/\/mv-sport.de\/wp-content\/sabai\/File\/thumbnails\/3c8cf444a9c9c3da74e3a3b3a445bf87.jpg\";i:4;s:44:\"https:\/\/www.paypal.com\/de_DE\/i\/scr\/pixel.gif\";i:5;s:61:\"https:\/\/mv-sport.de\/wp-content\/uploads\/2017\/05\/140x70px-3.gif\";i:6;s:43:\"\/\/ads.ad-mv.de\/c\/piwik.php?idsite=162&rec=1\";}}s:14:\"outbound_links\";a:6:{i:0;a:1:{s:34:\"https:\/\/www.facebook.com\/MVSportde\";s:0:\"\";}i:1;a:1:{s:37:\"https:\/\/www.instagram.com\/mv_sport.de\";s:0:\"\";}i:2;a:1:{s:20:\"http:\/\/www.web-mv.de\";s:9:\"web-mv.de\";}i:3;a:1:{s:33:\"http:\/\/www.webdesign-schwerin.net\";s:0:\"\";}i:4;a:1:{s:34:\"https:\/\/www.facebook.com\/MVSportde\";s:13:\"\n    Like us!\";}i:5;a:1:{s:37:\"https:\/\/www.instagram.com\/mv_sport.de\";s:15:\"\n    Follow us!\";}}s:13:\"words_counter\";i:915;s:20:\"words_counter_unique\";i:482;}"],"_edit_lock":["1664275783:2"],"_edit_last":["2"],"_thumbnail_id":["9165"],"xyz_fbap_future_to_publish":["a:3:{s:18:\"post_fb_permission\";i:0;s:18:\"xyz_fbap_po_method\";s:1:\"2\";s:16:\"xyz_fbap_message\";s:32:\"{POST_TITLE}\r\n{POST_EXCERPT} ...\";}"],"xyz_fbap":["1"],"xyz_fbap_insert_og":["0"],"post_views_count":["703"],"seopress_sw_done":["1"],"_seopress_rich_snippets_events_offers_valid_from_date":[""],"_seopress_rich_snippets_events_offers_valid_from_time":[""],"_seopress_titles_title":["Im Gespr\u00e4ch mit Siebenk\u00e4mpferin Sophie Wei\u00dfenberg | MV-Sport.de"],"_seopress_titles_desc":["Sophie Wei\u00dfenberg vom SC Neubrandenburg macht im schwedischen G\u00e4vle den zweitbesten Wettkampf ihrer Karriere und avanciert zur U 23 Fize-Europameisterin. Interview"],"_seopress_robots_canonical":[""],"_seopress_robots_primary_cat":["none"],"_seopress_robots_breadcrumbs":[""],"_seopress_social_fb_title":[""],"_seopress_social_fb_desc":[""],"_seopress_social_fb_img":[""],"_seopress_social_twitter_title":[""],"_seopress_social_twitter_desc":[""],"_seopress_social_twitter_img":[""],"_seopress_redirections_type":["301"],"_seopress_redirections_value":[""],"_seopress_video":["a:1:{i:0;a:9:{s:3:\"url\";s:0:\"\";s:5:\"title\";s:0:\"\";s:4:\"desc\";s:0:\"\";s:9:\"thumbnail\";s:0:\"\";s:8:\"duration\";s:0:\"\";s:6:\"rating\";s:0:\"\";s:10:\"view_count\";s:0:\"\";s:3:\"tag\";s:0:\"\";s:3:\"cat\";s:0:\"\";}}"],"_post_review_box_title":["Rezension"],"_post_review_box_summary":[""],"_post_review_box_summary_title":["Zusammenfassung"],"_post_review_box_breakdowns_score":["0"],"_post_review_box_breakdowns_count":["1"],"_post_review_box_breakdowns":["a:1:{i:0;a:2:{s:5:\"title\";s:0:\"\";s:6:\"rating\";i:0;}}"],"_extra_sidebar_location":[""],"_extra_sidebar":[""],"_post_extra_featured_image_hide_single":["1"],"_seopress_analysis_target_kw":[""],"_seopress_pro_schemas_manual":["a:1:{i:0;a:1:{s:32:\"_seopress_pro_rich_snippets_type\";s:4:\"none\";}}"],"classic-editor-remember":["classic-editor"],"_seopress_social_fb_img_attachment_id":[""],"_seopress_social_fb_img_width":[""],"_seopress_social_fb_img_height":[""],"_seopress_social_twitter_img_attachment_id":[""],"_seopress_social_twitter_img_width":[""],"_seopress_social_twitter_img_height":[""],"_seopress_redirections_logged_status":["both"],"site-sidebar-layout":["default"],"site-content-layout":["default"],"theme-transparent-header-meta":["default"],"stick-header-meta":["default"],"_wpv_contains_gutenberg_views":[""],"wp_schema_pro_optimized_structured_data":["<!-- Schema optimized by Schema Pro --><script type=\"application\/ld+json\">{\"@context\":\"https:\/\/schema.org\",\"@type\":\"NewsArticle\",\"mainEntityOfPage\":{\"@type\":\"WebPage\",\"@id\":\"https:\/\/mv-sport.de\/es-ist-wichtig-eine-gewisse-balance-zu-finden\/\"},\"headline\":\"\\\"Es ist wichtig, eine gewisse Balance zu finden...\\\"\",\"image\":{\"@type\":\"ImageObject\",\"url\":\"https:\/\/mv-sport.de\/wp-content\/uploads\/2018\/02\/weitsprung-beispiel-symbolfoto.jpg\",\"width\":1000,\"height\":667},\"datePublished\":\"2019-07-16T20:48:07\",\"dateModified\":\"2022-09-27T12:49:29\",\"author\":{\"@type\":\"Person\",\"name\":\"Marko Michels\",\"url\":\"https:\/\/mv-sport.de\/author\/marko-michels\"},\"publisher\":{\"@type\":\"Organization\",\"name\":\"MV-Sport.de - Sportvereine &amp; Sportnachrichten Mecklenburg-Vorpommern\",\"logo\":{\"@type\":\"ImageObject\",\"url\":\"https:\/\/mv-sport.de\/wp-content\/uploads\/2017\/05\/logo-mv-sport-292x60.png\"}}}<\/script><!-- \/ Schema optimized by Schema Pro -->"],"__post_views_count":["1274"],"astra_style_timestamp_css":["1757557380"],"_uag_css_file_name":["uag-css-32855.css"],"_uag_page_assets":["a:9:{s:3:\"css\";s:7010:\".uagb-block-88f5875d.wp-block-uagb-image--layout-default figure img{box-shadow: 0px 0px 0 #00000070;}.uagb-block-88f5875d.wp-block-uagb-image .wp-block-uagb-image__figure figcaption{font-style: normal;align-self: center;}.uagb-block-88f5875d.wp-block-uagb-image--layout-overlay figure img{box-shadow: 0px 0px 0 #00000070;}.uagb-block-88f5875d.wp-block-uagb-image--layout-overlay .wp-block-uagb-image--layout-overlay__color-wrapper{opacity: 0.2;}.uagb-block-88f5875d.wp-block-uagb-image--layout-overlay .wp-block-uagb-image--layout-overlay__inner{left: 15px;right: 15px;top: 15px;bottom: 15px;}.uagb-block-88f5875d.wp-block-uagb-image--layout-overlay .wp-block-uagb-image--layout-overlay__inner .uagb-image-heading{font-style: normal;color: #fff;opacity: 1;}.uagb-block-88f5875d.wp-block-uagb-image--layout-overlay .wp-block-uagb-image--layout-overlay__inner .uagb-image-heading a{color: #fff;}.uagb-block-88f5875d.wp-block-uagb-image--layout-overlay .wp-block-uagb-image--layout-overlay__inner .uagb-image-caption{opacity: 0;}.uagb-block-88f5875d.wp-block-uagb-image--layout-overlay .wp-block-uagb-image__figure:hover .wp-block-uagb-image--layout-overlay__color-wrapper{opacity: 1;}.uagb-block-88f5875d.wp-block-uagb-image .wp-block-uagb-image--layout-overlay__inner .uagb-image-separator{width: 30%;border-top-width: 2px;border-top-color: #fff;opacity: 0;}.uagb-block-88f5875d.wp-block-uagb-image .wp-block-uagb-image__figure img{width: 297px;height: auto;}.uagb-block-88f5875d.wp-block-uagb-image .wp-block-uagb-image__figure:hover .wp-block-uagb-image--layout-overlay__inner .uagb-image-caption{opacity: 1;}.uagb-block-88f5875d.wp-block-uagb-image .wp-block-uagb-image__figure:hover .wp-block-uagb-image--layout-overlay__inner .uagb-image-separator{opacity: 1;}.uagb-block-88f5875d.wp-block-uagb-image--layout-default figure:hover img{box-shadow: 0px 0px 0 #00000070;}.uagb-block-88f5875d.wp-block-uagb-image--layout-overlay figure:hover img{box-shadow: 0px 0px 0 #00000070;}@media only screen and (max-width: 976px) {.uagb-block-88f5875d.wp-block-uagb-image .wp-block-uagb-image__figure img{width: 297px;height: auto;}}@media only screen and (max-width: 767px) {.uagb-block-88f5875d.wp-block-uagb-image .wp-block-uagb-image__figure img{width: 297px;height: auto;}}.uagb-block-b6c54374.wp-block-uagb-image{margin-top: 0px;margin-right: 0px;margin-bottom: 0px;margin-left: 0px;}.uagb-block-b6c54374.wp-block-uagb-image--layout-default figure img{box-shadow: 0px 0px 0 #00000070;}.uagb-block-b6c54374.wp-block-uagb-image .wp-block-uagb-image__figure figcaption{font-style: normal;align-self: center;}.uagb-block-b6c54374.wp-block-uagb-image--layout-overlay figure img{box-shadow: 0px 0px 0 #00000070;}.uagb-block-b6c54374.wp-block-uagb-image--layout-overlay .wp-block-uagb-image--layout-overlay__color-wrapper{opacity: 0.2;}.uagb-block-b6c54374.wp-block-uagb-image--layout-overlay .wp-block-uagb-image--layout-overlay__inner{left: 15px;right: 15px;top: 15px;bottom: 15px;}.uagb-block-b6c54374.wp-block-uagb-image--layout-overlay .wp-block-uagb-image--layout-overlay__inner .uagb-image-heading{font-style: normal;color: #fff;opacity: 1;}.uagb-block-b6c54374.wp-block-uagb-image--layout-overlay .wp-block-uagb-image--layout-overlay__inner .uagb-image-heading a{color: #fff;}.uagb-block-b6c54374.wp-block-uagb-image--layout-overlay .wp-block-uagb-image--layout-overlay__inner .uagb-image-caption{opacity: 0;}.uagb-block-b6c54374.wp-block-uagb-image--layout-overlay .wp-block-uagb-image__figure:hover .wp-block-uagb-image--layout-overlay__color-wrapper{opacity: 1;}.uagb-block-b6c54374.wp-block-uagb-image .wp-block-uagb-image--layout-overlay__inner .uagb-image-separator{width: 30%;border-top-width: 2px;border-top-color: #fff;opacity: 0;}.uagb-block-b6c54374.wp-block-uagb-image .wp-block-uagb-image__figure img{width: px;height: auto;}.uagb-block-b6c54374.wp-block-uagb-image .wp-block-uagb-image__figure:hover .wp-block-uagb-image--layout-overlay__inner .uagb-image-caption{opacity: 1;}.uagb-block-b6c54374.wp-block-uagb-image .wp-block-uagb-image__figure:hover .wp-block-uagb-image--layout-overlay__inner .uagb-image-separator{opacity: 1;}.uagb-block-b6c54374.wp-block-uagb-image--layout-default figure:hover img{box-shadow: 0px 0px 0 #00000070;}.uagb-block-b6c54374.wp-block-uagb-image--layout-overlay figure:hover img{box-shadow: 0px 0px 0 #00000070;}@media only screen and (max-width: 976px) {.uagb-block-b6c54374.wp-block-uagb-image .wp-block-uagb-image__figure img{width: px;height: auto;}}@media only screen and (max-width: 767px) {.uagb-block-b6c54374.wp-block-uagb-image .wp-block-uagb-image__figure img{width: px;height: auto;}}.uagb-block-2bdcf70c.wp-block-uagb-image{margin-top: 0px;margin-right: 0px;margin-bottom: 0px;margin-left: 0px;}.uagb-block-2bdcf70c.wp-block-uagb-image--layout-default figure img{box-shadow: 0px 0px 0 #00000070;}.uagb-block-2bdcf70c.wp-block-uagb-image .wp-block-uagb-image__figure figcaption{font-style: normal;align-self: center;}.uagb-block-2bdcf70c.wp-block-uagb-image--layout-overlay figure img{box-shadow: 0px 0px 0 #00000070;}.uagb-block-2bdcf70c.wp-block-uagb-image--layout-overlay .wp-block-uagb-image--layout-overlay__color-wrapper{opacity: 0.2;}.uagb-block-2bdcf70c.wp-block-uagb-image--layout-overlay .wp-block-uagb-image--layout-overlay__inner{left: 15px;right: 15px;top: 15px;bottom: 15px;}.uagb-block-2bdcf70c.wp-block-uagb-image--layout-overlay .wp-block-uagb-image--layout-overlay__inner .uagb-image-heading{font-style: normal;color: #fff;opacity: 1;}.uagb-block-2bdcf70c.wp-block-uagb-image--layout-overlay .wp-block-uagb-image--layout-overlay__inner .uagb-image-heading a{color: #fff;}.uagb-block-2bdcf70c.wp-block-uagb-image--layout-overlay .wp-block-uagb-image--layout-overlay__inner .uagb-image-caption{opacity: 0;}.uagb-block-2bdcf70c.wp-block-uagb-image--layout-overlay .wp-block-uagb-image__figure:hover .wp-block-uagb-image--layout-overlay__color-wrapper{opacity: 1;}.uagb-block-2bdcf70c.wp-block-uagb-image .wp-block-uagb-image--layout-overlay__inner .uagb-image-separator{width: 30%;border-top-width: 2px;border-top-color: #fff;opacity: 0;}.uagb-block-2bdcf70c.wp-block-uagb-image .wp-block-uagb-image__figure img{width: px;height: auto;}.uagb-block-2bdcf70c.wp-block-uagb-image .wp-block-uagb-image__figure:hover .wp-block-uagb-image--layout-overlay__inner .uagb-image-caption{opacity: 1;}.uagb-block-2bdcf70c.wp-block-uagb-image .wp-block-uagb-image__figure:hover .wp-block-uagb-image--layout-overlay__inner .uagb-image-separator{opacity: 1;}.uagb-block-2bdcf70c.wp-block-uagb-image--layout-default figure:hover img{box-shadow: 0px 0px 0 #00000070;}.uagb-block-2bdcf70c.wp-block-uagb-image--layout-overlay figure:hover img{box-shadow: 0px 0px 0 #00000070;}@media only screen and (max-width: 976px) {.uagb-block-2bdcf70c.wp-block-uagb-image .wp-block-uagb-image__figure img{width: px;height: auto;}}@media only screen and (max-width: 767px) {.uagb-block-2bdcf70c.wp-block-uagb-image .wp-block-uagb-image__figure img{width: px;height: auto;}}\";s:2:\"js\";s:0:\"\";s:18:\"current_block_list\";a:28:{i:0;s:10:\"core\/group\";i:2;s:24:\"core\/post-featured-image\";i:3;s:15:\"core\/post-title\";i:5;s:14:\"core\/post-date\";i:6;s:16:\"core\/post-author\";i:7;s:15:\"core\/post-terms\";i:8;s:17:\"core\/post-content\";i:9;s:14:\"core\/separator\";i:10;s:13:\"core\/comments\";i:11;s:19:\"core\/comments-title\";i:12;s:21:\"core\/comment-template\";i:15;s:11:\"core\/avatar\";i:16;s:24:\"core\/comment-author-name\";i:17;s:17:\"core\/comment-date\";i:18;s:20:\"core\/comment-content\";i:19;s:23:\"core\/comment-reply-link\";i:20;s:24:\"core\/comments-pagination\";i:21;s:33:\"core\/comments-pagination-previous\";i:22;s:32:\"core\/comments-pagination-numbers\";i:23;s:29:\"core\/comments-pagination-next\";i:24;s:23:\"core\/post-comments-form\";i:25;s:14:\"core\/tag-cloud\";i:26;s:12:\"core\/heading\";i:27;s:14:\"core\/paragraph\";i:28;s:12:\"core\/buttons\";i:29;s:11:\"core\/button\";i:30;s:10:\"uagb\/image\";i:31;s:10:\"core\/image\";}s:8:\"uag_flag\";b:1;s:11:\"uag_version\";s:10:\"1776936746\";s:6:\"gfonts\";a:0:{}s:10:\"gfonts_url\";s:0:\"\";s:12:\"gfonts_files\";a:0:{}s:14:\"uag_faq_layout\";b:0;}"]},"uagb_featured_image_src":{"full":["https:\/\/mv-sport.de\/c\/wp-content\/uploads\/2018\/02\/weitsprung-beispiel-symbolfoto.jpg",1000,667,false],"thumbnail":["https:\/\/mv-sport.de\/c\/wp-content\/uploads\/2018\/02\/weitsprung-beispiel-symbolfoto-150x150.jpg",150,150,true],"medium":["https:\/\/mv-sport.de\/c\/wp-content\/uploads\/2018\/02\/weitsprung-beispiel-symbolfoto-600x600.jpg",350,350,true],"medium_large":["https:\/\/mv-sport.de\/c\/wp-content\/uploads\/2018\/02\/weitsprung-beispiel-symbolfoto.jpg",768,512,false],"large":["https:\/\/mv-sport.de\/c\/wp-content\/uploads\/2018\/02\/weitsprung-beispiel-symbolfoto.jpg",1000,667,false],"1536x1536":["https:\/\/mv-sport.de\/c\/wp-content\/uploads\/2018\/02\/weitsprung-beispiel-symbolfoto.jpg",1000,667,false],"2048x2048":["https:\/\/mv-sport.de\/c\/wp-content\/uploads\/2018\/02\/weitsprung-beispiel-symbolfoto.jpg",1000,667,false],"ultp_layout_landscape_large":["https:\/\/mv-sport.de\/c\/wp-content\/uploads\/2018\/02\/weitsprung-beispiel-symbolfoto.jpg",1000,667,false],"ultp_layout_landscape":["https:\/\/mv-sport.de\/c\/wp-content\/uploads\/2018\/02\/weitsprung-beispiel-symbolfoto.jpg",855,570,false],"ultp_layout_portrait":["https:\/\/mv-sport.de\/c\/wp-content\/uploads\/2018\/02\/weitsprung-beispiel-symbolfoto.jpg",600,400,false],"ultp_layout_square":["https:\/\/mv-sport.de\/c\/wp-content\/uploads\/2018\/02\/weitsprung-beispiel-symbolfoto.jpg",600,400,false]},"uagb_author_info":{"display_name":"Marko Michels","author_link":"https:\/\/mv-sport.de\/c\/author\/marko-michels\/"},"uagb_comment_info":0,"uagb_excerpt":"Silber bei der U 23-EM in Schweden &#8211; Im Gespr\u00e4ch mit Siebenk\u00e4mpferin Sophie Wei\u00dfenberg Zwei junge Leichtathletinnen aus Mecklenburg-Vorpommern sorgten im Juli f\u00fcr internationalen Silber-Glanz. Beide kommen sie vom SC Neubrandenburg. Die eine, Diskuswerferin Claudine Vita, geboren 1996 in Frankfurt Oder, \u00fcberzeugte bei der Universiade in Neapel. Die andere ist Sophie Wei\u00dfenberg. Im schwedischen G\u00e4vle&hellip;","_links":{"self":[{"href":"https:\/\/mv-sport.de\/c\/wp-json\/wp\/v2\/posts\/32855","targetHints":{"allow":["GET"]}}],"collection":[{"href":"https:\/\/mv-sport.de\/c\/wp-json\/wp\/v2\/posts"}],"about":[{"href":"https:\/\/mv-sport.de\/c\/wp-json\/wp\/v2\/types\/post"}],"author":[{"embeddable":true,"href":"https:\/\/mv-sport.de\/c\/wp-json\/wp\/v2\/users\/3"}],"replies":[{"embeddable":true,"href":"https:\/\/mv-sport.de\/c\/wp-json\/wp\/v2\/comments?post=32855"}],"version-history":[{"count":0,"href":"https:\/\/mv-sport.de\/c\/wp-json\/wp\/v2\/posts\/32855\/revisions"}],"wp:featuredmedia":[{"embeddable":true,"href":"https:\/\/mv-sport.de\/c\/wp-json\/wp\/v2\/media\/9165"}],"wp:attachment":[{"href":"https:\/\/mv-sport.de\/c\/wp-json\/wp\/v2\/media?parent=32855"}],"wp:term":[{"taxonomy":"category","embeddable":true,"href":"https:\/\/mv-sport.de\/c\/wp-json\/wp\/v2\/categories?post=32855"},{"taxonomy":"post_tag","embeddable":true,"href":"https:\/\/mv-sport.de\/c\/wp-json\/wp\/v2\/tags?post=32855"},{"taxonomy":"ort","embeddable":true,"href":"https:\/\/mv-sport.de\/c\/wp-json\/wp\/v2\/ort?post=32855"}],"curies":[{"name":"wp","href":"https:\/\/api.w.org\/{rel}","templated":true}]}}