{"id":35301,"date":"2019-08-28T11:57:11","date_gmt":"2019-08-28T09:57:11","guid":{"rendered":"https:\/\/mv-sport.de\/?p=35301"},"modified":"2019-08-28T11:57:11","modified_gmt":"2019-08-28T09:57:11","slug":"kraeftemessen-in-ludwigslust","status":"publish","type":"post","link":"https:\/\/mv-sport.de\/c\/kraeftemessen-in-ludwigslust\/","title":{"rendered":"Kr\u00e4ftemessen in Ludwigslust"},"content":{"rendered":"<h3>Gemeinsame Landesfeuerwehrwettbewerbe der Aktiven und Jugendfeuerwehren in MV<\/h3>\n<figure id=\"attachment_35306\" aria-describedby=\"caption-attachment-35306\" style=\"width: 263px\" class=\"wp-caption alignleft\"><a href=\"https:\/\/mv-sport.de\/wp-content\/uploads\/2019\/08\/landesfeuerwehrwettbewerbe-2019_b3_c_lfv-mv.jpg\"><img loading=\"lazy\" decoding=\"async\" class=\"size-medium wp-image-35306\" src=\"https:\/\/mv-sport.de\/wp-content\/uploads\/2019\/08\/landesfeuerwehrwettbewerbe-2019_b3_c_lfv-mv-263x350.jpg\" alt=\"\" width=\"263\" height=\"350\" \/><\/a><figcaption id=\"caption-attachment-35306\" class=\"wp-caption-text\">H\u00f6chstleistungen der Feuerwehrleute in Ludwigslust. Foto: Landesfeuerwehrverband MV<\/figcaption><\/figure>\n<p><strong>Schwerin \/ Ludwigslust<\/strong> \u2013 Am 23. und 24. August 2019 veranstalteten der Landesfeuerwehrverband Mecklenburg-Vorpommern und seine Jugendabteilung, die Landesjugendfeuerwehr M-V, die gemeinsamen Landesfeuerwehrwettbewerbe in Techentin und Ludwigslust (Landkreis Ludwigslust-Parchim).<\/p>\n<p>Rund 1200 Teilnehmer und Unterst\u00fctzer sind zusammen mit Vertretern aus der Regional-, Landes- und Bundespolitik der Einladung zu den Wettk\u00e4mpfen in den Disziplinen Hakenleitersteigen, Feuerwehrsportwettk\u00e4mpfe, Traditionelle internationale Wettbewerbe, Firefighter Combat Challenge und im Landesjugendausscheid in der Disziplin CTIF gefolgt.<br \/>\nZum ersten Mal fanden die Landesfeuerwehrwettbewerbe von den Aktiven zusammen mit den Mitgliedern der Jugendfeuerwehr an einem Ort statt. Der Sportplatz in Ludwigslust bot f\u00fcr die Disziplinen ausreichend Platz, stellte die Organisatoren und Unterst\u00fctzer ob der gro\u00dfen Anzahl an Teilnehmern und parallel laufenden Disziplinen nat\u00fcrlich trotzdem vor Herausforderungen in der Zeitplanung und der Logistik.<\/p>\n<p>Am Freitag, den 23. August starteten die Wettk\u00e4mpfe mit der Disziplin Hakenleitersteigen in Techentin mit der Er\u00f6ffnung durch Landtagspr\u00e4sidentin Birgit Hesse. Neben den Wertungskategorien der M\u00e4nner und der Frauen wurde hier auch inoffiziell ein Junior-Cup durchgef\u00fchrt.<\/p>\n<p>Zum allerersten Mal in Deutschland \u00fcberhaupt wurde die Disziplin Firefighter Combat Challenge im Rahmen einer Veranstaltung eines Landesfeuerwehrverbandes ausgetragen und mit einem Landespokal ausgezeichnet. Diese Disziplin forderte den Teilnehmern H\u00f6chstleistungen ab, vereint in sich aber typische Arbeitsg\u00e4nge der Feuerwehr: unter anderem schwere Lasten Treppen hochbef\u00f6rdern, Feuerwehrschl\u00e4uche ziehen und eine lebensschwere Dummy-Puppe \u00fcber eine Strecke ziehen.<\/p>\n<figure id=\"attachment_35307\" aria-describedby=\"caption-attachment-35307\" style=\"width: 1000px\" class=\"wp-caption alignnone\"><img loading=\"lazy\" decoding=\"async\" class=\"wp-image-35307 size-full\" src=\"https:\/\/mv-sport.de\/wp-content\/uploads\/2019\/08\/landesfeuerwehrwettbewerbe-2019_b2_c_lfv-mv.jpg\" alt=\"\" width=\"1000\" height=\"667\" \/><figcaption id=\"caption-attachment-35307\" class=\"wp-caption-text\">Der Sportplatz in Ludwigslust bot f\u00fcr die Disziplinen der M\u00e4nner, Frauen und Jugendlichen ausreichend Platz. Foto: Landesfeuerwehrverband MV<\/figcaption><\/figure>\n<p>Auch in der Disziplin der Jugendfeuerwehrwettk\u00e4mpfe wurden herausragende Leistungen erbracht. 29 Mannschaften aus dem ganzen Land zeigten in dem internationalen Wettbewerb CTIF, dass sie die grundlegenden Handgriffe der Feuerwehrarbeit schon im Jugendalter beherrschen: Knoten, Umgang mit der K\u00fcbelspritze und sportliches K\u00f6nnen sind nur ein paar Beispiele f\u00fcr die Leistungen der Jugendlichen. Die Mannschaften wurden durch Wettk\u00e4mpfe auf Kreisebene ermittelt und sind somit schon durch ihre Teilnahme einige der besten Mannschaften aus ganz Mecklenburg-Vorpommern.<\/p>\n<p>Landesbrandmeister Hannes M\u00f6ller, Pr\u00e4sident des Landesfeuerwehrverbandes Mecklenburg-Vorpommern, lobte die hervorragende Vorbereitung und Unterst\u00fctzung durch den Kreisfeuerwehrverband Ludwigslust-Parchim und durch die Stadt Ludwigslust und ihre Feuerwehren, und freute sich \u00fcber die Teilnahme von \u00fcber 1000 Feuerwehrleuten: \u201eWir haben hier heute tolle Wettbewerbe bei bestem Wetter, die Stimmung ist hervorragend. Das Teamwork unter den Feuerwehren ist bemerkenswert und die Ergebnisse zeigen, dass wir hier heute die Besten der besten Mannschaften in Mecklenburg-Vorpommern sehen.\u201c<\/p>\n<p>Auch f\u00fcr die Landesmeisterschaft in der Disziplin Firefighter Combat Challenge fand er lobende Worte: \u201eDurch die Unterst\u00fctzung in der Organisation und Durchf\u00fchrung von den erfahrenen Wettk\u00e4mpfern des Teams Firefighter Combat Challenge Germany haben wir hier die ersten Landesmeisterschaften eines Landesfeuerwehrverbandes in Deutschland \u00fcberhaupt durchf\u00fchren k\u00f6nnen. Viele der Starter haben das allererste Mal so einen Wettkampf erlebt und haben zeigen k\u00f6nnen, wieviel Kraft, Energie und Leistung dahinter stecken.\u201c<\/p>\n<figure id=\"attachment_35308\" aria-describedby=\"caption-attachment-35308\" style=\"width: 1000px\" class=\"wp-caption alignnone\"><img loading=\"lazy\" decoding=\"async\" class=\"size-full wp-image-35308\" src=\"https:\/\/mv-sport.de\/wp-content\/uploads\/2019\/08\/landesfeuerwehrwettbewerbe-2019_c_lfv-mv.jpg\" alt=\"\" width=\"1000\" height=\"667\" \/><figcaption id=\"caption-attachment-35308\" class=\"wp-caption-text\">Das Teamwork unter den Feuerwehren war bemerkenswert. Foto: Landesfeuerwehrverband MV<\/figcaption><\/figure>\n<blockquote><p>\n<span style=\"color: #808080;\">Der Landesfeuerwehrverband Mecklenburg-Vorpommern vertritt als Dachverband alle \u00f6ffentlichen Feuerwehren in Mecklenburg-Vorpommern. Als Interessenvertreter und Fachverband im Feuer- und Brandschutzwesen engagiert er sich in allen Angelegenheiten f\u00fcr die \u00fcber 40.000 Mitglieder aus 933 Freiwilligen Feuerwehren, 6 Berufsfeuerwehren und den 600 Jugendfeuerwehren.<\/span><\/p><\/blockquote>\n<p><span style=\"color: #999999;\"><em>Quelle: Landesfeuerwehrverband MV<\/em><\/span><\/p>\n","protected":false},"excerpt":{"rendered":"<p>Gemeinsame Landesfeuerwehrwettbewerbe der Aktiven und Jugendfeuerwehren in MV Schwerin \/ Ludwigslust \u2013 Am 23. und 24. August 2019 veranstalteten der Landesfeuerwehrverband Mecklenburg-Vorpommern und seine Jugendabteilung, die Landesjugendfeuerwehr M-V, die gemeinsamen Landesfeuerwehrwettbewerbe in Techentin und Ludwigslust (Landkreis Ludwigslust-Parchim). Rund 1200 Teilnehmer und Unterst\u00fctzer sind zusammen mit Vertretern aus der Regional-, Landes- und Bundespolitik der Einladung zu [&hellip;]<\/p>\n","protected":false},"author":2,"featured_media":35307,"comment_status":"open","ping_status":"open","sticky":false,"template":"","format":"standard","meta":{"_seopress_robots_primary_cat":"none","_seopress_titles_title":"Ludwigslust: Gemeinsame Landesfeuerwehrwettbewerbe in MV","_seopress_titles_desc":"Am 23. und 24. August 2019 veranstalteten der Landesfeuerwehrverband Mecklenburg-Vorpommern und seine Jugendabteilung, die Landesjugendfeuerwehr M-V, die gemeinsamen Landesfeuerwehrwettbewerbe in Techentin und Ludwigslust (Landkreis Ludwigslust-Parchim).","_seopress_robots_index":"","_relevanssi_hide_post":"","_relevanssi_hide_content":"","_relevanssi_pin_for_all":"","_relevanssi_pin_keywords":"","_relevanssi_unpin_keywords":"","_relevanssi_related_keywords":"","_relevanssi_related_include_ids":"","_relevanssi_related_exclude_ids":"","_relevanssi_related_no_append":"","_relevanssi_related_not_related":"","_relevanssi_related_posts":"","_relevanssi_noindex_reason":"","_uag_custom_page_level_css":"","footnotes":""},"categories":[24],"tags":[],"ort":[],"class_list":{"0":"post-35301","1":"post","2":"type-post","3":"status-publish","4":"format-standard","5":"has-post-thumbnail","7":"category-sport-allgemein"},"featured_image_urls":{"medium":"https:\/\/mv-sport.de\/c\/wp-content\/uploads\/2019\/08\/landesfeuerwehrwettbewerbe-2019_b2_c_lfv-mv-600x600.jpg","medium_large":"https:\/\/mv-sport.de\/c\/wp-content\/uploads\/2019\/08\/landesfeuerwehrwettbewerbe-2019_b2_c_lfv-mv.jpg","large":"https:\/\/mv-sport.de\/c\/wp-content\/uploads\/2019\/08\/landesfeuerwehrwettbewerbe-2019_b2_c_lfv-mv.jpg","full":"https:\/\/mv-sport.de\/c\/wp-content\/uploads\/2019\/08\/landesfeuerwehrwettbewerbe-2019_b2_c_lfv-mv.jpg","alt":"Landesfeuerwehrwettbewerbe 2019","caption":"Der Sportplatz in Ludwigslust bot f\u00fcr die Disziplinen der M\u00e4nner, Frauen und Jugendlichen  ausreichend Platz. Foto: Landesfeuerwehrverband MV"},"spectra_custom_meta":{"uab_option":["yes"],"uab_meta_position":["default"],"_extra_rating_average":["0"],"_seopress_analysis_data":["a:12:{s:5:\"title\";s:56:\"Ludwigslust: Gemeinsame Landesfeuerwehrwettbewerbe in MV\";s:9:\"meta_desc\";s:254:\"Am 23. und 24. August 2019 veranstalteten der Landesfeuerwehrverband Mecklenburg-Vorpommern und seine Jugendabteilung, die Landesjugendfeuerwehr M-V, die gemeinsamen Landesfeuerwehrwettbewerbe in Techentin und Ludwigslust (Landkreis Ludwigslust-Parchim).\";s:8:\"og_title\";s:56:\"Ludwigslust: Gemeinsame Landesfeuerwehrwettbewerbe in MV\";s:7:\"og_desc\";s:254:\"Am 23. und 24. August 2019 veranstalteten der Landesfeuerwehrverband Mecklenburg-Vorpommern und seine Jugendabteilung, die Landesjugendfeuerwehr M-V, die gemeinsamen Landesfeuerwehrwettbewerbe in Techentin und Ludwigslust (Landkreis Ludwigslust-Parchim).\";s:6:\"og_img\";s:94:\"https:\/\/mv-sport.de\/wp-content\/uploads\/2019\/08\/landesfeuerwehrwettbewerbe-2019_b2_c_lfv-mv.jpg\";s:8:\"tw_title\";s:56:\"Ludwigslust: Gemeinsame Landesfeuerwehrwettbewerbe in MV\";s:7:\"tw_desc\";s:254:\"Am 23. und 24. August 2019 veranstalteten der Landesfeuerwehrverband Mecklenburg-Vorpommern und seine Jugendabteilung, die Landesjugendfeuerwehr M-V, die gemeinsamen Landesfeuerwehrwettbewerbe in Techentin und Ludwigslust (Landkreis Ludwigslust-Parchim).\";s:9:\"canonical\";s:49:\"https:\/\/mv-sport.de\/kraeftemessen-in-ludwigslust\/\";s:3:\"img\";a:1:{s:6:\"images\";a:10:{i:0;s:102:\"https:\/\/mv-sport.de\/wp-content\/uploads\/2019\/08\/landesfeuerwehrwettbewerbe-2019_b3_c_lfv-mv-263x350.jpg\";i:1;s:94:\"https:\/\/mv-sport.de\/wp-content\/uploads\/2019\/08\/landesfeuerwehrwettbewerbe-2019_b2_c_lfv-mv.jpg\";i:2;s:91:\"https:\/\/mv-sport.de\/wp-content\/uploads\/2019\/08\/landesfeuerwehrwettbewerbe-2019_c_lfv-mv.jpg\";i:3;s:68:\"https:\/\/mv-sport.de\/wp-content\/uploads\/2017\/06\/logo_autor_profil.png\";i:4;s:89:\"https:\/\/mv-sport.de\/wp-content\/sabai\/File\/thumbnails\/45a014afb6f46f9193763fe1cf9d2be6.png\";i:5;s:89:\"https:\/\/mv-sport.de\/wp-content\/sabai\/File\/thumbnails\/c2f578cc2ab287244475d661bd4d02a7.jpg\";i:6;s:89:\"https:\/\/mv-sport.de\/wp-content\/sabai\/File\/thumbnails\/6fcd9795108daf50aae84d5c95516307.png\";i:7;s:44:\"https:\/\/www.paypal.com\/de_DE\/i\/scr\/pixel.gif\";i:8;s:61:\"https:\/\/mv-sport.de\/wp-content\/uploads\/2017\/05\/140x70px-3.gif\";i:9;s:43:\"\/\/ads.ad-mv.de\/c\/piwik.php?idsite=162&rec=1\";}}s:14:\"outbound_links\";a:4:{i:0;a:1:{s:19:\"https:\/\/mv-sport.de\";s:19:\"https:\/\/mv-sport.de\";}i:1;a:1:{s:34:\"https:\/\/www.facebook.com\/MVSportde\";s:0:\"\";}i:2;a:1:{s:20:\"http:\/\/www.web-mv.de\";s:9:\"web-mv.de\";}i:3;a:1:{s:33:\"http:\/\/www.webdesign-schwerin.net\";s:0:\"\";}}s:13:\"words_counter\";i:498;s:20:\"words_counter_unique\";i:258;}"],"_edit_lock":["1566986120:2"],"_edit_last":["2"],"_thumbnail_id":["35307"],"xyz_fbap_future_to_publish":["a:3:{s:18:\"post_fb_permission\";i:1;s:18:\"xyz_fbap_po_method\";s:1:\"2\";s:16:\"xyz_fbap_message\";s:17:\"{POST_EXCERPT}...\";}"],"_seopress_rich_snippets_events_offers_valid_from_date":[""],"_seopress_rich_snippets_events_offers_valid_from_time":[""],"_seopress_titles_title":["Ludwigslust: Gemeinsame Landesfeuerwehrwettbewerbe in MV"],"_seopress_titles_desc":["Am 23. und 24. August 2019 veranstalteten der Landesfeuerwehrverband Mecklenburg-Vorpommern und seine Jugendabteilung, die Landesjugendfeuerwehr M-V, die gemeinsamen Landesfeuerwehrwettbewerbe in Techentin und Ludwigslust (Landkreis Ludwigslust-Parchim)."],"_seopress_robots_canonical":[""],"_seopress_robots_primary_cat":["none"],"_seopress_robots_breadcrumbs":[""],"_seopress_social_fb_title":[""],"_seopress_social_fb_desc":[""],"_seopress_social_fb_img":[""],"_seopress_social_twitter_title":[""],"_seopress_social_twitter_desc":[""],"_seopress_social_twitter_img":[""],"_seopress_redirections_type":["301"],"_seopress_redirections_value":[""],"_seopress_video":["a:1:{i:0;a:9:{s:3:\"url\";s:0:\"\";s:5:\"title\";s:0:\"\";s:4:\"desc\";s:0:\"\";s:9:\"thumbnail\";s:0:\"\";s:8:\"duration\";s:0:\"\";s:6:\"rating\";s:0:\"\";s:10:\"view_count\";s:0:\"\";s:3:\"tag\";s:0:\"\";s:3:\"cat\";s:0:\"\";}}"],"_post_review_box_title":["Rezension"],"_post_review_box_summary":[""],"_post_review_box_summary_title":["Zusammenfassung"],"_post_review_box_breakdowns_score":["0"],"_post_review_box_breakdowns_count":["1"],"_post_review_box_breakdowns":["a:1:{i:0;a:2:{s:5:\"title\";s:0:\"\";s:6:\"rating\";i:0;}}"],"_extra_sidebar_location":[""],"_extra_sidebar":[""],"post_views_count":["529"],"xyz_fbap":["1"],"xyz_fbap_insert_og":["0"],"_seopress_analysis_target_kw":[""],"_seopress_pro_schemas_manual":["a:98:{s:32:\"_seopress_pro_rich_snippets_type\";s:4:\"none\";s:40:\"_seopress_pro_rich_snippets_article_type\";s:11:\"NewsArticle\";s:41:\"_seopress_pro_rich_snippets_article_title\";s:0:\"\";s:39:\"_seopress_pro_rich_snippets_article_img\";s:0:\"\";s:45:\"_seopress_pro_rich_snippets_article_img_width\";s:0:\"\";s:46:\"_seopress_pro_rich_snippets_article_img_height\";s:0:\"\";s:35:\"_seopress_pro_rich_snippets_lb_name\";s:0:\"\";s:35:\"_seopress_pro_rich_snippets_lb_type\";s:13:\"LocalBusiness\";s:34:\"_seopress_pro_rich_snippets_lb_img\";s:0:\"\";s:40:\"_seopress_pro_rich_snippets_lb_img_width\";s:0:\"\";s:41:\"_seopress_pro_rich_snippets_lb_img_height\";s:0:\"\";s:42:\"_seopress_pro_rich_snippets_lb_street_addr\";s:0:\"\";s:35:\"_seopress_pro_rich_snippets_lb_city\";s:0:\"\";s:36:\"_seopress_pro_rich_snippets_lb_state\";s:0:\"\";s:33:\"_seopress_pro_rich_snippets_lb_pc\";s:0:\"\";s:38:\"_seopress_pro_rich_snippets_lb_country\";s:0:\"\";s:34:\"_seopress_pro_rich_snippets_lb_lat\";s:0:\"\";s:34:\"_seopress_pro_rich_snippets_lb_lon\";s:0:\"\";s:38:\"_seopress_pro_rich_snippets_lb_website\";s:0:\"\";s:34:\"_seopress_pro_rich_snippets_lb_tel\";s:0:\"\";s:36:\"_seopress_pro_rich_snippets_lb_price\";s:0:\"\";s:44:\"_seopress_pro_rich_snippets_lb_opening_hours\";a:1:{s:37:\"seopress_local_business_opening_hours\";a:7:{i:0;a:2:{s:2:\"am\";a:2:{s:5:\"start\";a:2:{s:5:\"hours\";s:2:\"00\";s:4:\"mins\";s:2:\"00\";}s:3:\"end\";a:2:{s:5:\"hours\";s:2:\"00\";s:4:\"mins\";s:2:\"00\";}}s:2:\"pm\";a:2:{s:5:\"start\";a:2:{s:5:\"hours\";s:2:\"00\";s:4:\"mins\";s:2:\"00\";}s:3:\"end\";a:2:{s:5:\"hours\";s:2:\"00\";s:4:\"mins\";s:2:\"00\";}}}i:1;a:2:{s:2:\"am\";a:2:{s:5:\"start\";a:2:{s:5:\"hours\";s:2:\"00\";s:4:\"mins\";s:2:\"00\";}s:3:\"end\";a:2:{s:5:\"hours\";s:2:\"00\";s:4:\"mins\";s:2:\"00\";}}s:2:\"pm\";a:2:{s:5:\"start\";a:2:{s:5:\"hours\";s:2:\"00\";s:4:\"mins\";s:2:\"00\";}s:3:\"end\";a:2:{s:5:\"hours\";s:2:\"00\";s:4:\"mins\";s:2:\"00\";}}}i:2;a:2:{s:2:\"am\";a:2:{s:5:\"start\";a:2:{s:5:\"hours\";s:2:\"00\";s:4:\"mins\";s:2:\"00\";}s:3:\"end\";a:2:{s:5:\"hours\";s:2:\"00\";s:4:\"mins\";s:2:\"00\";}}s:2:\"pm\";a:2:{s:5:\"start\";a:2:{s:5:\"hours\";s:2:\"00\";s:4:\"mins\";s:2:\"00\";}s:3:\"end\";a:2:{s:5:\"hours\";s:2:\"00\";s:4:\"mins\";s:2:\"00\";}}}i:3;a:2:{s:2:\"am\";a:2:{s:5:\"start\";a:2:{s:5:\"hours\";s:2:\"00\";s:4:\"mins\";s:2:\"00\";}s:3:\"end\";a:2:{s:5:\"hours\";s:2:\"00\";s:4:\"mins\";s:2:\"00\";}}s:2:\"pm\";a:2:{s:5:\"start\";a:2:{s:5:\"hours\";s:2:\"00\";s:4:\"mins\";s:2:\"00\";}s:3:\"end\";a:2:{s:5:\"hours\";s:2:\"00\";s:4:\"mins\";s:2:\"00\";}}}i:4;a:2:{s:2:\"am\";a:2:{s:5:\"start\";a:2:{s:5:\"hours\";s:2:\"00\";s:4:\"mins\";s:2:\"00\";}s:3:\"end\";a:2:{s:5:\"hours\";s:2:\"00\";s:4:\"mins\";s:2:\"00\";}}s:2:\"pm\";a:2:{s:5:\"start\";a:2:{s:5:\"hours\";s:2:\"00\";s:4:\"mins\";s:2:\"00\";}s:3:\"end\";a:2:{s:5:\"hours\";s:2:\"00\";s:4:\"mins\";s:2:\"00\";}}}i:5;a:2:{s:2:\"am\";a:2:{s:5:\"start\";a:2:{s:5:\"hours\";s:2:\"00\";s:4:\"mins\";s:2:\"00\";}s:3:\"end\";a:2:{s:5:\"hours\";s:2:\"00\";s:4:\"mins\";s:2:\"00\";}}s:2:\"pm\";a:2:{s:5:\"start\";a:2:{s:5:\"hours\";s:2:\"00\";s:4:\"mins\";s:2:\"00\";}s:3:\"end\";a:2:{s:5:\"hours\";s:2:\"00\";s:4:\"mins\";s:2:\"00\";}}}i:6;a:2:{s:2:\"am\";a:2:{s:5:\"start\";a:2:{s:5:\"hours\";s:2:\"00\";s:4:\"mins\";s:2:\"00\";}s:3:\"end\";a:2:{s:5:\"hours\";s:2:\"00\";s:4:\"mins\";s:2:\"00\";}}s:2:\"pm\";a:2:{s:5:\"start\";a:2:{s:5:\"hours\";s:2:\"00\";s:4:\"mins\";s:2:\"00\";}s:3:\"end\";a:2:{s:5:\"hours\";s:2:\"00\";s:4:\"mins\";s:2:\"00\";}}}}}s:31:\"_seopress_pro_rich_snippets_faq\";a:1:{i:0;a:2:{s:8:\"question\";s:0:\"\";s:6:\"answer\";s:0:\"\";}}s:41:\"_seopress_pro_rich_snippets_courses_title\";s:0:\"\";s:40:\"_seopress_pro_rich_snippets_courses_desc\";s:0:\"\";s:42:\"_seopress_pro_rich_snippets_courses_school\";s:0:\"\";s:43:\"_seopress_pro_rich_snippets_courses_website\";s:0:\"\";s:40:\"_seopress_pro_rich_snippets_recipes_name\";s:0:\"\";s:40:\"_seopress_pro_rich_snippets_recipes_desc\";s:0:\"\";s:39:\"_seopress_pro_rich_snippets_recipes_cat\";s:0:\"\";s:39:\"_seopress_pro_rich_snippets_recipes_img\";s:0:\"\";s:45:\"_seopress_pro_rich_snippets_recipes_prep_time\";s:0:\"\";s:45:\"_seopress_pro_rich_snippets_recipes_cook_time\";s:0:\"\";s:44:\"_seopress_pro_rich_snippets_recipes_calories\";s:0:\"\";s:41:\"_seopress_pro_rich_snippets_recipes_yield\";s:0:\"\";s:44:\"_seopress_pro_rich_snippets_recipes_keywords\";s:0:\"\";s:43:\"_seopress_pro_rich_snippets_recipes_cuisine\";s:0:\"\";s:46:\"_seopress_pro_rich_snippets_recipes_ingredient\";s:0:\"\";s:48:\"_seopress_pro_rich_snippets_recipes_instructions\";s:0:\"\";s:39:\"_seopress_pro_rich_snippets_videos_name\";s:0:\"\";s:46:\"_seopress_pro_rich_snippets_videos_description\";s:0:\"\";s:38:\"_seopress_pro_rich_snippets_videos_img\";s:0:\"\";s:44:\"_seopress_pro_rich_snippets_videos_img_width\";s:0:\"\";s:45:\"_seopress_pro_rich_snippets_videos_img_height\";s:0:\"\";s:43:\"_seopress_pro_rich_snippets_videos_duration\";s:0:\"\";s:38:\"_seopress_pro_rich_snippets_videos_url\";s:0:\"\";s:39:\"_seopress_pro_rich_snippets_events_type\";s:13:\"BusinessEvent\";s:39:\"_seopress_pro_rich_snippets_events_name\";s:0:\"\";s:39:\"_seopress_pro_rich_snippets_events_desc\";s:0:\"\";s:38:\"_seopress_pro_rich_snippets_events_img\";s:0:\"\";s:45:\"_seopress_pro_rich_snippets_events_start_date\";s:0:\"\";s:45:\"_seopress_pro_rich_snippets_events_start_time\";s:0:\"\";s:43:\"_seopress_pro_rich_snippets_events_end_date\";s:0:\"\";s:43:\"_seopress_pro_rich_snippets_events_end_time\";s:0:\"\";s:48:\"_seopress_pro_rich_snippets_events_location_name\";s:0:\"\";s:47:\"_seopress_pro_rich_snippets_events_location_url\";s:0:\"\";s:51:\"_seopress_pro_rich_snippets_events_location_address\";s:0:\"\";s:46:\"_seopress_pro_rich_snippets_events_offers_name\";s:0:\"\";s:45:\"_seopress_pro_rich_snippets_events_offers_cat\";s:7:\"Primary\";s:47:\"_seopress_pro_rich_snippets_events_offers_price\";s:0:\"\";s:56:\"_seopress_pro_rich_snippets_events_offers_price_currency\";s:4:\"none\";s:54:\"_seopress_pro_rich_snippets_events_offers_availability\";s:7:\"InStock\";s:45:\"_seopress_pro_rich_snippets_events_offers_url\";s:0:\"\";s:44:\"_seopress_pro_rich_snippets_events_performer\";s:0:\"\";s:40:\"_seopress_pro_rich_snippets_product_name\";s:0:\"\";s:47:\"_seopress_pro_rich_snippets_product_description\";s:0:\"\";s:39:\"_seopress_pro_rich_snippets_product_img\";s:0:\"\";s:41:\"_seopress_pro_rich_snippets_product_price\";s:0:\"\";s:52:\"_seopress_pro_rich_snippets_product_price_valid_date\";s:0:\"\";s:39:\"_seopress_pro_rich_snippets_product_sku\";s:0:\"\";s:46:\"_seopress_pro_rich_snippets_product_global_ids\";s:4:\"none\";s:41:\"_seopress_pro_rich_snippets_product_brand\";s:4:\"none\";s:52:\"_seopress_pro_rich_snippets_product_global_ids_value\";s:0:\"\";s:50:\"_seopress_pro_rich_snippets_product_price_currency\";s:4:\"none\";s:45:\"_seopress_pro_rich_snippets_product_condition\";s:12:\"NewCondition\";s:48:\"_seopress_pro_rich_snippets_product_availability\";s:7:\"InStock\";s:40:\"_seopress_pro_rich_snippets_service_name\";s:0:\"\";s:40:\"_seopress_pro_rich_snippets_service_type\";s:0:\"\";s:47:\"_seopress_pro_rich_snippets_service_description\";s:0:\"\";s:39:\"_seopress_pro_rich_snippets_service_img\";s:0:\"\";s:40:\"_seopress_pro_rich_snippets_service_area\";s:0:\"\";s:49:\"_seopress_pro_rich_snippets_service_provider_name\";s:0:\"\";s:42:\"_seopress_pro_rich_snippets_service_lb_img\";s:0:\"\";s:53:\"_seopress_pro_rich_snippets_service_provider_mobility\";s:0:\"\";s:42:\"_seopress_pro_rich_snippets_service_slogan\";s:0:\"\";s:47:\"_seopress_pro_rich_snippets_service_street_addr\";s:0:\"\";s:40:\"_seopress_pro_rich_snippets_service_city\";s:0:\"\";s:41:\"_seopress_pro_rich_snippets_service_state\";s:0:\"\";s:38:\"_seopress_pro_rich_snippets_service_pc\";s:0:\"\";s:43:\"_seopress_pro_rich_snippets_service_country\";s:0:\"\";s:39:\"_seopress_pro_rich_snippets_service_lat\";s:0:\"\";s:39:\"_seopress_pro_rich_snippets_service_lon\";s:0:\"\";s:39:\"_seopress_pro_rich_snippets_service_tel\";s:0:\"\";s:41:\"_seopress_pro_rich_snippets_service_price\";s:0:\"\";s:39:\"_seopress_pro_rich_snippets_review_item\";s:0:\"\";s:38:\"_seopress_pro_rich_snippets_review_img\";s:0:\"\";s:41:\"_seopress_pro_rich_snippets_review_rating\";s:0:\"\";s:34:\"_seopress_pro_rich_snippets_custom\";s:0:\"\";}"],"wp_schema_pro_optimized_structured_data":["<!-- Schema optimized by Schema Pro --><script type=\"application\/ld+json\">{\"@context\":\"https:\/\/schema.org\",\"@type\":\"NewsArticle\",\"mainEntityOfPage\":{\"@type\":\"WebPage\",\"@id\":\"https:\/\/mv-sport.de\/kraeftemessen-in-ludwigslust\/\"},\"headline\":\"Kr\u00e4ftemessen in Ludwigslust\",\"image\":{\"@type\":\"ImageObject\",\"url\":\"https:\/\/mv-sport.de\/wp-content\/uploads\/2019\/08\/landesfeuerwehrwettbewerbe-2019_b2_c_lfv-mv.jpg\",\"width\":1000,\"height\":667},\"datePublished\":\"2019-08-28T11:57:11\",\"dateModified\":\"2019-08-28T11:57:11\",\"author\":{\"@type\":\"Person\",\"name\":\"MV-Sport.de\",\"url\":\"https:\/\/mv-sport.de\/author\/mv-sport-de\"},\"publisher\":{\"@type\":\"Organization\",\"name\":\"MV-Sport.de - Sportvereine &amp; Sportnachrichten Mecklenburg-Vorpommern\",\"logo\":{\"@type\":\"ImageObject\",\"url\":\"https:\/\/mv-sport.de\/wp-content\/uploads\/2017\/05\/logo-mv-sport-292x60.png\"}}}<\/script><!-- \/ Schema optimized by Schema Pro -->"],"__post_views_count":["1332"],"astra_style_timestamp_css":["1757579077"],"_uag_css_file_name":["uag-css-35301.css"],"_uag_page_assets":["a:9:{s:3:\"css\";s:7010:\".uagb-block-88f5875d.wp-block-uagb-image--layout-default figure img{box-shadow: 0px 0px 0 #00000070;}.uagb-block-88f5875d.wp-block-uagb-image .wp-block-uagb-image__figure figcaption{font-style: normal;align-self: center;}.uagb-block-88f5875d.wp-block-uagb-image--layout-overlay figure img{box-shadow: 0px 0px 0 #00000070;}.uagb-block-88f5875d.wp-block-uagb-image--layout-overlay .wp-block-uagb-image--layout-overlay__color-wrapper{opacity: 0.2;}.uagb-block-88f5875d.wp-block-uagb-image--layout-overlay .wp-block-uagb-image--layout-overlay__inner{left: 15px;right: 15px;top: 15px;bottom: 15px;}.uagb-block-88f5875d.wp-block-uagb-image--layout-overlay .wp-block-uagb-image--layout-overlay__inner .uagb-image-heading{font-style: normal;color: #fff;opacity: 1;}.uagb-block-88f5875d.wp-block-uagb-image--layout-overlay .wp-block-uagb-image--layout-overlay__inner .uagb-image-heading a{color: #fff;}.uagb-block-88f5875d.wp-block-uagb-image--layout-overlay .wp-block-uagb-image--layout-overlay__inner .uagb-image-caption{opacity: 0;}.uagb-block-88f5875d.wp-block-uagb-image--layout-overlay .wp-block-uagb-image__figure:hover .wp-block-uagb-image--layout-overlay__color-wrapper{opacity: 1;}.uagb-block-88f5875d.wp-block-uagb-image .wp-block-uagb-image--layout-overlay__inner .uagb-image-separator{width: 30%;border-top-width: 2px;border-top-color: #fff;opacity: 0;}.uagb-block-88f5875d.wp-block-uagb-image .wp-block-uagb-image__figure img{width: 297px;height: auto;}.uagb-block-88f5875d.wp-block-uagb-image .wp-block-uagb-image__figure:hover .wp-block-uagb-image--layout-overlay__inner .uagb-image-caption{opacity: 1;}.uagb-block-88f5875d.wp-block-uagb-image .wp-block-uagb-image__figure:hover .wp-block-uagb-image--layout-overlay__inner .uagb-image-separator{opacity: 1;}.uagb-block-88f5875d.wp-block-uagb-image--layout-default figure:hover img{box-shadow: 0px 0px 0 #00000070;}.uagb-block-88f5875d.wp-block-uagb-image--layout-overlay figure:hover img{box-shadow: 0px 0px 0 #00000070;}@media only screen and (max-width: 976px) {.uagb-block-88f5875d.wp-block-uagb-image .wp-block-uagb-image__figure img{width: 297px;height: auto;}}@media only screen and (max-width: 767px) {.uagb-block-88f5875d.wp-block-uagb-image .wp-block-uagb-image__figure img{width: 297px;height: auto;}}.uagb-block-b6c54374.wp-block-uagb-image{margin-top: 0px;margin-right: 0px;margin-bottom: 0px;margin-left: 0px;}.uagb-block-b6c54374.wp-block-uagb-image--layout-default figure img{box-shadow: 0px 0px 0 #00000070;}.uagb-block-b6c54374.wp-block-uagb-image .wp-block-uagb-image__figure figcaption{font-style: normal;align-self: center;}.uagb-block-b6c54374.wp-block-uagb-image--layout-overlay figure img{box-shadow: 0px 0px 0 #00000070;}.uagb-block-b6c54374.wp-block-uagb-image--layout-overlay .wp-block-uagb-image--layout-overlay__color-wrapper{opacity: 0.2;}.uagb-block-b6c54374.wp-block-uagb-image--layout-overlay .wp-block-uagb-image--layout-overlay__inner{left: 15px;right: 15px;top: 15px;bottom: 15px;}.uagb-block-b6c54374.wp-block-uagb-image--layout-overlay .wp-block-uagb-image--layout-overlay__inner .uagb-image-heading{font-style: normal;color: #fff;opacity: 1;}.uagb-block-b6c54374.wp-block-uagb-image--layout-overlay .wp-block-uagb-image--layout-overlay__inner .uagb-image-heading a{color: #fff;}.uagb-block-b6c54374.wp-block-uagb-image--layout-overlay .wp-block-uagb-image--layout-overlay__inner .uagb-image-caption{opacity: 0;}.uagb-block-b6c54374.wp-block-uagb-image--layout-overlay .wp-block-uagb-image__figure:hover .wp-block-uagb-image--layout-overlay__color-wrapper{opacity: 1;}.uagb-block-b6c54374.wp-block-uagb-image .wp-block-uagb-image--layout-overlay__inner .uagb-image-separator{width: 30%;border-top-width: 2px;border-top-color: #fff;opacity: 0;}.uagb-block-b6c54374.wp-block-uagb-image .wp-block-uagb-image__figure img{width: px;height: auto;}.uagb-block-b6c54374.wp-block-uagb-image .wp-block-uagb-image__figure:hover .wp-block-uagb-image--layout-overlay__inner .uagb-image-caption{opacity: 1;}.uagb-block-b6c54374.wp-block-uagb-image .wp-block-uagb-image__figure:hover .wp-block-uagb-image--layout-overlay__inner .uagb-image-separator{opacity: 1;}.uagb-block-b6c54374.wp-block-uagb-image--layout-default figure:hover img{box-shadow: 0px 0px 0 #00000070;}.uagb-block-b6c54374.wp-block-uagb-image--layout-overlay figure:hover img{box-shadow: 0px 0px 0 #00000070;}@media only screen and (max-width: 976px) {.uagb-block-b6c54374.wp-block-uagb-image .wp-block-uagb-image__figure img{width: px;height: auto;}}@media only screen and (max-width: 767px) {.uagb-block-b6c54374.wp-block-uagb-image .wp-block-uagb-image__figure img{width: px;height: auto;}}.uagb-block-2bdcf70c.wp-block-uagb-image{margin-top: 0px;margin-right: 0px;margin-bottom: 0px;margin-left: 0px;}.uagb-block-2bdcf70c.wp-block-uagb-image--layout-default figure img{box-shadow: 0px 0px 0 #00000070;}.uagb-block-2bdcf70c.wp-block-uagb-image .wp-block-uagb-image__figure figcaption{font-style: normal;align-self: center;}.uagb-block-2bdcf70c.wp-block-uagb-image--layout-overlay figure img{box-shadow: 0px 0px 0 #00000070;}.uagb-block-2bdcf70c.wp-block-uagb-image--layout-overlay .wp-block-uagb-image--layout-overlay__color-wrapper{opacity: 0.2;}.uagb-block-2bdcf70c.wp-block-uagb-image--layout-overlay .wp-block-uagb-image--layout-overlay__inner{left: 15px;right: 15px;top: 15px;bottom: 15px;}.uagb-block-2bdcf70c.wp-block-uagb-image--layout-overlay .wp-block-uagb-image--layout-overlay__inner .uagb-image-heading{font-style: normal;color: #fff;opacity: 1;}.uagb-block-2bdcf70c.wp-block-uagb-image--layout-overlay .wp-block-uagb-image--layout-overlay__inner .uagb-image-heading a{color: #fff;}.uagb-block-2bdcf70c.wp-block-uagb-image--layout-overlay .wp-block-uagb-image--layout-overlay__inner .uagb-image-caption{opacity: 0;}.uagb-block-2bdcf70c.wp-block-uagb-image--layout-overlay .wp-block-uagb-image__figure:hover .wp-block-uagb-image--layout-overlay__color-wrapper{opacity: 1;}.uagb-block-2bdcf70c.wp-block-uagb-image .wp-block-uagb-image--layout-overlay__inner .uagb-image-separator{width: 30%;border-top-width: 2px;border-top-color: #fff;opacity: 0;}.uagb-block-2bdcf70c.wp-block-uagb-image .wp-block-uagb-image__figure img{width: px;height: auto;}.uagb-block-2bdcf70c.wp-block-uagb-image .wp-block-uagb-image__figure:hover .wp-block-uagb-image--layout-overlay__inner .uagb-image-caption{opacity: 1;}.uagb-block-2bdcf70c.wp-block-uagb-image .wp-block-uagb-image__figure:hover .wp-block-uagb-image--layout-overlay__inner .uagb-image-separator{opacity: 1;}.uagb-block-2bdcf70c.wp-block-uagb-image--layout-default figure:hover img{box-shadow: 0px 0px 0 #00000070;}.uagb-block-2bdcf70c.wp-block-uagb-image--layout-overlay figure:hover img{box-shadow: 0px 0px 0 #00000070;}@media only screen and (max-width: 976px) {.uagb-block-2bdcf70c.wp-block-uagb-image .wp-block-uagb-image__figure img{width: px;height: auto;}}@media only screen and (max-width: 767px) {.uagb-block-2bdcf70c.wp-block-uagb-image .wp-block-uagb-image__figure img{width: px;height: auto;}}\";s:2:\"js\";s:0:\"\";s:18:\"current_block_list\";a:28:{i:0;s:10:\"core\/group\";i:2;s:24:\"core\/post-featured-image\";i:3;s:15:\"core\/post-title\";i:5;s:14:\"core\/post-date\";i:6;s:16:\"core\/post-author\";i:7;s:15:\"core\/post-terms\";i:8;s:17:\"core\/post-content\";i:9;s:14:\"core\/separator\";i:10;s:13:\"core\/comments\";i:11;s:19:\"core\/comments-title\";i:12;s:21:\"core\/comment-template\";i:15;s:11:\"core\/avatar\";i:16;s:24:\"core\/comment-author-name\";i:17;s:17:\"core\/comment-date\";i:18;s:20:\"core\/comment-content\";i:19;s:23:\"core\/comment-reply-link\";i:20;s:24:\"core\/comments-pagination\";i:21;s:33:\"core\/comments-pagination-previous\";i:22;s:32:\"core\/comments-pagination-numbers\";i:23;s:29:\"core\/comments-pagination-next\";i:24;s:23:\"core\/post-comments-form\";i:25;s:14:\"core\/tag-cloud\";i:26;s:12:\"core\/heading\";i:27;s:14:\"core\/paragraph\";i:28;s:12:\"core\/buttons\";i:29;s:11:\"core\/button\";i:30;s:10:\"uagb\/image\";i:31;s:10:\"core\/image\";}s:8:\"uag_flag\";b:1;s:11:\"uag_version\";s:10:\"1777537989\";s:6:\"gfonts\";a:0:{}s:10:\"gfonts_url\";s:0:\"\";s:12:\"gfonts_files\";a:0:{}s:14:\"uag_faq_layout\";b:0;}"]},"uagb_featured_image_src":{"full":["https:\/\/mv-sport.de\/c\/wp-content\/uploads\/2019\/08\/landesfeuerwehrwettbewerbe-2019_b2_c_lfv-mv.jpg",1000,667,false],"thumbnail":["https:\/\/mv-sport.de\/c\/wp-content\/uploads\/2019\/08\/landesfeuerwehrwettbewerbe-2019_b2_c_lfv-mv-150x150.jpg",150,150,true],"medium":["https:\/\/mv-sport.de\/c\/wp-content\/uploads\/2019\/08\/landesfeuerwehrwettbewerbe-2019_b2_c_lfv-mv-600x600.jpg",350,350,true],"medium_large":["https:\/\/mv-sport.de\/c\/wp-content\/uploads\/2019\/08\/landesfeuerwehrwettbewerbe-2019_b2_c_lfv-mv.jpg",768,512,false],"large":["https:\/\/mv-sport.de\/c\/wp-content\/uploads\/2019\/08\/landesfeuerwehrwettbewerbe-2019_b2_c_lfv-mv.jpg",1000,667,false],"1536x1536":["https:\/\/mv-sport.de\/c\/wp-content\/uploads\/2019\/08\/landesfeuerwehrwettbewerbe-2019_b2_c_lfv-mv.jpg",1000,667,false],"2048x2048":["https:\/\/mv-sport.de\/c\/wp-content\/uploads\/2019\/08\/landesfeuerwehrwettbewerbe-2019_b2_c_lfv-mv.jpg",1000,667,false],"ultp_layout_landscape_large":["https:\/\/mv-sport.de\/c\/wp-content\/uploads\/2019\/08\/landesfeuerwehrwettbewerbe-2019_b2_c_lfv-mv.jpg",1000,667,false],"ultp_layout_landscape":["https:\/\/mv-sport.de\/c\/wp-content\/uploads\/2019\/08\/landesfeuerwehrwettbewerbe-2019_b2_c_lfv-mv.jpg",855,570,false],"ultp_layout_portrait":["https:\/\/mv-sport.de\/c\/wp-content\/uploads\/2019\/08\/landesfeuerwehrwettbewerbe-2019_b2_c_lfv-mv.jpg",600,400,false],"ultp_layout_square":["https:\/\/mv-sport.de\/c\/wp-content\/uploads\/2019\/08\/landesfeuerwehrwettbewerbe-2019_b2_c_lfv-mv.jpg",600,400,false]},"uagb_author_info":{"display_name":"MV-Sport.de","author_link":"https:\/\/mv-sport.de\/c\/author\/mv-sport-de\/"},"uagb_comment_info":0,"uagb_excerpt":"Gemeinsame Landesfeuerwehrwettbewerbe der Aktiven und Jugendfeuerwehren in MV Schwerin \/ Ludwigslust \u2013 Am 23. und 24. August 2019 veranstalteten der Landesfeuerwehrverband Mecklenburg-Vorpommern und seine Jugendabteilung, die Landesjugendfeuerwehr M-V, die gemeinsamen Landesfeuerwehrwettbewerbe in Techentin und Ludwigslust (Landkreis Ludwigslust-Parchim). Rund 1200 Teilnehmer und Unterst\u00fctzer sind zusammen mit Vertretern aus der Regional-, Landes- und Bundespolitik der Einladung zu&hellip;","_links":{"self":[{"href":"https:\/\/mv-sport.de\/c\/wp-json\/wp\/v2\/posts\/35301","targetHints":{"allow":["GET"]}}],"collection":[{"href":"https:\/\/mv-sport.de\/c\/wp-json\/wp\/v2\/posts"}],"about":[{"href":"https:\/\/mv-sport.de\/c\/wp-json\/wp\/v2\/types\/post"}],"author":[{"embeddable":true,"href":"https:\/\/mv-sport.de\/c\/wp-json\/wp\/v2\/users\/2"}],"replies":[{"embeddable":true,"href":"https:\/\/mv-sport.de\/c\/wp-json\/wp\/v2\/comments?post=35301"}],"version-history":[{"count":0,"href":"https:\/\/mv-sport.de\/c\/wp-json\/wp\/v2\/posts\/35301\/revisions"}],"wp:featuredmedia":[{"embeddable":true,"href":"https:\/\/mv-sport.de\/c\/wp-json\/wp\/v2\/media\/35307"}],"wp:attachment":[{"href":"https:\/\/mv-sport.de\/c\/wp-json\/wp\/v2\/media?parent=35301"}],"wp:term":[{"taxonomy":"category","embeddable":true,"href":"https:\/\/mv-sport.de\/c\/wp-json\/wp\/v2\/categories?post=35301"},{"taxonomy":"post_tag","embeddable":true,"href":"https:\/\/mv-sport.de\/c\/wp-json\/wp\/v2\/tags?post=35301"},{"taxonomy":"ort","embeddable":true,"href":"https:\/\/mv-sport.de\/c\/wp-json\/wp\/v2\/ort?post=35301"}],"curies":[{"name":"wp","href":"https:\/\/api.w.org\/{rel}","templated":true}]}}