{"id":35990,"date":"2019-09-08T13:18:36","date_gmt":"2019-09-08T11:18:36","guid":{"rendered":"https:\/\/mv-sport.de\/?p=35990"},"modified":"2019-09-08T13:18:36","modified_gmt":"2019-09-08T11:18:36","slug":"sommerfest-der-laufgruppe-mitten-im-wald","status":"publish","type":"post","link":"https:\/\/mv-sport.de\/c\/sommerfest-der-laufgruppe-mitten-im-wald\/","title":{"rendered":"Sommerfest der Laufgruppe \u2013 mitten im Wald"},"content":{"rendered":"<p style=\"margin-bottom: 9.75pt\"><span style=\"font-size: 14.0pt;font-family: 'Arial','sans-serif'\">Auf der Schie\u00dfanlage der Tessiner Sch\u00fctzenzunft feierten die Ausdauersportler des Sportclubs Laage gemeinsam mit Freunden und F\u00f6rderern ihr traditionelles Sommerfest. Mitten im Wald bei k\u00fchlen 18 Grad und ganz rustikal wurden bei Diskokl\u00e4ngen und guten Gespr\u00e4chen Ehrungen zelebriert, Dankesworte gesprochen und nat\u00fcrlich die zur\u00fcckliegenden Monate genau unter die Lupe genommen. F\u00fcr den kulturellen H\u00f6hepunkt des Sommerfestes sorgte \u201eHorst Schl\u00e4mmer\u201c, alias Stefan Warncke. Wie immer hatte er sich einen Kandidaten rausgepickt und ganz genau aufs Korn genommen. Deshalb blieb kein Auge trocken und das Lachen hielt bis in den sp\u00e4ten Abend an. Zuvor wurde am Nachmittag im Kreise der j\u00fcngsten Mitglieder der Kinderehrenpreis \u201eSTARK UND SCHNELL\u201c durch den 1.Vorsitzenden des SC Laage, Uwe Michaelis, an Pia Behn, Phoebe Wendt und Pia Joelina Boldt verliehen, da alle drei M\u00e4dchen den Vorgaben der Ehrung entsprachen. Uwe Michaelis erkl\u00e4rte dazu:\u201cDer Ehrenpreis kann an Kinder des Vereins verliehen werden, die auch abseits des sportlichen Geschehens nachhaltig zum Gelingen der Vereinsarbeit beigetragen haben. Besonders soll damit die Entwicklung der sozialen Kompetenz sowie die Hilfsbereitschaft und die Aufmerksamkeit gegen\u00fcber anderen Sportlerinnen und Sportlern des Vereins gew\u00fcrdigt werden.\u201c<br \/>\nAm Abend erhielt Grit Winkelmann-G\u00f6llnitz den Ehrenpreis des Clubs und Jana Fischer, Andreas L\u00fcbs und Marcel Raith wurden mit der Ehrennadel des SC Laage bedacht.<br \/>\nNeben den Ehrungen wurden allen F\u00f6rderern und Freunden Sponsorenmappen \u00fcbergeben, die die Arbeit der Sportlerinnen und Sportler in den vergangenen zw\u00f6lf Monaten widerspiegelten. Denen, die nicht anwesend sein konnten, werden diese nat\u00fcrlich im Nachgang \u00fcberreicht. \u00a0 \u00a0Bis in den Abend feierten die Anwesenden sich und die Erfolge des Clubs. Es wurde ausgiebig gespeist, getrunken und \u00fcber die M\u00f6glichkeiten philosophiert, die ein so agiler Verein bietet. Schlie\u00dflich ist die sportliche Entwicklung der Laager Laufgruppe nicht zu \u00fcbersehen und Zukunftspl\u00e4ne sind schon bis in das kommende Jahr gemacht. Denn im Juni 2020 feiert die agile Truppe ihren 20.Geburtstag.<br \/>\n<\/span><span style=\"font-size: 14.0pt;font-family: 'Arial','sans-serif'\">Abschlie\u00dfend gilt allen die sich eingebracht haben ein ganz gro\u00dfes Dankesch\u00f6n. Auf und Abbau, die Bereitstellung von Salaten, Brot und Dips, der Transport von Material und der Versorgung. Alles lag in den H\u00e4nden der Laufgruppenmitglieder und engagierter Freunde. Und alles hat perfekt funktioniert. Aber ohne das ehrenamtliche Engagement ist die Durchf\u00fchrung einer solchen Aktion unm\u00f6glich. <\/span><\/p>\n<p style=\"margin-bottom: 9.75pt\"><span style=\"font-size: 14.0pt;font-family: 'Arial','sans-serif'\">SC Laage<\/span><\/p>\n<figure id=\"attachment_35991\" aria-describedby=\"caption-attachment-35991\" style=\"width: 1024px\" class=\"wp-caption aligncenter\"><a href=\"https:\/\/mv-sport.de\/wp-content\/uploads\/2019\/09\/img_20190907_181043.jpg\"><img loading=\"lazy\" decoding=\"async\" class=\"size-large wp-image-35991\" src=\"https:\/\/mv-sport.de\/wp-content\/uploads\/2019\/09\/img_20190907_181043-1024x768.jpg\" alt=\"\" width=\"1024\" height=\"768\" \/><\/a><figcaption id=\"caption-attachment-35991\" class=\"wp-caption-text\">Das Foto zeigt Marcel Raith, Andreas L\u00fcbs und Jana Fischer bei deren Ehrung. Foto: Falk Bartusch<\/figcaption><\/figure>\n","protected":false},"excerpt":{"rendered":"<p>Auf der Schie\u00dfanlage der Tessiner Sch\u00fctzenzunft feierten die Ausdauersportler des Sportclubs Laage gemeinsam mit Freunden und F\u00f6rderern ihr traditionelles Sommerfest. Mitten im Wald bei k\u00fchlen 18 Grad und ganz rustikal wurden bei Diskokl\u00e4ngen und guten Gespr\u00e4chen Ehrungen zelebriert, Dankesworte gesprochen und nat\u00fcrlich die zur\u00fcckliegenden Monate genau unter die Lupe genommen. F\u00fcr den kulturellen H\u00f6hepunkt des [&hellip;]<\/p>\n","protected":false},"author":7,"featured_media":0,"comment_status":"open","ping_status":"open","sticky":false,"template":"","format":"standard","meta":{"_seopress_robots_primary_cat":"none","_seopress_titles_title":"","_seopress_titles_desc":"","_seopress_robots_index":"","_relevanssi_hide_post":"","_relevanssi_hide_content":"","_relevanssi_pin_for_all":"","_relevanssi_pin_keywords":"","_relevanssi_unpin_keywords":"","_relevanssi_related_keywords":"","_relevanssi_related_include_ids":"","_relevanssi_related_exclude_ids":"","_relevanssi_related_no_append":"","_relevanssi_related_not_related":"","_relevanssi_related_posts":"","_relevanssi_noindex_reason":"","_uag_custom_page_level_css":"","footnotes":""},"categories":[47],"tags":[],"ort":[],"class_list":{"0":"post-35990","1":"post","2":"type-post","3":"status-publish","4":"format-standard","6":"category-laufsport"},"featured_image_urls":null,"spectra_custom_meta":{"uab_option":["yes"],"uab_meta_position":["default"],"_extra_rating_average":["0"],"_seopress_analysis_data":["a:12:{s:5:\"title\";s:58:\"Sommerfest der Laufgruppe \u2013 mitten im Wald | MV-Sport.de\";s:9:\"meta_desc\";s:390:\"Auf der Schie\u00dfanlage der Tessiner Sch\u00fctzenzunft feierten die Ausdauersportler des Sportclubs Laage gemeinsam mit Freunden und F\u00f6rderern ihr traditionelles Sommerfest. Mitten im Wald bei k\u00fchlen 18 Grad und ganz rustikal wurden bei Diskokl\u00e4ngen und guten Gespr\u00e4chen Ehrungen zelebriert, Dankesworte gesprochen und nat\u00fcrlich die zur\u00fcckliegenden Monate genau unter die Lupe genommen.\u2026\";s:8:\"og_title\";s:58:\"Sommerfest der Laufgruppe \u2013 mitten im Wald | MV-Sport.de\";s:7:\"og_desc\";s:390:\"Auf der Schie\u00dfanlage der Tessiner Sch\u00fctzenzunft feierten die Ausdauersportler des Sportclubs Laage gemeinsam mit Freunden und F\u00f6rderern ihr traditionelles Sommerfest. Mitten im Wald bei k\u00fchlen 18 Grad und ganz rustikal wurden bei Diskokl\u00e4ngen und guten Gespr\u00e4chen Ehrungen zelebriert, Dankesworte gesprochen und nat\u00fcrlich die zur\u00fcckliegenden Monate genau unter die Lupe genommen.\u2026\";s:6:\"og_img\";s:70:\"https:\/\/mv-sport.de\/wp-content\/uploads\/2019\/09\/img_20190907_181043.jpg\";s:8:\"tw_title\";s:58:\"Sommerfest der Laufgruppe \u2013 mitten im Wald | MV-Sport.de\";s:7:\"tw_desc\";s:390:\"Auf der Schie\u00dfanlage der Tessiner Sch\u00fctzenzunft feierten die Ausdauersportler des Sportclubs Laage gemeinsam mit Freunden und F\u00f6rderern ihr traditionelles Sommerfest. Mitten im Wald bei k\u00fchlen 18 Grad und ganz rustikal wurden bei Diskokl\u00e4ngen und guten Gespr\u00e4chen Ehrungen zelebriert, Dankesworte gesprochen und nat\u00fcrlich die zur\u00fcckliegenden Monate genau unter die Lupe genommen.\u2026\";s:9:\"canonical\";s:61:\"https:\/\/mv-sport.de\/sommerfest-der-laufgruppe-mitten-im-wald\/\";s:3:\"img\";a:1:{s:6:\"images\";a:8:{i:0;s:79:\"https:\/\/mv-sport.de\/wp-content\/uploads\/2019\/09\/img_20190907_181043-1024x768.jpg\";i:1;s:59:\"https:\/\/mv-sport.de\/wp-content\/uploads\/2017\/06\/sc_laage.png\";i:2;s:89:\"https:\/\/mv-sport.de\/wp-content\/sabai\/File\/thumbnails\/daba6d7e3046d161a8983d71bc83ee33.png\";i:3;s:89:\"https:\/\/mv-sport.de\/wp-content\/sabai\/File\/thumbnails\/ab10386c131cfe2a605056fdbb530141.png\";i:4;s:89:\"https:\/\/mv-sport.de\/wp-content\/sabai\/File\/thumbnails\/cb650e0f5d25efa1e23e183d9f3e03b1.jpg\";i:5;s:44:\"https:\/\/www.paypal.com\/de_DE\/i\/scr\/pixel.gif\";i:6;s:61:\"https:\/\/mv-sport.de\/wp-content\/uploads\/2017\/05\/140x70px-3.gif\";i:7;s:43:\"\/\/ads.ad-mv.de\/c\/piwik.php?idsite=162&rec=1\";}}s:14:\"outbound_links\";a:7:{i:0;a:1:{s:29:\"http:\/\/www.sportclub-laage.de\";s:29:\"http:\/\/www.sportclub-laage.de\";}i:1;a:1:{s:34:\"https:\/\/www.facebook.com\/MVSportde\";s:0:\"\";}i:2;a:1:{s:37:\"https:\/\/www.instagram.com\/mv_sport.de\";s:0:\"\";}i:3;a:1:{s:20:\"http:\/\/www.web-mv.de\";s:9:\"web-mv.de\";}i:4;a:1:{s:33:\"http:\/\/www.webdesign-schwerin.net\";s:0:\"\";}i:5;a:1:{s:34:\"https:\/\/www.facebook.com\/MVSportde\";s:13:\"\n    Like us!\";}i:6;a:1:{s:37:\"https:\/\/www.instagram.com\/mv_sport.de\";s:15:\"\n    Follow us!\";}}s:13:\"words_counter\";i:372;s:20:\"words_counter_unique\";i:244;}"],"_edit_lock":["1567941628:7"],"_edit_last":["7"],"xyz_fbap_future_to_publish":["a:3:{s:18:\"post_fb_permission\";i:1;s:18:\"xyz_fbap_po_method\";s:1:\"2\";s:16:\"xyz_fbap_message\";s:17:\"{POST_EXCERPT}...\";}"],"xyz_fbap":["1"],"xyz_fbap_insert_og":["0"],"post_views_count":["680"],"_seopress_titles_title":[""],"_seopress_titles_desc":[""],"_seopress_robots_canonical":[""],"_seopress_robots_primary_cat":["none"],"_seopress_robots_breadcrumbs":[""],"_seopress_social_fb_title":[""],"_seopress_social_fb_desc":[""],"_seopress_social_fb_img":[""],"_seopress_social_twitter_title":[""],"_seopress_social_twitter_desc":[""],"_seopress_social_twitter_img":[""],"_seopress_redirections_type":["301"],"_seopress_redirections_value":[""],"_seopress_video":["a:1:{i:0;a:9:{s:3:\"url\";s:0:\"\";s:5:\"title\";s:0:\"\";s:4:\"desc\";s:0:\"\";s:9:\"thumbnail\";s:0:\"\";s:8:\"duration\";s:0:\"\";s:6:\"rating\";s:0:\"\";s:10:\"view_count\";s:0:\"\";s:3:\"tag\";s:0:\"\";s:3:\"cat\";s:0:\"\";}}"],"_post_review_box_title":["Rezension"],"_post_review_box_summary":[""],"_post_review_box_summary_title":["Zusammenfassung"],"_post_review_box_breakdowns_score":["0"],"_post_review_box_breakdowns_count":["1"],"_post_review_box_breakdowns":["a:1:{i:0;a:2:{s:5:\"title\";s:0:\"\";s:6:\"rating\";i:0;}}"],"_extra_sidebar_location":[""],"_extra_sidebar":[""],"wp_schema_pro_optimized_structured_data":["<!-- Schema optimized by Schema Pro --><script type=\"application\/ld+json\">{\"@context\":\"https:\/\/schema.org\",\"@type\":\"NewsArticle\",\"mainEntityOfPage\":{\"@type\":\"WebPage\",\"@id\":\"https:\/\/mv-sport.de\/sommerfest-der-laufgruppe-mitten-im-wald\/\"},\"headline\":\"Sommerfest der Laufgruppe \u2013 mitten im Wald\",\"datePublished\":\"2019-09-08T13:18:36\",\"dateModified\":\"2019-09-08T13:18:36\",\"author\":{\"@type\":\"Person\",\"name\":\"Sportclub Laage e.V.\",\"url\":\"https:\/\/mv-sport.de\/author\/sportclub-laage-e-v\"},\"publisher\":{\"@type\":\"Organization\",\"name\":\"MV-Sport.de - Sportvereine &amp; Sportnachrichten Mecklenburg-Vorpommern\",\"logo\":{\"@type\":\"ImageObject\",\"url\":\"https:\/\/mv-sport.de\/wp-content\/uploads\/2017\/05\/logo-mv-sport-292x60.png\"}}}<\/script><!-- \/ Schema optimized by Schema Pro -->"],"__post_views_count":["731"],"astra_style_timestamp_css":["1757073279"],"_uag_css_file_name":["uag-css-35990.css"],"_uag_page_assets":["a:9:{s:3:\"css\";s:7010:\".uagb-block-88f5875d.wp-block-uagb-image--layout-default figure img{box-shadow: 0px 0px 0 #00000070;}.uagb-block-88f5875d.wp-block-uagb-image .wp-block-uagb-image__figure figcaption{font-style: normal;align-self: center;}.uagb-block-88f5875d.wp-block-uagb-image--layout-overlay figure img{box-shadow: 0px 0px 0 #00000070;}.uagb-block-88f5875d.wp-block-uagb-image--layout-overlay .wp-block-uagb-image--layout-overlay__color-wrapper{opacity: 0.2;}.uagb-block-88f5875d.wp-block-uagb-image--layout-overlay .wp-block-uagb-image--layout-overlay__inner{left: 15px;right: 15px;top: 15px;bottom: 15px;}.uagb-block-88f5875d.wp-block-uagb-image--layout-overlay .wp-block-uagb-image--layout-overlay__inner .uagb-image-heading{font-style: normal;color: #fff;opacity: 1;}.uagb-block-88f5875d.wp-block-uagb-image--layout-overlay .wp-block-uagb-image--layout-overlay__inner .uagb-image-heading a{color: #fff;}.uagb-block-88f5875d.wp-block-uagb-image--layout-overlay .wp-block-uagb-image--layout-overlay__inner .uagb-image-caption{opacity: 0;}.uagb-block-88f5875d.wp-block-uagb-image--layout-overlay .wp-block-uagb-image__figure:hover .wp-block-uagb-image--layout-overlay__color-wrapper{opacity: 1;}.uagb-block-88f5875d.wp-block-uagb-image .wp-block-uagb-image--layout-overlay__inner .uagb-image-separator{width: 30%;border-top-width: 2px;border-top-color: #fff;opacity: 0;}.uagb-block-88f5875d.wp-block-uagb-image .wp-block-uagb-image__figure img{width: 297px;height: auto;}.uagb-block-88f5875d.wp-block-uagb-image .wp-block-uagb-image__figure:hover .wp-block-uagb-image--layout-overlay__inner .uagb-image-caption{opacity: 1;}.uagb-block-88f5875d.wp-block-uagb-image .wp-block-uagb-image__figure:hover .wp-block-uagb-image--layout-overlay__inner .uagb-image-separator{opacity: 1;}.uagb-block-88f5875d.wp-block-uagb-image--layout-default figure:hover img{box-shadow: 0px 0px 0 #00000070;}.uagb-block-88f5875d.wp-block-uagb-image--layout-overlay figure:hover img{box-shadow: 0px 0px 0 #00000070;}@media only screen and (max-width: 976px) {.uagb-block-88f5875d.wp-block-uagb-image .wp-block-uagb-image__figure img{width: 297px;height: auto;}}@media only screen and (max-width: 767px) {.uagb-block-88f5875d.wp-block-uagb-image .wp-block-uagb-image__figure img{width: 297px;height: auto;}}.uagb-block-b6c54374.wp-block-uagb-image{margin-top: 0px;margin-right: 0px;margin-bottom: 0px;margin-left: 0px;}.uagb-block-b6c54374.wp-block-uagb-image--layout-default figure img{box-shadow: 0px 0px 0 #00000070;}.uagb-block-b6c54374.wp-block-uagb-image .wp-block-uagb-image__figure figcaption{font-style: normal;align-self: center;}.uagb-block-b6c54374.wp-block-uagb-image--layout-overlay figure img{box-shadow: 0px 0px 0 #00000070;}.uagb-block-b6c54374.wp-block-uagb-image--layout-overlay .wp-block-uagb-image--layout-overlay__color-wrapper{opacity: 0.2;}.uagb-block-b6c54374.wp-block-uagb-image--layout-overlay .wp-block-uagb-image--layout-overlay__inner{left: 15px;right: 15px;top: 15px;bottom: 15px;}.uagb-block-b6c54374.wp-block-uagb-image--layout-overlay .wp-block-uagb-image--layout-overlay__inner .uagb-image-heading{font-style: normal;color: #fff;opacity: 1;}.uagb-block-b6c54374.wp-block-uagb-image--layout-overlay .wp-block-uagb-image--layout-overlay__inner .uagb-image-heading a{color: #fff;}.uagb-block-b6c54374.wp-block-uagb-image--layout-overlay .wp-block-uagb-image--layout-overlay__inner .uagb-image-caption{opacity: 0;}.uagb-block-b6c54374.wp-block-uagb-image--layout-overlay .wp-block-uagb-image__figure:hover .wp-block-uagb-image--layout-overlay__color-wrapper{opacity: 1;}.uagb-block-b6c54374.wp-block-uagb-image .wp-block-uagb-image--layout-overlay__inner .uagb-image-separator{width: 30%;border-top-width: 2px;border-top-color: #fff;opacity: 0;}.uagb-block-b6c54374.wp-block-uagb-image .wp-block-uagb-image__figure img{width: px;height: auto;}.uagb-block-b6c54374.wp-block-uagb-image .wp-block-uagb-image__figure:hover .wp-block-uagb-image--layout-overlay__inner .uagb-image-caption{opacity: 1;}.uagb-block-b6c54374.wp-block-uagb-image .wp-block-uagb-image__figure:hover .wp-block-uagb-image--layout-overlay__inner .uagb-image-separator{opacity: 1;}.uagb-block-b6c54374.wp-block-uagb-image--layout-default figure:hover img{box-shadow: 0px 0px 0 #00000070;}.uagb-block-b6c54374.wp-block-uagb-image--layout-overlay figure:hover img{box-shadow: 0px 0px 0 #00000070;}@media only screen and (max-width: 976px) {.uagb-block-b6c54374.wp-block-uagb-image .wp-block-uagb-image__figure img{width: px;height: auto;}}@media only screen and (max-width: 767px) {.uagb-block-b6c54374.wp-block-uagb-image .wp-block-uagb-image__figure img{width: px;height: auto;}}.uagb-block-2bdcf70c.wp-block-uagb-image{margin-top: 0px;margin-right: 0px;margin-bottom: 0px;margin-left: 0px;}.uagb-block-2bdcf70c.wp-block-uagb-image--layout-default figure img{box-shadow: 0px 0px 0 #00000070;}.uagb-block-2bdcf70c.wp-block-uagb-image .wp-block-uagb-image__figure figcaption{font-style: normal;align-self: center;}.uagb-block-2bdcf70c.wp-block-uagb-image--layout-overlay figure img{box-shadow: 0px 0px 0 #00000070;}.uagb-block-2bdcf70c.wp-block-uagb-image--layout-overlay .wp-block-uagb-image--layout-overlay__color-wrapper{opacity: 0.2;}.uagb-block-2bdcf70c.wp-block-uagb-image--layout-overlay .wp-block-uagb-image--layout-overlay__inner{left: 15px;right: 15px;top: 15px;bottom: 15px;}.uagb-block-2bdcf70c.wp-block-uagb-image--layout-overlay .wp-block-uagb-image--layout-overlay__inner .uagb-image-heading{font-style: normal;color: #fff;opacity: 1;}.uagb-block-2bdcf70c.wp-block-uagb-image--layout-overlay .wp-block-uagb-image--layout-overlay__inner .uagb-image-heading a{color: #fff;}.uagb-block-2bdcf70c.wp-block-uagb-image--layout-overlay .wp-block-uagb-image--layout-overlay__inner .uagb-image-caption{opacity: 0;}.uagb-block-2bdcf70c.wp-block-uagb-image--layout-overlay .wp-block-uagb-image__figure:hover .wp-block-uagb-image--layout-overlay__color-wrapper{opacity: 1;}.uagb-block-2bdcf70c.wp-block-uagb-image .wp-block-uagb-image--layout-overlay__inner .uagb-image-separator{width: 30%;border-top-width: 2px;border-top-color: #fff;opacity: 0;}.uagb-block-2bdcf70c.wp-block-uagb-image .wp-block-uagb-image__figure img{width: px;height: auto;}.uagb-block-2bdcf70c.wp-block-uagb-image .wp-block-uagb-image__figure:hover .wp-block-uagb-image--layout-overlay__inner .uagb-image-caption{opacity: 1;}.uagb-block-2bdcf70c.wp-block-uagb-image .wp-block-uagb-image__figure:hover .wp-block-uagb-image--layout-overlay__inner .uagb-image-separator{opacity: 1;}.uagb-block-2bdcf70c.wp-block-uagb-image--layout-default figure:hover img{box-shadow: 0px 0px 0 #00000070;}.uagb-block-2bdcf70c.wp-block-uagb-image--layout-overlay figure:hover img{box-shadow: 0px 0px 0 #00000070;}@media only screen and (max-width: 976px) {.uagb-block-2bdcf70c.wp-block-uagb-image .wp-block-uagb-image__figure img{width: px;height: auto;}}@media only screen and (max-width: 767px) {.uagb-block-2bdcf70c.wp-block-uagb-image .wp-block-uagb-image__figure img{width: px;height: auto;}}\";s:2:\"js\";s:0:\"\";s:18:\"current_block_list\";a:28:{i:0;s:10:\"core\/group\";i:2;s:24:\"core\/post-featured-image\";i:3;s:15:\"core\/post-title\";i:5;s:14:\"core\/post-date\";i:6;s:16:\"core\/post-author\";i:7;s:15:\"core\/post-terms\";i:8;s:17:\"core\/post-content\";i:9;s:14:\"core\/separator\";i:10;s:13:\"core\/comments\";i:11;s:19:\"core\/comments-title\";i:12;s:21:\"core\/comment-template\";i:15;s:11:\"core\/avatar\";i:16;s:24:\"core\/comment-author-name\";i:17;s:17:\"core\/comment-date\";i:18;s:20:\"core\/comment-content\";i:19;s:23:\"core\/comment-reply-link\";i:20;s:24:\"core\/comments-pagination\";i:21;s:33:\"core\/comments-pagination-previous\";i:22;s:32:\"core\/comments-pagination-numbers\";i:23;s:29:\"core\/comments-pagination-next\";i:24;s:23:\"core\/post-comments-form\";i:25;s:14:\"core\/tag-cloud\";i:26;s:12:\"core\/heading\";i:27;s:14:\"core\/paragraph\";i:28;s:12:\"core\/buttons\";i:29;s:11:\"core\/button\";i:30;s:10:\"uagb\/image\";i:31;s:10:\"core\/image\";}s:8:\"uag_flag\";b:1;s:11:\"uag_version\";s:10:\"1777278437\";s:6:\"gfonts\";a:0:{}s:10:\"gfonts_url\";s:0:\"\";s:12:\"gfonts_files\";a:0:{}s:14:\"uag_faq_layout\";b:0;}"]},"uagb_featured_image_src":{"full":false,"thumbnail":false,"medium":false,"medium_large":false,"large":false,"1536x1536":false,"2048x2048":false,"ultp_layout_landscape_large":false,"ultp_layout_landscape":false,"ultp_layout_portrait":false,"ultp_layout_square":false},"uagb_author_info":{"display_name":"Sportclub Laage e.V.","author_link":"https:\/\/mv-sport.de\/c\/author\/sportclub-laage-e-v\/"},"uagb_comment_info":0,"uagb_excerpt":"Auf der Schie\u00dfanlage der Tessiner Sch\u00fctzenzunft feierten die Ausdauersportler des Sportclubs Laage gemeinsam mit Freunden und F\u00f6rderern ihr traditionelles Sommerfest. Mitten im Wald bei k\u00fchlen 18 Grad und ganz rustikal wurden bei Diskokl\u00e4ngen und guten Gespr\u00e4chen Ehrungen zelebriert, Dankesworte gesprochen und nat\u00fcrlich die zur\u00fcckliegenden Monate genau unter die Lupe genommen. F\u00fcr den kulturellen H\u00f6hepunkt des&hellip;","_links":{"self":[{"href":"https:\/\/mv-sport.de\/c\/wp-json\/wp\/v2\/posts\/35990","targetHints":{"allow":["GET"]}}],"collection":[{"href":"https:\/\/mv-sport.de\/c\/wp-json\/wp\/v2\/posts"}],"about":[{"href":"https:\/\/mv-sport.de\/c\/wp-json\/wp\/v2\/types\/post"}],"author":[{"embeddable":true,"href":"https:\/\/mv-sport.de\/c\/wp-json\/wp\/v2\/users\/7"}],"replies":[{"embeddable":true,"href":"https:\/\/mv-sport.de\/c\/wp-json\/wp\/v2\/comments?post=35990"}],"version-history":[{"count":0,"href":"https:\/\/mv-sport.de\/c\/wp-json\/wp\/v2\/posts\/35990\/revisions"}],"wp:attachment":[{"href":"https:\/\/mv-sport.de\/c\/wp-json\/wp\/v2\/media?parent=35990"}],"wp:term":[{"taxonomy":"category","embeddable":true,"href":"https:\/\/mv-sport.de\/c\/wp-json\/wp\/v2\/categories?post=35990"},{"taxonomy":"post_tag","embeddable":true,"href":"https:\/\/mv-sport.de\/c\/wp-json\/wp\/v2\/tags?post=35990"},{"taxonomy":"ort","embeddable":true,"href":"https:\/\/mv-sport.de\/c\/wp-json\/wp\/v2\/ort?post=35990"}],"curies":[{"name":"wp","href":"https:\/\/api.w.org\/{rel}","templated":true}]}}