{"id":37758,"date":"2019-09-19T12:15:46","date_gmt":"2019-09-19T10:15:46","guid":{"rendered":"https:\/\/mv-sport.de\/?p=37758"},"modified":"2022-09-27T12:48:21","modified_gmt":"2022-09-27T10:48:21","slug":"wm-silber-und-bronze-fuer-para-schwimmerin-denise-grahl","status":"publish","type":"post","link":"https:\/\/mv-sport.de\/c\/wm-silber-und-bronze-fuer-para-schwimmerin-denise-grahl\/","title":{"rendered":"WM-Silber und -Bronze f\u00fcr Para-Schwimmerin Denise Grahl"},"content":{"rendered":"<h3>Rostockerin avanzierte zur zweiterfolgreichsten Starterin im Deutschen Team<\/h3>\n<p>Bei den Para Schwimmen-Weltmeisterschaften im Londoner Aquatics Center hat die Rostockerin Denise Grahl ein Ausrufezeichen gesetzt. \u00dcber die 100 Meter Freistil der Startklasse S7 holte die 26 Jahre alte Athletin des Hanse-Schwimmverein Rostock e.V. am Samstag Silber. Die amtierende Europameisterin musste sich im Finale lediglich der US-Amerikanerin McKenzie Coan geschlagen geben. Am Ende trennten Grahl deutliche 3,27 Sekunden von der neuen Weltmeisterin. Neben der Freude \u00fcber den Vizetitel lie\u00df sie nach dem Rennen noch einmal ihr anvisiertes Ziel durchblicken: &#8222;Eigentlich h\u00e4tte ich auch gerne eine neue Bestzeit aufgestellt.&#8220;<\/p>\n<p>Am Sonntag folgte dann die zweite Paradestrecke und erkl\u00e4rte Lieblingsdisziplin der geb\u00fcrtigen Schwerinerin. Ein weiterer Podestplatz klar formuliert. Immerhin ist sie auf den 50 Meter Freistil ebenfalls Europas beste Para-Schwimmerin, sowie Vize-Weltmeisterin von 2017.<br \/>\nVom Ehrgeiz getragen schlug Grahl im Finale nach guten 33,38 Sekunden am Beckenrand an. F\u00fcr Gold reichte es aber auch hier nicht. Vor ihr die beiden US-Amerikanerinnen Mallory Weggemann (32,22 Sekunden) und Coan McKenzie (32,52 Sekunden). Das Ziel, ganz oben auf dem Treppchen zu stehen, erneut knapp verfehlt. Wieder am ganz gro\u00dfen Wurf vorbei. &#8222;Ich denke, das wird erst noch ein paar Wochen dauern, bis ich das realisiert habe und mich dann auch wirklich freuen kann&#8220;, sagte die gelernte Krankenpflegerin nach der Siegerehrung. Dennoch, ihre WM-Bronzemedaille ist ein hervorragendes Ergebnis f\u00fcr die Deutsche Para Schwimmen-Nationalmannschaft. Sechsmal Edelmetall f\u00fcr Deutschland. Zwei Medaillen allein f\u00fcr Denise Grahl. Beachtlich.<\/p>\n<p>Auch Bundestrainerin Ute Schinkitz gibt sich hoch zufrieden: &#8222;Wir haben geholt, was man holen konnte. Von unseren 15 Sportlern waren elf davon Erststarter bei einer WM \u2013 das l\u00e4sst positiv in die Zukunft blicken.&#8220;<\/p>\n<p><span style=\"color: #999999;\"><em>red<\/em><\/span><\/p>\n","protected":false},"excerpt":{"rendered":"<p>Rostockerin avanzierte zur zweiterfolgreichsten Starterin im Deutschen Team Bei den Para Schwimmen-Weltmeisterschaften im Londoner Aquatics Center hat die Rostockerin Denise Grahl ein Ausrufezeichen gesetzt. \u00dcber die 100 Meter Freistil der Startklasse S7 holte die 26 Jahre alte Athletin des Hanse-Schwimmverein Rostock e.V. am Samstag Silber. Die amtierende Europameisterin musste sich im Finale lediglich der US-Amerikanerin [&hellip;]<\/p>\n","protected":false},"author":2,"featured_media":7671,"comment_status":"open","ping_status":"open","sticky":false,"template":"","format":"standard","meta":{"_seopress_robots_primary_cat":"none","_seopress_titles_title":"","_seopress_titles_desc":"Bei den Para Schwimmen-WM im Londoner Aquatics Center hat Denise Grahl ein Ausrufezeichen gesetzt. Silber \u00fcber 100 Meter und Bronze \u00fcber 50 Meter Freistil.","_seopress_robots_index":"","_relevanssi_hide_post":"","_relevanssi_hide_content":"","_relevanssi_pin_for_all":"","_relevanssi_pin_keywords":"","_relevanssi_unpin_keywords":"","_relevanssi_related_keywords":"","_relevanssi_related_include_ids":"","_relevanssi_related_exclude_ids":"","_relevanssi_related_no_append":"","_relevanssi_related_not_related":"","_relevanssi_related_posts":"","_relevanssi_noindex_reason":"","_uag_custom_page_level_css":"","footnotes":""},"categories":[32,19],"tags":[],"ort":[],"class_list":{"0":"post-37758","1":"post","2":"type-post","3":"status-publish","4":"format-standard","5":"has-post-thumbnail","7":"category-parasport","8":"category-schwimmen"},"featured_image_urls":{"medium":"https:\/\/mv-sport.de\/c\/wp-content\/uploads\/2017\/12\/schwimmen-beispiel-symbolfoto-600x600.jpg","medium_large":"https:\/\/mv-sport.de\/c\/wp-content\/uploads\/2017\/12\/schwimmen-beispiel-symbolfoto.jpg","large":"https:\/\/mv-sport.de\/c\/wp-content\/uploads\/2017\/12\/schwimmen-beispiel-symbolfoto.jpg","full":"https:\/\/mv-sport.de\/c\/wp-content\/uploads\/2017\/12\/schwimmen-beispiel-symbolfoto.jpg","alt":"50 Meter Schwimmbecken in der Unterwassersicht","caption":"Schwimmen Symbolfoto"},"spectra_custom_meta":{"uab_option":["yes"],"uab_meta_position":["default"],"_extra_rating_average":["0"],"_seopress_analysis_data":["a:19:{s:5:\"title\";s:73:\"WM-Silber und -Bronze f\u00fcr Para-Schwimmerin Denise Grahl \ud83e\udd47 MV-Sport.de\";s:12:\"link_preview\";s:104:\"https:\/\/mv-sport.de\/wm-silber-und-bronze-fuer-para-schwimmerin-denise-grahl\/?no_admin_bar=1&preview=true\";s:9:\"meta_desc\";s:157:\"Bei den Para Schwimmen-WM im Londoner Aquatics Center hat Denise Grahl ein Ausrufezeichen gesetzt. Silber \u00fcber 100 Meter und Bronze \u00fcber 50 Meter Freistil.\";s:8:\"og_title\";a:2:{s:5:\"count\";i:1;s:6:\"values\";a:1:{i:0;s:73:\"WM-Silber und -Bronze f\u00fcr Para-Schwimmerin Denise Grahl \ud83e\udd47 MV-Sport.de\";}}s:7:\"og_desc\";a:2:{s:5:\"count\";i:1;s:6:\"values\";a:1:{i:0;s:157:\"Bei den Para Schwimmen-WM im Londoner Aquatics Center hat Denise Grahl ein Ausrufezeichen gesetzt. Silber \u00fcber 100 Meter und Bronze \u00fcber 50 Meter Freistil.\";}}s:6:\"og_img\";a:2:{s:5:\"count\";i:1;s:6:\"values\";a:1:{i:0;s:80:\"https:\/\/mv-sport.de\/wp-content\/uploads\/2017\/12\/schwimmen-beispiel-symbolfoto.jpg\";}}s:6:\"og_url\";a:3:{s:5:\"count\";i:1;s:6:\"values\";a:1:{i:0;s:76:\"https:\/\/mv-sport.de\/wm-silber-und-bronze-fuer-para-schwimmerin-denise-grahl\/\";}s:4:\"host\";s:11:\"mv-sport.de\";}s:12:\"og_site_name\";a:2:{s:5:\"count\";i:1;s:6:\"values\";a:1:{i:0;s:72:\"MV-Sport.de - Sportvereine &amp; Sportnachrichten Mecklenburg-Vorpommern\";}}s:8:\"tw_title\";a:2:{s:5:\"count\";i:1;s:6:\"values\";a:1:{i:0;s:73:\"WM-Silber und -Bronze f\u00fcr Para-Schwimmerin Denise Grahl \ud83e\udd47 MV-Sport.de\";}}s:7:\"tw_desc\";a:2:{s:5:\"count\";i:1;s:6:\"values\";a:1:{i:0;s:157:\"Bei den Para Schwimmen-WM im Londoner Aquatics Center hat Denise Grahl ein Ausrufezeichen gesetzt. Silber \u00fcber 100 Meter und Bronze \u00fcber 50 Meter Freistil.\";}}s:6:\"tw_img\";a:2:{s:5:\"count\";i:1;s:6:\"values\";a:1:{i:0;s:80:\"https:\/\/mv-sport.de\/wp-content\/uploads\/2017\/12\/schwimmen-beispiel-symbolfoto.jpg\";}}s:9:\"canonical\";s:76:\"https:\/\/mv-sport.de\/wm-silber-und-bronze-fuer-para-schwimmerin-denise-grahl\/\";s:13:\"all_canonical\";a:1:{i:0;s:76:\"https:\/\/mv-sport.de\/wm-silber-und-bronze-fuer-para-schwimmerin-denise-grahl\/\";}s:2:\"h1\";a:1:{s:9:\"nomatches\";a:1:{s:5:\"count\";i:0;}}s:3:\"img\";a:1:{s:6:\"images\";a:2:{s:11:\"without_alt\";a:2:{i:0;s:88:\"https:\/\/mv-sport.de\/wp-content\/uploads\/2017\/06\/20080710-sascha-dima-rohlstuhlfechten.jpg\";i:1;s:63:\"https:\/\/mv-sport.de\/wp-content\/uploads\/2017\/06\/brittakamrau.jpg\";}s:8:\"with_alt\";a:4:{i:0;s:71:\"https:\/\/mv-sport.de\/wp-content\/uploads\/2017\/05\/logo-mv-sport-290x60.png\";i:1;s:71:\"https:\/\/mv-sport.de\/wp-content\/uploads\/2017\/05\/logo-mv-sport-290x60.png\";i:2;s:80:\"https:\/\/mv-sport.de\/wp-content\/uploads\/2017\/12\/schwimmen-beispiel-symbolfoto.jpg\";i:3;s:46:\"https:\/\/c.ad-mv.de\/matomo.php?idsite=162&rec=1\";}}}s:11:\"meta_robots\";a:1:{i:0;a:1:{i:0;s:13:\"index, follow\";}}s:14:\"outbound_links\";a:3:{i:4;a:1:{s:34:\"https:\/\/www.facebook.com\/MVSportde\";s:0:\"\";}i:5;a:1:{s:29:\"https:\/\/twitter.com\/MVSportde\";s:0:\"\";}i:6;a:1:{s:37:\"https:\/\/www.instagram.com\/mv_sport.de\";s:0:\"\";}}s:13:\"words_counter\";i:262;s:20:\"words_counter_unique\";i:204;}"],"_edit_lock":["1664275561:2"],"_edit_last":["2"],"_thumbnail_id":["7671"],"xyz_fbap_future_to_publish":["a:3:{s:18:\"post_fb_permission\";i:0;s:18:\"xyz_fbap_po_method\";s:1:\"2\";s:16:\"xyz_fbap_message\";s:32:\"{POST_TITLE}\r\n{POST_EXCERPT} ...\";}"],"xyz_fbap":["1"],"xyz_fbap_insert_og":["0"],"post_views_count":["617"],"_seopress_rich_snippets_events_offers_valid_from_date":[""],"_seopress_rich_snippets_events_offers_valid_from_time":[""],"_seopress_titles_title":[""],"_seopress_titles_desc":["Bei den Para Schwimmen-WM im Londoner Aquatics Center hat Denise Grahl ein Ausrufezeichen gesetzt. Silber \u00fcber 100 Meter und Bronze \u00fcber 50 Meter Freistil."],"_seopress_robots_canonical":[""],"_seopress_robots_primary_cat":["none"],"_seopress_robots_breadcrumbs":[""],"_seopress_social_fb_title":[""],"_seopress_social_fb_desc":[""],"_seopress_social_fb_img":[""],"_seopress_social_twitter_title":[""],"_seopress_social_twitter_desc":[""],"_seopress_social_twitter_img":[""],"_seopress_redirections_type":["301"],"_seopress_redirections_value":[""],"_seopress_video":["a:1:{i:0;a:9:{s:3:\"url\";s:0:\"\";s:5:\"title\";s:0:\"\";s:4:\"desc\";s:0:\"\";s:9:\"thumbnail\";s:0:\"\";s:8:\"duration\";s:0:\"\";s:6:\"rating\";s:0:\"\";s:10:\"view_count\";s:0:\"\";s:3:\"tag\";s:0:\"\";s:3:\"cat\";s:0:\"\";}}"],"_post_review_box_title":["Rezension"],"_post_review_box_summary":[""],"_post_review_box_summary_title":["Zusammenfassung"],"_post_review_box_breakdowns_score":["0"],"_post_review_box_breakdowns_count":["1"],"_post_review_box_breakdowns":["a:1:{i:0;a:2:{s:5:\"title\";s:0:\"\";s:6:\"rating\";i:0;}}"],"_extra_sidebar_location":[""],"_extra_sidebar":[""],"_seopress_analysis_target_kw":[""],"_seopress_pro_schemas_manual":["a:1:{i:0;a:1:{s:32:\"_seopress_pro_rich_snippets_type\";s:4:\"none\";}}"],"classic-editor-remember":["classic-editor"],"_seopress_social_fb_img_attachment_id":[""],"_seopress_social_fb_img_width":[""],"_seopress_social_fb_img_height":[""],"_seopress_social_twitter_img_attachment_id":[""],"_seopress_social_twitter_img_width":[""],"_seopress_social_twitter_img_height":[""],"_seopress_redirections_logged_status":["both"],"site-sidebar-layout":["default"],"site-content-layout":["default"],"theme-transparent-header-meta":["default"],"stick-header-meta":["default"],"_wpv_contains_gutenberg_views":[""],"wp_schema_pro_optimized_structured_data":["<!-- Schema optimized by Schema Pro --><script type=\"application\/ld+json\">{\"@context\":\"https:\/\/schema.org\",\"@type\":\"NewsArticle\",\"mainEntityOfPage\":{\"@type\":\"WebPage\",\"@id\":\"https:\/\/mv-sport.de\/wm-silber-und-bronze-fuer-para-schwimmerin-denise-grahl\/\"},\"headline\":\"WM-Silber und -Bronze f\u00fcr Para-Schwimmerin Denise Grahl\",\"image\":{\"@type\":\"ImageObject\",\"url\":\"https:\/\/mv-sport.de\/wp-content\/uploads\/2017\/12\/schwimmen-beispiel-symbolfoto.jpg\",\"width\":1000,\"height\":674},\"datePublished\":\"2019-09-19T12:15:46\",\"dateModified\":\"2022-09-27T12:48:21\",\"author\":{\"@type\":\"Person\",\"name\":\"MV-Sport.de\",\"url\":\"https:\/\/mv-sport.de\/author\/mv-sport-de\"},\"publisher\":{\"@type\":\"Organization\",\"name\":\"MV-Sport.de - Sportvereine &amp; Sportnachrichten Mecklenburg-Vorpommern\",\"logo\":{\"@type\":\"ImageObject\",\"url\":\"https:\/\/mv-sport.de\/wp-content\/uploads\/2017\/05\/logo-mv-sport-292x60.png\"}}}<\/script><!-- \/ Schema optimized by Schema Pro -->"],"__post_views_count":["768"],"astra_style_timestamp_css":["1757365182"],"_uag_css_file_name":["uag-css-37758.css"],"_uag_page_assets":["a:9:{s:3:\"css\";s:7010:\".uagb-block-88f5875d.wp-block-uagb-image--layout-default figure img{box-shadow: 0px 0px 0 #00000070;}.uagb-block-88f5875d.wp-block-uagb-image .wp-block-uagb-image__figure figcaption{font-style: normal;align-self: center;}.uagb-block-88f5875d.wp-block-uagb-image--layout-overlay figure img{box-shadow: 0px 0px 0 #00000070;}.uagb-block-88f5875d.wp-block-uagb-image--layout-overlay .wp-block-uagb-image--layout-overlay__color-wrapper{opacity: 0.2;}.uagb-block-88f5875d.wp-block-uagb-image--layout-overlay .wp-block-uagb-image--layout-overlay__inner{left: 15px;right: 15px;top: 15px;bottom: 15px;}.uagb-block-88f5875d.wp-block-uagb-image--layout-overlay .wp-block-uagb-image--layout-overlay__inner .uagb-image-heading{font-style: normal;color: #fff;opacity: 1;}.uagb-block-88f5875d.wp-block-uagb-image--layout-overlay .wp-block-uagb-image--layout-overlay__inner .uagb-image-heading a{color: #fff;}.uagb-block-88f5875d.wp-block-uagb-image--layout-overlay .wp-block-uagb-image--layout-overlay__inner .uagb-image-caption{opacity: 0;}.uagb-block-88f5875d.wp-block-uagb-image--layout-overlay .wp-block-uagb-image__figure:hover .wp-block-uagb-image--layout-overlay__color-wrapper{opacity: 1;}.uagb-block-88f5875d.wp-block-uagb-image .wp-block-uagb-image--layout-overlay__inner .uagb-image-separator{width: 30%;border-top-width: 2px;border-top-color: #fff;opacity: 0;}.uagb-block-88f5875d.wp-block-uagb-image .wp-block-uagb-image__figure img{width: 297px;height: auto;}.uagb-block-88f5875d.wp-block-uagb-image .wp-block-uagb-image__figure:hover .wp-block-uagb-image--layout-overlay__inner .uagb-image-caption{opacity: 1;}.uagb-block-88f5875d.wp-block-uagb-image .wp-block-uagb-image__figure:hover .wp-block-uagb-image--layout-overlay__inner .uagb-image-separator{opacity: 1;}.uagb-block-88f5875d.wp-block-uagb-image--layout-default figure:hover img{box-shadow: 0px 0px 0 #00000070;}.uagb-block-88f5875d.wp-block-uagb-image--layout-overlay figure:hover img{box-shadow: 0px 0px 0 #00000070;}@media only screen and (max-width: 976px) {.uagb-block-88f5875d.wp-block-uagb-image .wp-block-uagb-image__figure img{width: 297px;height: auto;}}@media only screen and (max-width: 767px) {.uagb-block-88f5875d.wp-block-uagb-image .wp-block-uagb-image__figure img{width: 297px;height: auto;}}.uagb-block-b6c54374.wp-block-uagb-image{margin-top: 0px;margin-right: 0px;margin-bottom: 0px;margin-left: 0px;}.uagb-block-b6c54374.wp-block-uagb-image--layout-default figure img{box-shadow: 0px 0px 0 #00000070;}.uagb-block-b6c54374.wp-block-uagb-image .wp-block-uagb-image__figure figcaption{font-style: normal;align-self: center;}.uagb-block-b6c54374.wp-block-uagb-image--layout-overlay figure img{box-shadow: 0px 0px 0 #00000070;}.uagb-block-b6c54374.wp-block-uagb-image--layout-overlay .wp-block-uagb-image--layout-overlay__color-wrapper{opacity: 0.2;}.uagb-block-b6c54374.wp-block-uagb-image--layout-overlay .wp-block-uagb-image--layout-overlay__inner{left: 15px;right: 15px;top: 15px;bottom: 15px;}.uagb-block-b6c54374.wp-block-uagb-image--layout-overlay .wp-block-uagb-image--layout-overlay__inner .uagb-image-heading{font-style: normal;color: #fff;opacity: 1;}.uagb-block-b6c54374.wp-block-uagb-image--layout-overlay .wp-block-uagb-image--layout-overlay__inner .uagb-image-heading a{color: #fff;}.uagb-block-b6c54374.wp-block-uagb-image--layout-overlay .wp-block-uagb-image--layout-overlay__inner .uagb-image-caption{opacity: 0;}.uagb-block-b6c54374.wp-block-uagb-image--layout-overlay .wp-block-uagb-image__figure:hover .wp-block-uagb-image--layout-overlay__color-wrapper{opacity: 1;}.uagb-block-b6c54374.wp-block-uagb-image .wp-block-uagb-image--layout-overlay__inner .uagb-image-separator{width: 30%;border-top-width: 2px;border-top-color: #fff;opacity: 0;}.uagb-block-b6c54374.wp-block-uagb-image .wp-block-uagb-image__figure img{width: px;height: auto;}.uagb-block-b6c54374.wp-block-uagb-image .wp-block-uagb-image__figure:hover .wp-block-uagb-image--layout-overlay__inner .uagb-image-caption{opacity: 1;}.uagb-block-b6c54374.wp-block-uagb-image .wp-block-uagb-image__figure:hover .wp-block-uagb-image--layout-overlay__inner .uagb-image-separator{opacity: 1;}.uagb-block-b6c54374.wp-block-uagb-image--layout-default figure:hover img{box-shadow: 0px 0px 0 #00000070;}.uagb-block-b6c54374.wp-block-uagb-image--layout-overlay figure:hover img{box-shadow: 0px 0px 0 #00000070;}@media only screen and (max-width: 976px) {.uagb-block-b6c54374.wp-block-uagb-image .wp-block-uagb-image__figure img{width: px;height: auto;}}@media only screen and (max-width: 767px) {.uagb-block-b6c54374.wp-block-uagb-image .wp-block-uagb-image__figure img{width: px;height: auto;}}.uagb-block-2bdcf70c.wp-block-uagb-image{margin-top: 0px;margin-right: 0px;margin-bottom: 0px;margin-left: 0px;}.uagb-block-2bdcf70c.wp-block-uagb-image--layout-default figure img{box-shadow: 0px 0px 0 #00000070;}.uagb-block-2bdcf70c.wp-block-uagb-image .wp-block-uagb-image__figure figcaption{font-style: normal;align-self: center;}.uagb-block-2bdcf70c.wp-block-uagb-image--layout-overlay figure img{box-shadow: 0px 0px 0 #00000070;}.uagb-block-2bdcf70c.wp-block-uagb-image--layout-overlay .wp-block-uagb-image--layout-overlay__color-wrapper{opacity: 0.2;}.uagb-block-2bdcf70c.wp-block-uagb-image--layout-overlay .wp-block-uagb-image--layout-overlay__inner{left: 15px;right: 15px;top: 15px;bottom: 15px;}.uagb-block-2bdcf70c.wp-block-uagb-image--layout-overlay .wp-block-uagb-image--layout-overlay__inner .uagb-image-heading{font-style: normal;color: #fff;opacity: 1;}.uagb-block-2bdcf70c.wp-block-uagb-image--layout-overlay .wp-block-uagb-image--layout-overlay__inner .uagb-image-heading a{color: #fff;}.uagb-block-2bdcf70c.wp-block-uagb-image--layout-overlay .wp-block-uagb-image--layout-overlay__inner .uagb-image-caption{opacity: 0;}.uagb-block-2bdcf70c.wp-block-uagb-image--layout-overlay .wp-block-uagb-image__figure:hover .wp-block-uagb-image--layout-overlay__color-wrapper{opacity: 1;}.uagb-block-2bdcf70c.wp-block-uagb-image .wp-block-uagb-image--layout-overlay__inner .uagb-image-separator{width: 30%;border-top-width: 2px;border-top-color: #fff;opacity: 0;}.uagb-block-2bdcf70c.wp-block-uagb-image .wp-block-uagb-image__figure img{width: px;height: auto;}.uagb-block-2bdcf70c.wp-block-uagb-image .wp-block-uagb-image__figure:hover .wp-block-uagb-image--layout-overlay__inner .uagb-image-caption{opacity: 1;}.uagb-block-2bdcf70c.wp-block-uagb-image .wp-block-uagb-image__figure:hover .wp-block-uagb-image--layout-overlay__inner .uagb-image-separator{opacity: 1;}.uagb-block-2bdcf70c.wp-block-uagb-image--layout-default figure:hover img{box-shadow: 0px 0px 0 #00000070;}.uagb-block-2bdcf70c.wp-block-uagb-image--layout-overlay figure:hover img{box-shadow: 0px 0px 0 #00000070;}@media only screen and (max-width: 976px) {.uagb-block-2bdcf70c.wp-block-uagb-image .wp-block-uagb-image__figure img{width: px;height: auto;}}@media only screen and (max-width: 767px) {.uagb-block-2bdcf70c.wp-block-uagb-image .wp-block-uagb-image__figure img{width: px;height: auto;}}\";s:2:\"js\";s:0:\"\";s:18:\"current_block_list\";a:28:{i:0;s:10:\"core\/group\";i:2;s:24:\"core\/post-featured-image\";i:3;s:15:\"core\/post-title\";i:5;s:14:\"core\/post-date\";i:6;s:16:\"core\/post-author\";i:7;s:15:\"core\/post-terms\";i:8;s:17:\"core\/post-content\";i:9;s:14:\"core\/separator\";i:10;s:13:\"core\/comments\";i:11;s:19:\"core\/comments-title\";i:12;s:21:\"core\/comment-template\";i:15;s:11:\"core\/avatar\";i:16;s:24:\"core\/comment-author-name\";i:17;s:17:\"core\/comment-date\";i:18;s:20:\"core\/comment-content\";i:19;s:23:\"core\/comment-reply-link\";i:20;s:24:\"core\/comments-pagination\";i:21;s:33:\"core\/comments-pagination-previous\";i:22;s:32:\"core\/comments-pagination-numbers\";i:23;s:29:\"core\/comments-pagination-next\";i:24;s:23:\"core\/post-comments-form\";i:25;s:14:\"core\/tag-cloud\";i:26;s:12:\"core\/heading\";i:27;s:14:\"core\/paragraph\";i:28;s:12:\"core\/buttons\";i:29;s:11:\"core\/button\";i:30;s:10:\"uagb\/image\";i:31;s:10:\"core\/image\";}s:8:\"uag_flag\";b:1;s:11:\"uag_version\";s:10:\"1777177612\";s:6:\"gfonts\";a:0:{}s:10:\"gfonts_url\";s:0:\"\";s:12:\"gfonts_files\";a:0:{}s:14:\"uag_faq_layout\";b:0;}"]},"uagb_featured_image_src":{"full":["https:\/\/mv-sport.de\/c\/wp-content\/uploads\/2017\/12\/schwimmen-beispiel-symbolfoto.jpg",1000,674,false],"thumbnail":["https:\/\/mv-sport.de\/c\/wp-content\/uploads\/2017\/12\/schwimmen-beispiel-symbolfoto-150x150.jpg",150,150,true],"medium":["https:\/\/mv-sport.de\/c\/wp-content\/uploads\/2017\/12\/schwimmen-beispiel-symbolfoto-600x600.jpg",350,350,true],"medium_large":["https:\/\/mv-sport.de\/c\/wp-content\/uploads\/2017\/12\/schwimmen-beispiel-symbolfoto.jpg",768,518,false],"large":["https:\/\/mv-sport.de\/c\/wp-content\/uploads\/2017\/12\/schwimmen-beispiel-symbolfoto.jpg",1000,674,false],"1536x1536":["https:\/\/mv-sport.de\/c\/wp-content\/uploads\/2017\/12\/schwimmen-beispiel-symbolfoto.jpg",1000,674,false],"2048x2048":["https:\/\/mv-sport.de\/c\/wp-content\/uploads\/2017\/12\/schwimmen-beispiel-symbolfoto.jpg",1000,674,false],"ultp_layout_landscape_large":["https:\/\/mv-sport.de\/c\/wp-content\/uploads\/2017\/12\/schwimmen-beispiel-symbolfoto.jpg",1000,674,false],"ultp_layout_landscape":["https:\/\/mv-sport.de\/c\/wp-content\/uploads\/2017\/12\/schwimmen-beispiel-symbolfoto.jpg",846,570,false],"ultp_layout_portrait":["https:\/\/mv-sport.de\/c\/wp-content\/uploads\/2017\/12\/schwimmen-beispiel-symbolfoto.jpg",600,404,false],"ultp_layout_square":["https:\/\/mv-sport.de\/c\/wp-content\/uploads\/2017\/12\/schwimmen-beispiel-symbolfoto.jpg",600,404,false]},"uagb_author_info":{"display_name":"MV-Sport.de","author_link":"https:\/\/mv-sport.de\/c\/author\/mv-sport-de\/"},"uagb_comment_info":0,"uagb_excerpt":"Rostockerin avanzierte zur zweiterfolgreichsten Starterin im Deutschen Team Bei den Para Schwimmen-Weltmeisterschaften im Londoner Aquatics Center hat die Rostockerin Denise Grahl ein Ausrufezeichen gesetzt. \u00dcber die 100 Meter Freistil der Startklasse S7 holte die 26 Jahre alte Athletin des Hanse-Schwimmverein Rostock e.V. am Samstag Silber. Die amtierende Europameisterin musste sich im Finale lediglich der US-Amerikanerin&hellip;","_links":{"self":[{"href":"https:\/\/mv-sport.de\/c\/wp-json\/wp\/v2\/posts\/37758","targetHints":{"allow":["GET"]}}],"collection":[{"href":"https:\/\/mv-sport.de\/c\/wp-json\/wp\/v2\/posts"}],"about":[{"href":"https:\/\/mv-sport.de\/c\/wp-json\/wp\/v2\/types\/post"}],"author":[{"embeddable":true,"href":"https:\/\/mv-sport.de\/c\/wp-json\/wp\/v2\/users\/2"}],"replies":[{"embeddable":true,"href":"https:\/\/mv-sport.de\/c\/wp-json\/wp\/v2\/comments?post=37758"}],"version-history":[{"count":0,"href":"https:\/\/mv-sport.de\/c\/wp-json\/wp\/v2\/posts\/37758\/revisions"}],"wp:featuredmedia":[{"embeddable":true,"href":"https:\/\/mv-sport.de\/c\/wp-json\/wp\/v2\/media\/7671"}],"wp:attachment":[{"href":"https:\/\/mv-sport.de\/c\/wp-json\/wp\/v2\/media?parent=37758"}],"wp:term":[{"taxonomy":"category","embeddable":true,"href":"https:\/\/mv-sport.de\/c\/wp-json\/wp\/v2\/categories?post=37758"},{"taxonomy":"post_tag","embeddable":true,"href":"https:\/\/mv-sport.de\/c\/wp-json\/wp\/v2\/tags?post=37758"},{"taxonomy":"ort","embeddable":true,"href":"https:\/\/mv-sport.de\/c\/wp-json\/wp\/v2\/ort?post=37758"}],"curies":[{"name":"wp","href":"https:\/\/api.w.org\/{rel}","templated":true}]}}