{"id":3846,"date":"2017-06-29T11:59:17","date_gmt":"2017-06-29T09:59:17","guid":{"rendered":"https:\/\/mv-sport.de\/?p=3846"},"modified":"2017-06-30T13:32:58","modified_gmt":"2017-06-30T11:32:58","slug":"80-warnemuender-woche-empfaengt-meister-und-gaeste-aus-aller-welt","status":"publish","type":"post","link":"https:\/\/mv-sport.de\/c\/80-warnemuender-woche-empfaengt-meister-und-gaeste-aus-aller-welt\/","title":{"rendered":"80.WARNEM\u00dcNDER WOCHE empf\u00e4ngt Meister und G\u00e4ste aus aller Welt"},"content":{"rendered":"<p>Zwischen 80.WARNEM\u00dcNDER WOCHE und 800 Jahre Rostock&#8230;<\/p>\n<p><a href=\"https:\/\/mv-sport.de\/wp-content\/uploads\/2017\/06\/segelnmichels.jpg\"><img loading=\"lazy\" decoding=\"async\" class=\"alignright size-medium wp-image-3847\" src=\"https:\/\/mv-sport.de\/wp-content\/uploads\/2017\/06\/segelnmichels-300x225.jpg\" alt=\"\" width=\"300\" height=\"225\" \/><\/a>Unter der Schirmherrschaft des Oberb\u00fcrgermeisters der Hanse- und Universit\u00e4tsstadt <span data-cmp_parsed_location_name=\"Rostock\" data-cmp_parsed_location_weather=\"K13003000\" data-cmp_parsed_location_other=\"0\" data-ce-class=\"Locations\">Rostock<\/span>, Herrn Roland Methling, findet vom 1. bis 9.Juli 2017 die 80. WARNEM\u00dcNDER WOCHE statt. Dass bei dem maritimen Fest und internationalen Segelereignis ein Jubil\u00e4um ins Haus steht, wird nicht nur beim festlich geschm\u00fcckten Umzug am Auftakttag deutlich, sondern spiegelt sich auch auf dem Wasser in einem hochkar\u00e4tigen Regattaprogramm wider.<\/p>\n<p><strong>Die WARNEM\u00dcNDER WOCHE geh\u00f6rt zu den gr\u00f6\u00dften internationalen Segelsportveranstaltungen in Deutschland<\/strong> und wird auch in diesem Jahr Sportler aus rund 30 Nationen willkommen hei\u00dfen. Mehr als 1.000 Segler werden auf der Ostsee antreten und das kulturelle Begleitprogramm lockt knapp \u00fcber eine halbe Million Besucher in Rostocks Seebad Warnem\u00fcnde.<\/p>\n<p>Unter Beteiligung von elf weiteren Segelvereinen aus ganz Deutschland, die dem Warnem\u00fcnder Segel-Club (WSC) tatkr\u00e4ftig bei der Durchf\u00fchrung der Regatten helfen, finden in 15 Bootsklassen unterschiedlichste Wettbewerbs-Formate statt.<\/p>\n<p>Folgende Highlights lassen sich mitunter live vom Strand, bei Regattabegleitfahrten oder von den Molenk\u00f6pfen aus verfolgen: <strong>die Europameisterschaft der 505er, die Internationale Deutsche Meisterschaft im Seesegeln, der Laser Europa Cup, der Deutschland-Cup der Topcats, sowie diverse Kurz- und Langstrecken-Seeregatten<\/strong>.<\/p>\n<p>Weiterhin zu Gast ist <strong>die 2. Deutsche Segel-Bundesliga<\/strong>. Vom 1. bis 3. Juli 2017 gastiert sie das zweite Mal in Warnem\u00fcnde und ganze 18 Clubs gehen dabei an den Start und k\u00e4mpfen drei Tage lang um die besten Platzierungen.<\/p>\n<p>Sportdirektor und Hauptwettfahrtleiter der Segler, Peter Ramcke, res\u00fcmiert schon vor dem Start: \u201eWir haben viele spannende Klassen dabei und sind f\u00fcr dieses und n\u00e4chstes Jahr sozusagen ausgebucht. Uns liegt nichts an einer immer gr\u00f6\u00dfer werdenden Teilnehmerzahl, wir m\u00f6chten uns vor allem auf die Qualit\u00e4t konzentrieren und das ist uns bereits jetzt schon gelungen.\u201c<\/p>\n<p>Das gr\u00f6\u00dfte Teilnehmerfeld neben den 250 Lasern werden in diesem Jahr die 505er stellen, die Organisatoren der Regatten rund um WSC-Chairman J\u00fcrgen Missing rechnen mit mehr als 200 Sportlern. Beim zwischenzeitlichen Meldestand waren allein elf Nationen in der Zweihandbootsklasse vertreten, unter anderem vier aus den USA, wo es dann anschlie\u00dfend im September in Annapolis um den Weltmeistertitel geht.<\/p>\n<p>Auch im Internet k\u00f6nnen die Segelhighlights der 505er EM, der IDM der Seesegler und die bis zu vier Tage dauernde Langstreckenregatta hanseboot Rund Bornholm per Live-Tracking mitverfolgt werden.<\/p>\n<p><strong>Max Wilken, amtierender Deutscher Meister der Junioren im Laser Standard, kommt voller Vorfreude so wie viele Segler direkt von der Kieler Woche nach Warnem\u00fcnde zum Europa Cup<\/strong>. \u201eIn <span data-cmp_parsed_location_name=\"Kiel\" data-cmp_parsed_location_weather=\"K01002000\" data-cmp_parsed_location_other=\"0\" data-ce-class=\"Locations\">Kiel<\/span> lief es nicht ganz so gut, weil ich nicht 100%-ig fit war, daher ist die WARNEM\u00dcNDER WOCHE f\u00fcr mich pers\u00f6nlich wichtig, denn sie ist die Generalprobe vor der WM in Belgien\u201c, erkl\u00e4rt der 18-J\u00e4hrige. \u201eIch hoffe, dass nicht vier Tage am St\u00fcck Flaute sind, denn einige Schwerpunkte muss ich mir noch setzen.\u201c<\/p>\n<p>Der Regattakalender der gro\u00dfen Yachten, die bei der IDM im Seesegeln an den Start gehen, f\u00fcgt sich ebenso nahtlos an Rennen vor <span data-cmp_parsed_location_name=\"Kiel\" data-cmp_parsed_location_weather=\"K01002000\" data-cmp_parsed_location_other=\"0\" data-ce-class=\"Locations\">Kiel<\/span>, Gotland sowie der sich anschlie\u00dfenden ORC-Europameisterschaft (24.-<span data-cmp_parsed_date=\"2017-07-29\" data-ce-class=\"Dates\">29.07.<\/span>) in Danzig perfekt ein.<\/p>\n<p><strong>Ausblick mit \u00dcberraschungen zum st\u00e4dtischen Jubil\u00e4umsjahr 2018<\/strong><\/p>\n<p><strong>Peter Ramcke kann seine Freude \u00fcber fest geplante Formate zur 81.WARNEM\u00dcNDER WOCHE nicht verbergen<\/strong>: \u201eAngedacht f\u00fcr das n\u00e4chste Jahr sind bereits eine Weltmeisterschaft der OKs, sowie eine Europameisterschaft der A-Cats.\u201c<\/p>\n<p>Beides sind Klassen, die Einhand gesegelt werden, bei denen also individuelles K\u00f6nnen auf den Punkt gefordert ist. \u201eZudem rechnen wir damit, die Internationalen Deutschen Meisterschaften der 2.4mR und die der Korsare vor dem Seebad Warnem\u00fcnde stattfinden zu lassen.\u201c<\/p>\n<p>Auch <strong>Johannes Dumrese, Sprecher des Inspekteurs der Marine<\/strong>, machte deutlich, dass die Ausweitung der Aktivit\u00e4ten der Marine nicht nur in diesem Jahr f\u00fcr die Segler deutlich sp\u00fcrbarer werden, sondern 2018 noch ausgebaut werden sollen.<\/p>\n<p>\u201eWir haben die vergangenen drei Jahre sozusagen ge\u00fcbt, wie wir logistisch am besten helfen k\u00f6nnen und haben so viel Freude daran gefunden, dass wir uns gern mehr engagieren\u201c, so J. Dumrese. Aus Anlass des 800. Stadtjubil\u00e4ums sollen im \u00dcbrigen alle B\u00fcrgermeister der 84 Hauptmarine-St\u00e4dte der Welt im Jahr 2018 in die Hansestadt eingeladen werden.<\/p>\n<p>Sowohl <strong>Tourismusdirektor Matthias Fromm als auch Oberb\u00fcrgermeister Roland Methling <\/strong>machen deutlich, dass die \u00fcberregionalen Segelregatten in der Hansestadt derzeit ausschlie\u00dflich durch Ehrenamtliche durchgef\u00fchrt werden, die in Vereinen organisiert sind. Dieses Engagement soll mehr Wertsch\u00e4tzung erlangen, indem k\u00fcnftig hauptamtliche Organisationsstrukturen greifen.<\/p>\n<p>Diese dienen sowohl der Unterst\u00fctzung des Ehrenamtes als auch dem Erhalt und kontinuierlichen Ausbau von hochkar\u00e4tigen Segelregatten und weiteren Wassersport-Wettk\u00e4mpfen.<\/p>\n<p>Das eigens hierzu erarbeitete Konzept sieht die Gr\u00fcndung einer gemeinn\u00fctzigen Gesellschaft mit beschr\u00e4nkter Haftung (gGmbH) als 100%-ige Tochtergesellschaft der Hansestadt <span data-cmp_parsed_location_name=\"Rostock\" data-cmp_parsed_location_weather=\"K13003000\" data-cmp_parsed_location_other=\"0\" data-ce-class=\"Locations\">Rostock<\/span> vor.<\/p>\n<p><strong>Sommerfestival mit Vielfalt und maritimem Charme<\/strong><\/p>\n<p>Der gro\u00dfe Festumzug \u201e16. Nieger \u00dcmgang\u201c, der sich zur Er\u00f6ffnung von der Seestra\u00dfe bis zum Leuchtturm zieht, das feierliche Kirchkonzert, sportliche Angebote wie ein vier Tage andauerndes Beachhandballturnier, eine Sport &amp; Beach Arena mit diversen Trendsportarten, Mitsegelm\u00f6glichkeiten, Live-Konzerte, das Waschzuberrennen, Drachenbootfestival, sowie ein Shanty- und Trachtentreffen lassen G\u00e4ste und Sportler in Warnem\u00fcnde gleicherma\u00dfen aktiv werden.<\/p>\n<p>Vor allem <strong>die Mitmachangebote in der Sport &amp; Beach Arena<\/strong>, die diesen Sommer das erste Mal ganze drei Monate ge\u00f6ffnet hat, begeistern die Besucher mit Skimboarden, Yoga, Fitness, SUP und Kubb. Auch das leibliche Wohl kommt im Catering-Bereich nicht zu kurz.<\/p>\n<p>Auf dem Alten Strom werden bereits zum 30. Mal ulkige Wassergef\u00e4hrte beim <strong>Waschzuberrennen<\/strong> sowohl Neptun als auch tausende Zuschauer begeistern.<\/p>\n<p>Jeweils 24 Frauen- und M\u00e4nnerteams, sowie 14 Junioren-Mannschaften lassen die <strong>23. Beachhandball-Tage<\/strong> aufleben. Ebenfalls direkt im Sand agieren <strong>die Lacrosse-Sportler aus ganz Deutschland<\/strong>, die mit einem Anmelderekord in diesem Jahr ihre 15 Teampl\u00e4tze vergeben hatten. \u201eNach wenigen Minuten ging nichts mehr, denn Lacrosse-Deutschland liebt den Strand im Ostseebad und das Flair der WARNEM\u00dcNDER WOCHE\u201c, so <strong>Organisator Stefan Koch<\/strong>.<\/p>\n<p>Nicht anders ergeht es den <strong>Kubbspielern beim \u201eAhoi Beachkubb\u201c<\/strong>, die den Auftakttag f\u00fcr ihr ganzt\u00e4giges Turnier nutzen und insgesamt 31 Mannschaften an den Start bringen werden.<\/p>\n<p><strong>Unglaubliche 2200 Drachenboot-Paddler<\/strong> w\u00e4hlen am zweiten Veranstaltungswochenende den Alten Strom mit seiner in Fachkreisen bekannten nat\u00fcrlichen \u201eBiege\u201c als Plattform f\u00fcr den schnellen Teamsport, der am Freitag, den 7. Juli auch das 9. Landessch\u00fclerfinale MVs auf der Veranstaltung austragen wird. Hier werden nochmals fast 700 Nachwuchssportler zugegen sein.<\/p>\n<p><strong>Und auch die stehenden Paddler auf ihren<\/strong> <strong>SUP-Boards<\/strong> w\u00e4hlen den Alten Strom mit seinen f\u00fcr Zuschauer perfekt einsehbaren Rennbahnen, um bei Teamstaffel und Einzelrennen den 2.Wettbewerb dieser Art im Rahmen der Segelwoche stattfinden zu lassen.<\/p>\n<p>Es gibt einzelne Bausteine des Sommerfestes, die bereits Jahrzehnte Bestand haben, aber es gesellen sich auch immer wieder neue Bausteine hinzu. Allen voran in diesem Jahr ist <strong>das Beach Tennis<\/strong>, welches ebenfalls in der Sport &amp; Beach Arena ausgetragen wird. Mit einem DTB-Ranglistenturnier und einem hochklassigen Pro Circuit Turnier gelang es den Organisatoren auf Anhieb, Nationalspieler der schnellen Sportart an den Strand zu bekommen und die Meldelisten zeigen Teams aus f\u00fcnf Bundesl\u00e4ndern.<\/p>\n<p>Auch hier k\u00f6nnen Besucher, wie bei fast allen anderen Programmpunkten, selbst die Sportart ausprobieren und das Credo des gemeinschaftlichen Mitmachens auf der WARNEM\u00dcNDER WOCHE leben.<\/p>\n<p><strong>Kulturell<\/strong> wird jeden Tag ab 15 Uhr Live-Musik auf der B\u00fchne am Leuchtturm geboten, die sich von rockig bis traditionell stets dem maritimen Thema verschrieben hat. Im Medienzelt von NDR und Ostsee-Zeitung, kann nicht nur die t\u00e4gliche Arbeit rund um die Berichterstattung begutachtet werden, sondern auch der Mediengarten l\u00e4dt auf der Promenade zum gem\u00fctlichen<br \/>\nVerweilen ein.<\/p>\n<p>Und um in die passende Feier-Stimmung zu kommen, findet am 30. Juni, dem Vorabend der 80. WARNEM\u00dcNDER WOCHE, eine sogenannte Port-Party zur Verabschiedung von Kreuzlinern statt, inklusive Live-Musik, Schlepperballett und Feuerwerk. Insgesamt laufen 17 \u201eOzeanriesen\u201c Warnem\u00fcnde allein im Veranstaltungszeitraum an. Dreimal sind es sogar Dreifachanl\u00e4ufe.<\/p>\n<p><strong>\u00dcber 50 einzelne Veranstaltungsbausteine von zw\u00f6lf verschiedenen Veranstaltern ergeben auf der 80. WARNEM\u00dcNDER WOCHE in der Summe eine kulturelle und sportliche Gru\u00dfbotschaft f\u00fcr den Rest Welt.<br \/>\n<\/strong><br \/>\nGesine Schuer, Presse- und \u00d6ffentlichkeitsarbeit, Tourismuszentrale <span data-cmp_parsed_location_name=\"Rostock\" data-cmp_parsed_location_weather=\"K13003000\" data-cmp_parsed_location_other=\"0\" data-ce-class=\"Locations\">Rostock<\/span> &amp; Warnem\u00fcnde, B\u00fcro Hanse Sail <span data-cmp_parsed_location_name=\"Rostock\" data-cmp_parsed_location_weather=\"K13003000\" data-cmp_parsed_location_other=\"0\" data-ce-class=\"Locations\">Rostock<\/span><\/p>\n<p>Foto (Michels): In M-V werden wieder die Segel gesetzt &#8211; bei der 80.WARNEM\u00dcNDER WOCHE.<\/p>\n","protected":false},"excerpt":{"rendered":"<p>Zwischen 80.WARNEM\u00dcNDER WOCHE und 800 Jahre Rostock&#8230; Unter der Schirmherrschaft des Oberb\u00fcrgermeisters der Hanse- und Universit\u00e4tsstadt Rostock, Herrn Roland Methling, findet vom 1. bis 9.Juli 2017 die 80. WARNEM\u00dcNDER WOCHE statt. Dass bei dem maritimen Fest und internationalen Segelereignis ein Jubil\u00e4um ins Haus steht, wird nicht nur beim festlich geschm\u00fcckten Umzug am Auftakttag deutlich, sondern [&hellip;]<\/p>\n","protected":false},"author":3,"featured_media":3847,"comment_status":"open","ping_status":"open","sticky":false,"template":"","format":"standard","meta":{"_seopress_robots_primary_cat":"","_seopress_titles_title":"","_seopress_titles_desc":"","_seopress_robots_index":"","_relevanssi_hide_post":"","_relevanssi_hide_content":"","_relevanssi_pin_for_all":"","_relevanssi_pin_keywords":"","_relevanssi_unpin_keywords":"","_relevanssi_related_keywords":"","_relevanssi_related_include_ids":"","_relevanssi_related_exclude_ids":"","_relevanssi_related_no_append":"","_relevanssi_related_not_related":"","_relevanssi_related_posts":"","_relevanssi_noindex_reason":"","_uag_custom_page_level_css":"","footnotes":""},"categories":[25,24],"tags":[],"ort":[],"class_list":{"0":"post-3846","1":"post","2":"type-post","3":"status-publish","4":"format-standard","5":"has-post-thumbnail","7":"category-segeln","8":"category-sport-allgemein"},"featured_image_urls":{"medium":"https:\/\/mv-sport.de\/c\/wp-content\/uploads\/2017\/06\/segelnmichels.jpg","medium_large":"https:\/\/mv-sport.de\/c\/wp-content\/uploads\/2017\/06\/segelnmichels.jpg","large":"https:\/\/mv-sport.de\/c\/wp-content\/uploads\/2017\/06\/segelnmichels.jpg","full":"https:\/\/mv-sport.de\/c\/wp-content\/uploads\/2017\/06\/segelnmichels.jpg","alt":"","caption":"Auch  die Wismarer Segler sind stets sehr erfolgreich. Foto: M.Michels"},"spectra_custom_meta":{"uab_option":["yes"],"uab_meta_position":["default"],"xyz_smap_future_to_publish":["a:1:{s:4:\"fb-1\";a:3:{s:14:\"post_permissin\";s:1:\"0\";s:11:\"post_method\";s:1:\"2\";s:7:\"message\";s:62:\"{POST_TITLE}\r\n{POST_EXCERPT} ...\r\nMehr auf https:\/\/MV-Sport.de\";}}"],"_extra_rating_average":["0"],"_edit_lock":["1498822243:3"],"_edit_last":["3"],"_thumbnail_id":["3847"],"xyz_smap":["1"],"post_views_count":["743"],"_et_pb_use_builder":[""],"_et_builder_version":["BB|Divi|3.0.53"],"_et_pb_old_content":[""],"_et_pb_custom_css":[""],"_yoast_wpseo_primary_category":["25"],"_post_review_box_title":["Review"],"_post_review_box_summary":[""],"_post_review_box_summary_title":["Summary"],"_post_review_box_breakdowns_score":["0"],"_post_review_box_breakdowns_count":["1"],"_post_review_box_breakdowns":["a:1:{i:0;a:2:{s:5:\"title\";s:0:\"\";s:6:\"rating\";i:0;}}"],"_extra_sidebar_location":[""],"_extra_sidebar":[""],"_post_extra_featured_image_hide_single":["1"],"_et_core_cached_page_resources":["a:3:{s:36:\"et-core-unified-cached-inline-styles\";O:20:\"ET_Core_PageResource\":10:{s:9:\"BASE_PATH\";s:57:\"\/www\/htdocs\/w015c783\/mv-sport.de\/wp-content\/cache\/et\/3846\";s:4:\"PATH\";s:94:\"\/www\/htdocs\/w015c783\/mv-sport.de\/wp-content\/cache\/et\/3846\/et-core-unified-149959424371.min.css\";s:3:\"URL\";s:81:\"https:\/\/mv-sport.de\/wp-content\/cache\/et\/3846\/et-core-unified-149959424371.min.css\";s:8:\"filename\";s:15:\"et-core-unified\";s:8:\"location\";s:9:\"head-late\";s:5:\"owner\";s:4:\"core\";s:7:\"post_id\";i:3846;s:8:\"priority\";i:10;s:4:\"slug\";s:36:\"et-core-unified-cached-inline-styles\";s:4:\"type\";s:5:\"style\";}s:39:\"et-core-unified-vb-cached-inline-styles\";O:20:\"ET_Core_PageResource\":10:{s:9:\"BASE_PATH\";s:57:\"\/www\/htdocs\/w015c783\/mv-sport.de\/wp-content\/cache\/et\/3846\";s:4:\"PATH\";s:97:\"\/www\/htdocs\/w015c783\/mv-sport.de\/wp-content\/cache\/et\/3846\/et-core-unified-vb-149959424371.min.css\";s:3:\"URL\";s:84:\"https:\/\/mv-sport.de\/wp-content\/cache\/et\/3846\/et-core-unified-vb-149959424371.min.css\";s:8:\"filename\";s:18:\"et-core-unified-vb\";s:8:\"location\";s:6:\"footer\";s:5:\"owner\";s:4:\"core\";s:7:\"post_id\";i:3846;s:8:\"priority\";i:10;s:4:\"slug\";s:39:\"et-core-unified-vb-cached-inline-styles\";s:4:\"type\";s:5:\"style\";}s:45:\"et-builder-module-design-cached-inline-styles\";O:20:\"ET_Core_PageResource\":10:{s:9:\"BASE_PATH\";s:57:\"\/www\/htdocs\/w015c783\/mv-sport.de\/wp-content\/cache\/et\/3846\";s:4:\"PATH\";s:103:\"\/www\/htdocs\/w015c783\/mv-sport.de\/wp-content\/cache\/et\/3846\/et-builder-module-design-149959424372.min.css\";s:3:\"URL\";s:90:\"https:\/\/mv-sport.de\/wp-content\/cache\/et\/3846\/et-builder-module-design-149959424372.min.css\";s:8:\"filename\";s:24:\"et-builder-module-design\";s:8:\"location\";s:6:\"footer\";s:5:\"owner\";s:7:\"builder\";s:7:\"post_id\";i:3846;s:8:\"priority\";i:40;s:4:\"slug\";s:45:\"et-builder-module-design-cached-inline-styles\";s:4:\"type\";s:5:\"style\";}}"],"wp_schema_pro_optimized_structured_data":["<!-- Schema optimized by Schema Pro --><script type=\"application\/ld+json\">{\"@context\":\"https:\/\/schema.org\",\"@type\":\"NewsArticle\",\"mainEntityOfPage\":{\"@type\":\"WebPage\",\"@id\":\"https:\/\/mv-sport.de\/80-warnemuender-woche-empfaengt-meister-und-gaeste-aus-aller-welt\/\"},\"headline\":\"80.WARNEM\u00dcNDER WOCHE empf\u00e4ngt Meister und G\u00e4ste aus aller Welt\",\"image\":{\"@type\":\"ImageObject\",\"url\":\"https:\/\/mv-sport.de\/wp-content\/uploads\/2017\/06\/segelnmichels.jpg\",\"width\":424,\"height\":318},\"datePublished\":\"2017-06-29T11:59:17\",\"dateModified\":\"2017-06-30T13:32:58\",\"author\":{\"@type\":\"Person\",\"name\":\"Marko Michels\",\"url\":\"https:\/\/mv-sport.de\/author\/marko-michels\"},\"publisher\":{\"@type\":\"Organization\",\"name\":\"MV-Sport.de - Sportvereine &amp; Sportnachrichten Mecklenburg-Vorpommern\",\"logo\":{\"@type\":\"ImageObject\",\"url\":\"https:\/\/mv-sport.de\/wp-content\/uploads\/2017\/05\/logo-mv-sport-292x60.png\"}}}<\/script><!-- \/ Schema optimized by Schema Pro -->"],"__post_views_count":["13977"],"astra_style_timestamp_css":["1757515162"],"_uag_css_file_name":["uag-css-3846.css"],"_uag_page_assets":["a:9:{s:3:\"css\";s:7010:\".uagb-block-88f5875d.wp-block-uagb-image--layout-default figure img{box-shadow: 0px 0px 0 #00000070;}.uagb-block-88f5875d.wp-block-uagb-image .wp-block-uagb-image__figure figcaption{font-style: normal;align-self: center;}.uagb-block-88f5875d.wp-block-uagb-image--layout-overlay figure img{box-shadow: 0px 0px 0 #00000070;}.uagb-block-88f5875d.wp-block-uagb-image--layout-overlay .wp-block-uagb-image--layout-overlay__color-wrapper{opacity: 0.2;}.uagb-block-88f5875d.wp-block-uagb-image--layout-overlay .wp-block-uagb-image--layout-overlay__inner{left: 15px;right: 15px;top: 15px;bottom: 15px;}.uagb-block-88f5875d.wp-block-uagb-image--layout-overlay .wp-block-uagb-image--layout-overlay__inner .uagb-image-heading{font-style: normal;color: #fff;opacity: 1;}.uagb-block-88f5875d.wp-block-uagb-image--layout-overlay .wp-block-uagb-image--layout-overlay__inner .uagb-image-heading a{color: #fff;}.uagb-block-88f5875d.wp-block-uagb-image--layout-overlay .wp-block-uagb-image--layout-overlay__inner .uagb-image-caption{opacity: 0;}.uagb-block-88f5875d.wp-block-uagb-image--layout-overlay .wp-block-uagb-image__figure:hover .wp-block-uagb-image--layout-overlay__color-wrapper{opacity: 1;}.uagb-block-88f5875d.wp-block-uagb-image .wp-block-uagb-image--layout-overlay__inner .uagb-image-separator{width: 30%;border-top-width: 2px;border-top-color: #fff;opacity: 0;}.uagb-block-88f5875d.wp-block-uagb-image .wp-block-uagb-image__figure img{width: 297px;height: auto;}.uagb-block-88f5875d.wp-block-uagb-image .wp-block-uagb-image__figure:hover .wp-block-uagb-image--layout-overlay__inner .uagb-image-caption{opacity: 1;}.uagb-block-88f5875d.wp-block-uagb-image .wp-block-uagb-image__figure:hover .wp-block-uagb-image--layout-overlay__inner .uagb-image-separator{opacity: 1;}.uagb-block-88f5875d.wp-block-uagb-image--layout-default figure:hover img{box-shadow: 0px 0px 0 #00000070;}.uagb-block-88f5875d.wp-block-uagb-image--layout-overlay figure:hover img{box-shadow: 0px 0px 0 #00000070;}@media only screen and (max-width: 976px) {.uagb-block-88f5875d.wp-block-uagb-image .wp-block-uagb-image__figure img{width: 297px;height: auto;}}@media only screen and (max-width: 767px) {.uagb-block-88f5875d.wp-block-uagb-image .wp-block-uagb-image__figure img{width: 297px;height: auto;}}.uagb-block-b6c54374.wp-block-uagb-image{margin-top: 0px;margin-right: 0px;margin-bottom: 0px;margin-left: 0px;}.uagb-block-b6c54374.wp-block-uagb-image--layout-default figure img{box-shadow: 0px 0px 0 #00000070;}.uagb-block-b6c54374.wp-block-uagb-image .wp-block-uagb-image__figure figcaption{font-style: normal;align-self: center;}.uagb-block-b6c54374.wp-block-uagb-image--layout-overlay figure img{box-shadow: 0px 0px 0 #00000070;}.uagb-block-b6c54374.wp-block-uagb-image--layout-overlay .wp-block-uagb-image--layout-overlay__color-wrapper{opacity: 0.2;}.uagb-block-b6c54374.wp-block-uagb-image--layout-overlay .wp-block-uagb-image--layout-overlay__inner{left: 15px;right: 15px;top: 15px;bottom: 15px;}.uagb-block-b6c54374.wp-block-uagb-image--layout-overlay .wp-block-uagb-image--layout-overlay__inner .uagb-image-heading{font-style: normal;color: #fff;opacity: 1;}.uagb-block-b6c54374.wp-block-uagb-image--layout-overlay .wp-block-uagb-image--layout-overlay__inner .uagb-image-heading a{color: #fff;}.uagb-block-b6c54374.wp-block-uagb-image--layout-overlay .wp-block-uagb-image--layout-overlay__inner .uagb-image-caption{opacity: 0;}.uagb-block-b6c54374.wp-block-uagb-image--layout-overlay .wp-block-uagb-image__figure:hover .wp-block-uagb-image--layout-overlay__color-wrapper{opacity: 1;}.uagb-block-b6c54374.wp-block-uagb-image .wp-block-uagb-image--layout-overlay__inner .uagb-image-separator{width: 30%;border-top-width: 2px;border-top-color: #fff;opacity: 0;}.uagb-block-b6c54374.wp-block-uagb-image .wp-block-uagb-image__figure img{width: px;height: auto;}.uagb-block-b6c54374.wp-block-uagb-image .wp-block-uagb-image__figure:hover .wp-block-uagb-image--layout-overlay__inner .uagb-image-caption{opacity: 1;}.uagb-block-b6c54374.wp-block-uagb-image .wp-block-uagb-image__figure:hover .wp-block-uagb-image--layout-overlay__inner .uagb-image-separator{opacity: 1;}.uagb-block-b6c54374.wp-block-uagb-image--layout-default figure:hover img{box-shadow: 0px 0px 0 #00000070;}.uagb-block-b6c54374.wp-block-uagb-image--layout-overlay figure:hover img{box-shadow: 0px 0px 0 #00000070;}@media only screen and (max-width: 976px) {.uagb-block-b6c54374.wp-block-uagb-image .wp-block-uagb-image__figure img{width: px;height: auto;}}@media only screen and (max-width: 767px) {.uagb-block-b6c54374.wp-block-uagb-image .wp-block-uagb-image__figure img{width: px;height: auto;}}.uagb-block-2bdcf70c.wp-block-uagb-image{margin-top: 0px;margin-right: 0px;margin-bottom: 0px;margin-left: 0px;}.uagb-block-2bdcf70c.wp-block-uagb-image--layout-default figure img{box-shadow: 0px 0px 0 #00000070;}.uagb-block-2bdcf70c.wp-block-uagb-image .wp-block-uagb-image__figure figcaption{font-style: normal;align-self: center;}.uagb-block-2bdcf70c.wp-block-uagb-image--layout-overlay figure img{box-shadow: 0px 0px 0 #00000070;}.uagb-block-2bdcf70c.wp-block-uagb-image--layout-overlay .wp-block-uagb-image--layout-overlay__color-wrapper{opacity: 0.2;}.uagb-block-2bdcf70c.wp-block-uagb-image--layout-overlay .wp-block-uagb-image--layout-overlay__inner{left: 15px;right: 15px;top: 15px;bottom: 15px;}.uagb-block-2bdcf70c.wp-block-uagb-image--layout-overlay .wp-block-uagb-image--layout-overlay__inner .uagb-image-heading{font-style: normal;color: #fff;opacity: 1;}.uagb-block-2bdcf70c.wp-block-uagb-image--layout-overlay .wp-block-uagb-image--layout-overlay__inner .uagb-image-heading a{color: #fff;}.uagb-block-2bdcf70c.wp-block-uagb-image--layout-overlay .wp-block-uagb-image--layout-overlay__inner .uagb-image-caption{opacity: 0;}.uagb-block-2bdcf70c.wp-block-uagb-image--layout-overlay .wp-block-uagb-image__figure:hover .wp-block-uagb-image--layout-overlay__color-wrapper{opacity: 1;}.uagb-block-2bdcf70c.wp-block-uagb-image .wp-block-uagb-image--layout-overlay__inner .uagb-image-separator{width: 30%;border-top-width: 2px;border-top-color: #fff;opacity: 0;}.uagb-block-2bdcf70c.wp-block-uagb-image .wp-block-uagb-image__figure img{width: px;height: auto;}.uagb-block-2bdcf70c.wp-block-uagb-image .wp-block-uagb-image__figure:hover .wp-block-uagb-image--layout-overlay__inner .uagb-image-caption{opacity: 1;}.uagb-block-2bdcf70c.wp-block-uagb-image .wp-block-uagb-image__figure:hover .wp-block-uagb-image--layout-overlay__inner .uagb-image-separator{opacity: 1;}.uagb-block-2bdcf70c.wp-block-uagb-image--layout-default figure:hover img{box-shadow: 0px 0px 0 #00000070;}.uagb-block-2bdcf70c.wp-block-uagb-image--layout-overlay figure:hover img{box-shadow: 0px 0px 0 #00000070;}@media only screen and (max-width: 976px) {.uagb-block-2bdcf70c.wp-block-uagb-image .wp-block-uagb-image__figure img{width: px;height: auto;}}@media only screen and (max-width: 767px) {.uagb-block-2bdcf70c.wp-block-uagb-image .wp-block-uagb-image__figure img{width: px;height: auto;}}\";s:2:\"js\";s:0:\"\";s:18:\"current_block_list\";a:28:{i:0;s:10:\"core\/group\";i:2;s:24:\"core\/post-featured-image\";i:3;s:15:\"core\/post-title\";i:5;s:14:\"core\/post-date\";i:6;s:16:\"core\/post-author\";i:7;s:15:\"core\/post-terms\";i:8;s:17:\"core\/post-content\";i:9;s:14:\"core\/separator\";i:10;s:13:\"core\/comments\";i:11;s:19:\"core\/comments-title\";i:12;s:21:\"core\/comment-template\";i:15;s:11:\"core\/avatar\";i:16;s:24:\"core\/comment-author-name\";i:17;s:17:\"core\/comment-date\";i:18;s:20:\"core\/comment-content\";i:19;s:23:\"core\/comment-reply-link\";i:20;s:24:\"core\/comments-pagination\";i:21;s:33:\"core\/comments-pagination-previous\";i:22;s:32:\"core\/comments-pagination-numbers\";i:23;s:29:\"core\/comments-pagination-next\";i:24;s:23:\"core\/post-comments-form\";i:25;s:14:\"core\/tag-cloud\";i:26;s:12:\"core\/heading\";i:27;s:14:\"core\/paragraph\";i:28;s:12:\"core\/buttons\";i:29;s:11:\"core\/button\";i:30;s:10:\"uagb\/image\";i:31;s:10:\"core\/image\";}s:8:\"uag_flag\";b:1;s:11:\"uag_version\";s:10:\"1776861541\";s:6:\"gfonts\";a:0:{}s:10:\"gfonts_url\";s:0:\"\";s:12:\"gfonts_files\";a:0:{}s:14:\"uag_faq_layout\";b:0;}"]},"uagb_featured_image_src":{"full":["https:\/\/mv-sport.de\/c\/wp-content\/uploads\/2017\/06\/segelnmichels.jpg",424,318,false],"thumbnail":["https:\/\/mv-sport.de\/c\/wp-content\/uploads\/2017\/06\/segelnmichels-150x150.jpg",150,150,true],"medium":["https:\/\/mv-sport.de\/c\/wp-content\/uploads\/2017\/06\/segelnmichels.jpg",350,263,false],"medium_large":["https:\/\/mv-sport.de\/c\/wp-content\/uploads\/2017\/06\/segelnmichels.jpg",424,318,false],"large":["https:\/\/mv-sport.de\/c\/wp-content\/uploads\/2017\/06\/segelnmichels.jpg",424,318,false],"1536x1536":["https:\/\/mv-sport.de\/c\/wp-content\/uploads\/2017\/06\/segelnmichels.jpg",424,318,false],"2048x2048":["https:\/\/mv-sport.de\/c\/wp-content\/uploads\/2017\/06\/segelnmichels.jpg",424,318,false],"ultp_layout_landscape_large":["https:\/\/mv-sport.de\/c\/wp-content\/uploads\/2017\/06\/segelnmichels.jpg",424,318,false],"ultp_layout_landscape":["https:\/\/mv-sport.de\/c\/wp-content\/uploads\/2017\/06\/segelnmichels.jpg",424,318,false],"ultp_layout_portrait":["https:\/\/mv-sport.de\/c\/wp-content\/uploads\/2017\/06\/segelnmichels.jpg",424,318,false],"ultp_layout_square":["https:\/\/mv-sport.de\/c\/wp-content\/uploads\/2017\/06\/segelnmichels.jpg",424,318,false]},"uagb_author_info":{"display_name":"Marko Michels","author_link":"https:\/\/mv-sport.de\/c\/author\/marko-michels\/"},"uagb_comment_info":0,"uagb_excerpt":"Zwischen 80.WARNEM\u00dcNDER WOCHE und 800 Jahre Rostock&#8230; Unter der Schirmherrschaft des Oberb\u00fcrgermeisters der Hanse- und Universit\u00e4tsstadt Rostock, Herrn Roland Methling, findet vom 1. bis 9.Juli 2017 die 80. WARNEM\u00dcNDER WOCHE statt. Dass bei dem maritimen Fest und internationalen Segelereignis ein Jubil\u00e4um ins Haus steht, wird nicht nur beim festlich geschm\u00fcckten Umzug am Auftakttag deutlich, sondern&hellip;","_links":{"self":[{"href":"https:\/\/mv-sport.de\/c\/wp-json\/wp\/v2\/posts\/3846","targetHints":{"allow":["GET"]}}],"collection":[{"href":"https:\/\/mv-sport.de\/c\/wp-json\/wp\/v2\/posts"}],"about":[{"href":"https:\/\/mv-sport.de\/c\/wp-json\/wp\/v2\/types\/post"}],"author":[{"embeddable":true,"href":"https:\/\/mv-sport.de\/c\/wp-json\/wp\/v2\/users\/3"}],"replies":[{"embeddable":true,"href":"https:\/\/mv-sport.de\/c\/wp-json\/wp\/v2\/comments?post=3846"}],"version-history":[{"count":0,"href":"https:\/\/mv-sport.de\/c\/wp-json\/wp\/v2\/posts\/3846\/revisions"}],"wp:featuredmedia":[{"embeddable":true,"href":"https:\/\/mv-sport.de\/c\/wp-json\/wp\/v2\/media\/3847"}],"wp:attachment":[{"href":"https:\/\/mv-sport.de\/c\/wp-json\/wp\/v2\/media?parent=3846"}],"wp:term":[{"taxonomy":"category","embeddable":true,"href":"https:\/\/mv-sport.de\/c\/wp-json\/wp\/v2\/categories?post=3846"},{"taxonomy":"post_tag","embeddable":true,"href":"https:\/\/mv-sport.de\/c\/wp-json\/wp\/v2\/tags?post=3846"},{"taxonomy":"ort","embeddable":true,"href":"https:\/\/mv-sport.de\/c\/wp-json\/wp\/v2\/ort?post=3846"}],"curies":[{"name":"wp","href":"https:\/\/api.w.org\/{rel}","templated":true}]}}