{"id":3916,"date":"2017-06-30T21:08:08","date_gmt":"2017-06-30T19:08:08","guid":{"rendered":"https:\/\/mv-sport.de\/?p=3916"},"modified":"2017-06-30T21:10:12","modified_gmt":"2017-06-30T19:10:12","slug":"strebe-nun-die-em-2018-und-die-wm-2019-an","status":"publish","type":"post","link":"https:\/\/mv-sport.de\/c\/strebe-nun-die-em-2018-und-die-wm-2019-an\/","title":{"rendered":"&#8222;Strebe nun die EM 2018 und die WM 2019 an&#8230;&#8220;"},"content":{"rendered":"<p>Der geb\u00fcrtige Schweriner Schwimmer Carl Louis Schwarz \u00fcber die kommende WM und eigene Ziele&#8230;<\/p>\n<p><a href=\"https:\/\/mv-sport.de\/wp-content\/uploads\/2017\/06\/schlossschwimmeninschwerin.jpg\"><img loading=\"lazy\" decoding=\"async\" class=\"alignright size-medium wp-image-3917\" src=\"https:\/\/mv-sport.de\/wp-content\/uploads\/2017\/06\/schlossschwimmeninschwerin-300x225.jpg\" alt=\"\" width=\"300\" height=\"225\" \/><\/a>Die Schwimm-Weltmeisterschaften 2017 in Budapest r\u00fccken immer n\u00e4her. Nur noch zwei Wochen, dann starten die 17.Welt-Titelk\u00e4mpfe im Becken-Schwimmen, Synchron-Schwimmen, Langstrecken-Schwimmen, Wasserspringen und Wasserball WM vom 14.Juli bis 30.Juli in der ungarischen Hauptstadt.<\/p>\n<p>Leider nicht mit dabei ist <strong>Carl Louis Schwarz, Jahrgang 1995, einst f\u00fcr den PSV Schwerin startend, jetzt Mitglied des Potsdamer SV<\/strong>. Der geb\u00fcrtige Schweriner verpasste leider die Qualifikation f\u00fcr die WM 2017, nachdem er 2015 noch im WM-Team des Deutschen Schwimm-Verbandes war.<\/p>\n<p><strong>Das R\u00fccken-Schwimmen der Herren bei den WM<\/strong><\/p>\n<p>Das 22j\u00e4hrige Schwimm-Ass aus M-V ist ein R\u00fccken-Spezialist und das R\u00fccken-Schwimmen bei den Herren hatte bei den bisherigen WM ja schon einige namhafte Protagonisten. Der Schwimmer des SC Turbine Erfurt konnte bei den WM 1973 bzw. 1975 jeweils Gold \u00fcber die 100 Meter sowie einmal Gold \u00fcber die 200 Meter R\u00fccken erk\u00e4mpfen. Sowohl \u00fcber die 100 Meter als auch \u00fcber die 200 Meter war dann Igor Poljanski (Sowjetunion) erfolgreich. Zu Doppel-WM-Gold \u00fcber die 100 Meter bzw. 200 Meter kam ebenfalls 1998 Lenny Krayzelburg (USA). Der Wahl-Rostocker Thomas Rupprath schaffte hingegen 2003 Gold \u00fcber die 50 Meter.<\/p>\n<p>Ein \u00fcberragender R\u00fccken-Schwimmer, insbesondere bei WM, war zudem der Amerikaner Aaron Peirsol, der sich 2001 Gold \u00fcber die 200 Meter sicherte, 2003 bzw. 2005 jeweils Gold \u00fcber die 100 Meter sowie 200 Meter holte, 2007 Gold \u00fcber die 100 Meter errang und 2009 noch einmal Gold \u00fcber die 200 Meter erschwamm. Sein Landsmann Ryan Lochte sicherte sich den WM-Titel \u00fcber die 200 Meter 2007, 2011 und 2013. Auch ein Franzose bestimmte das R\u00fccken-Schwimmen bei WM mit. Camille Lacourt triumphierte 2011 \u00fcber die 100 Meter sowie 2013 und 2015 jeweils \u00fcber die 50 Meter.<\/p>\n<p>Und der Australier Mitch Larkin war bei den WM 2015 der Beste \u00fcber die 100 Meter und 200 Meter.<\/p>\n<p>Wie beurteilt nun Carl Louis Schwarz das kommende WM-Geschehen auf den R\u00fccken-Distanzen bei den Herren? Wie geht es f\u00fcr ihn weiter?<\/p>\n<p>MV-SPORT fragte nach<\/p>\n<p><strong>Carl Louis Schwarz \u00fcber die kommende WM in Budapest, seine verpasste Quali, wichtige Wettk\u00e4mpfe f\u00fcr ihn im Sportsommer 2017, die n\u00e4chsten sportlichen Ziele und sein Leben neben dem Schwimm-Becken<\/strong><\/p>\n<p><strong><em>&#8222;Strebe nun die EM 2018 und die WM 2019 an&#8230;&#8220;<\/em><\/strong><\/p>\n<p><strong>Frage:<\/strong> Carl Louis, in diesem Jahr geht es leider nicht zur WM&#8230; Ist die Entt\u00e4uschung dar\u00fcber noch gro\u00df? An welchen Wettk\u00e4mpfen wirst Du 2017 noch teilnehmen?<\/p>\n<p><strong>Carl Louis Schwarz:<\/strong> Nein, die Entt\u00e4uschung dar\u00fcber ist nicht mehr gro\u00df und sie war es auch nicht. Da die Normen in diesem Jahr ziemlich hart waren und ich mich nur \u00fcber die 100 Meter R\u00fccken qualifizieren konnte sowie nicht \u00fcber die 50 Meter R\u00fccken, war schon im Vorfeld davon auszugehen, dass die Qualifikation wohl nicht gelingt, wenn ich nicht einen &#8222;Riesensprung&#8220; machen w\u00fcrde. Der blieb leider aus.<\/p>\n<p>An Wettk\u00e4mpfen stehen jetzt noch etwas andere Events auf dem Plan, beispielsweise ein Fluss-Schwimmen in China vom 12.Juli bis 17.Juli und dann das Schweriner Schlossschwimmen am 13.August. Und dann schaue ich mal, an welchen Schwimm-Veranstaltungen ich noch teilnehmen werde.<\/p>\n<p><strong>Frage:<\/strong> Welches sind Deine weiteren sportlichen Ziele im aktuellen olympischen Zyklus?<\/p>\n<p><strong>Carl Louis Schwarz:<\/strong> Die weiteren Ziele in diesem Zyklus sind m\u00f6glichst die Teilnahmen an den n\u00e4chsten EM und WM. Die n\u00e4chsten europ\u00e4ischen Titelk\u00e4mpfe sind dabei 2018 in Glasgow und die n\u00e4chsten Weltmeisterschaften finden 2019 in Gwangju statt.<\/p>\n<p><strong>Frage:<\/strong> Wer sind Deine Favoriten \u00fcber die R\u00fccken-Distanzen bei den WM in Budapest? Was erwartest Du allgemein vom deutschen Schwimm-Team 2017?<\/p>\n<p><strong>Carl Louis Schwarz:<\/strong> Ich denke, dass es schwierig sein wird, \u00a0an Ryan Murphy aus den USA vorbei zu kommen. Das ist auch der Tatsache geschuldet,\u00a0 dass viele andere R\u00fccken-Schwimmer in dieser Saison noch keine starken Leistungen zeigten.<\/p>\n<p>Ferner hoffe ich, dass die deutsche Mannschaft m\u00f6glichst gut abschneiden wird &#8211;\u00a0 trotz des kleinen Teams (vier Becken-Schwimmerinnen und zehn Becken-Schwimmer &#8211; redaktionelle Anmerkung!). Ich dr\u00fccke den deutschen Schwimmerinnen bzw. Schwimmern die Daumen, dass sie m\u00f6glichst in den Bereich ihrer Bestleistungen gelangen.<\/p>\n<p><strong>Frage:<\/strong> Am 15.Juli gibt es das 19.Olympiaschwimmfest in Rostock. Einen Tag sp\u00e4ter, am 16.Juli, folgt der Landespokal des Schwimmverbandes M-V an gleicher Stelle. Warst Du eigentlich auch selbst Aktiver beim Olympiaschwimmfest? Wenn ja, welche Erinnerungen verbindest Du mit dieser Veranstaltung?<\/p>\n<p><strong>Carl Louis Schwarz:<\/strong> Ja, ich habe schon einmal am Olympiaschwimmfest teilgenommen. Damals war es f\u00fcr mich immer etwas Besonderes in Rostock einen Wettkampf zu schwimmen, weil es eine gro\u00dfe und imposante Schwimmhalle war bzw. ist. Danach habe ich nat\u00fcrlich schon viele andere gr\u00f6\u00dfere und bessere Schwimmhallen gesehen, aber es ist immer noch eine sch\u00f6ne Erinnerung an fr\u00fchere Zeiten.<\/p>\n<p><strong>Letzte Frage:<\/strong> Welche Herausforderungen &#8211; neben dem Schwimmbecken &#8211; stehen f\u00fcr Dich ansonsten auf der Agenda?<\/p>\n<p><strong>Carl Louis Schwarz:<\/strong> Neben dem Schwimmen studiere ich noch Wirtschaftsingenieurwesen an der Technischen Hochschule Wildau. Viel Zeit f\u00fcr andere Dinge habe ich deshalb nicht.<\/p>\n<p>Vielen Dank, weiterhin bestes Engagement f\u00fcr den Schwimmsport und weiterin alles erdenklich Gute &#8211; pers\u00f6nlich, sportlich und im Studium!<\/p>\n<p>Marko Michels<\/p>\n<p>Foto (Michels): Das Schloss-Schwimmen in Schwerin ist inzwischen ein fester Bestandteil im schwimmsportlichen Terminkalender in M-V.<\/p>\n<p>&nbsp;<\/p>\n<p>&nbsp;<\/p>\n","protected":false},"excerpt":{"rendered":"<p>Der geb\u00fcrtige Schweriner Schwimmer Carl Louis Schwarz \u00fcber die kommende WM und eigene Ziele&#8230; Die Schwimm-Weltmeisterschaften 2017 in Budapest r\u00fccken immer n\u00e4her. Nur noch zwei Wochen, dann starten die 17.Welt-Titelk\u00e4mpfe im Becken-Schwimmen, Synchron-Schwimmen, Langstrecken-Schwimmen, Wasserspringen und Wasserball WM vom 14.Juli bis 30.Juli in der ungarischen Hauptstadt. Leider nicht mit dabei ist Carl Louis Schwarz, Jahrgang [&hellip;]<\/p>\n","protected":false},"author":3,"featured_media":3917,"comment_status":"open","ping_status":"open","sticky":false,"template":"","format":"standard","meta":{"_seopress_robots_primary_cat":"","_seopress_titles_title":"","_seopress_titles_desc":"","_seopress_robots_index":"","_relevanssi_hide_post":"","_relevanssi_hide_content":"","_relevanssi_pin_for_all":"","_relevanssi_pin_keywords":"","_relevanssi_unpin_keywords":"","_relevanssi_related_keywords":"","_relevanssi_related_include_ids":"","_relevanssi_related_exclude_ids":"","_relevanssi_related_no_append":"","_relevanssi_related_not_related":"","_relevanssi_related_posts":"","_relevanssi_noindex_reason":"","_uag_custom_page_level_css":"","footnotes":""},"categories":[19],"tags":[],"ort":[],"class_list":{"0":"post-3916","1":"post","2":"type-post","3":"status-publish","4":"format-standard","5":"has-post-thumbnail","7":"category-schwimmen"},"featured_image_urls":{"medium":"https:\/\/mv-sport.de\/c\/wp-content\/uploads\/2017\/06\/schlossschwimmeninschwerin.jpg","medium_large":"https:\/\/mv-sport.de\/c\/wp-content\/uploads\/2017\/06\/schlossschwimmeninschwerin.jpg","large":"https:\/\/mv-sport.de\/c\/wp-content\/uploads\/2017\/06\/schlossschwimmeninschwerin.jpg","full":"https:\/\/mv-sport.de\/c\/wp-content\/uploads\/2017\/06\/schlossschwimmeninschwerin.jpg","alt":"","caption":"Start bei einem fr\u00fcheren Schloss-Schwimmen. Foto: M.M."},"spectra_custom_meta":{"uab_option":["yes"],"uab_meta_position":["default"],"xyz_smap_future_to_publish":["a:1:{s:4:\"fb-1\";a:3:{s:14:\"post_permissin\";s:1:\"0\";s:11:\"post_method\";s:1:\"2\";s:7:\"message\";s:62:\"{POST_TITLE}\r\n{POST_EXCERPT} ...\r\nMehr auf https:\/\/MV-Sport.de\";}}"],"_extra_rating_average":["0"],"_edit_lock":["1498849676:3"],"_edit_last":["3"],"_thumbnail_id":["3917"],"xyz_smap":["1"],"post_views_count":["866"],"_et_pb_use_builder":[""],"_et_builder_version":["BB|Divi|3.0.53"],"_et_pb_old_content":[""],"_et_pb_custom_css":[""],"_yoast_wpseo_primary_category":["19"],"_post_review_box_title":["Review"],"_post_review_box_summary":[""],"_post_review_box_summary_title":["Summary"],"_post_review_box_breakdowns_score":["0"],"_post_review_box_breakdowns_count":["1"],"_post_review_box_breakdowns":["a:1:{i:0;a:2:{s:5:\"title\";s:0:\"\";s:6:\"rating\";i:0;}}"],"_extra_sidebar_location":[""],"_extra_sidebar":[""],"_post_extra_featured_image_hide_single":["1"],"_et_core_cached_page_resources":["a:3:{s:36:\"et-core-unified-cached-inline-styles\";O:20:\"ET_Core_PageResource\":10:{s:9:\"BASE_PATH\";s:57:\"\/www\/htdocs\/w015c783\/mv-sport.de\/wp-content\/cache\/et\/3916\";s:4:\"PATH\";s:94:\"\/www\/htdocs\/w015c783\/mv-sport.de\/wp-content\/cache\/et\/3916\/et-core-unified-149944116062.min.css\";s:3:\"URL\";s:81:\"https:\/\/mv-sport.de\/wp-content\/cache\/et\/3916\/et-core-unified-149944116062.min.css\";s:8:\"filename\";s:15:\"et-core-unified\";s:8:\"location\";s:9:\"head-late\";s:5:\"owner\";s:4:\"core\";s:7:\"post_id\";i:3916;s:8:\"priority\";i:10;s:4:\"slug\";s:36:\"et-core-unified-cached-inline-styles\";s:4:\"type\";s:5:\"style\";}s:39:\"et-core-unified-vb-cached-inline-styles\";O:20:\"ET_Core_PageResource\":10:{s:9:\"BASE_PATH\";s:57:\"\/www\/htdocs\/w015c783\/mv-sport.de\/wp-content\/cache\/et\/3916\";s:4:\"PATH\";s:97:\"\/www\/htdocs\/w015c783\/mv-sport.de\/wp-content\/cache\/et\/3916\/et-core-unified-vb-149944116062.min.css\";s:3:\"URL\";s:84:\"https:\/\/mv-sport.de\/wp-content\/cache\/et\/3916\/et-core-unified-vb-149944116062.min.css\";s:8:\"filename\";s:18:\"et-core-unified-vb\";s:8:\"location\";s:6:\"footer\";s:5:\"owner\";s:4:\"core\";s:7:\"post_id\";i:3916;s:8:\"priority\";i:10;s:4:\"slug\";s:39:\"et-core-unified-vb-cached-inline-styles\";s:4:\"type\";s:5:\"style\";}s:45:\"et-builder-module-design-cached-inline-styles\";O:20:\"ET_Core_PageResource\":10:{s:9:\"BASE_PATH\";s:57:\"\/www\/htdocs\/w015c783\/mv-sport.de\/wp-content\/cache\/et\/3916\";s:4:\"PATH\";s:103:\"\/www\/htdocs\/w015c783\/mv-sport.de\/wp-content\/cache\/et\/3916\/et-builder-module-design-149944116062.min.css\";s:3:\"URL\";s:90:\"https:\/\/mv-sport.de\/wp-content\/cache\/et\/3916\/et-builder-module-design-149944116062.min.css\";s:8:\"filename\";s:24:\"et-builder-module-design\";s:8:\"location\";s:6:\"footer\";s:5:\"owner\";s:7:\"builder\";s:7:\"post_id\";i:3916;s:8:\"priority\";i:40;s:4:\"slug\";s:45:\"et-builder-module-design-cached-inline-styles\";s:4:\"type\";s:5:\"style\";}}"],"wp_schema_pro_optimized_structured_data":["<!-- Schema optimized by Schema Pro --><script type=\"application\/ld+json\">{\"@context\":\"https:\/\/schema.org\",\"@type\":\"NewsArticle\",\"mainEntityOfPage\":{\"@type\":\"WebPage\",\"@id\":\"https:\/\/mv-sport.de\/strebe-nun-die-em-2018-und-die-wm-2019-an\/\"},\"headline\":\"\\\"Strebe nun die EM 2018 und die WM 2019 an...\\\"\",\"image\":{\"@type\":\"ImageObject\",\"url\":\"https:\/\/mv-sport.de\/wp-content\/uploads\/2017\/06\/schlossschwimmeninschwerin.jpg\",\"width\":532,\"height\":399},\"datePublished\":\"2017-06-30T21:08:08\",\"dateModified\":\"2017-06-30T21:10:12\",\"author\":{\"@type\":\"Person\",\"name\":\"Marko Michels\",\"url\":\"https:\/\/mv-sport.de\/author\/marko-michels\"},\"publisher\":{\"@type\":\"Organization\",\"name\":\"MV-Sport.de - Sportvereine &amp; Sportnachrichten Mecklenburg-Vorpommern\",\"logo\":{\"@type\":\"ImageObject\",\"url\":\"https:\/\/mv-sport.de\/wp-content\/uploads\/2017\/05\/logo-mv-sport-292x60.png\"}}}<\/script><!-- \/ Schema optimized by Schema Pro -->"],"__post_views_count":["1882"],"astra_style_timestamp_css":["1757555497"],"_uag_css_file_name":["uag-css-3916.css"],"_uag_page_assets":["a:9:{s:3:\"css\";s:7010:\".uagb-block-88f5875d.wp-block-uagb-image--layout-default figure img{box-shadow: 0px 0px 0 #00000070;}.uagb-block-88f5875d.wp-block-uagb-image .wp-block-uagb-image__figure figcaption{font-style: normal;align-self: center;}.uagb-block-88f5875d.wp-block-uagb-image--layout-overlay figure img{box-shadow: 0px 0px 0 #00000070;}.uagb-block-88f5875d.wp-block-uagb-image--layout-overlay .wp-block-uagb-image--layout-overlay__color-wrapper{opacity: 0.2;}.uagb-block-88f5875d.wp-block-uagb-image--layout-overlay .wp-block-uagb-image--layout-overlay__inner{left: 15px;right: 15px;top: 15px;bottom: 15px;}.uagb-block-88f5875d.wp-block-uagb-image--layout-overlay .wp-block-uagb-image--layout-overlay__inner .uagb-image-heading{font-style: normal;color: #fff;opacity: 1;}.uagb-block-88f5875d.wp-block-uagb-image--layout-overlay .wp-block-uagb-image--layout-overlay__inner .uagb-image-heading a{color: #fff;}.uagb-block-88f5875d.wp-block-uagb-image--layout-overlay .wp-block-uagb-image--layout-overlay__inner .uagb-image-caption{opacity: 0;}.uagb-block-88f5875d.wp-block-uagb-image--layout-overlay .wp-block-uagb-image__figure:hover .wp-block-uagb-image--layout-overlay__color-wrapper{opacity: 1;}.uagb-block-88f5875d.wp-block-uagb-image .wp-block-uagb-image--layout-overlay__inner .uagb-image-separator{width: 30%;border-top-width: 2px;border-top-color: #fff;opacity: 0;}.uagb-block-88f5875d.wp-block-uagb-image .wp-block-uagb-image__figure img{width: 297px;height: auto;}.uagb-block-88f5875d.wp-block-uagb-image .wp-block-uagb-image__figure:hover .wp-block-uagb-image--layout-overlay__inner .uagb-image-caption{opacity: 1;}.uagb-block-88f5875d.wp-block-uagb-image .wp-block-uagb-image__figure:hover .wp-block-uagb-image--layout-overlay__inner .uagb-image-separator{opacity: 1;}.uagb-block-88f5875d.wp-block-uagb-image--layout-default figure:hover img{box-shadow: 0px 0px 0 #00000070;}.uagb-block-88f5875d.wp-block-uagb-image--layout-overlay figure:hover img{box-shadow: 0px 0px 0 #00000070;}@media only screen and (max-width: 976px) {.uagb-block-88f5875d.wp-block-uagb-image .wp-block-uagb-image__figure img{width: 297px;height: auto;}}@media only screen and (max-width: 767px) {.uagb-block-88f5875d.wp-block-uagb-image .wp-block-uagb-image__figure img{width: 297px;height: auto;}}.uagb-block-b6c54374.wp-block-uagb-image{margin-top: 0px;margin-right: 0px;margin-bottom: 0px;margin-left: 0px;}.uagb-block-b6c54374.wp-block-uagb-image--layout-default figure img{box-shadow: 0px 0px 0 #00000070;}.uagb-block-b6c54374.wp-block-uagb-image .wp-block-uagb-image__figure figcaption{font-style: normal;align-self: center;}.uagb-block-b6c54374.wp-block-uagb-image--layout-overlay figure img{box-shadow: 0px 0px 0 #00000070;}.uagb-block-b6c54374.wp-block-uagb-image--layout-overlay .wp-block-uagb-image--layout-overlay__color-wrapper{opacity: 0.2;}.uagb-block-b6c54374.wp-block-uagb-image--layout-overlay .wp-block-uagb-image--layout-overlay__inner{left: 15px;right: 15px;top: 15px;bottom: 15px;}.uagb-block-b6c54374.wp-block-uagb-image--layout-overlay .wp-block-uagb-image--layout-overlay__inner .uagb-image-heading{font-style: normal;color: #fff;opacity: 1;}.uagb-block-b6c54374.wp-block-uagb-image--layout-overlay .wp-block-uagb-image--layout-overlay__inner .uagb-image-heading a{color: #fff;}.uagb-block-b6c54374.wp-block-uagb-image--layout-overlay .wp-block-uagb-image--layout-overlay__inner .uagb-image-caption{opacity: 0;}.uagb-block-b6c54374.wp-block-uagb-image--layout-overlay .wp-block-uagb-image__figure:hover .wp-block-uagb-image--layout-overlay__color-wrapper{opacity: 1;}.uagb-block-b6c54374.wp-block-uagb-image .wp-block-uagb-image--layout-overlay__inner .uagb-image-separator{width: 30%;border-top-width: 2px;border-top-color: #fff;opacity: 0;}.uagb-block-b6c54374.wp-block-uagb-image .wp-block-uagb-image__figure img{width: px;height: auto;}.uagb-block-b6c54374.wp-block-uagb-image .wp-block-uagb-image__figure:hover .wp-block-uagb-image--layout-overlay__inner .uagb-image-caption{opacity: 1;}.uagb-block-b6c54374.wp-block-uagb-image .wp-block-uagb-image__figure:hover .wp-block-uagb-image--layout-overlay__inner .uagb-image-separator{opacity: 1;}.uagb-block-b6c54374.wp-block-uagb-image--layout-default figure:hover img{box-shadow: 0px 0px 0 #00000070;}.uagb-block-b6c54374.wp-block-uagb-image--layout-overlay figure:hover img{box-shadow: 0px 0px 0 #00000070;}@media only screen and (max-width: 976px) {.uagb-block-b6c54374.wp-block-uagb-image .wp-block-uagb-image__figure img{width: px;height: auto;}}@media only screen and (max-width: 767px) {.uagb-block-b6c54374.wp-block-uagb-image .wp-block-uagb-image__figure img{width: px;height: auto;}}.uagb-block-2bdcf70c.wp-block-uagb-image{margin-top: 0px;margin-right: 0px;margin-bottom: 0px;margin-left: 0px;}.uagb-block-2bdcf70c.wp-block-uagb-image--layout-default figure img{box-shadow: 0px 0px 0 #00000070;}.uagb-block-2bdcf70c.wp-block-uagb-image .wp-block-uagb-image__figure figcaption{font-style: normal;align-self: center;}.uagb-block-2bdcf70c.wp-block-uagb-image--layout-overlay figure img{box-shadow: 0px 0px 0 #00000070;}.uagb-block-2bdcf70c.wp-block-uagb-image--layout-overlay .wp-block-uagb-image--layout-overlay__color-wrapper{opacity: 0.2;}.uagb-block-2bdcf70c.wp-block-uagb-image--layout-overlay .wp-block-uagb-image--layout-overlay__inner{left: 15px;right: 15px;top: 15px;bottom: 15px;}.uagb-block-2bdcf70c.wp-block-uagb-image--layout-overlay .wp-block-uagb-image--layout-overlay__inner .uagb-image-heading{font-style: normal;color: #fff;opacity: 1;}.uagb-block-2bdcf70c.wp-block-uagb-image--layout-overlay .wp-block-uagb-image--layout-overlay__inner .uagb-image-heading a{color: #fff;}.uagb-block-2bdcf70c.wp-block-uagb-image--layout-overlay .wp-block-uagb-image--layout-overlay__inner .uagb-image-caption{opacity: 0;}.uagb-block-2bdcf70c.wp-block-uagb-image--layout-overlay .wp-block-uagb-image__figure:hover .wp-block-uagb-image--layout-overlay__color-wrapper{opacity: 1;}.uagb-block-2bdcf70c.wp-block-uagb-image .wp-block-uagb-image--layout-overlay__inner .uagb-image-separator{width: 30%;border-top-width: 2px;border-top-color: #fff;opacity: 0;}.uagb-block-2bdcf70c.wp-block-uagb-image .wp-block-uagb-image__figure img{width: px;height: auto;}.uagb-block-2bdcf70c.wp-block-uagb-image .wp-block-uagb-image__figure:hover .wp-block-uagb-image--layout-overlay__inner .uagb-image-caption{opacity: 1;}.uagb-block-2bdcf70c.wp-block-uagb-image .wp-block-uagb-image__figure:hover .wp-block-uagb-image--layout-overlay__inner .uagb-image-separator{opacity: 1;}.uagb-block-2bdcf70c.wp-block-uagb-image--layout-default figure:hover img{box-shadow: 0px 0px 0 #00000070;}.uagb-block-2bdcf70c.wp-block-uagb-image--layout-overlay figure:hover img{box-shadow: 0px 0px 0 #00000070;}@media only screen and (max-width: 976px) {.uagb-block-2bdcf70c.wp-block-uagb-image .wp-block-uagb-image__figure img{width: px;height: auto;}}@media only screen and (max-width: 767px) {.uagb-block-2bdcf70c.wp-block-uagb-image .wp-block-uagb-image__figure img{width: px;height: auto;}}\";s:2:\"js\";s:0:\"\";s:18:\"current_block_list\";a:28:{i:0;s:10:\"core\/group\";i:2;s:24:\"core\/post-featured-image\";i:3;s:15:\"core\/post-title\";i:5;s:14:\"core\/post-date\";i:6;s:16:\"core\/post-author\";i:7;s:15:\"core\/post-terms\";i:8;s:17:\"core\/post-content\";i:9;s:14:\"core\/separator\";i:10;s:13:\"core\/comments\";i:11;s:19:\"core\/comments-title\";i:12;s:21:\"core\/comment-template\";i:15;s:11:\"core\/avatar\";i:16;s:24:\"core\/comment-author-name\";i:17;s:17:\"core\/comment-date\";i:18;s:20:\"core\/comment-content\";i:19;s:23:\"core\/comment-reply-link\";i:20;s:24:\"core\/comments-pagination\";i:21;s:33:\"core\/comments-pagination-previous\";i:22;s:32:\"core\/comments-pagination-numbers\";i:23;s:29:\"core\/comments-pagination-next\";i:24;s:23:\"core\/post-comments-form\";i:25;s:14:\"core\/tag-cloud\";i:26;s:12:\"core\/heading\";i:27;s:14:\"core\/paragraph\";i:28;s:12:\"core\/buttons\";i:29;s:11:\"core\/button\";i:30;s:10:\"uagb\/image\";i:31;s:10:\"core\/image\";}s:8:\"uag_flag\";b:1;s:11:\"uag_version\";s:10:\"1777454816\";s:6:\"gfonts\";a:0:{}s:10:\"gfonts_url\";s:0:\"\";s:12:\"gfonts_files\";a:0:{}s:14:\"uag_faq_layout\";b:0;}"]},"uagb_featured_image_src":{"full":["https:\/\/mv-sport.de\/c\/wp-content\/uploads\/2017\/06\/schlossschwimmeninschwerin.jpg",532,399,false],"thumbnail":["https:\/\/mv-sport.de\/c\/wp-content\/uploads\/2017\/06\/schlossschwimmeninschwerin-150x150.jpg",150,150,true],"medium":["https:\/\/mv-sport.de\/c\/wp-content\/uploads\/2017\/06\/schlossschwimmeninschwerin.jpg",350,263,false],"medium_large":["https:\/\/mv-sport.de\/c\/wp-content\/uploads\/2017\/06\/schlossschwimmeninschwerin.jpg",532,399,false],"large":["https:\/\/mv-sport.de\/c\/wp-content\/uploads\/2017\/06\/schlossschwimmeninschwerin.jpg",532,399,false],"1536x1536":["https:\/\/mv-sport.de\/c\/wp-content\/uploads\/2017\/06\/schlossschwimmeninschwerin.jpg",532,399,false],"2048x2048":["https:\/\/mv-sport.de\/c\/wp-content\/uploads\/2017\/06\/schlossschwimmeninschwerin.jpg",532,399,false],"ultp_layout_landscape_large":["https:\/\/mv-sport.de\/c\/wp-content\/uploads\/2017\/06\/schlossschwimmeninschwerin.jpg",532,399,false],"ultp_layout_landscape":["https:\/\/mv-sport.de\/c\/wp-content\/uploads\/2017\/06\/schlossschwimmeninschwerin.jpg",532,399,false],"ultp_layout_portrait":["https:\/\/mv-sport.de\/c\/wp-content\/uploads\/2017\/06\/schlossschwimmeninschwerin.jpg",532,399,false],"ultp_layout_square":["https:\/\/mv-sport.de\/c\/wp-content\/uploads\/2017\/06\/schlossschwimmeninschwerin.jpg",532,399,false]},"uagb_author_info":{"display_name":"Marko Michels","author_link":"https:\/\/mv-sport.de\/c\/author\/marko-michels\/"},"uagb_comment_info":0,"uagb_excerpt":"Der geb\u00fcrtige Schweriner Schwimmer Carl Louis Schwarz \u00fcber die kommende WM und eigene Ziele&#8230; Die Schwimm-Weltmeisterschaften 2017 in Budapest r\u00fccken immer n\u00e4her. Nur noch zwei Wochen, dann starten die 17.Welt-Titelk\u00e4mpfe im Becken-Schwimmen, Synchron-Schwimmen, Langstrecken-Schwimmen, Wasserspringen und Wasserball WM vom 14.Juli bis 30.Juli in der ungarischen Hauptstadt. Leider nicht mit dabei ist Carl Louis Schwarz, Jahrgang&hellip;","_links":{"self":[{"href":"https:\/\/mv-sport.de\/c\/wp-json\/wp\/v2\/posts\/3916","targetHints":{"allow":["GET"]}}],"collection":[{"href":"https:\/\/mv-sport.de\/c\/wp-json\/wp\/v2\/posts"}],"about":[{"href":"https:\/\/mv-sport.de\/c\/wp-json\/wp\/v2\/types\/post"}],"author":[{"embeddable":true,"href":"https:\/\/mv-sport.de\/c\/wp-json\/wp\/v2\/users\/3"}],"replies":[{"embeddable":true,"href":"https:\/\/mv-sport.de\/c\/wp-json\/wp\/v2\/comments?post=3916"}],"version-history":[{"count":0,"href":"https:\/\/mv-sport.de\/c\/wp-json\/wp\/v2\/posts\/3916\/revisions"}],"wp:featuredmedia":[{"embeddable":true,"href":"https:\/\/mv-sport.de\/c\/wp-json\/wp\/v2\/media\/3917"}],"wp:attachment":[{"href":"https:\/\/mv-sport.de\/c\/wp-json\/wp\/v2\/media?parent=3916"}],"wp:term":[{"taxonomy":"category","embeddable":true,"href":"https:\/\/mv-sport.de\/c\/wp-json\/wp\/v2\/categories?post=3916"},{"taxonomy":"post_tag","embeddable":true,"href":"https:\/\/mv-sport.de\/c\/wp-json\/wp\/v2\/tags?post=3916"},{"taxonomy":"ort","embeddable":true,"href":"https:\/\/mv-sport.de\/c\/wp-json\/wp\/v2\/ort?post=3916"}],"curies":[{"name":"wp","href":"https:\/\/api.w.org\/{rel}","templated":true}]}}