{"id":42721,"date":"2019-11-17T14:41:20","date_gmt":"2019-11-17T13:41:20","guid":{"rendered":"https:\/\/mv-sport.de\/?p=42721"},"modified":"2019-11-17T14:41:20","modified_gmt":"2019-11-17T13:41:20","slug":"laager-laufgruppe-bleibt-die-nr-2-in-mecklenburg-vorpommern","status":"publish","type":"post","link":"https:\/\/mv-sport.de\/c\/laager-laufgruppe-bleibt-die-nr-2-in-mecklenburg-vorpommern\/","title":{"rendered":"Laager Laufgruppe bleibt die Nr.2 in Mecklenburg-Vorpommern"},"content":{"rendered":"<p style=\"margin-bottom: 9.75pt\"><span style=\"font-size: 14.0pt;font-family: 'Arial','sans-serif'\">Im Stile einer ganz tollen L\u00e4uferparty konnten die Mitglieder des Laufteams R\u00fcgen die Abschlussveranstaltung der diesj\u00e4hrigen Laufcupsaison gemeinsam mit vielen Mitgliedern aus den Vereinen des gesamten Bundeslandes in Baabe feiern und trafen damit den Nerv der Laufsportelite aus Mecklenburg Vorpommern.<br \/>\nEin Gru\u00dfwort der Pr\u00e4sidentin\u00a0 des Leichtathletik-Verbandes Mecklenburg-Vorpommern, Prof. Dr. Kristin Behrens, und musikalisch anspruchsvolle Einlagen der Stralsunderin Sophie-Charlotte Lewing, die als Stimme bei \u201eThe Voice of Germany\u201c einem breiten Fernsehpublikum bekannt wurde, machten den Nachmittag genauso kurzweilig wie das Interview mit dem Deutschen Marathonmeister Tom Gr\u00f6schel. Die wirklich gut aufgelegten Moderatoren machten das, was sich jeder Veranstalter w\u00fcnscht. Ein echtes Event zauberten die M\u00e4nner an den Mikrophonen und brachten bei jeder Siegerehrung den Saal zum Kochen.<br \/>\n<\/span><span style=\"font-size: 14.0pt;font-family: 'Arial','sans-serif'\">Von M\u00e4rz bis November hatten die L\u00e4uferinnen und L\u00e4ufer auf 16 unterschiedlichen Strecken und einem Staffellauf die M\u00f6glichkeit, bei mindestens f\u00fcnf L\u00e4ufen an den Start zu gehen, um die notwendigen 60 Punkte zu erk\u00e4mpfen die jeden in seiner Klasse in die Wertung bringen. Die Auswertung erfolgte als Gesamteinzel-, Altersklassen-, Vereins- und Teamwertung. F\u00fcr die anwesenden Laager Ausdauersportler wurde die Laufcupauswertung nach dem morgendlichen Begr\u00fc\u00dfungs-L\u00e4ufchen eine Arie der Freude und des Feierns. Besonders der Sieg in der Altersklassenwertung von Joelina Raith machte die Abordnung des SC Laage sehr stolz. Aber auch die Podestpl\u00e4tze von Sophie Pommerehne, Pia-Marie Arendt,Stella Grobbecker, Kathleen Kaufmann , Ricardo Wendt und Heinz-Peter Zettl sorgten f\u00fcr m\u00e4chtig Stimmung im gro\u00dfen Saal des &#8222;Haus des Gastes&#8220; im wundersch\u00f6nen Ostseebad.<br \/>\nBasis f\u00fcr diesen Erfolg ist das sehr disziplinierte Training. Es spiegelt sich in den Trainingseinheiten die Ausgewogenheit zwischen ambitioniertem Volkssport und einem dosierten Leistungsanspruch wider. Und genau dazu passt auch die Durchsetzung innovativer Trainingskonzepte. Letztendlich trainieren die Sportlerinnen und Sportler nur zwei Mal in der Woche. Dabei d\u00fcrfen sich die \u00dcbungsleiter dann allerdings \u00fcber eine hohe Trainingsbeteiligung und auch Anstrengungsbereitschaft freuen.<br \/>\nNun ist der Laufcup in Mecklenburg-Vorpommern auch in diesem Jahr Geschichte und die Laufgruppe des Sportclubs Laage kann stolz behaupten ganz vorne mitgemischt zu haben. In der Endabrechnung \u00a0aller platzierten Vereine belegten die Frauen und M\u00e4nner der Laager Laufgruppe einen ganz starken 2.Platz hinter dem SV Turbine aus Neubrandenburg. Die\u00a0 gewerteten Frauen und \u00a0M\u00e4nner konnten 6748,5 Punkte erk\u00e4mpfen und damit etablierte Vereine wie die LG Schwerin, den HSV Neubrandenburg, den PSV Wismar und Teams aus Rostock, Wittenburg, Stralsund, Greifswald und G\u00fcstrow hinter sich lassen. Das alles ist das Ergebnis einer geschlossenen Mannschaftsleistung.<\/p>\n<p>SC Laage<\/span><\/p>\n<figure id=\"attachment_42722\" aria-describedby=\"caption-attachment-42722\" style=\"width: 436px\" class=\"wp-caption aligncenter\"><a href=\"https:\/\/mv-sport.de\/wp-content\/uploads\/2019\/11\/zwischenablage.jpg\"><img loading=\"lazy\" decoding=\"async\" class=\"size-large wp-image-42722\" src=\"https:\/\/mv-sport.de\/wp-content\/uploads\/2019\/11\/zwischenablage-436x1024.jpg\" alt=\"\" width=\"436\" height=\"1024\" \/><\/a><figcaption id=\"caption-attachment-42722\" class=\"wp-caption-text\">Die Fotos zeigen Laager L\u00e4ufer mit ihrer Siegertorte und Joelina Raith. Fotos: A.Stache<\/figcaption><\/figure>\n","protected":false},"excerpt":{"rendered":"<p>Im Stile einer ganz tollen L\u00e4uferparty konnten die Mitglieder des Laufteams R\u00fcgen die Abschlussveranstaltung der diesj\u00e4hrigen Laufcupsaison gemeinsam mit vielen Mitgliedern aus den Vereinen des gesamten Bundeslandes in Baabe feiern und trafen damit den Nerv der Laufsportelite aus Mecklenburg Vorpommern. Ein Gru\u00dfwort der Pr\u00e4sidentin\u00a0 des Leichtathletik-Verbandes Mecklenburg-Vorpommern, Prof. Dr. Kristin Behrens, und musikalisch anspruchsvolle Einlagen [&hellip;]<\/p>\n","protected":false},"author":7,"featured_media":42722,"comment_status":"open","ping_status":"open","sticky":false,"template":"","format":"standard","meta":{"_seopress_robots_primary_cat":"none","_seopress_titles_title":"","_seopress_titles_desc":"","_seopress_robots_index":"","_relevanssi_hide_post":"","_relevanssi_hide_content":"","_relevanssi_pin_for_all":"","_relevanssi_pin_keywords":"","_relevanssi_unpin_keywords":"","_relevanssi_related_keywords":"","_relevanssi_related_include_ids":"","_relevanssi_related_exclude_ids":"","_relevanssi_related_no_append":"","_relevanssi_related_not_related":"","_relevanssi_related_posts":"","_relevanssi_noindex_reason":"","_uag_custom_page_level_css":"","footnotes":""},"categories":[47,24],"tags":[],"ort":[],"class_list":{"0":"post-42721","1":"post","2":"type-post","3":"status-publish","4":"format-standard","5":"has-post-thumbnail","7":"category-laufsport","8":"category-sport-allgemein"},"featured_image_urls":{"medium":"https:\/\/mv-sport.de\/c\/wp-content\/uploads\/2019\/11\/zwischenablage-600x600.jpg","medium_large":"https:\/\/mv-sport.de\/c\/wp-content\/uploads\/2019\/11\/zwischenablage.jpg","large":"https:\/\/mv-sport.de\/c\/wp-content\/uploads\/2019\/11\/zwischenablage-597x1400.jpg","full":"https:\/\/mv-sport.de\/c\/wp-content\/uploads\/2019\/11\/zwischenablage.jpg","alt":"Die Fotos zeigen Laager L\u00e4ufer mit ihrer Siegertorte und Joelina Raith.","caption":"Die Fotos zeigen Laager L\u00e4ufer mit ihrer Siegertorte und Joelina Raith. Fotos: A.Stache"},"spectra_custom_meta":{"uab_option":["yes"],"uab_meta_position":["default"],"_extra_rating_average":["0"],"_seopress_analysis_data":["a:13:{s:5:\"title\";s:134:\"Laager Laufgruppe bleibt die Nr.2 in Mecklenburg-Vorpommern | MV-Sport.de - Sportvereine &amp; Sportnachrichten Mecklenburg-Vorpommern\";s:9:\"meta_desc\";s:414:\"Im Stile einer ganz tollen L\u00e4uferparty konnten die Mitglieder des Laufteams R\u00fcgen die Abschlussveranstaltung der diesj\u00e4hrigen Laufcupsaison gemeinsam mit vielen Mitgliedern aus den Vereinen des gesamten Bundeslandes in Baabe feiern und trafen damit den Nerv der Laufsportelite aus Mecklenburg Vorpommern. Ein Gru\u00dfwort der Pr\u00e4sidentin\u00a0 des Leichtathletik-Verbandes Mecklenburg-Vorpommern, Prof. Dr. Kristin\u2026\";s:8:\"og_title\";s:134:\"Laager Laufgruppe bleibt die Nr.2 in Mecklenburg-Vorpommern | MV-Sport.de - Sportvereine &amp; Sportnachrichten Mecklenburg-Vorpommern\";s:7:\"og_desc\";s:414:\"Im Stile einer ganz tollen L\u00e4uferparty konnten die Mitglieder des Laufteams R\u00fcgen die Abschlussveranstaltung der diesj\u00e4hrigen Laufcupsaison gemeinsam mit vielen Mitgliedern aus den Vereinen des gesamten Bundeslandes in Baabe feiern und trafen damit den Nerv der Laufsportelite aus Mecklenburg Vorpommern. Ein Gru\u00dfwort der Pr\u00e4sidentin\u00a0 des Leichtathletik-Verbandes Mecklenburg-Vorpommern, Prof. Dr. Kristin\u2026\";s:6:\"og_img\";s:65:\"https:\/\/mv-sport.de\/wp-content\/uploads\/2019\/11\/zwischenablage.jpg\";s:8:\"tw_title\";s:134:\"Laager Laufgruppe bleibt die Nr.2 in Mecklenburg-Vorpommern | MV-Sport.de - Sportvereine &amp; Sportnachrichten Mecklenburg-Vorpommern\";s:7:\"tw_desc\";s:414:\"Im Stile einer ganz tollen L\u00e4uferparty konnten die Mitglieder des Laufteams R\u00fcgen die Abschlussveranstaltung der diesj\u00e4hrigen Laufcupsaison gemeinsam mit vielen Mitgliedern aus den Vereinen des gesamten Bundeslandes in Baabe feiern und trafen damit den Nerv der Laufsportelite aus Mecklenburg Vorpommern. Ein Gru\u00dfwort der Pr\u00e4sidentin\u00a0 des Leichtathletik-Verbandes Mecklenburg-Vorpommern, Prof. Dr. Kristin\u2026\";s:9:\"canonical\";s:80:\"https:\/\/mv-sport.de\/laager-laufgruppe-bleibt-die-nr-2-in-mecklenburg-vorpommern\/\";s:3:\"img\";a:1:{s:6:\"images\";a:8:{i:0;s:74:\"https:\/\/mv-sport.de\/wp-content\/uploads\/2019\/11\/zwischenablage-436x1024.jpg\";i:1;s:59:\"https:\/\/mv-sport.de\/wp-content\/uploads\/2017\/06\/sc_laage.png\";i:2;s:89:\"https:\/\/mv-sport.de\/wp-content\/sabai\/File\/thumbnails\/44c70e0be85566f8044622c2b1dc21c0.png\";i:3;s:89:\"https:\/\/mv-sport.de\/wp-content\/sabai\/File\/thumbnails\/ef95387599c1b1c46a678e0abef4c0b8.gif\";i:4;s:89:\"https:\/\/mv-sport.de\/wp-content\/sabai\/File\/thumbnails\/342bbf091965394f61bdfa15fbeeab35.jpg\";i:5;s:44:\"https:\/\/www.paypal.com\/de_DE\/i\/scr\/pixel.gif\";i:6;s:61:\"https:\/\/mv-sport.de\/wp-content\/uploads\/2017\/05\/140x70px-3.gif\";i:7;s:43:\"\/\/ads.ad-mv.de\/c\/piwik.php?idsite=162&rec=1\";}}s:11:\"meta_robots\";a:1:{i:0;a:1:{i:0;s:61:\"max-snippet:-1, max-image-preview:large, max-video-preview:-1\";}}s:14:\"outbound_links\";a:7:{i:0;a:1:{s:29:\"http:\/\/www.sportclub-laage.de\";s:29:\"http:\/\/www.sportclub-laage.de\";}i:1;a:1:{s:34:\"https:\/\/www.facebook.com\/MVSportde\";s:0:\"\";}i:2;a:1:{s:37:\"https:\/\/www.instagram.com\/mv_sport.de\";s:0:\"\";}i:3;a:1:{s:20:\"http:\/\/www.web-mv.de\";s:9:\"web-mv.de\";}i:4;a:1:{s:33:\"http:\/\/www.webdesign-schwerin.net\";s:0:\"\";}i:5;a:1:{s:34:\"https:\/\/www.facebook.com\/MVSportde\";s:13:\"\n    Like us!\";}i:6;a:1:{s:37:\"https:\/\/www.instagram.com\/mv_sport.de\";s:15:\"\n    Follow us!\";}}s:13:\"words_counter\";i:402;s:20:\"words_counter_unique\";i:269;}"],"_edit_lock":["1574276620:7"],"_edit_last":["7"],"_thumbnail_id":["42722"],"xyz_fbap_future_to_publish":["a:3:{s:18:\"post_fb_permission\";i:1;s:18:\"xyz_fbap_po_method\";s:1:\"2\";s:16:\"xyz_fbap_message\";s:17:\"{POST_EXCERPT}...\";}"],"xyz_fbap":["1"],"xyz_fbap_insert_og":["1"],"post_views_count":["530"],"_seopress_titles_title":[""],"_seopress_titles_desc":[""],"_seopress_robots_canonical":[""],"_seopress_robots_primary_cat":["none"],"_seopress_robots_breadcrumbs":[""],"_seopress_social_fb_title":[""],"_seopress_social_fb_desc":[""],"_seopress_social_fb_img":[""],"_seopress_social_twitter_title":[""],"_seopress_social_twitter_desc":[""],"_seopress_social_twitter_img":[""],"_seopress_redirections_type":["301"],"_seopress_redirections_value":[""],"_seopress_video":["a:1:{i:0;a:9:{s:3:\"url\";s:0:\"\";s:5:\"title\";s:0:\"\";s:4:\"desc\";s:0:\"\";s:9:\"thumbnail\";s:0:\"\";s:8:\"duration\";s:0:\"\";s:6:\"rating\";s:0:\"\";s:10:\"view_count\";s:0:\"\";s:3:\"tag\";s:0:\"\";s:3:\"cat\";s:0:\"\";}}"],"_post_review_box_title":["Rezension"],"_post_review_box_summary":[""],"_post_review_box_summary_title":["Zusammenfassung"],"_post_review_box_breakdowns_score":["0"],"_post_review_box_breakdowns_count":["1"],"_post_review_box_breakdowns":["a:1:{i:0;a:2:{s:5:\"title\";s:0:\"\";s:6:\"rating\";i:0;}}"],"_extra_sidebar_location":[""],"_extra_sidebar":[""],"wp_schema_pro_optimized_structured_data":["<!-- Schema optimized by Schema Pro --><script type=\"application\/ld+json\">{\"@context\":\"https:\/\/schema.org\",\"@type\":\"NewsArticle\",\"mainEntityOfPage\":{\"@type\":\"WebPage\",\"@id\":\"https:\/\/mv-sport.de\/laager-laufgruppe-bleibt-die-nr-2-in-mecklenburg-vorpommern\/\"},\"headline\":\"Laager Laufgruppe bleibt die Nr.2 in Mecklenburg-Vorpommern\",\"image\":{\"@type\":\"ImageObject\",\"url\":\"https:\/\/mv-sport.de\/wp-content\/uploads\/2019\/11\/zwischenablage.jpg\",\"width\":682,\"height\":1600},\"datePublished\":\"2019-11-17T14:41:20\",\"dateModified\":\"2019-11-17T14:41:20\",\"author\":{\"@type\":\"Person\",\"name\":\"Sportclub Laage e.V.\",\"url\":\"https:\/\/mv-sport.de\/author\/sportclub-laage-e-v\"},\"publisher\":{\"@type\":\"Organization\",\"name\":\"MV-Sport.de - Sportvereine &amp; Sportnachrichten Mecklenburg-Vorpommern\",\"logo\":{\"@type\":\"ImageObject\",\"url\":\"https:\/\/mv-sport.de\/wp-content\/uploads\/2017\/05\/logo-mv-sport-292x60.png\"}}}<\/script><!-- \/ Schema optimized by Schema Pro -->"],"__post_views_count":["1133"],"astra_style_timestamp_css":["1757397620"],"_uag_css_file_name":["uag-css-42721.css"],"_uag_page_assets":["a:9:{s:3:\"css\";s:7010:\".uagb-block-88f5875d.wp-block-uagb-image--layout-default figure img{box-shadow: 0px 0px 0 #00000070;}.uagb-block-88f5875d.wp-block-uagb-image .wp-block-uagb-image__figure figcaption{font-style: normal;align-self: center;}.uagb-block-88f5875d.wp-block-uagb-image--layout-overlay figure img{box-shadow: 0px 0px 0 #00000070;}.uagb-block-88f5875d.wp-block-uagb-image--layout-overlay .wp-block-uagb-image--layout-overlay__color-wrapper{opacity: 0.2;}.uagb-block-88f5875d.wp-block-uagb-image--layout-overlay .wp-block-uagb-image--layout-overlay__inner{left: 15px;right: 15px;top: 15px;bottom: 15px;}.uagb-block-88f5875d.wp-block-uagb-image--layout-overlay .wp-block-uagb-image--layout-overlay__inner .uagb-image-heading{font-style: normal;color: #fff;opacity: 1;}.uagb-block-88f5875d.wp-block-uagb-image--layout-overlay .wp-block-uagb-image--layout-overlay__inner .uagb-image-heading a{color: #fff;}.uagb-block-88f5875d.wp-block-uagb-image--layout-overlay .wp-block-uagb-image--layout-overlay__inner .uagb-image-caption{opacity: 0;}.uagb-block-88f5875d.wp-block-uagb-image--layout-overlay .wp-block-uagb-image__figure:hover .wp-block-uagb-image--layout-overlay__color-wrapper{opacity: 1;}.uagb-block-88f5875d.wp-block-uagb-image .wp-block-uagb-image--layout-overlay__inner .uagb-image-separator{width: 30%;border-top-width: 2px;border-top-color: #fff;opacity: 0;}.uagb-block-88f5875d.wp-block-uagb-image .wp-block-uagb-image__figure img{width: 297px;height: auto;}.uagb-block-88f5875d.wp-block-uagb-image .wp-block-uagb-image__figure:hover .wp-block-uagb-image--layout-overlay__inner .uagb-image-caption{opacity: 1;}.uagb-block-88f5875d.wp-block-uagb-image .wp-block-uagb-image__figure:hover .wp-block-uagb-image--layout-overlay__inner .uagb-image-separator{opacity: 1;}.uagb-block-88f5875d.wp-block-uagb-image--layout-default figure:hover img{box-shadow: 0px 0px 0 #00000070;}.uagb-block-88f5875d.wp-block-uagb-image--layout-overlay figure:hover img{box-shadow: 0px 0px 0 #00000070;}@media only screen and (max-width: 976px) {.uagb-block-88f5875d.wp-block-uagb-image .wp-block-uagb-image__figure img{width: 297px;height: auto;}}@media only screen and (max-width: 767px) {.uagb-block-88f5875d.wp-block-uagb-image .wp-block-uagb-image__figure img{width: 297px;height: auto;}}.uagb-block-b6c54374.wp-block-uagb-image{margin-top: 0px;margin-right: 0px;margin-bottom: 0px;margin-left: 0px;}.uagb-block-b6c54374.wp-block-uagb-image--layout-default figure img{box-shadow: 0px 0px 0 #00000070;}.uagb-block-b6c54374.wp-block-uagb-image .wp-block-uagb-image__figure figcaption{font-style: normal;align-self: center;}.uagb-block-b6c54374.wp-block-uagb-image--layout-overlay figure img{box-shadow: 0px 0px 0 #00000070;}.uagb-block-b6c54374.wp-block-uagb-image--layout-overlay .wp-block-uagb-image--layout-overlay__color-wrapper{opacity: 0.2;}.uagb-block-b6c54374.wp-block-uagb-image--layout-overlay .wp-block-uagb-image--layout-overlay__inner{left: 15px;right: 15px;top: 15px;bottom: 15px;}.uagb-block-b6c54374.wp-block-uagb-image--layout-overlay .wp-block-uagb-image--layout-overlay__inner .uagb-image-heading{font-style: normal;color: #fff;opacity: 1;}.uagb-block-b6c54374.wp-block-uagb-image--layout-overlay .wp-block-uagb-image--layout-overlay__inner .uagb-image-heading a{color: #fff;}.uagb-block-b6c54374.wp-block-uagb-image--layout-overlay .wp-block-uagb-image--layout-overlay__inner .uagb-image-caption{opacity: 0;}.uagb-block-b6c54374.wp-block-uagb-image--layout-overlay .wp-block-uagb-image__figure:hover .wp-block-uagb-image--layout-overlay__color-wrapper{opacity: 1;}.uagb-block-b6c54374.wp-block-uagb-image .wp-block-uagb-image--layout-overlay__inner .uagb-image-separator{width: 30%;border-top-width: 2px;border-top-color: #fff;opacity: 0;}.uagb-block-b6c54374.wp-block-uagb-image .wp-block-uagb-image__figure img{width: px;height: auto;}.uagb-block-b6c54374.wp-block-uagb-image .wp-block-uagb-image__figure:hover .wp-block-uagb-image--layout-overlay__inner .uagb-image-caption{opacity: 1;}.uagb-block-b6c54374.wp-block-uagb-image .wp-block-uagb-image__figure:hover .wp-block-uagb-image--layout-overlay__inner .uagb-image-separator{opacity: 1;}.uagb-block-b6c54374.wp-block-uagb-image--layout-default figure:hover img{box-shadow: 0px 0px 0 #00000070;}.uagb-block-b6c54374.wp-block-uagb-image--layout-overlay figure:hover img{box-shadow: 0px 0px 0 #00000070;}@media only screen and (max-width: 976px) {.uagb-block-b6c54374.wp-block-uagb-image .wp-block-uagb-image__figure img{width: px;height: auto;}}@media only screen and (max-width: 767px) {.uagb-block-b6c54374.wp-block-uagb-image .wp-block-uagb-image__figure img{width: px;height: auto;}}.uagb-block-2bdcf70c.wp-block-uagb-image{margin-top: 0px;margin-right: 0px;margin-bottom: 0px;margin-left: 0px;}.uagb-block-2bdcf70c.wp-block-uagb-image--layout-default figure img{box-shadow: 0px 0px 0 #00000070;}.uagb-block-2bdcf70c.wp-block-uagb-image .wp-block-uagb-image__figure figcaption{font-style: normal;align-self: center;}.uagb-block-2bdcf70c.wp-block-uagb-image--layout-overlay figure img{box-shadow: 0px 0px 0 #00000070;}.uagb-block-2bdcf70c.wp-block-uagb-image--layout-overlay .wp-block-uagb-image--layout-overlay__color-wrapper{opacity: 0.2;}.uagb-block-2bdcf70c.wp-block-uagb-image--layout-overlay .wp-block-uagb-image--layout-overlay__inner{left: 15px;right: 15px;top: 15px;bottom: 15px;}.uagb-block-2bdcf70c.wp-block-uagb-image--layout-overlay .wp-block-uagb-image--layout-overlay__inner .uagb-image-heading{font-style: normal;color: #fff;opacity: 1;}.uagb-block-2bdcf70c.wp-block-uagb-image--layout-overlay .wp-block-uagb-image--layout-overlay__inner .uagb-image-heading a{color: #fff;}.uagb-block-2bdcf70c.wp-block-uagb-image--layout-overlay .wp-block-uagb-image--layout-overlay__inner .uagb-image-caption{opacity: 0;}.uagb-block-2bdcf70c.wp-block-uagb-image--layout-overlay .wp-block-uagb-image__figure:hover .wp-block-uagb-image--layout-overlay__color-wrapper{opacity: 1;}.uagb-block-2bdcf70c.wp-block-uagb-image .wp-block-uagb-image--layout-overlay__inner .uagb-image-separator{width: 30%;border-top-width: 2px;border-top-color: #fff;opacity: 0;}.uagb-block-2bdcf70c.wp-block-uagb-image .wp-block-uagb-image__figure img{width: px;height: auto;}.uagb-block-2bdcf70c.wp-block-uagb-image .wp-block-uagb-image__figure:hover .wp-block-uagb-image--layout-overlay__inner .uagb-image-caption{opacity: 1;}.uagb-block-2bdcf70c.wp-block-uagb-image .wp-block-uagb-image__figure:hover .wp-block-uagb-image--layout-overlay__inner .uagb-image-separator{opacity: 1;}.uagb-block-2bdcf70c.wp-block-uagb-image--layout-default figure:hover img{box-shadow: 0px 0px 0 #00000070;}.uagb-block-2bdcf70c.wp-block-uagb-image--layout-overlay figure:hover img{box-shadow: 0px 0px 0 #00000070;}@media only screen and (max-width: 976px) {.uagb-block-2bdcf70c.wp-block-uagb-image .wp-block-uagb-image__figure img{width: px;height: auto;}}@media only screen and (max-width: 767px) {.uagb-block-2bdcf70c.wp-block-uagb-image .wp-block-uagb-image__figure img{width: px;height: auto;}}\";s:2:\"js\";s:0:\"\";s:18:\"current_block_list\";a:28:{i:0;s:10:\"core\/group\";i:2;s:24:\"core\/post-featured-image\";i:3;s:15:\"core\/post-title\";i:5;s:14:\"core\/post-date\";i:6;s:16:\"core\/post-author\";i:7;s:15:\"core\/post-terms\";i:8;s:17:\"core\/post-content\";i:9;s:14:\"core\/separator\";i:10;s:13:\"core\/comments\";i:11;s:19:\"core\/comments-title\";i:12;s:21:\"core\/comment-template\";i:15;s:11:\"core\/avatar\";i:16;s:24:\"core\/comment-author-name\";i:17;s:17:\"core\/comment-date\";i:18;s:20:\"core\/comment-content\";i:19;s:23:\"core\/comment-reply-link\";i:20;s:24:\"core\/comments-pagination\";i:21;s:33:\"core\/comments-pagination-previous\";i:22;s:32:\"core\/comments-pagination-numbers\";i:23;s:29:\"core\/comments-pagination-next\";i:24;s:23:\"core\/post-comments-form\";i:25;s:14:\"core\/tag-cloud\";i:26;s:12:\"core\/heading\";i:27;s:14:\"core\/paragraph\";i:28;s:12:\"core\/buttons\";i:29;s:11:\"core\/button\";i:30;s:10:\"uagb\/image\";i:31;s:10:\"core\/image\";}s:8:\"uag_flag\";b:1;s:11:\"uag_version\";s:10:\"1776935280\";s:6:\"gfonts\";a:0:{}s:10:\"gfonts_url\";s:0:\"\";s:12:\"gfonts_files\";a:0:{}s:14:\"uag_faq_layout\";b:0;}"]},"uagb_featured_image_src":{"full":["https:\/\/mv-sport.de\/c\/wp-content\/uploads\/2019\/11\/zwischenablage.jpg",682,1600,false],"thumbnail":["https:\/\/mv-sport.de\/c\/wp-content\/uploads\/2019\/11\/zwischenablage-150x150.jpg",150,150,true],"medium":["https:\/\/mv-sport.de\/c\/wp-content\/uploads\/2019\/11\/zwischenablage-600x600.jpg",350,350,true],"medium_large":["https:\/\/mv-sport.de\/c\/wp-content\/uploads\/2019\/11\/zwischenablage.jpg",682,1600,false],"large":["https:\/\/mv-sport.de\/c\/wp-content\/uploads\/2019\/11\/zwischenablage-597x1400.jpg",437,1024,true],"1536x1536":["https:\/\/mv-sport.de\/c\/wp-content\/uploads\/2019\/11\/zwischenablage.jpg",655,1536,false],"2048x2048":["https:\/\/mv-sport.de\/c\/wp-content\/uploads\/2019\/11\/zwischenablage.jpg",682,1600,false],"ultp_layout_landscape_large":["https:\/\/mv-sport.de\/c\/wp-content\/uploads\/2019\/11\/zwischenablage.jpg",341,800,false],"ultp_layout_landscape":["https:\/\/mv-sport.de\/c\/wp-content\/uploads\/2019\/11\/zwischenablage.jpg",243,570,false],"ultp_layout_portrait":["https:\/\/mv-sport.de\/c\/wp-content\/uploads\/2019\/11\/zwischenablage.jpg",384,900,false],"ultp_layout_square":["https:\/\/mv-sport.de\/c\/wp-content\/uploads\/2019\/11\/zwischenablage.jpg",256,600,false]},"uagb_author_info":{"display_name":"Sportclub Laage e.V.","author_link":"https:\/\/mv-sport.de\/c\/author\/sportclub-laage-e-v\/"},"uagb_comment_info":0,"uagb_excerpt":"Im Stile einer ganz tollen L\u00e4uferparty konnten die Mitglieder des Laufteams R\u00fcgen die Abschlussveranstaltung der diesj\u00e4hrigen Laufcupsaison gemeinsam mit vielen Mitgliedern aus den Vereinen des gesamten Bundeslandes in Baabe feiern und trafen damit den Nerv der Laufsportelite aus Mecklenburg Vorpommern. Ein Gru\u00dfwort der Pr\u00e4sidentin\u00a0 des Leichtathletik-Verbandes Mecklenburg-Vorpommern, Prof. Dr. Kristin Behrens, und musikalisch anspruchsvolle Einlagen&hellip;","_links":{"self":[{"href":"https:\/\/mv-sport.de\/c\/wp-json\/wp\/v2\/posts\/42721","targetHints":{"allow":["GET"]}}],"collection":[{"href":"https:\/\/mv-sport.de\/c\/wp-json\/wp\/v2\/posts"}],"about":[{"href":"https:\/\/mv-sport.de\/c\/wp-json\/wp\/v2\/types\/post"}],"author":[{"embeddable":true,"href":"https:\/\/mv-sport.de\/c\/wp-json\/wp\/v2\/users\/7"}],"replies":[{"embeddable":true,"href":"https:\/\/mv-sport.de\/c\/wp-json\/wp\/v2\/comments?post=42721"}],"version-history":[{"count":0,"href":"https:\/\/mv-sport.de\/c\/wp-json\/wp\/v2\/posts\/42721\/revisions"}],"wp:featuredmedia":[{"embeddable":true,"href":"https:\/\/mv-sport.de\/c\/wp-json\/wp\/v2\/media\/42722"}],"wp:attachment":[{"href":"https:\/\/mv-sport.de\/c\/wp-json\/wp\/v2\/media?parent=42721"}],"wp:term":[{"taxonomy":"category","embeddable":true,"href":"https:\/\/mv-sport.de\/c\/wp-json\/wp\/v2\/categories?post=42721"},{"taxonomy":"post_tag","embeddable":true,"href":"https:\/\/mv-sport.de\/c\/wp-json\/wp\/v2\/tags?post=42721"},{"taxonomy":"ort","embeddable":true,"href":"https:\/\/mv-sport.de\/c\/wp-json\/wp\/v2\/ort?post=42721"}],"curies":[{"name":"wp","href":"https:\/\/api.w.org\/{rel}","templated":true}]}}