{"id":4885,"date":"2017-08-07T10:55:06","date_gmt":"2017-08-07T08:55:06","guid":{"rendered":"https:\/\/mv-sport.de\/?p=4885"},"modified":"2017-08-07T11:13:38","modified_gmt":"2017-08-07T09:13:38","slug":"der-motorsport-zwischen-enduro-em-in-burg-rund-um-rehna-und-motocross-in-barth","status":"publish","type":"post","link":"https:\/\/mv-sport.de\/c\/der-motorsport-zwischen-enduro-em-in-burg-rund-um-rehna-und-motocross-in-barth\/","title":{"rendered":"Der Motorsport: Zwischen Enduro-EM in Burg, &#8222;Rund um Rehna&#8220; und Motocross in Barth"},"content":{"rendered":"<p>Tilmann Krause verbessert sich auf 3. Platz bei Enduro-DM<\/p>\n<p>Burg: In Burg wurden am Wochenende je zwei Wertungsfahrten um die Enduro-Europameisterschaft und die DM ausgetragen. Bei den +40-j\u00e4hrigen in der EM, behauptete Arne Domeyer vom MC Rehna im ADAC, seine Gesamtf\u00fchrung vor dem polnischen Titelverteidiger Sebastian Krywult mit 15 Punkten und das trotz seines sturzbedingten Ausfalls am ersten Wertungstag.<\/p>\n<p>\u201eIch hatte mir die Hand verletzt und nichts ging mehr. Ich habe die Z\u00e4hne zusammen gebissen und wollte am zweiten Tag zumindest einige Punkte holen. Aber dann lief es so gut, dass ich die Wertung gewann,\u201c berichtet Arne Domeyer erleichtert. Er hat nunmehr die Chance bei den abschlie\u00dfenden Wertungstagen vom 13.-15. Oktober im slowakischen Gelnica den Titel zu gewinnen.<\/p>\n<p>Nicht so gut lief es bei Bj\u00f6rn Feldt vom MC Grevesm\u00fchlen in der Klasse E3, denn nach einem Sturz am ersten Wertungstag, zog er sich eine Gehirnersch\u00fctterung zu und wird derzeitig im Krankenhaus behandelt. \u201eIch hoffe das ich in K\u00fcrze entlassen werde und alsbald wieder an den Meisterschaften teilnehmen kann,\u201c schaut er optimistisch in die Zukunft. Ronny Thoms vom MC Grevesm\u00fchlen kam bei den Senioren nicht in die Wertung und der Wolgaster Gerrit Helbig, erreichte in der E3 am zweiten Tag Wertungspunkte.<\/p>\n<p>Zugleich erfolgte in Burg die Wertung um Punkte f\u00fcr die Deutsche Meisterschaft. Hier \u00fcberzeugte Tilmann Krause vom MC Rehna mit einem zweiten sowie einem dritten Platz in der Kasse E2 und verbesserte sich in der Gesamtwertung auf den dritten Platz. Bj\u00f6rn Feldt b\u00fc\u00dfte jedoch in der E3 Wertung seinen zweiten Gesamtplatz ein, liegt auf Rang vier und hofft, dass er bei der n\u00e4chsten DM-Fahrt am 17. September in Dachsbach wieder angreifen kann. Gerrit Helbig erreichte am Sonntag den beachtlichen f\u00fcnften Platz in der Tageswertung.<\/p>\n<p><strong>Enduro Total beim Rund um Rehna<\/strong><\/p>\n<p>Rehna: Am Sonntag ab 8.30 Uhr wird die bereits 65. Motorrad- Gel\u00e4ndefahrt \u201eRund um Rehna\u201c gestartet. \u00dcber 180 Nennungen aus dem gesamten norddeutschen Raum gingen beim MC Rehna im ADAC ein und es erfolgen gleich vier Wertungen: um den ADAC Enduro-Cup, die Norddeutsche Gel\u00e4ndemeisterschaft, die M-V Landesmeisterschaft sowie um die ADMV-Gel\u00e4ndsport-Meisterschaft.<\/p>\n<p>Start und Ziel befinden sich erneut auf dem Rehnaer Reitplatz. Drei Runden \u00fcber ca. 60 km mit den entsprechenden Durchfahrts-kontrollen und jeweils zwei Leistungspr\u00fcfungen,\u00a0als Motocrosstest in Gletzow sowie einem Endurotest auf dem Klingenberg bei Wedendorf, als \u201eScharfrichter\u201c, sind zu absolvieren.<\/p>\n<p>Die Teilnahme von Bj\u00f6rn Feldt vom MC Grevesm\u00fchlen, als F\u00fchrender in der Championatswertung, ist noch nicht sicher, da er sich bei der Europameisterschaft in Burg eine Sturzverletzung zugezogen hat. Neun LM-Wertungen stehen bei der dritten von sechs um die Landesmeisterschaft sowie um den Landespokal auf der Tages-ordnung und somit ist Spannung angesagt.<\/p>\n<p><strong>Motocrosswochenende in Barth<\/strong><\/p>\n<p>Barth: Gleich an zwei Tagen werden am Barther Kaninchenberg Motocrossrennen ausgetragen. Jeweils um 13.00 Uhr (Training 9.00 Uhr) beginnen die Veranstaltungen.<\/p>\n<p>Am Sonnabend (12.8.) starten die L\u00e4ufe um den Norddeutsche Classic Cup in den Klassen 40+\/50+, Twinshock und EVO. Mit besonderer Spannung werden die Wertungsl\u00e4ufe in der EVO-Klasse erwartet. Hier mu\u00df sich der Eropameisterschatsf\u00fchrende Erik Mussehl vom MC Fichtenring Burg Stargard gegen die Angriffe des Lokalmatadors Heiko Koch erwehren.<\/p>\n<p>In Twin-Shock-Klasse will der Burg Stargarder Peter M\u00f6hring seine F\u00fchrung verteidigen. Der Renntag wird durch die L\u00e4ufe der Ladies und der Youngster auf 125er 2-Taktmaschinen komplettiert. Die Youngsterklasse bestimmt ein Dreikampf zwischen dem Prisannewitzer Toni Ksienzyk, Erik Lange f\u00fcr Ueckerm\u00fcnde und Dino Skoppek von Schwerin-S\u00fcd.<\/p>\n<p>Bei den Ladies will Linda-Lindsay Kramell vom MC Ueckerm\u00fcnde weiter ungeschlagen bleiben. Am Sonntag (13.8.) sind die LM-L\u00e4ufe in der MX2 der H\u00f6hepunkt und hier k\u00f6nnte der Wolgaster Tim-Ren\u00e8 Neumann seinen Landesmeistertitel perfekt machen. Im Kampf um den Landespokal\u00a0 der Senioren \u00dc45 f\u00fchrt der Wolgaster Veit Scheddin vor dem Ueckerm\u00fcnder Ronny M\u00fcller und Dirk Lucas f\u00fcr Wolgast.<\/p>\n<p>Am st\u00e4rksten besetzt ist die Clubsportklasse und hier wird der Tagessieg nach zwei Halbfinall\u00e4ufen im Tagesfinale entschieden.<\/p>\n<p>Horst Kaiser<\/p>\n<p>&nbsp;<\/p>\n<p>&nbsp;<\/p>\n<p>&nbsp;<\/p>\n<p>&nbsp;<\/p>\n","protected":false},"excerpt":{"rendered":"<p>Tilmann Krause verbessert sich auf 3. Platz bei Enduro-DM Burg: In Burg wurden am Wochenende je zwei Wertungsfahrten um die Enduro-Europameisterschaft und die DM ausgetragen. Bei den +40-j\u00e4hrigen in der EM, behauptete Arne Domeyer vom MC Rehna im ADAC, seine Gesamtf\u00fchrung vor dem polnischen Titelverteidiger Sebastian Krywult mit 15 Punkten und das trotz seines sturzbedingten [&hellip;]<\/p>\n","protected":false},"author":3,"featured_media":0,"comment_status":"open","ping_status":"open","sticky":false,"template":"","format":"standard","meta":{"_seopress_robots_primary_cat":"","_seopress_titles_title":"","_seopress_titles_desc":"","_seopress_robots_index":"","_relevanssi_hide_post":"","_relevanssi_hide_content":"","_relevanssi_pin_for_all":"","_relevanssi_pin_keywords":"","_relevanssi_unpin_keywords":"","_relevanssi_related_keywords":"","_relevanssi_related_include_ids":"","_relevanssi_related_exclude_ids":"","_relevanssi_related_no_append":"","_relevanssi_related_not_related":"","_relevanssi_related_posts":"","_relevanssi_noindex_reason":"","_uag_custom_page_level_css":"","footnotes":""},"categories":[70],"tags":[],"ort":[],"class_list":{"0":"post-4885","1":"post","2":"type-post","3":"status-publish","4":"format-standard","6":"category-motorsport"},"featured_image_urls":null,"spectra_custom_meta":{"uab_option":["yes"],"uab_meta_position":["default"],"xyz_smap_future_to_publish":["a:1:{s:4:\"fb-1\";a:3:{s:14:\"post_permissin\";s:1:\"1\";s:11:\"post_method\";s:1:\"2\";s:7:\"message\";s:62:\"{POST_TITLE}\r\n{POST_EXCERPT} ...\r\nMehr auf https:\/\/MV-Sport.de\";}}"],"_extra_rating_average":["0"],"_edit_lock":["1502097096:3"],"_edit_last":["3"],"xyz_smap":["1"],"post_views_count":["803"],"_et_pb_use_builder":[""],"_et_builder_version":["BB|Divi|3.0.65"],"_et_pb_old_content":[""],"_et_pb_custom_css":[""],"_yoast_wpseo_primary_category":["70"],"_post_review_box_title":["Review"],"_post_review_box_summary":[""],"_post_review_box_summary_title":["Summary"],"_post_review_box_breakdowns_score":["0"],"_post_review_box_breakdowns_count":["1"],"_post_review_box_breakdowns":["a:1:{i:0;a:2:{s:5:\"title\";s:0:\"\";s:6:\"rating\";i:0;}}"],"_extra_sidebar_location":[""],"_extra_sidebar":[""],"wp_schema_pro_optimized_structured_data":["<!-- Schema optimized by Schema Pro --><script type=\"application\/ld+json\">{\"@context\":\"https:\/\/schema.org\",\"@type\":\"NewsArticle\",\"mainEntityOfPage\":{\"@type\":\"WebPage\",\"@id\":\"https:\/\/mv-sport.de\/der-motorsport-zwischen-enduro-em-in-burg-rund-um-rehna-und-motocross-in-barth\/\"},\"headline\":\"Der Motorsport: Zwischen Enduro-EM in Burg, \\\"Rund um Rehna\\\" und Motocross in Barth\",\"datePublished\":\"2017-08-07T10:55:06\",\"dateModified\":\"2017-08-07T11:13:38\",\"author\":{\"@type\":\"Person\",\"name\":\"Marko Michels\",\"url\":\"https:\/\/mv-sport.de\/author\/marko-michels\"},\"publisher\":{\"@type\":\"Organization\",\"name\":\"MV-Sport.de - Sportvereine &amp; Sportnachrichten Mecklenburg-Vorpommern\",\"logo\":{\"@type\":\"ImageObject\",\"url\":\"https:\/\/mv-sport.de\/wp-content\/uploads\/2017\/05\/logo-mv-sport-292x60.png\"}}}<\/script><!-- \/ Schema optimized by Schema Pro -->"],"__post_views_count":["806"],"astra_style_timestamp_css":["1757505540"],"_uag_css_file_name":["uag-css-4885.css"],"_uag_page_assets":["a:9:{s:3:\"css\";s:7010:\".uagb-block-88f5875d.wp-block-uagb-image--layout-default figure img{box-shadow: 0px 0px 0 #00000070;}.uagb-block-88f5875d.wp-block-uagb-image .wp-block-uagb-image__figure figcaption{font-style: normal;align-self: center;}.uagb-block-88f5875d.wp-block-uagb-image--layout-overlay figure img{box-shadow: 0px 0px 0 #00000070;}.uagb-block-88f5875d.wp-block-uagb-image--layout-overlay .wp-block-uagb-image--layout-overlay__color-wrapper{opacity: 0.2;}.uagb-block-88f5875d.wp-block-uagb-image--layout-overlay .wp-block-uagb-image--layout-overlay__inner{left: 15px;right: 15px;top: 15px;bottom: 15px;}.uagb-block-88f5875d.wp-block-uagb-image--layout-overlay .wp-block-uagb-image--layout-overlay__inner .uagb-image-heading{font-style: normal;color: #fff;opacity: 1;}.uagb-block-88f5875d.wp-block-uagb-image--layout-overlay .wp-block-uagb-image--layout-overlay__inner .uagb-image-heading a{color: #fff;}.uagb-block-88f5875d.wp-block-uagb-image--layout-overlay .wp-block-uagb-image--layout-overlay__inner .uagb-image-caption{opacity: 0;}.uagb-block-88f5875d.wp-block-uagb-image--layout-overlay .wp-block-uagb-image__figure:hover .wp-block-uagb-image--layout-overlay__color-wrapper{opacity: 1;}.uagb-block-88f5875d.wp-block-uagb-image .wp-block-uagb-image--layout-overlay__inner .uagb-image-separator{width: 30%;border-top-width: 2px;border-top-color: #fff;opacity: 0;}.uagb-block-88f5875d.wp-block-uagb-image .wp-block-uagb-image__figure img{width: 297px;height: auto;}.uagb-block-88f5875d.wp-block-uagb-image .wp-block-uagb-image__figure:hover .wp-block-uagb-image--layout-overlay__inner .uagb-image-caption{opacity: 1;}.uagb-block-88f5875d.wp-block-uagb-image .wp-block-uagb-image__figure:hover .wp-block-uagb-image--layout-overlay__inner .uagb-image-separator{opacity: 1;}.uagb-block-88f5875d.wp-block-uagb-image--layout-default figure:hover img{box-shadow: 0px 0px 0 #00000070;}.uagb-block-88f5875d.wp-block-uagb-image--layout-overlay figure:hover img{box-shadow: 0px 0px 0 #00000070;}@media only screen and (max-width: 976px) {.uagb-block-88f5875d.wp-block-uagb-image .wp-block-uagb-image__figure img{width: 297px;height: auto;}}@media only screen and (max-width: 767px) {.uagb-block-88f5875d.wp-block-uagb-image .wp-block-uagb-image__figure img{width: 297px;height: auto;}}.uagb-block-b6c54374.wp-block-uagb-image{margin-top: 0px;margin-right: 0px;margin-bottom: 0px;margin-left: 0px;}.uagb-block-b6c54374.wp-block-uagb-image--layout-default figure img{box-shadow: 0px 0px 0 #00000070;}.uagb-block-b6c54374.wp-block-uagb-image .wp-block-uagb-image__figure figcaption{font-style: normal;align-self: center;}.uagb-block-b6c54374.wp-block-uagb-image--layout-overlay figure img{box-shadow: 0px 0px 0 #00000070;}.uagb-block-b6c54374.wp-block-uagb-image--layout-overlay .wp-block-uagb-image--layout-overlay__color-wrapper{opacity: 0.2;}.uagb-block-b6c54374.wp-block-uagb-image--layout-overlay .wp-block-uagb-image--layout-overlay__inner{left: 15px;right: 15px;top: 15px;bottom: 15px;}.uagb-block-b6c54374.wp-block-uagb-image--layout-overlay .wp-block-uagb-image--layout-overlay__inner .uagb-image-heading{font-style: normal;color: #fff;opacity: 1;}.uagb-block-b6c54374.wp-block-uagb-image--layout-overlay .wp-block-uagb-image--layout-overlay__inner .uagb-image-heading a{color: #fff;}.uagb-block-b6c54374.wp-block-uagb-image--layout-overlay .wp-block-uagb-image--layout-overlay__inner .uagb-image-caption{opacity: 0;}.uagb-block-b6c54374.wp-block-uagb-image--layout-overlay .wp-block-uagb-image__figure:hover .wp-block-uagb-image--layout-overlay__color-wrapper{opacity: 1;}.uagb-block-b6c54374.wp-block-uagb-image .wp-block-uagb-image--layout-overlay__inner .uagb-image-separator{width: 30%;border-top-width: 2px;border-top-color: #fff;opacity: 0;}.uagb-block-b6c54374.wp-block-uagb-image .wp-block-uagb-image__figure img{width: px;height: auto;}.uagb-block-b6c54374.wp-block-uagb-image .wp-block-uagb-image__figure:hover .wp-block-uagb-image--layout-overlay__inner .uagb-image-caption{opacity: 1;}.uagb-block-b6c54374.wp-block-uagb-image .wp-block-uagb-image__figure:hover .wp-block-uagb-image--layout-overlay__inner .uagb-image-separator{opacity: 1;}.uagb-block-b6c54374.wp-block-uagb-image--layout-default figure:hover img{box-shadow: 0px 0px 0 #00000070;}.uagb-block-b6c54374.wp-block-uagb-image--layout-overlay figure:hover img{box-shadow: 0px 0px 0 #00000070;}@media only screen and (max-width: 976px) {.uagb-block-b6c54374.wp-block-uagb-image .wp-block-uagb-image__figure img{width: px;height: auto;}}@media only screen and (max-width: 767px) {.uagb-block-b6c54374.wp-block-uagb-image .wp-block-uagb-image__figure img{width: px;height: auto;}}.uagb-block-2bdcf70c.wp-block-uagb-image{margin-top: 0px;margin-right: 0px;margin-bottom: 0px;margin-left: 0px;}.uagb-block-2bdcf70c.wp-block-uagb-image--layout-default figure img{box-shadow: 0px 0px 0 #00000070;}.uagb-block-2bdcf70c.wp-block-uagb-image .wp-block-uagb-image__figure figcaption{font-style: normal;align-self: center;}.uagb-block-2bdcf70c.wp-block-uagb-image--layout-overlay figure img{box-shadow: 0px 0px 0 #00000070;}.uagb-block-2bdcf70c.wp-block-uagb-image--layout-overlay .wp-block-uagb-image--layout-overlay__color-wrapper{opacity: 0.2;}.uagb-block-2bdcf70c.wp-block-uagb-image--layout-overlay .wp-block-uagb-image--layout-overlay__inner{left: 15px;right: 15px;top: 15px;bottom: 15px;}.uagb-block-2bdcf70c.wp-block-uagb-image--layout-overlay .wp-block-uagb-image--layout-overlay__inner .uagb-image-heading{font-style: normal;color: #fff;opacity: 1;}.uagb-block-2bdcf70c.wp-block-uagb-image--layout-overlay .wp-block-uagb-image--layout-overlay__inner .uagb-image-heading a{color: #fff;}.uagb-block-2bdcf70c.wp-block-uagb-image--layout-overlay .wp-block-uagb-image--layout-overlay__inner .uagb-image-caption{opacity: 0;}.uagb-block-2bdcf70c.wp-block-uagb-image--layout-overlay .wp-block-uagb-image__figure:hover .wp-block-uagb-image--layout-overlay__color-wrapper{opacity: 1;}.uagb-block-2bdcf70c.wp-block-uagb-image .wp-block-uagb-image--layout-overlay__inner .uagb-image-separator{width: 30%;border-top-width: 2px;border-top-color: #fff;opacity: 0;}.uagb-block-2bdcf70c.wp-block-uagb-image .wp-block-uagb-image__figure img{width: px;height: auto;}.uagb-block-2bdcf70c.wp-block-uagb-image .wp-block-uagb-image__figure:hover .wp-block-uagb-image--layout-overlay__inner .uagb-image-caption{opacity: 1;}.uagb-block-2bdcf70c.wp-block-uagb-image .wp-block-uagb-image__figure:hover .wp-block-uagb-image--layout-overlay__inner .uagb-image-separator{opacity: 1;}.uagb-block-2bdcf70c.wp-block-uagb-image--layout-default figure:hover img{box-shadow: 0px 0px 0 #00000070;}.uagb-block-2bdcf70c.wp-block-uagb-image--layout-overlay figure:hover img{box-shadow: 0px 0px 0 #00000070;}@media only screen and (max-width: 976px) {.uagb-block-2bdcf70c.wp-block-uagb-image .wp-block-uagb-image__figure img{width: px;height: auto;}}@media only screen and (max-width: 767px) {.uagb-block-2bdcf70c.wp-block-uagb-image .wp-block-uagb-image__figure img{width: px;height: auto;}}\";s:2:\"js\";s:0:\"\";s:18:\"current_block_list\";a:28:{i:0;s:10:\"core\/group\";i:2;s:24:\"core\/post-featured-image\";i:3;s:15:\"core\/post-title\";i:5;s:14:\"core\/post-date\";i:6;s:16:\"core\/post-author\";i:7;s:15:\"core\/post-terms\";i:8;s:17:\"core\/post-content\";i:9;s:14:\"core\/separator\";i:10;s:13:\"core\/comments\";i:11;s:19:\"core\/comments-title\";i:12;s:21:\"core\/comment-template\";i:15;s:11:\"core\/avatar\";i:16;s:24:\"core\/comment-author-name\";i:17;s:17:\"core\/comment-date\";i:18;s:20:\"core\/comment-content\";i:19;s:23:\"core\/comment-reply-link\";i:20;s:24:\"core\/comments-pagination\";i:21;s:33:\"core\/comments-pagination-previous\";i:22;s:32:\"core\/comments-pagination-numbers\";i:23;s:29:\"core\/comments-pagination-next\";i:24;s:23:\"core\/post-comments-form\";i:25;s:14:\"core\/tag-cloud\";i:26;s:12:\"core\/heading\";i:27;s:14:\"core\/paragraph\";i:28;s:12:\"core\/buttons\";i:29;s:11:\"core\/button\";i:30;s:10:\"uagb\/image\";i:31;s:10:\"core\/image\";}s:8:\"uag_flag\";b:1;s:11:\"uag_version\";s:10:\"1777504537\";s:6:\"gfonts\";a:0:{}s:10:\"gfonts_url\";s:0:\"\";s:12:\"gfonts_files\";a:0:{}s:14:\"uag_faq_layout\";b:0;}"]},"uagb_featured_image_src":{"full":false,"thumbnail":false,"medium":false,"medium_large":false,"large":false,"1536x1536":false,"2048x2048":false,"ultp_layout_landscape_large":false,"ultp_layout_landscape":false,"ultp_layout_portrait":false,"ultp_layout_square":false},"uagb_author_info":{"display_name":"Marko Michels","author_link":"https:\/\/mv-sport.de\/c\/author\/marko-michels\/"},"uagb_comment_info":0,"uagb_excerpt":"Tilmann Krause verbessert sich auf 3. Platz bei Enduro-DM Burg: In Burg wurden am Wochenende je zwei Wertungsfahrten um die Enduro-Europameisterschaft und die DM ausgetragen. Bei den +40-j\u00e4hrigen in der EM, behauptete Arne Domeyer vom MC Rehna im ADAC, seine Gesamtf\u00fchrung vor dem polnischen Titelverteidiger Sebastian Krywult mit 15 Punkten und das trotz seines sturzbedingten&hellip;","_links":{"self":[{"href":"https:\/\/mv-sport.de\/c\/wp-json\/wp\/v2\/posts\/4885","targetHints":{"allow":["GET"]}}],"collection":[{"href":"https:\/\/mv-sport.de\/c\/wp-json\/wp\/v2\/posts"}],"about":[{"href":"https:\/\/mv-sport.de\/c\/wp-json\/wp\/v2\/types\/post"}],"author":[{"embeddable":true,"href":"https:\/\/mv-sport.de\/c\/wp-json\/wp\/v2\/users\/3"}],"replies":[{"embeddable":true,"href":"https:\/\/mv-sport.de\/c\/wp-json\/wp\/v2\/comments?post=4885"}],"version-history":[{"count":0,"href":"https:\/\/mv-sport.de\/c\/wp-json\/wp\/v2\/posts\/4885\/revisions"}],"wp:attachment":[{"href":"https:\/\/mv-sport.de\/c\/wp-json\/wp\/v2\/media?parent=4885"}],"wp:term":[{"taxonomy":"category","embeddable":true,"href":"https:\/\/mv-sport.de\/c\/wp-json\/wp\/v2\/categories?post=4885"},{"taxonomy":"post_tag","embeddable":true,"href":"https:\/\/mv-sport.de\/c\/wp-json\/wp\/v2\/tags?post=4885"},{"taxonomy":"ort","embeddable":true,"href":"https:\/\/mv-sport.de\/c\/wp-json\/wp\/v2\/ort?post=4885"}],"curies":[{"name":"wp","href":"https:\/\/api.w.org\/{rel}","templated":true}]}}