{"id":51214,"date":"2020-02-28T10:46:05","date_gmt":"2020-02-28T09:46:05","guid":{"rendered":"https:\/\/mv-sport.de\/?p=51214"},"modified":"2020-02-27T13:02:19","modified_gmt":"2020-02-27T12:02:19","slug":"mit-der-sportjugend-ins-aktivcamp-nach-dresden","status":"publish","type":"post","link":"https:\/\/mv-sport.de\/c\/mit-der-sportjugend-ins-aktivcamp-nach-dresden\/","title":{"rendered":"Mit der Sportjugend ins Aktivcamp nach Dresden"},"content":{"rendered":"<h3>Spa\u00df und Bewegung garantiert!<\/h3>\n<p><strong>Ausschreibung<\/strong> &#8211; In den Sommerferien bietet die Sportjugend Vorpommern-R\u00fcgen Kindern und Jugendlichen wieder ein sehr abwechslungsreiches Ferienprogramm. Dank im Dezember vereinbarten Kooperation mit der Dresdner Sportjugend geht es f\u00fcr 11-16-J\u00e4hrige f\u00fcr 10 Tage ins Sportcamp nach Dresden. Werden die ersten Tage noch f\u00fcr \u201eDresden-Sightseeing\u201c und einer Bergwanderung(Stiegentour) in der S\u00e4chsischen Schweiz genutzt, hei\u00dft es ab dem dritten Tag \u201eSport frei!\u201c im Waldbad Weixdorf.<\/p>\n<figure id=\"attachment_51217\" aria-describedby=\"caption-attachment-51217\" style=\"width: 1000px\" class=\"wp-caption alignnone\"><img loading=\"lazy\" decoding=\"async\" class=\"size-full wp-image-51217\" src=\"https:\/\/mv-sport.de\/wp-content\/uploads\/2020\/02\/sportcamp_sportjugend-vr.jpg\" alt=\"Spa\u00df und Bewegung garantiert - beim Aktivcamp mit der Sportjugend Vorpommern-R\u00fcgen. Foto: Sportjugend VR\" width=\"1000\" height=\"563\" \/><figcaption id=\"caption-attachment-51217\" class=\"wp-caption-text\">Spa\u00df und Bewegung garantiert &#8211; beim Aktivcamp mit der Sportjugend Vorpommern-R\u00fcgen.<br \/><span style=\"color: #999999;\">Foto: Sportjugend VR<\/span><\/figcaption><\/figure>\n<p>Geplant ist ein vielseitiges Programm mit Streetdance, Jugger, Baseball, Football, Tanzen, Hurling, Klettern und weiteren Sportarten. Ein fester Bestandteil des Camps ist ebenfalls die Abnahme des Deutschen Sportabzeichens.<\/p>\n<p>Und nat\u00fcrlich kommt im Waldbad der t\u00e4gliche Badespa\u00df nicht zu kurz. Ein weiteres Highlight ist liefert ein \u00dcberraschungsausflug\u2026 Bei allen Aktivit\u00e4ten werden die Kinder von einem geschulten und erfahrenen Team betreut. Die Sportjugend freut sich auf sportbegeisterte Kinder und Jugendliche, die ab Stralsund mit dem Bus nach Dresden fahren und abenteuerliche Ferien erleben wollen. Interesse geweckt? Dann meldet euch so schnell wie m\u00f6glich an. Noch sind 6 Pl\u00e4tze frei.<\/p>\n<h3>Eckdaten zum Sportcamp:<\/h3>\n<p><strong>Was?<\/strong> Sportcamp Dresden<br \/>\n<strong>Wann?<\/strong> 16.07. -25.07.2020 im Waldbad Weixdorf<br \/>\n<strong>Wer?<\/strong> Kinder und Jugendliche von 11 bis 16 Jahren<br \/>\n<strong>Wieviel?<\/strong> 250,00 EUR<br \/>\n<strong>Inklusive?<\/strong> Vollverpflegung, \u00dcbernachtung im Zelt(Ausleihe m\u00f6glich), An- und Abreise, Betreuung durch ausgebildete Teamer und \u00dcbungsleiter, Sportworkshops, Deutsches Sportabzeichen<\/p>\n<p><strong>Kontakt:<\/strong><br \/>\nBen Teetzen, 03831-2892670<br \/>\nsportjugend@ksb-vr.de<\/p>\n<blockquote><p><strong>Weitere Ferienangebote in den Sommerferien:<\/strong><\/p>\n<p><span style=\"color: #999999;\">22.06.-29.06.20 Ferienlager auf der Insel Usedom (8-12 Jahre)<\/span><br \/>\n<span style=\"color: #999999;\">29.06.-05.07.20 Ferienlager auf der Insel Usedom (11-15 Jahre)<\/span><br \/>\n<span style=\"color: #999999;\">08.07.-13.07.20 Naturerlebniscamp Meckl. Seenplatte (11-17 Jahre)<\/span><br \/>\n<span style=\"color: #999999;\">23.07.-31.07.20 Wassersportcamp Insel R\u00fcgen (10-17 Jahre)<\/span><\/p><\/blockquote>\n","protected":false},"excerpt":{"rendered":"<p>Spa\u00df und Bewegung garantiert! Ausschreibung &#8211; In den Sommerferien bietet die Sportjugend Vorpommern-R\u00fcgen Kindern und Jugendlichen wieder ein sehr abwechslungsreiches Ferienprogramm. Dank im Dezember vereinbarten Kooperation mit der Dresdner Sportjugend geht es f\u00fcr 11-16-J\u00e4hrige f\u00fcr 10 Tage ins Sportcamp nach Dresden. Werden die ersten Tage noch f\u00fcr \u201eDresden-Sightseeing\u201c und einer Bergwanderung(Stiegentour) in der S\u00e4chsischen Schweiz [&hellip;]<\/p>\n","protected":false},"author":2,"featured_media":51217,"comment_status":"open","ping_status":"open","sticky":false,"template":"","format":"standard","meta":{"_seopress_robots_primary_cat":"none","_seopress_titles_title":"Mit der Sportjugend ins Aktivcamp nach Dresden | Spa\u00df und Bewegung garantiert!","_seopress_titles_desc":"In den Sommerferien bietet die Sportjugend Vorpommern-R\u00fcgen Kindern und Jugendlichen wieder ein sehr abwechslungsreiches Ferienprogramm. Es geht f\u00fcr 10 Tage ins Sportcamp nach Dresden.","_seopress_robots_index":"","_relevanssi_hide_post":"","_relevanssi_hide_content":"","_relevanssi_pin_for_all":"","_relevanssi_pin_keywords":"","_relevanssi_unpin_keywords":"","_relevanssi_related_keywords":"","_relevanssi_related_include_ids":"","_relevanssi_related_exclude_ids":"","_relevanssi_related_no_append":"","_relevanssi_related_not_related":"","_relevanssi_related_posts":"","_relevanssi_noindex_reason":"","_uag_custom_page_level_css":"","footnotes":""},"categories":[24],"tags":[],"ort":[],"class_list":{"0":"post-51214","1":"post","2":"type-post","3":"status-publish","4":"format-standard","5":"has-post-thumbnail","7":"category-sport-allgemein"},"featured_image_urls":{"medium":"https:\/\/mv-sport.de\/c\/wp-content\/uploads\/2020\/02\/sportcamp_sportjugend-vr-600x563.jpg","medium_large":"https:\/\/mv-sport.de\/c\/wp-content\/uploads\/2020\/02\/sportcamp_sportjugend-vr.jpg","large":"https:\/\/mv-sport.de\/c\/wp-content\/uploads\/2020\/02\/sportcamp_sportjugend-vr.jpg","full":"https:\/\/mv-sport.de\/c\/wp-content\/uploads\/2020\/02\/sportcamp_sportjugend-vr.jpg","alt":"Spa\u00df und Bewegung garantiert - beim Aktivcamp mit der Sportjugend Vorpommern-R\u00fcgen. Foto: Sportjugend VR","caption":"Spa\u00df und Bewegung garantiert - beim Aktivcamp mit der Sportjugend Vorpommern-R\u00fcgen. Foto: Sportjugend VR"},"spectra_custom_meta":{"uab_option":[""],"uab_meta_position":[""],"_extra_rating_average":["0"],"_seopress_analysis_data":["a:1:{i:0;a:18:{s:5:\"title\";s:79:\"Mit der Sportjugend ins Aktivcamp nach Dresden | Spa\u00df und Bewegung garantiert!\";s:9:\"meta_desc\";s:186:\"In den Sommerferien bietet die Sportjugend Vorpommern-R\u00fcgen Kindern und Jugendlichen wieder ein sehr abwechslungsreiches Ferienprogramm. Es geht f\u00fcr 10 Tage ins Sportcamp nach Dresden.\";s:8:\"og_title\";a:2:{s:5:\"count\";i:1;s:6:\"values\";a:1:{i:0;s:79:\"Mit der Sportjugend ins Aktivcamp nach Dresden | Spa\u00df und Bewegung garantiert!\";}}s:7:\"og_desc\";a:2:{s:5:\"count\";i:1;s:6:\"values\";a:1:{i:0;s:186:\"In den Sommerferien bietet die Sportjugend Vorpommern-R\u00fcgen Kindern und Jugendlichen wieder ein sehr abwechslungsreiches Ferienprogramm. Es geht f\u00fcr 10 Tage ins Sportcamp nach Dresden.\";}}s:6:\"og_img\";a:2:{s:5:\"count\";i:1;s:6:\"values\";a:1:{i:0;s:75:\"https:\/\/mv-sport.de\/wp-content\/uploads\/2020\/02\/sportcamp_sportjugend-vr.jpg\";}}s:6:\"og_url\";a:3:{s:5:\"count\";i:1;s:6:\"values\";a:1:{i:0;s:66:\"https:\/\/mv-sport.de\/mit-der-sportjugend-ins-aktivcamp-nach-dresden\";}s:4:\"host\";s:11:\"mv-sport.de\";}s:12:\"og_site_name\";a:2:{s:5:\"count\";i:1;s:6:\"values\";a:1:{i:0;s:72:\"MV-Sport.de - Sportvereine &amp; Sportnachrichten Mecklenburg-Vorpommern\";}}s:8:\"tw_title\";a:2:{s:5:\"count\";i:1;s:6:\"values\";a:1:{i:0;s:79:\"Mit der Sportjugend ins Aktivcamp nach Dresden | Spa\u00df und Bewegung garantiert!\";}}s:7:\"tw_desc\";a:2:{s:5:\"count\";i:1;s:6:\"values\";a:1:{i:0;s:186:\"In den Sommerferien bietet die Sportjugend Vorpommern-R\u00fcgen Kindern und Jugendlichen wieder ein sehr abwechslungsreiches Ferienprogramm. Es geht f\u00fcr 10 Tage ins Sportcamp nach Dresden.\";}}s:6:\"tw_img\";a:2:{s:5:\"count\";i:2;s:6:\"values\";a:1:{i:0;s:75:\"https:\/\/mv-sport.de\/wp-content\/uploads\/2020\/02\/sportcamp_sportjugend-vr.jpg\";}}s:9:\"canonical\";s:67:\"https:\/\/mv-sport.de\/mit-der-sportjugend-ins-aktivcamp-nach-dresden\/\";s:3:\"img\";a:1:{s:6:\"images\";a:7:{i:0;s:68:\"https:\/\/mv-sport.de\/wp-content\/uploads\/2017\/06\/logo_autor_profil.png\";i:1;s:89:\"https:\/\/mv-sport.de\/wp-content\/sabai\/File\/thumbnails\/5fcf97cfc2a67d176539ac61ac8f86ee.jpg\";i:2;s:77:\"https:\/\/mv-sport.de\/wp-content\/plugins\/sabai\/assets\/images\/no_image_small.png\";i:3;s:77:\"https:\/\/mv-sport.de\/wp-content\/plugins\/sabai\/assets\/images\/no_image_small.png\";i:4;s:44:\"https:\/\/www.paypal.com\/de_DE\/i\/scr\/pixel.gif\";i:5;s:61:\"https:\/\/mv-sport.de\/wp-content\/uploads\/2017\/05\/140x70px-3.gif\";i:6;s:43:\"\/\/ads.ad-mv.de\/c\/piwik.php?idsite=162&rec=1\";}}s:11:\"meta_robots\";a:1:{i:0;a:1:{i:0;s:61:\"max-snippet:-1, max-image-preview:large, max-video-preview:-1\";}}s:14:\"outbound_links\";a:8:{i:0;a:1:{s:34:\"https:\/\/www.facebook.com\/MVSportde\";s:0:\"\";}i:1;a:1:{s:37:\"https:\/\/www.instagram.com\/mv_sport.de\";s:0:\"\";}i:3;a:1:{s:28:\"http:\/\/www.elegantthemes.com\";s:14:\"Elegant Themes\";}i:4;a:1:{s:24:\"http:\/\/www.wordpress.org\";s:9:\"WordPress\";}i:5;a:1:{s:20:\"http:\/\/www.web-mv.de\";s:9:\"web-mv.de\";}i:6;a:1:{s:33:\"http:\/\/www.webdesign-schwerin.net\";s:0:\"\";}i:8;a:1:{s:34:\"https:\/\/www.facebook.com\/MVSportde\";s:13:\"\n    Like us!\";}i:9;a:1:{s:37:\"https:\/\/www.instagram.com\/mv_sport.de\";s:15:\"\n    Follow us!\";}}s:13:\"words_counter\";i:244;s:20:\"words_counter_unique\";i:172;s:4:\"json\";a:3:{i:0;s:12:\"Organization\";i:1;s:13:\"LocalBusiness\";i:2;s:14:\"BreadcrumbList\";}s:5:\"score\";b:0;}}"],"_edit_lock":["1582890203:2"],"_edit_last":["2"],"xyz_fbap_future_to_publish":["a:3:{s:18:\"post_fb_permission\";i:0;s:18:\"xyz_fbap_po_method\";s:1:\"2\";s:16:\"xyz_fbap_message\";s:17:\"{POST_EXCERPT}...\";}"],"_seopress_rich_snippets_events_offers_valid_from_date":[""],"_seopress_rich_snippets_events_offers_valid_from_time":[""],"_seopress_titles_title":["Mit der Sportjugend ins Aktivcamp nach Dresden | Spa\u00df und Bewegung garantiert!"],"_seopress_titles_desc":["In den Sommerferien bietet die Sportjugend Vorpommern-R\u00fcgen Kindern und Jugendlichen wieder ein sehr abwechslungsreiches Ferienprogramm. Es geht f\u00fcr 10 Tage ins Sportcamp nach Dresden."],"_seopress_robots_canonical":[""],"_seopress_robots_primary_cat":["none"],"_seopress_robots_breadcrumbs":[""],"_seopress_social_fb_title":[""],"_seopress_social_fb_desc":[""],"_seopress_social_fb_img":[""],"_seopress_social_twitter_title":[""],"_seopress_social_twitter_desc":[""],"_seopress_social_twitter_img":[""],"_seopress_redirections_type":["301"],"_seopress_redirections_value":[""],"_seopress_video":["a:1:{i:0;a:9:{s:3:\"url\";s:0:\"\";s:5:\"title\";s:0:\"\";s:4:\"desc\";s:0:\"\";s:9:\"thumbnail\";s:0:\"\";s:8:\"duration\";s:0:\"\";s:6:\"rating\";s:0:\"\";s:10:\"view_count\";s:0:\"\";s:3:\"tag\";s:0:\"\";s:3:\"cat\";s:0:\"\";}}"],"_post_review_box_title":["Rezension"],"_post_review_box_summary":[""],"_post_review_box_summary_title":["Zusammenfassung"],"_post_review_box_breakdowns_score":["0"],"_post_review_box_breakdowns_count":["1"],"_post_review_box_breakdowns":["a:1:{i:0;a:2:{s:5:\"title\";s:0:\"\";s:6:\"rating\";i:0;}}"],"_extra_sidebar_location":[""],"_extra_sidebar":[""],"post_views_count":["501"],"_thumbnail_id":["51217"],"xyz_fbap":["1"],"xyz_fbap_insert_og":["1"],"_seopress_analysis_target_kw":[""],"_seopress_pro_schemas_manual":["a:125:{s:32:\"_seopress_pro_rich_snippets_type\";s:4:\"none\";s:40:\"_seopress_pro_rich_snippets_article_type\";s:11:\"NewsArticle\";s:41:\"_seopress_pro_rich_snippets_article_title\";s:0:\"\";s:39:\"_seopress_pro_rich_snippets_article_img\";s:0:\"\";s:45:\"_seopress_pro_rich_snippets_article_img_width\";s:0:\"\";s:46:\"_seopress_pro_rich_snippets_article_img_height\";s:0:\"\";s:35:\"_seopress_pro_rich_snippets_lb_name\";s:0:\"\";s:35:\"_seopress_pro_rich_snippets_lb_type\";s:13:\"LocalBusiness\";s:34:\"_seopress_pro_rich_snippets_lb_img\";s:0:\"\";s:40:\"_seopress_pro_rich_snippets_lb_img_width\";s:0:\"\";s:41:\"_seopress_pro_rich_snippets_lb_img_height\";s:0:\"\";s:42:\"_seopress_pro_rich_snippets_lb_street_addr\";s:0:\"\";s:35:\"_seopress_pro_rich_snippets_lb_city\";s:0:\"\";s:36:\"_seopress_pro_rich_snippets_lb_state\";s:0:\"\";s:33:\"_seopress_pro_rich_snippets_lb_pc\";s:0:\"\";s:38:\"_seopress_pro_rich_snippets_lb_country\";s:0:\"\";s:34:\"_seopress_pro_rich_snippets_lb_lat\";s:0:\"\";s:34:\"_seopress_pro_rich_snippets_lb_lon\";s:0:\"\";s:38:\"_seopress_pro_rich_snippets_lb_website\";s:0:\"\";s:34:\"_seopress_pro_rich_snippets_lb_tel\";s:0:\"\";s:36:\"_seopress_pro_rich_snippets_lb_price\";s:0:\"\";s:44:\"_seopress_pro_rich_snippets_lb_opening_hours\";a:1:{s:37:\"seopress_local_business_opening_hours\";a:7:{i:0;a:2:{s:2:\"am\";a:2:{s:5:\"start\";a:2:{s:5:\"hours\";s:2:\"00\";s:4:\"mins\";s:2:\"00\";}s:3:\"end\";a:2:{s:5:\"hours\";s:2:\"00\";s:4:\"mins\";s:2:\"00\";}}s:2:\"pm\";a:2:{s:5:\"start\";a:2:{s:5:\"hours\";s:2:\"00\";s:4:\"mins\";s:2:\"00\";}s:3:\"end\";a:2:{s:5:\"hours\";s:2:\"00\";s:4:\"mins\";s:2:\"00\";}}}i:1;a:2:{s:2:\"am\";a:2:{s:5:\"start\";a:2:{s:5:\"hours\";s:2:\"00\";s:4:\"mins\";s:2:\"00\";}s:3:\"end\";a:2:{s:5:\"hours\";s:2:\"00\";s:4:\"mins\";s:2:\"00\";}}s:2:\"pm\";a:2:{s:5:\"start\";a:2:{s:5:\"hours\";s:2:\"00\";s:4:\"mins\";s:2:\"00\";}s:3:\"end\";a:2:{s:5:\"hours\";s:2:\"00\";s:4:\"mins\";s:2:\"00\";}}}i:2;a:2:{s:2:\"am\";a:2:{s:5:\"start\";a:2:{s:5:\"hours\";s:2:\"00\";s:4:\"mins\";s:2:\"00\";}s:3:\"end\";a:2:{s:5:\"hours\";s:2:\"00\";s:4:\"mins\";s:2:\"00\";}}s:2:\"pm\";a:2:{s:5:\"start\";a:2:{s:5:\"hours\";s:2:\"00\";s:4:\"mins\";s:2:\"00\";}s:3:\"end\";a:2:{s:5:\"hours\";s:2:\"00\";s:4:\"mins\";s:2:\"00\";}}}i:3;a:2:{s:2:\"am\";a:2:{s:5:\"start\";a:2:{s:5:\"hours\";s:2:\"00\";s:4:\"mins\";s:2:\"00\";}s:3:\"end\";a:2:{s:5:\"hours\";s:2:\"00\";s:4:\"mins\";s:2:\"00\";}}s:2:\"pm\";a:2:{s:5:\"start\";a:2:{s:5:\"hours\";s:2:\"00\";s:4:\"mins\";s:2:\"00\";}s:3:\"end\";a:2:{s:5:\"hours\";s:2:\"00\";s:4:\"mins\";s:2:\"00\";}}}i:4;a:2:{s:2:\"am\";a:2:{s:5:\"start\";a:2:{s:5:\"hours\";s:2:\"00\";s:4:\"mins\";s:2:\"00\";}s:3:\"end\";a:2:{s:5:\"hours\";s:2:\"00\";s:4:\"mins\";s:2:\"00\";}}s:2:\"pm\";a:2:{s:5:\"start\";a:2:{s:5:\"hours\";s:2:\"00\";s:4:\"mins\";s:2:\"00\";}s:3:\"end\";a:2:{s:5:\"hours\";s:2:\"00\";s:4:\"mins\";s:2:\"00\";}}}i:5;a:2:{s:2:\"am\";a:2:{s:5:\"start\";a:2:{s:5:\"hours\";s:2:\"00\";s:4:\"mins\";s:2:\"00\";}s:3:\"end\";a:2:{s:5:\"hours\";s:2:\"00\";s:4:\"mins\";s:2:\"00\";}}s:2:\"pm\";a:2:{s:5:\"start\";a:2:{s:5:\"hours\";s:2:\"00\";s:4:\"mins\";s:2:\"00\";}s:3:\"end\";a:2:{s:5:\"hours\";s:2:\"00\";s:4:\"mins\";s:2:\"00\";}}}i:6;a:2:{s:2:\"am\";a:2:{s:5:\"start\";a:2:{s:5:\"hours\";s:2:\"00\";s:4:\"mins\";s:2:\"00\";}s:3:\"end\";a:2:{s:5:\"hours\";s:2:\"00\";s:4:\"mins\";s:2:\"00\";}}s:2:\"pm\";a:2:{s:5:\"start\";a:2:{s:5:\"hours\";s:2:\"00\";s:4:\"mins\";s:2:\"00\";}s:3:\"end\";a:2:{s:5:\"hours\";s:2:\"00\";s:4:\"mins\";s:2:\"00\";}}}}}s:31:\"_seopress_pro_rich_snippets_faq\";a:1:{i:0;a:2:{s:8:\"question\";s:0:\"\";s:6:\"answer\";s:0:\"\";}}s:41:\"_seopress_pro_rich_snippets_courses_title\";s:0:\"\";s:40:\"_seopress_pro_rich_snippets_courses_desc\";s:0:\"\";s:42:\"_seopress_pro_rich_snippets_courses_school\";s:0:\"\";s:43:\"_seopress_pro_rich_snippets_courses_website\";s:0:\"\";s:40:\"_seopress_pro_rich_snippets_recipes_name\";s:0:\"\";s:40:\"_seopress_pro_rich_snippets_recipes_desc\";s:0:\"\";s:39:\"_seopress_pro_rich_snippets_recipes_cat\";s:0:\"\";s:39:\"_seopress_pro_rich_snippets_recipes_img\";s:0:\"\";s:45:\"_seopress_pro_rich_snippets_recipes_prep_time\";s:0:\"\";s:45:\"_seopress_pro_rich_snippets_recipes_cook_time\";s:0:\"\";s:44:\"_seopress_pro_rich_snippets_recipes_calories\";s:0:\"\";s:41:\"_seopress_pro_rich_snippets_recipes_yield\";s:0:\"\";s:44:\"_seopress_pro_rich_snippets_recipes_keywords\";s:0:\"\";s:43:\"_seopress_pro_rich_snippets_recipes_cuisine\";s:0:\"\";s:46:\"_seopress_pro_rich_snippets_recipes_ingredient\";s:0:\"\";s:48:\"_seopress_pro_rich_snippets_recipes_instructions\";s:0:\"\";s:37:\"_seopress_pro_rich_snippets_jobs_name\";s:0:\"\";s:37:\"_seopress_pro_rich_snippets_jobs_desc\";s:0:\"\";s:44:\"_seopress_pro_rich_snippets_jobs_date_posted\";s:0:\"\";s:46:\"_seopress_pro_rich_snippets_jobs_valid_through\";s:0:\"\";s:48:\"_seopress_pro_rich_snippets_jobs_employment_type\";s:0:\"\";s:48:\"_seopress_pro_rich_snippets_jobs_identifier_name\";s:0:\"\";s:49:\"_seopress_pro_rich_snippets_jobs_identifier_value\";s:0:\"\";s:52:\"_seopress_pro_rich_snippets_jobs_hiring_organization\";s:0:\"\";s:47:\"_seopress_pro_rich_snippets_jobs_hiring_same_as\";s:0:\"\";s:44:\"_seopress_pro_rich_snippets_jobs_hiring_logo\";s:0:\"\";s:50:\"_seopress_pro_rich_snippets_jobs_hiring_logo_width\";s:0:\"\";s:51:\"_seopress_pro_rich_snippets_jobs_hiring_logo_height\";s:0:\"\";s:47:\"_seopress_pro_rich_snippets_jobs_address_street\";s:0:\"\";s:49:\"_seopress_pro_rich_snippets_jobs_address_locality\";s:0:\"\";s:47:\"_seopress_pro_rich_snippets_jobs_address_region\";s:0:\"\";s:44:\"_seopress_pro_rich_snippets_jobs_postal_code\";s:0:\"\";s:40:\"_seopress_pro_rich_snippets_jobs_country\";s:0:\"\";s:39:\"_seopress_pro_rich_snippets_jobs_salary\";s:0:\"\";s:48:\"_seopress_pro_rich_snippets_jobs_salary_currency\";s:0:\"\";s:44:\"_seopress_pro_rich_snippets_jobs_salary_unit\";s:4:\"HOUR\";s:39:\"_seopress_pro_rich_snippets_videos_name\";s:0:\"\";s:46:\"_seopress_pro_rich_snippets_videos_description\";s:0:\"\";s:38:\"_seopress_pro_rich_snippets_videos_img\";s:0:\"\";s:44:\"_seopress_pro_rich_snippets_videos_img_width\";s:0:\"\";s:45:\"_seopress_pro_rich_snippets_videos_img_height\";s:0:\"\";s:43:\"_seopress_pro_rich_snippets_videos_duration\";s:0:\"\";s:38:\"_seopress_pro_rich_snippets_videos_url\";s:0:\"\";s:39:\"_seopress_pro_rich_snippets_events_type\";s:13:\"BusinessEvent\";s:39:\"_seopress_pro_rich_snippets_events_name\";s:0:\"\";s:39:\"_seopress_pro_rich_snippets_events_desc\";s:0:\"\";s:38:\"_seopress_pro_rich_snippets_events_img\";s:0:\"\";s:45:\"_seopress_pro_rich_snippets_events_start_date\";s:0:\"\";s:45:\"_seopress_pro_rich_snippets_events_start_time\";s:0:\"\";s:43:\"_seopress_pro_rich_snippets_events_end_date\";s:0:\"\";s:43:\"_seopress_pro_rich_snippets_events_end_time\";s:0:\"\";s:48:\"_seopress_pro_rich_snippets_events_location_name\";s:0:\"\";s:47:\"_seopress_pro_rich_snippets_events_location_url\";s:0:\"\";s:51:\"_seopress_pro_rich_snippets_events_location_address\";s:0:\"\";s:46:\"_seopress_pro_rich_snippets_events_offers_name\";s:0:\"\";s:45:\"_seopress_pro_rich_snippets_events_offers_cat\";s:7:\"Primary\";s:47:\"_seopress_pro_rich_snippets_events_offers_price\";s:0:\"\";s:56:\"_seopress_pro_rich_snippets_events_offers_price_currency\";s:4:\"none\";s:54:\"_seopress_pro_rich_snippets_events_offers_availability\";s:7:\"InStock\";s:45:\"_seopress_pro_rich_snippets_events_offers_url\";s:0:\"\";s:44:\"_seopress_pro_rich_snippets_events_performer\";s:0:\"\";s:40:\"_seopress_pro_rich_snippets_product_name\";s:0:\"\";s:47:\"_seopress_pro_rich_snippets_product_description\";s:0:\"\";s:39:\"_seopress_pro_rich_snippets_product_img\";s:0:\"\";s:41:\"_seopress_pro_rich_snippets_product_price\";s:0:\"\";s:52:\"_seopress_pro_rich_snippets_product_price_valid_date\";s:0:\"\";s:39:\"_seopress_pro_rich_snippets_product_sku\";s:0:\"\";s:46:\"_seopress_pro_rich_snippets_product_global_ids\";s:4:\"none\";s:41:\"_seopress_pro_rich_snippets_product_brand\";s:4:\"none\";s:52:\"_seopress_pro_rich_snippets_product_global_ids_value\";s:0:\"\";s:50:\"_seopress_pro_rich_snippets_product_price_currency\";s:4:\"none\";s:45:\"_seopress_pro_rich_snippets_product_condition\";s:12:\"NewCondition\";s:48:\"_seopress_pro_rich_snippets_product_availability\";s:7:\"InStock\";s:40:\"_seopress_pro_rich_snippets_service_name\";s:0:\"\";s:40:\"_seopress_pro_rich_snippets_service_type\";s:0:\"\";s:47:\"_seopress_pro_rich_snippets_service_description\";s:0:\"\";s:39:\"_seopress_pro_rich_snippets_service_img\";s:0:\"\";s:40:\"_seopress_pro_rich_snippets_service_area\";s:0:\"\";s:49:\"_seopress_pro_rich_snippets_service_provider_name\";s:0:\"\";s:42:\"_seopress_pro_rich_snippets_service_lb_img\";s:0:\"\";s:53:\"_seopress_pro_rich_snippets_service_provider_mobility\";s:0:\"\";s:42:\"_seopress_pro_rich_snippets_service_slogan\";s:0:\"\";s:47:\"_seopress_pro_rich_snippets_service_street_addr\";s:0:\"\";s:40:\"_seopress_pro_rich_snippets_service_city\";s:0:\"\";s:41:\"_seopress_pro_rich_snippets_service_state\";s:0:\"\";s:38:\"_seopress_pro_rich_snippets_service_pc\";s:0:\"\";s:43:\"_seopress_pro_rich_snippets_service_country\";s:0:\"\";s:39:\"_seopress_pro_rich_snippets_service_lat\";s:0:\"\";s:39:\"_seopress_pro_rich_snippets_service_lon\";s:0:\"\";s:39:\"_seopress_pro_rich_snippets_service_tel\";s:0:\"\";s:41:\"_seopress_pro_rich_snippets_service_price\";s:0:\"\";s:44:\"_seopress_pro_rich_snippets_softwareapp_name\";s:0:\"\";s:42:\"_seopress_pro_rich_snippets_softwareapp_os\";s:0:\"\";s:43:\"_seopress_pro_rich_snippets_softwareapp_cat\";s:15:\"GameApplication\";s:45:\"_seopress_pro_rich_snippets_softwareapp_price\";s:0:\"\";s:48:\"_seopress_pro_rich_snippets_softwareapp_currency\";s:0:\"\";s:46:\"_seopress_pro_rich_snippets_softwareapp_rating\";s:0:\"\";s:39:\"_seopress_pro_rich_snippets_review_item\";s:0:\"\";s:44:\"_seopress_pro_rich_snippets_review_item_type\";s:18:\"CreativeWorkSeason\";s:38:\"_seopress_pro_rich_snippets_review_img\";s:0:\"\";s:41:\"_seopress_pro_rich_snippets_review_rating\";s:0:\"\";s:34:\"_seopress_pro_rich_snippets_custom\";s:0:\"\";}"],"wp_schema_pro_optimized_structured_data":["<!-- Schema optimized by Schema Pro --><script type=\"application\/ld+json\">{\"@context\":\"https:\/\/schema.org\",\"@type\":\"NewsArticle\",\"mainEntityOfPage\":{\"@type\":\"WebPage\",\"@id\":\"https:\/\/mv-sport.de\/mit-der-sportjugend-ins-aktivcamp-nach-dresden\/\"},\"headline\":\"Mit der Sportjugend ins Aktivcamp nach Dresden\",\"image\":{\"@type\":\"ImageObject\",\"url\":\"https:\/\/mv-sport.de\/wp-content\/uploads\/2020\/02\/sportcamp_sportjugend-vr.jpg\",\"width\":1000,\"height\":563},\"datePublished\":\"2020-02-28T10:46:05\",\"dateModified\":\"2020-02-27T13:02:19\",\"author\":{\"@type\":\"Person\",\"name\":\"MV-Sport.de\",\"url\":\"https:\/\/mv-sport.de\/author\/mv-sport-de\"},\"publisher\":{\"@type\":\"Organization\",\"name\":\"MV-Sport.de - Sportvereine &amp; Sportnachrichten Mecklenburg-Vorpommern\",\"logo\":{\"@type\":\"ImageObject\",\"url\":\"https:\/\/mv-sport.de\/wp-content\/uploads\/2017\/05\/logo-mv-sport-292x60.png\"}}}<\/script><!-- \/ Schema optimized by Schema Pro -->"],"__post_views_count":["924"],"astra_style_timestamp_css":["1757373438"],"_uag_css_file_name":["uag-css-51214.css"],"_uag_page_assets":["a:9:{s:3:\"css\";s:7010:\".uagb-block-88f5875d.wp-block-uagb-image--layout-default figure img{box-shadow: 0px 0px 0 #00000070;}.uagb-block-88f5875d.wp-block-uagb-image .wp-block-uagb-image__figure figcaption{font-style: normal;align-self: center;}.uagb-block-88f5875d.wp-block-uagb-image--layout-overlay figure img{box-shadow: 0px 0px 0 #00000070;}.uagb-block-88f5875d.wp-block-uagb-image--layout-overlay .wp-block-uagb-image--layout-overlay__color-wrapper{opacity: 0.2;}.uagb-block-88f5875d.wp-block-uagb-image--layout-overlay .wp-block-uagb-image--layout-overlay__inner{left: 15px;right: 15px;top: 15px;bottom: 15px;}.uagb-block-88f5875d.wp-block-uagb-image--layout-overlay .wp-block-uagb-image--layout-overlay__inner .uagb-image-heading{font-style: normal;color: #fff;opacity: 1;}.uagb-block-88f5875d.wp-block-uagb-image--layout-overlay .wp-block-uagb-image--layout-overlay__inner .uagb-image-heading a{color: #fff;}.uagb-block-88f5875d.wp-block-uagb-image--layout-overlay .wp-block-uagb-image--layout-overlay__inner .uagb-image-caption{opacity: 0;}.uagb-block-88f5875d.wp-block-uagb-image--layout-overlay .wp-block-uagb-image__figure:hover .wp-block-uagb-image--layout-overlay__color-wrapper{opacity: 1;}.uagb-block-88f5875d.wp-block-uagb-image .wp-block-uagb-image--layout-overlay__inner .uagb-image-separator{width: 30%;border-top-width: 2px;border-top-color: #fff;opacity: 0;}.uagb-block-88f5875d.wp-block-uagb-image .wp-block-uagb-image__figure img{width: 297px;height: auto;}.uagb-block-88f5875d.wp-block-uagb-image .wp-block-uagb-image__figure:hover .wp-block-uagb-image--layout-overlay__inner .uagb-image-caption{opacity: 1;}.uagb-block-88f5875d.wp-block-uagb-image .wp-block-uagb-image__figure:hover .wp-block-uagb-image--layout-overlay__inner .uagb-image-separator{opacity: 1;}.uagb-block-88f5875d.wp-block-uagb-image--layout-default figure:hover img{box-shadow: 0px 0px 0 #00000070;}.uagb-block-88f5875d.wp-block-uagb-image--layout-overlay figure:hover img{box-shadow: 0px 0px 0 #00000070;}@media only screen and (max-width: 976px) {.uagb-block-88f5875d.wp-block-uagb-image .wp-block-uagb-image__figure img{width: 297px;height: auto;}}@media only screen and (max-width: 767px) {.uagb-block-88f5875d.wp-block-uagb-image .wp-block-uagb-image__figure img{width: 297px;height: auto;}}.uagb-block-b6c54374.wp-block-uagb-image{margin-top: 0px;margin-right: 0px;margin-bottom: 0px;margin-left: 0px;}.uagb-block-b6c54374.wp-block-uagb-image--layout-default figure img{box-shadow: 0px 0px 0 #00000070;}.uagb-block-b6c54374.wp-block-uagb-image .wp-block-uagb-image__figure figcaption{font-style: normal;align-self: center;}.uagb-block-b6c54374.wp-block-uagb-image--layout-overlay figure img{box-shadow: 0px 0px 0 #00000070;}.uagb-block-b6c54374.wp-block-uagb-image--layout-overlay .wp-block-uagb-image--layout-overlay__color-wrapper{opacity: 0.2;}.uagb-block-b6c54374.wp-block-uagb-image--layout-overlay .wp-block-uagb-image--layout-overlay__inner{left: 15px;right: 15px;top: 15px;bottom: 15px;}.uagb-block-b6c54374.wp-block-uagb-image--layout-overlay .wp-block-uagb-image--layout-overlay__inner .uagb-image-heading{font-style: normal;color: #fff;opacity: 1;}.uagb-block-b6c54374.wp-block-uagb-image--layout-overlay .wp-block-uagb-image--layout-overlay__inner .uagb-image-heading a{color: #fff;}.uagb-block-b6c54374.wp-block-uagb-image--layout-overlay .wp-block-uagb-image--layout-overlay__inner .uagb-image-caption{opacity: 0;}.uagb-block-b6c54374.wp-block-uagb-image--layout-overlay .wp-block-uagb-image__figure:hover .wp-block-uagb-image--layout-overlay__color-wrapper{opacity: 1;}.uagb-block-b6c54374.wp-block-uagb-image .wp-block-uagb-image--layout-overlay__inner .uagb-image-separator{width: 30%;border-top-width: 2px;border-top-color: #fff;opacity: 0;}.uagb-block-b6c54374.wp-block-uagb-image .wp-block-uagb-image__figure img{width: px;height: auto;}.uagb-block-b6c54374.wp-block-uagb-image .wp-block-uagb-image__figure:hover .wp-block-uagb-image--layout-overlay__inner .uagb-image-caption{opacity: 1;}.uagb-block-b6c54374.wp-block-uagb-image .wp-block-uagb-image__figure:hover .wp-block-uagb-image--layout-overlay__inner .uagb-image-separator{opacity: 1;}.uagb-block-b6c54374.wp-block-uagb-image--layout-default figure:hover img{box-shadow: 0px 0px 0 #00000070;}.uagb-block-b6c54374.wp-block-uagb-image--layout-overlay figure:hover img{box-shadow: 0px 0px 0 #00000070;}@media only screen and (max-width: 976px) {.uagb-block-b6c54374.wp-block-uagb-image .wp-block-uagb-image__figure img{width: px;height: auto;}}@media only screen and (max-width: 767px) {.uagb-block-b6c54374.wp-block-uagb-image .wp-block-uagb-image__figure img{width: px;height: auto;}}.uagb-block-2bdcf70c.wp-block-uagb-image{margin-top: 0px;margin-right: 0px;margin-bottom: 0px;margin-left: 0px;}.uagb-block-2bdcf70c.wp-block-uagb-image--layout-default figure img{box-shadow: 0px 0px 0 #00000070;}.uagb-block-2bdcf70c.wp-block-uagb-image .wp-block-uagb-image__figure figcaption{font-style: normal;align-self: center;}.uagb-block-2bdcf70c.wp-block-uagb-image--layout-overlay figure img{box-shadow: 0px 0px 0 #00000070;}.uagb-block-2bdcf70c.wp-block-uagb-image--layout-overlay .wp-block-uagb-image--layout-overlay__color-wrapper{opacity: 0.2;}.uagb-block-2bdcf70c.wp-block-uagb-image--layout-overlay .wp-block-uagb-image--layout-overlay__inner{left: 15px;right: 15px;top: 15px;bottom: 15px;}.uagb-block-2bdcf70c.wp-block-uagb-image--layout-overlay .wp-block-uagb-image--layout-overlay__inner .uagb-image-heading{font-style: normal;color: #fff;opacity: 1;}.uagb-block-2bdcf70c.wp-block-uagb-image--layout-overlay .wp-block-uagb-image--layout-overlay__inner .uagb-image-heading a{color: #fff;}.uagb-block-2bdcf70c.wp-block-uagb-image--layout-overlay .wp-block-uagb-image--layout-overlay__inner .uagb-image-caption{opacity: 0;}.uagb-block-2bdcf70c.wp-block-uagb-image--layout-overlay .wp-block-uagb-image__figure:hover .wp-block-uagb-image--layout-overlay__color-wrapper{opacity: 1;}.uagb-block-2bdcf70c.wp-block-uagb-image .wp-block-uagb-image--layout-overlay__inner .uagb-image-separator{width: 30%;border-top-width: 2px;border-top-color: #fff;opacity: 0;}.uagb-block-2bdcf70c.wp-block-uagb-image .wp-block-uagb-image__figure img{width: px;height: auto;}.uagb-block-2bdcf70c.wp-block-uagb-image .wp-block-uagb-image__figure:hover .wp-block-uagb-image--layout-overlay__inner .uagb-image-caption{opacity: 1;}.uagb-block-2bdcf70c.wp-block-uagb-image .wp-block-uagb-image__figure:hover .wp-block-uagb-image--layout-overlay__inner .uagb-image-separator{opacity: 1;}.uagb-block-2bdcf70c.wp-block-uagb-image--layout-default figure:hover img{box-shadow: 0px 0px 0 #00000070;}.uagb-block-2bdcf70c.wp-block-uagb-image--layout-overlay figure:hover img{box-shadow: 0px 0px 0 #00000070;}@media only screen and (max-width: 976px) {.uagb-block-2bdcf70c.wp-block-uagb-image .wp-block-uagb-image__figure img{width: px;height: auto;}}@media only screen and (max-width: 767px) {.uagb-block-2bdcf70c.wp-block-uagb-image .wp-block-uagb-image__figure img{width: px;height: auto;}}\";s:2:\"js\";s:0:\"\";s:18:\"current_block_list\";a:28:{i:0;s:10:\"core\/group\";i:2;s:24:\"core\/post-featured-image\";i:3;s:15:\"core\/post-title\";i:5;s:14:\"core\/post-date\";i:6;s:16:\"core\/post-author\";i:7;s:15:\"core\/post-terms\";i:8;s:17:\"core\/post-content\";i:9;s:14:\"core\/separator\";i:10;s:13:\"core\/comments\";i:11;s:19:\"core\/comments-title\";i:12;s:21:\"core\/comment-template\";i:15;s:11:\"core\/avatar\";i:16;s:24:\"core\/comment-author-name\";i:17;s:17:\"core\/comment-date\";i:18;s:20:\"core\/comment-content\";i:19;s:23:\"core\/comment-reply-link\";i:20;s:24:\"core\/comments-pagination\";i:21;s:33:\"core\/comments-pagination-previous\";i:22;s:32:\"core\/comments-pagination-numbers\";i:23;s:29:\"core\/comments-pagination-next\";i:24;s:23:\"core\/post-comments-form\";i:25;s:14:\"core\/tag-cloud\";i:26;s:12:\"core\/heading\";i:27;s:14:\"core\/paragraph\";i:28;s:12:\"core\/buttons\";i:29;s:11:\"core\/button\";i:30;s:10:\"uagb\/image\";i:31;s:10:\"core\/image\";}s:8:\"uag_flag\";b:1;s:11:\"uag_version\";s:10:\"1777247251\";s:6:\"gfonts\";a:0:{}s:10:\"gfonts_url\";s:0:\"\";s:12:\"gfonts_files\";a:0:{}s:14:\"uag_faq_layout\";b:0;}"]},"uagb_featured_image_src":{"full":["https:\/\/mv-sport.de\/c\/wp-content\/uploads\/2020\/02\/sportcamp_sportjugend-vr.jpg",1000,563,false],"thumbnail":["https:\/\/mv-sport.de\/c\/wp-content\/uploads\/2020\/02\/sportcamp_sportjugend-vr-150x150.jpg",150,150,true],"medium":["https:\/\/mv-sport.de\/c\/wp-content\/uploads\/2020\/02\/sportcamp_sportjugend-vr-600x563.jpg",350,328,true],"medium_large":["https:\/\/mv-sport.de\/c\/wp-content\/uploads\/2020\/02\/sportcamp_sportjugend-vr.jpg",768,432,false],"large":["https:\/\/mv-sport.de\/c\/wp-content\/uploads\/2020\/02\/sportcamp_sportjugend-vr.jpg",1000,563,false],"1536x1536":["https:\/\/mv-sport.de\/c\/wp-content\/uploads\/2020\/02\/sportcamp_sportjugend-vr.jpg",1000,563,false],"2048x2048":["https:\/\/mv-sport.de\/c\/wp-content\/uploads\/2020\/02\/sportcamp_sportjugend-vr.jpg",1000,563,false],"ultp_layout_landscape_large":["https:\/\/mv-sport.de\/c\/wp-content\/uploads\/2020\/02\/sportcamp_sportjugend-vr.jpg",1000,563,false],"ultp_layout_landscape":["https:\/\/mv-sport.de\/c\/wp-content\/uploads\/2020\/02\/sportcamp_sportjugend-vr.jpg",870,490,false],"ultp_layout_portrait":["https:\/\/mv-sport.de\/c\/wp-content\/uploads\/2020\/02\/sportcamp_sportjugend-vr.jpg",600,338,false],"ultp_layout_square":["https:\/\/mv-sport.de\/c\/wp-content\/uploads\/2020\/02\/sportcamp_sportjugend-vr.jpg",600,338,false]},"uagb_author_info":{"display_name":"MV-Sport.de","author_link":"https:\/\/mv-sport.de\/c\/author\/mv-sport-de\/"},"uagb_comment_info":0,"uagb_excerpt":"Spa\u00df und Bewegung garantiert! Ausschreibung &#8211; In den Sommerferien bietet die Sportjugend Vorpommern-R\u00fcgen Kindern und Jugendlichen wieder ein sehr abwechslungsreiches Ferienprogramm. Dank im Dezember vereinbarten Kooperation mit der Dresdner Sportjugend geht es f\u00fcr 11-16-J\u00e4hrige f\u00fcr 10 Tage ins Sportcamp nach Dresden. Werden die ersten Tage noch f\u00fcr \u201eDresden-Sightseeing\u201c und einer Bergwanderung(Stiegentour) in der S\u00e4chsischen Schweiz&hellip;","_links":{"self":[{"href":"https:\/\/mv-sport.de\/c\/wp-json\/wp\/v2\/posts\/51214","targetHints":{"allow":["GET"]}}],"collection":[{"href":"https:\/\/mv-sport.de\/c\/wp-json\/wp\/v2\/posts"}],"about":[{"href":"https:\/\/mv-sport.de\/c\/wp-json\/wp\/v2\/types\/post"}],"author":[{"embeddable":true,"href":"https:\/\/mv-sport.de\/c\/wp-json\/wp\/v2\/users\/2"}],"replies":[{"embeddable":true,"href":"https:\/\/mv-sport.de\/c\/wp-json\/wp\/v2\/comments?post=51214"}],"version-history":[{"count":0,"href":"https:\/\/mv-sport.de\/c\/wp-json\/wp\/v2\/posts\/51214\/revisions"}],"wp:featuredmedia":[{"embeddable":true,"href":"https:\/\/mv-sport.de\/c\/wp-json\/wp\/v2\/media\/51217"}],"wp:attachment":[{"href":"https:\/\/mv-sport.de\/c\/wp-json\/wp\/v2\/media?parent=51214"}],"wp:term":[{"taxonomy":"category","embeddable":true,"href":"https:\/\/mv-sport.de\/c\/wp-json\/wp\/v2\/categories?post=51214"},{"taxonomy":"post_tag","embeddable":true,"href":"https:\/\/mv-sport.de\/c\/wp-json\/wp\/v2\/tags?post=51214"},{"taxonomy":"ort","embeddable":true,"href":"https:\/\/mv-sport.de\/c\/wp-json\/wp\/v2\/ort?post=51214"}],"curies":[{"name":"wp","href":"https:\/\/api.w.org\/{rel}","templated":true}]}}