{"id":517226,"date":"2026-04-27T11:55:11","date_gmt":"2026-04-27T09:55:11","guid":{"rendered":"https:\/\/mv-sport.de\/c\/?p=517226"},"modified":"2026-04-27T11:55:12","modified_gmt":"2026-04-27T09:55:12","slug":"schweriner-sc-gewinnt-silber-bei-der-u16-dm-in-wiesbaden","status":"publish","type":"post","link":"https:\/\/mv-sport.de\/c\/schweriner-sc-gewinnt-silber-bei-der-u16-dm-in-wiesbaden\/","title":{"rendered":"Schweriner SC gewinnt Silber bei der U16-DM in Wiesbaden"},"content":{"rendered":"\n<p><strong>Wiesbaden<\/strong> &#8211; Die U16-Volleyballerinnen des Schweriner SC haben bei der Deutschen Meisterschaft 2026 die Silbermedaille gewonnen. Nach einem starken Turnierverlauf musste sich der Titelverteidiger im Finale lediglich dem ASV Dachau geschlagen geben.<\/p>\n\n\n\n<p>Bereits in der Vorrunde unterstrichen die Schwerinerinnen ihre Ambitionen. Mit klaren 2:0-Erfolgen gegen das SWE Volley-Team (25:17, 25:10) und den TV Rottenburg (25:18, 25:15) sowie einem 2:1-Sieg gegen den USC M\u00fcnster (25:16, 21:25, 15:8) zog das Team souver\u00e4n in die K.o.-Runde ein. Auch am zweiten Turniertag pr\u00e4sentierte sich die Mannschaft stabil. Im Viertelfinale setzte sich der SSC deutlich mit 2:0 (25:12, 25:11) gegen den BBSC durch. Im Halbfinale gegen den SC Potsdam bewies das Team Moral: Nach verlorenem ersten Satz (19:25) k\u00e4mpfte sich Schwerin zur\u00fcck und gewann mit 25:20 und 15:7 noch mit 2:1. Im Endspiel wartete mit dem ASV Dachau ein spielstarker Gegner. Schwerin unterlag mit 0:2 (14:25, 25:27), zeigte insbesondere im zweiten Durchgang gro\u00dfen Kampfgeist, hatte mehrere Satzb\u00e4lle zum Satzausgleich jedoch nicht verwandeln k\u00f6nnen.<\/p>\n\n\n\n<p>Trainer Davide Carli zeigte sich trotz der Finalniederlage hochzufrieden: \u201eEin Finale ist immer ein besonderer Moment. Ich bin \u00fcbergl\u00fccklich und sehr stolz auf die M\u00e4dels.\u201c Als Titelverteidiger ins Turnier gestartet, habe das Team erneut seine Qualit\u00e4t unter Beweis gestellt.<\/p>\n\n\n\n<p>Mit dem zweiten Platz kn\u00fcpft der Schweriner SC an die erfolgreichen Nachwuchsjahre an und best\u00e4tigt einmal mehr seine starke Ausbildungsarbeit im Jugendbereich. In den kommenden Wochen nehmen die Teams des Schweriber SC noch an den Deutschen Meisterschaften in den Altersklassen U20 (09.-10.05.26 in Lohne), U14 (16.-17.05.26 in Dachau) und U18 (16.-17.05.26 in Paderborn) teil.<\/p>\n\n\n\n<figure class=\"wp-block-gallery has-nested-images columns-default is-cropped wp-block-gallery-1 is-layout-flex wp-block-gallery-is-layout-flex\">\n<figure class=\"wp-block-image size-large\"><a href=\"https:\/\/mv-sport.de\/c\/wp-content\/uploads\/2026\/04\/dm-vize_u16-schweriner-sc_punktejubel_c_a-wiesner.webp\"><img loading=\"lazy\" decoding=\"async\" width=\"883\" height=\"1200\" data-id=\"517254\" src=\"https:\/\/mv-sport.de\/c\/wp-content\/uploads\/2026\/04\/dm-vize_u16-schweriner-sc_punktejubel_c_a-wiesner.webp\" alt=\"\" class=\"wp-image-517254\"\/><\/a><figcaption class=\"wp-element-caption\">Die SSC-Jugend legte in Wiesbaden einen starken Auftritt hin. (Foto: \u00a9 A. Wiesner)<\/figcaption><\/figure>\n\n\n\n<figure class=\"wp-block-image size-large\"><a href=\"https:\/\/mv-sport.de\/c\/wp-content\/uploads\/2026\/04\/dm-vize_u16-schweriner-sc_spielszene_c_a-wiesner.webp\"><img loading=\"lazy\" decoding=\"async\" width=\"736\" height=\"1035\" data-id=\"517253\" src=\"https:\/\/mv-sport.de\/c\/wp-content\/uploads\/2026\/04\/dm-vize_u16-schweriner-sc_spielszene_c_a-wiesner.webp\" alt=\"\" class=\"wp-image-517253\"\/><\/a><figcaption class=\"wp-element-caption\">Stark im Angriff (Foto: \u00a9 A. Wiesner)<\/figcaption><\/figure>\n<\/figure>\n\n\n\n<p><\/p>\n\n\n\n<p><strong>U16 Schweriner SC<\/strong>: Bobzin, Br\u00e4hmer, Carstens, Hellwig, Herrmann, J\u00fcrgens, Korte, Krause, K\u00e4ther, Leichert, Schweer, Wiesner, Zelfel<\/p>\n\n\n\n<h3 class=\"wp-block-heading\">Platzierungen: <\/h3>\n\n\n\n<ol class=\"wp-block-list\">\n<li>ASV Dachau <\/li>\n\n\n\n<li>Schweriner SC <\/li>\n\n\n\n<li>VT Hamburg und SC Potsdam (Platz 3 wird nicht ausgespielt) <\/li>\n\n\n\n<li>Dresdner SC <\/li>\n\n\n\n<li>USC M\u00fcnster <\/li>\n\n\n\n<li>BBSC <\/li>\n\n\n\n<li>TuS Heiligenstein <\/li>\n\n\n\n<li>VC Wiesbaden <\/li>\n\n\n\n<li>USC Braunschweig <\/li>\n\n\n\n<li>VC Offenburg <\/li>\n\n\n\n<li>TV Rottenburg <\/li>\n\n\n\n<li>RSV Borken <\/li>\n\n\n\n<li>NawaRo Straubing <\/li>\n\n\n\n<li>FC Leschede <\/li>\n\n\n\n<li>SWE Volley-Team<\/li>\n<\/ol>\n\n\n\n<p class=\"has-cyan-bluish-gray-color has-text-color has-link-color wp-elements-d3e0820fb4fa4795eaaf2c4abc476716\"><em>Text: Schweriner SC<\/em><\/p>\n","protected":false},"excerpt":{"rendered":"<p>Wiesbaden &#8211; Die U16-Volleyballerinnen des Schweriner SC haben bei der Deutschen Meisterschaft 2026 die Silbermedaille gewonnen. Nach einem starken Turnierverlauf musste sich der Titelverteidiger im Finale lediglich dem ASV Dachau geschlagen geben. Bereits in der Vorrunde unterstrichen die Schwerinerinnen ihre Ambitionen. Mit klaren 2:0-Erfolgen gegen das SWE Volley-Team (25:17, 25:10) und den TV Rottenburg (25:18, [&hellip;]<\/p>\n","protected":false},"author":2,"featured_media":517255,"comment_status":"closed","ping_status":"closed","sticky":false,"template":"","format":"standard","meta":{"_seopress_robots_primary_cat":"none","_seopress_titles_title":"","_seopress_titles_desc":"","_seopress_robots_index":"","_relevanssi_hide_post":"","_relevanssi_hide_content":"","_relevanssi_pin_for_all":"","_relevanssi_pin_keywords":"","_relevanssi_unpin_keywords":"","_relevanssi_related_keywords":"","_relevanssi_related_include_ids":"","_relevanssi_related_exclude_ids":"","_relevanssi_related_no_append":"","_relevanssi_related_not_related":"","_relevanssi_related_posts":"","_relevanssi_noindex_reason":"","_uag_custom_page_level_css":"","footnotes":""},"categories":[14],"tags":[3753,669,6525,6096],"ort":[1684],"class_list":{"0":"post-517226","1":"post","2":"type-post","3":"status-publish","4":"format-standard","5":"has-post-thumbnail","7":"category-volleyball","8":"tag-deutsche-jugendmeisterschaft","9":"tag-schweriner-sc","10":"tag-wiesbaden","11":"tag-wu16","12":"ort-schwerin"},"featured_image_urls":{"medium":"https:\/\/mv-sport.de\/c\/wp-content\/uploads\/2026\/04\/dm-vize_u16-schweriner-sc_team_c_a-wiesner-600x600.webp","medium_large":"https:\/\/mv-sport.de\/c\/wp-content\/uploads\/2026\/04\/dm-vize_u16-schweriner-sc_team_c_a-wiesner.webp","large":"https:\/\/mv-sport.de\/c\/wp-content\/uploads\/2026\/04\/dm-vize_u16-schweriner-sc_team_c_a-wiesner.webp","full":"https:\/\/mv-sport.de\/c\/wp-content\/uploads\/2026\/04\/dm-vize_u16-schweriner-sc_team_c_a-wiesner.webp","alt":"","caption":"Schweriner U16 holt DM-Silber (Foto: &copy; A. Wiesner)"},"spectra_custom_meta":{"betterlinks_is_disable_auto_keyword":[""],"_wpv_contains_gutenberg_views":[""],"_edit_lock":["1777283903:2"],"__post_views_count":["29"],"_thumbnail_id":["517255"],"_edit_last":["2"],"_seopress_robots_primary_cat":["none"],"_seopress_redirections_type":["301"],"_seopress_redirections_logged_status":["both"],"__builder_feature_video":[""],"__builder_feature_caption":[""],"ATKP_product":["0"],"ATKP_list":["0"],"_uag_page_assets":["a:9:{s:3:\"css\";s:7010:\".uagb-block-88f5875d.wp-block-uagb-image--layout-default figure img{box-shadow: 0px 0px 0 #00000070;}.uagb-block-88f5875d.wp-block-uagb-image .wp-block-uagb-image__figure figcaption{font-style: normal;align-self: center;}.uagb-block-88f5875d.wp-block-uagb-image--layout-overlay figure img{box-shadow: 0px 0px 0 #00000070;}.uagb-block-88f5875d.wp-block-uagb-image--layout-overlay .wp-block-uagb-image--layout-overlay__color-wrapper{opacity: 0.2;}.uagb-block-88f5875d.wp-block-uagb-image--layout-overlay .wp-block-uagb-image--layout-overlay__inner{left: 15px;right: 15px;top: 15px;bottom: 15px;}.uagb-block-88f5875d.wp-block-uagb-image--layout-overlay .wp-block-uagb-image--layout-overlay__inner .uagb-image-heading{font-style: normal;color: #fff;opacity: 1;}.uagb-block-88f5875d.wp-block-uagb-image--layout-overlay .wp-block-uagb-image--layout-overlay__inner .uagb-image-heading a{color: #fff;}.uagb-block-88f5875d.wp-block-uagb-image--layout-overlay .wp-block-uagb-image--layout-overlay__inner .uagb-image-caption{opacity: 0;}.uagb-block-88f5875d.wp-block-uagb-image--layout-overlay .wp-block-uagb-image__figure:hover .wp-block-uagb-image--layout-overlay__color-wrapper{opacity: 1;}.uagb-block-88f5875d.wp-block-uagb-image .wp-block-uagb-image--layout-overlay__inner .uagb-image-separator{width: 30%;border-top-width: 2px;border-top-color: #fff;opacity: 0;}.uagb-block-88f5875d.wp-block-uagb-image .wp-block-uagb-image__figure img{width: 297px;height: auto;}.uagb-block-88f5875d.wp-block-uagb-image .wp-block-uagb-image__figure:hover .wp-block-uagb-image--layout-overlay__inner .uagb-image-caption{opacity: 1;}.uagb-block-88f5875d.wp-block-uagb-image .wp-block-uagb-image__figure:hover .wp-block-uagb-image--layout-overlay__inner .uagb-image-separator{opacity: 1;}.uagb-block-88f5875d.wp-block-uagb-image--layout-default figure:hover img{box-shadow: 0px 0px 0 #00000070;}.uagb-block-88f5875d.wp-block-uagb-image--layout-overlay figure:hover img{box-shadow: 0px 0px 0 #00000070;}@media only screen and (max-width: 976px) {.uagb-block-88f5875d.wp-block-uagb-image .wp-block-uagb-image__figure img{width: 297px;height: auto;}}@media only screen and (max-width: 767px) {.uagb-block-88f5875d.wp-block-uagb-image .wp-block-uagb-image__figure img{width: 297px;height: auto;}}.uagb-block-b6c54374.wp-block-uagb-image{margin-top: 0px;margin-right: 0px;margin-bottom: 0px;margin-left: 0px;}.uagb-block-b6c54374.wp-block-uagb-image--layout-default figure img{box-shadow: 0px 0px 0 #00000070;}.uagb-block-b6c54374.wp-block-uagb-image .wp-block-uagb-image__figure figcaption{font-style: normal;align-self: center;}.uagb-block-b6c54374.wp-block-uagb-image--layout-overlay figure img{box-shadow: 0px 0px 0 #00000070;}.uagb-block-b6c54374.wp-block-uagb-image--layout-overlay .wp-block-uagb-image--layout-overlay__color-wrapper{opacity: 0.2;}.uagb-block-b6c54374.wp-block-uagb-image--layout-overlay .wp-block-uagb-image--layout-overlay__inner{left: 15px;right: 15px;top: 15px;bottom: 15px;}.uagb-block-b6c54374.wp-block-uagb-image--layout-overlay .wp-block-uagb-image--layout-overlay__inner .uagb-image-heading{font-style: normal;color: #fff;opacity: 1;}.uagb-block-b6c54374.wp-block-uagb-image--layout-overlay .wp-block-uagb-image--layout-overlay__inner .uagb-image-heading a{color: #fff;}.uagb-block-b6c54374.wp-block-uagb-image--layout-overlay .wp-block-uagb-image--layout-overlay__inner .uagb-image-caption{opacity: 0;}.uagb-block-b6c54374.wp-block-uagb-image--layout-overlay .wp-block-uagb-image__figure:hover .wp-block-uagb-image--layout-overlay__color-wrapper{opacity: 1;}.uagb-block-b6c54374.wp-block-uagb-image .wp-block-uagb-image--layout-overlay__inner .uagb-image-separator{width: 30%;border-top-width: 2px;border-top-color: #fff;opacity: 0;}.uagb-block-b6c54374.wp-block-uagb-image .wp-block-uagb-image__figure img{width: px;height: auto;}.uagb-block-b6c54374.wp-block-uagb-image .wp-block-uagb-image__figure:hover .wp-block-uagb-image--layout-overlay__inner .uagb-image-caption{opacity: 1;}.uagb-block-b6c54374.wp-block-uagb-image .wp-block-uagb-image__figure:hover .wp-block-uagb-image--layout-overlay__inner .uagb-image-separator{opacity: 1;}.uagb-block-b6c54374.wp-block-uagb-image--layout-default figure:hover img{box-shadow: 0px 0px 0 #00000070;}.uagb-block-b6c54374.wp-block-uagb-image--layout-overlay figure:hover img{box-shadow: 0px 0px 0 #00000070;}@media only screen and (max-width: 976px) {.uagb-block-b6c54374.wp-block-uagb-image .wp-block-uagb-image__figure img{width: px;height: auto;}}@media only screen and (max-width: 767px) {.uagb-block-b6c54374.wp-block-uagb-image .wp-block-uagb-image__figure img{width: px;height: auto;}}.uagb-block-2bdcf70c.wp-block-uagb-image{margin-top: 0px;margin-right: 0px;margin-bottom: 0px;margin-left: 0px;}.uagb-block-2bdcf70c.wp-block-uagb-image--layout-default figure img{box-shadow: 0px 0px 0 #00000070;}.uagb-block-2bdcf70c.wp-block-uagb-image .wp-block-uagb-image__figure figcaption{font-style: normal;align-self: center;}.uagb-block-2bdcf70c.wp-block-uagb-image--layout-overlay figure img{box-shadow: 0px 0px 0 #00000070;}.uagb-block-2bdcf70c.wp-block-uagb-image--layout-overlay .wp-block-uagb-image--layout-overlay__color-wrapper{opacity: 0.2;}.uagb-block-2bdcf70c.wp-block-uagb-image--layout-overlay .wp-block-uagb-image--layout-overlay__inner{left: 15px;right: 15px;top: 15px;bottom: 15px;}.uagb-block-2bdcf70c.wp-block-uagb-image--layout-overlay .wp-block-uagb-image--layout-overlay__inner .uagb-image-heading{font-style: normal;color: #fff;opacity: 1;}.uagb-block-2bdcf70c.wp-block-uagb-image--layout-overlay .wp-block-uagb-image--layout-overlay__inner .uagb-image-heading a{color: #fff;}.uagb-block-2bdcf70c.wp-block-uagb-image--layout-overlay .wp-block-uagb-image--layout-overlay__inner .uagb-image-caption{opacity: 0;}.uagb-block-2bdcf70c.wp-block-uagb-image--layout-overlay .wp-block-uagb-image__figure:hover .wp-block-uagb-image--layout-overlay__color-wrapper{opacity: 1;}.uagb-block-2bdcf70c.wp-block-uagb-image .wp-block-uagb-image--layout-overlay__inner .uagb-image-separator{width: 30%;border-top-width: 2px;border-top-color: #fff;opacity: 0;}.uagb-block-2bdcf70c.wp-block-uagb-image .wp-block-uagb-image__figure img{width: px;height: auto;}.uagb-block-2bdcf70c.wp-block-uagb-image .wp-block-uagb-image__figure:hover .wp-block-uagb-image--layout-overlay__inner .uagb-image-caption{opacity: 1;}.uagb-block-2bdcf70c.wp-block-uagb-image .wp-block-uagb-image__figure:hover .wp-block-uagb-image--layout-overlay__inner .uagb-image-separator{opacity: 1;}.uagb-block-2bdcf70c.wp-block-uagb-image--layout-default figure:hover img{box-shadow: 0px 0px 0 #00000070;}.uagb-block-2bdcf70c.wp-block-uagb-image--layout-overlay figure:hover img{box-shadow: 0px 0px 0 #00000070;}@media only screen and (max-width: 976px) {.uagb-block-2bdcf70c.wp-block-uagb-image .wp-block-uagb-image__figure img{width: px;height: auto;}}@media only screen and (max-width: 767px) {.uagb-block-2bdcf70c.wp-block-uagb-image .wp-block-uagb-image__figure img{width: px;height: auto;}}\";s:2:\"js\";s:0:\"\";s:18:\"current_block_list\";a:31:{i:0;s:10:\"core\/group\";i:2;s:24:\"core\/post-featured-image\";i:3;s:15:\"core\/post-title\";i:5;s:14:\"core\/post-date\";i:6;s:16:\"core\/post-author\";i:7;s:15:\"core\/post-terms\";i:8;s:17:\"core\/post-content\";i:9;s:14:\"core\/separator\";i:10;s:13:\"core\/comments\";i:11;s:19:\"core\/comments-title\";i:12;s:21:\"core\/comment-template\";i:15;s:11:\"core\/avatar\";i:16;s:24:\"core\/comment-author-name\";i:17;s:17:\"core\/comment-date\";i:18;s:20:\"core\/comment-content\";i:19;s:23:\"core\/comment-reply-link\";i:20;s:24:\"core\/comments-pagination\";i:21;s:33:\"core\/comments-pagination-previous\";i:22;s:32:\"core\/comments-pagination-numbers\";i:23;s:29:\"core\/comments-pagination-next\";i:24;s:23:\"core\/post-comments-form\";i:25;s:14:\"core\/paragraph\";i:26;s:12:\"core\/gallery\";i:27;s:10:\"core\/image\";i:28;s:12:\"core\/heading\";i:29;s:9:\"core\/list\";i:30;s:14:\"core\/list-item\";i:31;s:14:\"core\/tag-cloud\";i:32;s:12:\"core\/buttons\";i:33;s:11:\"core\/button\";i:34;s:10:\"uagb\/image\";}s:8:\"uag_flag\";b:1;s:11:\"uag_version\";s:10:\"1777371036\";s:6:\"gfonts\";a:0:{}s:10:\"gfonts_url\";s:0:\"\";s:12:\"gfonts_files\";a:0:{}s:14:\"uag_faq_layout\";b:0;}"]},"uagb_featured_image_src":{"full":["https:\/\/mv-sport.de\/c\/wp-content\/uploads\/2026\/04\/dm-vize_u16-schweriner-sc_team_c_a-wiesner.webp",1200,900,false],"thumbnail":["https:\/\/mv-sport.de\/c\/wp-content\/uploads\/2026\/04\/dm-vize_u16-schweriner-sc_team_c_a-wiesner-150x150.webp",150,150,true],"medium":["https:\/\/mv-sport.de\/c\/wp-content\/uploads\/2026\/04\/dm-vize_u16-schweriner-sc_team_c_a-wiesner-600x600.webp",350,350,true],"medium_large":["https:\/\/mv-sport.de\/c\/wp-content\/uploads\/2026\/04\/dm-vize_u16-schweriner-sc_team_c_a-wiesner.webp",768,576,false],"large":["https:\/\/mv-sport.de\/c\/wp-content\/uploads\/2026\/04\/dm-vize_u16-schweriner-sc_team_c_a-wiesner.webp",1024,768,false],"1536x1536":["https:\/\/mv-sport.de\/c\/wp-content\/uploads\/2026\/04\/dm-vize_u16-schweriner-sc_team_c_a-wiesner.webp",1200,900,false],"2048x2048":["https:\/\/mv-sport.de\/c\/wp-content\/uploads\/2026\/04\/dm-vize_u16-schweriner-sc_team_c_a-wiesner.webp",1200,900,false],"ultp_layout_landscape_large":["https:\/\/mv-sport.de\/c\/wp-content\/uploads\/2026\/04\/dm-vize_u16-schweriner-sc_team_c_a-wiesner.webp",1067,800,false],"ultp_layout_landscape":["https:\/\/mv-sport.de\/c\/wp-content\/uploads\/2026\/04\/dm-vize_u16-schweriner-sc_team_c_a-wiesner.webp",760,570,false],"ultp_layout_portrait":["https:\/\/mv-sport.de\/c\/wp-content\/uploads\/2026\/04\/dm-vize_u16-schweriner-sc_team_c_a-wiesner.webp",600,450,false],"ultp_layout_square":["https:\/\/mv-sport.de\/c\/wp-content\/uploads\/2026\/04\/dm-vize_u16-schweriner-sc_team_c_a-wiesner.webp",600,450,false]},"uagb_author_info":{"display_name":"MV-Sport.de","author_link":"https:\/\/mv-sport.de\/c\/author\/mv-sport-de\/"},"uagb_comment_info":0,"uagb_excerpt":"Wiesbaden &#8211; Die U16-Volleyballerinnen des Schweriner SC haben bei der Deutschen Meisterschaft 2026 die Silbermedaille gewonnen. Nach einem starken Turnierverlauf musste sich der Titelverteidiger im Finale lediglich dem ASV Dachau geschlagen geben. Bereits in der Vorrunde unterstrichen die Schwerinerinnen ihre Ambitionen. Mit klaren 2:0-Erfolgen gegen das SWE Volley-Team (25:17, 25:10) und den TV Rottenburg (25:18,&hellip;","_links":{"self":[{"href":"https:\/\/mv-sport.de\/c\/wp-json\/wp\/v2\/posts\/517226","targetHints":{"allow":["GET"]}}],"collection":[{"href":"https:\/\/mv-sport.de\/c\/wp-json\/wp\/v2\/posts"}],"about":[{"href":"https:\/\/mv-sport.de\/c\/wp-json\/wp\/v2\/types\/post"}],"author":[{"embeddable":true,"href":"https:\/\/mv-sport.de\/c\/wp-json\/wp\/v2\/users\/2"}],"replies":[{"embeddable":true,"href":"https:\/\/mv-sport.de\/c\/wp-json\/wp\/v2\/comments?post=517226"}],"version-history":[{"count":1,"href":"https:\/\/mv-sport.de\/c\/wp-json\/wp\/v2\/posts\/517226\/revisions"}],"predecessor-version":[{"id":517290,"href":"https:\/\/mv-sport.de\/c\/wp-json\/wp\/v2\/posts\/517226\/revisions\/517290"}],"wp:featuredmedia":[{"embeddable":true,"href":"https:\/\/mv-sport.de\/c\/wp-json\/wp\/v2\/media\/517255"}],"wp:attachment":[{"href":"https:\/\/mv-sport.de\/c\/wp-json\/wp\/v2\/media?parent=517226"}],"wp:term":[{"taxonomy":"category","embeddable":true,"href":"https:\/\/mv-sport.de\/c\/wp-json\/wp\/v2\/categories?post=517226"},{"taxonomy":"post_tag","embeddable":true,"href":"https:\/\/mv-sport.de\/c\/wp-json\/wp\/v2\/tags?post=517226"},{"taxonomy":"ort","embeddable":true,"href":"https:\/\/mv-sport.de\/c\/wp-json\/wp\/v2\/ort?post=517226"}],"curies":[{"name":"wp","href":"https:\/\/api.w.org\/{rel}","templated":true}]}}