{"id":517295,"date":"2026-04-27T10:58:00","date_gmt":"2026-04-27T08:58:00","guid":{"rendered":"https:\/\/mv-sport.de\/c\/?p=517295"},"modified":"2026-04-27T12:01:31","modified_gmt":"2026-04-27T10:01:31","slug":"kuestenwaldlauf-in-warnemuende-laage-laeuft-mit","status":"publish","type":"post","link":"https:\/\/mv-sport.de\/c\/kuestenwaldlauf-in-warnemuende-laage-laeuft-mit\/","title":{"rendered":"K\u00fcstenwaldlauf in Warnem\u00fcnde &#8211; Laage l\u00e4uft mit"},"content":{"rendered":"\n<p>Der 43. K\u00fcstenwaldlauf im Ostseebad Warnem\u00fcnde war auch in diesem Jahr eine Station des Laufcups und des Nachwuchslaufcups in Mecklenburg-Vorpommern, und die Gastgeber vom SV Warnem\u00fcnde hatten wieder einiges auf die Beine gestellt.<\/p>\n\n\n\n<p>Kalter Wind und einstellige Temperaturen begr\u00fc\u00dften die vierzig Laager Ausdauersportler an der schicken Sportanlage in Warnem\u00fcnde. Dort war bis wenige Minuten vor dem Start das \u00fcbliche Anmeldeprozedere im Gange und p\u00fcnktlich, um 10:00 Uhr, wurden die Kinder und Jugendlichen auf ihre Laufcupstrecke \u00fcber 3 Kilometer geschickt. Und immerhin 230 Sportlerinnen und Sportler stellten sich dieser Herausforderung. Alle M\u00e4dchen und Jungen machten ihre Sache richtig gut. Herauszuheben sind dabei, aus der Sicht der \u00dcbungsleiter des Sportclubs Laage, der 2. Rang von Greta Piwko in der Klasse der unter 12-j\u00e4hrigen M\u00e4dchen nach 12:09 Minuten. Genauso stark ist auch der 3. Rang von Lara Gaevert in der Klasse der unter 10-j\u00e4hrigen M\u00e4dchen nach 15:36 Minuten zu bewerten. Die Sch\u00fclerin lief ihren ersten Wettkampf und machte das, nicht nur f\u00fcr ihren vor Ort befindlichen Vater, sehr beeindruckend.<\/p>\n\n\n\n<p>Nachdem der letzte L\u00e4ufer des 3 Kilometer Laufes im Ziel angekommen war, schickte traditionell die Schiffsglocke immerhin 318 L\u00e4uferinnen und L\u00e4ufer im Hauptlauf auf die Strecke. Die Frauen und M\u00e4nner des SC Laage im Starterfeld des 10 Kilometerlaufes nutzten die Gelegenheit und sammelten flei\u00dfig Punkte. Indes weilten mehr als 30 Laager Vereinskameradinnen und -kameraden in Hamburg, um sich Wettk\u00e4mpfen \u00fcber die Halb- oder Marathondistanz zu stellen.<\/p>\n\n\n\n<p><em>ast<\/em><\/p>\n","protected":false},"excerpt":{"rendered":"<p>Der 43. K\u00fcstenwaldlauf im Ostseebad Warnem\u00fcnde war auch in diesem Jahr eine Station des Laufcups und des Nachwuchslaufcups in Mecklenburg-Vorpommern, und die Gastgeber vom SV Warnem\u00fcnde hatten wieder einiges auf die Beine gestellt. Kalter Wind und einstellige Temperaturen begr\u00fc\u00dften die vierzig Laager Ausdauersportler an der schicken Sportanlage in Warnem\u00fcnde. Dort war bis wenige Minuten vor [&hellip;]<\/p>\n","protected":false},"author":7,"featured_media":517297,"comment_status":"closed","ping_status":"closed","sticky":false,"template":"","format":"standard","meta":{"_seopress_robots_primary_cat":"none","_seopress_titles_title":"","_seopress_titles_desc":"","_seopress_robots_index":"","_relevanssi_hide_post":"","_relevanssi_hide_content":"","_relevanssi_pin_for_all":"","_relevanssi_pin_keywords":"","_relevanssi_unpin_keywords":"","_relevanssi_related_keywords":"","_relevanssi_related_include_ids":"","_relevanssi_related_exclude_ids":"","_relevanssi_related_no_append":"","_relevanssi_related_not_related":"","_relevanssi_related_posts":"","_relevanssi_noindex_reason":"","_uag_custom_page_level_css":"","footnotes":""},"categories":[47],"tags":[3882,3687,3745],"ort":[1373,1939],"class_list":{"0":"post-517295","1":"post","2":"type-post","3":"status-publish","4":"format-standard","5":"has-post-thumbnail","7":"category-laufsport","8":"tag-kuestenwaldlauf","9":"tag-laufcup","10":"tag-sc-laage","11":"ort-laage","12":"ort-warnemuende"},"featured_image_urls":{"medium":"https:\/\/mv-sport.de\/c\/wp-content\/uploads\/2026\/04\/start-10-km-kuestenwaldlauf_team-sc-laage_c_verein-600x600.webp","medium_large":"https:\/\/mv-sport.de\/c\/wp-content\/uploads\/2026\/04\/start-10-km-kuestenwaldlauf_team-sc-laage_c_verein.webp","large":"https:\/\/mv-sport.de\/c\/wp-content\/uploads\/2026\/04\/start-10-km-kuestenwaldlauf_team-sc-laage_c_verein.webp","full":"https:\/\/mv-sport.de\/c\/wp-content\/uploads\/2026\/04\/start-10-km-kuestenwaldlauf_team-sc-laage_c_verein.webp","alt":"","caption":"Laager Sportler vor dem Start des 10 km Rennens. (Foto: SC Laage)"},"spectra_custom_meta":{"betterlinks_is_disable_auto_keyword":[""],"_wpv_contains_gutenberg_views":[""],"_edit_lock":["1777284131:2"],"__post_views_count":["26"],"_thumbnail_id":["517297"],"_edit_last":["2"],"_seopress_robots_primary_cat":["none"],"_seopress_redirections_type":["301"],"_seopress_redirections_logged_status":["both"],"__builder_feature_video":[""],"__builder_feature_caption":[""],"ATKP_product":["0"],"ATKP_list":["0"],"_uag_page_assets":["a:9:{s:3:\"css\";s:7010:\".uagb-block-88f5875d.wp-block-uagb-image--layout-default figure img{box-shadow: 0px 0px 0 #00000070;}.uagb-block-88f5875d.wp-block-uagb-image .wp-block-uagb-image__figure figcaption{font-style: normal;align-self: center;}.uagb-block-88f5875d.wp-block-uagb-image--layout-overlay figure img{box-shadow: 0px 0px 0 #00000070;}.uagb-block-88f5875d.wp-block-uagb-image--layout-overlay .wp-block-uagb-image--layout-overlay__color-wrapper{opacity: 0.2;}.uagb-block-88f5875d.wp-block-uagb-image--layout-overlay .wp-block-uagb-image--layout-overlay__inner{left: 15px;right: 15px;top: 15px;bottom: 15px;}.uagb-block-88f5875d.wp-block-uagb-image--layout-overlay .wp-block-uagb-image--layout-overlay__inner .uagb-image-heading{font-style: normal;color: #fff;opacity: 1;}.uagb-block-88f5875d.wp-block-uagb-image--layout-overlay .wp-block-uagb-image--layout-overlay__inner .uagb-image-heading a{color: #fff;}.uagb-block-88f5875d.wp-block-uagb-image--layout-overlay .wp-block-uagb-image--layout-overlay__inner .uagb-image-caption{opacity: 0;}.uagb-block-88f5875d.wp-block-uagb-image--layout-overlay .wp-block-uagb-image__figure:hover .wp-block-uagb-image--layout-overlay__color-wrapper{opacity: 1;}.uagb-block-88f5875d.wp-block-uagb-image .wp-block-uagb-image--layout-overlay__inner .uagb-image-separator{width: 30%;border-top-width: 2px;border-top-color: #fff;opacity: 0;}.uagb-block-88f5875d.wp-block-uagb-image .wp-block-uagb-image__figure img{width: 297px;height: auto;}.uagb-block-88f5875d.wp-block-uagb-image .wp-block-uagb-image__figure:hover .wp-block-uagb-image--layout-overlay__inner .uagb-image-caption{opacity: 1;}.uagb-block-88f5875d.wp-block-uagb-image .wp-block-uagb-image__figure:hover .wp-block-uagb-image--layout-overlay__inner .uagb-image-separator{opacity: 1;}.uagb-block-88f5875d.wp-block-uagb-image--layout-default figure:hover img{box-shadow: 0px 0px 0 #00000070;}.uagb-block-88f5875d.wp-block-uagb-image--layout-overlay figure:hover img{box-shadow: 0px 0px 0 #00000070;}@media only screen and (max-width: 976px) {.uagb-block-88f5875d.wp-block-uagb-image .wp-block-uagb-image__figure img{width: 297px;height: auto;}}@media only screen and (max-width: 767px) {.uagb-block-88f5875d.wp-block-uagb-image .wp-block-uagb-image__figure img{width: 297px;height: auto;}}.uagb-block-b6c54374.wp-block-uagb-image{margin-top: 0px;margin-right: 0px;margin-bottom: 0px;margin-left: 0px;}.uagb-block-b6c54374.wp-block-uagb-image--layout-default figure img{box-shadow: 0px 0px 0 #00000070;}.uagb-block-b6c54374.wp-block-uagb-image .wp-block-uagb-image__figure figcaption{font-style: normal;align-self: center;}.uagb-block-b6c54374.wp-block-uagb-image--layout-overlay figure img{box-shadow: 0px 0px 0 #00000070;}.uagb-block-b6c54374.wp-block-uagb-image--layout-overlay .wp-block-uagb-image--layout-overlay__color-wrapper{opacity: 0.2;}.uagb-block-b6c54374.wp-block-uagb-image--layout-overlay .wp-block-uagb-image--layout-overlay__inner{left: 15px;right: 15px;top: 15px;bottom: 15px;}.uagb-block-b6c54374.wp-block-uagb-image--layout-overlay .wp-block-uagb-image--layout-overlay__inner .uagb-image-heading{font-style: normal;color: #fff;opacity: 1;}.uagb-block-b6c54374.wp-block-uagb-image--layout-overlay .wp-block-uagb-image--layout-overlay__inner .uagb-image-heading a{color: #fff;}.uagb-block-b6c54374.wp-block-uagb-image--layout-overlay .wp-block-uagb-image--layout-overlay__inner .uagb-image-caption{opacity: 0;}.uagb-block-b6c54374.wp-block-uagb-image--layout-overlay .wp-block-uagb-image__figure:hover .wp-block-uagb-image--layout-overlay__color-wrapper{opacity: 1;}.uagb-block-b6c54374.wp-block-uagb-image .wp-block-uagb-image--layout-overlay__inner .uagb-image-separator{width: 30%;border-top-width: 2px;border-top-color: #fff;opacity: 0;}.uagb-block-b6c54374.wp-block-uagb-image .wp-block-uagb-image__figure img{width: px;height: auto;}.uagb-block-b6c54374.wp-block-uagb-image .wp-block-uagb-image__figure:hover .wp-block-uagb-image--layout-overlay__inner .uagb-image-caption{opacity: 1;}.uagb-block-b6c54374.wp-block-uagb-image .wp-block-uagb-image__figure:hover .wp-block-uagb-image--layout-overlay__inner .uagb-image-separator{opacity: 1;}.uagb-block-b6c54374.wp-block-uagb-image--layout-default figure:hover img{box-shadow: 0px 0px 0 #00000070;}.uagb-block-b6c54374.wp-block-uagb-image--layout-overlay figure:hover img{box-shadow: 0px 0px 0 #00000070;}@media only screen and (max-width: 976px) {.uagb-block-b6c54374.wp-block-uagb-image .wp-block-uagb-image__figure img{width: px;height: auto;}}@media only screen and (max-width: 767px) {.uagb-block-b6c54374.wp-block-uagb-image .wp-block-uagb-image__figure img{width: px;height: auto;}}.uagb-block-2bdcf70c.wp-block-uagb-image{margin-top: 0px;margin-right: 0px;margin-bottom: 0px;margin-left: 0px;}.uagb-block-2bdcf70c.wp-block-uagb-image--layout-default figure img{box-shadow: 0px 0px 0 #00000070;}.uagb-block-2bdcf70c.wp-block-uagb-image .wp-block-uagb-image__figure figcaption{font-style: normal;align-self: center;}.uagb-block-2bdcf70c.wp-block-uagb-image--layout-overlay figure img{box-shadow: 0px 0px 0 #00000070;}.uagb-block-2bdcf70c.wp-block-uagb-image--layout-overlay .wp-block-uagb-image--layout-overlay__color-wrapper{opacity: 0.2;}.uagb-block-2bdcf70c.wp-block-uagb-image--layout-overlay .wp-block-uagb-image--layout-overlay__inner{left: 15px;right: 15px;top: 15px;bottom: 15px;}.uagb-block-2bdcf70c.wp-block-uagb-image--layout-overlay .wp-block-uagb-image--layout-overlay__inner .uagb-image-heading{font-style: normal;color: #fff;opacity: 1;}.uagb-block-2bdcf70c.wp-block-uagb-image--layout-overlay .wp-block-uagb-image--layout-overlay__inner .uagb-image-heading a{color: #fff;}.uagb-block-2bdcf70c.wp-block-uagb-image--layout-overlay .wp-block-uagb-image--layout-overlay__inner .uagb-image-caption{opacity: 0;}.uagb-block-2bdcf70c.wp-block-uagb-image--layout-overlay .wp-block-uagb-image__figure:hover .wp-block-uagb-image--layout-overlay__color-wrapper{opacity: 1;}.uagb-block-2bdcf70c.wp-block-uagb-image .wp-block-uagb-image--layout-overlay__inner .uagb-image-separator{width: 30%;border-top-width: 2px;border-top-color: #fff;opacity: 0;}.uagb-block-2bdcf70c.wp-block-uagb-image .wp-block-uagb-image__figure img{width: px;height: auto;}.uagb-block-2bdcf70c.wp-block-uagb-image .wp-block-uagb-image__figure:hover .wp-block-uagb-image--layout-overlay__inner .uagb-image-caption{opacity: 1;}.uagb-block-2bdcf70c.wp-block-uagb-image .wp-block-uagb-image__figure:hover .wp-block-uagb-image--layout-overlay__inner .uagb-image-separator{opacity: 1;}.uagb-block-2bdcf70c.wp-block-uagb-image--layout-default figure:hover img{box-shadow: 0px 0px 0 #00000070;}.uagb-block-2bdcf70c.wp-block-uagb-image--layout-overlay figure:hover img{box-shadow: 0px 0px 0 #00000070;}@media only screen and (max-width: 976px) {.uagb-block-2bdcf70c.wp-block-uagb-image .wp-block-uagb-image__figure img{width: px;height: auto;}}@media only screen and (max-width: 767px) {.uagb-block-2bdcf70c.wp-block-uagb-image .wp-block-uagb-image__figure img{width: px;height: auto;}}\";s:2:\"js\";s:0:\"\";s:18:\"current_block_list\";a:28:{i:0;s:10:\"core\/group\";i:2;s:24:\"core\/post-featured-image\";i:3;s:15:\"core\/post-title\";i:5;s:14:\"core\/post-date\";i:6;s:16:\"core\/post-author\";i:7;s:15:\"core\/post-terms\";i:8;s:17:\"core\/post-content\";i:9;s:14:\"core\/separator\";i:10;s:13:\"core\/comments\";i:11;s:19:\"core\/comments-title\";i:12;s:21:\"core\/comment-template\";i:15;s:11:\"core\/avatar\";i:16;s:24:\"core\/comment-author-name\";i:17;s:17:\"core\/comment-date\";i:18;s:20:\"core\/comment-content\";i:19;s:23:\"core\/comment-reply-link\";i:20;s:24:\"core\/comments-pagination\";i:21;s:33:\"core\/comments-pagination-previous\";i:22;s:32:\"core\/comments-pagination-numbers\";i:23;s:29:\"core\/comments-pagination-next\";i:24;s:23:\"core\/post-comments-form\";i:25;s:14:\"core\/paragraph\";i:26;s:14:\"core\/tag-cloud\";i:27;s:12:\"core\/heading\";i:28;s:12:\"core\/buttons\";i:29;s:11:\"core\/button\";i:30;s:10:\"uagb\/image\";i:31;s:10:\"core\/image\";}s:8:\"uag_flag\";b:1;s:11:\"uag_version\";s:10:\"1777371157\";s:6:\"gfonts\";a:0:{}s:10:\"gfonts_url\";s:0:\"\";s:12:\"gfonts_files\";a:0:{}s:14:\"uag_faq_layout\";b:0;}"]},"uagb_featured_image_src":{"full":["https:\/\/mv-sport.de\/c\/wp-content\/uploads\/2026\/04\/start-10-km-kuestenwaldlauf_team-sc-laage_c_verein.webp",1200,866,false],"thumbnail":["https:\/\/mv-sport.de\/c\/wp-content\/uploads\/2026\/04\/start-10-km-kuestenwaldlauf_team-sc-laage_c_verein-150x150.webp",150,150,true],"medium":["https:\/\/mv-sport.de\/c\/wp-content\/uploads\/2026\/04\/start-10-km-kuestenwaldlauf_team-sc-laage_c_verein-600x600.webp",350,350,true],"medium_large":["https:\/\/mv-sport.de\/c\/wp-content\/uploads\/2026\/04\/start-10-km-kuestenwaldlauf_team-sc-laage_c_verein.webp",768,554,false],"large":["https:\/\/mv-sport.de\/c\/wp-content\/uploads\/2026\/04\/start-10-km-kuestenwaldlauf_team-sc-laage_c_verein.webp",1024,739,false],"1536x1536":["https:\/\/mv-sport.de\/c\/wp-content\/uploads\/2026\/04\/start-10-km-kuestenwaldlauf_team-sc-laage_c_verein.webp",1200,866,false],"2048x2048":["https:\/\/mv-sport.de\/c\/wp-content\/uploads\/2026\/04\/start-10-km-kuestenwaldlauf_team-sc-laage_c_verein.webp",1200,866,false],"ultp_layout_landscape_large":["https:\/\/mv-sport.de\/c\/wp-content\/uploads\/2026\/04\/start-10-km-kuestenwaldlauf_team-sc-laage_c_verein.webp",1109,800,false],"ultp_layout_landscape":["https:\/\/mv-sport.de\/c\/wp-content\/uploads\/2026\/04\/start-10-km-kuestenwaldlauf_team-sc-laage_c_verein.webp",790,570,false],"ultp_layout_portrait":["https:\/\/mv-sport.de\/c\/wp-content\/uploads\/2026\/04\/start-10-km-kuestenwaldlauf_team-sc-laage_c_verein.webp",600,433,false],"ultp_layout_square":["https:\/\/mv-sport.de\/c\/wp-content\/uploads\/2026\/04\/start-10-km-kuestenwaldlauf_team-sc-laage_c_verein.webp",600,433,false]},"uagb_author_info":{"display_name":"Sportclub Laage e.V.","author_link":"https:\/\/mv-sport.de\/c\/author\/sportclub-laage-e-v\/"},"uagb_comment_info":0,"uagb_excerpt":"Der 43. K\u00fcstenwaldlauf im Ostseebad Warnem\u00fcnde war auch in diesem Jahr eine Station des Laufcups und des Nachwuchslaufcups in Mecklenburg-Vorpommern, und die Gastgeber vom SV Warnem\u00fcnde hatten wieder einiges auf die Beine gestellt. Kalter Wind und einstellige Temperaturen begr\u00fc\u00dften die vierzig Laager Ausdauersportler an der schicken Sportanlage in Warnem\u00fcnde. Dort war bis wenige Minuten vor&hellip;","_links":{"self":[{"href":"https:\/\/mv-sport.de\/c\/wp-json\/wp\/v2\/posts\/517295","targetHints":{"allow":["GET"]}}],"collection":[{"href":"https:\/\/mv-sport.de\/c\/wp-json\/wp\/v2\/posts"}],"about":[{"href":"https:\/\/mv-sport.de\/c\/wp-json\/wp\/v2\/types\/post"}],"author":[{"embeddable":true,"href":"https:\/\/mv-sport.de\/c\/wp-json\/wp\/v2\/users\/7"}],"replies":[{"embeddable":true,"href":"https:\/\/mv-sport.de\/c\/wp-json\/wp\/v2\/comments?post=517295"}],"version-history":[{"count":1,"href":"https:\/\/mv-sport.de\/c\/wp-json\/wp\/v2\/posts\/517295\/revisions"}],"predecessor-version":[{"id":517298,"href":"https:\/\/mv-sport.de\/c\/wp-json\/wp\/v2\/posts\/517295\/revisions\/517298"}],"wp:featuredmedia":[{"embeddable":true,"href":"https:\/\/mv-sport.de\/c\/wp-json\/wp\/v2\/media\/517297"}],"wp:attachment":[{"href":"https:\/\/mv-sport.de\/c\/wp-json\/wp\/v2\/media?parent=517295"}],"wp:term":[{"taxonomy":"category","embeddable":true,"href":"https:\/\/mv-sport.de\/c\/wp-json\/wp\/v2\/categories?post=517295"},{"taxonomy":"post_tag","embeddable":true,"href":"https:\/\/mv-sport.de\/c\/wp-json\/wp\/v2\/tags?post=517295"},{"taxonomy":"ort","embeddable":true,"href":"https:\/\/mv-sport.de\/c\/wp-json\/wp\/v2\/ort?post=517295"}],"curies":[{"name":"wp","href":"https:\/\/api.w.org\/{rel}","templated":true}]}}