{"id":520092,"date":"2026-04-30T14:58:00","date_gmt":"2026-04-30T12:58:00","guid":{"rendered":"https:\/\/mv-sport.de\/c\/?p=520092"},"modified":"2026-04-30T11:56:33","modified_gmt":"2026-04-30T09:56:33","slug":"aussenangreiferin-lauren-rumel-wechselt-zum-schweriner-rekordmeister","status":"publish","type":"post","link":"https:\/\/mv-sport.de\/c\/aussenangreiferin-lauren-rumel-wechselt-zum-schweriner-rekordmeister\/","title":{"rendered":"Au\u00dfenangreiferin Lauren Rumel wechselt zum Schweriner Rekordmeister"},"content":{"rendered":"\n<h2 class=\"wp-block-heading\">Amerikanische College-Volleyballerin verst\u00e4rkt SSC Palmberg Schwerin<\/h2>\n\n\n\n<p>Der SSC Palmberg Schwerin treibt seine Kaderplanung f\u00fcr die kommende Saison weiter voran und pr\u00e4sentiert den n\u00e4chsten Neuzugang: Mit Lauren Rumel verst\u00e4rkt eine talentierte US-Amerikanerin die Au\u00dfen-Annahme-Position. Die 2003 geborene Angreiferin wechselt direkt vom College nach Schwerin und unterschreibt damit ihren ersten Profivertrag.<\/p>\n\n\n\n<p>Lauren Rumel (geb. 25. November 2003, Tucson, Arizona) wechselt mit starken Leistungen aus dem US-College-Volleyball nach Mecklenburg-Vorpommern. In ihrer Senior-Saison 2025 wurde sie ins AVCA First Team All-Region und ins First Team All-WCC gew\u00e4hlt und auch f\u00fcr ihre akademischen Leistungen ausgezeichnet. Sportlich geh\u00f6rte sie mit 383 Punkten in 28 Spielen zu den Top-Spielerinnen der Liga und \u00fcberzeugte durch Konstanz sowie St\u00e4rke in Angriff und Annahme. International gewann sie 2025 mit der US-U23-Nationalmannschaft Gold bei den NORCECA Championships und sammelte zudem Erfahrung beim Nationalteam-Lehrgang. Cheftrainer Felix Koslowski freut sich auf die Neuverpflichtung: \u201eLauren ist eine sehr komplette Spielerin, was Angriff und Annahme angeht. Sie wechselt direkt vom College zu uns, hat aber auch schon Erfahrung mit der U23-Nationalmannschaft gesammelt. Sie wird eine wichtige Rolle neben Anne und Jet spielen.\u201c<\/p>\n\n\n\n<p>Mit der Verpflichtung von Lauren Rumel gewinnt der SSC Palmberg Schwerin eine vielseitige Au\u00dfenangreiferin mit gro\u00dfem Entwicklungspotenzial, die dem Team sowohl Stabilit\u00e4t in der Annahme als auch Durchschlagskraft im Angriff verleihen soll. Rumel selbst freut sich sehr auf den Schritt ins Ausland: \u201eIch bin sehr begeistert, ein Teil von Schwerin zu werden. Als jemand, dem eine starke und unterst\u00fctzende Teamkultur sehr wichtig ist, freue ich mich darauf, die Spielerinnen und das Trainerteam kennenzulernen und das Beste aus der kommenden Saison herauszuholen. Ich kann es kaum erwarten, auf professionellem Niveau zu spielen, und f\u00fchle mich geehrt, diese M\u00f6glichkeit zu bekommen. Ich freue mich au\u00dferdem darauf, ein Land zu erleben, in dem ich noch nie zuvor war, und vor einer so enthusiastischen Fangemeinschaft zu spielen.\u201c<\/p>\n\n\n\n<p><strong>Aktueller Kader f\u00fcr die Saison 2026\/27<\/strong>: Finnja Frommann (Libera, GER, Jahrgang 2006), Marije ten Brinke (Mittelblock, NED, Jahrgang 2004), Suus Gerritsen (Mittelblock, NED, Jahrgang 2005), Anne H\u00f6lzig (Au\u00dfenangriff, GER, Jahrgang 1997), Hannah Kohn (Zuspiel, GER, Jahrgang 2003), Mia Kirchhoff (Diagonal, GER, Jahrgang 2004) Jet Kok (Au\u00dfenangriff, NED, Jahrgang 2004), Devyn Robinson (Diagonal, USA, Jahrgang 2002), Lauren Rumel (Au\u00dfenangriff, USA, Jahrgang 2003)<\/p>\n\n\n\n<p class=\"has-cyan-bluish-gray-color has-text-color has-link-color wp-elements-ea84bded4ede1d21cd9ec33234fa0b55\"><em>Text: Hanna Jehring (SSC Sport-Marketing)<\/em><\/p>\n","protected":false},"excerpt":{"rendered":"<p>Amerikanische College-Volleyballerin verst\u00e4rkt SSC Palmberg Schwerin Der SSC Palmberg Schwerin treibt seine Kaderplanung f\u00fcr die kommende Saison weiter voran und pr\u00e4sentiert den n\u00e4chsten Neuzugang: Mit Lauren Rumel verst\u00e4rkt eine talentierte US-Amerikanerin die Au\u00dfen-Annahme-Position. Die 2003 geborene Angreiferin wechselt direkt vom College nach Schwerin und unterschreibt damit ihren ersten Profivertrag. Lauren Rumel (geb. 25. November 2003, [&hellip;]<\/p>\n","protected":false},"author":2,"featured_media":520235,"comment_status":"closed","ping_status":"closed","sticky":false,"template":"","format":"standard","meta":{"_seopress_robots_primary_cat":"none","_seopress_titles_title":"","_seopress_titles_desc":"","_seopress_robots_index":"","_relevanssi_hide_post":"","_relevanssi_hide_content":"","_relevanssi_pin_for_all":"","_relevanssi_pin_keywords":"","_relevanssi_unpin_keywords":"","_relevanssi_related_keywords":"","_relevanssi_related_include_ids":"","_relevanssi_related_exclude_ids":"","_relevanssi_related_no_append":"","_relevanssi_related_not_related":"","_relevanssi_related_posts":"","_relevanssi_noindex_reason":"","_uag_custom_page_level_css":"","footnotes":""},"categories":[14],"tags":[532,526,475],"ort":[1684],"class_list":{"0":"post-520092","1":"post","2":"type-post","3":"status-publish","4":"format-standard","5":"has-post-thumbnail","7":"category-volleyball","8":"tag-bundesliga","9":"tag-spielervorstellung","10":"tag-ssc-palmberg-schwerin","11":"ort-schwerin"},"featured_image_urls":{"medium":"https:\/\/mv-sport.de\/c\/wp-content\/uploads\/2026\/04\/lauren-rumel_c_karl-maasdam-600x600.webp","medium_large":"https:\/\/mv-sport.de\/c\/wp-content\/uploads\/2026\/04\/lauren-rumel_c_karl-maasdam.webp","large":"https:\/\/mv-sport.de\/c\/wp-content\/uploads\/2026\/04\/lauren-rumel_c_karl-maasdam.webp","full":"https:\/\/mv-sport.de\/c\/wp-content\/uploads\/2026\/04\/lauren-rumel_c_karl-maasdam.webp","alt":"","caption":"Au\u00dfenangreiferin Lauren Rumel greift 2026\/27 f\u00fcr den SSC Palmberg Schwerin an. (Foto: &copy; Karl Maasdam)"},"spectra_custom_meta":{"betterlinks_is_disable_auto_keyword":[""],"_wpv_contains_gutenberg_views":[""],"_edit_lock":["1777551317:2"],"__post_views_count":["29"],"_thumbnail_id":["520235"],"_edit_last":["2"],"_seopress_robots_primary_cat":["none"],"_seopress_redirections_type":["301"],"_seopress_redirections_logged_status":["both"],"__builder_feature_video":[""],"__builder_feature_caption":[""],"ATKP_product":["0"],"ATKP_list":["0"]},"uagb_featured_image_src":{"full":["https:\/\/mv-sport.de\/c\/wp-content\/uploads\/2026\/04\/lauren-rumel_c_karl-maasdam.webp",1200,630,false],"thumbnail":["https:\/\/mv-sport.de\/c\/wp-content\/uploads\/2026\/04\/lauren-rumel_c_karl-maasdam-150x150.webp",150,150,true],"medium":["https:\/\/mv-sport.de\/c\/wp-content\/uploads\/2026\/04\/lauren-rumel_c_karl-maasdam-600x600.webp",350,350,true],"medium_large":["https:\/\/mv-sport.de\/c\/wp-content\/uploads\/2026\/04\/lauren-rumel_c_karl-maasdam.webp",768,403,false],"large":["https:\/\/mv-sport.de\/c\/wp-content\/uploads\/2026\/04\/lauren-rumel_c_karl-maasdam.webp",1024,538,false],"1536x1536":["https:\/\/mv-sport.de\/c\/wp-content\/uploads\/2026\/04\/lauren-rumel_c_karl-maasdam.webp",1200,630,false],"2048x2048":["https:\/\/mv-sport.de\/c\/wp-content\/uploads\/2026\/04\/lauren-rumel_c_karl-maasdam.webp",1200,630,false],"ultp_layout_landscape_large":["https:\/\/mv-sport.de\/c\/wp-content\/uploads\/2026\/04\/lauren-rumel_c_karl-maasdam.webp",1200,630,false],"ultp_layout_landscape":["https:\/\/mv-sport.de\/c\/wp-content\/uploads\/2026\/04\/lauren-rumel_c_karl-maasdam.webp",870,457,false],"ultp_layout_portrait":["https:\/\/mv-sport.de\/c\/wp-content\/uploads\/2026\/04\/lauren-rumel_c_karl-maasdam.webp",600,315,false],"ultp_layout_square":["https:\/\/mv-sport.de\/c\/wp-content\/uploads\/2026\/04\/lauren-rumel_c_karl-maasdam.webp",600,315,false]},"uagb_author_info":{"display_name":"MV-Sport.de","author_link":"https:\/\/mv-sport.de\/c\/author\/mv-sport-de\/"},"uagb_comment_info":0,"uagb_excerpt":"Amerikanische College-Volleyballerin verst\u00e4rkt SSC Palmberg Schwerin Der SSC Palmberg Schwerin treibt seine Kaderplanung f\u00fcr die kommende Saison weiter voran und pr\u00e4sentiert den n\u00e4chsten Neuzugang: Mit Lauren Rumel verst\u00e4rkt eine talentierte US-Amerikanerin die Au\u00dfen-Annahme-Position. Die 2003 geborene Angreiferin wechselt direkt vom College nach Schwerin und unterschreibt damit ihren ersten Profivertrag. Lauren Rumel (geb. 25. November 2003,&hellip;","_links":{"self":[{"href":"https:\/\/mv-sport.de\/c\/wp-json\/wp\/v2\/posts\/520092","targetHints":{"allow":["GET"]}}],"collection":[{"href":"https:\/\/mv-sport.de\/c\/wp-json\/wp\/v2\/posts"}],"about":[{"href":"https:\/\/mv-sport.de\/c\/wp-json\/wp\/v2\/types\/post"}],"author":[{"embeddable":true,"href":"https:\/\/mv-sport.de\/c\/wp-json\/wp\/v2\/users\/2"}],"replies":[{"embeddable":true,"href":"https:\/\/mv-sport.de\/c\/wp-json\/wp\/v2\/comments?post=520092"}],"version-history":[{"count":1,"href":"https:\/\/mv-sport.de\/c\/wp-json\/wp\/v2\/posts\/520092\/revisions"}],"predecessor-version":[{"id":520237,"href":"https:\/\/mv-sport.de\/c\/wp-json\/wp\/v2\/posts\/520092\/revisions\/520237"}],"wp:featuredmedia":[{"embeddable":true,"href":"https:\/\/mv-sport.de\/c\/wp-json\/wp\/v2\/media\/520235"}],"wp:attachment":[{"href":"https:\/\/mv-sport.de\/c\/wp-json\/wp\/v2\/media?parent=520092"}],"wp:term":[{"taxonomy":"category","embeddable":true,"href":"https:\/\/mv-sport.de\/c\/wp-json\/wp\/v2\/categories?post=520092"},{"taxonomy":"post_tag","embeddable":true,"href":"https:\/\/mv-sport.de\/c\/wp-json\/wp\/v2\/tags?post=520092"},{"taxonomy":"ort","embeddable":true,"href":"https:\/\/mv-sport.de\/c\/wp-json\/wp\/v2\/ort?post=520092"}],"curies":[{"name":"wp","href":"https:\/\/api.w.org\/{rel}","templated":true}]}}