{"id":56266,"date":"2020-06-21T21:27:34","date_gmt":"2020-06-21T19:27:34","guid":{"rendered":"https:\/\/mv-sport.de\/?p=56266"},"modified":"2020-06-21T21:27:34","modified_gmt":"2020-06-21T19:27:34","slug":"trainingslauf-in-krakow-am-see","status":"publish","type":"post","link":"https:\/\/mv-sport.de\/c\/trainingslauf-in-krakow-am-see\/","title":{"rendered":"Trainingslauf in Krakow am See"},"content":{"rendered":"<p>Wie viele Veranstalter in unserem Land, so hatte sich auch das Team um Frank Eilrich seit mehreren\u00a0 Monaten auf die Umsetzung des 13. Krakower Mittsommernachtslauf \u00a0vorbereitet, aber in diesem Jahr durfte die Veranstaltung wegen der Corona-Krise nicht stattfinden. Nach nicht wenigen Gespr\u00e4chen und Abw\u00e4gungen entschloss sich der Krakower SV an diesem Tag und zur selben Zeit einen Trainingslauf f\u00fcr Interessierte anzubieten. Und obwohl das Wetter es mit dem engagierten Team \u00fcberhaupt nicht gut meinte, konnten die Organisatoren am Nachmittag des Veranstaltungstages mehr als 30 L\u00e4uferinnen und L\u00e4ufer begr\u00fc\u00dfen. Angeboten wurden den L\u00e4uferinnen und L\u00e4ufern ein 5 Kilometer langer Rundkurs, der ein-oder zweimal absolviert werden konnte. Die Laufstrecke war dabei durchaus attraktiv.Nach dem Start an der Seepromenade liefen die Teilnehmer vorbei an den Sportanlagen der Stadt auf die Halbinsel Lehmwerder. Nach der Umrundung der Halbinsel ging es zur\u00fcck, vorbei am Aussichtsturm auf dem J\u00f6rnberg, in die Stadt zum Start-und Zielpunkt. Mit dem Aufbau des Anmeldezeltes verzogen sich dann auch die Regenwolken und direkt am Krakower See machte es sich die Lauffamilie gem\u00fctlich. Der Lauf selbst pr\u00e4sentierte Krakow von seiner sch\u00f6nsten Seite. Freundliche, zuwinkende Menschen, die wundersch\u00f6ne Natur, gut gelaunte Streckenposten und eine sehr gut pr\u00e4parierte Wettkampfstrecke machten einfach Freude und nachdem die letzten Aktiven, nach gut einer Stunde, die 10 Kilometer Distanz beendet hatten, trafen sich alle wieder im Meldebereich, um zu philosophieren und auch zu planen. W\u00e4hrend es f\u00fcr einige ein toller Ferienbeginn war, konnten die Ambitionierteren wieder einmal ein Wettkampfgef\u00fchl erleben, denn Frank Eilrich hatte es sich nicht nehmen lassen und hatte eine Stoppuhr mitlaufen lassen. Allerdings gab es keine Siegerehrung und damit waren alle an diesem Nachmittag Gewinner.<\/p>\n<p>SC Laage<\/p>\n<figure id=\"attachment_56267\" aria-describedby=\"caption-attachment-56267\" style=\"width: 859px\" class=\"wp-caption aligncenter\"><a href=\"https:\/\/mv-sport.de\/wp-content\/uploads\/2020\/06\/img-20200620-wa0019.jpg\"><img loading=\"lazy\" decoding=\"async\" class=\" wp-image-56267\" src=\"https:\/\/mv-sport.de\/wp-content\/uploads\/2020\/06\/img-20200620-wa0019-1024x576.jpg\" alt=\"\" width=\"859\" height=\"483\" \/><\/a><figcaption id=\"caption-attachment-56267\" class=\"wp-caption-text\">Das Foto zeigt Laager Ausdauersportler auf der Laufstrecke. Foto: Christine Boldt<\/figcaption><\/figure>\n","protected":false},"excerpt":{"rendered":"<p>Wie viele Veranstalter in unserem Land, so hatte sich auch das Team um Frank Eilrich seit mehreren\u00a0 Monaten auf die Umsetzung des 13. Krakower Mittsommernachtslauf \u00a0vorbereitet, aber in diesem Jahr durfte die Veranstaltung wegen der Corona-Krise nicht stattfinden. Nach nicht wenigen Gespr\u00e4chen und Abw\u00e4gungen entschloss sich der Krakower SV an diesem Tag und zur selben [&hellip;]<\/p>\n","protected":false},"author":7,"featured_media":56267,"comment_status":"open","ping_status":"open","sticky":false,"template":"","format":"standard","meta":{"_seopress_robots_primary_cat":"none","_seopress_titles_title":"","_seopress_titles_desc":"","_seopress_robots_index":"","_relevanssi_hide_post":"","_relevanssi_hide_content":"","_relevanssi_pin_for_all":"","_relevanssi_pin_keywords":"","_relevanssi_unpin_keywords":"","_relevanssi_related_keywords":"","_relevanssi_related_include_ids":"","_relevanssi_related_exclude_ids":"","_relevanssi_related_no_append":"","_relevanssi_related_not_related":"","_relevanssi_related_posts":"","_relevanssi_noindex_reason":"","_uag_custom_page_level_css":"","footnotes":""},"categories":[47],"tags":[],"ort":[],"class_list":{"0":"post-56266","1":"post","2":"type-post","3":"status-publish","4":"format-standard","5":"has-post-thumbnail","7":"category-laufsport"},"featured_image_urls":{"medium":"https:\/\/mv-sport.de\/c\/wp-content\/uploads\/2020\/06\/img-20200620-wa0019-600x600.jpg","medium_large":"https:\/\/mv-sport.de\/c\/wp-content\/uploads\/2020\/06\/img-20200620-wa0019.jpg","large":"https:\/\/mv-sport.de\/c\/wp-content\/uploads\/2020\/06\/img-20200620-wa0019-1400x788.jpg","full":"https:\/\/mv-sport.de\/c\/wp-content\/uploads\/2020\/06\/img-20200620-wa0019.jpg","alt":"","caption":"Das Foto zeigt Laager Ausdauersportler auf der Laufstrecke. Foto: Christine Boldt"},"spectra_custom_meta":{"uab_option":["yes"],"uab_meta_position":["default"],"_extra_rating_average":["0"],"_seopress_analysis_data":["a:16:{s:5:\"title\";s:105:\"Trainingslauf in Krakow am See | MV-Sport.de - Sportvereine &amp; Sportnachrichten Mecklenburg-Vorpommern\";s:9:\"meta_desc\";s:351:\"Wie viele Veranstalter in unserem Land, so hatte sich auch das Team um Frank Eilrich seit mehreren\u00a0 Monaten auf die Umsetzung des 13. Krakower Mittsommernachtslauf \u00a0vorbereitet, aber in diesem Jahr durfte die Veranstaltung wegen der Corona-Krise nicht stattfinden. Nach nicht wenigen Gespr\u00e4chen und Abw\u00e4gungen entschloss sich der Krakower SV an\u2026\";s:8:\"og_title\";a:2:{s:5:\"count\";i:1;s:6:\"values\";a:1:{i:0;s:105:\"Trainingslauf in Krakow am See | MV-Sport.de - Sportvereine &amp; Sportnachrichten Mecklenburg-Vorpommern\";}}s:7:\"og_desc\";a:2:{s:5:\"count\";i:1;s:6:\"values\";a:1:{i:0;s:351:\"Wie viele Veranstalter in unserem Land, so hatte sich auch das Team um Frank Eilrich seit mehreren\u00a0 Monaten auf die Umsetzung des 13. Krakower Mittsommernachtslauf \u00a0vorbereitet, aber in diesem Jahr durfte die Veranstaltung wegen der Corona-Krise nicht stattfinden. Nach nicht wenigen Gespr\u00e4chen und Abw\u00e4gungen entschloss sich der Krakower SV an\u2026\";}}s:6:\"og_img\";a:2:{s:5:\"count\";i:1;s:6:\"values\";a:1:{i:0;s:70:\"https:\/\/mv-sport.de\/wp-content\/uploads\/2020\/06\/img-20200620-wa0019.jpg\";}}s:6:\"og_url\";a:3:{s:5:\"count\";i:1;s:6:\"values\";a:1:{i:0;s:50:\"https:\/\/mv-sport.de\/trainingslauf-in-krakow-am-see\";}s:4:\"host\";s:11:\"mv-sport.de\";}s:12:\"og_site_name\";a:2:{s:5:\"count\";i:1;s:6:\"values\";a:1:{i:0;s:72:\"MV-Sport.de - Sportvereine &amp; Sportnachrichten Mecklenburg-Vorpommern\";}}s:8:\"tw_title\";a:2:{s:5:\"count\";i:1;s:6:\"values\";a:1:{i:0;s:105:\"Trainingslauf in Krakow am See | MV-Sport.de - Sportvereine &amp; Sportnachrichten Mecklenburg-Vorpommern\";}}s:7:\"tw_desc\";a:2:{s:5:\"count\";i:1;s:6:\"values\";a:1:{i:0;s:351:\"Wie viele Veranstalter in unserem Land, so hatte sich auch das Team um Frank Eilrich seit mehreren\u00a0 Monaten auf die Umsetzung des 13. Krakower Mittsommernachtslauf \u00a0vorbereitet, aber in diesem Jahr durfte die Veranstaltung wegen der Corona-Krise nicht stattfinden. Nach nicht wenigen Gespr\u00e4chen und Abw\u00e4gungen entschloss sich der Krakower SV an\u2026\";}}s:6:\"tw_img\";a:2:{s:5:\"count\";i:2;s:6:\"values\";a:1:{i:0;s:79:\"https:\/\/mv-sport.de\/wp-content\/uploads\/2020\/06\/img-20200620-wa0019-1024x576.jpg\";}}s:9:\"canonical\";s:51:\"https:\/\/mv-sport.de\/trainingslauf-in-krakow-am-see\/\";s:3:\"img\";a:1:{s:6:\"images\";a:6:{i:0;s:79:\"https:\/\/mv-sport.de\/wp-content\/uploads\/2020\/06\/img-20200620-wa0019-1024x576.jpg\";i:1;s:59:\"https:\/\/mv-sport.de\/wp-content\/uploads\/2017\/06\/sc_laage.png\";i:2;s:77:\"https:\/\/mv-sport.de\/wp-content\/plugins\/sabai\/assets\/images\/no_image_small.png\";i:3;s:89:\"https:\/\/mv-sport.de\/wp-content\/sabai\/File\/thumbnails\/4fe32db2755061da498a3459d4573b77.jpg\";i:4;s:89:\"https:\/\/mv-sport.de\/wp-content\/sabai\/File\/thumbnails\/e14d3a70ee44d306c499273eb8e6f497.jpg\";i:5;s:61:\"https:\/\/mv-sport.de\/wp-content\/uploads\/2017\/05\/140x70px-3.gif\";}}s:11:\"meta_robots\";a:1:{i:0;a:1:{i:0;s:61:\"max-snippet:-1, max-image-preview:large, max-video-preview:-1\";}}s:13:\"words_counter\";i:280;s:20:\"words_counter_unique\";i:188;s:4:\"json\";a:2:{i:0;s:12:\"Organization\";i:1;s:14:\"BreadcrumbList\";}}"],"_edit_lock":["1593520688:7"],"_edit_last":["7"],"_thumbnail_id":["56267"],"xyz_fbap_future_to_publish":["a:3:{s:18:\"post_fb_permission\";i:1;s:18:\"xyz_fbap_po_method\";s:1:\"2\";s:16:\"xyz_fbap_message\";s:17:\"{POST_EXCERPT}...\";}"],"xyz_fbap":["1"],"xyz_fbap_insert_og":["1"],"post_views_count":["455"],"_seopress_titles_title":[""],"_seopress_titles_desc":[""],"_seopress_robots_canonical":[""],"_seopress_robots_primary_cat":["none"],"_seopress_robots_breadcrumbs":[""],"_seopress_social_fb_title":[""],"_seopress_social_fb_desc":[""],"_seopress_social_fb_img":[""],"_seopress_social_twitter_title":[""],"_seopress_social_twitter_desc":[""],"_seopress_social_twitter_img":[""],"_seopress_redirections_type":["301"],"_seopress_redirections_value":[""],"_post_review_box_title":["Rezension"],"_post_review_box_summary":[""],"_post_review_box_summary_title":["Zusammenfassung"],"_post_review_box_breakdowns_score":["0"],"_post_review_box_breakdowns_count":["1"],"_post_review_box_breakdowns":["a:1:{i:0;a:2:{s:5:\"title\";s:0:\"\";s:6:\"rating\";i:0;}}"],"_extra_sidebar_location":[""],"_extra_sidebar":[""],"wp_schema_pro_optimized_structured_data":["<!-- Schema optimized by Schema Pro --><script type=\"application\/ld+json\">{\"@context\":\"https:\/\/schema.org\",\"@type\":\"NewsArticle\",\"mainEntityOfPage\":{\"@type\":\"WebPage\",\"@id\":\"https:\/\/mv-sport.de\/trainingslauf-in-krakow-am-see\/\"},\"headline\":\"Trainingslauf in Krakow am See\",\"image\":{\"@type\":\"ImageObject\",\"url\":\"https:\/\/mv-sport.de\/wp-content\/uploads\/2020\/06\/img-20200620-wa0019.jpg\",\"width\":1600,\"height\":900},\"datePublished\":\"2020-06-21T21:27:34\",\"dateModified\":\"2020-06-21T21:27:34\",\"author\":{\"@type\":\"Person\",\"name\":\"Sportclub Laage e.V.\",\"url\":\"https:\/\/mv-sport.de\/author\/sportclub-laage-e-v\"},\"publisher\":{\"@type\":\"Organization\",\"name\":\"MV-Sport.de - Sportvereine &amp; Sportnachrichten Mecklenburg-Vorpommern\",\"logo\":{\"@type\":\"ImageObject\",\"url\":\"https:\/\/mv-sport.de\/wp-content\/uploads\/2017\/05\/logo-mv-sport-292x60.png\"}}}<\/script><!-- \/ Schema optimized by Schema Pro -->"],"__post_views_count":["644"],"astra_style_timestamp_css":["1757516122"],"_uag_css_file_name":["uag-css-56266.css"],"_uag_page_assets":["a:9:{s:3:\"css\";s:7010:\".uagb-block-88f5875d.wp-block-uagb-image--layout-default figure img{box-shadow: 0px 0px 0 #00000070;}.uagb-block-88f5875d.wp-block-uagb-image .wp-block-uagb-image__figure figcaption{font-style: normal;align-self: center;}.uagb-block-88f5875d.wp-block-uagb-image--layout-overlay figure img{box-shadow: 0px 0px 0 #00000070;}.uagb-block-88f5875d.wp-block-uagb-image--layout-overlay .wp-block-uagb-image--layout-overlay__color-wrapper{opacity: 0.2;}.uagb-block-88f5875d.wp-block-uagb-image--layout-overlay .wp-block-uagb-image--layout-overlay__inner{left: 15px;right: 15px;top: 15px;bottom: 15px;}.uagb-block-88f5875d.wp-block-uagb-image--layout-overlay .wp-block-uagb-image--layout-overlay__inner .uagb-image-heading{font-style: normal;color: #fff;opacity: 1;}.uagb-block-88f5875d.wp-block-uagb-image--layout-overlay .wp-block-uagb-image--layout-overlay__inner .uagb-image-heading a{color: #fff;}.uagb-block-88f5875d.wp-block-uagb-image--layout-overlay .wp-block-uagb-image--layout-overlay__inner .uagb-image-caption{opacity: 0;}.uagb-block-88f5875d.wp-block-uagb-image--layout-overlay .wp-block-uagb-image__figure:hover .wp-block-uagb-image--layout-overlay__color-wrapper{opacity: 1;}.uagb-block-88f5875d.wp-block-uagb-image .wp-block-uagb-image--layout-overlay__inner .uagb-image-separator{width: 30%;border-top-width: 2px;border-top-color: #fff;opacity: 0;}.uagb-block-88f5875d.wp-block-uagb-image .wp-block-uagb-image__figure img{width: 297px;height: auto;}.uagb-block-88f5875d.wp-block-uagb-image .wp-block-uagb-image__figure:hover .wp-block-uagb-image--layout-overlay__inner .uagb-image-caption{opacity: 1;}.uagb-block-88f5875d.wp-block-uagb-image .wp-block-uagb-image__figure:hover .wp-block-uagb-image--layout-overlay__inner .uagb-image-separator{opacity: 1;}.uagb-block-88f5875d.wp-block-uagb-image--layout-default figure:hover img{box-shadow: 0px 0px 0 #00000070;}.uagb-block-88f5875d.wp-block-uagb-image--layout-overlay figure:hover img{box-shadow: 0px 0px 0 #00000070;}@media only screen and (max-width: 976px) {.uagb-block-88f5875d.wp-block-uagb-image .wp-block-uagb-image__figure img{width: 297px;height: auto;}}@media only screen and (max-width: 767px) {.uagb-block-88f5875d.wp-block-uagb-image .wp-block-uagb-image__figure img{width: 297px;height: auto;}}.uagb-block-b6c54374.wp-block-uagb-image{margin-top: 0px;margin-right: 0px;margin-bottom: 0px;margin-left: 0px;}.uagb-block-b6c54374.wp-block-uagb-image--layout-default figure img{box-shadow: 0px 0px 0 #00000070;}.uagb-block-b6c54374.wp-block-uagb-image .wp-block-uagb-image__figure figcaption{font-style: normal;align-self: center;}.uagb-block-b6c54374.wp-block-uagb-image--layout-overlay figure img{box-shadow: 0px 0px 0 #00000070;}.uagb-block-b6c54374.wp-block-uagb-image--layout-overlay .wp-block-uagb-image--layout-overlay__color-wrapper{opacity: 0.2;}.uagb-block-b6c54374.wp-block-uagb-image--layout-overlay .wp-block-uagb-image--layout-overlay__inner{left: 15px;right: 15px;top: 15px;bottom: 15px;}.uagb-block-b6c54374.wp-block-uagb-image--layout-overlay .wp-block-uagb-image--layout-overlay__inner .uagb-image-heading{font-style: normal;color: #fff;opacity: 1;}.uagb-block-b6c54374.wp-block-uagb-image--layout-overlay .wp-block-uagb-image--layout-overlay__inner .uagb-image-heading a{color: #fff;}.uagb-block-b6c54374.wp-block-uagb-image--layout-overlay .wp-block-uagb-image--layout-overlay__inner .uagb-image-caption{opacity: 0;}.uagb-block-b6c54374.wp-block-uagb-image--layout-overlay .wp-block-uagb-image__figure:hover .wp-block-uagb-image--layout-overlay__color-wrapper{opacity: 1;}.uagb-block-b6c54374.wp-block-uagb-image .wp-block-uagb-image--layout-overlay__inner .uagb-image-separator{width: 30%;border-top-width: 2px;border-top-color: #fff;opacity: 0;}.uagb-block-b6c54374.wp-block-uagb-image .wp-block-uagb-image__figure img{width: px;height: auto;}.uagb-block-b6c54374.wp-block-uagb-image .wp-block-uagb-image__figure:hover .wp-block-uagb-image--layout-overlay__inner .uagb-image-caption{opacity: 1;}.uagb-block-b6c54374.wp-block-uagb-image .wp-block-uagb-image__figure:hover .wp-block-uagb-image--layout-overlay__inner .uagb-image-separator{opacity: 1;}.uagb-block-b6c54374.wp-block-uagb-image--layout-default figure:hover img{box-shadow: 0px 0px 0 #00000070;}.uagb-block-b6c54374.wp-block-uagb-image--layout-overlay figure:hover img{box-shadow: 0px 0px 0 #00000070;}@media only screen and (max-width: 976px) {.uagb-block-b6c54374.wp-block-uagb-image .wp-block-uagb-image__figure img{width: px;height: auto;}}@media only screen and (max-width: 767px) {.uagb-block-b6c54374.wp-block-uagb-image .wp-block-uagb-image__figure img{width: px;height: auto;}}.uagb-block-2bdcf70c.wp-block-uagb-image{margin-top: 0px;margin-right: 0px;margin-bottom: 0px;margin-left: 0px;}.uagb-block-2bdcf70c.wp-block-uagb-image--layout-default figure img{box-shadow: 0px 0px 0 #00000070;}.uagb-block-2bdcf70c.wp-block-uagb-image .wp-block-uagb-image__figure figcaption{font-style: normal;align-self: center;}.uagb-block-2bdcf70c.wp-block-uagb-image--layout-overlay figure img{box-shadow: 0px 0px 0 #00000070;}.uagb-block-2bdcf70c.wp-block-uagb-image--layout-overlay .wp-block-uagb-image--layout-overlay__color-wrapper{opacity: 0.2;}.uagb-block-2bdcf70c.wp-block-uagb-image--layout-overlay .wp-block-uagb-image--layout-overlay__inner{left: 15px;right: 15px;top: 15px;bottom: 15px;}.uagb-block-2bdcf70c.wp-block-uagb-image--layout-overlay .wp-block-uagb-image--layout-overlay__inner .uagb-image-heading{font-style: normal;color: #fff;opacity: 1;}.uagb-block-2bdcf70c.wp-block-uagb-image--layout-overlay .wp-block-uagb-image--layout-overlay__inner .uagb-image-heading a{color: #fff;}.uagb-block-2bdcf70c.wp-block-uagb-image--layout-overlay .wp-block-uagb-image--layout-overlay__inner .uagb-image-caption{opacity: 0;}.uagb-block-2bdcf70c.wp-block-uagb-image--layout-overlay .wp-block-uagb-image__figure:hover .wp-block-uagb-image--layout-overlay__color-wrapper{opacity: 1;}.uagb-block-2bdcf70c.wp-block-uagb-image .wp-block-uagb-image--layout-overlay__inner .uagb-image-separator{width: 30%;border-top-width: 2px;border-top-color: #fff;opacity: 0;}.uagb-block-2bdcf70c.wp-block-uagb-image .wp-block-uagb-image__figure img{width: px;height: auto;}.uagb-block-2bdcf70c.wp-block-uagb-image .wp-block-uagb-image__figure:hover .wp-block-uagb-image--layout-overlay__inner .uagb-image-caption{opacity: 1;}.uagb-block-2bdcf70c.wp-block-uagb-image .wp-block-uagb-image__figure:hover .wp-block-uagb-image--layout-overlay__inner .uagb-image-separator{opacity: 1;}.uagb-block-2bdcf70c.wp-block-uagb-image--layout-default figure:hover img{box-shadow: 0px 0px 0 #00000070;}.uagb-block-2bdcf70c.wp-block-uagb-image--layout-overlay figure:hover img{box-shadow: 0px 0px 0 #00000070;}@media only screen and (max-width: 976px) {.uagb-block-2bdcf70c.wp-block-uagb-image .wp-block-uagb-image__figure img{width: px;height: auto;}}@media only screen and (max-width: 767px) {.uagb-block-2bdcf70c.wp-block-uagb-image .wp-block-uagb-image__figure img{width: px;height: auto;}}\";s:2:\"js\";s:0:\"\";s:18:\"current_block_list\";a:28:{i:0;s:10:\"core\/group\";i:2;s:24:\"core\/post-featured-image\";i:3;s:15:\"core\/post-title\";i:5;s:14:\"core\/post-date\";i:6;s:16:\"core\/post-author\";i:7;s:15:\"core\/post-terms\";i:8;s:17:\"core\/post-content\";i:9;s:14:\"core\/separator\";i:10;s:13:\"core\/comments\";i:11;s:19:\"core\/comments-title\";i:12;s:21:\"core\/comment-template\";i:15;s:11:\"core\/avatar\";i:16;s:24:\"core\/comment-author-name\";i:17;s:17:\"core\/comment-date\";i:18;s:20:\"core\/comment-content\";i:19;s:23:\"core\/comment-reply-link\";i:20;s:24:\"core\/comments-pagination\";i:21;s:33:\"core\/comments-pagination-previous\";i:22;s:32:\"core\/comments-pagination-numbers\";i:23;s:29:\"core\/comments-pagination-next\";i:24;s:23:\"core\/post-comments-form\";i:25;s:14:\"core\/tag-cloud\";i:26;s:12:\"core\/heading\";i:27;s:14:\"core\/paragraph\";i:28;s:12:\"core\/buttons\";i:29;s:11:\"core\/button\";i:30;s:10:\"uagb\/image\";i:31;s:10:\"core\/image\";}s:8:\"uag_flag\";b:1;s:11:\"uag_version\";s:10:\"1777278217\";s:6:\"gfonts\";a:0:{}s:10:\"gfonts_url\";s:0:\"\";s:12:\"gfonts_files\";a:0:{}s:14:\"uag_faq_layout\";b:0;}"]},"uagb_featured_image_src":{"full":["https:\/\/mv-sport.de\/c\/wp-content\/uploads\/2020\/06\/img-20200620-wa0019.jpg",1600,900,false],"thumbnail":["https:\/\/mv-sport.de\/c\/wp-content\/uploads\/2020\/06\/img-20200620-wa0019-150x150.jpg",150,150,true],"medium":["https:\/\/mv-sport.de\/c\/wp-content\/uploads\/2020\/06\/img-20200620-wa0019-600x600.jpg",350,350,true],"medium_large":["https:\/\/mv-sport.de\/c\/wp-content\/uploads\/2020\/06\/img-20200620-wa0019.jpg",768,432,false],"large":["https:\/\/mv-sport.de\/c\/wp-content\/uploads\/2020\/06\/img-20200620-wa0019-1400x788.jpg",1024,576,true],"1536x1536":["https:\/\/mv-sport.de\/c\/wp-content\/uploads\/2020\/06\/img-20200620-wa0019.jpg",1536,864,false],"2048x2048":["https:\/\/mv-sport.de\/c\/wp-content\/uploads\/2020\/06\/img-20200620-wa0019.jpg",1600,900,false],"ultp_layout_landscape_large":["https:\/\/mv-sport.de\/c\/wp-content\/uploads\/2020\/06\/img-20200620-wa0019.jpg",1200,675,false],"ultp_layout_landscape":["https:\/\/mv-sport.de\/c\/wp-content\/uploads\/2020\/06\/img-20200620-wa0019.jpg",870,489,false],"ultp_layout_portrait":["https:\/\/mv-sport.de\/c\/wp-content\/uploads\/2020\/06\/img-20200620-wa0019.jpg",600,338,false],"ultp_layout_square":["https:\/\/mv-sport.de\/c\/wp-content\/uploads\/2020\/06\/img-20200620-wa0019.jpg",600,338,false]},"uagb_author_info":{"display_name":"Sportclub Laage e.V.","author_link":"https:\/\/mv-sport.de\/c\/author\/sportclub-laage-e-v\/"},"uagb_comment_info":0,"uagb_excerpt":"Wie viele Veranstalter in unserem Land, so hatte sich auch das Team um Frank Eilrich seit mehreren\u00a0 Monaten auf die Umsetzung des 13. Krakower Mittsommernachtslauf \u00a0vorbereitet, aber in diesem Jahr durfte die Veranstaltung wegen der Corona-Krise nicht stattfinden. Nach nicht wenigen Gespr\u00e4chen und Abw\u00e4gungen entschloss sich der Krakower SV an diesem Tag und zur selben&hellip;","_links":{"self":[{"href":"https:\/\/mv-sport.de\/c\/wp-json\/wp\/v2\/posts\/56266","targetHints":{"allow":["GET"]}}],"collection":[{"href":"https:\/\/mv-sport.de\/c\/wp-json\/wp\/v2\/posts"}],"about":[{"href":"https:\/\/mv-sport.de\/c\/wp-json\/wp\/v2\/types\/post"}],"author":[{"embeddable":true,"href":"https:\/\/mv-sport.de\/c\/wp-json\/wp\/v2\/users\/7"}],"replies":[{"embeddable":true,"href":"https:\/\/mv-sport.de\/c\/wp-json\/wp\/v2\/comments?post=56266"}],"version-history":[{"count":0,"href":"https:\/\/mv-sport.de\/c\/wp-json\/wp\/v2\/posts\/56266\/revisions"}],"wp:featuredmedia":[{"embeddable":true,"href":"https:\/\/mv-sport.de\/c\/wp-json\/wp\/v2\/media\/56267"}],"wp:attachment":[{"href":"https:\/\/mv-sport.de\/c\/wp-json\/wp\/v2\/media?parent=56266"}],"wp:term":[{"taxonomy":"category","embeddable":true,"href":"https:\/\/mv-sport.de\/c\/wp-json\/wp\/v2\/categories?post=56266"},{"taxonomy":"post_tag","embeddable":true,"href":"https:\/\/mv-sport.de\/c\/wp-json\/wp\/v2\/tags?post=56266"},{"taxonomy":"ort","embeddable":true,"href":"https:\/\/mv-sport.de\/c\/wp-json\/wp\/v2\/ort?post=56266"}],"curies":[{"name":"wp","href":"https:\/\/api.w.org\/{rel}","templated":true}]}}